{"id":37594,"date":"2026-04-29T12:41:45","date_gmt":"2026-04-29T09:41:45","guid":{"rendered":"https:\/\/kuzeyinsesi.org\/index.php\/2026\/04\/29\/gazimagusa-belediyesi-ile-gazimagusa-genclik-meclisi-platformu-arasinda-is-birligi-sozlesmesi-imzalandi\/"},"modified":"2026-04-29T12:41:45","modified_gmt":"2026-04-29T09:41:45","slug":"gazimagusa-belediyesi-ile-gazimagusa-genclik-meclisi-platformu-arasinda-is-birligi-sozlesmesi-imzalandi","status":"publish","type":"post","link":"https:\/\/kuzeyinsesi.org\/index.php\/2026\/04\/29\/gazimagusa-belediyesi-ile-gazimagusa-genclik-meclisi-platformu-arasinda-is-birligi-sozlesmesi-imzalandi\/","title":{"rendered":"Gazima\u011fusa Belediyesi ile Gazima\u011fusa Gen\u00e7lik Meclisi Platformu aras\u0131nda i\u015f birli\u011fi s\u00f6zle\u015fmesi imzaland\u0131"},"content":{"rendered":"<p style=\"font-weight: 300\"><span style=\"font-weight: 300 !important\">Gazima\u011fusa Belediyesi ile Gazima\u011fusa Gen\u00e7lik Meclisi Platformu aras\u0131nda gen\u00e7lerin kent ya\u015fam\u0131na ve karar alma s\u00fcre\u00e7lerine daha etkin kat\u0131l\u0131m\u0131n\u0131 sa\u011flamak amac\u0131yla i\u015f birli\u011fi s\u00f6zle\u015fmesi imzaland\u0131.<\/span><\/p>\n<p style=\"font-weight: 300\">Gazima\u011fusa Belediyesinden verilen bilgiye g\u00f6re, gen\u00e7lik dernekleri ve okul konseylerinden olu\u015fan Gazima\u011fusa Gen\u00e7lik Meclisi Platformu, imzalanan s\u00f6zle\u015fme kapsam\u0131nda \u015fehir genelinde ger\u00e7ekle\u015ftirilecek gen\u00e7lik faaliyetlerinin koordinasyonunda aktif rol \u00fcstlenecek.<\/p>\n<p style=\"font-weight: 300\">\u0130\u015f birli\u011fi ile Gazima\u011fusa\u2019da ya\u015fayan gen\u00e7lerin sosyal, k\u00fclt\u00fcrel ve kat\u0131l\u0131mc\u0131 projelerde daha g\u00f6r\u00fcn\u00fcr, daha \u00fcretken ve daha etkin \u015fekilde yer almas\u0131 hedefleniyor. Bu kapsamda kentteki t\u00fcm gen\u00e7lere ula\u015f\u0131lmas\u0131, gen\u00e7lerin ihtiya\u00e7 ve beklentilerinin do\u011frudan tespit edilmesi ve kar\u015f\u0131la\u015ft\u0131klar\u0131 sorunlara y\u00f6nelik \u00e7\u00f6z\u00fcm odakl\u0131 \u00e7al\u0131\u015fmalar geli\u015ftirilmesi ama\u00e7lan\u0131yor.<\/p>\n<p style=\"font-weight: 300\">Gazima\u011fusa Belediyesi ile Gen\u00e7lik Meclisi Platformu aras\u0131ndaki i\u015f birli\u011fi, farkl\u0131 gen\u00e7lik yap\u0131lar\u0131 aras\u0131nda koordinasyon olu\u015ftururken, kentte gen\u00e7 odakl\u0131 projelerin art\u0131r\u0131lmas\u0131na da katk\u0131 sa\u011flayacak. Gen\u00e7lerin fikirlerinin yerel y\u00f6netim s\u00fcre\u00e7lerine dahil edilmesiyle, daha kapsay\u0131c\u0131, kat\u0131l\u0131mc\u0131 ve s\u00fcrd\u00fcr\u00fclebilir bir kent y\u00f6netimi anlay\u0131\u015f\u0131n\u0131n g\u00fc\u00e7lendirilmesi \u00f6ng\u00f6r\u00fcl\u00fcyor.<\/p>\n<p style=\"font-weight: 300\">Platform, fikir \u00fcretmek, proje geli\u015ftirmek ve Gazima\u011fusa\u2019n\u0131n sosyal ya\u015fam\u0131na katk\u0131 sunmak isteyen t\u00fcm gen\u00e7leri s\u00fcrece dahil olmaya \u00e7a\u011f\u0131rd\u0131.<\/p>\n<p style=\"font-weight: 300\">Gazima\u011fusa Belediye Ba\u015fkan\u0131 S\u00fcleyman Ulu\u00e7ay imza t\u00f6reninde yapt\u0131\u011f\u0131 konu\u015fmada,\u00a0 gen\u00e7lerin yaln\u0131zca gelece\u011fin de\u011fil, bug\u00fcn\u00fcn de aktif payda\u015flar\u0131 oldu\u011fu anlay\u0131\u015f\u0131yla, gen\u00e7lerin enerjisini, fikirlerini ve \u00fcretkenli\u011fini kent ya\u015fam\u0131na daha g\u00fc\u00e7l\u00fc \u015fekilde yans\u0131tacak \u00e7al\u0131\u015fmalar\u0131 desteklemeye devam edece\u011fini vurgulad\u0131.<\/p>\n","protected":false},"excerpt":{"rendered":"<p>Gazima\u011fusa Belediyesi ile Gazima\u011fusa Gen\u00e7lik Meclisi Platformu aras\u0131nda gen\u00e7lerin kent ya\u015fam\u0131na ve karar alma s\u00fcre\u00e7lerine daha etkin kat\u0131l\u0131m\u0131n\u0131 sa\u011flamak amac\u0131yla i\u015f birli\u011fi s\u00f6zle\u015fmesi imzaland\u0131. Gazima\u011fusa Belediyesinden verilen bilgiye g\u00f6re, gen\u00e7lik dernekleri ve okul konseylerinden olu\u015fan Gazima\u011fusa Gen\u00e7lik Meclisi Platformu, imzalanan s\u00f6zle\u015fme kapsam\u0131nda \u015fehir genelinde ger\u00e7ekle\u015ftirilecek gen\u00e7lik faaliyetlerinin koordinasyonunda aktif rol \u00fcstlenecek. \u0130\u015f birli\u011fi ile Gazima\u011fusa\u2019da [&hellip;]<\/p>\n","protected":false},"author":1,"featured_media":37595,"comment_status":"open","ping_status":"open","sticky":false,"template":"","format":"standard","meta":{"jnews-multi-image_gallery":[],"jnews_single_post":[],"jnews_primary_category":[],"jnews_social_meta":[],"jnews_override_counter":[],"footnotes":""},"categories":[1],"tags":[],"class_list":["post-37594","post","type-post","status-publish","format-standard","has-post-thumbnail","hentry","category-kibris"],"yoast_head":"<!-- This site is optimized with the Yoast SEO plugin v27.5 - https:\/\/yoast.com\/product\/yoast-seo-wordpress\/ -->\n<title>Gazima\u011fusa Belediyesi ile Gazima\u011fusa Gen\u00e7lik Meclisi Platformu aras\u0131nda i\u015f birli\u011fi s\u00f6zle\u015fmesi imzaland\u0131 - Kuzeyin Sesi<\/title>\n<meta name=\"robots\" content=\"index, follow, max-snippet:-1, max-image-preview:large, max-video-preview:-1\" \/>\n<link rel=\"canonical\" href=\"https:\/\/kuzeyinsesi.org\/index.php\/2026\/04\/29\/gazimagusa-belediyesi-ile-gazimagusa-genclik-meclisi-platformu-arasinda-is-birligi-sozlesmesi-imzalandi\/\" \/>\n<meta property=\"og:locale\" content=\"tr_TR\" \/>\n<meta property=\"og:type\" content=\"article\" \/>\n<meta property=\"og:title\" content=\"Gazima\u011fusa Belediyesi ile Gazima\u011fusa Gen\u00e7lik Meclisi Platformu aras\u0131nda i\u015f birli\u011fi s\u00f6zle\u015fmesi imzaland\u0131 - Kuzeyin Sesi\" \/>\n<meta property=\"og:description\" content=\"Gazima\u011fusa Belediyesi ile Gazima\u011fusa Gen\u00e7lik Meclisi Platformu aras\u0131nda gen\u00e7lerin kent ya\u015fam\u0131na ve karar alma s\u00fcre\u00e7lerine daha etkin kat\u0131l\u0131m\u0131n\u0131 sa\u011flamak amac\u0131yla i\u015f birli\u011fi s\u00f6zle\u015fmesi imzaland\u0131. Gazima\u011fusa Belediyesinden verilen bilgiye g\u00f6re, gen\u00e7lik dernekleri ve okul konseylerinden olu\u015fan Gazima\u011fusa Gen\u00e7lik Meclisi Platformu, imzalanan s\u00f6zle\u015fme kapsam\u0131nda \u015fehir genelinde ger\u00e7ekle\u015ftirilecek gen\u00e7lik faaliyetlerinin koordinasyonunda aktif rol \u00fcstlenecek. \u0130\u015f birli\u011fi ile Gazima\u011fusa\u2019da [&hellip;]\" \/>\n<meta property=\"og:url\" content=\"https:\/\/kuzeyinsesi.org\/index.php\/2026\/04\/29\/gazimagusa-belediyesi-ile-gazimagusa-genclik-meclisi-platformu-arasinda-is-birligi-sozlesmesi-imzalandi\/\" \/>\n<meta property=\"og:site_name\" content=\"Kuzeyin Sesi\" \/>\n<meta property=\"article:publisher\" content=\"https:\/\/www.facebook.com\/kuzeyinsesii\" \/>\n<meta property=\"article:published_time\" content=\"2026-04-29T09:41:45+00:00\" \/>\n<meta name=\"author\" content=\"Kuzeyin Sesi\" \/>\n<meta name=\"twitter:card\" content=\"summary_large_image\" \/>\n<meta name=\"twitter:creator\" content=\"@kuzeyinsesii\" \/>\n<meta name=\"twitter:site\" content=\"@kuzeyinsesii\" \/>\n<meta name=\"twitter:label1\" content=\"Yazan:\" \/>\n\t<meta name=\"twitter:data1\" content=\"Kuzeyin Sesi\" \/>\n\t<meta name=\"twitter:label2\" content=\"Tahmini okuma s\u00fcresi\" \/>\n\t<meta name=\"twitter:data2\" content=\"2 dakika\" \/>\n<script type=\"application\/ld+json\" class=\"yoast-schema-graph\">{\"@context\":\"https:\\\/\\\/schema.org\",\"@graph\":[{\"@type\":\"Article\",\"@id\":\"https:\\\/\\\/kuzeyinsesi.org\\\/index.php\\\/2026\\\/04\\\/29\\\/gazimagusa-belediyesi-ile-gazimagusa-genclik-meclisi-platformu-arasinda-is-birligi-sozlesmesi-imzalandi\\\/#article\",\"isPartOf\":{\"@id\":\"https:\\\/\\\/kuzeyinsesi.org\\\/index.php\\\/2026\\\/04\\\/29\\\/gazimagusa-belediyesi-ile-gazimagusa-genclik-meclisi-platformu-arasinda-is-birligi-sozlesmesi-imzalandi\\\/\"},\"author\":{\"name\":\"Kuzeyin Sesi\",\"@id\":\"https:\\\/\\\/kuzeyinsesi.org\\\/#\\\/schema\\\/person\\\/9f859689cdf01485597712386e37f5aa\"},\"headline\":\"Gazima\u011fusa Belediyesi ile Gazima\u011fusa Gen\u00e7lik Meclisi Platformu aras\u0131nda i\u015f birli\u011fi s\u00f6zle\u015fmesi imzaland\u0131\",\"datePublished\":\"2026-04-29T09:41:45+00:00\",\"mainEntityOfPage\":{\"@id\":\"https:\\\/\\\/kuzeyinsesi.org\\\/index.php\\\/2026\\\/04\\\/29\\\/gazimagusa-belediyesi-ile-gazimagusa-genclik-meclisi-platformu-arasinda-is-birligi-sozlesmesi-imzalandi\\\/\"},\"wordCount\":324,\"commentCount\":0,\"image\":{\"@id\":\"https:\\\/\\\/kuzeyinsesi.org\\\/index.php\\\/2026\\\/04\\\/29\\\/gazimagusa-belediyesi-ile-gazimagusa-genclik-meclisi-platformu-arasinda-is-birligi-sozlesmesi-imzalandi\\\/#primaryimage\"},\"thumbnailUrl\":\"https:\\\/\\\/kuzeyinsesi.org\\\/wp-content\\\/uploads\\\/2026\\\/04\\\/magusa.jpeg\",\"articleSection\":[\"K\u0131br\u0131s\"],\"inLanguage\":\"tr\",\"potentialAction\":[{\"@type\":\"CommentAction\",\"name\":\"Comment\",\"target\":[\"https:\\\/\\\/kuzeyinsesi.org\\\/index.php\\\/2026\\\/04\\\/29\\\/gazimagusa-belediyesi-ile-gazimagusa-genclik-meclisi-platformu-arasinda-is-birligi-sozlesmesi-imzalandi\\\/#respond\"]}]},{\"@type\":\"WebPage\",\"@id\":\"https:\\\/\\\/kuzeyinsesi.org\\\/index.php\\\/2026\\\/04\\\/29\\\/gazimagusa-belediyesi-ile-gazimagusa-genclik-meclisi-platformu-arasinda-is-birligi-sozlesmesi-imzalandi\\\/\",\"url\":\"https:\\\/\\\/kuzeyinsesi.org\\\/index.php\\\/2026\\\/04\\\/29\\\/gazimagusa-belediyesi-ile-gazimagusa-genclik-meclisi-platformu-arasinda-is-birligi-sozlesmesi-imzalandi\\\/\",\"name\":\"Gazima\u011fusa Belediyesi ile Gazima\u011fusa Gen\u00e7lik Meclisi Platformu aras\u0131nda i\u015f birli\u011fi s\u00f6zle\u015fmesi imzaland\u0131 - Kuzeyin Sesi\",\"isPartOf\":{\"@id\":\"https:\\\/\\\/kuzeyinsesi.org\\\/#website\"},\"primaryImageOfPage\":{\"@id\":\"https:\\\/\\\/kuzeyinsesi.org\\\/index.php\\\/2026\\\/04\\\/29\\\/gazimagusa-belediyesi-ile-gazimagusa-genclik-meclisi-platformu-arasinda-is-birligi-sozlesmesi-imzalandi\\\/#primaryimage\"},\"image\":{\"@id\":\"https:\\\/\\\/kuzeyinsesi.org\\\/index.php\\\/2026\\\/04\\\/29\\\/gazimagusa-belediyesi-ile-gazimagusa-genclik-meclisi-platformu-arasinda-is-birligi-sozlesmesi-imzalandi\\\/#primaryimage\"},\"thumbnailUrl\":\"https:\\\/\\\/kuzeyinsesi.org\\\/wp-content\\\/uploads\\\/2026\\\/04\\\/magusa.jpeg\",\"datePublished\":\"2026-04-29T09:41:45+00:00\",\"author\":{\"@id\":\"https:\\\/\\\/kuzeyinsesi.org\\\/#\\\/schema\\\/person\\\/9f859689cdf01485597712386e37f5aa\"},\"breadcrumb\":{\"@id\":\"https:\\\/\\\/kuzeyinsesi.org\\\/index.php\\\/2026\\\/04\\\/29\\\/gazimagusa-belediyesi-ile-gazimagusa-genclik-meclisi-platformu-arasinda-is-birligi-sozlesmesi-imzalandi\\\/#breadcrumb\"},\"inLanguage\":\"tr\",\"potentialAction\":[{\"@type\":\"ReadAction\",\"target\":[\"https:\\\/\\\/kuzeyinsesi.org\\\/index.php\\\/2026\\\/04\\\/29\\\/gazimagusa-belediyesi-ile-gazimagusa-genclik-meclisi-platformu-arasinda-is-birligi-sozlesmesi-imzalandi\\\/\"]}]},{\"@type\":\"ImageObject\",\"inLanguage\":\"tr\",\"@id\":\"https:\\\/\\\/kuzeyinsesi.org\\\/index.php\\\/2026\\\/04\\\/29\\\/gazimagusa-belediyesi-ile-gazimagusa-genclik-meclisi-platformu-arasinda-is-birligi-sozlesmesi-imzalandi\\\/#primaryimage\",\"url\":\"https:\\\/\\\/kuzeyinsesi.org\\\/wp-content\\\/uploads\\\/2026\\\/04\\\/magusa.jpeg\",\"contentUrl\":\"https:\\\/\\\/kuzeyinsesi.org\\\/wp-content\\\/uploads\\\/2026\\\/04\\\/magusa.jpeg\",\"width\":2048,\"height\":1536},{\"@type\":\"BreadcrumbList\",\"@id\":\"https:\\\/\\\/kuzeyinsesi.org\\\/index.php\\\/2026\\\/04\\\/29\\\/gazimagusa-belediyesi-ile-gazimagusa-genclik-meclisi-platformu-arasinda-is-birligi-sozlesmesi-imzalandi\\\/#breadcrumb\",\"itemListElement\":[{\"@type\":\"ListItem\",\"position\":1,\"name\":\"Anasayfa\",\"item\":\"https:\\\/\\\/kuzeyinsesi.org\\\/\"},{\"@type\":\"ListItem\",\"position\":2,\"name\":\"Gazima\u011fusa Belediyesi ile Gazima\u011fusa Gen\u00e7lik Meclisi Platformu aras\u0131nda i\u015f birli\u011fi s\u00f6zle\u015fmesi imzaland\u0131\"}]},{\"@type\":\"WebSite\",\"@id\":\"https:\\\/\\\/kuzeyinsesi.org\\\/#website\",\"url\":\"https:\\\/\\\/kuzeyinsesi.org\\\/\",\"name\":\"Kuzeyin Sesi\",\"description\":\"Do\u011fru Haberin Adresi\",\"potentialAction\":[{\"@type\":\"SearchAction\",\"target\":{\"@type\":\"EntryPoint\",\"urlTemplate\":\"https:\\\/\\\/kuzeyinsesi.org\\\/?s={search_term_string}\"},\"query-input\":{\"@type\":\"PropertyValueSpecification\",\"valueRequired\":true,\"valueName\":\"search_term_string\"}}],\"inLanguage\":\"tr\"},{\"@type\":\"Person\",\"@id\":\"https:\\\/\\\/kuzeyinsesi.org\\\/#\\\/schema\\\/person\\\/9f859689cdf01485597712386e37f5aa\",\"name\":\"Kuzeyin Sesi\",\"image\":{\"@type\":\"ImageObject\",\"inLanguage\":\"tr\",\"@id\":\"https:\\\/\\\/secure.gravatar.com\\\/avatar\\\/bab33852abfd8b282518d6ed81826833d77c3c882d9ab608add591ccace47a44?s=96&d=mm&r=g\",\"url\":\"https:\\\/\\\/secure.gravatar.com\\\/avatar\\\/bab33852abfd8b282518d6ed81826833d77c3c882d9ab608add591ccace47a44?s=96&d=mm&r=g\",\"contentUrl\":\"https:\\\/\\\/secure.gravatar.com\\\/avatar\\\/bab33852abfd8b282518d6ed81826833d77c3c882d9ab608add591ccace47a44?s=96&d=mm&r=g\",\"caption\":\"Kuzeyin Sesi\"},\"sameAs\":[\"https:\\\/\\\/kuzeyinsesi.org\"],\"url\":\"https:\\\/\\\/kuzeyinsesi.org\\\/index.php\\\/author\\\/guven\\\/\"}]}<\/script>\n<!-- \/ Yoast SEO plugin. -->","yoast_head_json":{"title":"Gazima\u011fusa Belediyesi ile Gazima\u011fusa Gen\u00e7lik Meclisi Platformu aras\u0131nda i\u015f birli\u011fi s\u00f6zle\u015fmesi imzaland\u0131 - Kuzeyin Sesi","robots":{"index":"index","follow":"follow","max-snippet":"max-snippet:-1","max-image-preview":"max-image-preview:large","max-video-preview":"max-video-preview:-1"},"canonical":"https:\/\/kuzeyinsesi.org\/index.php\/2026\/04\/29\/gazimagusa-belediyesi-ile-gazimagusa-genclik-meclisi-platformu-arasinda-is-birligi-sozlesmesi-imzalandi\/","og_locale":"tr_TR","og_type":"article","og_title":"Gazima\u011fusa Belediyesi ile Gazima\u011fusa Gen\u00e7lik Meclisi Platformu aras\u0131nda i\u015f birli\u011fi s\u00f6zle\u015fmesi imzaland\u0131 - Kuzeyin Sesi","og_description":"Gazima\u011fusa Belediyesi ile Gazima\u011fusa Gen\u00e7lik Meclisi Platformu aras\u0131nda gen\u00e7lerin kent ya\u015fam\u0131na ve karar alma s\u00fcre\u00e7lerine daha etkin kat\u0131l\u0131m\u0131n\u0131 sa\u011flamak amac\u0131yla i\u015f birli\u011fi s\u00f6zle\u015fmesi imzaland\u0131. Gazima\u011fusa Belediyesinden verilen bilgiye g\u00f6re, gen\u00e7lik dernekleri ve okul konseylerinden olu\u015fan Gazima\u011fusa Gen\u00e7lik Meclisi Platformu, imzalanan s\u00f6zle\u015fme kapsam\u0131nda \u015fehir genelinde ger\u00e7ekle\u015ftirilecek gen\u00e7lik faaliyetlerinin koordinasyonunda aktif rol \u00fcstlenecek. \u0130\u015f birli\u011fi ile Gazima\u011fusa\u2019da [&hellip;]","og_url":"https:\/\/kuzeyinsesi.org\/index.php\/2026\/04\/29\/gazimagusa-belediyesi-ile-gazimagusa-genclik-meclisi-platformu-arasinda-is-birligi-sozlesmesi-imzalandi\/","og_site_name":"Kuzeyin Sesi","article_publisher":"https:\/\/www.facebook.com\/kuzeyinsesii","article_published_time":"2026-04-29T09:41:45+00:00","author":"Kuzeyin Sesi","twitter_card":"summary_large_image","twitter_creator":"@kuzeyinsesii","twitter_site":"@kuzeyinsesii","twitter_misc":{"Yazan:":"Kuzeyin Sesi","Tahmini okuma s\u00fcresi":"2 dakika"},"schema":{"@context":"https:\/\/schema.org","@graph":[{"@type":"Article","@id":"https:\/\/kuzeyinsesi.org\/index.php\/2026\/04\/29\/gazimagusa-belediyesi-ile-gazimagusa-genclik-meclisi-platformu-arasinda-is-birligi-sozlesmesi-imzalandi\/#article","isPartOf":{"@id":"https:\/\/kuzeyinsesi.org\/index.php\/2026\/04\/29\/gazimagusa-belediyesi-ile-gazimagusa-genclik-meclisi-platformu-arasinda-is-birligi-sozlesmesi-imzalandi\/"},"author":{"name":"Kuzeyin Sesi","@id":"https:\/\/kuzeyinsesi.org\/#\/schema\/person\/9f859689cdf01485597712386e37f5aa"},"headline":"Gazima\u011fusa Belediyesi ile Gazima\u011fusa Gen\u00e7lik Meclisi Platformu aras\u0131nda i\u015f birli\u011fi s\u00f6zle\u015fmesi imzaland\u0131","datePublished":"2026-04-29T09:41:45+00:00","mainEntityOfPage":{"@id":"https:\/\/kuzeyinsesi.org\/index.php\/2026\/04\/29\/gazimagusa-belediyesi-ile-gazimagusa-genclik-meclisi-platformu-arasinda-is-birligi-sozlesmesi-imzalandi\/"},"wordCount":324,"commentCount":0,"image":{"@id":"https:\/\/kuzeyinsesi.org\/index.php\/2026\/04\/29\/gazimagusa-belediyesi-ile-gazimagusa-genclik-meclisi-platformu-arasinda-is-birligi-sozlesmesi-imzalandi\/#primaryimage"},"thumbnailUrl":"https:\/\/kuzeyinsesi.org\/wp-content\/uploads\/2026\/04\/magusa.jpeg","articleSection":["K\u0131br\u0131s"],"inLanguage":"tr","potentialAction":[{"@type":"CommentAction","name":"Comment","target":["https:\/\/kuzeyinsesi.org\/index.php\/2026\/04\/29\/gazimagusa-belediyesi-ile-gazimagusa-genclik-meclisi-platformu-arasinda-is-birligi-sozlesmesi-imzalandi\/#respond"]}]},{"@type":"WebPage","@id":"https:\/\/kuzeyinsesi.org\/index.php\/2026\/04\/29\/gazimagusa-belediyesi-ile-gazimagusa-genclik-meclisi-platformu-arasinda-is-birligi-sozlesmesi-imzalandi\/","url":"https:\/\/kuzeyinsesi.org\/index.php\/2026\/04\/29\/gazimagusa-belediyesi-ile-gazimagusa-genclik-meclisi-platformu-arasinda-is-birligi-sozlesmesi-imzalandi\/","name":"Gazima\u011fusa Belediyesi ile Gazima\u011fusa Gen\u00e7lik Meclisi Platformu aras\u0131nda i\u015f birli\u011fi s\u00f6zle\u015fmesi imzaland\u0131 - Kuzeyin Sesi","isPartOf":{"@id":"https:\/\/kuzeyinsesi.org\/#website"},"primaryImageOfPage":{"@id":"https:\/\/kuzeyinsesi.org\/index.php\/2026\/04\/29\/gazimagusa-belediyesi-ile-gazimagusa-genclik-meclisi-platformu-arasinda-is-birligi-sozlesmesi-imzalandi\/#primaryimage"},"image":{"@id":"https:\/\/kuzeyinsesi.org\/index.php\/2026\/04\/29\/gazimagusa-belediyesi-ile-gazimagusa-genclik-meclisi-platformu-arasinda-is-birligi-sozlesmesi-imzalandi\/#primaryimage"},"thumbnailUrl":"https:\/\/kuzeyinsesi.org\/wp-content\/uploads\/2026\/04\/magusa.jpeg","datePublished":"2026-04-29T09:41:45+00:00","author":{"@id":"https:\/\/kuzeyinsesi.org\/#\/schema\/person\/9f859689cdf01485597712386e37f5aa"},"breadcrumb":{"@id":"https:\/\/kuzeyinsesi.org\/index.php\/2026\/04\/29\/gazimagusa-belediyesi-ile-gazimagusa-genclik-meclisi-platformu-arasinda-is-birligi-sozlesmesi-imzalandi\/#breadcrumb"},"inLanguage":"tr","potentialAction":[{"@type":"ReadAction","target":["https:\/\/kuzeyinsesi.org\/index.php\/2026\/04\/29\/gazimagusa-belediyesi-ile-gazimagusa-genclik-meclisi-platformu-arasinda-is-birligi-sozlesmesi-imzalandi\/"]}]},{"@type":"ImageObject","inLanguage":"tr","@id":"https:\/\/kuzeyinsesi.org\/index.php\/2026\/04\/29\/gazimagusa-belediyesi-ile-gazimagusa-genclik-meclisi-platformu-arasinda-is-birligi-sozlesmesi-imzalandi\/#primaryimage","url":"https:\/\/kuzeyinsesi.org\/wp-content\/uploads\/2026\/04\/magusa.jpeg","contentUrl":"https:\/\/kuzeyinsesi.org\/wp-content\/uploads\/2026\/04\/magusa.jpeg","width":2048,"height":1536},{"@type":"BreadcrumbList","@id":"https:\/\/kuzeyinsesi.org\/index.php\/2026\/04\/29\/gazimagusa-belediyesi-ile-gazimagusa-genclik-meclisi-platformu-arasinda-is-birligi-sozlesmesi-imzalandi\/#breadcrumb","itemListElement":[{"@type":"ListItem","position":1,"name":"Anasayfa","item":"https:\/\/kuzeyinsesi.org\/"},{"@type":"ListItem","position":2,"name":"Gazima\u011fusa Belediyesi ile Gazima\u011fusa Gen\u00e7lik Meclisi Platformu aras\u0131nda i\u015f birli\u011fi s\u00f6zle\u015fmesi imzaland\u0131"}]},{"@type":"WebSite","@id":"https:\/\/kuzeyinsesi.org\/#website","url":"https:\/\/kuzeyinsesi.org\/","name":"Kuzeyin Sesi","description":"Do\u011fru Haberin Adresi","potentialAction":[{"@type":"SearchAction","target":{"@type":"EntryPoint","urlTemplate":"https:\/\/kuzeyinsesi.org\/?s={search_term_string}"},"query-input":{"@type":"PropertyValueSpecification","valueRequired":true,"valueName":"search_term_string"}}],"inLanguage":"tr"},{"@type":"Person","@id":"https:\/\/kuzeyinsesi.org\/#\/schema\/person\/9f859689cdf01485597712386e37f5aa","name":"Kuzeyin Sesi","image":{"@type":"ImageObject","inLanguage":"tr","@id":"https:\/\/secure.gravatar.com\/avatar\/bab33852abfd8b282518d6ed81826833d77c3c882d9ab608add591ccace47a44?s=96&d=mm&r=g","url":"https:\/\/secure.gravatar.com\/avatar\/bab33852abfd8b282518d6ed81826833d77c3c882d9ab608add591ccace47a44?s=96&d=mm&r=g","contentUrl":"https:\/\/secure.gravatar.com\/avatar\/bab33852abfd8b282518d6ed81826833d77c3c882d9ab608add591ccace47a44?s=96&d=mm&r=g","caption":"Kuzeyin Sesi"},"sameAs":["https:\/\/kuzeyinsesi.org"],"url":"https:\/\/kuzeyinsesi.org\/index.php\/author\/guven\/"}]}},"_links":{"self":[{"href":"https:\/\/kuzeyinsesi.org\/index.php\/wp-json\/wp\/v2\/posts\/37594","targetHints":{"allow":["GET"]}}],"collection":[{"href":"https:\/\/kuzeyinsesi.org\/index.php\/wp-json\/wp\/v2\/posts"}],"about":[{"href":"https:\/\/kuzeyinsesi.org\/index.php\/wp-json\/wp\/v2\/types\/post"}],"author":[{"embeddable":true,"href":"https:\/\/kuzeyinsesi.org\/index.php\/wp-json\/wp\/v2\/users\/1"}],"replies":[{"embeddable":true,"href":"https:\/\/kuzeyinsesi.org\/index.php\/wp-json\/wp\/v2\/comments?post=37594"}],"version-history":[{"count":0,"href":"https:\/\/kuzeyinsesi.org\/index.php\/wp-json\/wp\/v2\/posts\/37594\/revisions"}],"wp:featuredmedia":[{"embeddable":true,"href":"https:\/\/kuzeyinsesi.org\/index.php\/wp-json\/wp\/v2\/media\/37595"}],"wp:attachment":[{"href":"https:\/\/kuzeyinsesi.org\/index.php\/wp-json\/wp\/v2\/media?parent=37594"}],"wp:term":[{"taxonomy":"category","embeddable":true,"href":"https:\/\/kuzeyinsesi.org\/index.php\/wp-json\/wp\/v2\/categories?post=37594"},{"taxonomy":"post_tag","embeddable":true,"href":"https:\/\/kuzeyinsesi.org\/index.php\/wp-json\/wp\/v2\/tags?post=37594"}],"curies":[{"name":"wp","href":"https:\/\/api.w.org\/{rel}","templated":true}]}}