{"id":37585,"date":"2026-04-29T12:10:29","date_gmt":"2026-04-29T09:10:29","guid":{"rendered":"https:\/\/kuzeyinsesi.org\/index.php\/2026\/04\/29\/ab-bilgi-merkezi-lefkosa-dr-suat-gunsel-ilkokulunda-agac-dikim-etkinligi-duzenledi\/"},"modified":"2026-04-29T12:10:29","modified_gmt":"2026-04-29T09:10:29","slug":"ab-bilgi-merkezi-lefkosa-dr-suat-gunsel-ilkokulunda-agac-dikim-etkinligi-duzenledi","status":"publish","type":"post","link":"https:\/\/kuzeyinsesi.org\/index.php\/2026\/04\/29\/ab-bilgi-merkezi-lefkosa-dr-suat-gunsel-ilkokulunda-agac-dikim-etkinligi-duzenledi\/","title":{"rendered":"AB Bilgi Merkezi, Lefko\u015fa Dr. Suat G\u00fcnsel \u0130lkokulu\u2019nda a\u011fa\u00e7 dikim etkinli\u011fi d\u00fczenledi"},"content":{"rendered":"<p style=\"font-weight: 300\"><span style=\"font-weight: 300 !important\">Avrupa Birli\u011fi Bilgi Merkezi, \u201cAB\u2019nin Ye\u015fil Vizyonu Kampanyas\u0131\u201d kapsam\u0131nda Lefko\u015fa Dr. Suat G\u00fcnsel \u0130lkokulu\u2019nda a\u011fa\u00e7 dikim etkinli\u011fi d\u00fczenledi.\u00a0<\/span><\/p>\n<p style=\"font-weight: 300\"><span style=\"font-weight: 300 !important\">Bu \u00e7er\u00e7evede, \u00f6\u011frenciler taraf\u0131ndan okul bah\u00e7esine zeytin fidanlar\u0131 dikildi.<\/span><\/p>\n<p style=\"font-weight: 300\"><span style=\"font-weight: 300 !important\">AB Bilgi Merkezi, \u201cAB\u2019nin Ye\u015fil Vizyonu Kampanyas\u0131\u201d kapsam\u0131nda, toplam yedi okulda a\u011fa\u00e7 dikim etkinli\u011fi d\u00fczenlemeyi hedefliyor.<\/span><\/p>\n<p style=\"font-weight: 300\"><span style=\"font-weight: 300 !important\">Lefko\u015fa Dr. Suat G\u00fcnsel \u0130lkokulu\u2019ndaki etkinli\u011fe, Avrupa Komisyonu K\u0131br\u0131s \u00c7\u00f6z\u00fcm Destek Birimi \u0130\u015f Birli\u011fi M\u00fcd\u00fcr\u00fc Stefan Simosas, Ba\u015fbakanl\u0131k AB Koordinasyon Merkezi Ba\u015fkan\u0131 Sel\u00e7uk Y\u00f6r\u00fcko\u011flular\u0131, Orman M\u00fchendisi Ahmet \u0130yig\u00fcn, Dr. Suat G\u00fcnsel \u0130lkokulu M\u00fcd\u00fcr\u00fc Selim \u00d6zmenek, \u00f6\u011fretmenler ve \u00f6\u011frenciler kat\u0131ld\u0131.<\/span><\/p>\n<p style=\"font-weight: 300\"><span style=\"font-weight: 300 !important\">&#8211; Simosas<\/span><\/p>\n<p style=\"font-weight: 300\"><span style=\"font-weight: 300 !important\">Etkinlikte konu\u015fan Avrupa Komisyonu K\u0131br\u0131s \u00c7\u00f6z\u00fcm Destek Birimi \u0130\u015f Birli\u011fi M\u00fcd\u00fcr\u00fc Stefan Simosas, \u00e7<\/span><span style=\"font-weight: 300 !important\">evre ve gelecek a\u00e7\u0131s\u0131ndan etkinli\u011fin \u00f6nemine vurgu yapt\u0131.<\/span><\/p>\n<p style=\"font-weight: 300\"><span style=\"font-weight: 300 !important\">Okul bah\u00e7esine dikilecek a\u011fa\u00e7lar\u0131n daha g\u00fczel bir ortam a\u00e7\u0131s\u0131ndan da \u00e7ok \u00f6nemli oldu\u011funu ifade eden\u00a0<\/span><span style=\"font-weight: 300 !important\">Simosas, \u00f6\u011frencilerden a\u011fa\u00e7lara bakma s\u00f6z\u00fc alarak konu\u015fmas\u0131na son verdi.<\/span><\/p>\n<p style=\"font-weight: 300\"><span style=\"font-weight: 300 !important\">&#8211; \u00d6zmenek<\/span><\/p>\n<p style=\"font-weight: 300\"><span style=\"font-weight: 300 !important\">Lefko\u015fa Dr. Suat G\u00fcnsel \u0130lkokulu M\u00fcd\u00fcr\u00fc Selim \u00d6zmenek ise, \u201cBug\u00fcn burada sadece bir fidan\u0131 toprakla bulu\u015fturmak i\u00e7in de\u011fil, asl\u0131nda gelece\u011fimizi k\u00f6kleriyle birlikte g\u00fc\u00e7lendirmek i\u00e7in bir araya gelmi\u015f bulunuyoruz.\u201d dedi.<\/span><\/p>\n<p style=\"font-weight: 300\"><span style=\"font-weight: 300 !important\">\u201cDo\u011fa bize emanet de\u011fil, biz do\u011faya emanetiz.\u201d diyen \u00d6zmenek, bug\u00fcn a\u011fa\u00e7 dikerek at\u0131lacak ad\u0131m\u0131n yar\u0131n\u0131n nefesi olaca\u011f\u0131n\u0131 s\u00f6yledi.<\/span><\/p>\n<p style=\"font-weight: 300\"><span style=\"font-weight: 300 !important\">Bir \u00e7ocu\u011fun do\u011faya de\u011fen elinin gelece\u011fe umut oldu\u011funu kaydeden \u00d6zmenek, organizasyonda eme\u011fi ge\u00e7enlere te\u015fekk\u00fcr etti.<\/span><\/p>\n<p style=\"font-weight: 300\"><span style=\"font-weight: 300 !important\">\u00d6zmenek, konu\u015fmas\u0131n\u0131n ard\u0131ndan, K\u0131br\u0131s \u00c7\u00f6z\u00fcm Destek Birimi \u0130\u015f Birli\u011fi M\u00fcd\u00fcr\u00fc Stefan Simosas ile Ba\u015fbakanl\u0131k AB Koordinasyon Merkezi Ba\u015fkan\u0131 Sel\u00e7uk Y\u00f6r\u00fcko\u011flular\u0131\u2019na \u00e7i\u00e7ek takdim ederek te\u015fekk\u00fcr etti.<\/span><\/p>\n<p style=\"font-weight: 300\"><span style=\"font-weight: 300 !important\">-\u0130yig\u00fcn<\/span><\/p>\n<p style=\"font-weight: 300\"><span style=\"font-weight: 300 !important\">Etkinlikte s\u00f6z alan Orman M\u00fchendisi Ahmet \u0130yig\u00fcn ise, organizasyona katk\u0131 koyanlara te\u015fekk\u00fcr ederek, \u00e7ocuklar\u0131 a\u011fa\u00e7land\u0131rmayla ilgili bilgilendirdi.<\/span><\/p>\n<p style=\"font-weight: 300\"><span style=\"font-weight: 300 !important\">Etkinlik, \u00e7ocuklar\u0131n okul bah\u00e7esine zeytin fidanlar\u0131n\u0131 dikmesiyle sona erdi.<\/span><\/p>\n","protected":false},"excerpt":{"rendered":"<p>Avrupa Birli\u011fi Bilgi Merkezi, \u201cAB\u2019nin Ye\u015fil Vizyonu Kampanyas\u0131\u201d kapsam\u0131nda Lefko\u015fa Dr. Suat G\u00fcnsel \u0130lkokulu\u2019nda a\u011fa\u00e7 dikim etkinli\u011fi d\u00fczenledi.\u00a0 Bu \u00e7er\u00e7evede, \u00f6\u011frenciler taraf\u0131ndan okul bah\u00e7esine zeytin fidanlar\u0131 dikildi. AB Bilgi Merkezi, \u201cAB\u2019nin Ye\u015fil Vizyonu Kampanyas\u0131\u201d kapsam\u0131nda, toplam yedi okulda a\u011fa\u00e7 dikim etkinli\u011fi d\u00fczenlemeyi hedefliyor. Lefko\u015fa Dr. Suat G\u00fcnsel \u0130lkokulu\u2019ndaki etkinli\u011fe, Avrupa Komisyonu K\u0131br\u0131s \u00c7\u00f6z\u00fcm Destek Birimi [&hellip;]<\/p>\n","protected":false},"author":1,"featured_media":37586,"comment_status":"open","ping_status":"open","sticky":false,"template":"","format":"standard","meta":{"jnews-multi-image_gallery":[],"jnews_single_post":[],"jnews_primary_category":[],"jnews_social_meta":[],"jnews_override_counter":[],"footnotes":""},"categories":[1],"tags":[],"class_list":["post-37585","post","type-post","status-publish","format-standard","has-post-thumbnail","hentry","category-kibris"],"yoast_head":"<!-- This site is optimized with the Yoast SEO plugin v27.5 - https:\/\/yoast.com\/product\/yoast-seo-wordpress\/ -->\n<title>AB Bilgi Merkezi, Lefko\u015fa Dr. Suat G\u00fcnsel \u0130lkokulu\u2019nda a\u011fa\u00e7 dikim etkinli\u011fi d\u00fczenledi - Kuzeyin Sesi<\/title>\n<meta name=\"robots\" content=\"index, follow, max-snippet:-1, max-image-preview:large, max-video-preview:-1\" \/>\n<link rel=\"canonical\" href=\"https:\/\/kuzeyinsesi.org\/index.php\/2026\/04\/29\/ab-bilgi-merkezi-lefkosa-dr-suat-gunsel-ilkokulunda-agac-dikim-etkinligi-duzenledi\/\" \/>\n<meta property=\"og:locale\" content=\"tr_TR\" \/>\n<meta property=\"og:type\" content=\"article\" \/>\n<meta property=\"og:title\" content=\"AB Bilgi Merkezi, Lefko\u015fa Dr. Suat G\u00fcnsel \u0130lkokulu\u2019nda a\u011fa\u00e7 dikim etkinli\u011fi d\u00fczenledi - Kuzeyin Sesi\" \/>\n<meta property=\"og:description\" content=\"Avrupa Birli\u011fi Bilgi Merkezi, \u201cAB\u2019nin Ye\u015fil Vizyonu Kampanyas\u0131\u201d kapsam\u0131nda Lefko\u015fa Dr. Suat G\u00fcnsel \u0130lkokulu\u2019nda a\u011fa\u00e7 dikim etkinli\u011fi d\u00fczenledi.\u00a0 Bu \u00e7er\u00e7evede, \u00f6\u011frenciler taraf\u0131ndan okul bah\u00e7esine zeytin fidanlar\u0131 dikildi. AB Bilgi Merkezi, \u201cAB\u2019nin Ye\u015fil Vizyonu Kampanyas\u0131\u201d kapsam\u0131nda, toplam yedi okulda a\u011fa\u00e7 dikim etkinli\u011fi d\u00fczenlemeyi hedefliyor. Lefko\u015fa Dr. Suat G\u00fcnsel \u0130lkokulu\u2019ndaki etkinli\u011fe, Avrupa Komisyonu K\u0131br\u0131s \u00c7\u00f6z\u00fcm Destek Birimi [&hellip;]\" \/>\n<meta property=\"og:url\" content=\"https:\/\/kuzeyinsesi.org\/index.php\/2026\/04\/29\/ab-bilgi-merkezi-lefkosa-dr-suat-gunsel-ilkokulunda-agac-dikim-etkinligi-duzenledi\/\" \/>\n<meta property=\"og:site_name\" content=\"Kuzeyin Sesi\" \/>\n<meta property=\"article:publisher\" content=\"https:\/\/www.facebook.com\/kuzeyinsesii\" \/>\n<meta property=\"article:published_time\" content=\"2026-04-29T09:10:29+00:00\" \/>\n<meta name=\"author\" content=\"Kuzeyin Sesi\" \/>\n<meta name=\"twitter:card\" content=\"summary_large_image\" \/>\n<meta name=\"twitter:creator\" content=\"@kuzeyinsesii\" \/>\n<meta name=\"twitter:site\" content=\"@kuzeyinsesii\" \/>\n<meta name=\"twitter:label1\" content=\"Yazan:\" \/>\n\t<meta name=\"twitter:data1\" content=\"Kuzeyin Sesi\" \/>\n\t<meta name=\"twitter:label2\" content=\"Tahmini okuma s\u00fcresi\" \/>\n\t<meta name=\"twitter:data2\" content=\"2 dakika\" \/>\n<script type=\"application\/ld+json\" class=\"yoast-schema-graph\">{\"@context\":\"https:\\\/\\\/schema.org\",\"@graph\":[{\"@type\":\"Article\",\"@id\":\"https:\\\/\\\/kuzeyinsesi.org\\\/index.php\\\/2026\\\/04\\\/29\\\/ab-bilgi-merkezi-lefkosa-dr-suat-gunsel-ilkokulunda-agac-dikim-etkinligi-duzenledi\\\/#article\",\"isPartOf\":{\"@id\":\"https:\\\/\\\/kuzeyinsesi.org\\\/index.php\\\/2026\\\/04\\\/29\\\/ab-bilgi-merkezi-lefkosa-dr-suat-gunsel-ilkokulunda-agac-dikim-etkinligi-duzenledi\\\/\"},\"author\":{\"name\":\"Kuzeyin Sesi\",\"@id\":\"https:\\\/\\\/kuzeyinsesi.org\\\/#\\\/schema\\\/person\\\/9f859689cdf01485597712386e37f5aa\"},\"headline\":\"AB Bilgi Merkezi, Lefko\u015fa Dr. Suat G\u00fcnsel \u0130lkokulu\u2019nda a\u011fa\u00e7 dikim etkinli\u011fi d\u00fczenledi\",\"datePublished\":\"2026-04-29T09:10:29+00:00\",\"mainEntityOfPage\":{\"@id\":\"https:\\\/\\\/kuzeyinsesi.org\\\/index.php\\\/2026\\\/04\\\/29\\\/ab-bilgi-merkezi-lefkosa-dr-suat-gunsel-ilkokulunda-agac-dikim-etkinligi-duzenledi\\\/\"},\"wordCount\":391,\"commentCount\":0,\"image\":{\"@id\":\"https:\\\/\\\/kuzeyinsesi.org\\\/index.php\\\/2026\\\/04\\\/29\\\/ab-bilgi-merkezi-lefkosa-dr-suat-gunsel-ilkokulunda-agac-dikim-etkinligi-duzenledi\\\/#primaryimage\"},\"thumbnailUrl\":\"https:\\\/\\\/kuzeyinsesi.org\\\/wp-content\\\/uploads\\\/2026\\\/04\\\/17774486016683c8dc6f5-d89d-41f9-873a-3b22b846e65a.jpg\",\"articleSection\":[\"K\u0131br\u0131s\"],\"inLanguage\":\"tr\",\"potentialAction\":[{\"@type\":\"CommentAction\",\"name\":\"Comment\",\"target\":[\"https:\\\/\\\/kuzeyinsesi.org\\\/index.php\\\/2026\\\/04\\\/29\\\/ab-bilgi-merkezi-lefkosa-dr-suat-gunsel-ilkokulunda-agac-dikim-etkinligi-duzenledi\\\/#respond\"]}]},{\"@type\":\"WebPage\",\"@id\":\"https:\\\/\\\/kuzeyinsesi.org\\\/index.php\\\/2026\\\/04\\\/29\\\/ab-bilgi-merkezi-lefkosa-dr-suat-gunsel-ilkokulunda-agac-dikim-etkinligi-duzenledi\\\/\",\"url\":\"https:\\\/\\\/kuzeyinsesi.org\\\/index.php\\\/2026\\\/04\\\/29\\\/ab-bilgi-merkezi-lefkosa-dr-suat-gunsel-ilkokulunda-agac-dikim-etkinligi-duzenledi\\\/\",\"name\":\"AB Bilgi Merkezi, Lefko\u015fa Dr. Suat G\u00fcnsel \u0130lkokulu\u2019nda a\u011fa\u00e7 dikim etkinli\u011fi d\u00fczenledi - Kuzeyin Sesi\",\"isPartOf\":{\"@id\":\"https:\\\/\\\/kuzeyinsesi.org\\\/#website\"},\"primaryImageOfPage\":{\"@id\":\"https:\\\/\\\/kuzeyinsesi.org\\\/index.php\\\/2026\\\/04\\\/29\\\/ab-bilgi-merkezi-lefkosa-dr-suat-gunsel-ilkokulunda-agac-dikim-etkinligi-duzenledi\\\/#primaryimage\"},\"image\":{\"@id\":\"https:\\\/\\\/kuzeyinsesi.org\\\/index.php\\\/2026\\\/04\\\/29\\\/ab-bilgi-merkezi-lefkosa-dr-suat-gunsel-ilkokulunda-agac-dikim-etkinligi-duzenledi\\\/#primaryimage\"},\"thumbnailUrl\":\"https:\\\/\\\/kuzeyinsesi.org\\\/wp-content\\\/uploads\\\/2026\\\/04\\\/17774486016683c8dc6f5-d89d-41f9-873a-3b22b846e65a.jpg\",\"datePublished\":\"2026-04-29T09:10:29+00:00\",\"author\":{\"@id\":\"https:\\\/\\\/kuzeyinsesi.org\\\/#\\\/schema\\\/person\\\/9f859689cdf01485597712386e37f5aa\"},\"breadcrumb\":{\"@id\":\"https:\\\/\\\/kuzeyinsesi.org\\\/index.php\\\/2026\\\/04\\\/29\\\/ab-bilgi-merkezi-lefkosa-dr-suat-gunsel-ilkokulunda-agac-dikim-etkinligi-duzenledi\\\/#breadcrumb\"},\"inLanguage\":\"tr\",\"potentialAction\":[{\"@type\":\"ReadAction\",\"target\":[\"https:\\\/\\\/kuzeyinsesi.org\\\/index.php\\\/2026\\\/04\\\/29\\\/ab-bilgi-merkezi-lefkosa-dr-suat-gunsel-ilkokulunda-agac-dikim-etkinligi-duzenledi\\\/\"]}]},{\"@type\":\"ImageObject\",\"inLanguage\":\"tr\",\"@id\":\"https:\\\/\\\/kuzeyinsesi.org\\\/index.php\\\/2026\\\/04\\\/29\\\/ab-bilgi-merkezi-lefkosa-dr-suat-gunsel-ilkokulunda-agac-dikim-etkinligi-duzenledi\\\/#primaryimage\",\"url\":\"https:\\\/\\\/kuzeyinsesi.org\\\/wp-content\\\/uploads\\\/2026\\\/04\\\/17774486016683c8dc6f5-d89d-41f9-873a-3b22b846e65a.jpg\",\"contentUrl\":\"https:\\\/\\\/kuzeyinsesi.org\\\/wp-content\\\/uploads\\\/2026\\\/04\\\/17774486016683c8dc6f5-d89d-41f9-873a-3b22b846e65a.jpg\",\"width\":1620,\"height\":1080},{\"@type\":\"BreadcrumbList\",\"@id\":\"https:\\\/\\\/kuzeyinsesi.org\\\/index.php\\\/2026\\\/04\\\/29\\\/ab-bilgi-merkezi-lefkosa-dr-suat-gunsel-ilkokulunda-agac-dikim-etkinligi-duzenledi\\\/#breadcrumb\",\"itemListElement\":[{\"@type\":\"ListItem\",\"position\":1,\"name\":\"Anasayfa\",\"item\":\"https:\\\/\\\/kuzeyinsesi.org\\\/\"},{\"@type\":\"ListItem\",\"position\":2,\"name\":\"AB Bilgi Merkezi, Lefko\u015fa Dr. Suat G\u00fcnsel \u0130lkokulu\u2019nda a\u011fa\u00e7 dikim etkinli\u011fi d\u00fczenledi\"}]},{\"@type\":\"WebSite\",\"@id\":\"https:\\\/\\\/kuzeyinsesi.org\\\/#website\",\"url\":\"https:\\\/\\\/kuzeyinsesi.org\\\/\",\"name\":\"Kuzeyin Sesi\",\"description\":\"Do\u011fru Haberin Adresi\",\"potentialAction\":[{\"@type\":\"SearchAction\",\"target\":{\"@type\":\"EntryPoint\",\"urlTemplate\":\"https:\\\/\\\/kuzeyinsesi.org\\\/?s={search_term_string}\"},\"query-input\":{\"@type\":\"PropertyValueSpecification\",\"valueRequired\":true,\"valueName\":\"search_term_string\"}}],\"inLanguage\":\"tr\"},{\"@type\":\"Person\",\"@id\":\"https:\\\/\\\/kuzeyinsesi.org\\\/#\\\/schema\\\/person\\\/9f859689cdf01485597712386e37f5aa\",\"name\":\"Kuzeyin Sesi\",\"image\":{\"@type\":\"ImageObject\",\"inLanguage\":\"tr\",\"@id\":\"https:\\\/\\\/secure.gravatar.com\\\/avatar\\\/bab33852abfd8b282518d6ed81826833d77c3c882d9ab608add591ccace47a44?s=96&d=mm&r=g\",\"url\":\"https:\\\/\\\/secure.gravatar.com\\\/avatar\\\/bab33852abfd8b282518d6ed81826833d77c3c882d9ab608add591ccace47a44?s=96&d=mm&r=g\",\"contentUrl\":\"https:\\\/\\\/secure.gravatar.com\\\/avatar\\\/bab33852abfd8b282518d6ed81826833d77c3c882d9ab608add591ccace47a44?s=96&d=mm&r=g\",\"caption\":\"Kuzeyin Sesi\"},\"sameAs\":[\"https:\\\/\\\/kuzeyinsesi.org\"],\"url\":\"https:\\\/\\\/kuzeyinsesi.org\\\/index.php\\\/author\\\/guven\\\/\"}]}<\/script>\n<!-- \/ Yoast SEO plugin. -->","yoast_head_json":{"title":"AB Bilgi Merkezi, Lefko\u015fa Dr. Suat G\u00fcnsel \u0130lkokulu\u2019nda a\u011fa\u00e7 dikim etkinli\u011fi d\u00fczenledi - Kuzeyin Sesi","robots":{"index":"index","follow":"follow","max-snippet":"max-snippet:-1","max-image-preview":"max-image-preview:large","max-video-preview":"max-video-preview:-1"},"canonical":"https:\/\/kuzeyinsesi.org\/index.php\/2026\/04\/29\/ab-bilgi-merkezi-lefkosa-dr-suat-gunsel-ilkokulunda-agac-dikim-etkinligi-duzenledi\/","og_locale":"tr_TR","og_type":"article","og_title":"AB Bilgi Merkezi, Lefko\u015fa Dr. Suat G\u00fcnsel \u0130lkokulu\u2019nda a\u011fa\u00e7 dikim etkinli\u011fi d\u00fczenledi - Kuzeyin Sesi","og_description":"Avrupa Birli\u011fi Bilgi Merkezi, \u201cAB\u2019nin Ye\u015fil Vizyonu Kampanyas\u0131\u201d kapsam\u0131nda Lefko\u015fa Dr. Suat G\u00fcnsel \u0130lkokulu\u2019nda a\u011fa\u00e7 dikim etkinli\u011fi d\u00fczenledi.\u00a0 Bu \u00e7er\u00e7evede, \u00f6\u011frenciler taraf\u0131ndan okul bah\u00e7esine zeytin fidanlar\u0131 dikildi. AB Bilgi Merkezi, \u201cAB\u2019nin Ye\u015fil Vizyonu Kampanyas\u0131\u201d kapsam\u0131nda, toplam yedi okulda a\u011fa\u00e7 dikim etkinli\u011fi d\u00fczenlemeyi hedefliyor. Lefko\u015fa Dr. Suat G\u00fcnsel \u0130lkokulu\u2019ndaki etkinli\u011fe, Avrupa Komisyonu K\u0131br\u0131s \u00c7\u00f6z\u00fcm Destek Birimi [&hellip;]","og_url":"https:\/\/kuzeyinsesi.org\/index.php\/2026\/04\/29\/ab-bilgi-merkezi-lefkosa-dr-suat-gunsel-ilkokulunda-agac-dikim-etkinligi-duzenledi\/","og_site_name":"Kuzeyin Sesi","article_publisher":"https:\/\/www.facebook.com\/kuzeyinsesii","article_published_time":"2026-04-29T09:10:29+00:00","author":"Kuzeyin Sesi","twitter_card":"summary_large_image","twitter_creator":"@kuzeyinsesii","twitter_site":"@kuzeyinsesii","twitter_misc":{"Yazan:":"Kuzeyin Sesi","Tahmini okuma s\u00fcresi":"2 dakika"},"schema":{"@context":"https:\/\/schema.org","@graph":[{"@type":"Article","@id":"https:\/\/kuzeyinsesi.org\/index.php\/2026\/04\/29\/ab-bilgi-merkezi-lefkosa-dr-suat-gunsel-ilkokulunda-agac-dikim-etkinligi-duzenledi\/#article","isPartOf":{"@id":"https:\/\/kuzeyinsesi.org\/index.php\/2026\/04\/29\/ab-bilgi-merkezi-lefkosa-dr-suat-gunsel-ilkokulunda-agac-dikim-etkinligi-duzenledi\/"},"author":{"name":"Kuzeyin Sesi","@id":"https:\/\/kuzeyinsesi.org\/#\/schema\/person\/9f859689cdf01485597712386e37f5aa"},"headline":"AB Bilgi Merkezi, Lefko\u015fa Dr. Suat G\u00fcnsel \u0130lkokulu\u2019nda a\u011fa\u00e7 dikim etkinli\u011fi d\u00fczenledi","datePublished":"2026-04-29T09:10:29+00:00","mainEntityOfPage":{"@id":"https:\/\/kuzeyinsesi.org\/index.php\/2026\/04\/29\/ab-bilgi-merkezi-lefkosa-dr-suat-gunsel-ilkokulunda-agac-dikim-etkinligi-duzenledi\/"},"wordCount":391,"commentCount":0,"image":{"@id":"https:\/\/kuzeyinsesi.org\/index.php\/2026\/04\/29\/ab-bilgi-merkezi-lefkosa-dr-suat-gunsel-ilkokulunda-agac-dikim-etkinligi-duzenledi\/#primaryimage"},"thumbnailUrl":"https:\/\/kuzeyinsesi.org\/wp-content\/uploads\/2026\/04\/17774486016683c8dc6f5-d89d-41f9-873a-3b22b846e65a.jpg","articleSection":["K\u0131br\u0131s"],"inLanguage":"tr","potentialAction":[{"@type":"CommentAction","name":"Comment","target":["https:\/\/kuzeyinsesi.org\/index.php\/2026\/04\/29\/ab-bilgi-merkezi-lefkosa-dr-suat-gunsel-ilkokulunda-agac-dikim-etkinligi-duzenledi\/#respond"]}]},{"@type":"WebPage","@id":"https:\/\/kuzeyinsesi.org\/index.php\/2026\/04\/29\/ab-bilgi-merkezi-lefkosa-dr-suat-gunsel-ilkokulunda-agac-dikim-etkinligi-duzenledi\/","url":"https:\/\/kuzeyinsesi.org\/index.php\/2026\/04\/29\/ab-bilgi-merkezi-lefkosa-dr-suat-gunsel-ilkokulunda-agac-dikim-etkinligi-duzenledi\/","name":"AB Bilgi Merkezi, Lefko\u015fa Dr. Suat G\u00fcnsel \u0130lkokulu\u2019nda a\u011fa\u00e7 dikim etkinli\u011fi d\u00fczenledi - Kuzeyin Sesi","isPartOf":{"@id":"https:\/\/kuzeyinsesi.org\/#website"},"primaryImageOfPage":{"@id":"https:\/\/kuzeyinsesi.org\/index.php\/2026\/04\/29\/ab-bilgi-merkezi-lefkosa-dr-suat-gunsel-ilkokulunda-agac-dikim-etkinligi-duzenledi\/#primaryimage"},"image":{"@id":"https:\/\/kuzeyinsesi.org\/index.php\/2026\/04\/29\/ab-bilgi-merkezi-lefkosa-dr-suat-gunsel-ilkokulunda-agac-dikim-etkinligi-duzenledi\/#primaryimage"},"thumbnailUrl":"https:\/\/kuzeyinsesi.org\/wp-content\/uploads\/2026\/04\/17774486016683c8dc6f5-d89d-41f9-873a-3b22b846e65a.jpg","datePublished":"2026-04-29T09:10:29+00:00","author":{"@id":"https:\/\/kuzeyinsesi.org\/#\/schema\/person\/9f859689cdf01485597712386e37f5aa"},"breadcrumb":{"@id":"https:\/\/kuzeyinsesi.org\/index.php\/2026\/04\/29\/ab-bilgi-merkezi-lefkosa-dr-suat-gunsel-ilkokulunda-agac-dikim-etkinligi-duzenledi\/#breadcrumb"},"inLanguage":"tr","potentialAction":[{"@type":"ReadAction","target":["https:\/\/kuzeyinsesi.org\/index.php\/2026\/04\/29\/ab-bilgi-merkezi-lefkosa-dr-suat-gunsel-ilkokulunda-agac-dikim-etkinligi-duzenledi\/"]}]},{"@type":"ImageObject","inLanguage":"tr","@id":"https:\/\/kuzeyinsesi.org\/index.php\/2026\/04\/29\/ab-bilgi-merkezi-lefkosa-dr-suat-gunsel-ilkokulunda-agac-dikim-etkinligi-duzenledi\/#primaryimage","url":"https:\/\/kuzeyinsesi.org\/wp-content\/uploads\/2026\/04\/17774486016683c8dc6f5-d89d-41f9-873a-3b22b846e65a.jpg","contentUrl":"https:\/\/kuzeyinsesi.org\/wp-content\/uploads\/2026\/04\/17774486016683c8dc6f5-d89d-41f9-873a-3b22b846e65a.jpg","width":1620,"height":1080},{"@type":"BreadcrumbList","@id":"https:\/\/kuzeyinsesi.org\/index.php\/2026\/04\/29\/ab-bilgi-merkezi-lefkosa-dr-suat-gunsel-ilkokulunda-agac-dikim-etkinligi-duzenledi\/#breadcrumb","itemListElement":[{"@type":"ListItem","position":1,"name":"Anasayfa","item":"https:\/\/kuzeyinsesi.org\/"},{"@type":"ListItem","position":2,"name":"AB Bilgi Merkezi, Lefko\u015fa Dr. Suat G\u00fcnsel \u0130lkokulu\u2019nda a\u011fa\u00e7 dikim etkinli\u011fi d\u00fczenledi"}]},{"@type":"WebSite","@id":"https:\/\/kuzeyinsesi.org\/#website","url":"https:\/\/kuzeyinsesi.org\/","name":"Kuzeyin Sesi","description":"Do\u011fru Haberin Adresi","potentialAction":[{"@type":"SearchAction","target":{"@type":"EntryPoint","urlTemplate":"https:\/\/kuzeyinsesi.org\/?s={search_term_string}"},"query-input":{"@type":"PropertyValueSpecification","valueRequired":true,"valueName":"search_term_string"}}],"inLanguage":"tr"},{"@type":"Person","@id":"https:\/\/kuzeyinsesi.org\/#\/schema\/person\/9f859689cdf01485597712386e37f5aa","name":"Kuzeyin Sesi","image":{"@type":"ImageObject","inLanguage":"tr","@id":"https:\/\/secure.gravatar.com\/avatar\/bab33852abfd8b282518d6ed81826833d77c3c882d9ab608add591ccace47a44?s=96&d=mm&r=g","url":"https:\/\/secure.gravatar.com\/avatar\/bab33852abfd8b282518d6ed81826833d77c3c882d9ab608add591ccace47a44?s=96&d=mm&r=g","contentUrl":"https:\/\/secure.gravatar.com\/avatar\/bab33852abfd8b282518d6ed81826833d77c3c882d9ab608add591ccace47a44?s=96&d=mm&r=g","caption":"Kuzeyin Sesi"},"sameAs":["https:\/\/kuzeyinsesi.org"],"url":"https:\/\/kuzeyinsesi.org\/index.php\/author\/guven\/"}]}},"_links":{"self":[{"href":"https:\/\/kuzeyinsesi.org\/index.php\/wp-json\/wp\/v2\/posts\/37585","targetHints":{"allow":["GET"]}}],"collection":[{"href":"https:\/\/kuzeyinsesi.org\/index.php\/wp-json\/wp\/v2\/posts"}],"about":[{"href":"https:\/\/kuzeyinsesi.org\/index.php\/wp-json\/wp\/v2\/types\/post"}],"author":[{"embeddable":true,"href":"https:\/\/kuzeyinsesi.org\/index.php\/wp-json\/wp\/v2\/users\/1"}],"replies":[{"embeddable":true,"href":"https:\/\/kuzeyinsesi.org\/index.php\/wp-json\/wp\/v2\/comments?post=37585"}],"version-history":[{"count":0,"href":"https:\/\/kuzeyinsesi.org\/index.php\/wp-json\/wp\/v2\/posts\/37585\/revisions"}],"wp:featuredmedia":[{"embeddable":true,"href":"https:\/\/kuzeyinsesi.org\/index.php\/wp-json\/wp\/v2\/media\/37586"}],"wp:attachment":[{"href":"https:\/\/kuzeyinsesi.org\/index.php\/wp-json\/wp\/v2\/media?parent=37585"}],"wp:term":[{"taxonomy":"category","embeddable":true,"href":"https:\/\/kuzeyinsesi.org\/index.php\/wp-json\/wp\/v2\/categories?post=37585"},{"taxonomy":"post_tag","embeddable":true,"href":"https:\/\/kuzeyinsesi.org\/index.php\/wp-json\/wp\/v2\/tags?post=37585"}],"curies":[{"name":"wp","href":"https:\/\/api.w.org\/{rel}","templated":true}]}}