{"id":37582,"date":"2026-04-29T11:58:30","date_gmt":"2026-04-29T08:58:30","guid":{"rendered":"https:\/\/kuzeyinsesi.org\/index.php\/2026\/04\/29\/kultur-elcileri-kuzey-kibris-turk-cumhuriyeti-programi-basladi\/"},"modified":"2026-04-29T11:58:30","modified_gmt":"2026-04-29T08:58:30","slug":"kultur-elcileri-kuzey-kibris-turk-cumhuriyeti-programi-basladi","status":"publish","type":"post","link":"https:\/\/kuzeyinsesi.org\/index.php\/2026\/04\/29\/kultur-elcileri-kuzey-kibris-turk-cumhuriyeti-programi-basladi\/","title":{"rendered":"\u201cK\u00fclt\u00fcr El\u00e7ileri Kuzey K\u0131br\u0131s T\u00fcrk Cumhuriyeti Program\u0131\u201d ba\u015flad\u0131"},"content":{"rendered":"<p class=\"p1\">T\u00fcrkiye Cumhuriyeti Anadolu Mektebi ile Yurtd\u0131\u015f\u0131 T\u00fcrkler ve Akraba Topluluklar Ba\u015fkanl\u0131\u011f\u0131 i\u015f birli\u011fiyle d\u00fczenlenen \u201cK\u00fclt\u00fcr El\u00e7ileri Kuzey K\u0131br\u0131s T\u00fcrk Cumhuriyeti Program\u0131\u201d a\u00e7\u0131l\u0131\u015f paneliyle ba\u015flad\u0131.<\/p>\n<p class=\"p2\">\n<p class=\"p2\">Lefko\u015fa Rauf Raif Denkta\u015f Meslek Lisesinde yer alan panel, 1 May\u0131s\u2019a kadar s\u00fcrecek.<\/p>\n<p class=\"p2\">A\u00e7\u0131l\u0131\u015f paneline, T\u00fcrkiye Cumhuriyeti Lefko\u015fa B\u00fcy\u00fckel\u00e7isi Ali Murat Ba\u015f\u00e7eri, Milli E\u011fitim Bakan\u0131 Naz\u0131m \u00c7avu\u015fo\u011flu, yetkililer ile konuklar kat\u0131ld\u0131.<\/p>\n<p class=\"p1\"><span class=\"s1\">T\u00fcrk d\u00fcnyas\u0131 ve Balkanlardan \u00f6\u011frencilerin kat\u0131l\u0131m\u0131yla d\u00fczenlenen program, Anadolu Mektebi tan\u0131t\u0131m filmiyle ba\u015flad\u0131.\u00a0<\/span><\/p>\n<p class=\"p1\"><span class=\"s1\">Anadolu Mektebi Y\u00f6netim Kurulu Ba\u015fkan\u0131 Prof. Dr. Sami G\u00fc\u00e7l\u00fc\u2019n\u00fcn de yer ald\u0131\u011f\u0131 panelde, selamlama konu\u015fmas\u0131n\u0131 Mesleki Teknik \u00d6\u011fretim Dairesi E\u011fitim \u00d6\u011fretim uzman\u0131 ve Anadolu Mektebi K\u0131br\u0131s okumalar\u0131 Lefko\u015fa Koordinat\u00f6r\u00fc \u00d6zge Eliz Aksayg\u0131n yapt\u0131.\u00a0<\/span><\/p>\n<p class=\"p1\"><span class=\"s1\">Aksayg\u0131n, programa kat\u0131lan herkese te\u015fekk\u00fcr ederek, Anadolu Mektebi K\u0131br\u0131s Okumalar\u0131 Projesinin \u00f6nemine vurgu yapt\u0131, okuyan d\u00fc\u015f\u00fcnen ve yorumlayan gen\u00e7lerin yeti\u015fmesine katk\u0131 yapt\u0131klar\u0131n\u0131 s\u00f6yledi.\u00a0<\/span><\/p>\n<p class=\"p1\"><span class=\"s1\">Projenin, gen\u00e7leri kitapla bulu\u015fturdu\u011funu, d\u00fc\u015f\u00fcnce d\u00fcnyas\u0131n\u0131 zenginle\u015ftirdi\u011fini belirten Aksayg\u0131n, proje \u00e7er\u00e7evesinde binden fazla \u00f6\u011frencinin kitap okudu\u011funu, bir \u00e7ok etkinlik d\u00fczenlendi\u011fini kaydetti.\u00a0<\/span><\/p>\n<p class=\"p1\"><span class=\"s1\">Proje hakk\u0131nda bilgi veren Aksayg\u0131n, ortak k\u00fclt\u00fcr, dil, medeniyetin temsilcileri olarak bir araya geldiklerini, bu birlikteli\u011fin gelece\u011fe en g\u00fczel \u015fekilde ta\u015f\u0131naca\u011f\u0131n\u0131 s\u00f6yledi.\u00a0<\/span><\/p>\n<p class=\"p1\"><span class=\"s1\">Gen\u00e7lere verdiklerini \u00f6neme vurgu yaparak, okuyan, anlayan, sorgulayan bireylerle ortak gelece\u011fi \u015fekillendireceklerini s\u00f6yleyen Aksayg\u0131n, kitapla b\u00fcy\u00fcyenlerin ayd\u0131nl\u0131k gelece\u011fin mimar\u0131 olaca\u011f\u0131n\u0131 belirtti.<\/span><\/p>\n<p class=\"p1\"><span class=\"s1\">Konu\u015fman\u0131n ard\u0131ndan panele ge\u00e7ildi.\u00a0<\/span><\/p>\n","protected":false},"excerpt":{"rendered":"<p>T\u00fcrkiye Cumhuriyeti Anadolu Mektebi ile Yurtd\u0131\u015f\u0131 T\u00fcrkler ve Akraba Topluluklar Ba\u015fkanl\u0131\u011f\u0131 i\u015f birli\u011fiyle d\u00fczenlenen \u201cK\u00fclt\u00fcr El\u00e7ileri Kuzey K\u0131br\u0131s T\u00fcrk Cumhuriyeti Program\u0131\u201d a\u00e7\u0131l\u0131\u015f paneliyle ba\u015flad\u0131. Lefko\u015fa Rauf Raif Denkta\u015f Meslek Lisesinde yer alan panel, 1 May\u0131s\u2019a kadar s\u00fcrecek. A\u00e7\u0131l\u0131\u015f paneline, T\u00fcrkiye Cumhuriyeti Lefko\u015fa B\u00fcy\u00fckel\u00e7isi Ali Murat Ba\u015f\u00e7eri, Milli E\u011fitim Bakan\u0131 Naz\u0131m \u00c7avu\u015fo\u011flu, yetkililer ile konuklar kat\u0131ld\u0131. [&hellip;]<\/p>\n","protected":false},"author":1,"featured_media":37583,"comment_status":"open","ping_status":"open","sticky":false,"template":"","format":"standard","meta":{"jnews-multi-image_gallery":[],"jnews_single_post":[],"jnews_primary_category":[],"jnews_social_meta":[],"jnews_override_counter":[],"footnotes":""},"categories":[1],"tags":[],"class_list":["post-37582","post","type-post","status-publish","format-standard","has-post-thumbnail","hentry","category-kibris"],"yoast_head":"<!-- This site is optimized with the Yoast SEO plugin v27.5 - https:\/\/yoast.com\/product\/yoast-seo-wordpress\/ -->\n<title>\u201cK\u00fclt\u00fcr El\u00e7ileri Kuzey K\u0131br\u0131s T\u00fcrk Cumhuriyeti Program\u0131\u201d ba\u015flad\u0131 - Kuzeyin Sesi<\/title>\n<meta name=\"robots\" content=\"index, follow, max-snippet:-1, max-image-preview:large, max-video-preview:-1\" \/>\n<link rel=\"canonical\" href=\"https:\/\/kuzeyinsesi.org\/index.php\/2026\/04\/29\/kultur-elcileri-kuzey-kibris-turk-cumhuriyeti-programi-basladi\/\" \/>\n<meta property=\"og:locale\" content=\"tr_TR\" \/>\n<meta property=\"og:type\" content=\"article\" \/>\n<meta property=\"og:title\" content=\"\u201cK\u00fclt\u00fcr El\u00e7ileri Kuzey K\u0131br\u0131s T\u00fcrk Cumhuriyeti Program\u0131\u201d ba\u015flad\u0131 - Kuzeyin Sesi\" \/>\n<meta property=\"og:description\" content=\"T\u00fcrkiye Cumhuriyeti Anadolu Mektebi ile Yurtd\u0131\u015f\u0131 T\u00fcrkler ve Akraba Topluluklar Ba\u015fkanl\u0131\u011f\u0131 i\u015f birli\u011fiyle d\u00fczenlenen \u201cK\u00fclt\u00fcr El\u00e7ileri Kuzey K\u0131br\u0131s T\u00fcrk Cumhuriyeti Program\u0131\u201d a\u00e7\u0131l\u0131\u015f paneliyle ba\u015flad\u0131. Lefko\u015fa Rauf Raif Denkta\u015f Meslek Lisesinde yer alan panel, 1 May\u0131s\u2019a kadar s\u00fcrecek. A\u00e7\u0131l\u0131\u015f paneline, T\u00fcrkiye Cumhuriyeti Lefko\u015fa B\u00fcy\u00fckel\u00e7isi Ali Murat Ba\u015f\u00e7eri, Milli E\u011fitim Bakan\u0131 Naz\u0131m \u00c7avu\u015fo\u011flu, yetkililer ile konuklar kat\u0131ld\u0131. [&hellip;]\" \/>\n<meta property=\"og:url\" content=\"https:\/\/kuzeyinsesi.org\/index.php\/2026\/04\/29\/kultur-elcileri-kuzey-kibris-turk-cumhuriyeti-programi-basladi\/\" \/>\n<meta property=\"og:site_name\" content=\"Kuzeyin Sesi\" \/>\n<meta property=\"article:publisher\" content=\"https:\/\/www.facebook.com\/kuzeyinsesii\" \/>\n<meta property=\"article:published_time\" content=\"2026-04-29T08:58:30+00:00\" \/>\n<meta name=\"author\" content=\"Kuzeyin Sesi\" \/>\n<meta name=\"twitter:card\" content=\"summary_large_image\" \/>\n<meta name=\"twitter:creator\" content=\"@kuzeyinsesii\" \/>\n<meta name=\"twitter:site\" content=\"@kuzeyinsesii\" \/>\n<meta name=\"twitter:label1\" content=\"Yazan:\" \/>\n\t<meta name=\"twitter:data1\" content=\"Kuzeyin Sesi\" \/>\n\t<meta name=\"twitter:label2\" content=\"Tahmini okuma s\u00fcresi\" \/>\n\t<meta name=\"twitter:data2\" content=\"1 dakika\" \/>\n<script type=\"application\/ld+json\" class=\"yoast-schema-graph\">{\"@context\":\"https:\\\/\\\/schema.org\",\"@graph\":[{\"@type\":\"Article\",\"@id\":\"https:\\\/\\\/kuzeyinsesi.org\\\/index.php\\\/2026\\\/04\\\/29\\\/kultur-elcileri-kuzey-kibris-turk-cumhuriyeti-programi-basladi\\\/#article\",\"isPartOf\":{\"@id\":\"https:\\\/\\\/kuzeyinsesi.org\\\/index.php\\\/2026\\\/04\\\/29\\\/kultur-elcileri-kuzey-kibris-turk-cumhuriyeti-programi-basladi\\\/\"},\"author\":{\"name\":\"Kuzeyin Sesi\",\"@id\":\"https:\\\/\\\/kuzeyinsesi.org\\\/#\\\/schema\\\/person\\\/9f859689cdf01485597712386e37f5aa\"},\"headline\":\"\u201cK\u00fclt\u00fcr El\u00e7ileri Kuzey K\u0131br\u0131s T\u00fcrk Cumhuriyeti Program\u0131\u201d ba\u015flad\u0131\",\"datePublished\":\"2026-04-29T08:58:30+00:00\",\"mainEntityOfPage\":{\"@id\":\"https:\\\/\\\/kuzeyinsesi.org\\\/index.php\\\/2026\\\/04\\\/29\\\/kultur-elcileri-kuzey-kibris-turk-cumhuriyeti-programi-basladi\\\/\"},\"wordCount\":306,\"commentCount\":0,\"image\":{\"@id\":\"https:\\\/\\\/kuzeyinsesi.org\\\/index.php\\\/2026\\\/04\\\/29\\\/kultur-elcileri-kuzey-kibris-turk-cumhuriyeti-programi-basladi\\\/#primaryimage\"},\"thumbnailUrl\":\"https:\\\/\\\/kuzeyinsesi.org\\\/wp-content\\\/uploads\\\/2026\\\/04\\\/177745104099494e7cdfe-4446-402f-8578-d038c188e4c5.jpeg\",\"articleSection\":[\"K\u0131br\u0131s\"],\"inLanguage\":\"tr\",\"potentialAction\":[{\"@type\":\"CommentAction\",\"name\":\"Comment\",\"target\":[\"https:\\\/\\\/kuzeyinsesi.org\\\/index.php\\\/2026\\\/04\\\/29\\\/kultur-elcileri-kuzey-kibris-turk-cumhuriyeti-programi-basladi\\\/#respond\"]}]},{\"@type\":\"WebPage\",\"@id\":\"https:\\\/\\\/kuzeyinsesi.org\\\/index.php\\\/2026\\\/04\\\/29\\\/kultur-elcileri-kuzey-kibris-turk-cumhuriyeti-programi-basladi\\\/\",\"url\":\"https:\\\/\\\/kuzeyinsesi.org\\\/index.php\\\/2026\\\/04\\\/29\\\/kultur-elcileri-kuzey-kibris-turk-cumhuriyeti-programi-basladi\\\/\",\"name\":\"\u201cK\u00fclt\u00fcr El\u00e7ileri Kuzey K\u0131br\u0131s T\u00fcrk Cumhuriyeti Program\u0131\u201d ba\u015flad\u0131 - Kuzeyin Sesi\",\"isPartOf\":{\"@id\":\"https:\\\/\\\/kuzeyinsesi.org\\\/#website\"},\"primaryImageOfPage\":{\"@id\":\"https:\\\/\\\/kuzeyinsesi.org\\\/index.php\\\/2026\\\/04\\\/29\\\/kultur-elcileri-kuzey-kibris-turk-cumhuriyeti-programi-basladi\\\/#primaryimage\"},\"image\":{\"@id\":\"https:\\\/\\\/kuzeyinsesi.org\\\/index.php\\\/2026\\\/04\\\/29\\\/kultur-elcileri-kuzey-kibris-turk-cumhuriyeti-programi-basladi\\\/#primaryimage\"},\"thumbnailUrl\":\"https:\\\/\\\/kuzeyinsesi.org\\\/wp-content\\\/uploads\\\/2026\\\/04\\\/177745104099494e7cdfe-4446-402f-8578-d038c188e4c5.jpeg\",\"datePublished\":\"2026-04-29T08:58:30+00:00\",\"author\":{\"@id\":\"https:\\\/\\\/kuzeyinsesi.org\\\/#\\\/schema\\\/person\\\/9f859689cdf01485597712386e37f5aa\"},\"breadcrumb\":{\"@id\":\"https:\\\/\\\/kuzeyinsesi.org\\\/index.php\\\/2026\\\/04\\\/29\\\/kultur-elcileri-kuzey-kibris-turk-cumhuriyeti-programi-basladi\\\/#breadcrumb\"},\"inLanguage\":\"tr\",\"potentialAction\":[{\"@type\":\"ReadAction\",\"target\":[\"https:\\\/\\\/kuzeyinsesi.org\\\/index.php\\\/2026\\\/04\\\/29\\\/kultur-elcileri-kuzey-kibris-turk-cumhuriyeti-programi-basladi\\\/\"]}]},{\"@type\":\"ImageObject\",\"inLanguage\":\"tr\",\"@id\":\"https:\\\/\\\/kuzeyinsesi.org\\\/index.php\\\/2026\\\/04\\\/29\\\/kultur-elcileri-kuzey-kibris-turk-cumhuriyeti-programi-basladi\\\/#primaryimage\",\"url\":\"https:\\\/\\\/kuzeyinsesi.org\\\/wp-content\\\/uploads\\\/2026\\\/04\\\/177745104099494e7cdfe-4446-402f-8578-d038c188e4c5.jpeg\",\"contentUrl\":\"https:\\\/\\\/kuzeyinsesi.org\\\/wp-content\\\/uploads\\\/2026\\\/04\\\/177745104099494e7cdfe-4446-402f-8578-d038c188e4c5.jpeg\",\"width\":1500,\"height\":1000},{\"@type\":\"BreadcrumbList\",\"@id\":\"https:\\\/\\\/kuzeyinsesi.org\\\/index.php\\\/2026\\\/04\\\/29\\\/kultur-elcileri-kuzey-kibris-turk-cumhuriyeti-programi-basladi\\\/#breadcrumb\",\"itemListElement\":[{\"@type\":\"ListItem\",\"position\":1,\"name\":\"Anasayfa\",\"item\":\"https:\\\/\\\/kuzeyinsesi.org\\\/\"},{\"@type\":\"ListItem\",\"position\":2,\"name\":\"\u201cK\u00fclt\u00fcr El\u00e7ileri Kuzey K\u0131br\u0131s T\u00fcrk Cumhuriyeti Program\u0131\u201d ba\u015flad\u0131\"}]},{\"@type\":\"WebSite\",\"@id\":\"https:\\\/\\\/kuzeyinsesi.org\\\/#website\",\"url\":\"https:\\\/\\\/kuzeyinsesi.org\\\/\",\"name\":\"Kuzeyin Sesi\",\"description\":\"Do\u011fru Haberin Adresi\",\"potentialAction\":[{\"@type\":\"SearchAction\",\"target\":{\"@type\":\"EntryPoint\",\"urlTemplate\":\"https:\\\/\\\/kuzeyinsesi.org\\\/?s={search_term_string}\"},\"query-input\":{\"@type\":\"PropertyValueSpecification\",\"valueRequired\":true,\"valueName\":\"search_term_string\"}}],\"inLanguage\":\"tr\"},{\"@type\":\"Person\",\"@id\":\"https:\\\/\\\/kuzeyinsesi.org\\\/#\\\/schema\\\/person\\\/9f859689cdf01485597712386e37f5aa\",\"name\":\"Kuzeyin Sesi\",\"image\":{\"@type\":\"ImageObject\",\"inLanguage\":\"tr\",\"@id\":\"https:\\\/\\\/secure.gravatar.com\\\/avatar\\\/bab33852abfd8b282518d6ed81826833d77c3c882d9ab608add591ccace47a44?s=96&d=mm&r=g\",\"url\":\"https:\\\/\\\/secure.gravatar.com\\\/avatar\\\/bab33852abfd8b282518d6ed81826833d77c3c882d9ab608add591ccace47a44?s=96&d=mm&r=g\",\"contentUrl\":\"https:\\\/\\\/secure.gravatar.com\\\/avatar\\\/bab33852abfd8b282518d6ed81826833d77c3c882d9ab608add591ccace47a44?s=96&d=mm&r=g\",\"caption\":\"Kuzeyin Sesi\"},\"sameAs\":[\"https:\\\/\\\/kuzeyinsesi.org\"],\"url\":\"https:\\\/\\\/kuzeyinsesi.org\\\/index.php\\\/author\\\/guven\\\/\"}]}<\/script>\n<!-- \/ Yoast SEO plugin. -->","yoast_head_json":{"title":"\u201cK\u00fclt\u00fcr El\u00e7ileri Kuzey K\u0131br\u0131s T\u00fcrk Cumhuriyeti Program\u0131\u201d ba\u015flad\u0131 - Kuzeyin Sesi","robots":{"index":"index","follow":"follow","max-snippet":"max-snippet:-1","max-image-preview":"max-image-preview:large","max-video-preview":"max-video-preview:-1"},"canonical":"https:\/\/kuzeyinsesi.org\/index.php\/2026\/04\/29\/kultur-elcileri-kuzey-kibris-turk-cumhuriyeti-programi-basladi\/","og_locale":"tr_TR","og_type":"article","og_title":"\u201cK\u00fclt\u00fcr El\u00e7ileri Kuzey K\u0131br\u0131s T\u00fcrk Cumhuriyeti Program\u0131\u201d ba\u015flad\u0131 - Kuzeyin Sesi","og_description":"T\u00fcrkiye Cumhuriyeti Anadolu Mektebi ile Yurtd\u0131\u015f\u0131 T\u00fcrkler ve Akraba Topluluklar Ba\u015fkanl\u0131\u011f\u0131 i\u015f birli\u011fiyle d\u00fczenlenen \u201cK\u00fclt\u00fcr El\u00e7ileri Kuzey K\u0131br\u0131s T\u00fcrk Cumhuriyeti Program\u0131\u201d a\u00e7\u0131l\u0131\u015f paneliyle ba\u015flad\u0131. Lefko\u015fa Rauf Raif Denkta\u015f Meslek Lisesinde yer alan panel, 1 May\u0131s\u2019a kadar s\u00fcrecek. A\u00e7\u0131l\u0131\u015f paneline, T\u00fcrkiye Cumhuriyeti Lefko\u015fa B\u00fcy\u00fckel\u00e7isi Ali Murat Ba\u015f\u00e7eri, Milli E\u011fitim Bakan\u0131 Naz\u0131m \u00c7avu\u015fo\u011flu, yetkililer ile konuklar kat\u0131ld\u0131. [&hellip;]","og_url":"https:\/\/kuzeyinsesi.org\/index.php\/2026\/04\/29\/kultur-elcileri-kuzey-kibris-turk-cumhuriyeti-programi-basladi\/","og_site_name":"Kuzeyin Sesi","article_publisher":"https:\/\/www.facebook.com\/kuzeyinsesii","article_published_time":"2026-04-29T08:58:30+00:00","author":"Kuzeyin Sesi","twitter_card":"summary_large_image","twitter_creator":"@kuzeyinsesii","twitter_site":"@kuzeyinsesii","twitter_misc":{"Yazan:":"Kuzeyin Sesi","Tahmini okuma s\u00fcresi":"1 dakika"},"schema":{"@context":"https:\/\/schema.org","@graph":[{"@type":"Article","@id":"https:\/\/kuzeyinsesi.org\/index.php\/2026\/04\/29\/kultur-elcileri-kuzey-kibris-turk-cumhuriyeti-programi-basladi\/#article","isPartOf":{"@id":"https:\/\/kuzeyinsesi.org\/index.php\/2026\/04\/29\/kultur-elcileri-kuzey-kibris-turk-cumhuriyeti-programi-basladi\/"},"author":{"name":"Kuzeyin Sesi","@id":"https:\/\/kuzeyinsesi.org\/#\/schema\/person\/9f859689cdf01485597712386e37f5aa"},"headline":"\u201cK\u00fclt\u00fcr El\u00e7ileri Kuzey K\u0131br\u0131s T\u00fcrk Cumhuriyeti Program\u0131\u201d ba\u015flad\u0131","datePublished":"2026-04-29T08:58:30+00:00","mainEntityOfPage":{"@id":"https:\/\/kuzeyinsesi.org\/index.php\/2026\/04\/29\/kultur-elcileri-kuzey-kibris-turk-cumhuriyeti-programi-basladi\/"},"wordCount":306,"commentCount":0,"image":{"@id":"https:\/\/kuzeyinsesi.org\/index.php\/2026\/04\/29\/kultur-elcileri-kuzey-kibris-turk-cumhuriyeti-programi-basladi\/#primaryimage"},"thumbnailUrl":"https:\/\/kuzeyinsesi.org\/wp-content\/uploads\/2026\/04\/177745104099494e7cdfe-4446-402f-8578-d038c188e4c5.jpeg","articleSection":["K\u0131br\u0131s"],"inLanguage":"tr","potentialAction":[{"@type":"CommentAction","name":"Comment","target":["https:\/\/kuzeyinsesi.org\/index.php\/2026\/04\/29\/kultur-elcileri-kuzey-kibris-turk-cumhuriyeti-programi-basladi\/#respond"]}]},{"@type":"WebPage","@id":"https:\/\/kuzeyinsesi.org\/index.php\/2026\/04\/29\/kultur-elcileri-kuzey-kibris-turk-cumhuriyeti-programi-basladi\/","url":"https:\/\/kuzeyinsesi.org\/index.php\/2026\/04\/29\/kultur-elcileri-kuzey-kibris-turk-cumhuriyeti-programi-basladi\/","name":"\u201cK\u00fclt\u00fcr El\u00e7ileri Kuzey K\u0131br\u0131s T\u00fcrk Cumhuriyeti Program\u0131\u201d ba\u015flad\u0131 - Kuzeyin Sesi","isPartOf":{"@id":"https:\/\/kuzeyinsesi.org\/#website"},"primaryImageOfPage":{"@id":"https:\/\/kuzeyinsesi.org\/index.php\/2026\/04\/29\/kultur-elcileri-kuzey-kibris-turk-cumhuriyeti-programi-basladi\/#primaryimage"},"image":{"@id":"https:\/\/kuzeyinsesi.org\/index.php\/2026\/04\/29\/kultur-elcileri-kuzey-kibris-turk-cumhuriyeti-programi-basladi\/#primaryimage"},"thumbnailUrl":"https:\/\/kuzeyinsesi.org\/wp-content\/uploads\/2026\/04\/177745104099494e7cdfe-4446-402f-8578-d038c188e4c5.jpeg","datePublished":"2026-04-29T08:58:30+00:00","author":{"@id":"https:\/\/kuzeyinsesi.org\/#\/schema\/person\/9f859689cdf01485597712386e37f5aa"},"breadcrumb":{"@id":"https:\/\/kuzeyinsesi.org\/index.php\/2026\/04\/29\/kultur-elcileri-kuzey-kibris-turk-cumhuriyeti-programi-basladi\/#breadcrumb"},"inLanguage":"tr","potentialAction":[{"@type":"ReadAction","target":["https:\/\/kuzeyinsesi.org\/index.php\/2026\/04\/29\/kultur-elcileri-kuzey-kibris-turk-cumhuriyeti-programi-basladi\/"]}]},{"@type":"ImageObject","inLanguage":"tr","@id":"https:\/\/kuzeyinsesi.org\/index.php\/2026\/04\/29\/kultur-elcileri-kuzey-kibris-turk-cumhuriyeti-programi-basladi\/#primaryimage","url":"https:\/\/kuzeyinsesi.org\/wp-content\/uploads\/2026\/04\/177745104099494e7cdfe-4446-402f-8578-d038c188e4c5.jpeg","contentUrl":"https:\/\/kuzeyinsesi.org\/wp-content\/uploads\/2026\/04\/177745104099494e7cdfe-4446-402f-8578-d038c188e4c5.jpeg","width":1500,"height":1000},{"@type":"BreadcrumbList","@id":"https:\/\/kuzeyinsesi.org\/index.php\/2026\/04\/29\/kultur-elcileri-kuzey-kibris-turk-cumhuriyeti-programi-basladi\/#breadcrumb","itemListElement":[{"@type":"ListItem","position":1,"name":"Anasayfa","item":"https:\/\/kuzeyinsesi.org\/"},{"@type":"ListItem","position":2,"name":"\u201cK\u00fclt\u00fcr El\u00e7ileri Kuzey K\u0131br\u0131s T\u00fcrk Cumhuriyeti Program\u0131\u201d ba\u015flad\u0131"}]},{"@type":"WebSite","@id":"https:\/\/kuzeyinsesi.org\/#website","url":"https:\/\/kuzeyinsesi.org\/","name":"Kuzeyin Sesi","description":"Do\u011fru Haberin Adresi","potentialAction":[{"@type":"SearchAction","target":{"@type":"EntryPoint","urlTemplate":"https:\/\/kuzeyinsesi.org\/?s={search_term_string}"},"query-input":{"@type":"PropertyValueSpecification","valueRequired":true,"valueName":"search_term_string"}}],"inLanguage":"tr"},{"@type":"Person","@id":"https:\/\/kuzeyinsesi.org\/#\/schema\/person\/9f859689cdf01485597712386e37f5aa","name":"Kuzeyin Sesi","image":{"@type":"ImageObject","inLanguage":"tr","@id":"https:\/\/secure.gravatar.com\/avatar\/bab33852abfd8b282518d6ed81826833d77c3c882d9ab608add591ccace47a44?s=96&d=mm&r=g","url":"https:\/\/secure.gravatar.com\/avatar\/bab33852abfd8b282518d6ed81826833d77c3c882d9ab608add591ccace47a44?s=96&d=mm&r=g","contentUrl":"https:\/\/secure.gravatar.com\/avatar\/bab33852abfd8b282518d6ed81826833d77c3c882d9ab608add591ccace47a44?s=96&d=mm&r=g","caption":"Kuzeyin Sesi"},"sameAs":["https:\/\/kuzeyinsesi.org"],"url":"https:\/\/kuzeyinsesi.org\/index.php\/author\/guven\/"}]}},"_links":{"self":[{"href":"https:\/\/kuzeyinsesi.org\/index.php\/wp-json\/wp\/v2\/posts\/37582","targetHints":{"allow":["GET"]}}],"collection":[{"href":"https:\/\/kuzeyinsesi.org\/index.php\/wp-json\/wp\/v2\/posts"}],"about":[{"href":"https:\/\/kuzeyinsesi.org\/index.php\/wp-json\/wp\/v2\/types\/post"}],"author":[{"embeddable":true,"href":"https:\/\/kuzeyinsesi.org\/index.php\/wp-json\/wp\/v2\/users\/1"}],"replies":[{"embeddable":true,"href":"https:\/\/kuzeyinsesi.org\/index.php\/wp-json\/wp\/v2\/comments?post=37582"}],"version-history":[{"count":0,"href":"https:\/\/kuzeyinsesi.org\/index.php\/wp-json\/wp\/v2\/posts\/37582\/revisions"}],"wp:featuredmedia":[{"embeddable":true,"href":"https:\/\/kuzeyinsesi.org\/index.php\/wp-json\/wp\/v2\/media\/37583"}],"wp:attachment":[{"href":"https:\/\/kuzeyinsesi.org\/index.php\/wp-json\/wp\/v2\/media?parent=37582"}],"wp:term":[{"taxonomy":"category","embeddable":true,"href":"https:\/\/kuzeyinsesi.org\/index.php\/wp-json\/wp\/v2\/categories?post=37582"},{"taxonomy":"post_tag","embeddable":true,"href":"https:\/\/kuzeyinsesi.org\/index.php\/wp-json\/wp\/v2\/tags?post=37582"}],"curies":[{"name":"wp","href":"https:\/\/api.w.org\/{rel}","templated":true}]}}