{"id":37574,"date":"2026-04-29T11:14:36","date_gmt":"2026-04-29T08:14:36","guid":{"rendered":"https:\/\/kuzeyinsesi.org\/index.php\/2026\/04\/29\/ryanair-ceosu-michael-olearyden-avrupa-havacilik-sektoru-icin-iflas-uyarisi\/"},"modified":"2026-04-29T11:14:36","modified_gmt":"2026-04-29T08:14:36","slug":"ryanair-ceosu-michael-olearyden-avrupa-havacilik-sektoru-icin-iflas-uyarisi","status":"publish","type":"post","link":"https:\/\/kuzeyinsesi.org\/index.php\/2026\/04\/29\/ryanair-ceosu-michael-olearyden-avrupa-havacilik-sektoru-icin-iflas-uyarisi\/","title":{"rendered":"Ryanair CEO&#039;su Michael OLeary&#039;den Avrupa havac\u0131l\u0131k sekt\u00f6r\u00fc i\u00e7in iflas uyar\u0131s\u0131"},"content":{"rendered":"<p><\/p>\n<div>\n<p>&#13;<br \/>\n\tO\u2019Leary, CNBC televizyonuna verdi\u011fi r\u00f6portajda, <a href=\"https:\/\/www.trthaber.com\/etiket\/havacilik\/\" target=\"_blank\">havac\u0131l\u0131k<\/a> sekt\u00f6r\u00fcn\u00fcn Orta Do\u011fu kaynakl\u0131 jeopolitik riskler ve artan maliyet bask\u0131lar\u0131yla kar\u015f\u0131 kar\u015f\u0131ya oldu\u011funu belirtti.<\/p>\n<p>&#13;<br \/>\n\tU\u00e7ak yak\u0131t\u0131n\u0131n (Jet A-1) varil ba\u015f\u0131na 80 dolardan 150 dolar\u0131n \u00fczerine y\u00fckseli\u015fine dikkati \u00e7eken O\u2019Leary, &#8220;Fiyatlar temmuz, a\u011fustos ve eyl\u00fcl aylar\u0131nda da bu seviyelerde kal\u0131rsa, Avrupa havayolu \u015firketlerinin birer birer havlu att\u0131\u011f\u0131n\u0131 g\u00f6receksiniz.&#8221; dedi.<\/p>\n<p>&#13;<br \/>\n\tO\u2019Leary, <a href=\"https:\/\/www.trthaber.com\/etiket\/irlanda\/\" target=\"_blank\">\u0130rlanda<\/a> merkezli Ryanair\u2019in, <a href=\"https:\/\/www.trthaber.com\/etiket\/yakit\/\" target=\"_blank\">yak\u0131t<\/a> ihtiyac\u0131n\u0131n y\u00fczde 80\u2019inde fiyat sabitleyerek kendisini g\u00fcvence alt\u0131na ald\u0131\u011f\u0131n\u0131 vurgulad\u0131.<\/p>\n<p>&#13;<br \/>\n\tAncak rakiplerinin zay\u0131f sabitleme pozisyonlar\u0131 nedeniyle ciddi finansal darbo\u011faza girece\u011fini \u00f6ng\u00f6ren O\u2019Leary, Ryanair\u2019in g\u00fc\u00e7l\u00fc finansal yap\u0131s\u0131n\u0131 kullanarak bilet fiyatlar\u0131n\u0131 bask\u0131layaca\u011f\u0131n\u0131 ve bu durumun rakipleri \u00fczerindeki bask\u0131y\u0131 daha da art\u0131raca\u011f\u0131n\u0131 s\u00f6yledi.<\/p>\n<p>&#13;<br \/>\n\tMichael O\u2019Leary, ba\u015flang\u0131\u00e7ta haziran ay\u0131 i\u00e7in \u00f6ng\u00f6r\u00fclen jet yak\u0131t\u0131 tedarik krizinin, yak\u0131t \u015firketlerinden gelen son bilgiler do\u011frultusunda azald\u0131\u011f\u0131n\u0131 bildirdi.<\/p>\n<p>&#13;<br \/>\n\tTedarik\u00e7ilerle yap\u0131lan g\u00f6r\u00fc\u015fmelere dayanarak haziran sonuna kadar bir kesinti beklemediklerini belirten O\u2019Leary, &#8220;H\u00fcrm\u00fcz Bo\u011faz\u0131 en k\u0131sa s\u00fcrede trafi\u011fe a\u00e7\u0131lmal\u0131. <a href=\"https:\/\/www.trthaber.com\/etiket\/ingiltere\/\" target=\"_blank\">\u0130ngiltere<\/a> gibi <a href=\"https:\/\/www.trthaber.com\/etiket\/kuveyt\/\" target=\"_blank\">Kuveyt<\/a> petrol\u00fcne ba\u011f\u0131ml\u0131 pazarlarda risk azalsa da durum hassasiyetini koruyor.&#8221; de\u011ferlendirmesinde bulundu.<\/p>\n<h2>&#13;<br \/>\n\tH\u00fcrm\u00fcz Bo\u011faz\u0131\u2019ndaki blokaj maliyetleri katlad\u0131<\/h2>\n<p>&#13;<br \/>\n\tOrta Do\u011fu&#8217;da 28 \u015eubat\u2019ta ba\u015flayan \u00e7at\u0131\u015fmalar ve stratejik \u00f6neme sahip H\u00fcrm\u00fcz Bo\u011faz\u0131\u2019n\u0131n kapat\u0131lmas\u0131, Avrupa <a href=\"https:\/\/www.trthaber.com\/etiket\/enerji\/\" target=\"_blank\">enerji<\/a> piyasalar\u0131nda ve havac\u0131l\u0131k sekt\u00f6r\u00fcnde \u015fok dalgalar\u0131 olu\u015fturdu.<\/p>\n<p>&#13;<br \/>\n\tUluslararas\u0131 Hava Ta\u015f\u0131mac\u0131l\u0131\u011f\u0131 Birli\u011fi (IATA) verileri, jet yak\u0131t\u0131 fiyatlar\u0131n\u0131n tarihi bir h\u0131zla y\u00fckseldi\u011fini ortaya koydu.<\/p>\n<p>&#13;<br \/>\n\tIATA Jet Yak\u0131t Endeksi\u2019ne g\u00f6re, 27 \u015eubat\u2019ta varil ba\u015f\u0131na 99,4 <a href=\"https:\/\/www.trthaber.com\/etiket\/dolar\/\" target=\"_blank\">dolar<\/a> seviyesinde olan k\u00fcresel fiyatlar, sava\u015f\u0131n ba\u015flamas\u0131ndan sadece bir ay sonra, 3 Nisan itibar\u0131yla y\u00fczde 110 art\u0131\u015fla 209 dolara f\u0131rlad\u0131.<\/p>\n<p>&#13;<br \/>\n\tKuzeybat\u0131 Avrupa\u2019da navlun ve <a href=\"https:\/\/www.trthaber.com\/etiket\/sigorta\/\" target=\"_blank\">sigorta<\/a> dahil (CIF) fiyatlar ise varil ba\u015f\u0131na 216,9 dolar\u0131 g\u00f6rerek rekor k\u0131rd\u0131. 24 Nisan itibar\u0131yla fiyatlar 179,46 dolara gerilese de kriz \u00f6ncesi seviyelerin \u00e7ok \u00fczerinde seyretmeye devam ediyor.<\/p>\n<p>&#13;<br \/>\n\tKrizin merkezinde, k\u00fcresel <a href=\"https:\/\/www.trthaber.com\/etiket\/petrol\/\" target=\"_blank\">petrol<\/a> ticaretinin ana arteri olan H\u00fcrm\u00fcz Bo\u011faz\u0131&#8217;ndaki blokaj yer al\u0131yor. 28 \u015eubat&#8217;ta ba\u015flayan <a href=\"https:\/\/www.trthaber.com\/etiket\/savas\/\" target=\"_blank\">sava\u015f<\/a> sonras\u0131 <a href=\"https:\/\/www.trthaber.com\/etiket\/ticaret\/\" target=\"_blank\">ticaret<\/a> ak\u0131\u015f\u0131n\u0131n aksamas\u0131yla; g\u00fcnl\u00fck 15 milyon varil ham petrol ve 5 milyon varil petrol \u00fcr\u00fcn\u00fc sevkiyat\u0131nda b\u00fcy\u00fck \u00e7apl\u0131 kesintiler ya\u015fand\u0131. Bu durum, havac\u0131l\u0131k sekt\u00f6r\u00fcnde ciddi bir arz k\u0131s\u0131t\u0131 ve maliyet bask\u0131s\u0131 olu\u015fturdu.<\/p>\n<p>&#13;<br \/>\n\tOrta Do\u011fu&#8217;daki istikrars\u0131zl\u0131k sadece jet yak\u0131t\u0131n\u0131 de\u011fil, <a href=\"https:\/\/www.trthaber.com\/etiket\/dogal-gaz\/\" target=\"_blank\">do\u011fal gaz<\/a> ve ham petrol fiyatlar\u0131n\u0131 da tetikledi. <a href=\"https:\/\/www.trthaber.com\/etiket\/avrupa-birligi\/\" target=\"_blank\">Avrupa Birli\u011fi<\/a> (AB), sava\u015f\u0131n ba\u015flad\u0131\u011f\u0131 28 \u015eubat&#8217;tan bu yana enerji ithalat\u0131 i\u00e7in yakla\u015f\u0131k 24 milyar avro ek maliyetle kar\u015f\u0131 kar\u015f\u0131ya kald\u0131.<\/p>\n<h2>&#13;<br \/>\n\tSekt\u00f6rde kesintiler ve ek \u00fccretler ba\u015flad\u0131<\/h2>\n<p>&#13;<br \/>\n\tU\u00e7ak yak\u0131t\u0131 ihtiyac\u0131n\u0131n yakla\u015f\u0131k y\u00fczde 70&#8217;ini \u00f6z kaynaklar\u0131yla kar\u015f\u0131layabilen, geri kalan b\u00f6l\u00fcm\u00fcnde ise b\u00fcy\u00fck oranda Orta Do\u011fu ve K\u00f6rfez \u00fclkelerine ba\u011f\u0131ml\u0131 olan Avrupa Birli\u011fi (AB) rafinerileri, tedarik zincirindeki k\u0131r\u0131lma nedeniyle &#8220;k\u0131tl\u0131k&#8221; riski ya\u015fad\u0131.<\/p>\n<p>&#13;<br \/>\n\tYak\u0131t maliyetlerinin iki kat\u0131na \u00e7\u0131kmas\u0131, k\u0131ta genelinde operasyonel dengeleri alt\u00fcst ederken, havayolu \u015firketlerini kapasite d\u00fc\u015f\u00fcrmeye ve kitlesel u\u00e7u\u015f iptallerine zorlad\u0131.<\/p>\n<p>&#13;<br \/>\n\tArtan maliyet bask\u0131s\u0131 kar\u015f\u0131s\u0131nda Avrupa&#8217;n\u0131n \u00f6nde gelen havayolu \u015firketleri operasyonel stratejilerini yeniden yap\u0131land\u0131r\u0131yor.<\/p>\n<p>&#13;<br \/>\n\tAlman <a href=\"https:\/\/www.trthaber.com\/etiket\/hava-yolu\/\" target=\"_blank\">hava yolu<\/a> \u015firketi Lufthansa, yak\u0131t tasarrufu hedefleri do\u011frultusunda ekim ay\u0131na kadar 20 bin k\u0131sa mesafeli u\u00e7u\u015fu program\u0131ndan \u00e7\u0131kard\u0131.<\/p>\n<p>&#13;<br \/>\n\t\u0130ngiltere merkezli d\u00fc\u015f\u00fck maliyetli havayolu \u015firketi EasyJet, mart ay\u0131nda 25 milyon sterlin ek yak\u0131t faturas\u0131yla kar\u015f\u0131la\u015ft\u0131\u011f\u0131n\u0131 duyurdu. Y\u0131l\u0131n ilk yar\u0131s\u0131nda 540 ile 560 milyon sterlin aras\u0131nda zarar \u00f6ng\u00f6ren \u015firket, kapasite kesintilerinin yan\u0131 s\u0131ra bilet fiyatlar\u0131nda art\u0131\u015f sinyali verdi.<\/p>\n<p>&#13;<br \/>\n\t\u0130skandinavya Havayollar\u0131 (SAS) maliyetler nedeniyle bin u\u00e7u\u015fu iptal ederken, Hollandal\u0131 KLM kapasitesini 80 u\u00e7u\u015f azaltma karar\u0131 ald\u0131.<\/p>\n<p>&#13;<br \/>\n\tAir France-KLM Group ise artan giderleri s\u00fcbvanse etmek amac\u0131yla uzun mesafeli u\u00e7u\u015flarda yolcu ba\u015f\u0131na 100 avroluk &#8220;ek yak\u0131t harc\u0131&#8221; uygulamas\u0131na ge\u00e7ti.<\/p>\n<h2>&#13;<br \/>\n\tBr\u00fcksel devreye giriyor<\/h2>\n<p>&#13;<br \/>\n\tAvrupa Birli\u011fi (AB), Orta Do\u011fu\u2019da derinle\u015fen \u00e7at\u0131\u015fmalar\u0131n ve H\u00fcrm\u00fcz Bo\u011faz\u0131&#8217;ndaki arz daralmas\u0131n\u0131n tetikledi\u011fi enerji krizine kar\u015f\u0131 kapsaml\u0131 bir acil durum plan\u0131 haz\u0131rlad\u0131. Hava yolu \u015firketlerinin ve Uluslararas\u0131 Enerji Ajans\u0131 (UEA) Ba\u015fkan\u0131 Fatih Birol\u2019un &#8220;Avrupa k\u0131sa s\u00fcrede jet yak\u0131t\u0131 k\u0131tl\u0131\u011f\u0131 riskiyle kar\u015f\u0131la\u015fabilir&#8221; uyar\u0131s\u0131n\u0131n ard\u0131ndan harekete ge\u00e7en <a href=\"https:\/\/www.trthaber.com\/etiket\/ab\/\" target=\"_blank\">AB<\/a> Komisyonu, &#8220;AccelerateEU&#8221; plan\u0131n\u0131 kamuoyuna sundu.<\/p>\n<p>&#13;<br \/>\n\t\u0130thal <a href=\"https:\/\/www.trthaber.com\/etiket\/fosil\/\" target=\"_blank\">fosil<\/a> yak\u0131tlara ba\u011f\u0131ml\u0131l\u0131\u011f\u0131n son 5 y\u0131lda ikinci kez b\u00fcy\u00fck bir krize yol a\u00e7mas\u0131 \u00fczerine haz\u0131rlanan plan, havalimanlar\u0131 ve havayolu \u015firketleri aras\u0131ndaki koordinasyonu en \u00fcst seviyeye \u00e7\u0131karmay\u0131 hedefliyor.<\/p>\n<p>&#13;<br \/>\n\tPlana g\u00f6re, enerji alan\u0131nda AB d\u00fczeyinde daha g\u00fc\u00e7l\u00fc koordinasyon sa\u011flanacak. Gaz depolar\u0131n\u0131n doldurulmas\u0131, petrol stoklar\u0131n\u0131n kullan\u0131m\u0131, ulusal acil \u00f6nlemler ile jet yak\u0131t\u0131 ve <a href=\"https:\/\/www.trthaber.com\/etiket\/dizel\/\" target=\"_blank\">dizel<\/a> arz\u0131n\u0131n g\u00fcvence alt\u0131na al\u0131nmas\u0131 gibi alanlarda i\u015fbirli\u011fi art\u0131r\u0131lacak. \u00dcye \u00fclkelerin acil durum tedbirleri, petrol rafinerisi \u00fcretim kapasitesi de dahil olmak \u00fczere yak\u0131ndan koordine edilecek.<\/p>\n<p>&#13;<br \/>\n\tAB genelinde <a href=\"https:\/\/www.trthaber.com\/etiket\/ulasim\/\" target=\"_blank\">ula\u015f\u0131m<\/a> yak\u0131tlar\u0131n\u0131n \u00fcretimi, ithalat\u0131, ihracat\u0131 ve stok seviyelerini izlemek amac\u0131yla yeni bir &#8220;Yak\u0131t G\u00f6zlemevi&#8221; kurulacak.<\/p>\n<p>&#13;<br \/>\n\tBu mekanizma sayesinde olas\u0131 yak\u0131t k\u0131tl\u0131klar\u0131 h\u0131zl\u0131 \u015fekilde tespit edilecek ve acil durumlarda dengeli yak\u0131t da\u011f\u0131l\u0131m\u0131 sa\u011flanacak.<\/p>\n<p>&#13;<br \/>\n\tKomisyon, y\u00fcksek jet yak\u0131t\u0131 fiyatlar\u0131 ve olas\u0131 arz s\u0131k\u0131nt\u0131lar\u0131n\u0131n havac\u0131l\u0131k sekt\u00f6r\u00fc \u00fczerindeki etkisini azaltmak i\u00e7in mevcut AB havac\u0131l\u0131k kurallar\u0131ndaki esnekliklere a\u00e7\u0131kl\u0131k getirecek.<\/p>\n<p>&#13;<br \/>\n\tEnerji analistleri, AB\u2019nin bu ad\u0131mlar\u0131n\u0131n stratejik \u00f6nemine dikkat \u00e7ekmekle birlikte, plan\u0131n s\u0131n\u0131rlar\u0131na i\u015faret ediyor.<\/p>\n<p>&#13;<br \/>\n\tUzmanlara g\u00f6re &#8220;AccelerateEU&#8221;, jet yak\u0131t\u0131 fiyatlar\u0131n\u0131 do\u011frudan d\u00fc\u015f\u00fcrmekten ziyade, arz zincirindeki kopmalar\u0131 engellemeye ve olas\u0131 bir fiziksel yak\u0131t k\u0131tl\u0131\u011f\u0131n\u0131n \u00f6n\u00fcne ge\u00e7meye odaklan\u0131yor.<\/p>\n<\/p><\/div>\n","protected":false},"excerpt":{"rendered":"<p>&#13; O\u2019Leary, CNBC televizyonuna verdi\u011fi r\u00f6portajda, havac\u0131l\u0131k sekt\u00f6r\u00fcn\u00fcn Orta Do\u011fu kaynakl\u0131 jeopolitik riskler ve artan maliyet bask\u0131lar\u0131yla kar\u015f\u0131 kar\u015f\u0131ya oldu\u011funu belirtti. &#13; U\u00e7ak yak\u0131t\u0131n\u0131n (Jet A-1) varil ba\u015f\u0131na 80 dolardan 150 dolar\u0131n \u00fczerine y\u00fckseli\u015fine dikkati \u00e7eken O\u2019Leary, &#8220;Fiyatlar temmuz, a\u011fustos ve eyl\u00fcl aylar\u0131nda da bu seviyelerde kal\u0131rsa, Avrupa havayolu \u015firketlerinin birer birer havlu att\u0131\u011f\u0131n\u0131 g\u00f6receksiniz.&#8221; [&hellip;]<\/p>\n","protected":false},"author":1,"featured_media":37575,"comment_status":"open","ping_status":"open","sticky":false,"template":"","format":"standard","meta":{"jnews-multi-image_gallery":[],"jnews_single_post":[],"jnews_primary_category":[],"jnews_social_meta":[],"jnews_override_counter":[],"footnotes":""},"categories":[2],"tags":[],"class_list":["post-37574","post","type-post","status-publish","format-standard","has-post-thumbnail","hentry","category-dunya"],"yoast_head":"<!-- This site is optimized with the Yoast SEO plugin v27.5 - https:\/\/yoast.com\/product\/yoast-seo-wordpress\/ -->\n<title>Ryanair CEO&#039;su Michael OLeary&#039;den Avrupa havac\u0131l\u0131k sekt\u00f6r\u00fc i\u00e7in iflas uyar\u0131s\u0131 - Kuzeyin Sesi<\/title>\n<meta name=\"robots\" content=\"index, follow, max-snippet:-1, max-image-preview:large, max-video-preview:-1\" \/>\n<link rel=\"canonical\" href=\"https:\/\/kuzeyinsesi.org\/index.php\/2026\/04\/29\/ryanair-ceosu-michael-olearyden-avrupa-havacilik-sektoru-icin-iflas-uyarisi\/\" \/>\n<meta property=\"og:locale\" content=\"tr_TR\" \/>\n<meta property=\"og:type\" content=\"article\" \/>\n<meta property=\"og:title\" content=\"Ryanair CEO&#039;su Michael OLeary&#039;den Avrupa havac\u0131l\u0131k sekt\u00f6r\u00fc i\u00e7in iflas uyar\u0131s\u0131 - Kuzeyin Sesi\" \/>\n<meta property=\"og:description\" content=\"&#013; O\u2019Leary, CNBC televizyonuna verdi\u011fi r\u00f6portajda, havac\u0131l\u0131k sekt\u00f6r\u00fcn\u00fcn Orta Do\u011fu kaynakl\u0131 jeopolitik riskler ve artan maliyet bask\u0131lar\u0131yla kar\u015f\u0131 kar\u015f\u0131ya oldu\u011funu belirtti. &#013; U\u00e7ak yak\u0131t\u0131n\u0131n (Jet A-1) varil ba\u015f\u0131na 80 dolardan 150 dolar\u0131n \u00fczerine y\u00fckseli\u015fine dikkati \u00e7eken O\u2019Leary, &#8220;Fiyatlar temmuz, a\u011fustos ve eyl\u00fcl aylar\u0131nda da bu seviyelerde kal\u0131rsa, Avrupa havayolu \u015firketlerinin birer birer havlu att\u0131\u011f\u0131n\u0131 g\u00f6receksiniz.&#8221; [&hellip;]\" \/>\n<meta property=\"og:url\" content=\"https:\/\/kuzeyinsesi.org\/index.php\/2026\/04\/29\/ryanair-ceosu-michael-olearyden-avrupa-havacilik-sektoru-icin-iflas-uyarisi\/\" \/>\n<meta property=\"og:site_name\" content=\"Kuzeyin Sesi\" \/>\n<meta property=\"article:publisher\" content=\"https:\/\/www.facebook.com\/kuzeyinsesii\" \/>\n<meta property=\"article:published_time\" content=\"2026-04-29T08:14:36+00:00\" \/>\n<meta property=\"og:image\" content=\"https:\/\/trthaberstatic.cdn.wp.trt.com.tr\/resimler\/1892000\/ryanair-reu-1893508.jpg\" \/>\n<meta name=\"author\" content=\"Kuzeyin Sesi\" \/>\n<meta name=\"twitter:card\" content=\"summary_large_image\" \/>\n<meta name=\"twitter:creator\" content=\"@kuzeyinsesii\" \/>\n<meta name=\"twitter:site\" content=\"@kuzeyinsesii\" \/>\n<meta name=\"twitter:label1\" content=\"Yazan:\" \/>\n\t<meta name=\"twitter:data1\" content=\"Kuzeyin Sesi\" \/>\n\t<meta name=\"twitter:label2\" content=\"Tahmini okuma s\u00fcresi\" \/>\n\t<meta name=\"twitter:data2\" content=\"5 dakika\" \/>\n<script type=\"application\/ld+json\" class=\"yoast-schema-graph\">{\"@context\":\"https:\\\/\\\/schema.org\",\"@graph\":[{\"@type\":\"Article\",\"@id\":\"https:\\\/\\\/kuzeyinsesi.org\\\/index.php\\\/2026\\\/04\\\/29\\\/ryanair-ceosu-michael-olearyden-avrupa-havacilik-sektoru-icin-iflas-uyarisi\\\/#article\",\"isPartOf\":{\"@id\":\"https:\\\/\\\/kuzeyinsesi.org\\\/index.php\\\/2026\\\/04\\\/29\\\/ryanair-ceosu-michael-olearyden-avrupa-havacilik-sektoru-icin-iflas-uyarisi\\\/\"},\"author\":{\"name\":\"Kuzeyin Sesi\",\"@id\":\"https:\\\/\\\/kuzeyinsesi.org\\\/#\\\/schema\\\/person\\\/9f859689cdf01485597712386e37f5aa\"},\"headline\":\"Ryanair CEO&#039;su Michael OLeary&#039;den Avrupa havac\u0131l\u0131k sekt\u00f6r\u00fc i\u00e7in iflas uyar\u0131s\u0131\",\"datePublished\":\"2026-04-29T08:14:36+00:00\",\"mainEntityOfPage\":{\"@id\":\"https:\\\/\\\/kuzeyinsesi.org\\\/index.php\\\/2026\\\/04\\\/29\\\/ryanair-ceosu-michael-olearyden-avrupa-havacilik-sektoru-icin-iflas-uyarisi\\\/\"},\"wordCount\":1075,\"commentCount\":0,\"image\":{\"@id\":\"https:\\\/\\\/kuzeyinsesi.org\\\/index.php\\\/2026\\\/04\\\/29\\\/ryanair-ceosu-michael-olearyden-avrupa-havacilik-sektoru-icin-iflas-uyarisi\\\/#primaryimage\"},\"thumbnailUrl\":\"https:\\\/\\\/kuzeyinsesi.org\\\/wp-content\\\/uploads\\\/2026\\\/04\\\/ryanair-reu-1893508.jpg\",\"articleSection\":[\"D\u00fcnya\"],\"inLanguage\":\"tr\",\"potentialAction\":[{\"@type\":\"CommentAction\",\"name\":\"Comment\",\"target\":[\"https:\\\/\\\/kuzeyinsesi.org\\\/index.php\\\/2026\\\/04\\\/29\\\/ryanair-ceosu-michael-olearyden-avrupa-havacilik-sektoru-icin-iflas-uyarisi\\\/#respond\"]}]},{\"@type\":\"WebPage\",\"@id\":\"https:\\\/\\\/kuzeyinsesi.org\\\/index.php\\\/2026\\\/04\\\/29\\\/ryanair-ceosu-michael-olearyden-avrupa-havacilik-sektoru-icin-iflas-uyarisi\\\/\",\"url\":\"https:\\\/\\\/kuzeyinsesi.org\\\/index.php\\\/2026\\\/04\\\/29\\\/ryanair-ceosu-michael-olearyden-avrupa-havacilik-sektoru-icin-iflas-uyarisi\\\/\",\"name\":\"Ryanair CEO&#039;su Michael OLeary&#039;den Avrupa havac\u0131l\u0131k sekt\u00f6r\u00fc i\u00e7in iflas uyar\u0131s\u0131 - Kuzeyin Sesi\",\"isPartOf\":{\"@id\":\"https:\\\/\\\/kuzeyinsesi.org\\\/#website\"},\"primaryImageOfPage\":{\"@id\":\"https:\\\/\\\/kuzeyinsesi.org\\\/index.php\\\/2026\\\/04\\\/29\\\/ryanair-ceosu-michael-olearyden-avrupa-havacilik-sektoru-icin-iflas-uyarisi\\\/#primaryimage\"},\"image\":{\"@id\":\"https:\\\/\\\/kuzeyinsesi.org\\\/index.php\\\/2026\\\/04\\\/29\\\/ryanair-ceosu-michael-olearyden-avrupa-havacilik-sektoru-icin-iflas-uyarisi\\\/#primaryimage\"},\"thumbnailUrl\":\"https:\\\/\\\/kuzeyinsesi.org\\\/wp-content\\\/uploads\\\/2026\\\/04\\\/ryanair-reu-1893508.jpg\",\"datePublished\":\"2026-04-29T08:14:36+00:00\",\"author\":{\"@id\":\"https:\\\/\\\/kuzeyinsesi.org\\\/#\\\/schema\\\/person\\\/9f859689cdf01485597712386e37f5aa\"},\"breadcrumb\":{\"@id\":\"https:\\\/\\\/kuzeyinsesi.org\\\/index.php\\\/2026\\\/04\\\/29\\\/ryanair-ceosu-michael-olearyden-avrupa-havacilik-sektoru-icin-iflas-uyarisi\\\/#breadcrumb\"},\"inLanguage\":\"tr\",\"potentialAction\":[{\"@type\":\"ReadAction\",\"target\":[\"https:\\\/\\\/kuzeyinsesi.org\\\/index.php\\\/2026\\\/04\\\/29\\\/ryanair-ceosu-michael-olearyden-avrupa-havacilik-sektoru-icin-iflas-uyarisi\\\/\"]}]},{\"@type\":\"ImageObject\",\"inLanguage\":\"tr\",\"@id\":\"https:\\\/\\\/kuzeyinsesi.org\\\/index.php\\\/2026\\\/04\\\/29\\\/ryanair-ceosu-michael-olearyden-avrupa-havacilik-sektoru-icin-iflas-uyarisi\\\/#primaryimage\",\"url\":\"https:\\\/\\\/kuzeyinsesi.org\\\/wp-content\\\/uploads\\\/2026\\\/04\\\/ryanair-reu-1893508.jpg\",\"contentUrl\":\"https:\\\/\\\/kuzeyinsesi.org\\\/wp-content\\\/uploads\\\/2026\\\/04\\\/ryanair-reu-1893508.jpg\",\"width\":1280,\"height\":720},{\"@type\":\"BreadcrumbList\",\"@id\":\"https:\\\/\\\/kuzeyinsesi.org\\\/index.php\\\/2026\\\/04\\\/29\\\/ryanair-ceosu-michael-olearyden-avrupa-havacilik-sektoru-icin-iflas-uyarisi\\\/#breadcrumb\",\"itemListElement\":[{\"@type\":\"ListItem\",\"position\":1,\"name\":\"Anasayfa\",\"item\":\"https:\\\/\\\/kuzeyinsesi.org\\\/\"},{\"@type\":\"ListItem\",\"position\":2,\"name\":\"Ryanair CEO&#039;su Michael OLeary&#039;den Avrupa havac\u0131l\u0131k sekt\u00f6r\u00fc i\u00e7in iflas uyar\u0131s\u0131\"}]},{\"@type\":\"WebSite\",\"@id\":\"https:\\\/\\\/kuzeyinsesi.org\\\/#website\",\"url\":\"https:\\\/\\\/kuzeyinsesi.org\\\/\",\"name\":\"Kuzeyin Sesi\",\"description\":\"Do\u011fru Haberin Adresi\",\"potentialAction\":[{\"@type\":\"SearchAction\",\"target\":{\"@type\":\"EntryPoint\",\"urlTemplate\":\"https:\\\/\\\/kuzeyinsesi.org\\\/?s={search_term_string}\"},\"query-input\":{\"@type\":\"PropertyValueSpecification\",\"valueRequired\":true,\"valueName\":\"search_term_string\"}}],\"inLanguage\":\"tr\"},{\"@type\":\"Person\",\"@id\":\"https:\\\/\\\/kuzeyinsesi.org\\\/#\\\/schema\\\/person\\\/9f859689cdf01485597712386e37f5aa\",\"name\":\"Kuzeyin Sesi\",\"image\":{\"@type\":\"ImageObject\",\"inLanguage\":\"tr\",\"@id\":\"https:\\\/\\\/secure.gravatar.com\\\/avatar\\\/bab33852abfd8b282518d6ed81826833d77c3c882d9ab608add591ccace47a44?s=96&d=mm&r=g\",\"url\":\"https:\\\/\\\/secure.gravatar.com\\\/avatar\\\/bab33852abfd8b282518d6ed81826833d77c3c882d9ab608add591ccace47a44?s=96&d=mm&r=g\",\"contentUrl\":\"https:\\\/\\\/secure.gravatar.com\\\/avatar\\\/bab33852abfd8b282518d6ed81826833d77c3c882d9ab608add591ccace47a44?s=96&d=mm&r=g\",\"caption\":\"Kuzeyin Sesi\"},\"sameAs\":[\"https:\\\/\\\/kuzeyinsesi.org\"],\"url\":\"https:\\\/\\\/kuzeyinsesi.org\\\/index.php\\\/author\\\/guven\\\/\"}]}<\/script>\n<!-- \/ Yoast SEO plugin. -->","yoast_head_json":{"title":"Ryanair CEO&#039;su Michael OLeary&#039;den Avrupa havac\u0131l\u0131k sekt\u00f6r\u00fc i\u00e7in iflas uyar\u0131s\u0131 - Kuzeyin Sesi","robots":{"index":"index","follow":"follow","max-snippet":"max-snippet:-1","max-image-preview":"max-image-preview:large","max-video-preview":"max-video-preview:-1"},"canonical":"https:\/\/kuzeyinsesi.org\/index.php\/2026\/04\/29\/ryanair-ceosu-michael-olearyden-avrupa-havacilik-sektoru-icin-iflas-uyarisi\/","og_locale":"tr_TR","og_type":"article","og_title":"Ryanair CEO&#039;su Michael OLeary&#039;den Avrupa havac\u0131l\u0131k sekt\u00f6r\u00fc i\u00e7in iflas uyar\u0131s\u0131 - Kuzeyin Sesi","og_description":"&#13; O\u2019Leary, CNBC televizyonuna verdi\u011fi r\u00f6portajda, havac\u0131l\u0131k sekt\u00f6r\u00fcn\u00fcn Orta Do\u011fu kaynakl\u0131 jeopolitik riskler ve artan maliyet bask\u0131lar\u0131yla kar\u015f\u0131 kar\u015f\u0131ya oldu\u011funu belirtti. &#13; U\u00e7ak yak\u0131t\u0131n\u0131n (Jet A-1) varil ba\u015f\u0131na 80 dolardan 150 dolar\u0131n \u00fczerine y\u00fckseli\u015fine dikkati \u00e7eken O\u2019Leary, &#8220;Fiyatlar temmuz, a\u011fustos ve eyl\u00fcl aylar\u0131nda da bu seviyelerde kal\u0131rsa, Avrupa havayolu \u015firketlerinin birer birer havlu att\u0131\u011f\u0131n\u0131 g\u00f6receksiniz.&#8221; [&hellip;]","og_url":"https:\/\/kuzeyinsesi.org\/index.php\/2026\/04\/29\/ryanair-ceosu-michael-olearyden-avrupa-havacilik-sektoru-icin-iflas-uyarisi\/","og_site_name":"Kuzeyin Sesi","article_publisher":"https:\/\/www.facebook.com\/kuzeyinsesii","article_published_time":"2026-04-29T08:14:36+00:00","og_image":[{"url":"https:\/\/trthaberstatic.cdn.wp.trt.com.tr\/resimler\/1892000\/ryanair-reu-1893508.jpg","type":"","width":"","height":""}],"author":"Kuzeyin Sesi","twitter_card":"summary_large_image","twitter_creator":"@kuzeyinsesii","twitter_site":"@kuzeyinsesii","twitter_misc":{"Yazan:":"Kuzeyin Sesi","Tahmini okuma s\u00fcresi":"5 dakika"},"schema":{"@context":"https:\/\/schema.org","@graph":[{"@type":"Article","@id":"https:\/\/kuzeyinsesi.org\/index.php\/2026\/04\/29\/ryanair-ceosu-michael-olearyden-avrupa-havacilik-sektoru-icin-iflas-uyarisi\/#article","isPartOf":{"@id":"https:\/\/kuzeyinsesi.org\/index.php\/2026\/04\/29\/ryanair-ceosu-michael-olearyden-avrupa-havacilik-sektoru-icin-iflas-uyarisi\/"},"author":{"name":"Kuzeyin Sesi","@id":"https:\/\/kuzeyinsesi.org\/#\/schema\/person\/9f859689cdf01485597712386e37f5aa"},"headline":"Ryanair CEO&#039;su Michael OLeary&#039;den Avrupa havac\u0131l\u0131k sekt\u00f6r\u00fc i\u00e7in iflas uyar\u0131s\u0131","datePublished":"2026-04-29T08:14:36+00:00","mainEntityOfPage":{"@id":"https:\/\/kuzeyinsesi.org\/index.php\/2026\/04\/29\/ryanair-ceosu-michael-olearyden-avrupa-havacilik-sektoru-icin-iflas-uyarisi\/"},"wordCount":1075,"commentCount":0,"image":{"@id":"https:\/\/kuzeyinsesi.org\/index.php\/2026\/04\/29\/ryanair-ceosu-michael-olearyden-avrupa-havacilik-sektoru-icin-iflas-uyarisi\/#primaryimage"},"thumbnailUrl":"https:\/\/kuzeyinsesi.org\/wp-content\/uploads\/2026\/04\/ryanair-reu-1893508.jpg","articleSection":["D\u00fcnya"],"inLanguage":"tr","potentialAction":[{"@type":"CommentAction","name":"Comment","target":["https:\/\/kuzeyinsesi.org\/index.php\/2026\/04\/29\/ryanair-ceosu-michael-olearyden-avrupa-havacilik-sektoru-icin-iflas-uyarisi\/#respond"]}]},{"@type":"WebPage","@id":"https:\/\/kuzeyinsesi.org\/index.php\/2026\/04\/29\/ryanair-ceosu-michael-olearyden-avrupa-havacilik-sektoru-icin-iflas-uyarisi\/","url":"https:\/\/kuzeyinsesi.org\/index.php\/2026\/04\/29\/ryanair-ceosu-michael-olearyden-avrupa-havacilik-sektoru-icin-iflas-uyarisi\/","name":"Ryanair CEO&#039;su Michael OLeary&#039;den Avrupa havac\u0131l\u0131k sekt\u00f6r\u00fc i\u00e7in iflas uyar\u0131s\u0131 - Kuzeyin Sesi","isPartOf":{"@id":"https:\/\/kuzeyinsesi.org\/#website"},"primaryImageOfPage":{"@id":"https:\/\/kuzeyinsesi.org\/index.php\/2026\/04\/29\/ryanair-ceosu-michael-olearyden-avrupa-havacilik-sektoru-icin-iflas-uyarisi\/#primaryimage"},"image":{"@id":"https:\/\/kuzeyinsesi.org\/index.php\/2026\/04\/29\/ryanair-ceosu-michael-olearyden-avrupa-havacilik-sektoru-icin-iflas-uyarisi\/#primaryimage"},"thumbnailUrl":"https:\/\/kuzeyinsesi.org\/wp-content\/uploads\/2026\/04\/ryanair-reu-1893508.jpg","datePublished":"2026-04-29T08:14:36+00:00","author":{"@id":"https:\/\/kuzeyinsesi.org\/#\/schema\/person\/9f859689cdf01485597712386e37f5aa"},"breadcrumb":{"@id":"https:\/\/kuzeyinsesi.org\/index.php\/2026\/04\/29\/ryanair-ceosu-michael-olearyden-avrupa-havacilik-sektoru-icin-iflas-uyarisi\/#breadcrumb"},"inLanguage":"tr","potentialAction":[{"@type":"ReadAction","target":["https:\/\/kuzeyinsesi.org\/index.php\/2026\/04\/29\/ryanair-ceosu-michael-olearyden-avrupa-havacilik-sektoru-icin-iflas-uyarisi\/"]}]},{"@type":"ImageObject","inLanguage":"tr","@id":"https:\/\/kuzeyinsesi.org\/index.php\/2026\/04\/29\/ryanair-ceosu-michael-olearyden-avrupa-havacilik-sektoru-icin-iflas-uyarisi\/#primaryimage","url":"https:\/\/kuzeyinsesi.org\/wp-content\/uploads\/2026\/04\/ryanair-reu-1893508.jpg","contentUrl":"https:\/\/kuzeyinsesi.org\/wp-content\/uploads\/2026\/04\/ryanair-reu-1893508.jpg","width":1280,"height":720},{"@type":"BreadcrumbList","@id":"https:\/\/kuzeyinsesi.org\/index.php\/2026\/04\/29\/ryanair-ceosu-michael-olearyden-avrupa-havacilik-sektoru-icin-iflas-uyarisi\/#breadcrumb","itemListElement":[{"@type":"ListItem","position":1,"name":"Anasayfa","item":"https:\/\/kuzeyinsesi.org\/"},{"@type":"ListItem","position":2,"name":"Ryanair CEO&#039;su Michael OLeary&#039;den Avrupa havac\u0131l\u0131k sekt\u00f6r\u00fc i\u00e7in iflas uyar\u0131s\u0131"}]},{"@type":"WebSite","@id":"https:\/\/kuzeyinsesi.org\/#website","url":"https:\/\/kuzeyinsesi.org\/","name":"Kuzeyin Sesi","description":"Do\u011fru Haberin Adresi","potentialAction":[{"@type":"SearchAction","target":{"@type":"EntryPoint","urlTemplate":"https:\/\/kuzeyinsesi.org\/?s={search_term_string}"},"query-input":{"@type":"PropertyValueSpecification","valueRequired":true,"valueName":"search_term_string"}}],"inLanguage":"tr"},{"@type":"Person","@id":"https:\/\/kuzeyinsesi.org\/#\/schema\/person\/9f859689cdf01485597712386e37f5aa","name":"Kuzeyin Sesi","image":{"@type":"ImageObject","inLanguage":"tr","@id":"https:\/\/secure.gravatar.com\/avatar\/bab33852abfd8b282518d6ed81826833d77c3c882d9ab608add591ccace47a44?s=96&d=mm&r=g","url":"https:\/\/secure.gravatar.com\/avatar\/bab33852abfd8b282518d6ed81826833d77c3c882d9ab608add591ccace47a44?s=96&d=mm&r=g","contentUrl":"https:\/\/secure.gravatar.com\/avatar\/bab33852abfd8b282518d6ed81826833d77c3c882d9ab608add591ccace47a44?s=96&d=mm&r=g","caption":"Kuzeyin Sesi"},"sameAs":["https:\/\/kuzeyinsesi.org"],"url":"https:\/\/kuzeyinsesi.org\/index.php\/author\/guven\/"}]}},"_links":{"self":[{"href":"https:\/\/kuzeyinsesi.org\/index.php\/wp-json\/wp\/v2\/posts\/37574","targetHints":{"allow":["GET"]}}],"collection":[{"href":"https:\/\/kuzeyinsesi.org\/index.php\/wp-json\/wp\/v2\/posts"}],"about":[{"href":"https:\/\/kuzeyinsesi.org\/index.php\/wp-json\/wp\/v2\/types\/post"}],"author":[{"embeddable":true,"href":"https:\/\/kuzeyinsesi.org\/index.php\/wp-json\/wp\/v2\/users\/1"}],"replies":[{"embeddable":true,"href":"https:\/\/kuzeyinsesi.org\/index.php\/wp-json\/wp\/v2\/comments?post=37574"}],"version-history":[{"count":0,"href":"https:\/\/kuzeyinsesi.org\/index.php\/wp-json\/wp\/v2\/posts\/37574\/revisions"}],"wp:featuredmedia":[{"embeddable":true,"href":"https:\/\/kuzeyinsesi.org\/index.php\/wp-json\/wp\/v2\/media\/37575"}],"wp:attachment":[{"href":"https:\/\/kuzeyinsesi.org\/index.php\/wp-json\/wp\/v2\/media?parent=37574"}],"wp:term":[{"taxonomy":"category","embeddable":true,"href":"https:\/\/kuzeyinsesi.org\/index.php\/wp-json\/wp\/v2\/categories?post=37574"},{"taxonomy":"post_tag","embeddable":true,"href":"https:\/\/kuzeyinsesi.org\/index.php\/wp-json\/wp\/v2\/tags?post=37574"}],"curies":[{"name":"wp","href":"https:\/\/api.w.org\/{rel}","templated":true}]}}