{"id":37573,"date":"2026-04-29T10:43:28","date_gmt":"2026-04-29T07:43:28","guid":{"rendered":"https:\/\/kuzeyinsesi.org\/index.php\/2026\/04\/29\/iran-limanlarina-yonelik-abluka-haberi-petrol-fiyatlarini-yukseltti\/"},"modified":"2026-04-29T10:43:28","modified_gmt":"2026-04-29T07:43:28","slug":"iran-limanlarina-yonelik-abluka-haberi-petrol-fiyatlarini-yukseltti","status":"publish","type":"post","link":"https:\/\/kuzeyinsesi.org\/index.php\/2026\/04\/29\/iran-limanlarina-yonelik-abluka-haberi-petrol-fiyatlarini-yukseltti\/","title":{"rendered":"\u0130ran limanlar\u0131na y\u00f6nelik abluka haberi petrol fiyatlar\u0131n\u0131 y\u00fckseltti"},"content":{"rendered":"<p><\/p>\n<div>\n<p>&#13;<br \/>\n\tWall Street Journal gazetesinin ABD&#8217;li yetkililere dayand\u0131rd\u0131\u011f\u0131 haberine g\u00f6re Trump, <a href=\"https:\/\/www.trthaber.com\/etiket\/iran\/\" target=\"_blank\">\u0130ran<\/a> ekonomisi ve <a href=\"https:\/\/www.trthaber.com\/etiket\/petrol\/\" target=\"_blank\">petrol<\/a> ihracat\u0131 \u00fczerindeki bask\u0131y\u0131 art\u0131rma karar\u0131 ald\u0131. Bu kapsamda \u0130ran limanlar\u0131na y\u00f6nelik sevkiyatlar\u0131n engellenerek Tahran y\u00f6netiminin k\u0131skaca al\u0131nmas\u0131 hedefleniyor.<\/p>\n<h2>&#13;<br \/>\n\tPiyasalarda y\u00fckseli\u015f sekizinci g\u00fcn\u00fcne girdi<\/h2>\n<p>&#13;<br \/>\n\tK\u00fcresel petrol piyasalar\u0131nda g\u00f6sterge kabul edilen Brent petrol\u00fcn haziran ay\u0131 vadeli kontratlar\u0131, GMT ile 01.54&#8217;te y\u00fczde 0,47 oran\u0131nda de\u011fer kazanarak varil ba\u015f\u0131na 111,78 dolara ula\u015ft\u0131.<\/p>\n<p>&#13;<br \/>\n\tBu art\u0131\u015fla birlikte Brent petrolde \u00fcst \u00fcste sekizinci i\u015flem g\u00fcn\u00fcnde de de\u011fer kazanc\u0131 kaydedildi.<\/p>\n<p>&#13;<br \/>\n\tPer\u015fembe g\u00fcn\u00fc vadesi dolacak olan haziran kontrat\u0131n\u0131n yan\u0131 s\u0131ra, daha yo\u011fun i\u015flem g\u00f6ren temmuz vadeli kontratlar da y\u00fczde 0,4 y\u00fckseli\u015fle 104,84 dolardan i\u015flem g\u00f6rd\u00fc.<\/p>\n<h2>&#13;<br \/>\n\t<a href=\"https:\/\/www.trthaber.com\/etiket\/abd\/\" target=\"_blank\">ABD<\/a> ham petrol\u00fc 100 <a href=\"https:\/\/www.trthaber.com\/etiket\/dolar\/\" target=\"_blank\">dolar<\/a> s\u0131n\u0131r\u0131n\u0131 a\u015ft\u0131<\/h2>\n<p>&#13;<br \/>\n\tABD Bat\u0131 Teksas t\u00fcr\u00fc (WTI) ham petrol\u00fcn haziran vadeli kontratlar\u0131 da 57 sentlik art\u0131\u015fla varil ba\u015f\u0131na 100,50 dolara \u00e7\u0131kt\u0131. Bir \u00f6nceki seansta y\u00fczde 3,7 oran\u0131nda sert bir y\u00fckseli\u015f kaydeden WTI fiyatlar\u0131, son sekiz i\u015flem g\u00fcn\u00fcn\u00fcn yedisini kazan\u00e7la kapatt\u0131.\u00a0\u00a0<\/p>\n<\/p><\/div>\n","protected":false},"excerpt":{"rendered":"<p>&#13; Wall Street Journal gazetesinin ABD&#8217;li yetkililere dayand\u0131rd\u0131\u011f\u0131 haberine g\u00f6re Trump, \u0130ran ekonomisi ve petrol ihracat\u0131 \u00fczerindeki bask\u0131y\u0131 art\u0131rma karar\u0131 ald\u0131. Bu kapsamda \u0130ran limanlar\u0131na y\u00f6nelik sevkiyatlar\u0131n engellenerek Tahran y\u00f6netiminin k\u0131skaca al\u0131nmas\u0131 hedefleniyor. &#13; Piyasalarda y\u00fckseli\u015f sekizinci g\u00fcn\u00fcne girdi &#13; K\u00fcresel petrol piyasalar\u0131nda g\u00f6sterge kabul edilen Brent petrol\u00fcn haziran ay\u0131 vadeli kontratlar\u0131, GMT ile 01.54&#8217;te [&hellip;]<\/p>\n","protected":false},"author":1,"featured_media":37151,"comment_status":"open","ping_status":"open","sticky":false,"template":"","format":"standard","meta":{"jnews-multi-image_gallery":[],"jnews_single_post":[],"jnews_primary_category":[],"jnews_social_meta":[],"jnews_override_counter":[],"footnotes":""},"categories":[2],"tags":[],"class_list":["post-37573","post","type-post","status-publish","format-standard","has-post-thumbnail","hentry","category-dunya"],"yoast_head":"<!-- This site is optimized with the Yoast SEO plugin v27.5 - https:\/\/yoast.com\/product\/yoast-seo-wordpress\/ -->\n<title>\u0130ran limanlar\u0131na y\u00f6nelik abluka haberi petrol fiyatlar\u0131n\u0131 y\u00fckseltti - Kuzeyin Sesi<\/title>\n<meta name=\"robots\" content=\"index, follow, max-snippet:-1, max-image-preview:large, max-video-preview:-1\" \/>\n<link rel=\"canonical\" href=\"https:\/\/kuzeyinsesi.org\/index.php\/2026\/04\/29\/iran-limanlarina-yonelik-abluka-haberi-petrol-fiyatlarini-yukseltti\/\" \/>\n<meta property=\"og:locale\" content=\"tr_TR\" \/>\n<meta property=\"og:type\" content=\"article\" \/>\n<meta property=\"og:title\" content=\"\u0130ran limanlar\u0131na y\u00f6nelik abluka haberi petrol fiyatlar\u0131n\u0131 y\u00fckseltti - Kuzeyin Sesi\" \/>\n<meta property=\"og:description\" content=\"&#013; Wall Street Journal gazetesinin ABD&#8217;li yetkililere dayand\u0131rd\u0131\u011f\u0131 haberine g\u00f6re Trump, \u0130ran ekonomisi ve petrol ihracat\u0131 \u00fczerindeki bask\u0131y\u0131 art\u0131rma karar\u0131 ald\u0131. Bu kapsamda \u0130ran limanlar\u0131na y\u00f6nelik sevkiyatlar\u0131n engellenerek Tahran y\u00f6netiminin k\u0131skaca al\u0131nmas\u0131 hedefleniyor. &#013; Piyasalarda y\u00fckseli\u015f sekizinci g\u00fcn\u00fcne girdi &#013; K\u00fcresel petrol piyasalar\u0131nda g\u00f6sterge kabul edilen Brent petrol\u00fcn haziran ay\u0131 vadeli kontratlar\u0131, GMT ile 01.54&#8217;te [&hellip;]\" \/>\n<meta property=\"og:url\" content=\"https:\/\/kuzeyinsesi.org\/index.php\/2026\/04\/29\/iran-limanlarina-yonelik-abluka-haberi-petrol-fiyatlarini-yukseltti\/\" \/>\n<meta property=\"og:site_name\" content=\"Kuzeyin Sesi\" \/>\n<meta property=\"article:publisher\" content=\"https:\/\/www.facebook.com\/kuzeyinsesii\" \/>\n<meta property=\"article:published_time\" content=\"2026-04-29T07:43:28+00:00\" \/>\n<meta property=\"og:image\" content=\"https:\/\/trthaberstatic.cdn.wp.trt.com.tr\/resimler\/2446000\/iran-petrol-reuters-2446545.jpg\" \/>\n<meta name=\"author\" content=\"Kuzeyin Sesi\" \/>\n<meta name=\"twitter:card\" content=\"summary_large_image\" \/>\n<meta name=\"twitter:creator\" content=\"@kuzeyinsesii\" \/>\n<meta name=\"twitter:site\" content=\"@kuzeyinsesii\" \/>\n<meta name=\"twitter:label1\" content=\"Yazan:\" \/>\n\t<meta name=\"twitter:data1\" content=\"Kuzeyin Sesi\" \/>\n\t<meta name=\"twitter:label2\" content=\"Tahmini okuma s\u00fcresi\" \/>\n\t<meta name=\"twitter:data2\" content=\"1 dakika\" \/>\n<script type=\"application\/ld+json\" class=\"yoast-schema-graph\">{\"@context\":\"https:\\\/\\\/schema.org\",\"@graph\":[{\"@type\":\"Article\",\"@id\":\"https:\\\/\\\/kuzeyinsesi.org\\\/index.php\\\/2026\\\/04\\\/29\\\/iran-limanlarina-yonelik-abluka-haberi-petrol-fiyatlarini-yukseltti\\\/#article\",\"isPartOf\":{\"@id\":\"https:\\\/\\\/kuzeyinsesi.org\\\/index.php\\\/2026\\\/04\\\/29\\\/iran-limanlarina-yonelik-abluka-haberi-petrol-fiyatlarini-yukseltti\\\/\"},\"author\":{\"name\":\"Kuzeyin Sesi\",\"@id\":\"https:\\\/\\\/kuzeyinsesi.org\\\/#\\\/schema\\\/person\\\/9f859689cdf01485597712386e37f5aa\"},\"headline\":\"\u0130ran limanlar\u0131na y\u00f6nelik abluka haberi petrol fiyatlar\u0131n\u0131 y\u00fckseltti\",\"datePublished\":\"2026-04-29T07:43:28+00:00\",\"mainEntityOfPage\":{\"@id\":\"https:\\\/\\\/kuzeyinsesi.org\\\/index.php\\\/2026\\\/04\\\/29\\\/iran-limanlarina-yonelik-abluka-haberi-petrol-fiyatlarini-yukseltti\\\/\"},\"wordCount\":206,\"commentCount\":0,\"image\":{\"@id\":\"https:\\\/\\\/kuzeyinsesi.org\\\/index.php\\\/2026\\\/04\\\/29\\\/iran-limanlarina-yonelik-abluka-haberi-petrol-fiyatlarini-yukseltti\\\/#primaryimage\"},\"thumbnailUrl\":\"https:\\\/\\\/kuzeyinsesi.org\\\/wp-content\\\/uploads\\\/2026\\\/04\\\/iran-petrol-reuters-2446545.jpg\",\"articleSection\":[\"D\u00fcnya\"],\"inLanguage\":\"tr\",\"potentialAction\":[{\"@type\":\"CommentAction\",\"name\":\"Comment\",\"target\":[\"https:\\\/\\\/kuzeyinsesi.org\\\/index.php\\\/2026\\\/04\\\/29\\\/iran-limanlarina-yonelik-abluka-haberi-petrol-fiyatlarini-yukseltti\\\/#respond\"]}]},{\"@type\":\"WebPage\",\"@id\":\"https:\\\/\\\/kuzeyinsesi.org\\\/index.php\\\/2026\\\/04\\\/29\\\/iran-limanlarina-yonelik-abluka-haberi-petrol-fiyatlarini-yukseltti\\\/\",\"url\":\"https:\\\/\\\/kuzeyinsesi.org\\\/index.php\\\/2026\\\/04\\\/29\\\/iran-limanlarina-yonelik-abluka-haberi-petrol-fiyatlarini-yukseltti\\\/\",\"name\":\"\u0130ran limanlar\u0131na y\u00f6nelik abluka haberi petrol fiyatlar\u0131n\u0131 y\u00fckseltti - Kuzeyin Sesi\",\"isPartOf\":{\"@id\":\"https:\\\/\\\/kuzeyinsesi.org\\\/#website\"},\"primaryImageOfPage\":{\"@id\":\"https:\\\/\\\/kuzeyinsesi.org\\\/index.php\\\/2026\\\/04\\\/29\\\/iran-limanlarina-yonelik-abluka-haberi-petrol-fiyatlarini-yukseltti\\\/#primaryimage\"},\"image\":{\"@id\":\"https:\\\/\\\/kuzeyinsesi.org\\\/index.php\\\/2026\\\/04\\\/29\\\/iran-limanlarina-yonelik-abluka-haberi-petrol-fiyatlarini-yukseltti\\\/#primaryimage\"},\"thumbnailUrl\":\"https:\\\/\\\/kuzeyinsesi.org\\\/wp-content\\\/uploads\\\/2026\\\/04\\\/iran-petrol-reuters-2446545.jpg\",\"datePublished\":\"2026-04-29T07:43:28+00:00\",\"author\":{\"@id\":\"https:\\\/\\\/kuzeyinsesi.org\\\/#\\\/schema\\\/person\\\/9f859689cdf01485597712386e37f5aa\"},\"breadcrumb\":{\"@id\":\"https:\\\/\\\/kuzeyinsesi.org\\\/index.php\\\/2026\\\/04\\\/29\\\/iran-limanlarina-yonelik-abluka-haberi-petrol-fiyatlarini-yukseltti\\\/#breadcrumb\"},\"inLanguage\":\"tr\",\"potentialAction\":[{\"@type\":\"ReadAction\",\"target\":[\"https:\\\/\\\/kuzeyinsesi.org\\\/index.php\\\/2026\\\/04\\\/29\\\/iran-limanlarina-yonelik-abluka-haberi-petrol-fiyatlarini-yukseltti\\\/\"]}]},{\"@type\":\"ImageObject\",\"inLanguage\":\"tr\",\"@id\":\"https:\\\/\\\/kuzeyinsesi.org\\\/index.php\\\/2026\\\/04\\\/29\\\/iran-limanlarina-yonelik-abluka-haberi-petrol-fiyatlarini-yukseltti\\\/#primaryimage\",\"url\":\"https:\\\/\\\/kuzeyinsesi.org\\\/wp-content\\\/uploads\\\/2026\\\/04\\\/iran-petrol-reuters-2446545.jpg\",\"contentUrl\":\"https:\\\/\\\/kuzeyinsesi.org\\\/wp-content\\\/uploads\\\/2026\\\/04\\\/iran-petrol-reuters-2446545.jpg\",\"width\":1280,\"height\":720},{\"@type\":\"BreadcrumbList\",\"@id\":\"https:\\\/\\\/kuzeyinsesi.org\\\/index.php\\\/2026\\\/04\\\/29\\\/iran-limanlarina-yonelik-abluka-haberi-petrol-fiyatlarini-yukseltti\\\/#breadcrumb\",\"itemListElement\":[{\"@type\":\"ListItem\",\"position\":1,\"name\":\"Anasayfa\",\"item\":\"https:\\\/\\\/kuzeyinsesi.org\\\/\"},{\"@type\":\"ListItem\",\"position\":2,\"name\":\"\u0130ran limanlar\u0131na y\u00f6nelik abluka haberi petrol fiyatlar\u0131n\u0131 y\u00fckseltti\"}]},{\"@type\":\"WebSite\",\"@id\":\"https:\\\/\\\/kuzeyinsesi.org\\\/#website\",\"url\":\"https:\\\/\\\/kuzeyinsesi.org\\\/\",\"name\":\"Kuzeyin Sesi\",\"description\":\"Do\u011fru Haberin Adresi\",\"potentialAction\":[{\"@type\":\"SearchAction\",\"target\":{\"@type\":\"EntryPoint\",\"urlTemplate\":\"https:\\\/\\\/kuzeyinsesi.org\\\/?s={search_term_string}\"},\"query-input\":{\"@type\":\"PropertyValueSpecification\",\"valueRequired\":true,\"valueName\":\"search_term_string\"}}],\"inLanguage\":\"tr\"},{\"@type\":\"Person\",\"@id\":\"https:\\\/\\\/kuzeyinsesi.org\\\/#\\\/schema\\\/person\\\/9f859689cdf01485597712386e37f5aa\",\"name\":\"Kuzeyin Sesi\",\"image\":{\"@type\":\"ImageObject\",\"inLanguage\":\"tr\",\"@id\":\"https:\\\/\\\/secure.gravatar.com\\\/avatar\\\/bab33852abfd8b282518d6ed81826833d77c3c882d9ab608add591ccace47a44?s=96&d=mm&r=g\",\"url\":\"https:\\\/\\\/secure.gravatar.com\\\/avatar\\\/bab33852abfd8b282518d6ed81826833d77c3c882d9ab608add591ccace47a44?s=96&d=mm&r=g\",\"contentUrl\":\"https:\\\/\\\/secure.gravatar.com\\\/avatar\\\/bab33852abfd8b282518d6ed81826833d77c3c882d9ab608add591ccace47a44?s=96&d=mm&r=g\",\"caption\":\"Kuzeyin Sesi\"},\"sameAs\":[\"https:\\\/\\\/kuzeyinsesi.org\"],\"url\":\"https:\\\/\\\/kuzeyinsesi.org\\\/index.php\\\/author\\\/guven\\\/\"}]}<\/script>\n<!-- \/ Yoast SEO plugin. -->","yoast_head_json":{"title":"\u0130ran limanlar\u0131na y\u00f6nelik abluka haberi petrol fiyatlar\u0131n\u0131 y\u00fckseltti - Kuzeyin Sesi","robots":{"index":"index","follow":"follow","max-snippet":"max-snippet:-1","max-image-preview":"max-image-preview:large","max-video-preview":"max-video-preview:-1"},"canonical":"https:\/\/kuzeyinsesi.org\/index.php\/2026\/04\/29\/iran-limanlarina-yonelik-abluka-haberi-petrol-fiyatlarini-yukseltti\/","og_locale":"tr_TR","og_type":"article","og_title":"\u0130ran limanlar\u0131na y\u00f6nelik abluka haberi petrol fiyatlar\u0131n\u0131 y\u00fckseltti - Kuzeyin Sesi","og_description":"&#13; Wall Street Journal gazetesinin ABD&#8217;li yetkililere dayand\u0131rd\u0131\u011f\u0131 haberine g\u00f6re Trump, \u0130ran ekonomisi ve petrol ihracat\u0131 \u00fczerindeki bask\u0131y\u0131 art\u0131rma karar\u0131 ald\u0131. Bu kapsamda \u0130ran limanlar\u0131na y\u00f6nelik sevkiyatlar\u0131n engellenerek Tahran y\u00f6netiminin k\u0131skaca al\u0131nmas\u0131 hedefleniyor. &#13; Piyasalarda y\u00fckseli\u015f sekizinci g\u00fcn\u00fcne girdi &#13; K\u00fcresel petrol piyasalar\u0131nda g\u00f6sterge kabul edilen Brent petrol\u00fcn haziran ay\u0131 vadeli kontratlar\u0131, GMT ile 01.54&#8217;te [&hellip;]","og_url":"https:\/\/kuzeyinsesi.org\/index.php\/2026\/04\/29\/iran-limanlarina-yonelik-abluka-haberi-petrol-fiyatlarini-yukseltti\/","og_site_name":"Kuzeyin Sesi","article_publisher":"https:\/\/www.facebook.com\/kuzeyinsesii","article_published_time":"2026-04-29T07:43:28+00:00","og_image":[{"url":"https:\/\/trthaberstatic.cdn.wp.trt.com.tr\/resimler\/2446000\/iran-petrol-reuters-2446545.jpg","type":"","width":"","height":""}],"author":"Kuzeyin Sesi","twitter_card":"summary_large_image","twitter_creator":"@kuzeyinsesii","twitter_site":"@kuzeyinsesii","twitter_misc":{"Yazan:":"Kuzeyin Sesi","Tahmini okuma s\u00fcresi":"1 dakika"},"schema":{"@context":"https:\/\/schema.org","@graph":[{"@type":"Article","@id":"https:\/\/kuzeyinsesi.org\/index.php\/2026\/04\/29\/iran-limanlarina-yonelik-abluka-haberi-petrol-fiyatlarini-yukseltti\/#article","isPartOf":{"@id":"https:\/\/kuzeyinsesi.org\/index.php\/2026\/04\/29\/iran-limanlarina-yonelik-abluka-haberi-petrol-fiyatlarini-yukseltti\/"},"author":{"name":"Kuzeyin Sesi","@id":"https:\/\/kuzeyinsesi.org\/#\/schema\/person\/9f859689cdf01485597712386e37f5aa"},"headline":"\u0130ran limanlar\u0131na y\u00f6nelik abluka haberi petrol fiyatlar\u0131n\u0131 y\u00fckseltti","datePublished":"2026-04-29T07:43:28+00:00","mainEntityOfPage":{"@id":"https:\/\/kuzeyinsesi.org\/index.php\/2026\/04\/29\/iran-limanlarina-yonelik-abluka-haberi-petrol-fiyatlarini-yukseltti\/"},"wordCount":206,"commentCount":0,"image":{"@id":"https:\/\/kuzeyinsesi.org\/index.php\/2026\/04\/29\/iran-limanlarina-yonelik-abluka-haberi-petrol-fiyatlarini-yukseltti\/#primaryimage"},"thumbnailUrl":"https:\/\/kuzeyinsesi.org\/wp-content\/uploads\/2026\/04\/iran-petrol-reuters-2446545.jpg","articleSection":["D\u00fcnya"],"inLanguage":"tr","potentialAction":[{"@type":"CommentAction","name":"Comment","target":["https:\/\/kuzeyinsesi.org\/index.php\/2026\/04\/29\/iran-limanlarina-yonelik-abluka-haberi-petrol-fiyatlarini-yukseltti\/#respond"]}]},{"@type":"WebPage","@id":"https:\/\/kuzeyinsesi.org\/index.php\/2026\/04\/29\/iran-limanlarina-yonelik-abluka-haberi-petrol-fiyatlarini-yukseltti\/","url":"https:\/\/kuzeyinsesi.org\/index.php\/2026\/04\/29\/iran-limanlarina-yonelik-abluka-haberi-petrol-fiyatlarini-yukseltti\/","name":"\u0130ran limanlar\u0131na y\u00f6nelik abluka haberi petrol fiyatlar\u0131n\u0131 y\u00fckseltti - Kuzeyin Sesi","isPartOf":{"@id":"https:\/\/kuzeyinsesi.org\/#website"},"primaryImageOfPage":{"@id":"https:\/\/kuzeyinsesi.org\/index.php\/2026\/04\/29\/iran-limanlarina-yonelik-abluka-haberi-petrol-fiyatlarini-yukseltti\/#primaryimage"},"image":{"@id":"https:\/\/kuzeyinsesi.org\/index.php\/2026\/04\/29\/iran-limanlarina-yonelik-abluka-haberi-petrol-fiyatlarini-yukseltti\/#primaryimage"},"thumbnailUrl":"https:\/\/kuzeyinsesi.org\/wp-content\/uploads\/2026\/04\/iran-petrol-reuters-2446545.jpg","datePublished":"2026-04-29T07:43:28+00:00","author":{"@id":"https:\/\/kuzeyinsesi.org\/#\/schema\/person\/9f859689cdf01485597712386e37f5aa"},"breadcrumb":{"@id":"https:\/\/kuzeyinsesi.org\/index.php\/2026\/04\/29\/iran-limanlarina-yonelik-abluka-haberi-petrol-fiyatlarini-yukseltti\/#breadcrumb"},"inLanguage":"tr","potentialAction":[{"@type":"ReadAction","target":["https:\/\/kuzeyinsesi.org\/index.php\/2026\/04\/29\/iran-limanlarina-yonelik-abluka-haberi-petrol-fiyatlarini-yukseltti\/"]}]},{"@type":"ImageObject","inLanguage":"tr","@id":"https:\/\/kuzeyinsesi.org\/index.php\/2026\/04\/29\/iran-limanlarina-yonelik-abluka-haberi-petrol-fiyatlarini-yukseltti\/#primaryimage","url":"https:\/\/kuzeyinsesi.org\/wp-content\/uploads\/2026\/04\/iran-petrol-reuters-2446545.jpg","contentUrl":"https:\/\/kuzeyinsesi.org\/wp-content\/uploads\/2026\/04\/iran-petrol-reuters-2446545.jpg","width":1280,"height":720},{"@type":"BreadcrumbList","@id":"https:\/\/kuzeyinsesi.org\/index.php\/2026\/04\/29\/iran-limanlarina-yonelik-abluka-haberi-petrol-fiyatlarini-yukseltti\/#breadcrumb","itemListElement":[{"@type":"ListItem","position":1,"name":"Anasayfa","item":"https:\/\/kuzeyinsesi.org\/"},{"@type":"ListItem","position":2,"name":"\u0130ran limanlar\u0131na y\u00f6nelik abluka haberi petrol fiyatlar\u0131n\u0131 y\u00fckseltti"}]},{"@type":"WebSite","@id":"https:\/\/kuzeyinsesi.org\/#website","url":"https:\/\/kuzeyinsesi.org\/","name":"Kuzeyin Sesi","description":"Do\u011fru Haberin Adresi","potentialAction":[{"@type":"SearchAction","target":{"@type":"EntryPoint","urlTemplate":"https:\/\/kuzeyinsesi.org\/?s={search_term_string}"},"query-input":{"@type":"PropertyValueSpecification","valueRequired":true,"valueName":"search_term_string"}}],"inLanguage":"tr"},{"@type":"Person","@id":"https:\/\/kuzeyinsesi.org\/#\/schema\/person\/9f859689cdf01485597712386e37f5aa","name":"Kuzeyin Sesi","image":{"@type":"ImageObject","inLanguage":"tr","@id":"https:\/\/secure.gravatar.com\/avatar\/bab33852abfd8b282518d6ed81826833d77c3c882d9ab608add591ccace47a44?s=96&d=mm&r=g","url":"https:\/\/secure.gravatar.com\/avatar\/bab33852abfd8b282518d6ed81826833d77c3c882d9ab608add591ccace47a44?s=96&d=mm&r=g","contentUrl":"https:\/\/secure.gravatar.com\/avatar\/bab33852abfd8b282518d6ed81826833d77c3c882d9ab608add591ccace47a44?s=96&d=mm&r=g","caption":"Kuzeyin Sesi"},"sameAs":["https:\/\/kuzeyinsesi.org"],"url":"https:\/\/kuzeyinsesi.org\/index.php\/author\/guven\/"}]}},"_links":{"self":[{"href":"https:\/\/kuzeyinsesi.org\/index.php\/wp-json\/wp\/v2\/posts\/37573","targetHints":{"allow":["GET"]}}],"collection":[{"href":"https:\/\/kuzeyinsesi.org\/index.php\/wp-json\/wp\/v2\/posts"}],"about":[{"href":"https:\/\/kuzeyinsesi.org\/index.php\/wp-json\/wp\/v2\/types\/post"}],"author":[{"embeddable":true,"href":"https:\/\/kuzeyinsesi.org\/index.php\/wp-json\/wp\/v2\/users\/1"}],"replies":[{"embeddable":true,"href":"https:\/\/kuzeyinsesi.org\/index.php\/wp-json\/wp\/v2\/comments?post=37573"}],"version-history":[{"count":0,"href":"https:\/\/kuzeyinsesi.org\/index.php\/wp-json\/wp\/v2\/posts\/37573\/revisions"}],"wp:featuredmedia":[{"embeddable":true,"href":"https:\/\/kuzeyinsesi.org\/index.php\/wp-json\/wp\/v2\/media\/37151"}],"wp:attachment":[{"href":"https:\/\/kuzeyinsesi.org\/index.php\/wp-json\/wp\/v2\/media?parent=37573"}],"wp:term":[{"taxonomy":"category","embeddable":true,"href":"https:\/\/kuzeyinsesi.org\/index.php\/wp-json\/wp\/v2\/categories?post=37573"},{"taxonomy":"post_tag","embeddable":true,"href":"https:\/\/kuzeyinsesi.org\/index.php\/wp-json\/wp\/v2\/tags?post=37573"}],"curies":[{"name":"wp","href":"https:\/\/api.w.org\/{rel}","templated":true}]}}