{"id":37564,"date":"2026-04-29T09:10:31","date_gmt":"2026-04-29T06:10:31","guid":{"rendered":"https:\/\/kuzeyinsesi.org\/index.php\/2026\/04\/29\/avrupa-2025te-iklim-krizini-sert-yasadi\/"},"modified":"2026-04-29T09:10:31","modified_gmt":"2026-04-29T06:10:31","slug":"avrupa-2025te-iklim-krizini-sert-yasadi","status":"publish","type":"post","link":"https:\/\/kuzeyinsesi.org\/index.php\/2026\/04\/29\/avrupa-2025te-iklim-krizini-sert-yasadi\/","title":{"rendered":"Avrupa 2025&#039;te iklim krizini sert ya\u015fad\u0131"},"content":{"rendered":"<p><\/p>\n<div>\n<p>&#13;<br \/>\n\tYakla\u015f\u0131k 100 bilim insan\u0131n\u0131n katk\u0131s\u0131yla haz\u0131rlanan raporda, Avrupa k\u0131tas\u0131n\u0131n d\u00fcnyan\u0131n en h\u0131zl\u0131 \u0131s\u0131nan b\u00f6lgesi olmaya devam etti\u011fi belirtildi.<\/p>\n<p>&#13;<br \/>\n\tAvrupa&#8217;n\u0131n en az y\u00fczde 95&#8217;inde y\u0131ll\u0131k s\u0131cakl\u0131klar\u0131n ortalaman\u0131n \u00fczerinde ger\u00e7ekle\u015fti\u011fi ifade edilen raporda, k\u0131tadaki t\u00fcm buzul b\u00f6lgelerinde net k\u00fctle kayb\u0131 ya\u015fand\u0131\u011f\u0131na dikkat \u00e7ekildi.<\/p>\n<p>&#13;<br \/>\n\tRaporda, \u0130zlanda\u2019da kay\u0131tlar\u0131n tutulmaya ba\u015flanmas\u0131ndan bu yana en b\u00fcy\u00fck ikinci buzul kayb\u0131n\u0131n g\u00f6r\u00fcld\u00fc\u011f\u00fc vurgulan\u0131rken, <a href=\"https:\/\/www.trthaber.com\/etiket\/gronland\/\" target=\"_blank\">Gr\u00f6nland<\/a> Buz Tabakas\u0131\u2019n\u0131n 139 milyar ton buz kaybetti\u011fi ve bu miktar\u0131n Avrupa Alpleri\u2019ndeki t\u00fcm buzullar\u0131n toplam hacminin yakla\u015f\u0131k 1,5 kat\u0131na denk geldi\u011fine i\u015faret edildi.<\/p>\n<p>&#13;<br \/>\n\tAyr\u0131ca Avrupa\u2019daki mevsim sonu kar \u00f6rt\u00fcs\u00fcn\u00fcn hem alan hem k\u00fctle bak\u0131m\u0131ndan kay\u0131tlardaki en d\u00fc\u015f\u00fck \u00fc\u00e7\u00fcnc\u00fc seviyeye indi\u011fi bildirildi.<\/p>\n<h2>&#13;<br \/>\n\tDenizlerde de s\u0131cakl\u0131k rekoru<\/h2>\n<p>&#13;<br \/>\n\tRaporda, Avrupa denizlerinde de s\u0131cakl\u0131k rekoru k\u0131r\u0131ld\u0131\u011f\u0131, b\u00f6lgenin y\u0131ll\u0131k deniz y\u00fczeyi s\u0131cakl\u0131\u011f\u0131n\u0131n \u015fimdiye kadarki en y\u00fcksek seviyeye \u00e7\u0131kt\u0131\u011f\u0131 kaydedildi.<\/p>\n<p>&#13;<br \/>\n\tAvrupa genelindeki nehirlerin y\u00fczde 70\u2019inde ak\u0131\u015f\u0131n ortalaman\u0131n alt\u0131nda kald\u0131\u011f\u0131 an\u0131msat\u0131lan raporda, 2025\u2019in toprak nemi a\u00e7\u0131s\u0131ndan 1992\u2019den bu yana en kurak \u00fc\u00e7 y\u0131ldan biri oldu\u011fu belirtildi.<\/p>\n<p>&#13;<br \/>\n\tRaporda, s\u0131cak ve kurak hava ko\u015fullar\u0131n\u0131n <a href=\"https:\/\/www.trthaber.com\/etiket\/orman\/\" target=\"_blank\">orman<\/a> yang\u0131nlar\u0131n\u0131 art\u0131rarak yakla\u015f\u0131k 1 milyon 34 bin hektarl\u0131k alan\u0131n yanmas\u0131na yol a\u00e7t\u0131\u011f\u0131, bunun \u015fimdiye kadarki en y\u00fcksek seviye oldu\u011funa dikkat \u00e7ekildi.<\/p>\n<p>&#13;<br \/>\n\t<a href=\"https:\/\/www.trthaber.com\/etiket\/yangin\/\" target=\"_blank\">Yang\u0131n<\/a> kaynakl\u0131 emisyonlarda da Avrupa\u2019da rekor k\u0131r\u0131ld\u0131\u011f\u0131 hat\u0131rlat\u0131lan raporda, toplam emisyonun yakla\u015f\u0131k yar\u0131s\u0131n\u0131n <a href=\"https:\/\/www.trthaber.com\/etiket\/ispanya\/\" target=\"_blank\">\u0130spanya<\/a> kaynakl\u0131 oldu\u011fu bildirildi.<\/p>\n<p>&#13;<br \/>\n\tRaporda, &#8220;Avrupa\u2019daki h\u0131zl\u0131 \u0131s\u0131nma, kar ve buz \u00f6rt\u00fcs\u00fcn\u00fc azalt\u0131rken, tehlikeli derecede y\u00fcksek hava s\u0131cakl\u0131klar\u0131, kurakl\u0131k, s\u0131cak dalgalar\u0131 ve rekor d\u00fczeydeki okyanus s\u0131cakl\u0131klar\u0131, Kuzey Kutbu\u2019ndan Akdeniz\u2019e kadar uzanan b\u00f6lgeleri etkiliyor. Avrupa, d\u00fcnyan\u0131n di\u011fer bir\u00e7ok b\u00f6lgesiyle birlikte, karada ve denizde rekor d\u00fczeydeki s\u0131cak dalgalar\u0131ndan y\u0131k\u0131c\u0131 orman yang\u0131nlar\u0131na ve devam eden biyolojik \u00e7e\u015fitlilik kayb\u0131na kadar artan etkilere maruz kal\u0131yor ve bu durum, Avrupa genelindeki toplumlar ve ekosistemler \u00fczerinde sonu\u00e7lar do\u011furuyor.&#8221; de\u011ferlendirmesi yap\u0131ld\u0131.<\/p>\n<\/p><\/div>\n","protected":false},"excerpt":{"rendered":"<p>&#13; Yakla\u015f\u0131k 100 bilim insan\u0131n\u0131n katk\u0131s\u0131yla haz\u0131rlanan raporda, Avrupa k\u0131tas\u0131n\u0131n d\u00fcnyan\u0131n en h\u0131zl\u0131 \u0131s\u0131nan b\u00f6lgesi olmaya devam etti\u011fi belirtildi. &#13; Avrupa&#8217;n\u0131n en az y\u00fczde 95&#8217;inde y\u0131ll\u0131k s\u0131cakl\u0131klar\u0131n ortalaman\u0131n \u00fczerinde ger\u00e7ekle\u015fti\u011fi ifade edilen raporda, k\u0131tadaki t\u00fcm buzul b\u00f6lgelerinde net k\u00fctle kayb\u0131 ya\u015fand\u0131\u011f\u0131na dikkat \u00e7ekildi. &#13; Raporda, \u0130zlanda\u2019da kay\u0131tlar\u0131n tutulmaya ba\u015flanmas\u0131ndan bu yana en b\u00fcy\u00fck ikinci buzul [&hellip;]<\/p>\n","protected":false},"author":1,"featured_media":37565,"comment_status":"open","ping_status":"open","sticky":false,"template":"","format":"standard","meta":{"jnews-multi-image_gallery":[],"jnews_single_post":[],"jnews_primary_category":[],"jnews_social_meta":[],"jnews_override_counter":[],"footnotes":""},"categories":[2],"tags":[],"class_list":["post-37564","post","type-post","status-publish","format-standard","has-post-thumbnail","hentry","category-dunya"],"yoast_head":"<!-- This site is optimized with the Yoast SEO plugin v27.5 - https:\/\/yoast.com\/product\/yoast-seo-wordpress\/ -->\n<title>Avrupa 2025&#039;te iklim krizini sert ya\u015fad\u0131 - Kuzeyin Sesi<\/title>\n<meta name=\"robots\" content=\"index, follow, max-snippet:-1, max-image-preview:large, max-video-preview:-1\" \/>\n<link rel=\"canonical\" href=\"https:\/\/kuzeyinsesi.org\/index.php\/2026\/04\/29\/avrupa-2025te-iklim-krizini-sert-yasadi\/\" \/>\n<meta property=\"og:locale\" content=\"tr_TR\" \/>\n<meta property=\"og:type\" content=\"article\" \/>\n<meta property=\"og:title\" content=\"Avrupa 2025&#039;te iklim krizini sert ya\u015fad\u0131 - Kuzeyin Sesi\" \/>\n<meta property=\"og:description\" content=\"&#013; Yakla\u015f\u0131k 100 bilim insan\u0131n\u0131n katk\u0131s\u0131yla haz\u0131rlanan raporda, Avrupa k\u0131tas\u0131n\u0131n d\u00fcnyan\u0131n en h\u0131zl\u0131 \u0131s\u0131nan b\u00f6lgesi olmaya devam etti\u011fi belirtildi. &#013; Avrupa&#8217;n\u0131n en az y\u00fczde 95&#8217;inde y\u0131ll\u0131k s\u0131cakl\u0131klar\u0131n ortalaman\u0131n \u00fczerinde ger\u00e7ekle\u015fti\u011fi ifade edilen raporda, k\u0131tadaki t\u00fcm buzul b\u00f6lgelerinde net k\u00fctle kayb\u0131 ya\u015fand\u0131\u011f\u0131na dikkat \u00e7ekildi. &#013; Raporda, \u0130zlanda\u2019da kay\u0131tlar\u0131n tutulmaya ba\u015flanmas\u0131ndan bu yana en b\u00fcy\u00fck ikinci buzul [&hellip;]\" \/>\n<meta property=\"og:url\" content=\"https:\/\/kuzeyinsesi.org\/index.php\/2026\/04\/29\/avrupa-2025te-iklim-krizini-sert-yasadi\/\" \/>\n<meta property=\"og:site_name\" content=\"Kuzeyin Sesi\" \/>\n<meta property=\"article:publisher\" content=\"https:\/\/www.facebook.com\/kuzeyinsesii\" \/>\n<meta property=\"article:published_time\" content=\"2026-04-29T06:10:31+00:00\" \/>\n<meta property=\"og:image\" content=\"https:\/\/trthaberstatic.cdn.wp.trt.com.tr\/resimler\/1882000\/avrupa-sicak-1882019.jpg\" \/>\n<meta name=\"author\" content=\"Kuzeyin Sesi\" \/>\n<meta name=\"twitter:card\" content=\"summary_large_image\" \/>\n<meta name=\"twitter:creator\" content=\"@kuzeyinsesii\" \/>\n<meta name=\"twitter:site\" content=\"@kuzeyinsesii\" \/>\n<meta name=\"twitter:label1\" content=\"Yazan:\" \/>\n\t<meta name=\"twitter:data1\" content=\"Kuzeyin Sesi\" \/>\n\t<meta name=\"twitter:label2\" content=\"Tahmini okuma s\u00fcresi\" \/>\n\t<meta name=\"twitter:data2\" content=\"2 dakika\" \/>\n<script type=\"application\/ld+json\" class=\"yoast-schema-graph\">{\"@context\":\"https:\\\/\\\/schema.org\",\"@graph\":[{\"@type\":\"Article\",\"@id\":\"https:\\\/\\\/kuzeyinsesi.org\\\/index.php\\\/2026\\\/04\\\/29\\\/avrupa-2025te-iklim-krizini-sert-yasadi\\\/#article\",\"isPartOf\":{\"@id\":\"https:\\\/\\\/kuzeyinsesi.org\\\/index.php\\\/2026\\\/04\\\/29\\\/avrupa-2025te-iklim-krizini-sert-yasadi\\\/\"},\"author\":{\"name\":\"Kuzeyin Sesi\",\"@id\":\"https:\\\/\\\/kuzeyinsesi.org\\\/#\\\/schema\\\/person\\\/9f859689cdf01485597712386e37f5aa\"},\"headline\":\"Avrupa 2025&#039;te iklim krizini sert ya\u015fad\u0131\",\"datePublished\":\"2026-04-29T06:10:31+00:00\",\"mainEntityOfPage\":{\"@id\":\"https:\\\/\\\/kuzeyinsesi.org\\\/index.php\\\/2026\\\/04\\\/29\\\/avrupa-2025te-iklim-krizini-sert-yasadi\\\/\"},\"wordCount\":413,\"commentCount\":0,\"image\":{\"@id\":\"https:\\\/\\\/kuzeyinsesi.org\\\/index.php\\\/2026\\\/04\\\/29\\\/avrupa-2025te-iklim-krizini-sert-yasadi\\\/#primaryimage\"},\"thumbnailUrl\":\"https:\\\/\\\/kuzeyinsesi.org\\\/wp-content\\\/uploads\\\/2026\\\/04\\\/avrupa-sicak-1882019.jpg\",\"articleSection\":[\"D\u00fcnya\"],\"inLanguage\":\"tr\",\"potentialAction\":[{\"@type\":\"CommentAction\",\"name\":\"Comment\",\"target\":[\"https:\\\/\\\/kuzeyinsesi.org\\\/index.php\\\/2026\\\/04\\\/29\\\/avrupa-2025te-iklim-krizini-sert-yasadi\\\/#respond\"]}]},{\"@type\":\"WebPage\",\"@id\":\"https:\\\/\\\/kuzeyinsesi.org\\\/index.php\\\/2026\\\/04\\\/29\\\/avrupa-2025te-iklim-krizini-sert-yasadi\\\/\",\"url\":\"https:\\\/\\\/kuzeyinsesi.org\\\/index.php\\\/2026\\\/04\\\/29\\\/avrupa-2025te-iklim-krizini-sert-yasadi\\\/\",\"name\":\"Avrupa 2025&#039;te iklim krizini sert ya\u015fad\u0131 - Kuzeyin Sesi\",\"isPartOf\":{\"@id\":\"https:\\\/\\\/kuzeyinsesi.org\\\/#website\"},\"primaryImageOfPage\":{\"@id\":\"https:\\\/\\\/kuzeyinsesi.org\\\/index.php\\\/2026\\\/04\\\/29\\\/avrupa-2025te-iklim-krizini-sert-yasadi\\\/#primaryimage\"},\"image\":{\"@id\":\"https:\\\/\\\/kuzeyinsesi.org\\\/index.php\\\/2026\\\/04\\\/29\\\/avrupa-2025te-iklim-krizini-sert-yasadi\\\/#primaryimage\"},\"thumbnailUrl\":\"https:\\\/\\\/kuzeyinsesi.org\\\/wp-content\\\/uploads\\\/2026\\\/04\\\/avrupa-sicak-1882019.jpg\",\"datePublished\":\"2026-04-29T06:10:31+00:00\",\"author\":{\"@id\":\"https:\\\/\\\/kuzeyinsesi.org\\\/#\\\/schema\\\/person\\\/9f859689cdf01485597712386e37f5aa\"},\"breadcrumb\":{\"@id\":\"https:\\\/\\\/kuzeyinsesi.org\\\/index.php\\\/2026\\\/04\\\/29\\\/avrupa-2025te-iklim-krizini-sert-yasadi\\\/#breadcrumb\"},\"inLanguage\":\"tr\",\"potentialAction\":[{\"@type\":\"ReadAction\",\"target\":[\"https:\\\/\\\/kuzeyinsesi.org\\\/index.php\\\/2026\\\/04\\\/29\\\/avrupa-2025te-iklim-krizini-sert-yasadi\\\/\"]}]},{\"@type\":\"ImageObject\",\"inLanguage\":\"tr\",\"@id\":\"https:\\\/\\\/kuzeyinsesi.org\\\/index.php\\\/2026\\\/04\\\/29\\\/avrupa-2025te-iklim-krizini-sert-yasadi\\\/#primaryimage\",\"url\":\"https:\\\/\\\/kuzeyinsesi.org\\\/wp-content\\\/uploads\\\/2026\\\/04\\\/avrupa-sicak-1882019.jpg\",\"contentUrl\":\"https:\\\/\\\/kuzeyinsesi.org\\\/wp-content\\\/uploads\\\/2026\\\/04\\\/avrupa-sicak-1882019.jpg\",\"width\":1280,\"height\":720},{\"@type\":\"BreadcrumbList\",\"@id\":\"https:\\\/\\\/kuzeyinsesi.org\\\/index.php\\\/2026\\\/04\\\/29\\\/avrupa-2025te-iklim-krizini-sert-yasadi\\\/#breadcrumb\",\"itemListElement\":[{\"@type\":\"ListItem\",\"position\":1,\"name\":\"Anasayfa\",\"item\":\"https:\\\/\\\/kuzeyinsesi.org\\\/\"},{\"@type\":\"ListItem\",\"position\":2,\"name\":\"Avrupa 2025&#039;te iklim krizini sert ya\u015fad\u0131\"}]},{\"@type\":\"WebSite\",\"@id\":\"https:\\\/\\\/kuzeyinsesi.org\\\/#website\",\"url\":\"https:\\\/\\\/kuzeyinsesi.org\\\/\",\"name\":\"Kuzeyin Sesi\",\"description\":\"Do\u011fru Haberin Adresi\",\"potentialAction\":[{\"@type\":\"SearchAction\",\"target\":{\"@type\":\"EntryPoint\",\"urlTemplate\":\"https:\\\/\\\/kuzeyinsesi.org\\\/?s={search_term_string}\"},\"query-input\":{\"@type\":\"PropertyValueSpecification\",\"valueRequired\":true,\"valueName\":\"search_term_string\"}}],\"inLanguage\":\"tr\"},{\"@type\":\"Person\",\"@id\":\"https:\\\/\\\/kuzeyinsesi.org\\\/#\\\/schema\\\/person\\\/9f859689cdf01485597712386e37f5aa\",\"name\":\"Kuzeyin Sesi\",\"image\":{\"@type\":\"ImageObject\",\"inLanguage\":\"tr\",\"@id\":\"https:\\\/\\\/secure.gravatar.com\\\/avatar\\\/bab33852abfd8b282518d6ed81826833d77c3c882d9ab608add591ccace47a44?s=96&d=mm&r=g\",\"url\":\"https:\\\/\\\/secure.gravatar.com\\\/avatar\\\/bab33852abfd8b282518d6ed81826833d77c3c882d9ab608add591ccace47a44?s=96&d=mm&r=g\",\"contentUrl\":\"https:\\\/\\\/secure.gravatar.com\\\/avatar\\\/bab33852abfd8b282518d6ed81826833d77c3c882d9ab608add591ccace47a44?s=96&d=mm&r=g\",\"caption\":\"Kuzeyin Sesi\"},\"sameAs\":[\"https:\\\/\\\/kuzeyinsesi.org\"],\"url\":\"https:\\\/\\\/kuzeyinsesi.org\\\/index.php\\\/author\\\/guven\\\/\"}]}<\/script>\n<!-- \/ Yoast SEO plugin. -->","yoast_head_json":{"title":"Avrupa 2025&#039;te iklim krizini sert ya\u015fad\u0131 - Kuzeyin Sesi","robots":{"index":"index","follow":"follow","max-snippet":"max-snippet:-1","max-image-preview":"max-image-preview:large","max-video-preview":"max-video-preview:-1"},"canonical":"https:\/\/kuzeyinsesi.org\/index.php\/2026\/04\/29\/avrupa-2025te-iklim-krizini-sert-yasadi\/","og_locale":"tr_TR","og_type":"article","og_title":"Avrupa 2025&#039;te iklim krizini sert ya\u015fad\u0131 - Kuzeyin Sesi","og_description":"&#13; Yakla\u015f\u0131k 100 bilim insan\u0131n\u0131n katk\u0131s\u0131yla haz\u0131rlanan raporda, Avrupa k\u0131tas\u0131n\u0131n d\u00fcnyan\u0131n en h\u0131zl\u0131 \u0131s\u0131nan b\u00f6lgesi olmaya devam etti\u011fi belirtildi. &#13; Avrupa&#8217;n\u0131n en az y\u00fczde 95&#8217;inde y\u0131ll\u0131k s\u0131cakl\u0131klar\u0131n ortalaman\u0131n \u00fczerinde ger\u00e7ekle\u015fti\u011fi ifade edilen raporda, k\u0131tadaki t\u00fcm buzul b\u00f6lgelerinde net k\u00fctle kayb\u0131 ya\u015fand\u0131\u011f\u0131na dikkat \u00e7ekildi. &#13; Raporda, \u0130zlanda\u2019da kay\u0131tlar\u0131n tutulmaya ba\u015flanmas\u0131ndan bu yana en b\u00fcy\u00fck ikinci buzul [&hellip;]","og_url":"https:\/\/kuzeyinsesi.org\/index.php\/2026\/04\/29\/avrupa-2025te-iklim-krizini-sert-yasadi\/","og_site_name":"Kuzeyin Sesi","article_publisher":"https:\/\/www.facebook.com\/kuzeyinsesii","article_published_time":"2026-04-29T06:10:31+00:00","og_image":[{"url":"https:\/\/trthaberstatic.cdn.wp.trt.com.tr\/resimler\/1882000\/avrupa-sicak-1882019.jpg","type":"","width":"","height":""}],"author":"Kuzeyin Sesi","twitter_card":"summary_large_image","twitter_creator":"@kuzeyinsesii","twitter_site":"@kuzeyinsesii","twitter_misc":{"Yazan:":"Kuzeyin Sesi","Tahmini okuma s\u00fcresi":"2 dakika"},"schema":{"@context":"https:\/\/schema.org","@graph":[{"@type":"Article","@id":"https:\/\/kuzeyinsesi.org\/index.php\/2026\/04\/29\/avrupa-2025te-iklim-krizini-sert-yasadi\/#article","isPartOf":{"@id":"https:\/\/kuzeyinsesi.org\/index.php\/2026\/04\/29\/avrupa-2025te-iklim-krizini-sert-yasadi\/"},"author":{"name":"Kuzeyin Sesi","@id":"https:\/\/kuzeyinsesi.org\/#\/schema\/person\/9f859689cdf01485597712386e37f5aa"},"headline":"Avrupa 2025&#039;te iklim krizini sert ya\u015fad\u0131","datePublished":"2026-04-29T06:10:31+00:00","mainEntityOfPage":{"@id":"https:\/\/kuzeyinsesi.org\/index.php\/2026\/04\/29\/avrupa-2025te-iklim-krizini-sert-yasadi\/"},"wordCount":413,"commentCount":0,"image":{"@id":"https:\/\/kuzeyinsesi.org\/index.php\/2026\/04\/29\/avrupa-2025te-iklim-krizini-sert-yasadi\/#primaryimage"},"thumbnailUrl":"https:\/\/kuzeyinsesi.org\/wp-content\/uploads\/2026\/04\/avrupa-sicak-1882019.jpg","articleSection":["D\u00fcnya"],"inLanguage":"tr","potentialAction":[{"@type":"CommentAction","name":"Comment","target":["https:\/\/kuzeyinsesi.org\/index.php\/2026\/04\/29\/avrupa-2025te-iklim-krizini-sert-yasadi\/#respond"]}]},{"@type":"WebPage","@id":"https:\/\/kuzeyinsesi.org\/index.php\/2026\/04\/29\/avrupa-2025te-iklim-krizini-sert-yasadi\/","url":"https:\/\/kuzeyinsesi.org\/index.php\/2026\/04\/29\/avrupa-2025te-iklim-krizini-sert-yasadi\/","name":"Avrupa 2025&#039;te iklim krizini sert ya\u015fad\u0131 - Kuzeyin Sesi","isPartOf":{"@id":"https:\/\/kuzeyinsesi.org\/#website"},"primaryImageOfPage":{"@id":"https:\/\/kuzeyinsesi.org\/index.php\/2026\/04\/29\/avrupa-2025te-iklim-krizini-sert-yasadi\/#primaryimage"},"image":{"@id":"https:\/\/kuzeyinsesi.org\/index.php\/2026\/04\/29\/avrupa-2025te-iklim-krizini-sert-yasadi\/#primaryimage"},"thumbnailUrl":"https:\/\/kuzeyinsesi.org\/wp-content\/uploads\/2026\/04\/avrupa-sicak-1882019.jpg","datePublished":"2026-04-29T06:10:31+00:00","author":{"@id":"https:\/\/kuzeyinsesi.org\/#\/schema\/person\/9f859689cdf01485597712386e37f5aa"},"breadcrumb":{"@id":"https:\/\/kuzeyinsesi.org\/index.php\/2026\/04\/29\/avrupa-2025te-iklim-krizini-sert-yasadi\/#breadcrumb"},"inLanguage":"tr","potentialAction":[{"@type":"ReadAction","target":["https:\/\/kuzeyinsesi.org\/index.php\/2026\/04\/29\/avrupa-2025te-iklim-krizini-sert-yasadi\/"]}]},{"@type":"ImageObject","inLanguage":"tr","@id":"https:\/\/kuzeyinsesi.org\/index.php\/2026\/04\/29\/avrupa-2025te-iklim-krizini-sert-yasadi\/#primaryimage","url":"https:\/\/kuzeyinsesi.org\/wp-content\/uploads\/2026\/04\/avrupa-sicak-1882019.jpg","contentUrl":"https:\/\/kuzeyinsesi.org\/wp-content\/uploads\/2026\/04\/avrupa-sicak-1882019.jpg","width":1280,"height":720},{"@type":"BreadcrumbList","@id":"https:\/\/kuzeyinsesi.org\/index.php\/2026\/04\/29\/avrupa-2025te-iklim-krizini-sert-yasadi\/#breadcrumb","itemListElement":[{"@type":"ListItem","position":1,"name":"Anasayfa","item":"https:\/\/kuzeyinsesi.org\/"},{"@type":"ListItem","position":2,"name":"Avrupa 2025&#039;te iklim krizini sert ya\u015fad\u0131"}]},{"@type":"WebSite","@id":"https:\/\/kuzeyinsesi.org\/#website","url":"https:\/\/kuzeyinsesi.org\/","name":"Kuzeyin Sesi","description":"Do\u011fru Haberin Adresi","potentialAction":[{"@type":"SearchAction","target":{"@type":"EntryPoint","urlTemplate":"https:\/\/kuzeyinsesi.org\/?s={search_term_string}"},"query-input":{"@type":"PropertyValueSpecification","valueRequired":true,"valueName":"search_term_string"}}],"inLanguage":"tr"},{"@type":"Person","@id":"https:\/\/kuzeyinsesi.org\/#\/schema\/person\/9f859689cdf01485597712386e37f5aa","name":"Kuzeyin Sesi","image":{"@type":"ImageObject","inLanguage":"tr","@id":"https:\/\/secure.gravatar.com\/avatar\/bab33852abfd8b282518d6ed81826833d77c3c882d9ab608add591ccace47a44?s=96&d=mm&r=g","url":"https:\/\/secure.gravatar.com\/avatar\/bab33852abfd8b282518d6ed81826833d77c3c882d9ab608add591ccace47a44?s=96&d=mm&r=g","contentUrl":"https:\/\/secure.gravatar.com\/avatar\/bab33852abfd8b282518d6ed81826833d77c3c882d9ab608add591ccace47a44?s=96&d=mm&r=g","caption":"Kuzeyin Sesi"},"sameAs":["https:\/\/kuzeyinsesi.org"],"url":"https:\/\/kuzeyinsesi.org\/index.php\/author\/guven\/"}]}},"_links":{"self":[{"href":"https:\/\/kuzeyinsesi.org\/index.php\/wp-json\/wp\/v2\/posts\/37564","targetHints":{"allow":["GET"]}}],"collection":[{"href":"https:\/\/kuzeyinsesi.org\/index.php\/wp-json\/wp\/v2\/posts"}],"about":[{"href":"https:\/\/kuzeyinsesi.org\/index.php\/wp-json\/wp\/v2\/types\/post"}],"author":[{"embeddable":true,"href":"https:\/\/kuzeyinsesi.org\/index.php\/wp-json\/wp\/v2\/users\/1"}],"replies":[{"embeddable":true,"href":"https:\/\/kuzeyinsesi.org\/index.php\/wp-json\/wp\/v2\/comments?post=37564"}],"version-history":[{"count":0,"href":"https:\/\/kuzeyinsesi.org\/index.php\/wp-json\/wp\/v2\/posts\/37564\/revisions"}],"wp:featuredmedia":[{"embeddable":true,"href":"https:\/\/kuzeyinsesi.org\/index.php\/wp-json\/wp\/v2\/media\/37565"}],"wp:attachment":[{"href":"https:\/\/kuzeyinsesi.org\/index.php\/wp-json\/wp\/v2\/media?parent=37564"}],"wp:term":[{"taxonomy":"category","embeddable":true,"href":"https:\/\/kuzeyinsesi.org\/index.php\/wp-json\/wp\/v2\/categories?post=37564"},{"taxonomy":"post_tag","embeddable":true,"href":"https:\/\/kuzeyinsesi.org\/index.php\/wp-json\/wp\/v2\/tags?post=37564"}],"curies":[{"name":"wp","href":"https:\/\/api.w.org\/{rel}","templated":true}]}}