{"id":37557,"date":"2026-04-29T08:39:42","date_gmt":"2026-04-29T05:39:42","guid":{"rendered":"https:\/\/kuzeyinsesi.org\/index.php\/2026\/04\/29\/avustralyada-ucak-kazasi-parafield-havalimani-hava-trafigine-kapatildi\/"},"modified":"2026-04-29T08:39:42","modified_gmt":"2026-04-29T05:39:42","slug":"avustralyada-ucak-kazasi-parafield-havalimani-hava-trafigine-kapatildi","status":"publish","type":"post","link":"https:\/\/kuzeyinsesi.org\/index.php\/2026\/04\/29\/avustralyada-ucak-kazasi-parafield-havalimani-hava-trafigine-kapatildi\/","title":{"rendered":"Avustralyada u\u00e7ak kazas\u0131: Parafield Havaliman\u0131 hava trafi\u011fine kapat\u0131ld\u0131"},"content":{"rendered":"<p><\/p>\n<div>\n<p>&#13;<br \/>\n\tG\u00fcney <a href=\"https:\/\/www.trthaber.com\/etiket\/avustralya\/\" target=\"_blank\">Avustralya<\/a> polisinden yap\u0131lan a\u00e7\u0131klamaya g\u00f6re, k\u00fc\u00e7\u00fck bir u\u00e7ak ini\u015f denemesi yapt\u0131\u011f\u0131 s\u0131rada hen\u00fcz belirlenemeyen bir nedenle pist yak\u0131n\u0131ndaki hangara \u00e7arpt\u0131.<\/p>\n<p>&#13;<br \/>\n\t\u00c7arpman\u0131n etkisiyle hangarda b\u00fcy\u00fck bir <a href=\"https:\/\/www.trthaber.com\/etiket\/yangin\/\" target=\"_blank\">yang\u0131n<\/a> ba\u015flarken, b\u00f6lgeden yo\u011fun siyah dumanlar y\u00fckseldi\u011fi bildirildi.<\/p>\n<h2>&#13;<br \/>\n\tB\u00f6lge tahliye edildi, u\u00e7u\u015flar durduruldu<\/h2>\n<p>&#13;<br \/>\n\tOlay\u0131n ard\u0131ndan acil servis ekipleri b\u00f6lgeye sevk edildi ve havaliman\u0131n\u0131n \u00e7evresi g\u00fcvenlik gerek\u00e7esiyle tahliye edildi.<\/p>\n<p>&#13;<br \/>\n\tHavaliman\u0131 s\u00f6zc\u00fcs\u00fc, t\u00fcm hava trafi\u011finin durduruldu\u011funu ve ekiplerin yang\u0131na m\u00fcdahalesinin s\u00fcrd\u00fc\u011f\u00fcn\u00fc a\u00e7\u0131klad\u0131.<\/p>\n<h2>&#13;<br \/>\n\tYaral\u0131 durumu belirsizli\u011fini koruyor<\/h2>\n<p>&#13;<br \/>\n\tU\u00e7akta ka\u00e7 ki\u015finin bulundu\u011fu veya hangar i\u00e7inde yaralanan olup olmad\u0131\u011f\u0131na dair hen\u00fcz resmi bir a\u00e7\u0131klama yap\u0131lmad\u0131.<\/p>\n<p>&#13;<br \/>\n\tYetkililer, duman\u0131n geni\u015f bir alana yay\u0131ld\u0131\u011f\u0131n\u0131 belirterek \u00e7evre sakinlerine kapal\u0131 alanlarda kalmalar\u0131 ve olay yerinden uzak durmalar\u0131 \u00e7a\u011fr\u0131s\u0131nda bulundu.<\/p>\n<\/p><\/div>\n","protected":false},"excerpt":{"rendered":"<p>&#13; G\u00fcney Avustralya polisinden yap\u0131lan a\u00e7\u0131klamaya g\u00f6re, k\u00fc\u00e7\u00fck bir u\u00e7ak ini\u015f denemesi yapt\u0131\u011f\u0131 s\u0131rada hen\u00fcz belirlenemeyen bir nedenle pist yak\u0131n\u0131ndaki hangara \u00e7arpt\u0131. &#13; \u00c7arpman\u0131n etkisiyle hangarda b\u00fcy\u00fck bir yang\u0131n ba\u015flarken, b\u00f6lgeden yo\u011fun siyah dumanlar y\u00fckseldi\u011fi bildirildi. &#13; B\u00f6lge tahliye edildi, u\u00e7u\u015flar durduruldu &#13; Olay\u0131n ard\u0131ndan acil servis ekipleri b\u00f6lgeye sevk edildi ve havaliman\u0131n\u0131n \u00e7evresi g\u00fcvenlik [&hellip;]<\/p>\n","protected":false},"author":1,"featured_media":37558,"comment_status":"open","ping_status":"open","sticky":false,"template":"","format":"standard","meta":{"jnews-multi-image_gallery":[],"jnews_single_post":[],"jnews_primary_category":[],"jnews_social_meta":[],"jnews_override_counter":[],"footnotes":""},"categories":[2],"tags":[],"class_list":["post-37557","post","type-post","status-publish","format-standard","has-post-thumbnail","hentry","category-dunya"],"yoast_head":"<!-- This site is optimized with the Yoast SEO plugin v27.5 - https:\/\/yoast.com\/product\/yoast-seo-wordpress\/ -->\n<title>Avustralyada u\u00e7ak kazas\u0131: Parafield Havaliman\u0131 hava trafi\u011fine kapat\u0131ld\u0131 - Kuzeyin Sesi<\/title>\n<meta name=\"robots\" content=\"index, follow, max-snippet:-1, max-image-preview:large, max-video-preview:-1\" \/>\n<link rel=\"canonical\" href=\"https:\/\/kuzeyinsesi.org\/index.php\/2026\/04\/29\/avustralyada-ucak-kazasi-parafield-havalimani-hava-trafigine-kapatildi\/\" \/>\n<meta property=\"og:locale\" content=\"tr_TR\" \/>\n<meta property=\"og:type\" content=\"article\" \/>\n<meta property=\"og:title\" content=\"Avustralyada u\u00e7ak kazas\u0131: Parafield Havaliman\u0131 hava trafi\u011fine kapat\u0131ld\u0131 - Kuzeyin Sesi\" \/>\n<meta property=\"og:description\" content=\"&#013; G\u00fcney Avustralya polisinden yap\u0131lan a\u00e7\u0131klamaya g\u00f6re, k\u00fc\u00e7\u00fck bir u\u00e7ak ini\u015f denemesi yapt\u0131\u011f\u0131 s\u0131rada hen\u00fcz belirlenemeyen bir nedenle pist yak\u0131n\u0131ndaki hangara \u00e7arpt\u0131. &#013; \u00c7arpman\u0131n etkisiyle hangarda b\u00fcy\u00fck bir yang\u0131n ba\u015flarken, b\u00f6lgeden yo\u011fun siyah dumanlar y\u00fckseldi\u011fi bildirildi. &#013; B\u00f6lge tahliye edildi, u\u00e7u\u015flar durduruldu &#013; Olay\u0131n ard\u0131ndan acil servis ekipleri b\u00f6lgeye sevk edildi ve havaliman\u0131n\u0131n \u00e7evresi g\u00fcvenlik [&hellip;]\" \/>\n<meta property=\"og:url\" content=\"https:\/\/kuzeyinsesi.org\/index.php\/2026\/04\/29\/avustralyada-ucak-kazasi-parafield-havalimani-hava-trafigine-kapatildi\/\" \/>\n<meta property=\"og:site_name\" content=\"Kuzeyin Sesi\" \/>\n<meta property=\"article:publisher\" content=\"https:\/\/www.facebook.com\/kuzeyinsesii\" \/>\n<meta property=\"article:published_time\" content=\"2026-04-29T05:39:42+00:00\" \/>\n<meta property=\"og:image\" content=\"https:\/\/trthaberstatic.cdn.wp.trt.com.tr\/resimler\/2456000\/aut-2457272.jpg\" \/>\n<meta name=\"author\" content=\"Kuzeyin Sesi\" \/>\n<meta name=\"twitter:card\" content=\"summary_large_image\" \/>\n<meta name=\"twitter:creator\" content=\"@kuzeyinsesii\" \/>\n<meta name=\"twitter:site\" content=\"@kuzeyinsesii\" \/>\n<meta name=\"twitter:label1\" content=\"Yazan:\" \/>\n\t<meta name=\"twitter:data1\" content=\"Kuzeyin Sesi\" \/>\n\t<meta name=\"twitter:label2\" content=\"Tahmini okuma s\u00fcresi\" \/>\n\t<meta name=\"twitter:data2\" content=\"1 dakika\" \/>\n<script type=\"application\/ld+json\" class=\"yoast-schema-graph\">{\"@context\":\"https:\\\/\\\/schema.org\",\"@graph\":[{\"@type\":\"Article\",\"@id\":\"https:\\\/\\\/kuzeyinsesi.org\\\/index.php\\\/2026\\\/04\\\/29\\\/avustralyada-ucak-kazasi-parafield-havalimani-hava-trafigine-kapatildi\\\/#article\",\"isPartOf\":{\"@id\":\"https:\\\/\\\/kuzeyinsesi.org\\\/index.php\\\/2026\\\/04\\\/29\\\/avustralyada-ucak-kazasi-parafield-havalimani-hava-trafigine-kapatildi\\\/\"},\"author\":{\"name\":\"Kuzeyin Sesi\",\"@id\":\"https:\\\/\\\/kuzeyinsesi.org\\\/#\\\/schema\\\/person\\\/9f859689cdf01485597712386e37f5aa\"},\"headline\":\"Avustralyada u\u00e7ak kazas\u0131: Parafield Havaliman\u0131 hava trafi\u011fine kapat\u0131ld\u0131\",\"datePublished\":\"2026-04-29T05:39:42+00:00\",\"mainEntityOfPage\":{\"@id\":\"https:\\\/\\\/kuzeyinsesi.org\\\/index.php\\\/2026\\\/04\\\/29\\\/avustralyada-ucak-kazasi-parafield-havalimani-hava-trafigine-kapatildi\\\/\"},\"wordCount\":170,\"commentCount\":0,\"image\":{\"@id\":\"https:\\\/\\\/kuzeyinsesi.org\\\/index.php\\\/2026\\\/04\\\/29\\\/avustralyada-ucak-kazasi-parafield-havalimani-hava-trafigine-kapatildi\\\/#primaryimage\"},\"thumbnailUrl\":\"https:\\\/\\\/kuzeyinsesi.org\\\/wp-content\\\/uploads\\\/2026\\\/04\\\/aut-2457272.jpg\",\"articleSection\":[\"D\u00fcnya\"],\"inLanguage\":\"tr\",\"potentialAction\":[{\"@type\":\"CommentAction\",\"name\":\"Comment\",\"target\":[\"https:\\\/\\\/kuzeyinsesi.org\\\/index.php\\\/2026\\\/04\\\/29\\\/avustralyada-ucak-kazasi-parafield-havalimani-hava-trafigine-kapatildi\\\/#respond\"]}]},{\"@type\":\"WebPage\",\"@id\":\"https:\\\/\\\/kuzeyinsesi.org\\\/index.php\\\/2026\\\/04\\\/29\\\/avustralyada-ucak-kazasi-parafield-havalimani-hava-trafigine-kapatildi\\\/\",\"url\":\"https:\\\/\\\/kuzeyinsesi.org\\\/index.php\\\/2026\\\/04\\\/29\\\/avustralyada-ucak-kazasi-parafield-havalimani-hava-trafigine-kapatildi\\\/\",\"name\":\"Avustralyada u\u00e7ak kazas\u0131: Parafield Havaliman\u0131 hava trafi\u011fine kapat\u0131ld\u0131 - Kuzeyin Sesi\",\"isPartOf\":{\"@id\":\"https:\\\/\\\/kuzeyinsesi.org\\\/#website\"},\"primaryImageOfPage\":{\"@id\":\"https:\\\/\\\/kuzeyinsesi.org\\\/index.php\\\/2026\\\/04\\\/29\\\/avustralyada-ucak-kazasi-parafield-havalimani-hava-trafigine-kapatildi\\\/#primaryimage\"},\"image\":{\"@id\":\"https:\\\/\\\/kuzeyinsesi.org\\\/index.php\\\/2026\\\/04\\\/29\\\/avustralyada-ucak-kazasi-parafield-havalimani-hava-trafigine-kapatildi\\\/#primaryimage\"},\"thumbnailUrl\":\"https:\\\/\\\/kuzeyinsesi.org\\\/wp-content\\\/uploads\\\/2026\\\/04\\\/aut-2457272.jpg\",\"datePublished\":\"2026-04-29T05:39:42+00:00\",\"author\":{\"@id\":\"https:\\\/\\\/kuzeyinsesi.org\\\/#\\\/schema\\\/person\\\/9f859689cdf01485597712386e37f5aa\"},\"breadcrumb\":{\"@id\":\"https:\\\/\\\/kuzeyinsesi.org\\\/index.php\\\/2026\\\/04\\\/29\\\/avustralyada-ucak-kazasi-parafield-havalimani-hava-trafigine-kapatildi\\\/#breadcrumb\"},\"inLanguage\":\"tr\",\"potentialAction\":[{\"@type\":\"ReadAction\",\"target\":[\"https:\\\/\\\/kuzeyinsesi.org\\\/index.php\\\/2026\\\/04\\\/29\\\/avustralyada-ucak-kazasi-parafield-havalimani-hava-trafigine-kapatildi\\\/\"]}]},{\"@type\":\"ImageObject\",\"inLanguage\":\"tr\",\"@id\":\"https:\\\/\\\/kuzeyinsesi.org\\\/index.php\\\/2026\\\/04\\\/29\\\/avustralyada-ucak-kazasi-parafield-havalimani-hava-trafigine-kapatildi\\\/#primaryimage\",\"url\":\"https:\\\/\\\/kuzeyinsesi.org\\\/wp-content\\\/uploads\\\/2026\\\/04\\\/aut-2457272.jpg\",\"contentUrl\":\"https:\\\/\\\/kuzeyinsesi.org\\\/wp-content\\\/uploads\\\/2026\\\/04\\\/aut-2457272.jpg\",\"width\":1280,\"height\":720},{\"@type\":\"BreadcrumbList\",\"@id\":\"https:\\\/\\\/kuzeyinsesi.org\\\/index.php\\\/2026\\\/04\\\/29\\\/avustralyada-ucak-kazasi-parafield-havalimani-hava-trafigine-kapatildi\\\/#breadcrumb\",\"itemListElement\":[{\"@type\":\"ListItem\",\"position\":1,\"name\":\"Anasayfa\",\"item\":\"https:\\\/\\\/kuzeyinsesi.org\\\/\"},{\"@type\":\"ListItem\",\"position\":2,\"name\":\"Avustralyada u\u00e7ak kazas\u0131: Parafield Havaliman\u0131 hava trafi\u011fine kapat\u0131ld\u0131\"}]},{\"@type\":\"WebSite\",\"@id\":\"https:\\\/\\\/kuzeyinsesi.org\\\/#website\",\"url\":\"https:\\\/\\\/kuzeyinsesi.org\\\/\",\"name\":\"Kuzeyin Sesi\",\"description\":\"Do\u011fru Haberin Adresi\",\"potentialAction\":[{\"@type\":\"SearchAction\",\"target\":{\"@type\":\"EntryPoint\",\"urlTemplate\":\"https:\\\/\\\/kuzeyinsesi.org\\\/?s={search_term_string}\"},\"query-input\":{\"@type\":\"PropertyValueSpecification\",\"valueRequired\":true,\"valueName\":\"search_term_string\"}}],\"inLanguage\":\"tr\"},{\"@type\":\"Person\",\"@id\":\"https:\\\/\\\/kuzeyinsesi.org\\\/#\\\/schema\\\/person\\\/9f859689cdf01485597712386e37f5aa\",\"name\":\"Kuzeyin Sesi\",\"image\":{\"@type\":\"ImageObject\",\"inLanguage\":\"tr\",\"@id\":\"https:\\\/\\\/secure.gravatar.com\\\/avatar\\\/bab33852abfd8b282518d6ed81826833d77c3c882d9ab608add591ccace47a44?s=96&d=mm&r=g\",\"url\":\"https:\\\/\\\/secure.gravatar.com\\\/avatar\\\/bab33852abfd8b282518d6ed81826833d77c3c882d9ab608add591ccace47a44?s=96&d=mm&r=g\",\"contentUrl\":\"https:\\\/\\\/secure.gravatar.com\\\/avatar\\\/bab33852abfd8b282518d6ed81826833d77c3c882d9ab608add591ccace47a44?s=96&d=mm&r=g\",\"caption\":\"Kuzeyin Sesi\"},\"sameAs\":[\"https:\\\/\\\/kuzeyinsesi.org\"],\"url\":\"https:\\\/\\\/kuzeyinsesi.org\\\/index.php\\\/author\\\/guven\\\/\"}]}<\/script>\n<!-- \/ Yoast SEO plugin. -->","yoast_head_json":{"title":"Avustralyada u\u00e7ak kazas\u0131: Parafield Havaliman\u0131 hava trafi\u011fine kapat\u0131ld\u0131 - Kuzeyin Sesi","robots":{"index":"index","follow":"follow","max-snippet":"max-snippet:-1","max-image-preview":"max-image-preview:large","max-video-preview":"max-video-preview:-1"},"canonical":"https:\/\/kuzeyinsesi.org\/index.php\/2026\/04\/29\/avustralyada-ucak-kazasi-parafield-havalimani-hava-trafigine-kapatildi\/","og_locale":"tr_TR","og_type":"article","og_title":"Avustralyada u\u00e7ak kazas\u0131: Parafield Havaliman\u0131 hava trafi\u011fine kapat\u0131ld\u0131 - Kuzeyin Sesi","og_description":"&#13; G\u00fcney Avustralya polisinden yap\u0131lan a\u00e7\u0131klamaya g\u00f6re, k\u00fc\u00e7\u00fck bir u\u00e7ak ini\u015f denemesi yapt\u0131\u011f\u0131 s\u0131rada hen\u00fcz belirlenemeyen bir nedenle pist yak\u0131n\u0131ndaki hangara \u00e7arpt\u0131. &#13; \u00c7arpman\u0131n etkisiyle hangarda b\u00fcy\u00fck bir yang\u0131n ba\u015flarken, b\u00f6lgeden yo\u011fun siyah dumanlar y\u00fckseldi\u011fi bildirildi. &#13; B\u00f6lge tahliye edildi, u\u00e7u\u015flar durduruldu &#13; Olay\u0131n ard\u0131ndan acil servis ekipleri b\u00f6lgeye sevk edildi ve havaliman\u0131n\u0131n \u00e7evresi g\u00fcvenlik [&hellip;]","og_url":"https:\/\/kuzeyinsesi.org\/index.php\/2026\/04\/29\/avustralyada-ucak-kazasi-parafield-havalimani-hava-trafigine-kapatildi\/","og_site_name":"Kuzeyin Sesi","article_publisher":"https:\/\/www.facebook.com\/kuzeyinsesii","article_published_time":"2026-04-29T05:39:42+00:00","og_image":[{"url":"https:\/\/trthaberstatic.cdn.wp.trt.com.tr\/resimler\/2456000\/aut-2457272.jpg","type":"","width":"","height":""}],"author":"Kuzeyin Sesi","twitter_card":"summary_large_image","twitter_creator":"@kuzeyinsesii","twitter_site":"@kuzeyinsesii","twitter_misc":{"Yazan:":"Kuzeyin Sesi","Tahmini okuma s\u00fcresi":"1 dakika"},"schema":{"@context":"https:\/\/schema.org","@graph":[{"@type":"Article","@id":"https:\/\/kuzeyinsesi.org\/index.php\/2026\/04\/29\/avustralyada-ucak-kazasi-parafield-havalimani-hava-trafigine-kapatildi\/#article","isPartOf":{"@id":"https:\/\/kuzeyinsesi.org\/index.php\/2026\/04\/29\/avustralyada-ucak-kazasi-parafield-havalimani-hava-trafigine-kapatildi\/"},"author":{"name":"Kuzeyin Sesi","@id":"https:\/\/kuzeyinsesi.org\/#\/schema\/person\/9f859689cdf01485597712386e37f5aa"},"headline":"Avustralyada u\u00e7ak kazas\u0131: Parafield Havaliman\u0131 hava trafi\u011fine kapat\u0131ld\u0131","datePublished":"2026-04-29T05:39:42+00:00","mainEntityOfPage":{"@id":"https:\/\/kuzeyinsesi.org\/index.php\/2026\/04\/29\/avustralyada-ucak-kazasi-parafield-havalimani-hava-trafigine-kapatildi\/"},"wordCount":170,"commentCount":0,"image":{"@id":"https:\/\/kuzeyinsesi.org\/index.php\/2026\/04\/29\/avustralyada-ucak-kazasi-parafield-havalimani-hava-trafigine-kapatildi\/#primaryimage"},"thumbnailUrl":"https:\/\/kuzeyinsesi.org\/wp-content\/uploads\/2026\/04\/aut-2457272.jpg","articleSection":["D\u00fcnya"],"inLanguage":"tr","potentialAction":[{"@type":"CommentAction","name":"Comment","target":["https:\/\/kuzeyinsesi.org\/index.php\/2026\/04\/29\/avustralyada-ucak-kazasi-parafield-havalimani-hava-trafigine-kapatildi\/#respond"]}]},{"@type":"WebPage","@id":"https:\/\/kuzeyinsesi.org\/index.php\/2026\/04\/29\/avustralyada-ucak-kazasi-parafield-havalimani-hava-trafigine-kapatildi\/","url":"https:\/\/kuzeyinsesi.org\/index.php\/2026\/04\/29\/avustralyada-ucak-kazasi-parafield-havalimani-hava-trafigine-kapatildi\/","name":"Avustralyada u\u00e7ak kazas\u0131: Parafield Havaliman\u0131 hava trafi\u011fine kapat\u0131ld\u0131 - Kuzeyin Sesi","isPartOf":{"@id":"https:\/\/kuzeyinsesi.org\/#website"},"primaryImageOfPage":{"@id":"https:\/\/kuzeyinsesi.org\/index.php\/2026\/04\/29\/avustralyada-ucak-kazasi-parafield-havalimani-hava-trafigine-kapatildi\/#primaryimage"},"image":{"@id":"https:\/\/kuzeyinsesi.org\/index.php\/2026\/04\/29\/avustralyada-ucak-kazasi-parafield-havalimani-hava-trafigine-kapatildi\/#primaryimage"},"thumbnailUrl":"https:\/\/kuzeyinsesi.org\/wp-content\/uploads\/2026\/04\/aut-2457272.jpg","datePublished":"2026-04-29T05:39:42+00:00","author":{"@id":"https:\/\/kuzeyinsesi.org\/#\/schema\/person\/9f859689cdf01485597712386e37f5aa"},"breadcrumb":{"@id":"https:\/\/kuzeyinsesi.org\/index.php\/2026\/04\/29\/avustralyada-ucak-kazasi-parafield-havalimani-hava-trafigine-kapatildi\/#breadcrumb"},"inLanguage":"tr","potentialAction":[{"@type":"ReadAction","target":["https:\/\/kuzeyinsesi.org\/index.php\/2026\/04\/29\/avustralyada-ucak-kazasi-parafield-havalimani-hava-trafigine-kapatildi\/"]}]},{"@type":"ImageObject","inLanguage":"tr","@id":"https:\/\/kuzeyinsesi.org\/index.php\/2026\/04\/29\/avustralyada-ucak-kazasi-parafield-havalimani-hava-trafigine-kapatildi\/#primaryimage","url":"https:\/\/kuzeyinsesi.org\/wp-content\/uploads\/2026\/04\/aut-2457272.jpg","contentUrl":"https:\/\/kuzeyinsesi.org\/wp-content\/uploads\/2026\/04\/aut-2457272.jpg","width":1280,"height":720},{"@type":"BreadcrumbList","@id":"https:\/\/kuzeyinsesi.org\/index.php\/2026\/04\/29\/avustralyada-ucak-kazasi-parafield-havalimani-hava-trafigine-kapatildi\/#breadcrumb","itemListElement":[{"@type":"ListItem","position":1,"name":"Anasayfa","item":"https:\/\/kuzeyinsesi.org\/"},{"@type":"ListItem","position":2,"name":"Avustralyada u\u00e7ak kazas\u0131: Parafield Havaliman\u0131 hava trafi\u011fine kapat\u0131ld\u0131"}]},{"@type":"WebSite","@id":"https:\/\/kuzeyinsesi.org\/#website","url":"https:\/\/kuzeyinsesi.org\/","name":"Kuzeyin Sesi","description":"Do\u011fru Haberin Adresi","potentialAction":[{"@type":"SearchAction","target":{"@type":"EntryPoint","urlTemplate":"https:\/\/kuzeyinsesi.org\/?s={search_term_string}"},"query-input":{"@type":"PropertyValueSpecification","valueRequired":true,"valueName":"search_term_string"}}],"inLanguage":"tr"},{"@type":"Person","@id":"https:\/\/kuzeyinsesi.org\/#\/schema\/person\/9f859689cdf01485597712386e37f5aa","name":"Kuzeyin Sesi","image":{"@type":"ImageObject","inLanguage":"tr","@id":"https:\/\/secure.gravatar.com\/avatar\/bab33852abfd8b282518d6ed81826833d77c3c882d9ab608add591ccace47a44?s=96&d=mm&r=g","url":"https:\/\/secure.gravatar.com\/avatar\/bab33852abfd8b282518d6ed81826833d77c3c882d9ab608add591ccace47a44?s=96&d=mm&r=g","contentUrl":"https:\/\/secure.gravatar.com\/avatar\/bab33852abfd8b282518d6ed81826833d77c3c882d9ab608add591ccace47a44?s=96&d=mm&r=g","caption":"Kuzeyin Sesi"},"sameAs":["https:\/\/kuzeyinsesi.org"],"url":"https:\/\/kuzeyinsesi.org\/index.php\/author\/guven\/"}]}},"_links":{"self":[{"href":"https:\/\/kuzeyinsesi.org\/index.php\/wp-json\/wp\/v2\/posts\/37557","targetHints":{"allow":["GET"]}}],"collection":[{"href":"https:\/\/kuzeyinsesi.org\/index.php\/wp-json\/wp\/v2\/posts"}],"about":[{"href":"https:\/\/kuzeyinsesi.org\/index.php\/wp-json\/wp\/v2\/types\/post"}],"author":[{"embeddable":true,"href":"https:\/\/kuzeyinsesi.org\/index.php\/wp-json\/wp\/v2\/users\/1"}],"replies":[{"embeddable":true,"href":"https:\/\/kuzeyinsesi.org\/index.php\/wp-json\/wp\/v2\/comments?post=37557"}],"version-history":[{"count":0,"href":"https:\/\/kuzeyinsesi.org\/index.php\/wp-json\/wp\/v2\/posts\/37557\/revisions"}],"wp:featuredmedia":[{"embeddable":true,"href":"https:\/\/kuzeyinsesi.org\/index.php\/wp-json\/wp\/v2\/media\/37558"}],"wp:attachment":[{"href":"https:\/\/kuzeyinsesi.org\/index.php\/wp-json\/wp\/v2\/media?parent=37557"}],"wp:term":[{"taxonomy":"category","embeddable":true,"href":"https:\/\/kuzeyinsesi.org\/index.php\/wp-json\/wp\/v2\/categories?post=37557"},{"taxonomy":"post_tag","embeddable":true,"href":"https:\/\/kuzeyinsesi.org\/index.php\/wp-json\/wp\/v2\/tags?post=37557"}],"curies":[{"name":"wp","href":"https:\/\/api.w.org\/{rel}","templated":true}]}}