{"id":3755,"date":"2024-05-30T18:50:33","date_gmt":"2024-05-30T15:50:33","guid":{"rendered":"https:\/\/kuzeyinsesi.com\/index.php\/2024\/05\/30\/cumhuriyet-meclisi-baskani-tore-tasavvuf-muzigi-dinletisine-katildi\/"},"modified":"2024-05-30T18:50:33","modified_gmt":"2024-05-30T15:50:33","slug":"cumhuriyet-meclisi-baskani-tore-tasavvuf-muzigi-dinletisine-katildi","status":"publish","type":"post","link":"https:\/\/kuzeyinsesi.org\/index.php\/2024\/05\/30\/cumhuriyet-meclisi-baskani-tore-tasavvuf-muzigi-dinletisine-katildi\/","title":{"rendered":"Cumhuriyet Meclisi Ba\u015fkan\u0131 T\u00f6re tasavvuf m\u00fczi\u011fi dinletisine kat\u0131ld\u0131"},"content":{"rendered":"<div>\n<div class=\"mariselle-image-container center\">\n                                            <\/div>\n<p>Cumhuriyet Meclisi Ba\u015fkan\u0131 Zorlu T\u00f6re, Lefko\u015fa Yunus Emre Enstit\u00fcs\u00fc taraf\u0131ndan organize edilen Asitane Me\u015fkleri tasavvuf m\u00fczi\u011fi dinletisine kat\u0131ld\u0131.<\/p>\n<p>Cumhuriyet Meclisinden verilen bilgiye g\u00f6re T\u00f6re, kat\u0131l\u0131mc\u0131lara hitaben yapt\u0131\u011f\u0131 konu\u015fmada, inanc\u0131n insana her zaman b\u00fcy\u00fck bir g\u00fc\u00e7 verdi\u011fini s\u00f6yledi.<\/p>\n<p>Mevlevili\u011fin kendilerine \u015f\u00fckr\u00fc ve sevgiyi \u00f6\u011fretti\u011fini belirten T\u00f6re, Yunus Emre Enstit\u00fcs\u00fcn\u00fcn KKTC\u2019de \u00f6nemli gayretleri oldu\u011funu kaydetti. T\u00f6re, manevi zenginli\u011fin kaybedilmesi halinde maddi zenginlik olsa bile huzurun olamayaca\u011f\u0131n\u0131 ifade etti.<\/p>\n<p>Etkinli\u011fi \u00e7ok anlaml\u0131 bulduklar\u0131n\u0131 belirten T\u00f6re, katk\u0131s\u0131 olan herkese te\u015fekk\u00fcr etti.<\/p>\n<\/p><\/div>\n<p><script async\n                    defer\n                    crossorigin=\"anonymous\"\n                    src=\"https:\/\/connect.facebook.net\/tr_TR\/sdk.js#xfbml=1&#038;version=v3.3\"\n            ><\/script><\/p>\n","protected":false},"excerpt":{"rendered":"<p>Cumhuriyet Meclisi Ba\u015fkan\u0131 Zorlu T\u00f6re, Lefko\u015fa Yunus Emre Enstit\u00fcs\u00fc taraf\u0131ndan organize edilen Asitane Me\u015fkleri tasavvuf m\u00fczi\u011fi dinletisine kat\u0131ld\u0131. Cumhuriyet Meclisinden verilen bilgiye g\u00f6re T\u00f6re, kat\u0131l\u0131mc\u0131lara hitaben yapt\u0131\u011f\u0131 konu\u015fmada, inanc\u0131n insana her zaman b\u00fcy\u00fck bir g\u00fc\u00e7 verdi\u011fini s\u00f6yledi. Mevlevili\u011fin kendilerine \u015f\u00fckr\u00fc ve sevgiyi \u00f6\u011fretti\u011fini belirten T\u00f6re, Yunus Emre Enstit\u00fcs\u00fcn\u00fcn KKTC\u2019de \u00f6nemli gayretleri oldu\u011funu kaydetti. T\u00f6re, manevi [&hellip;]<\/p>\n","protected":false},"author":1,"featured_media":3756,"comment_status":"open","ping_status":"open","sticky":false,"template":"","format":"standard","meta":{"jnews-multi-image_gallery":[],"jnews_single_post":[],"jnews_primary_category":[],"jnews_social_meta":[],"jnews_override_counter":[],"footnotes":""},"categories":[6],"tags":[],"class_list":["post-3755","post","type-post","status-publish","format-standard","has-post-thumbnail","hentry","category-yasam"],"yoast_head":"<!-- This site is optimized with the Yoast SEO plugin v27.5 - https:\/\/yoast.com\/product\/yoast-seo-wordpress\/ -->\n<title>Cumhuriyet Meclisi Ba\u015fkan\u0131 T\u00f6re tasavvuf m\u00fczi\u011fi dinletisine kat\u0131ld\u0131 - Kuzeyin Sesi<\/title>\n<meta name=\"robots\" content=\"index, follow, max-snippet:-1, max-image-preview:large, max-video-preview:-1\" \/>\n<link rel=\"canonical\" href=\"https:\/\/kuzeyinsesi.org\/index.php\/2024\/05\/30\/cumhuriyet-meclisi-baskani-tore-tasavvuf-muzigi-dinletisine-katildi\/\" \/>\n<meta property=\"og:locale\" content=\"tr_TR\" \/>\n<meta property=\"og:type\" content=\"article\" \/>\n<meta property=\"og:title\" content=\"Cumhuriyet Meclisi Ba\u015fkan\u0131 T\u00f6re tasavvuf m\u00fczi\u011fi dinletisine kat\u0131ld\u0131 - Kuzeyin Sesi\" \/>\n<meta property=\"og:description\" content=\"Cumhuriyet Meclisi Ba\u015fkan\u0131 Zorlu T\u00f6re, Lefko\u015fa Yunus Emre Enstit\u00fcs\u00fc taraf\u0131ndan organize edilen Asitane Me\u015fkleri tasavvuf m\u00fczi\u011fi dinletisine kat\u0131ld\u0131. Cumhuriyet Meclisinden verilen bilgiye g\u00f6re T\u00f6re, kat\u0131l\u0131mc\u0131lara hitaben yapt\u0131\u011f\u0131 konu\u015fmada, inanc\u0131n insana her zaman b\u00fcy\u00fck bir g\u00fc\u00e7 verdi\u011fini s\u00f6yledi. Mevlevili\u011fin kendilerine \u015f\u00fckr\u00fc ve sevgiyi \u00f6\u011fretti\u011fini belirten T\u00f6re, Yunus Emre Enstit\u00fcs\u00fcn\u00fcn KKTC\u2019de \u00f6nemli gayretleri oldu\u011funu kaydetti. T\u00f6re, manevi [&hellip;]\" \/>\n<meta property=\"og:url\" content=\"https:\/\/kuzeyinsesi.org\/index.php\/2024\/05\/30\/cumhuriyet-meclisi-baskani-tore-tasavvuf-muzigi-dinletisine-katildi\/\" \/>\n<meta property=\"og:site_name\" content=\"Kuzeyin Sesi\" \/>\n<meta property=\"article:publisher\" content=\"https:\/\/www.facebook.com\/kuzeyinsesii\" \/>\n<meta property=\"article:published_time\" content=\"2024-05-30T15:50:33+00:00\" \/>\n<meta property=\"og:image\" content=\"https:\/\/kuzeyinsesi.org\/wp-content\/uploads\/2024\/05\/tore-1-10-1024x683.jpg\" \/>\n\t<meta property=\"og:image:width\" content=\"1024\" \/>\n\t<meta property=\"og:image:height\" content=\"683\" \/>\n\t<meta property=\"og:image:type\" content=\"image\/jpeg\" \/>\n<meta name=\"author\" content=\"Kuzeyin Sesi\" \/>\n<meta name=\"twitter:card\" content=\"summary_large_image\" \/>\n<meta name=\"twitter:creator\" content=\"@kuzeyinsesii\" \/>\n<meta name=\"twitter:site\" content=\"@kuzeyinsesii\" \/>\n<meta name=\"twitter:label1\" content=\"Yazan:\" \/>\n\t<meta name=\"twitter:data1\" content=\"Kuzeyin Sesi\" \/>\n\t<meta name=\"twitter:label2\" content=\"Tahmini okuma s\u00fcresi\" \/>\n\t<meta name=\"twitter:data2\" content=\"1 dakika\" \/>\n<script type=\"application\/ld+json\" class=\"yoast-schema-graph\">{\"@context\":\"https:\\\/\\\/schema.org\",\"@graph\":[{\"@type\":\"Article\",\"@id\":\"https:\\\/\\\/kuzeyinsesi.org\\\/index.php\\\/2024\\\/05\\\/30\\\/cumhuriyet-meclisi-baskani-tore-tasavvuf-muzigi-dinletisine-katildi\\\/#article\",\"isPartOf\":{\"@id\":\"https:\\\/\\\/kuzeyinsesi.org\\\/index.php\\\/2024\\\/05\\\/30\\\/cumhuriyet-meclisi-baskani-tore-tasavvuf-muzigi-dinletisine-katildi\\\/\"},\"author\":{\"name\":\"Kuzeyin Sesi\",\"@id\":\"https:\\\/\\\/kuzeyinsesi.org\\\/#\\\/schema\\\/person\\\/9f859689cdf01485597712386e37f5aa\"},\"headline\":\"Cumhuriyet Meclisi Ba\u015fkan\u0131 T\u00f6re tasavvuf m\u00fczi\u011fi dinletisine kat\u0131ld\u0131\",\"datePublished\":\"2024-05-30T15:50:33+00:00\",\"mainEntityOfPage\":{\"@id\":\"https:\\\/\\\/kuzeyinsesi.org\\\/index.php\\\/2024\\\/05\\\/30\\\/cumhuriyet-meclisi-baskani-tore-tasavvuf-muzigi-dinletisine-katildi\\\/\"},\"wordCount\":127,\"commentCount\":0,\"image\":{\"@id\":\"https:\\\/\\\/kuzeyinsesi.org\\\/index.php\\\/2024\\\/05\\\/30\\\/cumhuriyet-meclisi-baskani-tore-tasavvuf-muzigi-dinletisine-katildi\\\/#primaryimage\"},\"thumbnailUrl\":\"https:\\\/\\\/kuzeyinsesi.org\\\/wp-content\\\/uploads\\\/2024\\\/05\\\/tore-1-10.jpg\",\"articleSection\":[\"Ya\u015fam\"],\"inLanguage\":\"tr\",\"potentialAction\":[{\"@type\":\"CommentAction\",\"name\":\"Comment\",\"target\":[\"https:\\\/\\\/kuzeyinsesi.org\\\/index.php\\\/2024\\\/05\\\/30\\\/cumhuriyet-meclisi-baskani-tore-tasavvuf-muzigi-dinletisine-katildi\\\/#respond\"]}]},{\"@type\":\"WebPage\",\"@id\":\"https:\\\/\\\/kuzeyinsesi.org\\\/index.php\\\/2024\\\/05\\\/30\\\/cumhuriyet-meclisi-baskani-tore-tasavvuf-muzigi-dinletisine-katildi\\\/\",\"url\":\"https:\\\/\\\/kuzeyinsesi.org\\\/index.php\\\/2024\\\/05\\\/30\\\/cumhuriyet-meclisi-baskani-tore-tasavvuf-muzigi-dinletisine-katildi\\\/\",\"name\":\"Cumhuriyet Meclisi Ba\u015fkan\u0131 T\u00f6re tasavvuf m\u00fczi\u011fi dinletisine kat\u0131ld\u0131 - Kuzeyin Sesi\",\"isPartOf\":{\"@id\":\"https:\\\/\\\/kuzeyinsesi.org\\\/#website\"},\"primaryImageOfPage\":{\"@id\":\"https:\\\/\\\/kuzeyinsesi.org\\\/index.php\\\/2024\\\/05\\\/30\\\/cumhuriyet-meclisi-baskani-tore-tasavvuf-muzigi-dinletisine-katildi\\\/#primaryimage\"},\"image\":{\"@id\":\"https:\\\/\\\/kuzeyinsesi.org\\\/index.php\\\/2024\\\/05\\\/30\\\/cumhuriyet-meclisi-baskani-tore-tasavvuf-muzigi-dinletisine-katildi\\\/#primaryimage\"},\"thumbnailUrl\":\"https:\\\/\\\/kuzeyinsesi.org\\\/wp-content\\\/uploads\\\/2024\\\/05\\\/tore-1-10.jpg\",\"datePublished\":\"2024-05-30T15:50:33+00:00\",\"author\":{\"@id\":\"https:\\\/\\\/kuzeyinsesi.org\\\/#\\\/schema\\\/person\\\/9f859689cdf01485597712386e37f5aa\"},\"breadcrumb\":{\"@id\":\"https:\\\/\\\/kuzeyinsesi.org\\\/index.php\\\/2024\\\/05\\\/30\\\/cumhuriyet-meclisi-baskani-tore-tasavvuf-muzigi-dinletisine-katildi\\\/#breadcrumb\"},\"inLanguage\":\"tr\",\"potentialAction\":[{\"@type\":\"ReadAction\",\"target\":[\"https:\\\/\\\/kuzeyinsesi.org\\\/index.php\\\/2024\\\/05\\\/30\\\/cumhuriyet-meclisi-baskani-tore-tasavvuf-muzigi-dinletisine-katildi\\\/\"]}]},{\"@type\":\"ImageObject\",\"inLanguage\":\"tr\",\"@id\":\"https:\\\/\\\/kuzeyinsesi.org\\\/index.php\\\/2024\\\/05\\\/30\\\/cumhuriyet-meclisi-baskani-tore-tasavvuf-muzigi-dinletisine-katildi\\\/#primaryimage\",\"url\":\"https:\\\/\\\/kuzeyinsesi.org\\\/wp-content\\\/uploads\\\/2024\\\/05\\\/tore-1-10.jpg\",\"contentUrl\":\"https:\\\/\\\/kuzeyinsesi.org\\\/wp-content\\\/uploads\\\/2024\\\/05\\\/tore-1-10.jpg\",\"width\":1800,\"height\":1200},{\"@type\":\"BreadcrumbList\",\"@id\":\"https:\\\/\\\/kuzeyinsesi.org\\\/index.php\\\/2024\\\/05\\\/30\\\/cumhuriyet-meclisi-baskani-tore-tasavvuf-muzigi-dinletisine-katildi\\\/#breadcrumb\",\"itemListElement\":[{\"@type\":\"ListItem\",\"position\":1,\"name\":\"Anasayfa\",\"item\":\"https:\\\/\\\/kuzeyinsesi.org\\\/\"},{\"@type\":\"ListItem\",\"position\":2,\"name\":\"Cumhuriyet Meclisi Ba\u015fkan\u0131 T\u00f6re tasavvuf m\u00fczi\u011fi dinletisine kat\u0131ld\u0131\"}]},{\"@type\":\"WebSite\",\"@id\":\"https:\\\/\\\/kuzeyinsesi.org\\\/#website\",\"url\":\"https:\\\/\\\/kuzeyinsesi.org\\\/\",\"name\":\"Kuzeyin Sesi\",\"description\":\"Do\u011fru Haberin Adresi\",\"potentialAction\":[{\"@type\":\"SearchAction\",\"target\":{\"@type\":\"EntryPoint\",\"urlTemplate\":\"https:\\\/\\\/kuzeyinsesi.org\\\/?s={search_term_string}\"},\"query-input\":{\"@type\":\"PropertyValueSpecification\",\"valueRequired\":true,\"valueName\":\"search_term_string\"}}],\"inLanguage\":\"tr\"},{\"@type\":\"Person\",\"@id\":\"https:\\\/\\\/kuzeyinsesi.org\\\/#\\\/schema\\\/person\\\/9f859689cdf01485597712386e37f5aa\",\"name\":\"Kuzeyin Sesi\",\"image\":{\"@type\":\"ImageObject\",\"inLanguage\":\"tr\",\"@id\":\"https:\\\/\\\/secure.gravatar.com\\\/avatar\\\/bab33852abfd8b282518d6ed81826833d77c3c882d9ab608add591ccace47a44?s=96&d=mm&r=g\",\"url\":\"https:\\\/\\\/secure.gravatar.com\\\/avatar\\\/bab33852abfd8b282518d6ed81826833d77c3c882d9ab608add591ccace47a44?s=96&d=mm&r=g\",\"contentUrl\":\"https:\\\/\\\/secure.gravatar.com\\\/avatar\\\/bab33852abfd8b282518d6ed81826833d77c3c882d9ab608add591ccace47a44?s=96&d=mm&r=g\",\"caption\":\"Kuzeyin Sesi\"},\"sameAs\":[\"https:\\\/\\\/kuzeyinsesi.org\"],\"url\":\"https:\\\/\\\/kuzeyinsesi.org\\\/index.php\\\/author\\\/guven\\\/\"}]}<\/script>\n<!-- \/ Yoast SEO plugin. -->","yoast_head_json":{"title":"Cumhuriyet Meclisi Ba\u015fkan\u0131 T\u00f6re tasavvuf m\u00fczi\u011fi dinletisine kat\u0131ld\u0131 - Kuzeyin Sesi","robots":{"index":"index","follow":"follow","max-snippet":"max-snippet:-1","max-image-preview":"max-image-preview:large","max-video-preview":"max-video-preview:-1"},"canonical":"https:\/\/kuzeyinsesi.org\/index.php\/2024\/05\/30\/cumhuriyet-meclisi-baskani-tore-tasavvuf-muzigi-dinletisine-katildi\/","og_locale":"tr_TR","og_type":"article","og_title":"Cumhuriyet Meclisi Ba\u015fkan\u0131 T\u00f6re tasavvuf m\u00fczi\u011fi dinletisine kat\u0131ld\u0131 - Kuzeyin Sesi","og_description":"Cumhuriyet Meclisi Ba\u015fkan\u0131 Zorlu T\u00f6re, Lefko\u015fa Yunus Emre Enstit\u00fcs\u00fc taraf\u0131ndan organize edilen Asitane Me\u015fkleri tasavvuf m\u00fczi\u011fi dinletisine kat\u0131ld\u0131. Cumhuriyet Meclisinden verilen bilgiye g\u00f6re T\u00f6re, kat\u0131l\u0131mc\u0131lara hitaben yapt\u0131\u011f\u0131 konu\u015fmada, inanc\u0131n insana her zaman b\u00fcy\u00fck bir g\u00fc\u00e7 verdi\u011fini s\u00f6yledi. Mevlevili\u011fin kendilerine \u015f\u00fckr\u00fc ve sevgiyi \u00f6\u011fretti\u011fini belirten T\u00f6re, Yunus Emre Enstit\u00fcs\u00fcn\u00fcn KKTC\u2019de \u00f6nemli gayretleri oldu\u011funu kaydetti. T\u00f6re, manevi [&hellip;]","og_url":"https:\/\/kuzeyinsesi.org\/index.php\/2024\/05\/30\/cumhuriyet-meclisi-baskani-tore-tasavvuf-muzigi-dinletisine-katildi\/","og_site_name":"Kuzeyin Sesi","article_publisher":"https:\/\/www.facebook.com\/kuzeyinsesii","article_published_time":"2024-05-30T15:50:33+00:00","og_image":[{"width":1024,"height":683,"url":"https:\/\/kuzeyinsesi.org\/wp-content\/uploads\/2024\/05\/tore-1-10-1024x683.jpg","type":"image\/jpeg"}],"author":"Kuzeyin Sesi","twitter_card":"summary_large_image","twitter_creator":"@kuzeyinsesii","twitter_site":"@kuzeyinsesii","twitter_misc":{"Yazan:":"Kuzeyin Sesi","Tahmini okuma s\u00fcresi":"1 dakika"},"schema":{"@context":"https:\/\/schema.org","@graph":[{"@type":"Article","@id":"https:\/\/kuzeyinsesi.org\/index.php\/2024\/05\/30\/cumhuriyet-meclisi-baskani-tore-tasavvuf-muzigi-dinletisine-katildi\/#article","isPartOf":{"@id":"https:\/\/kuzeyinsesi.org\/index.php\/2024\/05\/30\/cumhuriyet-meclisi-baskani-tore-tasavvuf-muzigi-dinletisine-katildi\/"},"author":{"name":"Kuzeyin Sesi","@id":"https:\/\/kuzeyinsesi.org\/#\/schema\/person\/9f859689cdf01485597712386e37f5aa"},"headline":"Cumhuriyet Meclisi Ba\u015fkan\u0131 T\u00f6re tasavvuf m\u00fczi\u011fi dinletisine kat\u0131ld\u0131","datePublished":"2024-05-30T15:50:33+00:00","mainEntityOfPage":{"@id":"https:\/\/kuzeyinsesi.org\/index.php\/2024\/05\/30\/cumhuriyet-meclisi-baskani-tore-tasavvuf-muzigi-dinletisine-katildi\/"},"wordCount":127,"commentCount":0,"image":{"@id":"https:\/\/kuzeyinsesi.org\/index.php\/2024\/05\/30\/cumhuriyet-meclisi-baskani-tore-tasavvuf-muzigi-dinletisine-katildi\/#primaryimage"},"thumbnailUrl":"https:\/\/kuzeyinsesi.org\/wp-content\/uploads\/2024\/05\/tore-1-10.jpg","articleSection":["Ya\u015fam"],"inLanguage":"tr","potentialAction":[{"@type":"CommentAction","name":"Comment","target":["https:\/\/kuzeyinsesi.org\/index.php\/2024\/05\/30\/cumhuriyet-meclisi-baskani-tore-tasavvuf-muzigi-dinletisine-katildi\/#respond"]}]},{"@type":"WebPage","@id":"https:\/\/kuzeyinsesi.org\/index.php\/2024\/05\/30\/cumhuriyet-meclisi-baskani-tore-tasavvuf-muzigi-dinletisine-katildi\/","url":"https:\/\/kuzeyinsesi.org\/index.php\/2024\/05\/30\/cumhuriyet-meclisi-baskani-tore-tasavvuf-muzigi-dinletisine-katildi\/","name":"Cumhuriyet Meclisi Ba\u015fkan\u0131 T\u00f6re tasavvuf m\u00fczi\u011fi dinletisine kat\u0131ld\u0131 - Kuzeyin Sesi","isPartOf":{"@id":"https:\/\/kuzeyinsesi.org\/#website"},"primaryImageOfPage":{"@id":"https:\/\/kuzeyinsesi.org\/index.php\/2024\/05\/30\/cumhuriyet-meclisi-baskani-tore-tasavvuf-muzigi-dinletisine-katildi\/#primaryimage"},"image":{"@id":"https:\/\/kuzeyinsesi.org\/index.php\/2024\/05\/30\/cumhuriyet-meclisi-baskani-tore-tasavvuf-muzigi-dinletisine-katildi\/#primaryimage"},"thumbnailUrl":"https:\/\/kuzeyinsesi.org\/wp-content\/uploads\/2024\/05\/tore-1-10.jpg","datePublished":"2024-05-30T15:50:33+00:00","author":{"@id":"https:\/\/kuzeyinsesi.org\/#\/schema\/person\/9f859689cdf01485597712386e37f5aa"},"breadcrumb":{"@id":"https:\/\/kuzeyinsesi.org\/index.php\/2024\/05\/30\/cumhuriyet-meclisi-baskani-tore-tasavvuf-muzigi-dinletisine-katildi\/#breadcrumb"},"inLanguage":"tr","potentialAction":[{"@type":"ReadAction","target":["https:\/\/kuzeyinsesi.org\/index.php\/2024\/05\/30\/cumhuriyet-meclisi-baskani-tore-tasavvuf-muzigi-dinletisine-katildi\/"]}]},{"@type":"ImageObject","inLanguage":"tr","@id":"https:\/\/kuzeyinsesi.org\/index.php\/2024\/05\/30\/cumhuriyet-meclisi-baskani-tore-tasavvuf-muzigi-dinletisine-katildi\/#primaryimage","url":"https:\/\/kuzeyinsesi.org\/wp-content\/uploads\/2024\/05\/tore-1-10.jpg","contentUrl":"https:\/\/kuzeyinsesi.org\/wp-content\/uploads\/2024\/05\/tore-1-10.jpg","width":1800,"height":1200},{"@type":"BreadcrumbList","@id":"https:\/\/kuzeyinsesi.org\/index.php\/2024\/05\/30\/cumhuriyet-meclisi-baskani-tore-tasavvuf-muzigi-dinletisine-katildi\/#breadcrumb","itemListElement":[{"@type":"ListItem","position":1,"name":"Anasayfa","item":"https:\/\/kuzeyinsesi.org\/"},{"@type":"ListItem","position":2,"name":"Cumhuriyet Meclisi Ba\u015fkan\u0131 T\u00f6re tasavvuf m\u00fczi\u011fi dinletisine kat\u0131ld\u0131"}]},{"@type":"WebSite","@id":"https:\/\/kuzeyinsesi.org\/#website","url":"https:\/\/kuzeyinsesi.org\/","name":"Kuzeyin Sesi","description":"Do\u011fru Haberin Adresi","potentialAction":[{"@type":"SearchAction","target":{"@type":"EntryPoint","urlTemplate":"https:\/\/kuzeyinsesi.org\/?s={search_term_string}"},"query-input":{"@type":"PropertyValueSpecification","valueRequired":true,"valueName":"search_term_string"}}],"inLanguage":"tr"},{"@type":"Person","@id":"https:\/\/kuzeyinsesi.org\/#\/schema\/person\/9f859689cdf01485597712386e37f5aa","name":"Kuzeyin Sesi","image":{"@type":"ImageObject","inLanguage":"tr","@id":"https:\/\/secure.gravatar.com\/avatar\/bab33852abfd8b282518d6ed81826833d77c3c882d9ab608add591ccace47a44?s=96&d=mm&r=g","url":"https:\/\/secure.gravatar.com\/avatar\/bab33852abfd8b282518d6ed81826833d77c3c882d9ab608add591ccace47a44?s=96&d=mm&r=g","contentUrl":"https:\/\/secure.gravatar.com\/avatar\/bab33852abfd8b282518d6ed81826833d77c3c882d9ab608add591ccace47a44?s=96&d=mm&r=g","caption":"Kuzeyin Sesi"},"sameAs":["https:\/\/kuzeyinsesi.org"],"url":"https:\/\/kuzeyinsesi.org\/index.php\/author\/guven\/"}]}},"_links":{"self":[{"href":"https:\/\/kuzeyinsesi.org\/index.php\/wp-json\/wp\/v2\/posts\/3755","targetHints":{"allow":["GET"]}}],"collection":[{"href":"https:\/\/kuzeyinsesi.org\/index.php\/wp-json\/wp\/v2\/posts"}],"about":[{"href":"https:\/\/kuzeyinsesi.org\/index.php\/wp-json\/wp\/v2\/types\/post"}],"author":[{"embeddable":true,"href":"https:\/\/kuzeyinsesi.org\/index.php\/wp-json\/wp\/v2\/users\/1"}],"replies":[{"embeddable":true,"href":"https:\/\/kuzeyinsesi.org\/index.php\/wp-json\/wp\/v2\/comments?post=3755"}],"version-history":[{"count":0,"href":"https:\/\/kuzeyinsesi.org\/index.php\/wp-json\/wp\/v2\/posts\/3755\/revisions"}],"wp:featuredmedia":[{"embeddable":true,"href":"https:\/\/kuzeyinsesi.org\/index.php\/wp-json\/wp\/v2\/media\/3756"}],"wp:attachment":[{"href":"https:\/\/kuzeyinsesi.org\/index.php\/wp-json\/wp\/v2\/media?parent=3755"}],"wp:term":[{"taxonomy":"category","embeddable":true,"href":"https:\/\/kuzeyinsesi.org\/index.php\/wp-json\/wp\/v2\/categories?post=3755"},{"taxonomy":"post_tag","embeddable":true,"href":"https:\/\/kuzeyinsesi.org\/index.php\/wp-json\/wp\/v2\/tags?post=3755"}],"curies":[{"name":"wp","href":"https:\/\/api.w.org\/{rel}","templated":true}]}}