{"id":37502,"date":"2026-04-28T15:11:44","date_gmt":"2026-04-28T12:11:44","guid":{"rendered":"https:\/\/kuzeyinsesi.org\/index.php\/2026\/04\/28\/gazimagusada-silahli-kavga-14-kisi-tutuklandi-1-kisi-araniyor\/"},"modified":"2026-04-28T15:11:44","modified_gmt":"2026-04-28T12:11:44","slug":"gazimagusada-silahli-kavga-14-kisi-tutuklandi-1-kisi-araniyor","status":"publish","type":"post","link":"https:\/\/kuzeyinsesi.org\/index.php\/2026\/04\/28\/gazimagusada-silahli-kavga-14-kisi-tutuklandi-1-kisi-araniyor\/","title":{"rendered":"Gazima\u011fusa\u2019da silahl\u0131 kavga: 14 ki\u015fi tutukland\u0131, 1 ki\u015fi aran\u0131yor"},"content":{"rendered":"<p>Gazima\u011fusa\u2019da d\u00fcn \u00e7\u0131kan silahl\u0131 kavgaya kar\u0131\u015fan\u00a014 ki\u015fi tutukland\u0131, 1 ki\u015fi ise aran\u0131yor.<\/p>\n<p>Polis Bas\u0131n Subayl\u0131\u011f\u0131\u2019ndan verilen bilgiye g\u00f6re, d\u00fcn saat 22.30&#8217;da Gazima\u011fusa Organize Sanayi B\u00f6lgesi\u2019nde faaliyet g\u00f6steren \u00c7.Y.\u2019ye ait makinist garaj\u0131 \u00f6n\u00fcnde, laf atma nedeniyle \u00e7\u0131kan tart\u0131\u015fman\u0131n b\u00fcy\u00fcmesi \u00fczerine F.C.\u015e. (E-21), C.G. (E-21) ve G.\u00d6. (E-22) aras\u0131nda kavga \u00e7\u0131kt\u0131.<\/p>\n<p>Olay\u0131n ard\u0131ndan H.\u0130.K. (E-26), kanunsuz olarak tasarrufunda bulundurdu\u011fu hen\u00fcz tespit edilemeyen tabancayla akrabas\u0131 G.\u00d6.\u2019y\u00fc darp etmek amac\u0131yla, F.C.\u015e. ve C.G. ile toplanan K.\u00c7. (E-24), U.B. (E-26), H.B. (E-21), S.T. (E-24), E.T. (E-21), A.G. (E-19), H.U. (E-19), H.E.Y. (E-20) ve R.K.\u2019nin (E-21) \u00fczerine rastgele ate\u015f a\u00e7t\u0131.<\/p>\n<p>Olayda yaralanan olmazken, S.T.\u2019ye ait arac\u0131n sa\u011f \u00f6n kap\u0131s\u0131 kur\u015fun isabet etmesi sonucu delinerek hasar g\u00f6rd\u00fc. S\u00f6z konusu makinist garaj\u0131nda polis taraf\u0131ndan yap\u0131lan aramada ise 9 mm \u00e7ap\u0131nda 4 canl\u0131 tabanca mermisi bulunarak emare olarak al\u0131nd\u0131.<\/p>\n<p>Olay sonras\u0131 ka\u00e7an H.\u0130.K.\u2019nin polis taraf\u0131ndan aran\u0131rken, meseleyle ba\u011flant\u0131s\u0131 oldu\u011fu tespit edilen E.K. (E-18) ile \u00d6.\u00d6. (E-25) ve bahse konu di\u011fer \u015fah\u0131slar tutukland\u0131.<\/p>\n<p><strong>Lefko\u015fa\u2019da uyu\u015fturucu ve ye\u015fil re\u00e7eteli hap ele ge\u00e7irildi<\/strong><\/p>\n<p>\u00d6te yandan d\u00fcn Lefko\u015fa\u2019da, Narkotik ve Ka\u00e7ak\u00e7\u0131l\u0131\u011f\u0131 \u00d6nleme M\u00fcd\u00fcrl\u00fc\u011f\u00fc ile Lefko\u015fa Polis M\u00fcd\u00fcrl\u00fc\u011f\u00fc\u2019ne ba\u011fl\u0131 C\u00fcr\u00fcmleri \u00d6nleme \u015eube Amirli\u011fi ekipleri taraf\u0131ndan A.\u015e.\u2019nin (E-35) \u00fczerinde ve ikametgah\u0131nda yap\u0131lan aramada, yakla\u015f\u0131k 12 gram hintkeneviri t\u00fcr\u00fc uyu\u015fturucu oldu\u011funa inan\u0131lan madde ile sat\u0131\u015f\u0131 ye\u015fil re\u00e7eteye tabi 6 hap bulundu.<\/p>\n<p>S\u00f6z konusu maddeler emare olarak al\u0131n\u0131rken, A.\u015e. tutukland\u0131. Her iki olayla ilgili soru\u015fturma devam ediyor.<\/p>\n","protected":false},"excerpt":{"rendered":"<p>Gazima\u011fusa\u2019da d\u00fcn \u00e7\u0131kan silahl\u0131 kavgaya kar\u0131\u015fan\u00a014 ki\u015fi tutukland\u0131, 1 ki\u015fi ise aran\u0131yor. Polis Bas\u0131n Subayl\u0131\u011f\u0131\u2019ndan verilen bilgiye g\u00f6re, d\u00fcn saat 22.30&#8217;da Gazima\u011fusa Organize Sanayi B\u00f6lgesi\u2019nde faaliyet g\u00f6steren \u00c7.Y.\u2019ye ait makinist garaj\u0131 \u00f6n\u00fcnde, laf atma nedeniyle \u00e7\u0131kan tart\u0131\u015fman\u0131n b\u00fcy\u00fcmesi \u00fczerine F.C.\u015e. (E-21), C.G. (E-21) ve G.\u00d6. (E-22) aras\u0131nda kavga \u00e7\u0131kt\u0131. Olay\u0131n ard\u0131ndan H.\u0130.K. (E-26), kanunsuz olarak [&hellip;]<\/p>\n","protected":false},"author":1,"featured_media":37089,"comment_status":"open","ping_status":"open","sticky":false,"template":"","format":"standard","meta":{"jnews-multi-image_gallery":[],"jnews_single_post":[],"jnews_primary_category":[],"jnews_social_meta":[],"jnews_override_counter":[],"footnotes":""},"categories":[1],"tags":[],"class_list":["post-37502","post","type-post","status-publish","format-standard","has-post-thumbnail","hentry","category-kibris"],"yoast_head":"<!-- This site is optimized with the Yoast SEO plugin v27.4 - https:\/\/yoast.com\/product\/yoast-seo-wordpress\/ -->\n<title>Gazima\u011fusa\u2019da silahl\u0131 kavga: 14 ki\u015fi tutukland\u0131, 1 ki\u015fi aran\u0131yor - Kuzeyin Sesi<\/title>\n<meta name=\"robots\" content=\"index, follow, max-snippet:-1, max-image-preview:large, max-video-preview:-1\" \/>\n<link rel=\"canonical\" href=\"https:\/\/kuzeyinsesi.org\/index.php\/2026\/04\/28\/gazimagusada-silahli-kavga-14-kisi-tutuklandi-1-kisi-araniyor\/\" \/>\n<meta property=\"og:locale\" content=\"tr_TR\" \/>\n<meta property=\"og:type\" content=\"article\" \/>\n<meta property=\"og:title\" content=\"Gazima\u011fusa\u2019da silahl\u0131 kavga: 14 ki\u015fi tutukland\u0131, 1 ki\u015fi aran\u0131yor - Kuzeyin Sesi\" \/>\n<meta property=\"og:description\" content=\"Gazima\u011fusa\u2019da d\u00fcn \u00e7\u0131kan silahl\u0131 kavgaya kar\u0131\u015fan\u00a014 ki\u015fi tutukland\u0131, 1 ki\u015fi ise aran\u0131yor. Polis Bas\u0131n Subayl\u0131\u011f\u0131\u2019ndan verilen bilgiye g\u00f6re, d\u00fcn saat 22.30&#8217;da Gazima\u011fusa Organize Sanayi B\u00f6lgesi\u2019nde faaliyet g\u00f6steren \u00c7.Y.\u2019ye ait makinist garaj\u0131 \u00f6n\u00fcnde, laf atma nedeniyle \u00e7\u0131kan tart\u0131\u015fman\u0131n b\u00fcy\u00fcmesi \u00fczerine F.C.\u015e. (E-21), C.G. (E-21) ve G.\u00d6. (E-22) aras\u0131nda kavga \u00e7\u0131kt\u0131. Olay\u0131n ard\u0131ndan H.\u0130.K. (E-26), kanunsuz olarak [&hellip;]\" \/>\n<meta property=\"og:url\" content=\"https:\/\/kuzeyinsesi.org\/index.php\/2026\/04\/28\/gazimagusada-silahli-kavga-14-kisi-tutuklandi-1-kisi-araniyor\/\" \/>\n<meta property=\"og:site_name\" content=\"Kuzeyin Sesi\" \/>\n<meta property=\"article:publisher\" content=\"https:\/\/www.facebook.com\/kuzeyinsesii\" \/>\n<meta property=\"article:published_time\" content=\"2026-04-28T12:11:44+00:00\" \/>\n<meta name=\"author\" content=\"Kuzeyin Sesi\" \/>\n<meta name=\"twitter:card\" content=\"summary_large_image\" \/>\n<meta name=\"twitter:creator\" content=\"@kuzeyinsesii\" \/>\n<meta name=\"twitter:site\" content=\"@kuzeyinsesii\" \/>\n<meta name=\"twitter:label1\" content=\"Yazan:\" \/>\n\t<meta name=\"twitter:data1\" content=\"Kuzeyin Sesi\" \/>\n\t<meta name=\"twitter:label2\" content=\"Tahmini okuma s\u00fcresi\" \/>\n\t<meta name=\"twitter:data2\" content=\"2 dakika\" \/>\n<script type=\"application\/ld+json\" class=\"yoast-schema-graph\">{\"@context\":\"https:\\\/\\\/schema.org\",\"@graph\":[{\"@type\":\"Article\",\"@id\":\"https:\\\/\\\/kuzeyinsesi.org\\\/index.php\\\/2026\\\/04\\\/28\\\/gazimagusada-silahli-kavga-14-kisi-tutuklandi-1-kisi-araniyor\\\/#article\",\"isPartOf\":{\"@id\":\"https:\\\/\\\/kuzeyinsesi.org\\\/index.php\\\/2026\\\/04\\\/28\\\/gazimagusada-silahli-kavga-14-kisi-tutuklandi-1-kisi-araniyor\\\/\"},\"author\":{\"name\":\"Kuzeyin Sesi\",\"@id\":\"https:\\\/\\\/kuzeyinsesi.org\\\/#\\\/schema\\\/person\\\/9f859689cdf01485597712386e37f5aa\"},\"headline\":\"Gazima\u011fusa\u2019da silahl\u0131 kavga: 14 ki\u015fi tutukland\u0131, 1 ki\u015fi aran\u0131yor\",\"datePublished\":\"2026-04-28T12:11:44+00:00\",\"mainEntityOfPage\":{\"@id\":\"https:\\\/\\\/kuzeyinsesi.org\\\/index.php\\\/2026\\\/04\\\/28\\\/gazimagusada-silahli-kavga-14-kisi-tutuklandi-1-kisi-araniyor\\\/\"},\"wordCount\":329,\"commentCount\":0,\"image\":{\"@id\":\"https:\\\/\\\/kuzeyinsesi.org\\\/index.php\\\/2026\\\/04\\\/28\\\/gazimagusada-silahli-kavga-14-kisi-tutuklandi-1-kisi-araniyor\\\/#primaryimage\"},\"thumbnailUrl\":\"https:\\\/\\\/kuzeyinsesi.org\\\/wp-content\\\/uploads\\\/2026\\\/04\\\/polis.jpg\",\"articleSection\":[\"K\u0131br\u0131s\"],\"inLanguage\":\"tr\",\"potentialAction\":[{\"@type\":\"CommentAction\",\"name\":\"Comment\",\"target\":[\"https:\\\/\\\/kuzeyinsesi.org\\\/index.php\\\/2026\\\/04\\\/28\\\/gazimagusada-silahli-kavga-14-kisi-tutuklandi-1-kisi-araniyor\\\/#respond\"]}]},{\"@type\":\"WebPage\",\"@id\":\"https:\\\/\\\/kuzeyinsesi.org\\\/index.php\\\/2026\\\/04\\\/28\\\/gazimagusada-silahli-kavga-14-kisi-tutuklandi-1-kisi-araniyor\\\/\",\"url\":\"https:\\\/\\\/kuzeyinsesi.org\\\/index.php\\\/2026\\\/04\\\/28\\\/gazimagusada-silahli-kavga-14-kisi-tutuklandi-1-kisi-araniyor\\\/\",\"name\":\"Gazima\u011fusa\u2019da silahl\u0131 kavga: 14 ki\u015fi tutukland\u0131, 1 ki\u015fi aran\u0131yor - Kuzeyin Sesi\",\"isPartOf\":{\"@id\":\"https:\\\/\\\/kuzeyinsesi.org\\\/#website\"},\"primaryImageOfPage\":{\"@id\":\"https:\\\/\\\/kuzeyinsesi.org\\\/index.php\\\/2026\\\/04\\\/28\\\/gazimagusada-silahli-kavga-14-kisi-tutuklandi-1-kisi-araniyor\\\/#primaryimage\"},\"image\":{\"@id\":\"https:\\\/\\\/kuzeyinsesi.org\\\/index.php\\\/2026\\\/04\\\/28\\\/gazimagusada-silahli-kavga-14-kisi-tutuklandi-1-kisi-araniyor\\\/#primaryimage\"},\"thumbnailUrl\":\"https:\\\/\\\/kuzeyinsesi.org\\\/wp-content\\\/uploads\\\/2026\\\/04\\\/polis.jpg\",\"datePublished\":\"2026-04-28T12:11:44+00:00\",\"author\":{\"@id\":\"https:\\\/\\\/kuzeyinsesi.org\\\/#\\\/schema\\\/person\\\/9f859689cdf01485597712386e37f5aa\"},\"breadcrumb\":{\"@id\":\"https:\\\/\\\/kuzeyinsesi.org\\\/index.php\\\/2026\\\/04\\\/28\\\/gazimagusada-silahli-kavga-14-kisi-tutuklandi-1-kisi-araniyor\\\/#breadcrumb\"},\"inLanguage\":\"tr\",\"potentialAction\":[{\"@type\":\"ReadAction\",\"target\":[\"https:\\\/\\\/kuzeyinsesi.org\\\/index.php\\\/2026\\\/04\\\/28\\\/gazimagusada-silahli-kavga-14-kisi-tutuklandi-1-kisi-araniyor\\\/\"]}]},{\"@type\":\"ImageObject\",\"inLanguage\":\"tr\",\"@id\":\"https:\\\/\\\/kuzeyinsesi.org\\\/index.php\\\/2026\\\/04\\\/28\\\/gazimagusada-silahli-kavga-14-kisi-tutuklandi-1-kisi-araniyor\\\/#primaryimage\",\"url\":\"https:\\\/\\\/kuzeyinsesi.org\\\/wp-content\\\/uploads\\\/2026\\\/04\\\/polis.jpg\",\"contentUrl\":\"https:\\\/\\\/kuzeyinsesi.org\\\/wp-content\\\/uploads\\\/2026\\\/04\\\/polis.jpg\",\"width\":880,\"height\":440},{\"@type\":\"BreadcrumbList\",\"@id\":\"https:\\\/\\\/kuzeyinsesi.org\\\/index.php\\\/2026\\\/04\\\/28\\\/gazimagusada-silahli-kavga-14-kisi-tutuklandi-1-kisi-araniyor\\\/#breadcrumb\",\"itemListElement\":[{\"@type\":\"ListItem\",\"position\":1,\"name\":\"Anasayfa\",\"item\":\"https:\\\/\\\/kuzeyinsesi.org\\\/\"},{\"@type\":\"ListItem\",\"position\":2,\"name\":\"Gazima\u011fusa\u2019da silahl\u0131 kavga: 14 ki\u015fi tutukland\u0131, 1 ki\u015fi aran\u0131yor\"}]},{\"@type\":\"WebSite\",\"@id\":\"https:\\\/\\\/kuzeyinsesi.org\\\/#website\",\"url\":\"https:\\\/\\\/kuzeyinsesi.org\\\/\",\"name\":\"Kuzeyin Sesi\",\"description\":\"Do\u011fru Haberin Adresi\",\"potentialAction\":[{\"@type\":\"SearchAction\",\"target\":{\"@type\":\"EntryPoint\",\"urlTemplate\":\"https:\\\/\\\/kuzeyinsesi.org\\\/?s={search_term_string}\"},\"query-input\":{\"@type\":\"PropertyValueSpecification\",\"valueRequired\":true,\"valueName\":\"search_term_string\"}}],\"inLanguage\":\"tr\"},{\"@type\":\"Person\",\"@id\":\"https:\\\/\\\/kuzeyinsesi.org\\\/#\\\/schema\\\/person\\\/9f859689cdf01485597712386e37f5aa\",\"name\":\"Kuzeyin Sesi\",\"image\":{\"@type\":\"ImageObject\",\"inLanguage\":\"tr\",\"@id\":\"https:\\\/\\\/secure.gravatar.com\\\/avatar\\\/bab33852abfd8b282518d6ed81826833d77c3c882d9ab608add591ccace47a44?s=96&d=mm&r=g\",\"url\":\"https:\\\/\\\/secure.gravatar.com\\\/avatar\\\/bab33852abfd8b282518d6ed81826833d77c3c882d9ab608add591ccace47a44?s=96&d=mm&r=g\",\"contentUrl\":\"https:\\\/\\\/secure.gravatar.com\\\/avatar\\\/bab33852abfd8b282518d6ed81826833d77c3c882d9ab608add591ccace47a44?s=96&d=mm&r=g\",\"caption\":\"Kuzeyin Sesi\"},\"sameAs\":[\"https:\\\/\\\/kuzeyinsesi.org\"],\"url\":\"https:\\\/\\\/kuzeyinsesi.org\\\/index.php\\\/author\\\/guven\\\/\"}]}<\/script>\n<!-- \/ Yoast SEO plugin. -->","yoast_head_json":{"title":"Gazima\u011fusa\u2019da silahl\u0131 kavga: 14 ki\u015fi tutukland\u0131, 1 ki\u015fi aran\u0131yor - Kuzeyin Sesi","robots":{"index":"index","follow":"follow","max-snippet":"max-snippet:-1","max-image-preview":"max-image-preview:large","max-video-preview":"max-video-preview:-1"},"canonical":"https:\/\/kuzeyinsesi.org\/index.php\/2026\/04\/28\/gazimagusada-silahli-kavga-14-kisi-tutuklandi-1-kisi-araniyor\/","og_locale":"tr_TR","og_type":"article","og_title":"Gazima\u011fusa\u2019da silahl\u0131 kavga: 14 ki\u015fi tutukland\u0131, 1 ki\u015fi aran\u0131yor - Kuzeyin Sesi","og_description":"Gazima\u011fusa\u2019da d\u00fcn \u00e7\u0131kan silahl\u0131 kavgaya kar\u0131\u015fan\u00a014 ki\u015fi tutukland\u0131, 1 ki\u015fi ise aran\u0131yor. Polis Bas\u0131n Subayl\u0131\u011f\u0131\u2019ndan verilen bilgiye g\u00f6re, d\u00fcn saat 22.30&#8217;da Gazima\u011fusa Organize Sanayi B\u00f6lgesi\u2019nde faaliyet g\u00f6steren \u00c7.Y.\u2019ye ait makinist garaj\u0131 \u00f6n\u00fcnde, laf atma nedeniyle \u00e7\u0131kan tart\u0131\u015fman\u0131n b\u00fcy\u00fcmesi \u00fczerine F.C.\u015e. (E-21), C.G. (E-21) ve G.\u00d6. (E-22) aras\u0131nda kavga \u00e7\u0131kt\u0131. Olay\u0131n ard\u0131ndan H.\u0130.K. (E-26), kanunsuz olarak [&hellip;]","og_url":"https:\/\/kuzeyinsesi.org\/index.php\/2026\/04\/28\/gazimagusada-silahli-kavga-14-kisi-tutuklandi-1-kisi-araniyor\/","og_site_name":"Kuzeyin Sesi","article_publisher":"https:\/\/www.facebook.com\/kuzeyinsesii","article_published_time":"2026-04-28T12:11:44+00:00","author":"Kuzeyin Sesi","twitter_card":"summary_large_image","twitter_creator":"@kuzeyinsesii","twitter_site":"@kuzeyinsesii","twitter_misc":{"Yazan:":"Kuzeyin Sesi","Tahmini okuma s\u00fcresi":"2 dakika"},"schema":{"@context":"https:\/\/schema.org","@graph":[{"@type":"Article","@id":"https:\/\/kuzeyinsesi.org\/index.php\/2026\/04\/28\/gazimagusada-silahli-kavga-14-kisi-tutuklandi-1-kisi-araniyor\/#article","isPartOf":{"@id":"https:\/\/kuzeyinsesi.org\/index.php\/2026\/04\/28\/gazimagusada-silahli-kavga-14-kisi-tutuklandi-1-kisi-araniyor\/"},"author":{"name":"Kuzeyin Sesi","@id":"https:\/\/kuzeyinsesi.org\/#\/schema\/person\/9f859689cdf01485597712386e37f5aa"},"headline":"Gazima\u011fusa\u2019da silahl\u0131 kavga: 14 ki\u015fi tutukland\u0131, 1 ki\u015fi aran\u0131yor","datePublished":"2026-04-28T12:11:44+00:00","mainEntityOfPage":{"@id":"https:\/\/kuzeyinsesi.org\/index.php\/2026\/04\/28\/gazimagusada-silahli-kavga-14-kisi-tutuklandi-1-kisi-araniyor\/"},"wordCount":329,"commentCount":0,"image":{"@id":"https:\/\/kuzeyinsesi.org\/index.php\/2026\/04\/28\/gazimagusada-silahli-kavga-14-kisi-tutuklandi-1-kisi-araniyor\/#primaryimage"},"thumbnailUrl":"https:\/\/kuzeyinsesi.org\/wp-content\/uploads\/2026\/04\/polis.jpg","articleSection":["K\u0131br\u0131s"],"inLanguage":"tr","potentialAction":[{"@type":"CommentAction","name":"Comment","target":["https:\/\/kuzeyinsesi.org\/index.php\/2026\/04\/28\/gazimagusada-silahli-kavga-14-kisi-tutuklandi-1-kisi-araniyor\/#respond"]}]},{"@type":"WebPage","@id":"https:\/\/kuzeyinsesi.org\/index.php\/2026\/04\/28\/gazimagusada-silahli-kavga-14-kisi-tutuklandi-1-kisi-araniyor\/","url":"https:\/\/kuzeyinsesi.org\/index.php\/2026\/04\/28\/gazimagusada-silahli-kavga-14-kisi-tutuklandi-1-kisi-araniyor\/","name":"Gazima\u011fusa\u2019da silahl\u0131 kavga: 14 ki\u015fi tutukland\u0131, 1 ki\u015fi aran\u0131yor - Kuzeyin Sesi","isPartOf":{"@id":"https:\/\/kuzeyinsesi.org\/#website"},"primaryImageOfPage":{"@id":"https:\/\/kuzeyinsesi.org\/index.php\/2026\/04\/28\/gazimagusada-silahli-kavga-14-kisi-tutuklandi-1-kisi-araniyor\/#primaryimage"},"image":{"@id":"https:\/\/kuzeyinsesi.org\/index.php\/2026\/04\/28\/gazimagusada-silahli-kavga-14-kisi-tutuklandi-1-kisi-araniyor\/#primaryimage"},"thumbnailUrl":"https:\/\/kuzeyinsesi.org\/wp-content\/uploads\/2026\/04\/polis.jpg","datePublished":"2026-04-28T12:11:44+00:00","author":{"@id":"https:\/\/kuzeyinsesi.org\/#\/schema\/person\/9f859689cdf01485597712386e37f5aa"},"breadcrumb":{"@id":"https:\/\/kuzeyinsesi.org\/index.php\/2026\/04\/28\/gazimagusada-silahli-kavga-14-kisi-tutuklandi-1-kisi-araniyor\/#breadcrumb"},"inLanguage":"tr","potentialAction":[{"@type":"ReadAction","target":["https:\/\/kuzeyinsesi.org\/index.php\/2026\/04\/28\/gazimagusada-silahli-kavga-14-kisi-tutuklandi-1-kisi-araniyor\/"]}]},{"@type":"ImageObject","inLanguage":"tr","@id":"https:\/\/kuzeyinsesi.org\/index.php\/2026\/04\/28\/gazimagusada-silahli-kavga-14-kisi-tutuklandi-1-kisi-araniyor\/#primaryimage","url":"https:\/\/kuzeyinsesi.org\/wp-content\/uploads\/2026\/04\/polis.jpg","contentUrl":"https:\/\/kuzeyinsesi.org\/wp-content\/uploads\/2026\/04\/polis.jpg","width":880,"height":440},{"@type":"BreadcrumbList","@id":"https:\/\/kuzeyinsesi.org\/index.php\/2026\/04\/28\/gazimagusada-silahli-kavga-14-kisi-tutuklandi-1-kisi-araniyor\/#breadcrumb","itemListElement":[{"@type":"ListItem","position":1,"name":"Anasayfa","item":"https:\/\/kuzeyinsesi.org\/"},{"@type":"ListItem","position":2,"name":"Gazima\u011fusa\u2019da silahl\u0131 kavga: 14 ki\u015fi tutukland\u0131, 1 ki\u015fi aran\u0131yor"}]},{"@type":"WebSite","@id":"https:\/\/kuzeyinsesi.org\/#website","url":"https:\/\/kuzeyinsesi.org\/","name":"Kuzeyin Sesi","description":"Do\u011fru Haberin Adresi","potentialAction":[{"@type":"SearchAction","target":{"@type":"EntryPoint","urlTemplate":"https:\/\/kuzeyinsesi.org\/?s={search_term_string}"},"query-input":{"@type":"PropertyValueSpecification","valueRequired":true,"valueName":"search_term_string"}}],"inLanguage":"tr"},{"@type":"Person","@id":"https:\/\/kuzeyinsesi.org\/#\/schema\/person\/9f859689cdf01485597712386e37f5aa","name":"Kuzeyin Sesi","image":{"@type":"ImageObject","inLanguage":"tr","@id":"https:\/\/secure.gravatar.com\/avatar\/bab33852abfd8b282518d6ed81826833d77c3c882d9ab608add591ccace47a44?s=96&d=mm&r=g","url":"https:\/\/secure.gravatar.com\/avatar\/bab33852abfd8b282518d6ed81826833d77c3c882d9ab608add591ccace47a44?s=96&d=mm&r=g","contentUrl":"https:\/\/secure.gravatar.com\/avatar\/bab33852abfd8b282518d6ed81826833d77c3c882d9ab608add591ccace47a44?s=96&d=mm&r=g","caption":"Kuzeyin Sesi"},"sameAs":["https:\/\/kuzeyinsesi.org"],"url":"https:\/\/kuzeyinsesi.org\/index.php\/author\/guven\/"}]}},"_links":{"self":[{"href":"https:\/\/kuzeyinsesi.org\/index.php\/wp-json\/wp\/v2\/posts\/37502","targetHints":{"allow":["GET"]}}],"collection":[{"href":"https:\/\/kuzeyinsesi.org\/index.php\/wp-json\/wp\/v2\/posts"}],"about":[{"href":"https:\/\/kuzeyinsesi.org\/index.php\/wp-json\/wp\/v2\/types\/post"}],"author":[{"embeddable":true,"href":"https:\/\/kuzeyinsesi.org\/index.php\/wp-json\/wp\/v2\/users\/1"}],"replies":[{"embeddable":true,"href":"https:\/\/kuzeyinsesi.org\/index.php\/wp-json\/wp\/v2\/comments?post=37502"}],"version-history":[{"count":0,"href":"https:\/\/kuzeyinsesi.org\/index.php\/wp-json\/wp\/v2\/posts\/37502\/revisions"}],"wp:featuredmedia":[{"embeddable":true,"href":"https:\/\/kuzeyinsesi.org\/index.php\/wp-json\/wp\/v2\/media\/37089"}],"wp:attachment":[{"href":"https:\/\/kuzeyinsesi.org\/index.php\/wp-json\/wp\/v2\/media?parent=37502"}],"wp:term":[{"taxonomy":"category","embeddable":true,"href":"https:\/\/kuzeyinsesi.org\/index.php\/wp-json\/wp\/v2\/categories?post=37502"},{"taxonomy":"post_tag","embeddable":true,"href":"https:\/\/kuzeyinsesi.org\/index.php\/wp-json\/wp\/v2\/tags?post=37502"}],"curies":[{"name":"wp","href":"https:\/\/api.w.org\/{rel}","templated":true}]}}