{"id":37490,"date":"2026-04-28T14:08:15","date_gmt":"2026-04-28T11:08:15","guid":{"rendered":"https:\/\/kuzeyinsesi.org\/index.php\/2026\/04\/28\/erhurman-kibrisli-turkler-yok-sayilarak-bu-adada-cozum-olabilecegini-dusunen-var-mi\/"},"modified":"2026-04-28T14:08:15","modified_gmt":"2026-04-28T11:08:15","slug":"erhurman-kibrisli-turkler-yok-sayilarak-bu-adada-cozum-olabilecegini-dusunen-var-mi","status":"publish","type":"post","link":"https:\/\/kuzeyinsesi.org\/index.php\/2026\/04\/28\/erhurman-kibrisli-turkler-yok-sayilarak-bu-adada-cozum-olabilecegini-dusunen-var-mi\/","title":{"rendered":"Erh\u00fcrman: K\u0131br\u0131sl\u0131 T\u00fcrkler yok say\u0131larak bu adada \u00e7\u00f6z\u00fcm olabilece\u011fini d\u00fc\u015f\u00fcnen var m\u0131?"},"content":{"rendered":"<p data-start=\"92\" data-end=\"283\">Cumhurba\u015fkan\u0131 Tufan Erh\u00fcrman, K\u0131br\u0131s Rum liderli\u011finden son d\u00f6nemde gelen anla\u015fma ve a\u00e7\u0131klamalara i\u015faret ederek, K\u0131br\u0131sl\u0131 T\u00fcrklerin yok say\u0131ld\u0131\u011f\u0131 bir zeminde \u00e7\u00f6z\u00fcm \u00fcretilemeyece\u011fini vurgulad\u0131.<\/p>\n<p data-start=\"285\" data-end=\"453\">Erh\u00fcrman, yapt\u0131\u011f\u0131 a\u00e7\u0131klamada, K\u0131br\u0131s Rum liderli\u011finden \u201cg\u00fcn ge\u00e7miyor ki\u201d yeni bir anla\u015fma haberi ya da K\u0131br\u0131s sorununa ili\u015fkin yeni bir a\u00e7\u0131klama duyulmad\u0131\u011f\u0131n\u0131 belirtti.<\/p>\n<p data-start=\"455\" data-end=\"914\">Bir yandan G\u00fcney K\u0131br\u0131s Rum Y\u00f6netimi\u2019nin Fransa ile askeri i\u015f birli\u011fi konusunda yeni bir anla\u015fma g\u00fcndeme getirdi\u011fini, di\u011fer yandan Birle\u015fmi\u015f Milletler Genel Sekreteri Antonio Guterres\u2019in G\u00fcney K\u0131br\u0131s\u2019taki se\u00e7imlerin ve d\u00f6nem ba\u015fkanl\u0131\u011f\u0131n\u0131n ard\u0131ndan almas\u0131 beklenen yeni inisiyatife ili\u015fkin \u201cs\u00fcrecin halihaz\u0131rda ba\u015flad\u0131\u011f\u0131\u201d y\u00f6n\u00fcnde a\u00e7\u0131klamalar yap\u0131ld\u0131\u011f\u0131n\u0131 kaydeden Erh\u00fcrman, Avrupa Birli\u011fi Komisyonu Ba\u015fkan\u0131 Ursula von der Leyen\u2019in son a\u00e7\u0131klamalar\u0131na da de\u011findi.<\/p>\n<p data-start=\"916\" data-end=\"1270\">Von der Leyen\u2019in, K\u0131br\u0131s sorununun b\u00f6lgesel istikrar ve refahla do\u011frudan ba\u011flant\u0131l\u0131 oldu\u011fu y\u00f6n\u00fcndeki de\u011ferlendirmesine kat\u0131ld\u0131\u011f\u0131n\u0131 ifade eden Erh\u00fcrman, buna kar\u015f\u0131n ayn\u0131 a\u00e7\u0131klamalarda Avrupa\u2019n\u0131n \u201cRus, T\u00fcrk ve \u00c7in etkisine b\u0131rak\u0131lmamas\u0131\u201d gerekti\u011fi y\u00f6n\u00fcndeki ifadeler ile K\u0131br\u0131sl\u0131 T\u00fcrklerin yok say\u0131ld\u0131\u011f\u0131 enerji projelerinin g\u00fcndeme getirilmesini ele\u015ftirdi.<\/p>\n<p data-start=\"1272\" data-end=\"1585\">Erh\u00fcrman, \u00f6zellikle Great Sea Interconnector projesinin K\u0131br\u0131sl\u0131 T\u00fcrkler hi\u00e7 yokmu\u015f gibi ele al\u0131nmas\u0131na tepki g\u00f6stererek, daha \u00f6nce yap\u0131lan \u201cK\u0131br\u0131s\u2019ta Bizans kiliseleri g\u00f6lgesinde inovasyon\u201d a\u00e7\u0131klamalar\u0131 ve \u201cdelikten bakt\u0131rma rit\u00fceli\u201d olarak nitelendirdi\u011fi g\u00f6r\u00fcnt\u00fclerin de bu yakla\u015f\u0131m\u0131n par\u00e7as\u0131 oldu\u011funu belirtti.<\/p>\n<p data-start=\"1587\" data-end=\"1785\">Her a\u00e7\u0131klamaya yan\u0131t verme y\u00fck\u00fcml\u00fcl\u00fckleri bulunmad\u0131\u011f\u0131n\u0131 ancak a\u00e7\u0131klamalar\u0131n art arda gelmesi nedeniyle bir soru ve \u00e7a\u011fr\u0131n\u0131n ka\u00e7\u0131n\u0131lmaz h\u00e2le geldi\u011fini ifade eden Erh\u00fcrman, \u015fu de\u011ferlendirmede bulundu:<\/p>\n<p data-start=\"1787\" data-end=\"1878\">\u201c<strong data-start=\"1788\" data-end=\"1877\">K\u0131br\u0131sl\u0131 T\u00fcrkler yok say\u0131larak bu adada \u00e7\u00f6z\u00fcm olabilece\u011fini d\u00fc\u015f\u00fcnen var m\u0131 ger\u00e7ekten?<\/strong>\u201d<\/p>\n<p data-start=\"1880\" data-end=\"2067\">K\u0131br\u0131s\u2019ta \u00e7\u00f6z\u00fcm istedi\u011fini s\u00f6yleyen t\u00fcm kesimlere \u00e7a\u011fr\u0131da bulunan Erh\u00fcrman, ya\u015fanan geli\u015fmelerin \u00e7\u00f6z\u00fcme ger\u00e7ekten yard\u0131mc\u0131 olup olmad\u0131\u011f\u0131n\u0131n yeniden de\u011ferlendirilmesi gerekti\u011fini kaydetti.<\/p>\n<p data-start=\"2069\" data-end=\"2287\" data-is-last-node=\"\" data-is-only-node=\"\">Erh\u00fcrman, K\u0131br\u0131s T\u00fcrk halk\u0131n\u0131n \u00e7\u00f6z\u00fcm iradesine ba\u011fl\u0131 olduklar\u0131n\u0131 vurgulayarak, \u201c<strong data-start=\"2149\" data-end=\"2264\">Halk\u0131m\u0131z\u0131n \u00e7\u00f6z\u00fcm iradesi \u00e7er\u00e7evesinde, sab\u0131rla, so\u011fukkanl\u0131l\u0131kla, ciddiyetle ve kararl\u0131l\u0131kla var\u0131z ve buraday\u0131z.<\/strong>\u201d ifadelerini kulland\u0131.<\/p>\n","protected":false},"excerpt":{"rendered":"<p>Cumhurba\u015fkan\u0131 Tufan Erh\u00fcrman, K\u0131br\u0131s Rum liderli\u011finden son d\u00f6nemde gelen anla\u015fma ve a\u00e7\u0131klamalara i\u015faret ederek, K\u0131br\u0131sl\u0131 T\u00fcrklerin yok say\u0131ld\u0131\u011f\u0131 bir zeminde \u00e7\u00f6z\u00fcm \u00fcretilemeyece\u011fini vurgulad\u0131. Erh\u00fcrman, yapt\u0131\u011f\u0131 a\u00e7\u0131klamada, K\u0131br\u0131s Rum liderli\u011finden \u201cg\u00fcn ge\u00e7miyor ki\u201d yeni bir anla\u015fma haberi ya da K\u0131br\u0131s sorununa ili\u015fkin yeni bir a\u00e7\u0131klama duyulmad\u0131\u011f\u0131n\u0131 belirtti. Bir yandan G\u00fcney K\u0131br\u0131s Rum Y\u00f6netimi\u2019nin Fransa ile askeri [&hellip;]<\/p>\n","protected":false},"author":1,"featured_media":37491,"comment_status":"open","ping_status":"open","sticky":false,"template":"","format":"standard","meta":{"jnews-multi-image_gallery":[],"jnews_single_post":[],"jnews_primary_category":[],"jnews_social_meta":[],"jnews_override_counter":[],"footnotes":""},"categories":[1],"tags":[],"class_list":["post-37490","post","type-post","status-publish","format-standard","has-post-thumbnail","hentry","category-kibris"],"yoast_head":"<!-- This site is optimized with the Yoast SEO plugin v27.4 - https:\/\/yoast.com\/product\/yoast-seo-wordpress\/ -->\n<title>Erh\u00fcrman: K\u0131br\u0131sl\u0131 T\u00fcrkler yok say\u0131larak bu adada \u00e7\u00f6z\u00fcm olabilece\u011fini d\u00fc\u015f\u00fcnen var m\u0131? - Kuzeyin Sesi<\/title>\n<meta name=\"robots\" content=\"index, follow, max-snippet:-1, max-image-preview:large, max-video-preview:-1\" \/>\n<link rel=\"canonical\" href=\"https:\/\/kuzeyinsesi.org\/index.php\/2026\/04\/28\/erhurman-kibrisli-turkler-yok-sayilarak-bu-adada-cozum-olabilecegini-dusunen-var-mi\/\" \/>\n<meta property=\"og:locale\" content=\"tr_TR\" \/>\n<meta property=\"og:type\" content=\"article\" \/>\n<meta property=\"og:title\" content=\"Erh\u00fcrman: K\u0131br\u0131sl\u0131 T\u00fcrkler yok say\u0131larak bu adada \u00e7\u00f6z\u00fcm olabilece\u011fini d\u00fc\u015f\u00fcnen var m\u0131? - Kuzeyin Sesi\" \/>\n<meta property=\"og:description\" content=\"Cumhurba\u015fkan\u0131 Tufan Erh\u00fcrman, K\u0131br\u0131s Rum liderli\u011finden son d\u00f6nemde gelen anla\u015fma ve a\u00e7\u0131klamalara i\u015faret ederek, K\u0131br\u0131sl\u0131 T\u00fcrklerin yok say\u0131ld\u0131\u011f\u0131 bir zeminde \u00e7\u00f6z\u00fcm \u00fcretilemeyece\u011fini vurgulad\u0131. Erh\u00fcrman, yapt\u0131\u011f\u0131 a\u00e7\u0131klamada, K\u0131br\u0131s Rum liderli\u011finden \u201cg\u00fcn ge\u00e7miyor ki\u201d yeni bir anla\u015fma haberi ya da K\u0131br\u0131s sorununa ili\u015fkin yeni bir a\u00e7\u0131klama duyulmad\u0131\u011f\u0131n\u0131 belirtti. Bir yandan G\u00fcney K\u0131br\u0131s Rum Y\u00f6netimi\u2019nin Fransa ile askeri [&hellip;]\" \/>\n<meta property=\"og:url\" content=\"https:\/\/kuzeyinsesi.org\/index.php\/2026\/04\/28\/erhurman-kibrisli-turkler-yok-sayilarak-bu-adada-cozum-olabilecegini-dusunen-var-mi\/\" \/>\n<meta property=\"og:site_name\" content=\"Kuzeyin Sesi\" \/>\n<meta property=\"article:publisher\" content=\"https:\/\/www.facebook.com\/kuzeyinsesii\" \/>\n<meta property=\"article:published_time\" content=\"2026-04-28T11:08:15+00:00\" \/>\n<meta name=\"author\" content=\"Kuzeyin Sesi\" \/>\n<meta name=\"twitter:card\" content=\"summary_large_image\" \/>\n<meta name=\"twitter:creator\" content=\"@kuzeyinsesii\" \/>\n<meta name=\"twitter:site\" content=\"@kuzeyinsesii\" \/>\n<meta name=\"twitter:label1\" content=\"Yazan:\" \/>\n\t<meta name=\"twitter:data1\" content=\"Kuzeyin Sesi\" \/>\n\t<meta name=\"twitter:label2\" content=\"Tahmini okuma s\u00fcresi\" \/>\n\t<meta name=\"twitter:data2\" content=\"2 dakika\" \/>\n<script type=\"application\/ld+json\" class=\"yoast-schema-graph\">{\"@context\":\"https:\\\/\\\/schema.org\",\"@graph\":[{\"@type\":\"Article\",\"@id\":\"https:\\\/\\\/kuzeyinsesi.org\\\/index.php\\\/2026\\\/04\\\/28\\\/erhurman-kibrisli-turkler-yok-sayilarak-bu-adada-cozum-olabilecegini-dusunen-var-mi\\\/#article\",\"isPartOf\":{\"@id\":\"https:\\\/\\\/kuzeyinsesi.org\\\/index.php\\\/2026\\\/04\\\/28\\\/erhurman-kibrisli-turkler-yok-sayilarak-bu-adada-cozum-olabilecegini-dusunen-var-mi\\\/\"},\"author\":{\"name\":\"Kuzeyin Sesi\",\"@id\":\"https:\\\/\\\/kuzeyinsesi.org\\\/#\\\/schema\\\/person\\\/9f859689cdf01485597712386e37f5aa\"},\"headline\":\"Erh\u00fcrman: K\u0131br\u0131sl\u0131 T\u00fcrkler yok say\u0131larak bu adada \u00e7\u00f6z\u00fcm olabilece\u011fini d\u00fc\u015f\u00fcnen var m\u0131?\",\"datePublished\":\"2026-04-28T11:08:15+00:00\",\"mainEntityOfPage\":{\"@id\":\"https:\\\/\\\/kuzeyinsesi.org\\\/index.php\\\/2026\\\/04\\\/28\\\/erhurman-kibrisli-turkler-yok-sayilarak-bu-adada-cozum-olabilecegini-dusunen-var-mi\\\/\"},\"wordCount\":468,\"commentCount\":0,\"image\":{\"@id\":\"https:\\\/\\\/kuzeyinsesi.org\\\/index.php\\\/2026\\\/04\\\/28\\\/erhurman-kibrisli-turkler-yok-sayilarak-bu-adada-cozum-olabilecegini-dusunen-var-mi\\\/#primaryimage\"},\"thumbnailUrl\":\"https:\\\/\\\/kuzeyinsesi.org\\\/wp-content\\\/uploads\\\/2026\\\/04\\\/CB_ERHURMAN-1.jpg\",\"articleSection\":[\"K\u0131br\u0131s\"],\"inLanguage\":\"tr\",\"potentialAction\":[{\"@type\":\"CommentAction\",\"name\":\"Comment\",\"target\":[\"https:\\\/\\\/kuzeyinsesi.org\\\/index.php\\\/2026\\\/04\\\/28\\\/erhurman-kibrisli-turkler-yok-sayilarak-bu-adada-cozum-olabilecegini-dusunen-var-mi\\\/#respond\"]}]},{\"@type\":\"WebPage\",\"@id\":\"https:\\\/\\\/kuzeyinsesi.org\\\/index.php\\\/2026\\\/04\\\/28\\\/erhurman-kibrisli-turkler-yok-sayilarak-bu-adada-cozum-olabilecegini-dusunen-var-mi\\\/\",\"url\":\"https:\\\/\\\/kuzeyinsesi.org\\\/index.php\\\/2026\\\/04\\\/28\\\/erhurman-kibrisli-turkler-yok-sayilarak-bu-adada-cozum-olabilecegini-dusunen-var-mi\\\/\",\"name\":\"Erh\u00fcrman: K\u0131br\u0131sl\u0131 T\u00fcrkler yok say\u0131larak bu adada \u00e7\u00f6z\u00fcm olabilece\u011fini d\u00fc\u015f\u00fcnen var m\u0131? - Kuzeyin Sesi\",\"isPartOf\":{\"@id\":\"https:\\\/\\\/kuzeyinsesi.org\\\/#website\"},\"primaryImageOfPage\":{\"@id\":\"https:\\\/\\\/kuzeyinsesi.org\\\/index.php\\\/2026\\\/04\\\/28\\\/erhurman-kibrisli-turkler-yok-sayilarak-bu-adada-cozum-olabilecegini-dusunen-var-mi\\\/#primaryimage\"},\"image\":{\"@id\":\"https:\\\/\\\/kuzeyinsesi.org\\\/index.php\\\/2026\\\/04\\\/28\\\/erhurman-kibrisli-turkler-yok-sayilarak-bu-adada-cozum-olabilecegini-dusunen-var-mi\\\/#primaryimage\"},\"thumbnailUrl\":\"https:\\\/\\\/kuzeyinsesi.org\\\/wp-content\\\/uploads\\\/2026\\\/04\\\/CB_ERHURMAN-1.jpg\",\"datePublished\":\"2026-04-28T11:08:15+00:00\",\"author\":{\"@id\":\"https:\\\/\\\/kuzeyinsesi.org\\\/#\\\/schema\\\/person\\\/9f859689cdf01485597712386e37f5aa\"},\"breadcrumb\":{\"@id\":\"https:\\\/\\\/kuzeyinsesi.org\\\/index.php\\\/2026\\\/04\\\/28\\\/erhurman-kibrisli-turkler-yok-sayilarak-bu-adada-cozum-olabilecegini-dusunen-var-mi\\\/#breadcrumb\"},\"inLanguage\":\"tr\",\"potentialAction\":[{\"@type\":\"ReadAction\",\"target\":[\"https:\\\/\\\/kuzeyinsesi.org\\\/index.php\\\/2026\\\/04\\\/28\\\/erhurman-kibrisli-turkler-yok-sayilarak-bu-adada-cozum-olabilecegini-dusunen-var-mi\\\/\"]}]},{\"@type\":\"ImageObject\",\"inLanguage\":\"tr\",\"@id\":\"https:\\\/\\\/kuzeyinsesi.org\\\/index.php\\\/2026\\\/04\\\/28\\\/erhurman-kibrisli-turkler-yok-sayilarak-bu-adada-cozum-olabilecegini-dusunen-var-mi\\\/#primaryimage\",\"url\":\"https:\\\/\\\/kuzeyinsesi.org\\\/wp-content\\\/uploads\\\/2026\\\/04\\\/CB_ERHURMAN-1.jpg\",\"contentUrl\":\"https:\\\/\\\/kuzeyinsesi.org\\\/wp-content\\\/uploads\\\/2026\\\/04\\\/CB_ERHURMAN-1.jpg\",\"width\":1600,\"height\":1066},{\"@type\":\"BreadcrumbList\",\"@id\":\"https:\\\/\\\/kuzeyinsesi.org\\\/index.php\\\/2026\\\/04\\\/28\\\/erhurman-kibrisli-turkler-yok-sayilarak-bu-adada-cozum-olabilecegini-dusunen-var-mi\\\/#breadcrumb\",\"itemListElement\":[{\"@type\":\"ListItem\",\"position\":1,\"name\":\"Anasayfa\",\"item\":\"https:\\\/\\\/kuzeyinsesi.org\\\/\"},{\"@type\":\"ListItem\",\"position\":2,\"name\":\"Erh\u00fcrman: K\u0131br\u0131sl\u0131 T\u00fcrkler yok say\u0131larak bu adada \u00e7\u00f6z\u00fcm olabilece\u011fini d\u00fc\u015f\u00fcnen var m\u0131?\"}]},{\"@type\":\"WebSite\",\"@id\":\"https:\\\/\\\/kuzeyinsesi.org\\\/#website\",\"url\":\"https:\\\/\\\/kuzeyinsesi.org\\\/\",\"name\":\"Kuzeyin Sesi\",\"description\":\"Do\u011fru Haberin Adresi\",\"potentialAction\":[{\"@type\":\"SearchAction\",\"target\":{\"@type\":\"EntryPoint\",\"urlTemplate\":\"https:\\\/\\\/kuzeyinsesi.org\\\/?s={search_term_string}\"},\"query-input\":{\"@type\":\"PropertyValueSpecification\",\"valueRequired\":true,\"valueName\":\"search_term_string\"}}],\"inLanguage\":\"tr\"},{\"@type\":\"Person\",\"@id\":\"https:\\\/\\\/kuzeyinsesi.org\\\/#\\\/schema\\\/person\\\/9f859689cdf01485597712386e37f5aa\",\"name\":\"Kuzeyin Sesi\",\"image\":{\"@type\":\"ImageObject\",\"inLanguage\":\"tr\",\"@id\":\"https:\\\/\\\/secure.gravatar.com\\\/avatar\\\/bab33852abfd8b282518d6ed81826833d77c3c882d9ab608add591ccace47a44?s=96&d=mm&r=g\",\"url\":\"https:\\\/\\\/secure.gravatar.com\\\/avatar\\\/bab33852abfd8b282518d6ed81826833d77c3c882d9ab608add591ccace47a44?s=96&d=mm&r=g\",\"contentUrl\":\"https:\\\/\\\/secure.gravatar.com\\\/avatar\\\/bab33852abfd8b282518d6ed81826833d77c3c882d9ab608add591ccace47a44?s=96&d=mm&r=g\",\"caption\":\"Kuzeyin Sesi\"},\"sameAs\":[\"https:\\\/\\\/kuzeyinsesi.org\"],\"url\":\"https:\\\/\\\/kuzeyinsesi.org\\\/index.php\\\/author\\\/guven\\\/\"}]}<\/script>\n<!-- \/ Yoast SEO plugin. -->","yoast_head_json":{"title":"Erh\u00fcrman: K\u0131br\u0131sl\u0131 T\u00fcrkler yok say\u0131larak bu adada \u00e7\u00f6z\u00fcm olabilece\u011fini d\u00fc\u015f\u00fcnen var m\u0131? - Kuzeyin Sesi","robots":{"index":"index","follow":"follow","max-snippet":"max-snippet:-1","max-image-preview":"max-image-preview:large","max-video-preview":"max-video-preview:-1"},"canonical":"https:\/\/kuzeyinsesi.org\/index.php\/2026\/04\/28\/erhurman-kibrisli-turkler-yok-sayilarak-bu-adada-cozum-olabilecegini-dusunen-var-mi\/","og_locale":"tr_TR","og_type":"article","og_title":"Erh\u00fcrman: K\u0131br\u0131sl\u0131 T\u00fcrkler yok say\u0131larak bu adada \u00e7\u00f6z\u00fcm olabilece\u011fini d\u00fc\u015f\u00fcnen var m\u0131? - Kuzeyin Sesi","og_description":"Cumhurba\u015fkan\u0131 Tufan Erh\u00fcrman, K\u0131br\u0131s Rum liderli\u011finden son d\u00f6nemde gelen anla\u015fma ve a\u00e7\u0131klamalara i\u015faret ederek, K\u0131br\u0131sl\u0131 T\u00fcrklerin yok say\u0131ld\u0131\u011f\u0131 bir zeminde \u00e7\u00f6z\u00fcm \u00fcretilemeyece\u011fini vurgulad\u0131. Erh\u00fcrman, yapt\u0131\u011f\u0131 a\u00e7\u0131klamada, K\u0131br\u0131s Rum liderli\u011finden \u201cg\u00fcn ge\u00e7miyor ki\u201d yeni bir anla\u015fma haberi ya da K\u0131br\u0131s sorununa ili\u015fkin yeni bir a\u00e7\u0131klama duyulmad\u0131\u011f\u0131n\u0131 belirtti. Bir yandan G\u00fcney K\u0131br\u0131s Rum Y\u00f6netimi\u2019nin Fransa ile askeri [&hellip;]","og_url":"https:\/\/kuzeyinsesi.org\/index.php\/2026\/04\/28\/erhurman-kibrisli-turkler-yok-sayilarak-bu-adada-cozum-olabilecegini-dusunen-var-mi\/","og_site_name":"Kuzeyin Sesi","article_publisher":"https:\/\/www.facebook.com\/kuzeyinsesii","article_published_time":"2026-04-28T11:08:15+00:00","author":"Kuzeyin Sesi","twitter_card":"summary_large_image","twitter_creator":"@kuzeyinsesii","twitter_site":"@kuzeyinsesii","twitter_misc":{"Yazan:":"Kuzeyin Sesi","Tahmini okuma s\u00fcresi":"2 dakika"},"schema":{"@context":"https:\/\/schema.org","@graph":[{"@type":"Article","@id":"https:\/\/kuzeyinsesi.org\/index.php\/2026\/04\/28\/erhurman-kibrisli-turkler-yok-sayilarak-bu-adada-cozum-olabilecegini-dusunen-var-mi\/#article","isPartOf":{"@id":"https:\/\/kuzeyinsesi.org\/index.php\/2026\/04\/28\/erhurman-kibrisli-turkler-yok-sayilarak-bu-adada-cozum-olabilecegini-dusunen-var-mi\/"},"author":{"name":"Kuzeyin Sesi","@id":"https:\/\/kuzeyinsesi.org\/#\/schema\/person\/9f859689cdf01485597712386e37f5aa"},"headline":"Erh\u00fcrman: K\u0131br\u0131sl\u0131 T\u00fcrkler yok say\u0131larak bu adada \u00e7\u00f6z\u00fcm olabilece\u011fini d\u00fc\u015f\u00fcnen var m\u0131?","datePublished":"2026-04-28T11:08:15+00:00","mainEntityOfPage":{"@id":"https:\/\/kuzeyinsesi.org\/index.php\/2026\/04\/28\/erhurman-kibrisli-turkler-yok-sayilarak-bu-adada-cozum-olabilecegini-dusunen-var-mi\/"},"wordCount":468,"commentCount":0,"image":{"@id":"https:\/\/kuzeyinsesi.org\/index.php\/2026\/04\/28\/erhurman-kibrisli-turkler-yok-sayilarak-bu-adada-cozum-olabilecegini-dusunen-var-mi\/#primaryimage"},"thumbnailUrl":"https:\/\/kuzeyinsesi.org\/wp-content\/uploads\/2026\/04\/CB_ERHURMAN-1.jpg","articleSection":["K\u0131br\u0131s"],"inLanguage":"tr","potentialAction":[{"@type":"CommentAction","name":"Comment","target":["https:\/\/kuzeyinsesi.org\/index.php\/2026\/04\/28\/erhurman-kibrisli-turkler-yok-sayilarak-bu-adada-cozum-olabilecegini-dusunen-var-mi\/#respond"]}]},{"@type":"WebPage","@id":"https:\/\/kuzeyinsesi.org\/index.php\/2026\/04\/28\/erhurman-kibrisli-turkler-yok-sayilarak-bu-adada-cozum-olabilecegini-dusunen-var-mi\/","url":"https:\/\/kuzeyinsesi.org\/index.php\/2026\/04\/28\/erhurman-kibrisli-turkler-yok-sayilarak-bu-adada-cozum-olabilecegini-dusunen-var-mi\/","name":"Erh\u00fcrman: K\u0131br\u0131sl\u0131 T\u00fcrkler yok say\u0131larak bu adada \u00e7\u00f6z\u00fcm olabilece\u011fini d\u00fc\u015f\u00fcnen var m\u0131? - Kuzeyin Sesi","isPartOf":{"@id":"https:\/\/kuzeyinsesi.org\/#website"},"primaryImageOfPage":{"@id":"https:\/\/kuzeyinsesi.org\/index.php\/2026\/04\/28\/erhurman-kibrisli-turkler-yok-sayilarak-bu-adada-cozum-olabilecegini-dusunen-var-mi\/#primaryimage"},"image":{"@id":"https:\/\/kuzeyinsesi.org\/index.php\/2026\/04\/28\/erhurman-kibrisli-turkler-yok-sayilarak-bu-adada-cozum-olabilecegini-dusunen-var-mi\/#primaryimage"},"thumbnailUrl":"https:\/\/kuzeyinsesi.org\/wp-content\/uploads\/2026\/04\/CB_ERHURMAN-1.jpg","datePublished":"2026-04-28T11:08:15+00:00","author":{"@id":"https:\/\/kuzeyinsesi.org\/#\/schema\/person\/9f859689cdf01485597712386e37f5aa"},"breadcrumb":{"@id":"https:\/\/kuzeyinsesi.org\/index.php\/2026\/04\/28\/erhurman-kibrisli-turkler-yok-sayilarak-bu-adada-cozum-olabilecegini-dusunen-var-mi\/#breadcrumb"},"inLanguage":"tr","potentialAction":[{"@type":"ReadAction","target":["https:\/\/kuzeyinsesi.org\/index.php\/2026\/04\/28\/erhurman-kibrisli-turkler-yok-sayilarak-bu-adada-cozum-olabilecegini-dusunen-var-mi\/"]}]},{"@type":"ImageObject","inLanguage":"tr","@id":"https:\/\/kuzeyinsesi.org\/index.php\/2026\/04\/28\/erhurman-kibrisli-turkler-yok-sayilarak-bu-adada-cozum-olabilecegini-dusunen-var-mi\/#primaryimage","url":"https:\/\/kuzeyinsesi.org\/wp-content\/uploads\/2026\/04\/CB_ERHURMAN-1.jpg","contentUrl":"https:\/\/kuzeyinsesi.org\/wp-content\/uploads\/2026\/04\/CB_ERHURMAN-1.jpg","width":1600,"height":1066},{"@type":"BreadcrumbList","@id":"https:\/\/kuzeyinsesi.org\/index.php\/2026\/04\/28\/erhurman-kibrisli-turkler-yok-sayilarak-bu-adada-cozum-olabilecegini-dusunen-var-mi\/#breadcrumb","itemListElement":[{"@type":"ListItem","position":1,"name":"Anasayfa","item":"https:\/\/kuzeyinsesi.org\/"},{"@type":"ListItem","position":2,"name":"Erh\u00fcrman: K\u0131br\u0131sl\u0131 T\u00fcrkler yok say\u0131larak bu adada \u00e7\u00f6z\u00fcm olabilece\u011fini d\u00fc\u015f\u00fcnen var m\u0131?"}]},{"@type":"WebSite","@id":"https:\/\/kuzeyinsesi.org\/#website","url":"https:\/\/kuzeyinsesi.org\/","name":"Kuzeyin Sesi","description":"Do\u011fru Haberin Adresi","potentialAction":[{"@type":"SearchAction","target":{"@type":"EntryPoint","urlTemplate":"https:\/\/kuzeyinsesi.org\/?s={search_term_string}"},"query-input":{"@type":"PropertyValueSpecification","valueRequired":true,"valueName":"search_term_string"}}],"inLanguage":"tr"},{"@type":"Person","@id":"https:\/\/kuzeyinsesi.org\/#\/schema\/person\/9f859689cdf01485597712386e37f5aa","name":"Kuzeyin Sesi","image":{"@type":"ImageObject","inLanguage":"tr","@id":"https:\/\/secure.gravatar.com\/avatar\/bab33852abfd8b282518d6ed81826833d77c3c882d9ab608add591ccace47a44?s=96&d=mm&r=g","url":"https:\/\/secure.gravatar.com\/avatar\/bab33852abfd8b282518d6ed81826833d77c3c882d9ab608add591ccace47a44?s=96&d=mm&r=g","contentUrl":"https:\/\/secure.gravatar.com\/avatar\/bab33852abfd8b282518d6ed81826833d77c3c882d9ab608add591ccace47a44?s=96&d=mm&r=g","caption":"Kuzeyin Sesi"},"sameAs":["https:\/\/kuzeyinsesi.org"],"url":"https:\/\/kuzeyinsesi.org\/index.php\/author\/guven\/"}]}},"_links":{"self":[{"href":"https:\/\/kuzeyinsesi.org\/index.php\/wp-json\/wp\/v2\/posts\/37490","targetHints":{"allow":["GET"]}}],"collection":[{"href":"https:\/\/kuzeyinsesi.org\/index.php\/wp-json\/wp\/v2\/posts"}],"about":[{"href":"https:\/\/kuzeyinsesi.org\/index.php\/wp-json\/wp\/v2\/types\/post"}],"author":[{"embeddable":true,"href":"https:\/\/kuzeyinsesi.org\/index.php\/wp-json\/wp\/v2\/users\/1"}],"replies":[{"embeddable":true,"href":"https:\/\/kuzeyinsesi.org\/index.php\/wp-json\/wp\/v2\/comments?post=37490"}],"version-history":[{"count":0,"href":"https:\/\/kuzeyinsesi.org\/index.php\/wp-json\/wp\/v2\/posts\/37490\/revisions"}],"wp:featuredmedia":[{"embeddable":true,"href":"https:\/\/kuzeyinsesi.org\/index.php\/wp-json\/wp\/v2\/media\/37491"}],"wp:attachment":[{"href":"https:\/\/kuzeyinsesi.org\/index.php\/wp-json\/wp\/v2\/media?parent=37490"}],"wp:term":[{"taxonomy":"category","embeddable":true,"href":"https:\/\/kuzeyinsesi.org\/index.php\/wp-json\/wp\/v2\/categories?post=37490"},{"taxonomy":"post_tag","embeddable":true,"href":"https:\/\/kuzeyinsesi.org\/index.php\/wp-json\/wp\/v2\/tags?post=37490"}],"curies":[{"name":"wp","href":"https:\/\/api.w.org\/{rel}","templated":true}]}}