{"id":37476,"date":"2026-04-28T12:26:30","date_gmt":"2026-04-28T09:26:30","guid":{"rendered":"https:\/\/kuzeyinsesi.org\/index.php\/2026\/04\/28\/new-yorkta-elektrikli-hava-taksi-donemi-manhattanjfk-arasi-10-dakikaya-inecek\/"},"modified":"2026-04-28T12:26:30","modified_gmt":"2026-04-28T09:26:30","slug":"new-yorkta-elektrikli-hava-taksi-donemi-manhattanjfk-arasi-10-dakikaya-inecek","status":"publish","type":"post","link":"https:\/\/kuzeyinsesi.org\/index.php\/2026\/04\/28\/new-yorkta-elektrikli-hava-taksi-donemi-manhattanjfk-arasi-10-dakikaya-inecek\/","title":{"rendered":"New York&#039;ta elektrikli hava taksi d\u00f6nemi: ManhattanJFK aras\u0131 10 dakikaya inecek"},"content":{"rendered":"<p><\/p>\n<div>\n<p>&#13;<br \/>\n\tDev bir drone g\u00f6r\u00fcn\u00fcm\u00fcne sahip olan be\u015f ki\u015filik ara\u00e7, bir pilot ve d\u00f6rt yolcu ta\u015f\u0131ma kapasitesine sahip. Helikopter gibi dikey olarak havalanan ara\u00e7, pervanelerinin y\u00f6n de\u011fi\u015ftirmesiyle ileri do\u011fru hareket ediyor.<\/p>\n<p>&#13;<br \/>\n\tTamamen elektrikle \u00e7al\u0131\u015fan hava taksiler, geleneksel helikopterlere g\u00f6re \u00e7ok daha sessiz olmas\u0131 ve operasyon s\u0131ras\u0131nda s\u0131f\u0131r emisyon \u00fcretmesiyle \u00f6ne \u00e7\u0131k\u0131yor.<\/p>\n<p>&#13;<br \/>\n\tProjenin temel hedefi, Manhattan&#8217;daki mevcut helikopter pistlerini kullanarak havaliman\u0131 <a href=\"https:\/\/www.trthaber.com\/etiket\/ulasim\/\" target=\"_blank\">ula\u015f\u0131m<\/a> s\u00fcresini k\u0131saltmak. Karayoluyla 1 ila 2 saati bulan Manhattan-JFK rotas\u0131n\u0131n, bu ara\u00e7larla 10 dakikadan daha k\u0131sa s\u00fcrede tamamlanmas\u0131 planlan\u0131yor.<\/p>\n<h2>&#13;<br \/>\n\tGelece\u011fin <a href=\"https:\/\/www.trthaber.com\/etiket\/havacilik\/\" target=\"_blank\">havac\u0131l\u0131k<\/a> teknolojisi test ediliyor<\/h2>\n<p>&#13;<br \/>\n\t<a href=\"https:\/\/www.trthaber.com\/etiket\/abd\/\" target=\"_blank\">ABD<\/a> Ula\u015ft\u0131rma Bakanl\u0131\u011f\u0131 taraf\u0131ndan se\u00e7ilen sekiz pilot programdan biri olan bu 10 g\u00fcnl\u00fck u\u00e7u\u015f kampanyas\u0131, Federal Havac\u0131l\u0131k \u0130daresinin (FAA) entegrasyon program\u0131n\u0131n bir par\u00e7as\u0131 olarak y\u00fcr\u00fct\u00fcl\u00fcyor.<\/p>\n<p>&#13;<br \/>\n\tTestlerden elde edilen veriler, bu teknolojinin g\u00fcvenli bir \u015fekilde yayg\u0131nla\u015ft\u0131r\u0131lmas\u0131 i\u00e7in yeni d\u00fczenlemelerin geli\u015ftirilmesinde kullan\u0131lacak.<\/p>\n<p>&#13;<br \/>\n\tPort Authority of New York and New Jersey Ba\u015fkan\u0131 Kevin O\u2019Toole, bu u\u00e7u\u015flar\u0131n yeni nesil havac\u0131l\u0131k teknolojisinin b\u00f6lge halk\u0131na nas\u0131l hizmet edebilece\u011fini belirleme \u00e7al\u0131\u015fmalar\u0131nda \u00f6nemli bir ad\u0131m oldu\u011funu ifade etti.<\/p>\n<h2>&#13;<br \/>\n\tSertifikasyon s\u00fcrecinde son a\u015fama<\/h2>\n<p>&#13;<br \/>\n\tDelta Air Lines ve <a href=\"https:\/\/www.trthaber.com\/etiket\/uber\/\" target=\"_blank\">Uber<\/a> gibi devlerle ortakl\u0131klar\u0131 bulunan Joby Aviation, FAA sertifikasyon s\u00fcrecinin son a\u015famalar\u0131na ula\u015ft\u0131.<\/p>\n<p>&#13;<br \/>\n\t\u015eirket, be\u015f a\u015famal\u0131 onay s\u00fcrecini tamamlad\u0131ktan sonra hava <a href=\"https:\/\/www.trthaber.com\/etiket\/taksi\/\" target=\"_blank\">taksi<\/a> hizmetini d\u00fcnya genelinde yayg\u0131nla\u015ft\u0131rmay\u0131 hedefliyor. Mart ay\u0131nda ba\u015flat\u0131lan pilot projeler; kentsel ula\u015f\u0131m\u0131n yan\u0131 s\u0131ra kargo ta\u015f\u0131mac\u0131l\u0131\u011f\u0131, acil durum m\u00fcdahale operasyonlar\u0131 ve otonom u\u00e7u\u015f gibi pek \u00e7ok alan\u0131 da kaps\u0131yor.<\/p>\n<\/p><\/div>\n","protected":false},"excerpt":{"rendered":"<p>&#13; Dev bir drone g\u00f6r\u00fcn\u00fcm\u00fcne sahip olan be\u015f ki\u015filik ara\u00e7, bir pilot ve d\u00f6rt yolcu ta\u015f\u0131ma kapasitesine sahip. Helikopter gibi dikey olarak havalanan ara\u00e7, pervanelerinin y\u00f6n de\u011fi\u015ftirmesiyle ileri do\u011fru hareket ediyor. &#13; Tamamen elektrikle \u00e7al\u0131\u015fan hava taksiler, geleneksel helikopterlere g\u00f6re \u00e7ok daha sessiz olmas\u0131 ve operasyon s\u0131ras\u0131nda s\u0131f\u0131r emisyon \u00fcretmesiyle \u00f6ne \u00e7\u0131k\u0131yor. &#13; Projenin temel [&hellip;]<\/p>\n","protected":false},"author":1,"featured_media":37477,"comment_status":"open","ping_status":"open","sticky":false,"template":"","format":"standard","meta":{"jnews-multi-image_gallery":[],"jnews_single_post":[],"jnews_primary_category":[],"jnews_social_meta":[],"jnews_override_counter":[],"footnotes":""},"categories":[2],"tags":[],"class_list":["post-37476","post","type-post","status-publish","format-standard","has-post-thumbnail","hentry","category-dunya"],"yoast_head":"<!-- This site is optimized with the Yoast SEO plugin v27.4 - https:\/\/yoast.com\/product\/yoast-seo-wordpress\/ -->\n<title>New York&#039;ta elektrikli hava taksi d\u00f6nemi: ManhattanJFK aras\u0131 10 dakikaya inecek - Kuzeyin Sesi<\/title>\n<meta name=\"robots\" content=\"index, follow, max-snippet:-1, max-image-preview:large, max-video-preview:-1\" \/>\n<link rel=\"canonical\" href=\"https:\/\/kuzeyinsesi.org\/index.php\/2026\/04\/28\/new-yorkta-elektrikli-hava-taksi-donemi-manhattanjfk-arasi-10-dakikaya-inecek\/\" \/>\n<meta property=\"og:locale\" content=\"tr_TR\" \/>\n<meta property=\"og:type\" content=\"article\" \/>\n<meta property=\"og:title\" content=\"New York&#039;ta elektrikli hava taksi d\u00f6nemi: ManhattanJFK aras\u0131 10 dakikaya inecek - Kuzeyin Sesi\" \/>\n<meta property=\"og:description\" content=\"&#013; Dev bir drone g\u00f6r\u00fcn\u00fcm\u00fcne sahip olan be\u015f ki\u015filik ara\u00e7, bir pilot ve d\u00f6rt yolcu ta\u015f\u0131ma kapasitesine sahip. Helikopter gibi dikey olarak havalanan ara\u00e7, pervanelerinin y\u00f6n de\u011fi\u015ftirmesiyle ileri do\u011fru hareket ediyor. &#013; Tamamen elektrikle \u00e7al\u0131\u015fan hava taksiler, geleneksel helikopterlere g\u00f6re \u00e7ok daha sessiz olmas\u0131 ve operasyon s\u0131ras\u0131nda s\u0131f\u0131r emisyon \u00fcretmesiyle \u00f6ne \u00e7\u0131k\u0131yor. &#013; Projenin temel [&hellip;]\" \/>\n<meta property=\"og:url\" content=\"https:\/\/kuzeyinsesi.org\/index.php\/2026\/04\/28\/new-yorkta-elektrikli-hava-taksi-donemi-manhattanjfk-arasi-10-dakikaya-inecek\/\" \/>\n<meta property=\"og:site_name\" content=\"Kuzeyin Sesi\" \/>\n<meta property=\"article:publisher\" content=\"https:\/\/www.facebook.com\/kuzeyinsesii\" \/>\n<meta property=\"article:published_time\" content=\"2026-04-28T09:26:30+00:00\" \/>\n<meta property=\"og:image\" content=\"https:\/\/trthaberstatic.cdn.wp.trt.com.tr\/resimler\/2456000\/hava-taksi-2456963.jpg\" \/>\n<meta name=\"author\" content=\"Kuzeyin Sesi\" \/>\n<meta name=\"twitter:card\" content=\"summary_large_image\" \/>\n<meta name=\"twitter:creator\" content=\"@kuzeyinsesii\" \/>\n<meta name=\"twitter:site\" content=\"@kuzeyinsesii\" \/>\n<meta name=\"twitter:label1\" content=\"Yazan:\" \/>\n\t<meta name=\"twitter:data1\" content=\"Kuzeyin Sesi\" \/>\n\t<meta name=\"twitter:label2\" content=\"Tahmini okuma s\u00fcresi\" \/>\n\t<meta name=\"twitter:data2\" content=\"2 dakika\" \/>\n<script type=\"application\/ld+json\" class=\"yoast-schema-graph\">{\"@context\":\"https:\\\/\\\/schema.org\",\"@graph\":[{\"@type\":\"Article\",\"@id\":\"https:\\\/\\\/kuzeyinsesi.org\\\/index.php\\\/2026\\\/04\\\/28\\\/new-yorkta-elektrikli-hava-taksi-donemi-manhattanjfk-arasi-10-dakikaya-inecek\\\/#article\",\"isPartOf\":{\"@id\":\"https:\\\/\\\/kuzeyinsesi.org\\\/index.php\\\/2026\\\/04\\\/28\\\/new-yorkta-elektrikli-hava-taksi-donemi-manhattanjfk-arasi-10-dakikaya-inecek\\\/\"},\"author\":{\"name\":\"Kuzeyin Sesi\",\"@id\":\"https:\\\/\\\/kuzeyinsesi.org\\\/#\\\/schema\\\/person\\\/9f859689cdf01485597712386e37f5aa\"},\"headline\":\"New York&#039;ta elektrikli hava taksi d\u00f6nemi: ManhattanJFK aras\u0131 10 dakikaya inecek\",\"datePublished\":\"2026-04-28T09:26:30+00:00\",\"mainEntityOfPage\":{\"@id\":\"https:\\\/\\\/kuzeyinsesi.org\\\/index.php\\\/2026\\\/04\\\/28\\\/new-yorkta-elektrikli-hava-taksi-donemi-manhattanjfk-arasi-10-dakikaya-inecek\\\/\"},\"wordCount\":317,\"commentCount\":0,\"image\":{\"@id\":\"https:\\\/\\\/kuzeyinsesi.org\\\/index.php\\\/2026\\\/04\\\/28\\\/new-yorkta-elektrikli-hava-taksi-donemi-manhattanjfk-arasi-10-dakikaya-inecek\\\/#primaryimage\"},\"thumbnailUrl\":\"https:\\\/\\\/kuzeyinsesi.org\\\/wp-content\\\/uploads\\\/2026\\\/04\\\/hava-taksi-2456963.jpg\",\"articleSection\":[\"D\u00fcnya\"],\"inLanguage\":\"tr\",\"potentialAction\":[{\"@type\":\"CommentAction\",\"name\":\"Comment\",\"target\":[\"https:\\\/\\\/kuzeyinsesi.org\\\/index.php\\\/2026\\\/04\\\/28\\\/new-yorkta-elektrikli-hava-taksi-donemi-manhattanjfk-arasi-10-dakikaya-inecek\\\/#respond\"]}]},{\"@type\":\"WebPage\",\"@id\":\"https:\\\/\\\/kuzeyinsesi.org\\\/index.php\\\/2026\\\/04\\\/28\\\/new-yorkta-elektrikli-hava-taksi-donemi-manhattanjfk-arasi-10-dakikaya-inecek\\\/\",\"url\":\"https:\\\/\\\/kuzeyinsesi.org\\\/index.php\\\/2026\\\/04\\\/28\\\/new-yorkta-elektrikli-hava-taksi-donemi-manhattanjfk-arasi-10-dakikaya-inecek\\\/\",\"name\":\"New York&#039;ta elektrikli hava taksi d\u00f6nemi: ManhattanJFK aras\u0131 10 dakikaya inecek - Kuzeyin Sesi\",\"isPartOf\":{\"@id\":\"https:\\\/\\\/kuzeyinsesi.org\\\/#website\"},\"primaryImageOfPage\":{\"@id\":\"https:\\\/\\\/kuzeyinsesi.org\\\/index.php\\\/2026\\\/04\\\/28\\\/new-yorkta-elektrikli-hava-taksi-donemi-manhattanjfk-arasi-10-dakikaya-inecek\\\/#primaryimage\"},\"image\":{\"@id\":\"https:\\\/\\\/kuzeyinsesi.org\\\/index.php\\\/2026\\\/04\\\/28\\\/new-yorkta-elektrikli-hava-taksi-donemi-manhattanjfk-arasi-10-dakikaya-inecek\\\/#primaryimage\"},\"thumbnailUrl\":\"https:\\\/\\\/kuzeyinsesi.org\\\/wp-content\\\/uploads\\\/2026\\\/04\\\/hava-taksi-2456963.jpg\",\"datePublished\":\"2026-04-28T09:26:30+00:00\",\"author\":{\"@id\":\"https:\\\/\\\/kuzeyinsesi.org\\\/#\\\/schema\\\/person\\\/9f859689cdf01485597712386e37f5aa\"},\"breadcrumb\":{\"@id\":\"https:\\\/\\\/kuzeyinsesi.org\\\/index.php\\\/2026\\\/04\\\/28\\\/new-yorkta-elektrikli-hava-taksi-donemi-manhattanjfk-arasi-10-dakikaya-inecek\\\/#breadcrumb\"},\"inLanguage\":\"tr\",\"potentialAction\":[{\"@type\":\"ReadAction\",\"target\":[\"https:\\\/\\\/kuzeyinsesi.org\\\/index.php\\\/2026\\\/04\\\/28\\\/new-yorkta-elektrikli-hava-taksi-donemi-manhattanjfk-arasi-10-dakikaya-inecek\\\/\"]}]},{\"@type\":\"ImageObject\",\"inLanguage\":\"tr\",\"@id\":\"https:\\\/\\\/kuzeyinsesi.org\\\/index.php\\\/2026\\\/04\\\/28\\\/new-yorkta-elektrikli-hava-taksi-donemi-manhattanjfk-arasi-10-dakikaya-inecek\\\/#primaryimage\",\"url\":\"https:\\\/\\\/kuzeyinsesi.org\\\/wp-content\\\/uploads\\\/2026\\\/04\\\/hava-taksi-2456963.jpg\",\"contentUrl\":\"https:\\\/\\\/kuzeyinsesi.org\\\/wp-content\\\/uploads\\\/2026\\\/04\\\/hava-taksi-2456963.jpg\",\"width\":1280,\"height\":720},{\"@type\":\"BreadcrumbList\",\"@id\":\"https:\\\/\\\/kuzeyinsesi.org\\\/index.php\\\/2026\\\/04\\\/28\\\/new-yorkta-elektrikli-hava-taksi-donemi-manhattanjfk-arasi-10-dakikaya-inecek\\\/#breadcrumb\",\"itemListElement\":[{\"@type\":\"ListItem\",\"position\":1,\"name\":\"Anasayfa\",\"item\":\"https:\\\/\\\/kuzeyinsesi.org\\\/\"},{\"@type\":\"ListItem\",\"position\":2,\"name\":\"New York&#039;ta elektrikli hava taksi d\u00f6nemi: ManhattanJFK aras\u0131 10 dakikaya inecek\"}]},{\"@type\":\"WebSite\",\"@id\":\"https:\\\/\\\/kuzeyinsesi.org\\\/#website\",\"url\":\"https:\\\/\\\/kuzeyinsesi.org\\\/\",\"name\":\"Kuzeyin Sesi\",\"description\":\"Do\u011fru Haberin Adresi\",\"potentialAction\":[{\"@type\":\"SearchAction\",\"target\":{\"@type\":\"EntryPoint\",\"urlTemplate\":\"https:\\\/\\\/kuzeyinsesi.org\\\/?s={search_term_string}\"},\"query-input\":{\"@type\":\"PropertyValueSpecification\",\"valueRequired\":true,\"valueName\":\"search_term_string\"}}],\"inLanguage\":\"tr\"},{\"@type\":\"Person\",\"@id\":\"https:\\\/\\\/kuzeyinsesi.org\\\/#\\\/schema\\\/person\\\/9f859689cdf01485597712386e37f5aa\",\"name\":\"Kuzeyin Sesi\",\"image\":{\"@type\":\"ImageObject\",\"inLanguage\":\"tr\",\"@id\":\"https:\\\/\\\/secure.gravatar.com\\\/avatar\\\/bab33852abfd8b282518d6ed81826833d77c3c882d9ab608add591ccace47a44?s=96&d=mm&r=g\",\"url\":\"https:\\\/\\\/secure.gravatar.com\\\/avatar\\\/bab33852abfd8b282518d6ed81826833d77c3c882d9ab608add591ccace47a44?s=96&d=mm&r=g\",\"contentUrl\":\"https:\\\/\\\/secure.gravatar.com\\\/avatar\\\/bab33852abfd8b282518d6ed81826833d77c3c882d9ab608add591ccace47a44?s=96&d=mm&r=g\",\"caption\":\"Kuzeyin Sesi\"},\"sameAs\":[\"https:\\\/\\\/kuzeyinsesi.org\"],\"url\":\"https:\\\/\\\/kuzeyinsesi.org\\\/index.php\\\/author\\\/guven\\\/\"}]}<\/script>\n<!-- \/ Yoast SEO plugin. -->","yoast_head_json":{"title":"New York&#039;ta elektrikli hava taksi d\u00f6nemi: ManhattanJFK aras\u0131 10 dakikaya inecek - Kuzeyin Sesi","robots":{"index":"index","follow":"follow","max-snippet":"max-snippet:-1","max-image-preview":"max-image-preview:large","max-video-preview":"max-video-preview:-1"},"canonical":"https:\/\/kuzeyinsesi.org\/index.php\/2026\/04\/28\/new-yorkta-elektrikli-hava-taksi-donemi-manhattanjfk-arasi-10-dakikaya-inecek\/","og_locale":"tr_TR","og_type":"article","og_title":"New York&#039;ta elektrikli hava taksi d\u00f6nemi: ManhattanJFK aras\u0131 10 dakikaya inecek - Kuzeyin Sesi","og_description":"&#13; Dev bir drone g\u00f6r\u00fcn\u00fcm\u00fcne sahip olan be\u015f ki\u015filik ara\u00e7, bir pilot ve d\u00f6rt yolcu ta\u015f\u0131ma kapasitesine sahip. Helikopter gibi dikey olarak havalanan ara\u00e7, pervanelerinin y\u00f6n de\u011fi\u015ftirmesiyle ileri do\u011fru hareket ediyor. &#13; Tamamen elektrikle \u00e7al\u0131\u015fan hava taksiler, geleneksel helikopterlere g\u00f6re \u00e7ok daha sessiz olmas\u0131 ve operasyon s\u0131ras\u0131nda s\u0131f\u0131r emisyon \u00fcretmesiyle \u00f6ne \u00e7\u0131k\u0131yor. &#13; Projenin temel [&hellip;]","og_url":"https:\/\/kuzeyinsesi.org\/index.php\/2026\/04\/28\/new-yorkta-elektrikli-hava-taksi-donemi-manhattanjfk-arasi-10-dakikaya-inecek\/","og_site_name":"Kuzeyin Sesi","article_publisher":"https:\/\/www.facebook.com\/kuzeyinsesii","article_published_time":"2026-04-28T09:26:30+00:00","og_image":[{"url":"https:\/\/trthaberstatic.cdn.wp.trt.com.tr\/resimler\/2456000\/hava-taksi-2456963.jpg","type":"","width":"","height":""}],"author":"Kuzeyin Sesi","twitter_card":"summary_large_image","twitter_creator":"@kuzeyinsesii","twitter_site":"@kuzeyinsesii","twitter_misc":{"Yazan:":"Kuzeyin Sesi","Tahmini okuma s\u00fcresi":"2 dakika"},"schema":{"@context":"https:\/\/schema.org","@graph":[{"@type":"Article","@id":"https:\/\/kuzeyinsesi.org\/index.php\/2026\/04\/28\/new-yorkta-elektrikli-hava-taksi-donemi-manhattanjfk-arasi-10-dakikaya-inecek\/#article","isPartOf":{"@id":"https:\/\/kuzeyinsesi.org\/index.php\/2026\/04\/28\/new-yorkta-elektrikli-hava-taksi-donemi-manhattanjfk-arasi-10-dakikaya-inecek\/"},"author":{"name":"Kuzeyin Sesi","@id":"https:\/\/kuzeyinsesi.org\/#\/schema\/person\/9f859689cdf01485597712386e37f5aa"},"headline":"New York&#039;ta elektrikli hava taksi d\u00f6nemi: ManhattanJFK aras\u0131 10 dakikaya inecek","datePublished":"2026-04-28T09:26:30+00:00","mainEntityOfPage":{"@id":"https:\/\/kuzeyinsesi.org\/index.php\/2026\/04\/28\/new-yorkta-elektrikli-hava-taksi-donemi-manhattanjfk-arasi-10-dakikaya-inecek\/"},"wordCount":317,"commentCount":0,"image":{"@id":"https:\/\/kuzeyinsesi.org\/index.php\/2026\/04\/28\/new-yorkta-elektrikli-hava-taksi-donemi-manhattanjfk-arasi-10-dakikaya-inecek\/#primaryimage"},"thumbnailUrl":"https:\/\/kuzeyinsesi.org\/wp-content\/uploads\/2026\/04\/hava-taksi-2456963.jpg","articleSection":["D\u00fcnya"],"inLanguage":"tr","potentialAction":[{"@type":"CommentAction","name":"Comment","target":["https:\/\/kuzeyinsesi.org\/index.php\/2026\/04\/28\/new-yorkta-elektrikli-hava-taksi-donemi-manhattanjfk-arasi-10-dakikaya-inecek\/#respond"]}]},{"@type":"WebPage","@id":"https:\/\/kuzeyinsesi.org\/index.php\/2026\/04\/28\/new-yorkta-elektrikli-hava-taksi-donemi-manhattanjfk-arasi-10-dakikaya-inecek\/","url":"https:\/\/kuzeyinsesi.org\/index.php\/2026\/04\/28\/new-yorkta-elektrikli-hava-taksi-donemi-manhattanjfk-arasi-10-dakikaya-inecek\/","name":"New York&#039;ta elektrikli hava taksi d\u00f6nemi: ManhattanJFK aras\u0131 10 dakikaya inecek - Kuzeyin Sesi","isPartOf":{"@id":"https:\/\/kuzeyinsesi.org\/#website"},"primaryImageOfPage":{"@id":"https:\/\/kuzeyinsesi.org\/index.php\/2026\/04\/28\/new-yorkta-elektrikli-hava-taksi-donemi-manhattanjfk-arasi-10-dakikaya-inecek\/#primaryimage"},"image":{"@id":"https:\/\/kuzeyinsesi.org\/index.php\/2026\/04\/28\/new-yorkta-elektrikli-hava-taksi-donemi-manhattanjfk-arasi-10-dakikaya-inecek\/#primaryimage"},"thumbnailUrl":"https:\/\/kuzeyinsesi.org\/wp-content\/uploads\/2026\/04\/hava-taksi-2456963.jpg","datePublished":"2026-04-28T09:26:30+00:00","author":{"@id":"https:\/\/kuzeyinsesi.org\/#\/schema\/person\/9f859689cdf01485597712386e37f5aa"},"breadcrumb":{"@id":"https:\/\/kuzeyinsesi.org\/index.php\/2026\/04\/28\/new-yorkta-elektrikli-hava-taksi-donemi-manhattanjfk-arasi-10-dakikaya-inecek\/#breadcrumb"},"inLanguage":"tr","potentialAction":[{"@type":"ReadAction","target":["https:\/\/kuzeyinsesi.org\/index.php\/2026\/04\/28\/new-yorkta-elektrikli-hava-taksi-donemi-manhattanjfk-arasi-10-dakikaya-inecek\/"]}]},{"@type":"ImageObject","inLanguage":"tr","@id":"https:\/\/kuzeyinsesi.org\/index.php\/2026\/04\/28\/new-yorkta-elektrikli-hava-taksi-donemi-manhattanjfk-arasi-10-dakikaya-inecek\/#primaryimage","url":"https:\/\/kuzeyinsesi.org\/wp-content\/uploads\/2026\/04\/hava-taksi-2456963.jpg","contentUrl":"https:\/\/kuzeyinsesi.org\/wp-content\/uploads\/2026\/04\/hava-taksi-2456963.jpg","width":1280,"height":720},{"@type":"BreadcrumbList","@id":"https:\/\/kuzeyinsesi.org\/index.php\/2026\/04\/28\/new-yorkta-elektrikli-hava-taksi-donemi-manhattanjfk-arasi-10-dakikaya-inecek\/#breadcrumb","itemListElement":[{"@type":"ListItem","position":1,"name":"Anasayfa","item":"https:\/\/kuzeyinsesi.org\/"},{"@type":"ListItem","position":2,"name":"New York&#039;ta elektrikli hava taksi d\u00f6nemi: ManhattanJFK aras\u0131 10 dakikaya inecek"}]},{"@type":"WebSite","@id":"https:\/\/kuzeyinsesi.org\/#website","url":"https:\/\/kuzeyinsesi.org\/","name":"Kuzeyin Sesi","description":"Do\u011fru Haberin Adresi","potentialAction":[{"@type":"SearchAction","target":{"@type":"EntryPoint","urlTemplate":"https:\/\/kuzeyinsesi.org\/?s={search_term_string}"},"query-input":{"@type":"PropertyValueSpecification","valueRequired":true,"valueName":"search_term_string"}}],"inLanguage":"tr"},{"@type":"Person","@id":"https:\/\/kuzeyinsesi.org\/#\/schema\/person\/9f859689cdf01485597712386e37f5aa","name":"Kuzeyin Sesi","image":{"@type":"ImageObject","inLanguage":"tr","@id":"https:\/\/secure.gravatar.com\/avatar\/bab33852abfd8b282518d6ed81826833d77c3c882d9ab608add591ccace47a44?s=96&d=mm&r=g","url":"https:\/\/secure.gravatar.com\/avatar\/bab33852abfd8b282518d6ed81826833d77c3c882d9ab608add591ccace47a44?s=96&d=mm&r=g","contentUrl":"https:\/\/secure.gravatar.com\/avatar\/bab33852abfd8b282518d6ed81826833d77c3c882d9ab608add591ccace47a44?s=96&d=mm&r=g","caption":"Kuzeyin Sesi"},"sameAs":["https:\/\/kuzeyinsesi.org"],"url":"https:\/\/kuzeyinsesi.org\/index.php\/author\/guven\/"}]}},"_links":{"self":[{"href":"https:\/\/kuzeyinsesi.org\/index.php\/wp-json\/wp\/v2\/posts\/37476","targetHints":{"allow":["GET"]}}],"collection":[{"href":"https:\/\/kuzeyinsesi.org\/index.php\/wp-json\/wp\/v2\/posts"}],"about":[{"href":"https:\/\/kuzeyinsesi.org\/index.php\/wp-json\/wp\/v2\/types\/post"}],"author":[{"embeddable":true,"href":"https:\/\/kuzeyinsesi.org\/index.php\/wp-json\/wp\/v2\/users\/1"}],"replies":[{"embeddable":true,"href":"https:\/\/kuzeyinsesi.org\/index.php\/wp-json\/wp\/v2\/comments?post=37476"}],"version-history":[{"count":0,"href":"https:\/\/kuzeyinsesi.org\/index.php\/wp-json\/wp\/v2\/posts\/37476\/revisions"}],"wp:featuredmedia":[{"embeddable":true,"href":"https:\/\/kuzeyinsesi.org\/index.php\/wp-json\/wp\/v2\/media\/37477"}],"wp:attachment":[{"href":"https:\/\/kuzeyinsesi.org\/index.php\/wp-json\/wp\/v2\/media?parent=37476"}],"wp:term":[{"taxonomy":"category","embeddable":true,"href":"https:\/\/kuzeyinsesi.org\/index.php\/wp-json\/wp\/v2\/categories?post=37476"},{"taxonomy":"post_tag","embeddable":true,"href":"https:\/\/kuzeyinsesi.org\/index.php\/wp-json\/wp\/v2\/tags?post=37476"}],"curies":[{"name":"wp","href":"https:\/\/api.w.org\/{rel}","templated":true}]}}