{"id":37452,"date":"2026-04-28T08:43:35","date_gmt":"2026-04-28T05:43:35","guid":{"rendered":"https:\/\/kuzeyinsesi.org\/index.php\/2026\/04\/28\/tukendik\/"},"modified":"2026-04-28T08:43:35","modified_gmt":"2026-04-28T05:43:35","slug":"tukendik","status":"publish","type":"post","link":"https:\/\/kuzeyinsesi.org\/index.php\/2026\/04\/28\/tukendik\/","title":{"rendered":"T\u00fckendik!"},"content":{"rendered":"<p>Kurban Bayram\u0131 \u00f6ncesi KIBRIS\u2019a konu\u015fan kasaplar, canl\u0131 kuzu fiyat\u0131n\u0131n 480-500 TL band\u0131na dayanmas\u0131ndan \u015fikayet\u00e7i&#8230;<\/p>\n<p><strong>\u201cY\u0131ll\u0131k kay\u0131p 250 milyon euro\u201d\u2026<\/strong> Kasap Halil Akb\u0131\u00e7ak, canl\u0131 kuzu fiyat\u0131n\u0131n 4 ayda y\u00fczde 55 artarak 500 TL\u2019ye dayand\u0131\u011f\u0131n\u0131, kuzu etinin ise bin 300 TL seviyelerine \u00e7\u0131kt\u0131\u011f\u0131n\u0131 belirtti. G\u00fcney\u2019den et al\u0131\u015fveri\u015fine dikkat \u00e7eken Akb\u0131\u00e7ak, \u201cSadece etten y\u0131ll\u0131k kay\u0131p 250 milyon euronun \u00fczerinde.\u201d diyerek devletin ciddi gelir kayb\u0131 ya\u015fad\u0131\u011f\u0131n\u0131 vurgulad\u0131.<\/p>\n<p><strong>Kasaplar bu ak\u015fam toplan\u0131yor\u2026<\/strong> Kasap Mehmet Kermeo\u011flu, haftada 100 kuzu keserken bug\u00fcn 10 kuzu bile kesemez hale geldiklerini belirterek, \u201cG\u00fcn\u00fcm\u00fcz\u00fc m\u00fc\u015fteri bekleyerek ge\u00e7iriyoruz. T\u00fckendik, kasap\u00e7\u0131l\u0131k bitme noktas\u0131na geldi, esnaf batma noktas\u0131nda.\u201d dedi. Kermeo\u011flu, kasap esnaf\u0131n\u0131n \u00e7\u00f6z\u00fcm aray\u0131\u015f\u0131yla bu ak\u015fam Esnaf ve Zanaatk\u00e2rlar Odas\u0131\u2019nda toplant\u0131 yapaca\u011f\u0131n\u0131 a\u00e7\u0131klad\u0131.<\/p>\n<p><strong>\u201cGiderler y\u00fcksek, al\u0131m g\u00fcc\u00fc d\u00fc\u015f\u00fcyor\u201d\u2026<\/strong> \u0130smail Kamkam, kesim \u00fccretlerinin hayvan ba\u015f\u0131na k\u00fc\u00e7\u00fckba\u015fta 500 TL, b\u00fcy\u00fckba\u015fta ise 4 bin TL oldu\u011funu belirterek artan maliyetler ve d\u00fc\u015fen al\u0131m g\u00fcc\u00fcn\u00fcn sekt\u00f6r\u00fc zorlad\u0131\u011f\u0131n\u0131 s\u00f6yledi. Kamkam, \u201cHer ge\u00e7en g\u00fcn zamlara al\u0131\u015ft\u0131k. Giderler y\u00fcksek, vatanda\u015f\u0131n al\u0131m g\u00fcc\u00fc d\u00fc\u015f\u00fcyor. Hayvanc\u0131l\u0131kla u\u011fra\u015fanlar da ciddi s\u0131k\u0131nt\u0131 i\u00e7inde.\u201d dedi.<\/p>\n<p><strong>Cemre CEMAL\u0130<\/strong><\/p>\n<p>Kurban Bayram\u0131\u2019na bir ay kala kurbanl\u0131k piyasas\u0131nda belirsizlik ve fiyat art\u0131\u015flar\u0131 dikkat \u00e7ekiyor.<\/p>\n<p>G\u00fcney K\u0131br\u0131s\u2019ta ortaya \u00e7\u0131kan \u015fap hastal\u0131\u011f\u0131 sonras\u0131 al\u0131nan \u00f6nlemlerle \u00fclkemizde et t\u00fcketimine y\u00f6nelik g\u00fcven yeniden sa\u011flansa da et piyasas\u0131nda bu kez durgunluk hakim.<\/p>\n<p>KIBRIS ekibi bayram \u00f6ncesi Ba\u015fkent\u2019te kasaplarla konu\u015ftu. Kasaplar, canl\u0131 kuzu fiyat\u0131n\u0131n \u015fimdiden 500 TL\u2019ye dayand\u0131\u011f\u0131n\u0131 belirterek artan maliyetler ve G\u00fcney K\u0131br\u0131s ile a\u00e7\u0131lan fiyat fark\u0131 nedeniyle sat\u0131\u015flar\u0131n d\u00fc\u015ft\u00fc\u011f\u00fcn\u00fc ve piyasan\u0131n ciddi bir darbo\u011fazdan ge\u00e7ti\u011fini vurgulad\u0131.<\/p>\n<p>Kasaplar, sorunlar\u0131n \u00e7\u00f6z\u00fcm\u00fc i\u00e7in devletin devreye girmesi gerekti\u011fini vurgulayarak \u00fcretici, sat\u0131c\u0131 ve t\u00fcketicinin kar\u015f\u0131 kar\u015f\u0131ya gelmemesi gerekti\u011fine dikkat \u00e7ekti.\u00a0 Bu kapsamda kasaplar, ortak bir tav\u0131r belirlemek ve \u00e7\u00f6z\u00fcm yollar\u0131n\u0131 de\u011ferlendirmek amac\u0131yla bu ak\u015fam Esnaf ve Zanaatk\u00e2rlar Odas\u0131\u2019nda bir araya gelerek toplant\u0131 yapacak.<\/p>\n<p><strong>Akb\u0131\u00e7ak: Fiyatlar yar\u0131 yar\u0131ya daha y\u00fcksek<\/strong><\/p>\n<p>Akb\u0131\u00e7ak Kasap \u0130\u015fletmecisi Halil Akb\u0131\u00e7ak, G\u00fcney K\u0131br\u0131s\u2019ta ortaya \u00e7\u0131kan hastal\u0131\u011f\u0131n ard\u0131ndan \u00fclkemizde ilk etapta ciddi bir tedirginlik ya\u015fand\u0131\u011f\u0131n\u0131 belirterek, \u201c\u0130lk kez bu kadar s\u0131k\u0131 \u00f6nlemler al\u0131nd\u0131. Karantina b\u00f6lgeleri olu\u015fturuldu, giri\u015f-\u00e7\u0131k\u0131\u015flar engellendi, o b\u00f6lgelerden hayvan sevkiyat\u0131 durduruldu. Ayn\u0131 zamanda h\u0131zl\u0131 bir a\u015f\u0131lama s\u00fcreci y\u00fcr\u00fct\u00fcld\u00fc. Bu sayede hastal\u0131\u011f\u0131n yay\u0131lmas\u0131 \u00f6nlendi. S\u00fcre\u00e7 olduk\u00e7a ba\u015far\u0131l\u0131 y\u00f6netildi, halk\u0131n g\u00fcveni de yeniden sa\u011fland\u0131\u201d dedi.<\/p>\n<p><\/p>\n<p>Ancak ekonomik a\u00e7\u0131dan tablonun a\u011f\u0131rla\u015ft\u0131\u011f\u0131n\u0131 vurgulayan Akb\u0131\u00e7ak, vatanda\u015f\u0131n al\u0131m g\u00fcc\u00fcndeki d\u00fc\u015f\u00fc\u015fe dikkat \u00e7ekti:<\/p>\n<p>\u201c\u015eap \u00f6nlemleriyle g\u00fcven tazelendi ama eti yine \u2018alabilen\u2019 al\u0131yor. \u00c7\u00fcnk\u00fc fiyatlar\u0131m\u0131z G\u00fcney\u2019e g\u00f6re neredeyse yar\u0131 yar\u0131ya daha y\u00fcksek. G\u00fcney\u2019de 700-750 TL olan et bizde bin 250-bin 300 TL. Buna ra\u011fmen G\u00fcney K\u0131br\u0131s\u2019tan al\u0131\u015fveri\u015f artarak devam ediyor.\u201d<\/p>\n<p>Akb\u0131\u00e7ak, bu fark\u0131n en \u00f6nemli nedeninin G\u00fcney\u2019de ithalat\u0131n serbest olmas\u0131 oldu\u011funu belirterek \u201cYunanistan\u2019dan her hafta taze k\u00fc\u00e7\u00fckba\u015f eti al\u0131yorlar, ayr\u0131ca Avrupa Birli\u011fi ve G\u00fcney Amerika\u2019dan \u00e7e\u015fitli et \u00fcr\u00fcnleri ithal ediliyor. Bizde ise ithalat s\u0131n\u0131rl\u0131; sadece biftek ve bonfile getirtebiliyoruz. Bu etler de zaten pahal\u0131 oldu\u011fu i\u00e7in vatanda\u015f\u0131n ula\u015fabilece\u011fi seviyede de\u011fil\u201d diye konu\u015ftu.<\/p>\n<p>Bayramlar ve \u00f6zel g\u00fcnlerin pe\u015f pe\u015fe gelmesiyle birlikte arz-talep dengesinin tamamen bozuldu\u011funu dile getiren Akb\u0131\u00e7ak, hayvan say\u0131s\u0131n\u0131n n\u00fcfusa g\u00f6re yetersiz kald\u0131\u011f\u0131n\u0131 ve bunun piyasaya do\u011frudan yans\u0131d\u0131\u011f\u0131n\u0131 s\u00f6yledi.<\/p>\n<p><strong>\u201cCanl\u0131 hayvan fiyat\u0131 500 TL\u2019ye dayand\u0131\u201d<\/strong><\/p>\n<p>Akb\u0131\u00e7ak, canl\u0131 hayvan fiyatlar\u0131ndaki art\u0131\u015f\u0131n \u00e7ok sert oldu\u011funu vurgulayarak, \u201cY\u0131lba\u015f\u0131nda 320 TL olan canl\u0131 kuzu fiyat\u0131 bug\u00fcn 500 TL\u2019ye \u00e7\u0131kt\u0131. 4 ayda yakla\u015f\u0131k y\u00fczde 55 art\u0131\u015f var. Bu da do\u011frudan et fiyatlar\u0131na yans\u0131d\u0131 ve kuzu eti bin 300 TL seviyelerine ula\u015ft\u0131. Vatanda\u015f bu fiyatlarla et alam\u0131yor\u201d dedi.<\/p>\n<p>\u00dclkeye ka\u00e7ak et giri\u015finin de ciddi bir sorun haline geldi\u011fini savunan Akb\u0131\u00e7ak, \u201cG\u00fcney\u2019de hastal\u0131k olmas\u0131na ra\u011fmen ka\u00e7ak\u00e7\u0131l\u0131k artm\u0131\u015f durumda. G\u00fcneyden karkas kuzu ve kemiksiz dana eti ka\u00e7ak yollarla \u00fclkemize al\u0131n\u0131yor. Buna kar\u015f\u0131 yeterli m\u00fccadele verilmiyor\u201d ifadelerini kulland\u0131.<\/p>\n<p>Akb\u0131\u00e7ak, sekt\u00f6r olarak ithalat talep etmediklerini ancak fiyatlar\u0131n dengelenmesi gerekti\u011fini belirterek h\u00fck\u00fcmete \u00e7a\u011fr\u0131da bulundu:<\/p>\n<p>\u201cVatanda\u015f\u0131n G\u00fcney\u2019e y\u00f6nelmesini engellemek i\u00e7in burada fiyatlar\u0131n dengelenmesi \u015fart. Bu destekle mi olur, s\u0131n\u0131rl\u0131 ithalatla m\u0131 olur, hayvan say\u0131s\u0131n\u0131n art\u0131r\u0131lmas\u0131yla m\u0131 olur, buna h\u00fck\u00fcmet karar vermeli.\u201d<\/p>\n<p><strong>\u201cEtten y\u0131ll\u0131k kay\u0131p 250 milyon euro\u201d<\/strong><\/p>\n<p>Akb\u0131\u00e7ak, devletin \u00f6nemli bir gelir kayb\u0131 ya\u015fad\u0131\u011f\u0131n\u0131 da dile getiren Akb\u0131\u00e7ak, et ba\u015fta olmak \u00fczere bir\u00e7ok \u00fcr\u00fcn\u00fcn G\u00fcney\u2019den al\u0131nmaya ba\u015flad\u0131\u011f\u0131n\u0131 ve bunun ekonomiye ciddi zarar verdi\u011fini kaydetti.<\/p>\n<p>\u201cSadece etten y\u0131ll\u0131k kay\u0131p 250 milyon euronun \u00fczerinde. Devlet bug\u00fcn bor\u00e7lanarak maa\u015flar\u0131 \u00f6deyecek duruma geldi ancak \u00f6dedi\u011fi maa\u015flar\u0131n b\u00fcy\u00fck k\u0131sm\u0131 g\u00fcneyde harcan\u0131yor\u201d ifadelerini kullanan Akb\u0131\u00e7ak, KKTC\u2019deki kasaplardaki et sat\u0131\u015flar\u0131n\u0131n ciddi \u015fekilde d\u00fc\u015ft\u00fc\u011f\u00fcn\u00fc belirtti.<\/p>\n<p><img decoding=\"async\" class=\"alignnone wp-image-755511 size-full\" src=\"https:\/\/kibrisgazetesi.com\/wp-content\/uploads\/2026\/04\/FIYATLAR-1.jpg\" alt=\"\" width=\"1200\" height=\"1600\" srcset=\"https:\/\/kibrisgazetesi.com\/wp-content\/uploads\/2026\/04\/FIYATLAR-1.jpg 1200w, https:\/\/kibrisgazetesi.com\/wp-content\/uploads\/2026\/04\/FIYATLAR-1-225x300.jpg 225w, https:\/\/kibrisgazetesi.com\/wp-content\/uploads\/2026\/04\/FIYATLAR-1-768x1024.jpg 768w, https:\/\/kibrisgazetesi.com\/wp-content\/uploads\/2026\/04\/FIYATLAR-1-1152x1536.jpg 1152w\" \/><\/p>\n<p>Akb\u0131\u00e7ak, \u201chaftal\u0131k sat\u0131\u015flar\u0131m\u0131z yar\u0131 yar\u0131ya azald\u0131. Restoranlar bile bizden et alm\u0131yor \u00e7\u00fcnk\u00fc fiyat fark\u0131 \u00e7ok y\u00fcksek\u201d diyerek et fiyatlar\u0131nda g\u00fcney ile olan farka dikkat \u00e7ekti.<\/p>\n<p>\u00dclkemizde fiyatlar\u0131n etin kalitesine g\u00f6re de\u011fi\u015fti\u011fini belirten Akb\u0131\u00e7ak dana etinin 950 TL ile bin 200 TL, kuzu etinin ise bin 100 TL ile bin 280 TL aras\u0131nda oldu\u011funu a\u00e7\u0131klad\u0131.<\/p>\n<p><strong>\u201cKurbanl\u0131k kuzu 30-35 bin TL\u201d<\/strong><\/p>\n<p>Kurban Bayram\u0131 \u00f6ncesi canl\u0131 hayvan fiyatlar\u0131ndaki belirsizli\u011fin s\u00fcrd\u00fc\u011f\u00fcn\u00fc de ifade eden Akb\u0131\u00e7ak, bug\u00fcn bir kurbanl\u0131k kuzunun 30-35 bin TL seviyesinde oldu\u011funu belirtti:<\/p>\n<p>\u201cOlmas\u0131 gereken fiyat 20-25 bin TL civar\u0131ndayd\u0131. Ama maliyetler ortada. 60 kiloluk bir kuzuyu zaten 30 bin TL\u2019ye alaca\u011f\u0131z. \u00dczerine kesim ve di\u011fer giderler eklendi\u011finde fiyat vermek bile zorla\u015f\u0131yor\u201d dedi.<\/p>\n<p>Akb\u0131\u00e7ak, artan maliyetlerin esnaf\u0131 da \u00e7\u0131kmaza s\u00fcr\u00fckledi\u011fini vurgulayarak, \u201cElektrik faturam ge\u00e7en ay 114 bin TL geldi. Bu \u015fartlarda i\u015f\u00e7i \u00e7al\u0131\u015ft\u0131rmak, sigorta \u00f6demek giderek zorla\u015f\u0131yor. Bu sorunlar\u0131 ne bireysel ne de birlik olarak \u00e7\u00f6zebiliriz. H\u00fck\u00fcmetin acil ad\u0131m atmas\u0131 gerekiyor\u201d ifadelerini kulland\u0131.<\/p>\n<p>Elinde 20-25 kurbanl\u0131k talebi bulundu\u011funu ancak kuzu temininde zorland\u0131\u011f\u0131n\u0131 dile getiren Akb\u0131\u00e7ak, \u201cVatanda\u015fa net fiyat veremiyoruz \u2018\u015funu s\u00f6yleyebiliriz ki 30 bin TL\u2019nin \u00fczerinde olacak\u2019 diyoruz. Canl\u0131 kuzu fiyat\u0131 450 TL deniyordu, \u015fu an 470-500 TL band\u0131na \u00e7\u0131kt\u0131. Bu belirsizlik nedeniyle vatanda\u015f kurban almaktan da vazge\u00e7ebilir. Piyasada net bir fiyat yok\u201d dedi.<\/p>\n<p><strong>Kamkam: Piyasada belirsizlik var<\/strong><\/p>\n<p>Kamkam Et Pazar\u0131 \u0130\u015fletmecisi \u0130smail Kamkam, g\u00fcneydeki \u015fap hastal\u0131\u011f\u0131 nedeniyle \u00f6zellikle s\u00fcrecin ilk d\u00f6nemlerinde \u00fclkemizdeki t\u00fcketici davran\u0131\u015flar\u0131nda de\u011fi\u015fiklik g\u00f6zlendi\u011fini s\u00f6yleyerek ancak zamanla bu durumun normale d\u00f6nd\u00fc\u011f\u00fcn\u00fc belirtti.<\/p>\n<p><img decoding=\"async\" loading=\"lazy\" class=\"alignnone wp-image-755509 size-large\" src=\"https:\/\/kibrisgazetesi.com\/wp-content\/uploads\/2026\/04\/ISMAIL-KAMKAM-2-1024x768.jpg\" alt=\"\" width=\"1024\" height=\"768\" srcset=\"https:\/\/kibrisgazetesi.com\/wp-content\/uploads\/2026\/04\/ISMAIL-KAMKAM-2-1024x768.jpg 1024w, https:\/\/kibrisgazetesi.com\/wp-content\/uploads\/2026\/04\/ISMAIL-KAMKAM-2-300x225.jpg 300w, https:\/\/kibrisgazetesi.com\/wp-content\/uploads\/2026\/04\/ISMAIL-KAMKAM-2-768x576.jpg 768w, https:\/\/kibrisgazetesi.com\/wp-content\/uploads\/2026\/04\/ISMAIL-KAMKAM-2-1536x1152.jpg 1536w, https:\/\/kibrisgazetesi.com\/wp-content\/uploads\/2026\/04\/ISMAIL-KAMKAM-2.jpg 1600w\" \/><\/p>\n<p>Kamkam, G\u00fcney K\u0131br\u0131s\u2019ta g\u00f6r\u00fclen hastal\u0131k sonras\u0131 halkta k\u0131sa s\u00fcreli bir endi\u015fe olu\u015ftu\u011funu belirterek, \u201cVatanda\u015flar g\u00fcvendikleri kasaplardan al\u0131\u015fveri\u015f yapmay\u0131 s\u00fcrd\u00fcrd\u00fc. \u015eu anda ciddi bir korku yok. Devletimiz de bu s\u00fcre\u00e7te \u00f6nemli \u00e7al\u0131\u015fmalar yapt\u0131, kendimizi g\u00fcvende hissediyoruz\u201d dedi.<\/p>\n<p>G\u00fcncel et fiyatlar\u0131na ili\u015fkin bilgi veren Kamkam, kuzu etinin bin 300 TL, dana k\u0131yman\u0131n ise yakla\u015f\u0131k bin TL oldu\u011funu, bonfile ve antrikot gibi nitelikli et \u00fcr\u00fcnlerinde ise fiyatlar\u0131n de\u011fi\u015fti\u011fini s\u00f6yledi.<\/p>\n<p>Kamkam, canl\u0131 hayvan fiyatlar\u0131ndaki art\u0131\u015f\u0131n do\u011frudan et fiyatlar\u0131na yans\u0131d\u0131\u011f\u0131n\u0131 vurgulayarak Kurban Bayram\u0131 \u00f6ncesi piyasada belirsizlik oldu\u011funu dile getirdi.<\/p>\n<p><strong>\u201cKesim \u00fccreti kuzuda 500, danada 4 bin TL\u201d<\/strong><\/p>\n<p>Canl\u0131 kuzu fiyatlar\u0131n\u0131n haftadan haftaya de\u011fi\u015fti\u011fini belirten Kamkam, k\u00fc\u00e7\u00fckba\u015f hayvan\u0131n kilosunun 440 TL ile 500 TL aras\u0131nda de\u011fi\u015fti\u011fini, b\u00fcy\u00fckba\u015fta ise fiyatlar\u0131n yakla\u015f\u0131k 340 TL seviyelerinde oldu\u011funu aktard\u0131.<\/p>\n<p>Kamkam, kasaplar\u0131n en \u00f6nemli girdilerinden biri olan mezbahanelerdeki hayvan kesim \u00fccretlerine de de\u011finerek k\u00fc\u00e7\u00fckba\u015f hayvanlarda kesimin 500 TL, b\u00fcy\u00fckba\u015fta ise 4 bin TL oldu\u011funu ifade etti.<\/p>\n<p><img decoding=\"async\" loading=\"lazy\" class=\"alignnone wp-image-755512 size-full\" src=\"https:\/\/kibrisgazetesi.com\/wp-content\/uploads\/2026\/04\/KESIM-UCRETLERI-1.jpeg\" alt=\"\" width=\"1200\" height=\"1600\" srcset=\"https:\/\/kibrisgazetesi.com\/wp-content\/uploads\/2026\/04\/KESIM-UCRETLERI-1.jpeg 1200w, https:\/\/kibrisgazetesi.com\/wp-content\/uploads\/2026\/04\/KESIM-UCRETLERI-1-225x300.jpeg 225w, https:\/\/kibrisgazetesi.com\/wp-content\/uploads\/2026\/04\/KESIM-UCRETLERI-1-768x1024.jpeg 768w, https:\/\/kibrisgazetesi.com\/wp-content\/uploads\/2026\/04\/KESIM-UCRETLERI-1-1152x1536.jpeg 1152w\" \/><\/p>\n<p>Artan maliyetlere dikkat \u00e7eken Kamkam, \u201cHer ge\u00e7en g\u00fcn zamlara al\u0131\u015ft\u0131k. Giderler y\u00fcksek, vatanda\u015f\u0131n al\u0131m g\u00fcc\u00fc d\u00fc\u015f\u00fcyor. Hayvanc\u0131l\u0131kla u\u011fra\u015fanlar da ciddi s\u0131k\u0131nt\u0131 i\u00e7inde\u201d diye konu\u015ftu.<\/p>\n<p>Uzun y\u0131llard\u0131r kurbanl\u0131k sat\u0131\u015f\u0131 yapmad\u0131\u011f\u0131n\u0131 da belirten Kamkam, \u201cKesim s\u00fcreci zor ve ciddi organizasyon gerektiriyor. Eleman bulmak kolay de\u011fil\u201d diyerek bu alandaki en b\u00fcy\u00fck sorunun nitelikli personel eksikli\u011fi oldu\u011funu s\u00f6yledi.<\/p>\n<p>Vatanda\u015flara da \u00e7a\u011fr\u0131da bulunan Kamkam, \u201cG\u00fcvenebilece\u011finiz yerlerden al\u0131\u015fveri\u015f yap\u0131n. Devletimize g\u00fcvenimiz tam, \u00fclkemizde hastal\u0131kla ilgili bir s\u0131k\u0131nt\u0131 yok\u201d ifadelerini kulland\u0131.<\/p>\n<p><strong>Kermeo\u011flu: G\u00fcn\u00fcm\u00fcz\u00fc m\u00fc\u015fteri bekleyerek ge\u00e7iriyoruz<\/strong><\/p>\n<p>Kermeo\u011flu Kasap \u0130\u015fletmecisi Mehmet Kermeo\u011flu, \u015fap hastal\u0131\u011f\u0131 sonras\u0131 \u00fclkemizde gerekli \u00f6nlemlerin h\u0131zl\u0131ca al\u0131nd\u0131\u011f\u0131n\u0131 ifade ederek, \u201cEt sat\u0131\u015flar\u0131nda o d\u00f6nem 1-2 hafta toparlanma oldu ama sonra yine eskiye d\u00f6nd\u00fck. G\u00fcn i\u00e7inde 3-4 kilo k\u0131yma satabiliyoruz, bu sat\u0131\u015fla d\u00fckkan masraf\u0131n\u0131 kar\u015f\u0131lamak m\u00fcmk\u00fcn de\u011fil\u201d dedi.<\/p>\n<p><img decoding=\"async\" loading=\"lazy\" class=\"alignnone wp-image-755510 size-full\" src=\"https:\/\/kibrisgazetesi.com\/wp-content\/uploads\/2026\/04\/MEHMET-KERMEOGLU-1.jpeg\" alt=\"\" width=\"1600\" height=\"1200\" srcset=\"https:\/\/kibrisgazetesi.com\/wp-content\/uploads\/2026\/04\/MEHMET-KERMEOGLU-1.jpeg 1600w, https:\/\/kibrisgazetesi.com\/wp-content\/uploads\/2026\/04\/MEHMET-KERMEOGLU-1-300x225.jpeg 300w, https:\/\/kibrisgazetesi.com\/wp-content\/uploads\/2026\/04\/MEHMET-KERMEOGLU-1-1024x768.jpeg 1024w, https:\/\/kibrisgazetesi.com\/wp-content\/uploads\/2026\/04\/MEHMET-KERMEOGLU-1-768x576.jpeg 768w, https:\/\/kibrisgazetesi.com\/wp-content\/uploads\/2026\/04\/MEHMET-KERMEOGLU-1-1536x1152.jpeg 1536w\" \/><\/p>\n<p>Canl\u0131 hayvan fiyatlar\u0131ndaki h\u0131zl\u0131 art\u0131\u015fa da dikkat \u00e7eken Kermeo\u011flu, \u201cGe\u00e7en y\u0131l kuzuyu 280 TL\u2019ye al\u0131yorduk, bir s\u00fcredir 450 TL civar\u0131na \u00e7\u0131kt\u0131. \u015eimdi 480-500 TL isteniyor. Hayvanc\u0131 da hakl\u0131 ama fiyatlar ikiye katland\u0131. 50 kiloluk kuzu 30 bin TL, 80 kiloluk hayvan ise 50 bin TL\u2019ye kadar \u00e7\u0131k\u0131yor. Bu \u015fartlarda vatanda\u015f\u0131n kurbanl\u0131k almas\u0131 \u00e7ok zor\u201d diye konu\u015ftu.<\/p>\n<p>Kermeo\u011flu, g\u00fcney ile aradaki fiyat fark\u0131 nedeniyle k\u00e2r marjlar\u0131n\u0131 da artt\u0131ramad\u0131klar\u0131n\u0131 s\u00f6yleyerek \u201cG\u00fcney\u2019e ge\u00e7ebilenler 600-700 TL\u2019ye ithal et al\u0131yorlar. Art\u0131k insanlar kaliteye de\u011fil fiyata bak\u0131yor.\u201d ifadelerini kulland\u0131.<\/p>\n<p>Sekt\u00f6r\u00fcn ciddi bir \u00e7\u0131kmazda oldu\u011funu vurgulayan Kermeo\u011flu, \u201cHaftada 100 kuzu keserken \u015fimdi 10 kuzu kesemez hale geldim. G\u00fcn\u00fcm\u00fcz\u00fc m\u00fc\u015fteri bekleyerek ge\u00e7iriyoruz. T\u00fckendik, kasap\u00e7\u0131l\u0131k bitme noktas\u0131na geldi, esnaf batma noktas\u0131nda.\u201d dedi.<\/p>\n<p>Kermeo\u011flu, pos cihaz\u0131 \u00f6demelerinde de y\u00fczde 5 komisyon kesildi\u011fini belirterek, \u201cBiz bankaya \u00e7al\u0131\u015f\u0131yoruz. Bu kesintilerin kald\u0131r\u0131lmas\u0131 ve hayvan kesim \u00fccretlerinde de destek sa\u011flanmas\u0131 gerekiyor\u201d ifadelerini kulland\u0131.<\/p>\n<p>Sorunlar\u0131n \u00e7\u00f6z\u00fcm\u00fc i\u00e7in devletin devreye girmesi gerekti\u011fini ifade eden Kermeo\u011flu, \u00fcretici, sat\u0131c\u0131 ve t\u00fcketicinin kar\u015f\u0131 kar\u015f\u0131ya gelmemesi gerekti\u011fini s\u00f6yledi.<\/p>\n<p>Bu kapsamda kasap esnaf\u0131 olarak bir araya geleceklerini de belirten Kermeo\u011flu, \u201cBu ak\u015fam Esnaf ve Zanaatk\u00e2rlar Odas\u0131\u2019nda toplant\u0131 yapaca\u011f\u0131z. T\u00fcm kasap arkada\u015flar\u0131m\u0131z\u0131 davet ettik, fikir al\u0131\u015fveri\u015finde bulunaca\u011f\u0131z.\u201d dedi.<\/p>\n","protected":false},"excerpt":{"rendered":"<p>Kurban Bayram\u0131 \u00f6ncesi KIBRIS\u2019a konu\u015fan kasaplar, canl\u0131 kuzu fiyat\u0131n\u0131n 480-500 TL band\u0131na dayanmas\u0131ndan \u015fikayet\u00e7i&#8230; \u201cY\u0131ll\u0131k kay\u0131p 250 milyon euro\u201d\u2026 Kasap Halil Akb\u0131\u00e7ak, canl\u0131 kuzu fiyat\u0131n\u0131n 4 ayda y\u00fczde 55 artarak 500 TL\u2019ye dayand\u0131\u011f\u0131n\u0131, kuzu etinin ise bin 300 TL seviyelerine \u00e7\u0131kt\u0131\u011f\u0131n\u0131 belirtti. G\u00fcney\u2019den et al\u0131\u015fveri\u015fine dikkat \u00e7eken Akb\u0131\u00e7ak, \u201cSadece etten y\u0131ll\u0131k kay\u0131p 250 milyon euronun [&hellip;]<\/p>\n","protected":false},"author":1,"featured_media":37453,"comment_status":"open","ping_status":"open","sticky":false,"template":"","format":"standard","meta":{"jnews-multi-image_gallery":[],"jnews_single_post":[],"jnews_primary_category":[],"jnews_social_meta":[],"jnews_override_counter":[],"footnotes":""},"categories":[1],"tags":[],"class_list":["post-37452","post","type-post","status-publish","format-standard","has-post-thumbnail","hentry","category-kibris"],"yoast_head":"<!-- This site is optimized with the Yoast SEO plugin v27.4 - https:\/\/yoast.com\/product\/yoast-seo-wordpress\/ -->\n<title>T\u00fckendik! - Kuzeyin Sesi<\/title>\n<meta name=\"robots\" content=\"index, follow, max-snippet:-1, max-image-preview:large, max-video-preview:-1\" \/>\n<link rel=\"canonical\" href=\"https:\/\/kuzeyinsesi.org\/index.php\/2026\/04\/28\/tukendik\/\" \/>\n<meta property=\"og:locale\" content=\"tr_TR\" \/>\n<meta property=\"og:type\" content=\"article\" \/>\n<meta property=\"og:title\" content=\"T\u00fckendik! - Kuzeyin Sesi\" \/>\n<meta property=\"og:description\" content=\"Kurban Bayram\u0131 \u00f6ncesi KIBRIS\u2019a konu\u015fan kasaplar, canl\u0131 kuzu fiyat\u0131n\u0131n 480-500 TL band\u0131na dayanmas\u0131ndan \u015fikayet\u00e7i&#8230; \u201cY\u0131ll\u0131k kay\u0131p 250 milyon euro\u201d\u2026 Kasap Halil Akb\u0131\u00e7ak, canl\u0131 kuzu fiyat\u0131n\u0131n 4 ayda y\u00fczde 55 artarak 500 TL\u2019ye dayand\u0131\u011f\u0131n\u0131, kuzu etinin ise bin 300 TL seviyelerine \u00e7\u0131kt\u0131\u011f\u0131n\u0131 belirtti. G\u00fcney\u2019den et al\u0131\u015fveri\u015fine dikkat \u00e7eken Akb\u0131\u00e7ak, \u201cSadece etten y\u0131ll\u0131k kay\u0131p 250 milyon euronun [&hellip;]\" \/>\n<meta property=\"og:url\" content=\"https:\/\/kuzeyinsesi.org\/index.php\/2026\/04\/28\/tukendik\/\" \/>\n<meta property=\"og:site_name\" content=\"Kuzeyin Sesi\" \/>\n<meta property=\"article:publisher\" content=\"https:\/\/www.facebook.com\/kuzeyinsesii\" \/>\n<meta property=\"article:published_time\" content=\"2026-04-28T05:43:35+00:00\" \/>\n<meta name=\"author\" content=\"Kuzeyin Sesi\" \/>\n<meta name=\"twitter:card\" content=\"summary_large_image\" \/>\n<meta name=\"twitter:creator\" content=\"@kuzeyinsesii\" \/>\n<meta name=\"twitter:site\" content=\"@kuzeyinsesii\" \/>\n<meta name=\"twitter:label1\" content=\"Yazan:\" \/>\n\t<meta name=\"twitter:data1\" content=\"Kuzeyin Sesi\" \/>\n\t<meta name=\"twitter:label2\" content=\"Tahmini okuma s\u00fcresi\" \/>\n\t<meta name=\"twitter:data2\" content=\"10 dakika\" \/>\n<script type=\"application\/ld+json\" class=\"yoast-schema-graph\">{\"@context\":\"https:\\\/\\\/schema.org\",\"@graph\":[{\"@type\":\"Article\",\"@id\":\"https:\\\/\\\/kuzeyinsesi.org\\\/index.php\\\/2026\\\/04\\\/28\\\/tukendik\\\/#article\",\"isPartOf\":{\"@id\":\"https:\\\/\\\/kuzeyinsesi.org\\\/index.php\\\/2026\\\/04\\\/28\\\/tukendik\\\/\"},\"author\":{\"name\":\"Kuzeyin Sesi\",\"@id\":\"https:\\\/\\\/kuzeyinsesi.org\\\/#\\\/schema\\\/person\\\/9f859689cdf01485597712386e37f5aa\"},\"headline\":\"T\u00fckendik!\",\"datePublished\":\"2026-04-28T05:43:35+00:00\",\"mainEntityOfPage\":{\"@id\":\"https:\\\/\\\/kuzeyinsesi.org\\\/index.php\\\/2026\\\/04\\\/28\\\/tukendik\\\/\"},\"wordCount\":1907,\"commentCount\":0,\"image\":{\"@id\":\"https:\\\/\\\/kuzeyinsesi.org\\\/index.php\\\/2026\\\/04\\\/28\\\/tukendik\\\/#primaryimage\"},\"thumbnailUrl\":\"https:\\\/\\\/kuzeyinsesi.org\\\/wp-content\\\/uploads\\\/2026\\\/04\\\/HALIL-AKBICAK-2.jpeg\",\"articleSection\":[\"K\u0131br\u0131s\"],\"inLanguage\":\"tr\",\"potentialAction\":[{\"@type\":\"CommentAction\",\"name\":\"Comment\",\"target\":[\"https:\\\/\\\/kuzeyinsesi.org\\\/index.php\\\/2026\\\/04\\\/28\\\/tukendik\\\/#respond\"]}]},{\"@type\":\"WebPage\",\"@id\":\"https:\\\/\\\/kuzeyinsesi.org\\\/index.php\\\/2026\\\/04\\\/28\\\/tukendik\\\/\",\"url\":\"https:\\\/\\\/kuzeyinsesi.org\\\/index.php\\\/2026\\\/04\\\/28\\\/tukendik\\\/\",\"name\":\"T\u00fckendik! - Kuzeyin Sesi\",\"isPartOf\":{\"@id\":\"https:\\\/\\\/kuzeyinsesi.org\\\/#website\"},\"primaryImageOfPage\":{\"@id\":\"https:\\\/\\\/kuzeyinsesi.org\\\/index.php\\\/2026\\\/04\\\/28\\\/tukendik\\\/#primaryimage\"},\"image\":{\"@id\":\"https:\\\/\\\/kuzeyinsesi.org\\\/index.php\\\/2026\\\/04\\\/28\\\/tukendik\\\/#primaryimage\"},\"thumbnailUrl\":\"https:\\\/\\\/kuzeyinsesi.org\\\/wp-content\\\/uploads\\\/2026\\\/04\\\/HALIL-AKBICAK-2.jpeg\",\"datePublished\":\"2026-04-28T05:43:35+00:00\",\"author\":{\"@id\":\"https:\\\/\\\/kuzeyinsesi.org\\\/#\\\/schema\\\/person\\\/9f859689cdf01485597712386e37f5aa\"},\"breadcrumb\":{\"@id\":\"https:\\\/\\\/kuzeyinsesi.org\\\/index.php\\\/2026\\\/04\\\/28\\\/tukendik\\\/#breadcrumb\"},\"inLanguage\":\"tr\",\"potentialAction\":[{\"@type\":\"ReadAction\",\"target\":[\"https:\\\/\\\/kuzeyinsesi.org\\\/index.php\\\/2026\\\/04\\\/28\\\/tukendik\\\/\"]}]},{\"@type\":\"ImageObject\",\"inLanguage\":\"tr\",\"@id\":\"https:\\\/\\\/kuzeyinsesi.org\\\/index.php\\\/2026\\\/04\\\/28\\\/tukendik\\\/#primaryimage\",\"url\":\"https:\\\/\\\/kuzeyinsesi.org\\\/wp-content\\\/uploads\\\/2026\\\/04\\\/HALIL-AKBICAK-2.jpeg\",\"contentUrl\":\"https:\\\/\\\/kuzeyinsesi.org\\\/wp-content\\\/uploads\\\/2026\\\/04\\\/HALIL-AKBICAK-2.jpeg\",\"width\":1600,\"height\":1200},{\"@type\":\"BreadcrumbList\",\"@id\":\"https:\\\/\\\/kuzeyinsesi.org\\\/index.php\\\/2026\\\/04\\\/28\\\/tukendik\\\/#breadcrumb\",\"itemListElement\":[{\"@type\":\"ListItem\",\"position\":1,\"name\":\"Anasayfa\",\"item\":\"https:\\\/\\\/kuzeyinsesi.org\\\/\"},{\"@type\":\"ListItem\",\"position\":2,\"name\":\"T\u00fckendik!\"}]},{\"@type\":\"WebSite\",\"@id\":\"https:\\\/\\\/kuzeyinsesi.org\\\/#website\",\"url\":\"https:\\\/\\\/kuzeyinsesi.org\\\/\",\"name\":\"Kuzeyin Sesi\",\"description\":\"Do\u011fru Haberin Adresi\",\"potentialAction\":[{\"@type\":\"SearchAction\",\"target\":{\"@type\":\"EntryPoint\",\"urlTemplate\":\"https:\\\/\\\/kuzeyinsesi.org\\\/?s={search_term_string}\"},\"query-input\":{\"@type\":\"PropertyValueSpecification\",\"valueRequired\":true,\"valueName\":\"search_term_string\"}}],\"inLanguage\":\"tr\"},{\"@type\":\"Person\",\"@id\":\"https:\\\/\\\/kuzeyinsesi.org\\\/#\\\/schema\\\/person\\\/9f859689cdf01485597712386e37f5aa\",\"name\":\"Kuzeyin Sesi\",\"image\":{\"@type\":\"ImageObject\",\"inLanguage\":\"tr\",\"@id\":\"https:\\\/\\\/secure.gravatar.com\\\/avatar\\\/bab33852abfd8b282518d6ed81826833d77c3c882d9ab608add591ccace47a44?s=96&d=mm&r=g\",\"url\":\"https:\\\/\\\/secure.gravatar.com\\\/avatar\\\/bab33852abfd8b282518d6ed81826833d77c3c882d9ab608add591ccace47a44?s=96&d=mm&r=g\",\"contentUrl\":\"https:\\\/\\\/secure.gravatar.com\\\/avatar\\\/bab33852abfd8b282518d6ed81826833d77c3c882d9ab608add591ccace47a44?s=96&d=mm&r=g\",\"caption\":\"Kuzeyin Sesi\"},\"sameAs\":[\"https:\\\/\\\/kuzeyinsesi.org\"],\"url\":\"https:\\\/\\\/kuzeyinsesi.org\\\/index.php\\\/author\\\/guven\\\/\"}]}<\/script>\n<!-- \/ Yoast SEO plugin. -->","yoast_head_json":{"title":"T\u00fckendik! - Kuzeyin Sesi","robots":{"index":"index","follow":"follow","max-snippet":"max-snippet:-1","max-image-preview":"max-image-preview:large","max-video-preview":"max-video-preview:-1"},"canonical":"https:\/\/kuzeyinsesi.org\/index.php\/2026\/04\/28\/tukendik\/","og_locale":"tr_TR","og_type":"article","og_title":"T\u00fckendik! - Kuzeyin Sesi","og_description":"Kurban Bayram\u0131 \u00f6ncesi KIBRIS\u2019a konu\u015fan kasaplar, canl\u0131 kuzu fiyat\u0131n\u0131n 480-500 TL band\u0131na dayanmas\u0131ndan \u015fikayet\u00e7i&#8230; \u201cY\u0131ll\u0131k kay\u0131p 250 milyon euro\u201d\u2026 Kasap Halil Akb\u0131\u00e7ak, canl\u0131 kuzu fiyat\u0131n\u0131n 4 ayda y\u00fczde 55 artarak 500 TL\u2019ye dayand\u0131\u011f\u0131n\u0131, kuzu etinin ise bin 300 TL seviyelerine \u00e7\u0131kt\u0131\u011f\u0131n\u0131 belirtti. G\u00fcney\u2019den et al\u0131\u015fveri\u015fine dikkat \u00e7eken Akb\u0131\u00e7ak, \u201cSadece etten y\u0131ll\u0131k kay\u0131p 250 milyon euronun [&hellip;]","og_url":"https:\/\/kuzeyinsesi.org\/index.php\/2026\/04\/28\/tukendik\/","og_site_name":"Kuzeyin Sesi","article_publisher":"https:\/\/www.facebook.com\/kuzeyinsesii","article_published_time":"2026-04-28T05:43:35+00:00","author":"Kuzeyin Sesi","twitter_card":"summary_large_image","twitter_creator":"@kuzeyinsesii","twitter_site":"@kuzeyinsesii","twitter_misc":{"Yazan:":"Kuzeyin Sesi","Tahmini okuma s\u00fcresi":"10 dakika"},"schema":{"@context":"https:\/\/schema.org","@graph":[{"@type":"Article","@id":"https:\/\/kuzeyinsesi.org\/index.php\/2026\/04\/28\/tukendik\/#article","isPartOf":{"@id":"https:\/\/kuzeyinsesi.org\/index.php\/2026\/04\/28\/tukendik\/"},"author":{"name":"Kuzeyin Sesi","@id":"https:\/\/kuzeyinsesi.org\/#\/schema\/person\/9f859689cdf01485597712386e37f5aa"},"headline":"T\u00fckendik!","datePublished":"2026-04-28T05:43:35+00:00","mainEntityOfPage":{"@id":"https:\/\/kuzeyinsesi.org\/index.php\/2026\/04\/28\/tukendik\/"},"wordCount":1907,"commentCount":0,"image":{"@id":"https:\/\/kuzeyinsesi.org\/index.php\/2026\/04\/28\/tukendik\/#primaryimage"},"thumbnailUrl":"https:\/\/kuzeyinsesi.org\/wp-content\/uploads\/2026\/04\/HALIL-AKBICAK-2.jpeg","articleSection":["K\u0131br\u0131s"],"inLanguage":"tr","potentialAction":[{"@type":"CommentAction","name":"Comment","target":["https:\/\/kuzeyinsesi.org\/index.php\/2026\/04\/28\/tukendik\/#respond"]}]},{"@type":"WebPage","@id":"https:\/\/kuzeyinsesi.org\/index.php\/2026\/04\/28\/tukendik\/","url":"https:\/\/kuzeyinsesi.org\/index.php\/2026\/04\/28\/tukendik\/","name":"T\u00fckendik! - Kuzeyin Sesi","isPartOf":{"@id":"https:\/\/kuzeyinsesi.org\/#website"},"primaryImageOfPage":{"@id":"https:\/\/kuzeyinsesi.org\/index.php\/2026\/04\/28\/tukendik\/#primaryimage"},"image":{"@id":"https:\/\/kuzeyinsesi.org\/index.php\/2026\/04\/28\/tukendik\/#primaryimage"},"thumbnailUrl":"https:\/\/kuzeyinsesi.org\/wp-content\/uploads\/2026\/04\/HALIL-AKBICAK-2.jpeg","datePublished":"2026-04-28T05:43:35+00:00","author":{"@id":"https:\/\/kuzeyinsesi.org\/#\/schema\/person\/9f859689cdf01485597712386e37f5aa"},"breadcrumb":{"@id":"https:\/\/kuzeyinsesi.org\/index.php\/2026\/04\/28\/tukendik\/#breadcrumb"},"inLanguage":"tr","potentialAction":[{"@type":"ReadAction","target":["https:\/\/kuzeyinsesi.org\/index.php\/2026\/04\/28\/tukendik\/"]}]},{"@type":"ImageObject","inLanguage":"tr","@id":"https:\/\/kuzeyinsesi.org\/index.php\/2026\/04\/28\/tukendik\/#primaryimage","url":"https:\/\/kuzeyinsesi.org\/wp-content\/uploads\/2026\/04\/HALIL-AKBICAK-2.jpeg","contentUrl":"https:\/\/kuzeyinsesi.org\/wp-content\/uploads\/2026\/04\/HALIL-AKBICAK-2.jpeg","width":1600,"height":1200},{"@type":"BreadcrumbList","@id":"https:\/\/kuzeyinsesi.org\/index.php\/2026\/04\/28\/tukendik\/#breadcrumb","itemListElement":[{"@type":"ListItem","position":1,"name":"Anasayfa","item":"https:\/\/kuzeyinsesi.org\/"},{"@type":"ListItem","position":2,"name":"T\u00fckendik!"}]},{"@type":"WebSite","@id":"https:\/\/kuzeyinsesi.org\/#website","url":"https:\/\/kuzeyinsesi.org\/","name":"Kuzeyin Sesi","description":"Do\u011fru Haberin Adresi","potentialAction":[{"@type":"SearchAction","target":{"@type":"EntryPoint","urlTemplate":"https:\/\/kuzeyinsesi.org\/?s={search_term_string}"},"query-input":{"@type":"PropertyValueSpecification","valueRequired":true,"valueName":"search_term_string"}}],"inLanguage":"tr"},{"@type":"Person","@id":"https:\/\/kuzeyinsesi.org\/#\/schema\/person\/9f859689cdf01485597712386e37f5aa","name":"Kuzeyin Sesi","image":{"@type":"ImageObject","inLanguage":"tr","@id":"https:\/\/secure.gravatar.com\/avatar\/bab33852abfd8b282518d6ed81826833d77c3c882d9ab608add591ccace47a44?s=96&d=mm&r=g","url":"https:\/\/secure.gravatar.com\/avatar\/bab33852abfd8b282518d6ed81826833d77c3c882d9ab608add591ccace47a44?s=96&d=mm&r=g","contentUrl":"https:\/\/secure.gravatar.com\/avatar\/bab33852abfd8b282518d6ed81826833d77c3c882d9ab608add591ccace47a44?s=96&d=mm&r=g","caption":"Kuzeyin Sesi"},"sameAs":["https:\/\/kuzeyinsesi.org"],"url":"https:\/\/kuzeyinsesi.org\/index.php\/author\/guven\/"}]}},"_links":{"self":[{"href":"https:\/\/kuzeyinsesi.org\/index.php\/wp-json\/wp\/v2\/posts\/37452","targetHints":{"allow":["GET"]}}],"collection":[{"href":"https:\/\/kuzeyinsesi.org\/index.php\/wp-json\/wp\/v2\/posts"}],"about":[{"href":"https:\/\/kuzeyinsesi.org\/index.php\/wp-json\/wp\/v2\/types\/post"}],"author":[{"embeddable":true,"href":"https:\/\/kuzeyinsesi.org\/index.php\/wp-json\/wp\/v2\/users\/1"}],"replies":[{"embeddable":true,"href":"https:\/\/kuzeyinsesi.org\/index.php\/wp-json\/wp\/v2\/comments?post=37452"}],"version-history":[{"count":0,"href":"https:\/\/kuzeyinsesi.org\/index.php\/wp-json\/wp\/v2\/posts\/37452\/revisions"}],"wp:featuredmedia":[{"embeddable":true,"href":"https:\/\/kuzeyinsesi.org\/index.php\/wp-json\/wp\/v2\/media\/37453"}],"wp:attachment":[{"href":"https:\/\/kuzeyinsesi.org\/index.php\/wp-json\/wp\/v2\/media?parent=37452"}],"wp:term":[{"taxonomy":"category","embeddable":true,"href":"https:\/\/kuzeyinsesi.org\/index.php\/wp-json\/wp\/v2\/categories?post=37452"},{"taxonomy":"post_tag","embeddable":true,"href":"https:\/\/kuzeyinsesi.org\/index.php\/wp-json\/wp\/v2\/tags?post=37452"}],"curies":[{"name":"wp","href":"https:\/\/api.w.org\/{rel}","templated":true}]}}