{"id":37444,"date":"2026-04-28T08:18:29","date_gmt":"2026-04-28T05:18:29","guid":{"rendered":"https:\/\/kuzeyinsesi.org\/index.php\/2026\/04\/28\/trump-iranin-nukleer-erteleme-onerisinden-memnun-degil\/"},"modified":"2026-04-28T08:18:29","modified_gmt":"2026-04-28T05:18:29","slug":"trump-iranin-nukleer-erteleme-onerisinden-memnun-degil","status":"publish","type":"post","link":"https:\/\/kuzeyinsesi.org\/index.php\/2026\/04\/28\/trump-iranin-nukleer-erteleme-onerisinden-memnun-degil\/","title":{"rendered":"Trump, \u0130ran&#039;\u0131n n\u00fckleer erteleme \u00f6nerisinden memnun de\u011fil"},"content":{"rendered":"<p><\/p>\n<div>\n<p>&#13;<br \/>\n\tReuters, <a href=\"https:\/\/www.trthaber.com\/etiket\/new-york-times\/\" target=\"_blank\">New York Times<\/a> ve CNN gibi \u00f6nde gelen <a href=\"https:\/\/www.trthaber.com\/etiket\/medya\/\" target=\"_blank\">medya<\/a> kurulu\u015flar\u0131n\u0131n <a href=\"https:\/\/www.trthaber.com\/etiket\/beyaz-saray\/\" target=\"_blank\">Beyaz Saray<\/a> kaynaklar\u0131na dayand\u0131rd\u0131\u011f\u0131 haberlere g\u00f6re, Trump n\u00fckleer meselenin herhangi bir anla\u015fman\u0131n temel \u015fart\u0131 olmas\u0131 gerekti\u011fi konusunda \u0131srar\u0131n\u0131 s\u00fcrd\u00fcr\u00fcyor.<\/p>\n<h2>&#13;<br \/>\n\tTrump&#8217;\u0131n temel itiraz\u0131: N\u00fckleer mesele \u00f6ncelikli olmal\u0131<\/h2>\n<p>&#13;<br \/>\n\tTrump&#8217;\u0131n dan\u0131\u015fmanlar\u0131yla yapt\u0131\u011f\u0131 g\u00f6r\u00fc\u015fmeler hakk\u0131nda bilgi sahibi yetkililer, ba\u015fkan\u0131n n\u00fckleer konuyu &#8220;erteleme&#8221; fikrine s\u0131cak bakmad\u0131\u011f\u0131n\u0131 belirtti.<\/p>\n<p>&#13;<br \/>\n\tTrump&#8217;\u0131n, n\u00fckleer meselenin masadaki di\u011fer t\u00fcm ba\u015fl\u0131klardan \u00f6nce ele al\u0131nmas\u0131n\u0131 ve \u0130ran&#8217;\u0131n <a href=\"https:\/\/www.trthaber.com\/etiket\/nukleer-silah\/\" target=\"_blank\">n\u00fckleer silah<\/a> kapasitesinin tamamen ortadan kald\u0131r\u0131lmas\u0131n\u0131 hedefledi\u011fi vurgulan\u0131yor.<\/p>\n<h2>&#13;<br \/>\n\tDiplomatik kozlar\u0131n kaybedilmesi endi\u015fesi<\/h2>\n<p>&#13;<br \/>\n\tCNN&#8217;de yer alan analizlere g\u00f6re, <a href=\"https:\/\/www.trthaber.com\/etiket\/abd\/\" target=\"_blank\">ABD<\/a> y\u00f6netimi Tahran&#8217;\u0131n n\u00fckleer program\u0131na dair kesin garantiler almadan limanlardaki ablukay\u0131 kald\u0131rmay\u0131 stratejik bir hata olarak g\u00f6r\u00fcyor.<\/p>\n<p>&#13;<br \/>\n\tAblukan\u0131n kald\u0131r\u0131lmas\u0131n\u0131n, ABD&#8217;nin elindeki en g\u00fc\u00e7l\u00fc m\u00fczakere kozunu ortadan kald\u0131raca\u011f\u0131 ve \u0130ran&#8217;a zaman kazand\u0131raca\u011f\u0131 de\u011ferlendiriliyor.<\/p>\n<h2>&#13;<br \/>\n\tWashington&#8217;daki &#8220;Koz&#8221; dengesi<\/h2>\n<p>&#13;<br \/>\n\tTrump, n\u00fckleer program\u0131 i\u00e7ermeyen bir plan\u0131n &#8220;yetersiz&#8221; oldu\u011funu savunuyor.<\/p>\n<p>&#13;<br \/>\n\tABD&#8217;li yetkililer, ablukan\u0131n ancak n\u00fckleer programda somut ve geri d\u00f6n\u00fclemez ad\u0131mlar at\u0131lmas\u0131 durumunda esnetilebilece\u011fini belirtiyor.<\/p>\n<p>&#13;<br \/>\n\tTrump&#8217;\u0131n ulusal g\u00fcvenlik ekibinin, n\u00fckleer m\u00fczakerelerin belirsiz bir gelece\u011fe ertelenmesinin b\u00f6lgesel riskleri art\u0131raca\u011f\u0131 konusunda ba\u015fkan\u0131 uyard\u0131\u011f\u0131 ifade ediliyor.<\/p>\n<p>&#13;<br \/>\n\t\u0130ran&#8217;\u0131n bu hamlesi, \u00f6zellikle <a href=\"https:\/\/www.trthaber.com\/etiket\/petrol\/\" target=\"_blank\">petrol<\/a> depolama kapasitesinin dolma noktas\u0131na gelmesi ve ekonomik bask\u0131n\u0131n artmas\u0131yla ili\u015fkilendirilirken; Trump&#8217;\u0131n &#8220;ko\u015fulsuz teslimiyet&#8221; veya &#8220;tam n\u00fckleer kontrol&#8221; \u00e7izgisi, diplomatik \u00e7\u00f6z\u00fcm aray\u0131\u015flar\u0131n\u0131 zorla\u015ft\u0131rmaya devam ediyor.<\/p>\n<\/p><\/div>\n","protected":false},"excerpt":{"rendered":"<p>&#13; Reuters, New York Times ve CNN gibi \u00f6nde gelen medya kurulu\u015flar\u0131n\u0131n Beyaz Saray kaynaklar\u0131na dayand\u0131rd\u0131\u011f\u0131 haberlere g\u00f6re, Trump n\u00fckleer meselenin herhangi bir anla\u015fman\u0131n temel \u015fart\u0131 olmas\u0131 gerekti\u011fi konusunda \u0131srar\u0131n\u0131 s\u00fcrd\u00fcr\u00fcyor. &#13; Trump&#8217;\u0131n temel itiraz\u0131: N\u00fckleer mesele \u00f6ncelikli olmal\u0131 &#13; Trump&#8217;\u0131n dan\u0131\u015fmanlar\u0131yla yapt\u0131\u011f\u0131 g\u00f6r\u00fc\u015fmeler hakk\u0131nda bilgi sahibi yetkililer, ba\u015fkan\u0131n n\u00fckleer konuyu &#8220;erteleme&#8221; fikrine s\u0131cak bakmad\u0131\u011f\u0131n\u0131 [&hellip;]<\/p>\n","protected":false},"author":1,"featured_media":37445,"comment_status":"open","ping_status":"open","sticky":false,"template":"","format":"standard","meta":{"jnews-multi-image_gallery":[],"jnews_single_post":[],"jnews_primary_category":[],"jnews_social_meta":[],"jnews_override_counter":[],"footnotes":""},"categories":[2],"tags":[],"class_list":["post-37444","post","type-post","status-publish","format-standard","has-post-thumbnail","hentry","category-dunya"],"yoast_head":"<!-- This site is optimized with the Yoast SEO plugin v27.4 - https:\/\/yoast.com\/product\/yoast-seo-wordpress\/ -->\n<title>Trump, \u0130ran&#039;\u0131n n\u00fckleer erteleme \u00f6nerisinden memnun de\u011fil - Kuzeyin Sesi<\/title>\n<meta name=\"robots\" content=\"index, follow, max-snippet:-1, max-image-preview:large, max-video-preview:-1\" \/>\n<link rel=\"canonical\" href=\"https:\/\/kuzeyinsesi.org\/index.php\/2026\/04\/28\/trump-iranin-nukleer-erteleme-onerisinden-memnun-degil\/\" \/>\n<meta property=\"og:locale\" content=\"tr_TR\" \/>\n<meta property=\"og:type\" content=\"article\" \/>\n<meta property=\"og:title\" content=\"Trump, \u0130ran&#039;\u0131n n\u00fckleer erteleme \u00f6nerisinden memnun de\u011fil - Kuzeyin Sesi\" \/>\n<meta property=\"og:description\" content=\"&#013; Reuters, New York Times ve CNN gibi \u00f6nde gelen medya kurulu\u015flar\u0131n\u0131n Beyaz Saray kaynaklar\u0131na dayand\u0131rd\u0131\u011f\u0131 haberlere g\u00f6re, Trump n\u00fckleer meselenin herhangi bir anla\u015fman\u0131n temel \u015fart\u0131 olmas\u0131 gerekti\u011fi konusunda \u0131srar\u0131n\u0131 s\u00fcrd\u00fcr\u00fcyor. &#013; Trump&#8217;\u0131n temel itiraz\u0131: N\u00fckleer mesele \u00f6ncelikli olmal\u0131 &#013; Trump&#8217;\u0131n dan\u0131\u015fmanlar\u0131yla yapt\u0131\u011f\u0131 g\u00f6r\u00fc\u015fmeler hakk\u0131nda bilgi sahibi yetkililer, ba\u015fkan\u0131n n\u00fckleer konuyu &#8220;erteleme&#8221; fikrine s\u0131cak bakmad\u0131\u011f\u0131n\u0131 [&hellip;]\" \/>\n<meta property=\"og:url\" content=\"https:\/\/kuzeyinsesi.org\/index.php\/2026\/04\/28\/trump-iranin-nukleer-erteleme-onerisinden-memnun-degil\/\" \/>\n<meta property=\"og:site_name\" content=\"Kuzeyin Sesi\" \/>\n<meta property=\"article:publisher\" content=\"https:\/\/www.facebook.com\/kuzeyinsesii\" \/>\n<meta property=\"article:published_time\" content=\"2026-04-28T05:18:29+00:00\" \/>\n<meta property=\"og:image\" content=\"https:\/\/trthaberstatic.cdn.wp.trt.com.tr\/resimler\/2448000\/trump-reu-2448118.jpg\" \/>\n<meta name=\"author\" content=\"Kuzeyin Sesi\" \/>\n<meta name=\"twitter:card\" content=\"summary_large_image\" \/>\n<meta name=\"twitter:creator\" content=\"@kuzeyinsesii\" \/>\n<meta name=\"twitter:site\" content=\"@kuzeyinsesii\" \/>\n<meta name=\"twitter:label1\" content=\"Yazan:\" \/>\n\t<meta name=\"twitter:data1\" content=\"Kuzeyin Sesi\" \/>\n\t<meta name=\"twitter:label2\" content=\"Tahmini okuma s\u00fcresi\" \/>\n\t<meta name=\"twitter:data2\" content=\"1 dakika\" \/>\n<script type=\"application\/ld+json\" class=\"yoast-schema-graph\">{\"@context\":\"https:\\\/\\\/schema.org\",\"@graph\":[{\"@type\":\"Article\",\"@id\":\"https:\\\/\\\/kuzeyinsesi.org\\\/index.php\\\/2026\\\/04\\\/28\\\/trump-iranin-nukleer-erteleme-onerisinden-memnun-degil\\\/#article\",\"isPartOf\":{\"@id\":\"https:\\\/\\\/kuzeyinsesi.org\\\/index.php\\\/2026\\\/04\\\/28\\\/trump-iranin-nukleer-erteleme-onerisinden-memnun-degil\\\/\"},\"author\":{\"name\":\"Kuzeyin Sesi\",\"@id\":\"https:\\\/\\\/kuzeyinsesi.org\\\/#\\\/schema\\\/person\\\/9f859689cdf01485597712386e37f5aa\"},\"headline\":\"Trump, \u0130ran&#039;\u0131n n\u00fckleer erteleme \u00f6nerisinden memnun de\u011fil\",\"datePublished\":\"2026-04-28T05:18:29+00:00\",\"mainEntityOfPage\":{\"@id\":\"https:\\\/\\\/kuzeyinsesi.org\\\/index.php\\\/2026\\\/04\\\/28\\\/trump-iranin-nukleer-erteleme-onerisinden-memnun-degil\\\/\"},\"wordCount\":298,\"commentCount\":0,\"image\":{\"@id\":\"https:\\\/\\\/kuzeyinsesi.org\\\/index.php\\\/2026\\\/04\\\/28\\\/trump-iranin-nukleer-erteleme-onerisinden-memnun-degil\\\/#primaryimage\"},\"thumbnailUrl\":\"https:\\\/\\\/kuzeyinsesi.org\\\/wp-content\\\/uploads\\\/2026\\\/04\\\/trump-reu-2448118.jpg\",\"articleSection\":[\"D\u00fcnya\"],\"inLanguage\":\"tr\",\"potentialAction\":[{\"@type\":\"CommentAction\",\"name\":\"Comment\",\"target\":[\"https:\\\/\\\/kuzeyinsesi.org\\\/index.php\\\/2026\\\/04\\\/28\\\/trump-iranin-nukleer-erteleme-onerisinden-memnun-degil\\\/#respond\"]}]},{\"@type\":\"WebPage\",\"@id\":\"https:\\\/\\\/kuzeyinsesi.org\\\/index.php\\\/2026\\\/04\\\/28\\\/trump-iranin-nukleer-erteleme-onerisinden-memnun-degil\\\/\",\"url\":\"https:\\\/\\\/kuzeyinsesi.org\\\/index.php\\\/2026\\\/04\\\/28\\\/trump-iranin-nukleer-erteleme-onerisinden-memnun-degil\\\/\",\"name\":\"Trump, \u0130ran&#039;\u0131n n\u00fckleer erteleme \u00f6nerisinden memnun de\u011fil - Kuzeyin Sesi\",\"isPartOf\":{\"@id\":\"https:\\\/\\\/kuzeyinsesi.org\\\/#website\"},\"primaryImageOfPage\":{\"@id\":\"https:\\\/\\\/kuzeyinsesi.org\\\/index.php\\\/2026\\\/04\\\/28\\\/trump-iranin-nukleer-erteleme-onerisinden-memnun-degil\\\/#primaryimage\"},\"image\":{\"@id\":\"https:\\\/\\\/kuzeyinsesi.org\\\/index.php\\\/2026\\\/04\\\/28\\\/trump-iranin-nukleer-erteleme-onerisinden-memnun-degil\\\/#primaryimage\"},\"thumbnailUrl\":\"https:\\\/\\\/kuzeyinsesi.org\\\/wp-content\\\/uploads\\\/2026\\\/04\\\/trump-reu-2448118.jpg\",\"datePublished\":\"2026-04-28T05:18:29+00:00\",\"author\":{\"@id\":\"https:\\\/\\\/kuzeyinsesi.org\\\/#\\\/schema\\\/person\\\/9f859689cdf01485597712386e37f5aa\"},\"breadcrumb\":{\"@id\":\"https:\\\/\\\/kuzeyinsesi.org\\\/index.php\\\/2026\\\/04\\\/28\\\/trump-iranin-nukleer-erteleme-onerisinden-memnun-degil\\\/#breadcrumb\"},\"inLanguage\":\"tr\",\"potentialAction\":[{\"@type\":\"ReadAction\",\"target\":[\"https:\\\/\\\/kuzeyinsesi.org\\\/index.php\\\/2026\\\/04\\\/28\\\/trump-iranin-nukleer-erteleme-onerisinden-memnun-degil\\\/\"]}]},{\"@type\":\"ImageObject\",\"inLanguage\":\"tr\",\"@id\":\"https:\\\/\\\/kuzeyinsesi.org\\\/index.php\\\/2026\\\/04\\\/28\\\/trump-iranin-nukleer-erteleme-onerisinden-memnun-degil\\\/#primaryimage\",\"url\":\"https:\\\/\\\/kuzeyinsesi.org\\\/wp-content\\\/uploads\\\/2026\\\/04\\\/trump-reu-2448118.jpg\",\"contentUrl\":\"https:\\\/\\\/kuzeyinsesi.org\\\/wp-content\\\/uploads\\\/2026\\\/04\\\/trump-reu-2448118.jpg\",\"width\":1280,\"height\":720},{\"@type\":\"BreadcrumbList\",\"@id\":\"https:\\\/\\\/kuzeyinsesi.org\\\/index.php\\\/2026\\\/04\\\/28\\\/trump-iranin-nukleer-erteleme-onerisinden-memnun-degil\\\/#breadcrumb\",\"itemListElement\":[{\"@type\":\"ListItem\",\"position\":1,\"name\":\"Anasayfa\",\"item\":\"https:\\\/\\\/kuzeyinsesi.org\\\/\"},{\"@type\":\"ListItem\",\"position\":2,\"name\":\"Trump, \u0130ran&#039;\u0131n n\u00fckleer erteleme \u00f6nerisinden memnun de\u011fil\"}]},{\"@type\":\"WebSite\",\"@id\":\"https:\\\/\\\/kuzeyinsesi.org\\\/#website\",\"url\":\"https:\\\/\\\/kuzeyinsesi.org\\\/\",\"name\":\"Kuzeyin Sesi\",\"description\":\"Do\u011fru Haberin Adresi\",\"potentialAction\":[{\"@type\":\"SearchAction\",\"target\":{\"@type\":\"EntryPoint\",\"urlTemplate\":\"https:\\\/\\\/kuzeyinsesi.org\\\/?s={search_term_string}\"},\"query-input\":{\"@type\":\"PropertyValueSpecification\",\"valueRequired\":true,\"valueName\":\"search_term_string\"}}],\"inLanguage\":\"tr\"},{\"@type\":\"Person\",\"@id\":\"https:\\\/\\\/kuzeyinsesi.org\\\/#\\\/schema\\\/person\\\/9f859689cdf01485597712386e37f5aa\",\"name\":\"Kuzeyin Sesi\",\"image\":{\"@type\":\"ImageObject\",\"inLanguage\":\"tr\",\"@id\":\"https:\\\/\\\/secure.gravatar.com\\\/avatar\\\/bab33852abfd8b282518d6ed81826833d77c3c882d9ab608add591ccace47a44?s=96&d=mm&r=g\",\"url\":\"https:\\\/\\\/secure.gravatar.com\\\/avatar\\\/bab33852abfd8b282518d6ed81826833d77c3c882d9ab608add591ccace47a44?s=96&d=mm&r=g\",\"contentUrl\":\"https:\\\/\\\/secure.gravatar.com\\\/avatar\\\/bab33852abfd8b282518d6ed81826833d77c3c882d9ab608add591ccace47a44?s=96&d=mm&r=g\",\"caption\":\"Kuzeyin Sesi\"},\"sameAs\":[\"https:\\\/\\\/kuzeyinsesi.org\"],\"url\":\"https:\\\/\\\/kuzeyinsesi.org\\\/index.php\\\/author\\\/guven\\\/\"}]}<\/script>\n<!-- \/ Yoast SEO plugin. -->","yoast_head_json":{"title":"Trump, \u0130ran&#039;\u0131n n\u00fckleer erteleme \u00f6nerisinden memnun de\u011fil - Kuzeyin Sesi","robots":{"index":"index","follow":"follow","max-snippet":"max-snippet:-1","max-image-preview":"max-image-preview:large","max-video-preview":"max-video-preview:-1"},"canonical":"https:\/\/kuzeyinsesi.org\/index.php\/2026\/04\/28\/trump-iranin-nukleer-erteleme-onerisinden-memnun-degil\/","og_locale":"tr_TR","og_type":"article","og_title":"Trump, \u0130ran&#039;\u0131n n\u00fckleer erteleme \u00f6nerisinden memnun de\u011fil - Kuzeyin Sesi","og_description":"&#13; Reuters, New York Times ve CNN gibi \u00f6nde gelen medya kurulu\u015flar\u0131n\u0131n Beyaz Saray kaynaklar\u0131na dayand\u0131rd\u0131\u011f\u0131 haberlere g\u00f6re, Trump n\u00fckleer meselenin herhangi bir anla\u015fman\u0131n temel \u015fart\u0131 olmas\u0131 gerekti\u011fi konusunda \u0131srar\u0131n\u0131 s\u00fcrd\u00fcr\u00fcyor. &#13; Trump&#8217;\u0131n temel itiraz\u0131: N\u00fckleer mesele \u00f6ncelikli olmal\u0131 &#13; Trump&#8217;\u0131n dan\u0131\u015fmanlar\u0131yla yapt\u0131\u011f\u0131 g\u00f6r\u00fc\u015fmeler hakk\u0131nda bilgi sahibi yetkililer, ba\u015fkan\u0131n n\u00fckleer konuyu &#8220;erteleme&#8221; fikrine s\u0131cak bakmad\u0131\u011f\u0131n\u0131 [&hellip;]","og_url":"https:\/\/kuzeyinsesi.org\/index.php\/2026\/04\/28\/trump-iranin-nukleer-erteleme-onerisinden-memnun-degil\/","og_site_name":"Kuzeyin Sesi","article_publisher":"https:\/\/www.facebook.com\/kuzeyinsesii","article_published_time":"2026-04-28T05:18:29+00:00","og_image":[{"url":"https:\/\/trthaberstatic.cdn.wp.trt.com.tr\/resimler\/2448000\/trump-reu-2448118.jpg","type":"","width":"","height":""}],"author":"Kuzeyin Sesi","twitter_card":"summary_large_image","twitter_creator":"@kuzeyinsesii","twitter_site":"@kuzeyinsesii","twitter_misc":{"Yazan:":"Kuzeyin Sesi","Tahmini okuma s\u00fcresi":"1 dakika"},"schema":{"@context":"https:\/\/schema.org","@graph":[{"@type":"Article","@id":"https:\/\/kuzeyinsesi.org\/index.php\/2026\/04\/28\/trump-iranin-nukleer-erteleme-onerisinden-memnun-degil\/#article","isPartOf":{"@id":"https:\/\/kuzeyinsesi.org\/index.php\/2026\/04\/28\/trump-iranin-nukleer-erteleme-onerisinden-memnun-degil\/"},"author":{"name":"Kuzeyin Sesi","@id":"https:\/\/kuzeyinsesi.org\/#\/schema\/person\/9f859689cdf01485597712386e37f5aa"},"headline":"Trump, \u0130ran&#039;\u0131n n\u00fckleer erteleme \u00f6nerisinden memnun de\u011fil","datePublished":"2026-04-28T05:18:29+00:00","mainEntityOfPage":{"@id":"https:\/\/kuzeyinsesi.org\/index.php\/2026\/04\/28\/trump-iranin-nukleer-erteleme-onerisinden-memnun-degil\/"},"wordCount":298,"commentCount":0,"image":{"@id":"https:\/\/kuzeyinsesi.org\/index.php\/2026\/04\/28\/trump-iranin-nukleer-erteleme-onerisinden-memnun-degil\/#primaryimage"},"thumbnailUrl":"https:\/\/kuzeyinsesi.org\/wp-content\/uploads\/2026\/04\/trump-reu-2448118.jpg","articleSection":["D\u00fcnya"],"inLanguage":"tr","potentialAction":[{"@type":"CommentAction","name":"Comment","target":["https:\/\/kuzeyinsesi.org\/index.php\/2026\/04\/28\/trump-iranin-nukleer-erteleme-onerisinden-memnun-degil\/#respond"]}]},{"@type":"WebPage","@id":"https:\/\/kuzeyinsesi.org\/index.php\/2026\/04\/28\/trump-iranin-nukleer-erteleme-onerisinden-memnun-degil\/","url":"https:\/\/kuzeyinsesi.org\/index.php\/2026\/04\/28\/trump-iranin-nukleer-erteleme-onerisinden-memnun-degil\/","name":"Trump, \u0130ran&#039;\u0131n n\u00fckleer erteleme \u00f6nerisinden memnun de\u011fil - Kuzeyin Sesi","isPartOf":{"@id":"https:\/\/kuzeyinsesi.org\/#website"},"primaryImageOfPage":{"@id":"https:\/\/kuzeyinsesi.org\/index.php\/2026\/04\/28\/trump-iranin-nukleer-erteleme-onerisinden-memnun-degil\/#primaryimage"},"image":{"@id":"https:\/\/kuzeyinsesi.org\/index.php\/2026\/04\/28\/trump-iranin-nukleer-erteleme-onerisinden-memnun-degil\/#primaryimage"},"thumbnailUrl":"https:\/\/kuzeyinsesi.org\/wp-content\/uploads\/2026\/04\/trump-reu-2448118.jpg","datePublished":"2026-04-28T05:18:29+00:00","author":{"@id":"https:\/\/kuzeyinsesi.org\/#\/schema\/person\/9f859689cdf01485597712386e37f5aa"},"breadcrumb":{"@id":"https:\/\/kuzeyinsesi.org\/index.php\/2026\/04\/28\/trump-iranin-nukleer-erteleme-onerisinden-memnun-degil\/#breadcrumb"},"inLanguage":"tr","potentialAction":[{"@type":"ReadAction","target":["https:\/\/kuzeyinsesi.org\/index.php\/2026\/04\/28\/trump-iranin-nukleer-erteleme-onerisinden-memnun-degil\/"]}]},{"@type":"ImageObject","inLanguage":"tr","@id":"https:\/\/kuzeyinsesi.org\/index.php\/2026\/04\/28\/trump-iranin-nukleer-erteleme-onerisinden-memnun-degil\/#primaryimage","url":"https:\/\/kuzeyinsesi.org\/wp-content\/uploads\/2026\/04\/trump-reu-2448118.jpg","contentUrl":"https:\/\/kuzeyinsesi.org\/wp-content\/uploads\/2026\/04\/trump-reu-2448118.jpg","width":1280,"height":720},{"@type":"BreadcrumbList","@id":"https:\/\/kuzeyinsesi.org\/index.php\/2026\/04\/28\/trump-iranin-nukleer-erteleme-onerisinden-memnun-degil\/#breadcrumb","itemListElement":[{"@type":"ListItem","position":1,"name":"Anasayfa","item":"https:\/\/kuzeyinsesi.org\/"},{"@type":"ListItem","position":2,"name":"Trump, \u0130ran&#039;\u0131n n\u00fckleer erteleme \u00f6nerisinden memnun de\u011fil"}]},{"@type":"WebSite","@id":"https:\/\/kuzeyinsesi.org\/#website","url":"https:\/\/kuzeyinsesi.org\/","name":"Kuzeyin Sesi","description":"Do\u011fru Haberin Adresi","potentialAction":[{"@type":"SearchAction","target":{"@type":"EntryPoint","urlTemplate":"https:\/\/kuzeyinsesi.org\/?s={search_term_string}"},"query-input":{"@type":"PropertyValueSpecification","valueRequired":true,"valueName":"search_term_string"}}],"inLanguage":"tr"},{"@type":"Person","@id":"https:\/\/kuzeyinsesi.org\/#\/schema\/person\/9f859689cdf01485597712386e37f5aa","name":"Kuzeyin Sesi","image":{"@type":"ImageObject","inLanguage":"tr","@id":"https:\/\/secure.gravatar.com\/avatar\/bab33852abfd8b282518d6ed81826833d77c3c882d9ab608add591ccace47a44?s=96&d=mm&r=g","url":"https:\/\/secure.gravatar.com\/avatar\/bab33852abfd8b282518d6ed81826833d77c3c882d9ab608add591ccace47a44?s=96&d=mm&r=g","contentUrl":"https:\/\/secure.gravatar.com\/avatar\/bab33852abfd8b282518d6ed81826833d77c3c882d9ab608add591ccace47a44?s=96&d=mm&r=g","caption":"Kuzeyin Sesi"},"sameAs":["https:\/\/kuzeyinsesi.org"],"url":"https:\/\/kuzeyinsesi.org\/index.php\/author\/guven\/"}]}},"_links":{"self":[{"href":"https:\/\/kuzeyinsesi.org\/index.php\/wp-json\/wp\/v2\/posts\/37444","targetHints":{"allow":["GET"]}}],"collection":[{"href":"https:\/\/kuzeyinsesi.org\/index.php\/wp-json\/wp\/v2\/posts"}],"about":[{"href":"https:\/\/kuzeyinsesi.org\/index.php\/wp-json\/wp\/v2\/types\/post"}],"author":[{"embeddable":true,"href":"https:\/\/kuzeyinsesi.org\/index.php\/wp-json\/wp\/v2\/users\/1"}],"replies":[{"embeddable":true,"href":"https:\/\/kuzeyinsesi.org\/index.php\/wp-json\/wp\/v2\/comments?post=37444"}],"version-history":[{"count":0,"href":"https:\/\/kuzeyinsesi.org\/index.php\/wp-json\/wp\/v2\/posts\/37444\/revisions"}],"wp:featuredmedia":[{"embeddable":true,"href":"https:\/\/kuzeyinsesi.org\/index.php\/wp-json\/wp\/v2\/media\/37445"}],"wp:attachment":[{"href":"https:\/\/kuzeyinsesi.org\/index.php\/wp-json\/wp\/v2\/media?parent=37444"}],"wp:term":[{"taxonomy":"category","embeddable":true,"href":"https:\/\/kuzeyinsesi.org\/index.php\/wp-json\/wp\/v2\/categories?post=37444"},{"taxonomy":"post_tag","embeddable":true,"href":"https:\/\/kuzeyinsesi.org\/index.php\/wp-json\/wp\/v2\/tags?post=37444"}],"curies":[{"name":"wp","href":"https:\/\/api.w.org\/{rel}","templated":true}]}}