{"id":37439,"date":"2026-04-28T06:45:49","date_gmt":"2026-04-28T03:45:49","guid":{"rendered":"https:\/\/kuzeyinsesi.org\/index.php\/2026\/04\/28\/rahiplerin-valizinde-110-kilo-uyusturucu-cikti\/"},"modified":"2026-04-28T06:45:49","modified_gmt":"2026-04-28T03:45:49","slug":"rahiplerin-valizinde-110-kilo-uyusturucu-cikti","status":"publish","type":"post","link":"https:\/\/kuzeyinsesi.org\/index.php\/2026\/04\/28\/rahiplerin-valizinde-110-kilo-uyusturucu-cikti\/","title":{"rendered":"Rahiplerin valizinde 110 kilo uyu\u015fturucu \u00e7\u0131kt\u0131"},"content":{"rendered":"<p><\/p>\n<div>\n<p>&#13;<br \/>\n\t\u00c7o\u011funlu\u011fu \u00f6\u011frencilerden olu\u015fan rahiplerin, ismi a\u00e7\u0131klanmayan bir sponsor taraf\u0131ndan finanse edilen d\u00f6rt g\u00fcnl\u00fck <a href=\"https:\/\/www.trthaber.com\/etiket\/tayland\/\" target=\"_blank\">Tayland<\/a> tatilinden d\u00f6nd\u00fckleri s\u0131rada yakaland\u0131klar\u0131 belirtildi.<\/p>\n<p>&#13;<br \/>\n\tOlayla ilgili y\u00fcr\u00fct\u00fclen soru\u015fturma kapsam\u0131nda, geziyi organize etti\u011fi d\u00fc\u015f\u00fcn\u00fclen 23. bir rahip de Colombo&#8217;nun banliy\u00f6lerinde <a href=\"https:\/\/www.trthaber.com\/etiket\/polis\/\" target=\"_blank\">polis<\/a> taraf\u0131ndan g\u00f6zalt\u0131na al\u0131nd\u0131.<\/p>\n<p>&#13;<br \/>\n\tPolis s\u00f6zc\u00fcs\u00fc, geziye kat\u0131lmayan bu rahibin di\u011ferlerine &#8220;bu paketler birer ba\u011f\u0131\u015ft\u0131r&#8221; dedi\u011fini ve paketleri almak \u00fczere havaliman\u0131na bir arac\u0131n gelece\u011fini s\u00f6yledi\u011fini aktard\u0131.<\/p>\n<h2>&#13;<br \/>\n\tSivil k\u0131yafetli <a href=\"https:\/\/www.trthaber.com\/etiket\/tatil\/\" target=\"_blank\">tatil<\/a> foto\u011fraflar\u0131 ortaya \u00e7\u0131kt\u0131<\/h2>\n<p>&#13;<br \/>\n\t<a href=\"https:\/\/www.trthaber.com\/etiket\/sri-lanka\/\" target=\"_blank\">Sri Lanka<\/a> Polis <a href=\"https:\/\/www.trthaber.com\/etiket\/narkotik\/\" target=\"_blank\">Narkotik<\/a> B\u00fcrosu, \u00fclkenin farkl\u0131 tap\u0131naklar\u0131ndan gelen rahiplerin cep telefonlar\u0131nda yap\u0131lan incelemelerde, tatil s\u0131ras\u0131nda dini k\u0131yafetleri yerine sivil k\u0131yafetlerle e\u011flendiklerini g\u00f6steren foto\u011fraf ve videolara ula\u015ft\u0131.<\/p>\n<h2>&#13;<br \/>\n\t&#8220;Haberleri olmayabilir&#8221; ihtimali de\u011ferlendiriliyor<\/h2>\n<p>&#13;<br \/>\n\tPazar g\u00fcn\u00fc hakim kar\u015f\u0131s\u0131na \u00e7\u0131kar\u0131lan 22 rahip, sorgular\u0131n\u0131n devam etmesi amac\u0131yla yedi g\u00fcn s\u00fcreyle tutuklu kalacak.<\/p>\n<p>&#13;<br \/>\n\tPolis, uyu\u015fturucunun okul malzemeleri ve \u015fekerlemelerin aras\u0131na gizlendi\u011fini, bu nedenle rahiplerin ne ta\u015f\u0131d\u0131klar\u0131n\u0131 bilmeme ihtimalinin \u00fczerinde duruldu\u011funu ifade etti.<\/p>\n<p>&#13;<br \/>\n\tBu olay, Sri Lanka&#8217;da bir grup rahibin havaliman\u0131 \u00fczerinden <a href=\"https:\/\/www.trthaber.com\/etiket\/uyusturucu\/\" target=\"_blank\">uyu\u015fturucu<\/a> ka\u00e7ak\u00e7\u0131l\u0131\u011f\u0131 \u015f\u00fcphesiyle topluca g\u00f6zalt\u0131na al\u0131nd\u0131\u011f\u0131 ilk vaka olarak kayda ge\u00e7ti.<\/p>\n<\/p><\/div>\n","protected":false},"excerpt":{"rendered":"<p>&#13; \u00c7o\u011funlu\u011fu \u00f6\u011frencilerden olu\u015fan rahiplerin, ismi a\u00e7\u0131klanmayan bir sponsor taraf\u0131ndan finanse edilen d\u00f6rt g\u00fcnl\u00fck Tayland tatilinden d\u00f6nd\u00fckleri s\u0131rada yakaland\u0131klar\u0131 belirtildi. &#13; Olayla ilgili y\u00fcr\u00fct\u00fclen soru\u015fturma kapsam\u0131nda, geziyi organize etti\u011fi d\u00fc\u015f\u00fcn\u00fclen 23. bir rahip de Colombo&#8217;nun banliy\u00f6lerinde polis taraf\u0131ndan g\u00f6zalt\u0131na al\u0131nd\u0131. &#13; Polis s\u00f6zc\u00fcs\u00fc, geziye kat\u0131lmayan bu rahibin di\u011ferlerine &#8220;bu paketler birer ba\u011f\u0131\u015ft\u0131r&#8221; dedi\u011fini ve paketleri [&hellip;]<\/p>\n","protected":false},"author":1,"featured_media":37440,"comment_status":"open","ping_status":"open","sticky":false,"template":"","format":"standard","meta":{"jnews-multi-image_gallery":[],"jnews_single_post":[],"jnews_primary_category":[],"jnews_social_meta":[],"jnews_override_counter":[],"footnotes":""},"categories":[2],"tags":[],"class_list":["post-37439","post","type-post","status-publish","format-standard","has-post-thumbnail","hentry","category-dunya"],"yoast_head":"<!-- This site is optimized with the Yoast SEO plugin v27.4 - https:\/\/yoast.com\/product\/yoast-seo-wordpress\/ -->\n<title>Rahiplerin valizinde 110 kilo uyu\u015fturucu \u00e7\u0131kt\u0131 - Kuzeyin Sesi<\/title>\n<meta name=\"robots\" content=\"index, follow, max-snippet:-1, max-image-preview:large, max-video-preview:-1\" \/>\n<link rel=\"canonical\" href=\"https:\/\/kuzeyinsesi.org\/index.php\/2026\/04\/28\/rahiplerin-valizinde-110-kilo-uyusturucu-cikti\/\" \/>\n<meta property=\"og:locale\" content=\"tr_TR\" \/>\n<meta property=\"og:type\" content=\"article\" \/>\n<meta property=\"og:title\" content=\"Rahiplerin valizinde 110 kilo uyu\u015fturucu \u00e7\u0131kt\u0131 - Kuzeyin Sesi\" \/>\n<meta property=\"og:description\" content=\"&#013; \u00c7o\u011funlu\u011fu \u00f6\u011frencilerden olu\u015fan rahiplerin, ismi a\u00e7\u0131klanmayan bir sponsor taraf\u0131ndan finanse edilen d\u00f6rt g\u00fcnl\u00fck Tayland tatilinden d\u00f6nd\u00fckleri s\u0131rada yakaland\u0131klar\u0131 belirtildi. &#013; Olayla ilgili y\u00fcr\u00fct\u00fclen soru\u015fturma kapsam\u0131nda, geziyi organize etti\u011fi d\u00fc\u015f\u00fcn\u00fclen 23. bir rahip de Colombo&#8217;nun banliy\u00f6lerinde polis taraf\u0131ndan g\u00f6zalt\u0131na al\u0131nd\u0131. &#013; Polis s\u00f6zc\u00fcs\u00fc, geziye kat\u0131lmayan bu rahibin di\u011ferlerine &#8220;bu paketler birer ba\u011f\u0131\u015ft\u0131r&#8221; dedi\u011fini ve paketleri [&hellip;]\" \/>\n<meta property=\"og:url\" content=\"https:\/\/kuzeyinsesi.org\/index.php\/2026\/04\/28\/rahiplerin-valizinde-110-kilo-uyusturucu-cikti\/\" \/>\n<meta property=\"og:site_name\" content=\"Kuzeyin Sesi\" \/>\n<meta property=\"article:publisher\" content=\"https:\/\/www.facebook.com\/kuzeyinsesii\" \/>\n<meta property=\"article:published_time\" content=\"2026-04-28T03:45:49+00:00\" \/>\n<meta property=\"og:image\" content=\"https:\/\/trthaberstatic.cdn.wp.trt.com.tr\/resimler\/2456000\/busit-rahip-2456961.jpg\" \/>\n<meta name=\"author\" content=\"Kuzeyin Sesi\" \/>\n<meta name=\"twitter:card\" content=\"summary_large_image\" \/>\n<meta name=\"twitter:creator\" content=\"@kuzeyinsesii\" \/>\n<meta name=\"twitter:site\" content=\"@kuzeyinsesii\" \/>\n<meta name=\"twitter:label1\" content=\"Yazan:\" \/>\n\t<meta name=\"twitter:data1\" content=\"Kuzeyin Sesi\" \/>\n\t<meta name=\"twitter:label2\" content=\"Tahmini okuma s\u00fcresi\" \/>\n\t<meta name=\"twitter:data2\" content=\"1 dakika\" \/>\n<script type=\"application\/ld+json\" class=\"yoast-schema-graph\">{\"@context\":\"https:\\\/\\\/schema.org\",\"@graph\":[{\"@type\":\"Article\",\"@id\":\"https:\\\/\\\/kuzeyinsesi.org\\\/index.php\\\/2026\\\/04\\\/28\\\/rahiplerin-valizinde-110-kilo-uyusturucu-cikti\\\/#article\",\"isPartOf\":{\"@id\":\"https:\\\/\\\/kuzeyinsesi.org\\\/index.php\\\/2026\\\/04\\\/28\\\/rahiplerin-valizinde-110-kilo-uyusturucu-cikti\\\/\"},\"author\":{\"name\":\"Kuzeyin Sesi\",\"@id\":\"https:\\\/\\\/kuzeyinsesi.org\\\/#\\\/schema\\\/person\\\/9f859689cdf01485597712386e37f5aa\"},\"headline\":\"Rahiplerin valizinde 110 kilo uyu\u015fturucu \u00e7\u0131kt\u0131\",\"datePublished\":\"2026-04-28T03:45:49+00:00\",\"mainEntityOfPage\":{\"@id\":\"https:\\\/\\\/kuzeyinsesi.org\\\/index.php\\\/2026\\\/04\\\/28\\\/rahiplerin-valizinde-110-kilo-uyusturucu-cikti\\\/\"},\"wordCount\":234,\"commentCount\":0,\"image\":{\"@id\":\"https:\\\/\\\/kuzeyinsesi.org\\\/index.php\\\/2026\\\/04\\\/28\\\/rahiplerin-valizinde-110-kilo-uyusturucu-cikti\\\/#primaryimage\"},\"thumbnailUrl\":\"https:\\\/\\\/kuzeyinsesi.org\\\/wp-content\\\/uploads\\\/2026\\\/04\\\/busit-rahip-2456961.jpg\",\"articleSection\":[\"D\u00fcnya\"],\"inLanguage\":\"tr\",\"potentialAction\":[{\"@type\":\"CommentAction\",\"name\":\"Comment\",\"target\":[\"https:\\\/\\\/kuzeyinsesi.org\\\/index.php\\\/2026\\\/04\\\/28\\\/rahiplerin-valizinde-110-kilo-uyusturucu-cikti\\\/#respond\"]}]},{\"@type\":\"WebPage\",\"@id\":\"https:\\\/\\\/kuzeyinsesi.org\\\/index.php\\\/2026\\\/04\\\/28\\\/rahiplerin-valizinde-110-kilo-uyusturucu-cikti\\\/\",\"url\":\"https:\\\/\\\/kuzeyinsesi.org\\\/index.php\\\/2026\\\/04\\\/28\\\/rahiplerin-valizinde-110-kilo-uyusturucu-cikti\\\/\",\"name\":\"Rahiplerin valizinde 110 kilo uyu\u015fturucu \u00e7\u0131kt\u0131 - Kuzeyin Sesi\",\"isPartOf\":{\"@id\":\"https:\\\/\\\/kuzeyinsesi.org\\\/#website\"},\"primaryImageOfPage\":{\"@id\":\"https:\\\/\\\/kuzeyinsesi.org\\\/index.php\\\/2026\\\/04\\\/28\\\/rahiplerin-valizinde-110-kilo-uyusturucu-cikti\\\/#primaryimage\"},\"image\":{\"@id\":\"https:\\\/\\\/kuzeyinsesi.org\\\/index.php\\\/2026\\\/04\\\/28\\\/rahiplerin-valizinde-110-kilo-uyusturucu-cikti\\\/#primaryimage\"},\"thumbnailUrl\":\"https:\\\/\\\/kuzeyinsesi.org\\\/wp-content\\\/uploads\\\/2026\\\/04\\\/busit-rahip-2456961.jpg\",\"datePublished\":\"2026-04-28T03:45:49+00:00\",\"author\":{\"@id\":\"https:\\\/\\\/kuzeyinsesi.org\\\/#\\\/schema\\\/person\\\/9f859689cdf01485597712386e37f5aa\"},\"breadcrumb\":{\"@id\":\"https:\\\/\\\/kuzeyinsesi.org\\\/index.php\\\/2026\\\/04\\\/28\\\/rahiplerin-valizinde-110-kilo-uyusturucu-cikti\\\/#breadcrumb\"},\"inLanguage\":\"tr\",\"potentialAction\":[{\"@type\":\"ReadAction\",\"target\":[\"https:\\\/\\\/kuzeyinsesi.org\\\/index.php\\\/2026\\\/04\\\/28\\\/rahiplerin-valizinde-110-kilo-uyusturucu-cikti\\\/\"]}]},{\"@type\":\"ImageObject\",\"inLanguage\":\"tr\",\"@id\":\"https:\\\/\\\/kuzeyinsesi.org\\\/index.php\\\/2026\\\/04\\\/28\\\/rahiplerin-valizinde-110-kilo-uyusturucu-cikti\\\/#primaryimage\",\"url\":\"https:\\\/\\\/kuzeyinsesi.org\\\/wp-content\\\/uploads\\\/2026\\\/04\\\/busit-rahip-2456961.jpg\",\"contentUrl\":\"https:\\\/\\\/kuzeyinsesi.org\\\/wp-content\\\/uploads\\\/2026\\\/04\\\/busit-rahip-2456961.jpg\",\"width\":1280,\"height\":720},{\"@type\":\"BreadcrumbList\",\"@id\":\"https:\\\/\\\/kuzeyinsesi.org\\\/index.php\\\/2026\\\/04\\\/28\\\/rahiplerin-valizinde-110-kilo-uyusturucu-cikti\\\/#breadcrumb\",\"itemListElement\":[{\"@type\":\"ListItem\",\"position\":1,\"name\":\"Anasayfa\",\"item\":\"https:\\\/\\\/kuzeyinsesi.org\\\/\"},{\"@type\":\"ListItem\",\"position\":2,\"name\":\"Rahiplerin valizinde 110 kilo uyu\u015fturucu \u00e7\u0131kt\u0131\"}]},{\"@type\":\"WebSite\",\"@id\":\"https:\\\/\\\/kuzeyinsesi.org\\\/#website\",\"url\":\"https:\\\/\\\/kuzeyinsesi.org\\\/\",\"name\":\"Kuzeyin Sesi\",\"description\":\"Do\u011fru Haberin Adresi\",\"potentialAction\":[{\"@type\":\"SearchAction\",\"target\":{\"@type\":\"EntryPoint\",\"urlTemplate\":\"https:\\\/\\\/kuzeyinsesi.org\\\/?s={search_term_string}\"},\"query-input\":{\"@type\":\"PropertyValueSpecification\",\"valueRequired\":true,\"valueName\":\"search_term_string\"}}],\"inLanguage\":\"tr\"},{\"@type\":\"Person\",\"@id\":\"https:\\\/\\\/kuzeyinsesi.org\\\/#\\\/schema\\\/person\\\/9f859689cdf01485597712386e37f5aa\",\"name\":\"Kuzeyin Sesi\",\"image\":{\"@type\":\"ImageObject\",\"inLanguage\":\"tr\",\"@id\":\"https:\\\/\\\/secure.gravatar.com\\\/avatar\\\/bab33852abfd8b282518d6ed81826833d77c3c882d9ab608add591ccace47a44?s=96&d=mm&r=g\",\"url\":\"https:\\\/\\\/secure.gravatar.com\\\/avatar\\\/bab33852abfd8b282518d6ed81826833d77c3c882d9ab608add591ccace47a44?s=96&d=mm&r=g\",\"contentUrl\":\"https:\\\/\\\/secure.gravatar.com\\\/avatar\\\/bab33852abfd8b282518d6ed81826833d77c3c882d9ab608add591ccace47a44?s=96&d=mm&r=g\",\"caption\":\"Kuzeyin Sesi\"},\"sameAs\":[\"https:\\\/\\\/kuzeyinsesi.org\"],\"url\":\"https:\\\/\\\/kuzeyinsesi.org\\\/index.php\\\/author\\\/guven\\\/\"}]}<\/script>\n<!-- \/ Yoast SEO plugin. -->","yoast_head_json":{"title":"Rahiplerin valizinde 110 kilo uyu\u015fturucu \u00e7\u0131kt\u0131 - Kuzeyin Sesi","robots":{"index":"index","follow":"follow","max-snippet":"max-snippet:-1","max-image-preview":"max-image-preview:large","max-video-preview":"max-video-preview:-1"},"canonical":"https:\/\/kuzeyinsesi.org\/index.php\/2026\/04\/28\/rahiplerin-valizinde-110-kilo-uyusturucu-cikti\/","og_locale":"tr_TR","og_type":"article","og_title":"Rahiplerin valizinde 110 kilo uyu\u015fturucu \u00e7\u0131kt\u0131 - Kuzeyin Sesi","og_description":"&#13; \u00c7o\u011funlu\u011fu \u00f6\u011frencilerden olu\u015fan rahiplerin, ismi a\u00e7\u0131klanmayan bir sponsor taraf\u0131ndan finanse edilen d\u00f6rt g\u00fcnl\u00fck Tayland tatilinden d\u00f6nd\u00fckleri s\u0131rada yakaland\u0131klar\u0131 belirtildi. &#13; Olayla ilgili y\u00fcr\u00fct\u00fclen soru\u015fturma kapsam\u0131nda, geziyi organize etti\u011fi d\u00fc\u015f\u00fcn\u00fclen 23. bir rahip de Colombo&#8217;nun banliy\u00f6lerinde polis taraf\u0131ndan g\u00f6zalt\u0131na al\u0131nd\u0131. &#13; Polis s\u00f6zc\u00fcs\u00fc, geziye kat\u0131lmayan bu rahibin di\u011ferlerine &#8220;bu paketler birer ba\u011f\u0131\u015ft\u0131r&#8221; dedi\u011fini ve paketleri [&hellip;]","og_url":"https:\/\/kuzeyinsesi.org\/index.php\/2026\/04\/28\/rahiplerin-valizinde-110-kilo-uyusturucu-cikti\/","og_site_name":"Kuzeyin Sesi","article_publisher":"https:\/\/www.facebook.com\/kuzeyinsesii","article_published_time":"2026-04-28T03:45:49+00:00","og_image":[{"url":"https:\/\/trthaberstatic.cdn.wp.trt.com.tr\/resimler\/2456000\/busit-rahip-2456961.jpg","type":"","width":"","height":""}],"author":"Kuzeyin Sesi","twitter_card":"summary_large_image","twitter_creator":"@kuzeyinsesii","twitter_site":"@kuzeyinsesii","twitter_misc":{"Yazan:":"Kuzeyin Sesi","Tahmini okuma s\u00fcresi":"1 dakika"},"schema":{"@context":"https:\/\/schema.org","@graph":[{"@type":"Article","@id":"https:\/\/kuzeyinsesi.org\/index.php\/2026\/04\/28\/rahiplerin-valizinde-110-kilo-uyusturucu-cikti\/#article","isPartOf":{"@id":"https:\/\/kuzeyinsesi.org\/index.php\/2026\/04\/28\/rahiplerin-valizinde-110-kilo-uyusturucu-cikti\/"},"author":{"name":"Kuzeyin Sesi","@id":"https:\/\/kuzeyinsesi.org\/#\/schema\/person\/9f859689cdf01485597712386e37f5aa"},"headline":"Rahiplerin valizinde 110 kilo uyu\u015fturucu \u00e7\u0131kt\u0131","datePublished":"2026-04-28T03:45:49+00:00","mainEntityOfPage":{"@id":"https:\/\/kuzeyinsesi.org\/index.php\/2026\/04\/28\/rahiplerin-valizinde-110-kilo-uyusturucu-cikti\/"},"wordCount":234,"commentCount":0,"image":{"@id":"https:\/\/kuzeyinsesi.org\/index.php\/2026\/04\/28\/rahiplerin-valizinde-110-kilo-uyusturucu-cikti\/#primaryimage"},"thumbnailUrl":"https:\/\/kuzeyinsesi.org\/wp-content\/uploads\/2026\/04\/busit-rahip-2456961.jpg","articleSection":["D\u00fcnya"],"inLanguage":"tr","potentialAction":[{"@type":"CommentAction","name":"Comment","target":["https:\/\/kuzeyinsesi.org\/index.php\/2026\/04\/28\/rahiplerin-valizinde-110-kilo-uyusturucu-cikti\/#respond"]}]},{"@type":"WebPage","@id":"https:\/\/kuzeyinsesi.org\/index.php\/2026\/04\/28\/rahiplerin-valizinde-110-kilo-uyusturucu-cikti\/","url":"https:\/\/kuzeyinsesi.org\/index.php\/2026\/04\/28\/rahiplerin-valizinde-110-kilo-uyusturucu-cikti\/","name":"Rahiplerin valizinde 110 kilo uyu\u015fturucu \u00e7\u0131kt\u0131 - Kuzeyin Sesi","isPartOf":{"@id":"https:\/\/kuzeyinsesi.org\/#website"},"primaryImageOfPage":{"@id":"https:\/\/kuzeyinsesi.org\/index.php\/2026\/04\/28\/rahiplerin-valizinde-110-kilo-uyusturucu-cikti\/#primaryimage"},"image":{"@id":"https:\/\/kuzeyinsesi.org\/index.php\/2026\/04\/28\/rahiplerin-valizinde-110-kilo-uyusturucu-cikti\/#primaryimage"},"thumbnailUrl":"https:\/\/kuzeyinsesi.org\/wp-content\/uploads\/2026\/04\/busit-rahip-2456961.jpg","datePublished":"2026-04-28T03:45:49+00:00","author":{"@id":"https:\/\/kuzeyinsesi.org\/#\/schema\/person\/9f859689cdf01485597712386e37f5aa"},"breadcrumb":{"@id":"https:\/\/kuzeyinsesi.org\/index.php\/2026\/04\/28\/rahiplerin-valizinde-110-kilo-uyusturucu-cikti\/#breadcrumb"},"inLanguage":"tr","potentialAction":[{"@type":"ReadAction","target":["https:\/\/kuzeyinsesi.org\/index.php\/2026\/04\/28\/rahiplerin-valizinde-110-kilo-uyusturucu-cikti\/"]}]},{"@type":"ImageObject","inLanguage":"tr","@id":"https:\/\/kuzeyinsesi.org\/index.php\/2026\/04\/28\/rahiplerin-valizinde-110-kilo-uyusturucu-cikti\/#primaryimage","url":"https:\/\/kuzeyinsesi.org\/wp-content\/uploads\/2026\/04\/busit-rahip-2456961.jpg","contentUrl":"https:\/\/kuzeyinsesi.org\/wp-content\/uploads\/2026\/04\/busit-rahip-2456961.jpg","width":1280,"height":720},{"@type":"BreadcrumbList","@id":"https:\/\/kuzeyinsesi.org\/index.php\/2026\/04\/28\/rahiplerin-valizinde-110-kilo-uyusturucu-cikti\/#breadcrumb","itemListElement":[{"@type":"ListItem","position":1,"name":"Anasayfa","item":"https:\/\/kuzeyinsesi.org\/"},{"@type":"ListItem","position":2,"name":"Rahiplerin valizinde 110 kilo uyu\u015fturucu \u00e7\u0131kt\u0131"}]},{"@type":"WebSite","@id":"https:\/\/kuzeyinsesi.org\/#website","url":"https:\/\/kuzeyinsesi.org\/","name":"Kuzeyin Sesi","description":"Do\u011fru Haberin Adresi","potentialAction":[{"@type":"SearchAction","target":{"@type":"EntryPoint","urlTemplate":"https:\/\/kuzeyinsesi.org\/?s={search_term_string}"},"query-input":{"@type":"PropertyValueSpecification","valueRequired":true,"valueName":"search_term_string"}}],"inLanguage":"tr"},{"@type":"Person","@id":"https:\/\/kuzeyinsesi.org\/#\/schema\/person\/9f859689cdf01485597712386e37f5aa","name":"Kuzeyin Sesi","image":{"@type":"ImageObject","inLanguage":"tr","@id":"https:\/\/secure.gravatar.com\/avatar\/bab33852abfd8b282518d6ed81826833d77c3c882d9ab608add591ccace47a44?s=96&d=mm&r=g","url":"https:\/\/secure.gravatar.com\/avatar\/bab33852abfd8b282518d6ed81826833d77c3c882d9ab608add591ccace47a44?s=96&d=mm&r=g","contentUrl":"https:\/\/secure.gravatar.com\/avatar\/bab33852abfd8b282518d6ed81826833d77c3c882d9ab608add591ccace47a44?s=96&d=mm&r=g","caption":"Kuzeyin Sesi"},"sameAs":["https:\/\/kuzeyinsesi.org"],"url":"https:\/\/kuzeyinsesi.org\/index.php\/author\/guven\/"}]}},"_links":{"self":[{"href":"https:\/\/kuzeyinsesi.org\/index.php\/wp-json\/wp\/v2\/posts\/37439","targetHints":{"allow":["GET"]}}],"collection":[{"href":"https:\/\/kuzeyinsesi.org\/index.php\/wp-json\/wp\/v2\/posts"}],"about":[{"href":"https:\/\/kuzeyinsesi.org\/index.php\/wp-json\/wp\/v2\/types\/post"}],"author":[{"embeddable":true,"href":"https:\/\/kuzeyinsesi.org\/index.php\/wp-json\/wp\/v2\/users\/1"}],"replies":[{"embeddable":true,"href":"https:\/\/kuzeyinsesi.org\/index.php\/wp-json\/wp\/v2\/comments?post=37439"}],"version-history":[{"count":0,"href":"https:\/\/kuzeyinsesi.org\/index.php\/wp-json\/wp\/v2\/posts\/37439\/revisions"}],"wp:featuredmedia":[{"embeddable":true,"href":"https:\/\/kuzeyinsesi.org\/index.php\/wp-json\/wp\/v2\/media\/37440"}],"wp:attachment":[{"href":"https:\/\/kuzeyinsesi.org\/index.php\/wp-json\/wp\/v2\/media?parent=37439"}],"wp:term":[{"taxonomy":"category","embeddable":true,"href":"https:\/\/kuzeyinsesi.org\/index.php\/wp-json\/wp\/v2\/categories?post=37439"},{"taxonomy":"post_tag","embeddable":true,"href":"https:\/\/kuzeyinsesi.org\/index.php\/wp-json\/wp\/v2\/tags?post=37439"}],"curies":[{"name":"wp","href":"https:\/\/api.w.org\/{rel}","templated":true}]}}