{"id":37437,"date":"2026-04-28T00:02:47","date_gmt":"2026-04-27T21:02:47","guid":{"rendered":"https:\/\/kuzeyinsesi.org\/index.php\/2026\/04\/28\/irak-cumhurbaskani-amedi-hukumeti-kurma-gorevini-ali-ezzeydiye-verdi\/"},"modified":"2026-04-28T00:02:47","modified_gmt":"2026-04-27T21:02:47","slug":"irak-cumhurbaskani-amedi-hukumeti-kurma-gorevini-ali-ezzeydiye-verdi","status":"publish","type":"post","link":"https:\/\/kuzeyinsesi.org\/index.php\/2026\/04\/28\/irak-cumhurbaskani-amedi-hukumeti-kurma-gorevini-ali-ezzeydiye-verdi\/","title":{"rendered":"Irak Cumhurba\u015fkan\u0131 Amedi, h\u00fck\u00fcmeti kurma g\u00f6revini Ali ezZeydiye verdi"},"content":{"rendered":"<p><\/p>\n<div>\n<p>&#13;<br \/>\n\tCumhurba\u015fkan\u0131 Amedi, ba\u015fkentteki Ba\u011fdat Saray\u0131\u2019nda, Koordinasyon \u00c7er\u00e7evesi\u2019nin ba\u015fbakan aday\u0131 g\u00f6sterdi\u011fi Zeydi\u2019ye h\u00fck\u00fcmeti kurma g\u00f6revi verdi.<\/p>\n<p>&#13;<br \/>\n\t\u015eii Koordinasyon \u00c7er\u00e7evesi, Meclisin en b\u00fcy\u00fck grubu olarak ba\u015fbakan aday\u0131n\u0131n eski Ba\u015fbakanlardan Nuri el-Maliki oldu\u011funu a\u00e7\u0131klam\u0131\u015ft\u0131.<\/p>\n<p>&#13;<br \/>\n\tAncak <a href=\"https:\/\/www.trthaber.com\/etiket\/abd\/\" target=\"_blank\">ABD<\/a> Ba\u015fkan\u0131 Donald Trump, Maliki\u2019nin yeniden Ba\u015fbakan koltu\u011funa oturma ihtimaline tepki g\u00f6stererek, &#8220;Maliki&#8217;nin ba\u015fbakanl\u0131k koltu\u011funa oturmas\u0131 durumunda ABD&#8217;nin art\u0131k Irak&#8217;a yard\u0131m etmeyece\u011fini&#8221; s\u00f6ylemi\u015fti.<\/p>\n<p>&#13;<br \/>\n\t<a href=\"https:\/\/www.trthaber.com\/etiket\/irak\/\" target=\"_blank\">Irak<\/a> anayasas\u0131na g\u00f6re, Zeydi&#8217;nin h\u00fck\u00fcmeti kurmakla g\u00f6revlendirildikten sonra en ge\u00e7 30 g\u00fcn i\u00e7inde kabinesini kurup Meclis&#8217;ten g\u00fcvenoyu almas\u0131 gerekiyor.<\/p>\n<h2>&#13;<br \/>\n\tZeydi&#8217;den ilk a\u00e7\u0131klama<\/h2>\n<p>&#13;<br \/>\n\tH\u00fck\u00fcmeti kurmakla g\u00f6revlendirilmesinin ard\u0131ndan a\u00e7\u0131klamalarda bulunan Zeydi, &#8220;Koordinasyon \u00c7er\u00e7evesi liderlerine beni Irak Ba\u015fbakanl\u0131\u011f\u0131 g\u00f6revine aday g\u00f6stermelerinden dolay\u0131 te\u015fekk\u00fcr ediyorum.&#8221; dedi.<\/p>\n<p>&#13;<br \/>\n\tH\u00fck\u00fcmet program\u0131n\u0131n, risk de\u011ferlendirmesini dikkate alan, f\u0131rsatlar\u0131 de\u011ferlendiren ve Irak\u2019\u0131 b\u00f6lgesel ve uluslararas\u0131 d\u00fczeyde dengeli bir \u00fclke haline getiren \u00f6ncelikleri i\u00e7erece\u011fini belirten Zeydi, &#8220;T\u00fcm siyasi g\u00fc\u00e7lerle birlikte \u00e7al\u0131\u015farak, vatanda\u015flar\u0131m\u0131z\u0131n g\u00fcvenlik ve istikrar\u0131n peki\u015ftirilmesi ile kapsaml\u0131 kalk\u0131nman\u0131n sa\u011flanmas\u0131na y\u00f6nelik taleplerine cevap veren bir h\u00fck\u00fcmet kurma konusunda kararl\u0131y\u0131z.&#8221; ifadesini kulland\u0131.\u200b\u200b\u200b\u200b\u200b\u200b\u200b<\/p>\n<h2>&#13;<br \/>\n\tBa\u015fbakan aday\u0131 Zeydi kimdir?<\/h2>\n<p>&#13;<br \/>\n\tIrakl\u0131 i\u015f insan\u0131 Ali Zeydi, hukuk, finans ve <a href=\"https:\/\/www.trthaber.com\/etiket\/bankacilik\/\" target=\"_blank\">bankac\u0131l\u0131k<\/a> alanlar\u0131nda lisans, finans ve bankac\u0131l\u0131k alan\u0131nda ise y\u00fcksek lisans derecesine sahip.<\/p>\n<p>&#13;<br \/>\n\tBa\u011fdat\u2019ta \u00f6zel bir \u00fcniversitenin y\u00f6netim kurulu ba\u015fkan\u0131 olan Zeydi, ge\u00e7mi\u015fte bir bankan\u0131n y\u00f6netim kurulu ba\u015fkanl\u0131\u011f\u0131n\u0131 \u00fcstlenmi\u015fti.<\/p>\n<p>&#13;<br \/>\n\tBug\u00fcne kadar aktif siyasette yer almayan Zeydi&#8217;nin ayn\u0131 zamanda Irak Barolar Birli\u011fi \u00fcyesi oldu\u011fu biliniyor.<\/p>\n<\/p><\/div>\n","protected":false},"excerpt":{"rendered":"<p>&#13; Cumhurba\u015fkan\u0131 Amedi, ba\u015fkentteki Ba\u011fdat Saray\u0131\u2019nda, Koordinasyon \u00c7er\u00e7evesi\u2019nin ba\u015fbakan aday\u0131 g\u00f6sterdi\u011fi Zeydi\u2019ye h\u00fck\u00fcmeti kurma g\u00f6revi verdi. &#13; \u015eii Koordinasyon \u00c7er\u00e7evesi, Meclisin en b\u00fcy\u00fck grubu olarak ba\u015fbakan aday\u0131n\u0131n eski Ba\u015fbakanlardan Nuri el-Maliki oldu\u011funu a\u00e7\u0131klam\u0131\u015ft\u0131. &#13; Ancak ABD Ba\u015fkan\u0131 Donald Trump, Maliki\u2019nin yeniden Ba\u015fbakan koltu\u011funa oturma ihtimaline tepki g\u00f6stererek, &#8220;Maliki&#8217;nin ba\u015fbakanl\u0131k koltu\u011funa oturmas\u0131 durumunda ABD&#8217;nin art\u0131k Irak&#8217;a [&hellip;]<\/p>\n","protected":false},"author":1,"featured_media":37438,"comment_status":"open","ping_status":"open","sticky":false,"template":"","format":"standard","meta":{"jnews-multi-image_gallery":[],"jnews_single_post":[],"jnews_primary_category":[],"jnews_social_meta":[],"jnews_override_counter":[],"footnotes":""},"categories":[2],"tags":[],"class_list":["post-37437","post","type-post","status-publish","format-standard","has-post-thumbnail","hentry","category-dunya"],"yoast_head":"<!-- This site is optimized with the Yoast SEO plugin v27.4 - https:\/\/yoast.com\/product\/yoast-seo-wordpress\/ -->\n<title>Irak Cumhurba\u015fkan\u0131 Amedi, h\u00fck\u00fcmeti kurma g\u00f6revini Ali ezZeydiye verdi - Kuzeyin Sesi<\/title>\n<meta name=\"robots\" content=\"index, follow, max-snippet:-1, max-image-preview:large, max-video-preview:-1\" \/>\n<link rel=\"canonical\" href=\"https:\/\/kuzeyinsesi.org\/index.php\/2026\/04\/28\/irak-cumhurbaskani-amedi-hukumeti-kurma-gorevini-ali-ezzeydiye-verdi\/\" \/>\n<meta property=\"og:locale\" content=\"tr_TR\" \/>\n<meta property=\"og:type\" content=\"article\" \/>\n<meta property=\"og:title\" content=\"Irak Cumhurba\u015fkan\u0131 Amedi, h\u00fck\u00fcmeti kurma g\u00f6revini Ali ezZeydiye verdi - Kuzeyin Sesi\" \/>\n<meta property=\"og:description\" content=\"&#013; Cumhurba\u015fkan\u0131 Amedi, ba\u015fkentteki Ba\u011fdat Saray\u0131\u2019nda, Koordinasyon \u00c7er\u00e7evesi\u2019nin ba\u015fbakan aday\u0131 g\u00f6sterdi\u011fi Zeydi\u2019ye h\u00fck\u00fcmeti kurma g\u00f6revi verdi. &#013; \u015eii Koordinasyon \u00c7er\u00e7evesi, Meclisin en b\u00fcy\u00fck grubu olarak ba\u015fbakan aday\u0131n\u0131n eski Ba\u015fbakanlardan Nuri el-Maliki oldu\u011funu a\u00e7\u0131klam\u0131\u015ft\u0131. &#013; Ancak ABD Ba\u015fkan\u0131 Donald Trump, Maliki\u2019nin yeniden Ba\u015fbakan koltu\u011funa oturma ihtimaline tepki g\u00f6stererek, &#8220;Maliki&#8217;nin ba\u015fbakanl\u0131k koltu\u011funa oturmas\u0131 durumunda ABD&#8217;nin art\u0131k Irak&#8217;a [&hellip;]\" \/>\n<meta property=\"og:url\" content=\"https:\/\/kuzeyinsesi.org\/index.php\/2026\/04\/28\/irak-cumhurbaskani-amedi-hukumeti-kurma-gorevini-ali-ezzeydiye-verdi\/\" \/>\n<meta property=\"og:site_name\" content=\"Kuzeyin Sesi\" \/>\n<meta property=\"article:publisher\" content=\"https:\/\/www.facebook.com\/kuzeyinsesii\" \/>\n<meta property=\"article:published_time\" content=\"2026-04-27T21:02:47+00:00\" \/>\n<meta property=\"og:image\" content=\"https:\/\/trthaberstatic.cdn.wp.trt.com.tr\/resimler\/1500000\/irak-aa-1500844.jpg\" \/>\n<meta name=\"author\" content=\"Kuzeyin Sesi\" \/>\n<meta name=\"twitter:card\" content=\"summary_large_image\" \/>\n<meta name=\"twitter:creator\" content=\"@kuzeyinsesii\" \/>\n<meta name=\"twitter:site\" content=\"@kuzeyinsesii\" \/>\n<meta name=\"twitter:label1\" content=\"Yazan:\" \/>\n\t<meta name=\"twitter:data1\" content=\"Kuzeyin Sesi\" \/>\n\t<meta name=\"twitter:label2\" content=\"Tahmini okuma s\u00fcresi\" \/>\n\t<meta name=\"twitter:data2\" content=\"2 dakika\" \/>\n<script type=\"application\/ld+json\" class=\"yoast-schema-graph\">{\"@context\":\"https:\\\/\\\/schema.org\",\"@graph\":[{\"@type\":\"Article\",\"@id\":\"https:\\\/\\\/kuzeyinsesi.org\\\/index.php\\\/2026\\\/04\\\/28\\\/irak-cumhurbaskani-amedi-hukumeti-kurma-gorevini-ali-ezzeydiye-verdi\\\/#article\",\"isPartOf\":{\"@id\":\"https:\\\/\\\/kuzeyinsesi.org\\\/index.php\\\/2026\\\/04\\\/28\\\/irak-cumhurbaskani-amedi-hukumeti-kurma-gorevini-ali-ezzeydiye-verdi\\\/\"},\"author\":{\"name\":\"Kuzeyin Sesi\",\"@id\":\"https:\\\/\\\/kuzeyinsesi.org\\\/#\\\/schema\\\/person\\\/9f859689cdf01485597712386e37f5aa\"},\"headline\":\"Irak Cumhurba\u015fkan\u0131 Amedi, h\u00fck\u00fcmeti kurma g\u00f6revini Ali ezZeydiye verdi\",\"datePublished\":\"2026-04-27T21:02:47+00:00\",\"mainEntityOfPage\":{\"@id\":\"https:\\\/\\\/kuzeyinsesi.org\\\/index.php\\\/2026\\\/04\\\/28\\\/irak-cumhurbaskani-amedi-hukumeti-kurma-gorevini-ali-ezzeydiye-verdi\\\/\"},\"wordCount\":327,\"commentCount\":0,\"image\":{\"@id\":\"https:\\\/\\\/kuzeyinsesi.org\\\/index.php\\\/2026\\\/04\\\/28\\\/irak-cumhurbaskani-amedi-hukumeti-kurma-gorevini-ali-ezzeydiye-verdi\\\/#primaryimage\"},\"thumbnailUrl\":\"https:\\\/\\\/kuzeyinsesi.org\\\/wp-content\\\/uploads\\\/2026\\\/04\\\/irak-aa-1500844.jpg\",\"articleSection\":[\"D\u00fcnya\"],\"inLanguage\":\"tr\",\"potentialAction\":[{\"@type\":\"CommentAction\",\"name\":\"Comment\",\"target\":[\"https:\\\/\\\/kuzeyinsesi.org\\\/index.php\\\/2026\\\/04\\\/28\\\/irak-cumhurbaskani-amedi-hukumeti-kurma-gorevini-ali-ezzeydiye-verdi\\\/#respond\"]}]},{\"@type\":\"WebPage\",\"@id\":\"https:\\\/\\\/kuzeyinsesi.org\\\/index.php\\\/2026\\\/04\\\/28\\\/irak-cumhurbaskani-amedi-hukumeti-kurma-gorevini-ali-ezzeydiye-verdi\\\/\",\"url\":\"https:\\\/\\\/kuzeyinsesi.org\\\/index.php\\\/2026\\\/04\\\/28\\\/irak-cumhurbaskani-amedi-hukumeti-kurma-gorevini-ali-ezzeydiye-verdi\\\/\",\"name\":\"Irak Cumhurba\u015fkan\u0131 Amedi, h\u00fck\u00fcmeti kurma g\u00f6revini Ali ezZeydiye verdi - Kuzeyin Sesi\",\"isPartOf\":{\"@id\":\"https:\\\/\\\/kuzeyinsesi.org\\\/#website\"},\"primaryImageOfPage\":{\"@id\":\"https:\\\/\\\/kuzeyinsesi.org\\\/index.php\\\/2026\\\/04\\\/28\\\/irak-cumhurbaskani-amedi-hukumeti-kurma-gorevini-ali-ezzeydiye-verdi\\\/#primaryimage\"},\"image\":{\"@id\":\"https:\\\/\\\/kuzeyinsesi.org\\\/index.php\\\/2026\\\/04\\\/28\\\/irak-cumhurbaskani-amedi-hukumeti-kurma-gorevini-ali-ezzeydiye-verdi\\\/#primaryimage\"},\"thumbnailUrl\":\"https:\\\/\\\/kuzeyinsesi.org\\\/wp-content\\\/uploads\\\/2026\\\/04\\\/irak-aa-1500844.jpg\",\"datePublished\":\"2026-04-27T21:02:47+00:00\",\"author\":{\"@id\":\"https:\\\/\\\/kuzeyinsesi.org\\\/#\\\/schema\\\/person\\\/9f859689cdf01485597712386e37f5aa\"},\"breadcrumb\":{\"@id\":\"https:\\\/\\\/kuzeyinsesi.org\\\/index.php\\\/2026\\\/04\\\/28\\\/irak-cumhurbaskani-amedi-hukumeti-kurma-gorevini-ali-ezzeydiye-verdi\\\/#breadcrumb\"},\"inLanguage\":\"tr\",\"potentialAction\":[{\"@type\":\"ReadAction\",\"target\":[\"https:\\\/\\\/kuzeyinsesi.org\\\/index.php\\\/2026\\\/04\\\/28\\\/irak-cumhurbaskani-amedi-hukumeti-kurma-gorevini-ali-ezzeydiye-verdi\\\/\"]}]},{\"@type\":\"ImageObject\",\"inLanguage\":\"tr\",\"@id\":\"https:\\\/\\\/kuzeyinsesi.org\\\/index.php\\\/2026\\\/04\\\/28\\\/irak-cumhurbaskani-amedi-hukumeti-kurma-gorevini-ali-ezzeydiye-verdi\\\/#primaryimage\",\"url\":\"https:\\\/\\\/kuzeyinsesi.org\\\/wp-content\\\/uploads\\\/2026\\\/04\\\/irak-aa-1500844.jpg\",\"contentUrl\":\"https:\\\/\\\/kuzeyinsesi.org\\\/wp-content\\\/uploads\\\/2026\\\/04\\\/irak-aa-1500844.jpg\",\"width\":1280,\"height\":720},{\"@type\":\"BreadcrumbList\",\"@id\":\"https:\\\/\\\/kuzeyinsesi.org\\\/index.php\\\/2026\\\/04\\\/28\\\/irak-cumhurbaskani-amedi-hukumeti-kurma-gorevini-ali-ezzeydiye-verdi\\\/#breadcrumb\",\"itemListElement\":[{\"@type\":\"ListItem\",\"position\":1,\"name\":\"Anasayfa\",\"item\":\"https:\\\/\\\/kuzeyinsesi.org\\\/\"},{\"@type\":\"ListItem\",\"position\":2,\"name\":\"Irak Cumhurba\u015fkan\u0131 Amedi, h\u00fck\u00fcmeti kurma g\u00f6revini Ali ezZeydiye verdi\"}]},{\"@type\":\"WebSite\",\"@id\":\"https:\\\/\\\/kuzeyinsesi.org\\\/#website\",\"url\":\"https:\\\/\\\/kuzeyinsesi.org\\\/\",\"name\":\"Kuzeyin Sesi\",\"description\":\"Do\u011fru Haberin Adresi\",\"potentialAction\":[{\"@type\":\"SearchAction\",\"target\":{\"@type\":\"EntryPoint\",\"urlTemplate\":\"https:\\\/\\\/kuzeyinsesi.org\\\/?s={search_term_string}\"},\"query-input\":{\"@type\":\"PropertyValueSpecification\",\"valueRequired\":true,\"valueName\":\"search_term_string\"}}],\"inLanguage\":\"tr\"},{\"@type\":\"Person\",\"@id\":\"https:\\\/\\\/kuzeyinsesi.org\\\/#\\\/schema\\\/person\\\/9f859689cdf01485597712386e37f5aa\",\"name\":\"Kuzeyin Sesi\",\"image\":{\"@type\":\"ImageObject\",\"inLanguage\":\"tr\",\"@id\":\"https:\\\/\\\/secure.gravatar.com\\\/avatar\\\/bab33852abfd8b282518d6ed81826833d77c3c882d9ab608add591ccace47a44?s=96&d=mm&r=g\",\"url\":\"https:\\\/\\\/secure.gravatar.com\\\/avatar\\\/bab33852abfd8b282518d6ed81826833d77c3c882d9ab608add591ccace47a44?s=96&d=mm&r=g\",\"contentUrl\":\"https:\\\/\\\/secure.gravatar.com\\\/avatar\\\/bab33852abfd8b282518d6ed81826833d77c3c882d9ab608add591ccace47a44?s=96&d=mm&r=g\",\"caption\":\"Kuzeyin Sesi\"},\"sameAs\":[\"https:\\\/\\\/kuzeyinsesi.org\"],\"url\":\"https:\\\/\\\/kuzeyinsesi.org\\\/index.php\\\/author\\\/guven\\\/\"}]}<\/script>\n<!-- \/ Yoast SEO plugin. -->","yoast_head_json":{"title":"Irak Cumhurba\u015fkan\u0131 Amedi, h\u00fck\u00fcmeti kurma g\u00f6revini Ali ezZeydiye verdi - Kuzeyin Sesi","robots":{"index":"index","follow":"follow","max-snippet":"max-snippet:-1","max-image-preview":"max-image-preview:large","max-video-preview":"max-video-preview:-1"},"canonical":"https:\/\/kuzeyinsesi.org\/index.php\/2026\/04\/28\/irak-cumhurbaskani-amedi-hukumeti-kurma-gorevini-ali-ezzeydiye-verdi\/","og_locale":"tr_TR","og_type":"article","og_title":"Irak Cumhurba\u015fkan\u0131 Amedi, h\u00fck\u00fcmeti kurma g\u00f6revini Ali ezZeydiye verdi - Kuzeyin Sesi","og_description":"&#13; Cumhurba\u015fkan\u0131 Amedi, ba\u015fkentteki Ba\u011fdat Saray\u0131\u2019nda, Koordinasyon \u00c7er\u00e7evesi\u2019nin ba\u015fbakan aday\u0131 g\u00f6sterdi\u011fi Zeydi\u2019ye h\u00fck\u00fcmeti kurma g\u00f6revi verdi. &#13; \u015eii Koordinasyon \u00c7er\u00e7evesi, Meclisin en b\u00fcy\u00fck grubu olarak ba\u015fbakan aday\u0131n\u0131n eski Ba\u015fbakanlardan Nuri el-Maliki oldu\u011funu a\u00e7\u0131klam\u0131\u015ft\u0131. &#13; Ancak ABD Ba\u015fkan\u0131 Donald Trump, Maliki\u2019nin yeniden Ba\u015fbakan koltu\u011funa oturma ihtimaline tepki g\u00f6stererek, &#8220;Maliki&#8217;nin ba\u015fbakanl\u0131k koltu\u011funa oturmas\u0131 durumunda ABD&#8217;nin art\u0131k Irak&#8217;a [&hellip;]","og_url":"https:\/\/kuzeyinsesi.org\/index.php\/2026\/04\/28\/irak-cumhurbaskani-amedi-hukumeti-kurma-gorevini-ali-ezzeydiye-verdi\/","og_site_name":"Kuzeyin Sesi","article_publisher":"https:\/\/www.facebook.com\/kuzeyinsesii","article_published_time":"2026-04-27T21:02:47+00:00","og_image":[{"url":"https:\/\/trthaberstatic.cdn.wp.trt.com.tr\/resimler\/1500000\/irak-aa-1500844.jpg","type":"","width":"","height":""}],"author":"Kuzeyin Sesi","twitter_card":"summary_large_image","twitter_creator":"@kuzeyinsesii","twitter_site":"@kuzeyinsesii","twitter_misc":{"Yazan:":"Kuzeyin Sesi","Tahmini okuma s\u00fcresi":"2 dakika"},"schema":{"@context":"https:\/\/schema.org","@graph":[{"@type":"Article","@id":"https:\/\/kuzeyinsesi.org\/index.php\/2026\/04\/28\/irak-cumhurbaskani-amedi-hukumeti-kurma-gorevini-ali-ezzeydiye-verdi\/#article","isPartOf":{"@id":"https:\/\/kuzeyinsesi.org\/index.php\/2026\/04\/28\/irak-cumhurbaskani-amedi-hukumeti-kurma-gorevini-ali-ezzeydiye-verdi\/"},"author":{"name":"Kuzeyin Sesi","@id":"https:\/\/kuzeyinsesi.org\/#\/schema\/person\/9f859689cdf01485597712386e37f5aa"},"headline":"Irak Cumhurba\u015fkan\u0131 Amedi, h\u00fck\u00fcmeti kurma g\u00f6revini Ali ezZeydiye verdi","datePublished":"2026-04-27T21:02:47+00:00","mainEntityOfPage":{"@id":"https:\/\/kuzeyinsesi.org\/index.php\/2026\/04\/28\/irak-cumhurbaskani-amedi-hukumeti-kurma-gorevini-ali-ezzeydiye-verdi\/"},"wordCount":327,"commentCount":0,"image":{"@id":"https:\/\/kuzeyinsesi.org\/index.php\/2026\/04\/28\/irak-cumhurbaskani-amedi-hukumeti-kurma-gorevini-ali-ezzeydiye-verdi\/#primaryimage"},"thumbnailUrl":"https:\/\/kuzeyinsesi.org\/wp-content\/uploads\/2026\/04\/irak-aa-1500844.jpg","articleSection":["D\u00fcnya"],"inLanguage":"tr","potentialAction":[{"@type":"CommentAction","name":"Comment","target":["https:\/\/kuzeyinsesi.org\/index.php\/2026\/04\/28\/irak-cumhurbaskani-amedi-hukumeti-kurma-gorevini-ali-ezzeydiye-verdi\/#respond"]}]},{"@type":"WebPage","@id":"https:\/\/kuzeyinsesi.org\/index.php\/2026\/04\/28\/irak-cumhurbaskani-amedi-hukumeti-kurma-gorevini-ali-ezzeydiye-verdi\/","url":"https:\/\/kuzeyinsesi.org\/index.php\/2026\/04\/28\/irak-cumhurbaskani-amedi-hukumeti-kurma-gorevini-ali-ezzeydiye-verdi\/","name":"Irak Cumhurba\u015fkan\u0131 Amedi, h\u00fck\u00fcmeti kurma g\u00f6revini Ali ezZeydiye verdi - Kuzeyin Sesi","isPartOf":{"@id":"https:\/\/kuzeyinsesi.org\/#website"},"primaryImageOfPage":{"@id":"https:\/\/kuzeyinsesi.org\/index.php\/2026\/04\/28\/irak-cumhurbaskani-amedi-hukumeti-kurma-gorevini-ali-ezzeydiye-verdi\/#primaryimage"},"image":{"@id":"https:\/\/kuzeyinsesi.org\/index.php\/2026\/04\/28\/irak-cumhurbaskani-amedi-hukumeti-kurma-gorevini-ali-ezzeydiye-verdi\/#primaryimage"},"thumbnailUrl":"https:\/\/kuzeyinsesi.org\/wp-content\/uploads\/2026\/04\/irak-aa-1500844.jpg","datePublished":"2026-04-27T21:02:47+00:00","author":{"@id":"https:\/\/kuzeyinsesi.org\/#\/schema\/person\/9f859689cdf01485597712386e37f5aa"},"breadcrumb":{"@id":"https:\/\/kuzeyinsesi.org\/index.php\/2026\/04\/28\/irak-cumhurbaskani-amedi-hukumeti-kurma-gorevini-ali-ezzeydiye-verdi\/#breadcrumb"},"inLanguage":"tr","potentialAction":[{"@type":"ReadAction","target":["https:\/\/kuzeyinsesi.org\/index.php\/2026\/04\/28\/irak-cumhurbaskani-amedi-hukumeti-kurma-gorevini-ali-ezzeydiye-verdi\/"]}]},{"@type":"ImageObject","inLanguage":"tr","@id":"https:\/\/kuzeyinsesi.org\/index.php\/2026\/04\/28\/irak-cumhurbaskani-amedi-hukumeti-kurma-gorevini-ali-ezzeydiye-verdi\/#primaryimage","url":"https:\/\/kuzeyinsesi.org\/wp-content\/uploads\/2026\/04\/irak-aa-1500844.jpg","contentUrl":"https:\/\/kuzeyinsesi.org\/wp-content\/uploads\/2026\/04\/irak-aa-1500844.jpg","width":1280,"height":720},{"@type":"BreadcrumbList","@id":"https:\/\/kuzeyinsesi.org\/index.php\/2026\/04\/28\/irak-cumhurbaskani-amedi-hukumeti-kurma-gorevini-ali-ezzeydiye-verdi\/#breadcrumb","itemListElement":[{"@type":"ListItem","position":1,"name":"Anasayfa","item":"https:\/\/kuzeyinsesi.org\/"},{"@type":"ListItem","position":2,"name":"Irak Cumhurba\u015fkan\u0131 Amedi, h\u00fck\u00fcmeti kurma g\u00f6revini Ali ezZeydiye verdi"}]},{"@type":"WebSite","@id":"https:\/\/kuzeyinsesi.org\/#website","url":"https:\/\/kuzeyinsesi.org\/","name":"Kuzeyin Sesi","description":"Do\u011fru Haberin Adresi","potentialAction":[{"@type":"SearchAction","target":{"@type":"EntryPoint","urlTemplate":"https:\/\/kuzeyinsesi.org\/?s={search_term_string}"},"query-input":{"@type":"PropertyValueSpecification","valueRequired":true,"valueName":"search_term_string"}}],"inLanguage":"tr"},{"@type":"Person","@id":"https:\/\/kuzeyinsesi.org\/#\/schema\/person\/9f859689cdf01485597712386e37f5aa","name":"Kuzeyin Sesi","image":{"@type":"ImageObject","inLanguage":"tr","@id":"https:\/\/secure.gravatar.com\/avatar\/bab33852abfd8b282518d6ed81826833d77c3c882d9ab608add591ccace47a44?s=96&d=mm&r=g","url":"https:\/\/secure.gravatar.com\/avatar\/bab33852abfd8b282518d6ed81826833d77c3c882d9ab608add591ccace47a44?s=96&d=mm&r=g","contentUrl":"https:\/\/secure.gravatar.com\/avatar\/bab33852abfd8b282518d6ed81826833d77c3c882d9ab608add591ccace47a44?s=96&d=mm&r=g","caption":"Kuzeyin Sesi"},"sameAs":["https:\/\/kuzeyinsesi.org"],"url":"https:\/\/kuzeyinsesi.org\/index.php\/author\/guven\/"}]}},"_links":{"self":[{"href":"https:\/\/kuzeyinsesi.org\/index.php\/wp-json\/wp\/v2\/posts\/37437","targetHints":{"allow":["GET"]}}],"collection":[{"href":"https:\/\/kuzeyinsesi.org\/index.php\/wp-json\/wp\/v2\/posts"}],"about":[{"href":"https:\/\/kuzeyinsesi.org\/index.php\/wp-json\/wp\/v2\/types\/post"}],"author":[{"embeddable":true,"href":"https:\/\/kuzeyinsesi.org\/index.php\/wp-json\/wp\/v2\/users\/1"}],"replies":[{"embeddable":true,"href":"https:\/\/kuzeyinsesi.org\/index.php\/wp-json\/wp\/v2\/comments?post=37437"}],"version-history":[{"count":0,"href":"https:\/\/kuzeyinsesi.org\/index.php\/wp-json\/wp\/v2\/posts\/37437\/revisions"}],"wp:featuredmedia":[{"embeddable":true,"href":"https:\/\/kuzeyinsesi.org\/index.php\/wp-json\/wp\/v2\/media\/37438"}],"wp:attachment":[{"href":"https:\/\/kuzeyinsesi.org\/index.php\/wp-json\/wp\/v2\/media?parent=37437"}],"wp:term":[{"taxonomy":"category","embeddable":true,"href":"https:\/\/kuzeyinsesi.org\/index.php\/wp-json\/wp\/v2\/categories?post=37437"},{"taxonomy":"post_tag","embeddable":true,"href":"https:\/\/kuzeyinsesi.org\/index.php\/wp-json\/wp\/v2\/tags?post=37437"}],"curies":[{"name":"wp","href":"https:\/\/api.w.org\/{rel}","templated":true}]}}