{"id":3743,"date":"2024-05-30T16:47:34","date_gmt":"2024-05-30T13:47:34","guid":{"rendered":"https:\/\/kuzeyinsesi.com\/index.php\/2024\/05\/30\/mesarya-belediyesi-2-cocuk-festivali-yarin-yapiliyor\/"},"modified":"2024-05-30T16:47:34","modified_gmt":"2024-05-30T13:47:34","slug":"mesarya-belediyesi-2-cocuk-festivali-yarin-yapiliyor","status":"publish","type":"post","link":"https:\/\/kuzeyinsesi.org\/index.php\/2024\/05\/30\/mesarya-belediyesi-2-cocuk-festivali-yarin-yapiliyor\/","title":{"rendered":"Mesarya Belediyesi 2. \u00c7ocuk Festivali yar\u0131n yap\u0131l\u0131yor"},"content":{"rendered":"<div>\n<div class=\"mariselle-image-container center\">\n                                            <\/div>\n<p>Mesarya Belediyesi\u2019nin d\u00fczenledi\u011fi 2. \u00c7ocuk Festivali yar\u0131n Akdo\u011fan A\u00e7\u0131k Hava Spor Merkezi\u2019nde yap\u0131l\u0131yor.<\/p>\n<p>Belediyeden verilen bilgiye g\u00f6re, festival, Akdo\u011fan k\u00f6y meydan\u0131nda 18.30\u2019da bando ekibi e\u015fli\u011finde kortej y\u00fcr\u00fcy\u00fc\u015f\u00fcyle ba\u015flayacak ve A\u00e7\u0131k Hava Spor Merkezi alan\u0131nda devam edecek.<\/p>\n<p>Festivalde futbol ve basketbol turnuvalar\u0131, b\u00f6lge okullar\u0131n\u0131n dans g\u00f6sterileri, halk danslar\u0131 topluluklar\u0131, m\u00fczik gruplar\u0131 ve \u00e7e\u015fitli stantlar\u0131 yer alacak.<\/p>\n<\/p><\/div>\n<p><script async\n                    defer\n                    crossorigin=\"anonymous\"\n                    src=\"https:\/\/connect.facebook.net\/tr_TR\/sdk.js#xfbml=1&#038;version=v3.3\"\n            ><\/script><\/p>\n","protected":false},"excerpt":{"rendered":"<p>Mesarya Belediyesi\u2019nin d\u00fczenledi\u011fi 2. \u00c7ocuk Festivali yar\u0131n Akdo\u011fan A\u00e7\u0131k Hava Spor Merkezi\u2019nde yap\u0131l\u0131yor. Belediyeden verilen bilgiye g\u00f6re, festival, Akdo\u011fan k\u00f6y meydan\u0131nda 18.30\u2019da bando ekibi e\u015fli\u011finde kortej y\u00fcr\u00fcy\u00fc\u015f\u00fcyle ba\u015flayacak ve A\u00e7\u0131k Hava Spor Merkezi alan\u0131nda devam edecek. Festivalde futbol ve basketbol turnuvalar\u0131, b\u00f6lge okullar\u0131n\u0131n dans g\u00f6sterileri, halk danslar\u0131 topluluklar\u0131, m\u00fczik gruplar\u0131 ve \u00e7e\u015fitli stantlar\u0131 yer alacak.<\/p>\n","protected":false},"author":1,"featured_media":3744,"comment_status":"open","ping_status":"open","sticky":false,"template":"","format":"standard","meta":{"jnews-multi-image_gallery":[],"jnews_single_post":[],"jnews_primary_category":[],"jnews_social_meta":[],"jnews_override_counter":[],"footnotes":""},"categories":[6],"tags":[],"class_list":["post-3743","post","type-post","status-publish","format-standard","has-post-thumbnail","hentry","category-yasam"],"yoast_head":"<!-- This site is optimized with the Yoast SEO plugin v27.5 - https:\/\/yoast.com\/product\/yoast-seo-wordpress\/ -->\n<title>Mesarya Belediyesi 2. \u00c7ocuk Festivali yar\u0131n yap\u0131l\u0131yor - Kuzeyin Sesi<\/title>\n<meta name=\"robots\" content=\"index, follow, max-snippet:-1, max-image-preview:large, max-video-preview:-1\" \/>\n<link rel=\"canonical\" href=\"https:\/\/kuzeyinsesi.org\/index.php\/2024\/05\/30\/mesarya-belediyesi-2-cocuk-festivali-yarin-yapiliyor\/\" \/>\n<meta property=\"og:locale\" content=\"tr_TR\" \/>\n<meta property=\"og:type\" content=\"article\" \/>\n<meta property=\"og:title\" content=\"Mesarya Belediyesi 2. \u00c7ocuk Festivali yar\u0131n yap\u0131l\u0131yor - Kuzeyin Sesi\" \/>\n<meta property=\"og:description\" content=\"Mesarya Belediyesi\u2019nin d\u00fczenledi\u011fi 2. \u00c7ocuk Festivali yar\u0131n Akdo\u011fan A\u00e7\u0131k Hava Spor Merkezi\u2019nde yap\u0131l\u0131yor. Belediyeden verilen bilgiye g\u00f6re, festival, Akdo\u011fan k\u00f6y meydan\u0131nda 18.30\u2019da bando ekibi e\u015fli\u011finde kortej y\u00fcr\u00fcy\u00fc\u015f\u00fcyle ba\u015flayacak ve A\u00e7\u0131k Hava Spor Merkezi alan\u0131nda devam edecek. Festivalde futbol ve basketbol turnuvalar\u0131, b\u00f6lge okullar\u0131n\u0131n dans g\u00f6sterileri, halk danslar\u0131 topluluklar\u0131, m\u00fczik gruplar\u0131 ve \u00e7e\u015fitli stantlar\u0131 yer alacak.\" \/>\n<meta property=\"og:url\" content=\"https:\/\/kuzeyinsesi.org\/index.php\/2024\/05\/30\/mesarya-belediyesi-2-cocuk-festivali-yarin-yapiliyor\/\" \/>\n<meta property=\"og:site_name\" content=\"Kuzeyin Sesi\" \/>\n<meta property=\"article:publisher\" content=\"https:\/\/www.facebook.com\/kuzeyinsesii\" \/>\n<meta property=\"article:published_time\" content=\"2024-05-30T13:47:34+00:00\" \/>\n<meta property=\"og:image\" content=\"https:\/\/kuzeyinsesi.org\/wp-content\/uploads\/2024\/05\/mesarya.webp.webp\" \/>\n\t<meta property=\"og:image:width\" content=\"710\" \/>\n\t<meta property=\"og:image:height\" content=\"370\" \/>\n\t<meta property=\"og:image:type\" content=\"image\/webp\" \/>\n<meta name=\"author\" content=\"Kuzeyin Sesi\" \/>\n<meta name=\"twitter:card\" content=\"summary_large_image\" \/>\n<meta name=\"twitter:creator\" content=\"@kuzeyinsesii\" \/>\n<meta name=\"twitter:site\" content=\"@kuzeyinsesii\" \/>\n<meta name=\"twitter:label1\" content=\"Yazan:\" \/>\n\t<meta name=\"twitter:data1\" content=\"Kuzeyin Sesi\" \/>\n<script type=\"application\/ld+json\" class=\"yoast-schema-graph\">{\"@context\":\"https:\\\/\\\/schema.org\",\"@graph\":[{\"@type\":\"Article\",\"@id\":\"https:\\\/\\\/kuzeyinsesi.org\\\/index.php\\\/2024\\\/05\\\/30\\\/mesarya-belediyesi-2-cocuk-festivali-yarin-yapiliyor\\\/#article\",\"isPartOf\":{\"@id\":\"https:\\\/\\\/kuzeyinsesi.org\\\/index.php\\\/2024\\\/05\\\/30\\\/mesarya-belediyesi-2-cocuk-festivali-yarin-yapiliyor\\\/\"},\"author\":{\"name\":\"Kuzeyin Sesi\",\"@id\":\"https:\\\/\\\/kuzeyinsesi.org\\\/#\\\/schema\\\/person\\\/9f859689cdf01485597712386e37f5aa\"},\"headline\":\"Mesarya Belediyesi 2. \u00c7ocuk Festivali yar\u0131n yap\u0131l\u0131yor\",\"datePublished\":\"2024-05-30T13:47:34+00:00\",\"mainEntityOfPage\":{\"@id\":\"https:\\\/\\\/kuzeyinsesi.org\\\/index.php\\\/2024\\\/05\\\/30\\\/mesarya-belediyesi-2-cocuk-festivali-yarin-yapiliyor\\\/\"},\"wordCount\":90,\"commentCount\":0,\"image\":{\"@id\":\"https:\\\/\\\/kuzeyinsesi.org\\\/index.php\\\/2024\\\/05\\\/30\\\/mesarya-belediyesi-2-cocuk-festivali-yarin-yapiliyor\\\/#primaryimage\"},\"thumbnailUrl\":\"https:\\\/\\\/kuzeyinsesi.org\\\/wp-content\\\/uploads\\\/2024\\\/05\\\/mesarya.webp.webp\",\"articleSection\":[\"Ya\u015fam\"],\"inLanguage\":\"tr\",\"potentialAction\":[{\"@type\":\"CommentAction\",\"name\":\"Comment\",\"target\":[\"https:\\\/\\\/kuzeyinsesi.org\\\/index.php\\\/2024\\\/05\\\/30\\\/mesarya-belediyesi-2-cocuk-festivali-yarin-yapiliyor\\\/#respond\"]}]},{\"@type\":\"WebPage\",\"@id\":\"https:\\\/\\\/kuzeyinsesi.org\\\/index.php\\\/2024\\\/05\\\/30\\\/mesarya-belediyesi-2-cocuk-festivali-yarin-yapiliyor\\\/\",\"url\":\"https:\\\/\\\/kuzeyinsesi.org\\\/index.php\\\/2024\\\/05\\\/30\\\/mesarya-belediyesi-2-cocuk-festivali-yarin-yapiliyor\\\/\",\"name\":\"Mesarya Belediyesi 2. \u00c7ocuk Festivali yar\u0131n yap\u0131l\u0131yor - Kuzeyin Sesi\",\"isPartOf\":{\"@id\":\"https:\\\/\\\/kuzeyinsesi.org\\\/#website\"},\"primaryImageOfPage\":{\"@id\":\"https:\\\/\\\/kuzeyinsesi.org\\\/index.php\\\/2024\\\/05\\\/30\\\/mesarya-belediyesi-2-cocuk-festivali-yarin-yapiliyor\\\/#primaryimage\"},\"image\":{\"@id\":\"https:\\\/\\\/kuzeyinsesi.org\\\/index.php\\\/2024\\\/05\\\/30\\\/mesarya-belediyesi-2-cocuk-festivali-yarin-yapiliyor\\\/#primaryimage\"},\"thumbnailUrl\":\"https:\\\/\\\/kuzeyinsesi.org\\\/wp-content\\\/uploads\\\/2024\\\/05\\\/mesarya.webp.webp\",\"datePublished\":\"2024-05-30T13:47:34+00:00\",\"author\":{\"@id\":\"https:\\\/\\\/kuzeyinsesi.org\\\/#\\\/schema\\\/person\\\/9f859689cdf01485597712386e37f5aa\"},\"breadcrumb\":{\"@id\":\"https:\\\/\\\/kuzeyinsesi.org\\\/index.php\\\/2024\\\/05\\\/30\\\/mesarya-belediyesi-2-cocuk-festivali-yarin-yapiliyor\\\/#breadcrumb\"},\"inLanguage\":\"tr\",\"potentialAction\":[{\"@type\":\"ReadAction\",\"target\":[\"https:\\\/\\\/kuzeyinsesi.org\\\/index.php\\\/2024\\\/05\\\/30\\\/mesarya-belediyesi-2-cocuk-festivali-yarin-yapiliyor\\\/\"]}]},{\"@type\":\"ImageObject\",\"inLanguage\":\"tr\",\"@id\":\"https:\\\/\\\/kuzeyinsesi.org\\\/index.php\\\/2024\\\/05\\\/30\\\/mesarya-belediyesi-2-cocuk-festivali-yarin-yapiliyor\\\/#primaryimage\",\"url\":\"https:\\\/\\\/kuzeyinsesi.org\\\/wp-content\\\/uploads\\\/2024\\\/05\\\/mesarya.webp.webp\",\"contentUrl\":\"https:\\\/\\\/kuzeyinsesi.org\\\/wp-content\\\/uploads\\\/2024\\\/05\\\/mesarya.webp.webp\",\"width\":710,\"height\":370},{\"@type\":\"BreadcrumbList\",\"@id\":\"https:\\\/\\\/kuzeyinsesi.org\\\/index.php\\\/2024\\\/05\\\/30\\\/mesarya-belediyesi-2-cocuk-festivali-yarin-yapiliyor\\\/#breadcrumb\",\"itemListElement\":[{\"@type\":\"ListItem\",\"position\":1,\"name\":\"Anasayfa\",\"item\":\"https:\\\/\\\/kuzeyinsesi.org\\\/\"},{\"@type\":\"ListItem\",\"position\":2,\"name\":\"Mesarya Belediyesi 2. \u00c7ocuk Festivali yar\u0131n yap\u0131l\u0131yor\"}]},{\"@type\":\"WebSite\",\"@id\":\"https:\\\/\\\/kuzeyinsesi.org\\\/#website\",\"url\":\"https:\\\/\\\/kuzeyinsesi.org\\\/\",\"name\":\"Kuzeyin Sesi\",\"description\":\"Do\u011fru Haberin Adresi\",\"potentialAction\":[{\"@type\":\"SearchAction\",\"target\":{\"@type\":\"EntryPoint\",\"urlTemplate\":\"https:\\\/\\\/kuzeyinsesi.org\\\/?s={search_term_string}\"},\"query-input\":{\"@type\":\"PropertyValueSpecification\",\"valueRequired\":true,\"valueName\":\"search_term_string\"}}],\"inLanguage\":\"tr\"},{\"@type\":\"Person\",\"@id\":\"https:\\\/\\\/kuzeyinsesi.org\\\/#\\\/schema\\\/person\\\/9f859689cdf01485597712386e37f5aa\",\"name\":\"Kuzeyin Sesi\",\"image\":{\"@type\":\"ImageObject\",\"inLanguage\":\"tr\",\"@id\":\"https:\\\/\\\/secure.gravatar.com\\\/avatar\\\/bab33852abfd8b282518d6ed81826833d77c3c882d9ab608add591ccace47a44?s=96&d=mm&r=g\",\"url\":\"https:\\\/\\\/secure.gravatar.com\\\/avatar\\\/bab33852abfd8b282518d6ed81826833d77c3c882d9ab608add591ccace47a44?s=96&d=mm&r=g\",\"contentUrl\":\"https:\\\/\\\/secure.gravatar.com\\\/avatar\\\/bab33852abfd8b282518d6ed81826833d77c3c882d9ab608add591ccace47a44?s=96&d=mm&r=g\",\"caption\":\"Kuzeyin Sesi\"},\"sameAs\":[\"https:\\\/\\\/kuzeyinsesi.org\"],\"url\":\"https:\\\/\\\/kuzeyinsesi.org\\\/index.php\\\/author\\\/guven\\\/\"}]}<\/script>\n<!-- \/ Yoast SEO plugin. -->","yoast_head_json":{"title":"Mesarya Belediyesi 2. \u00c7ocuk Festivali yar\u0131n yap\u0131l\u0131yor - Kuzeyin Sesi","robots":{"index":"index","follow":"follow","max-snippet":"max-snippet:-1","max-image-preview":"max-image-preview:large","max-video-preview":"max-video-preview:-1"},"canonical":"https:\/\/kuzeyinsesi.org\/index.php\/2024\/05\/30\/mesarya-belediyesi-2-cocuk-festivali-yarin-yapiliyor\/","og_locale":"tr_TR","og_type":"article","og_title":"Mesarya Belediyesi 2. \u00c7ocuk Festivali yar\u0131n yap\u0131l\u0131yor - Kuzeyin Sesi","og_description":"Mesarya Belediyesi\u2019nin d\u00fczenledi\u011fi 2. \u00c7ocuk Festivali yar\u0131n Akdo\u011fan A\u00e7\u0131k Hava Spor Merkezi\u2019nde yap\u0131l\u0131yor. Belediyeden verilen bilgiye g\u00f6re, festival, Akdo\u011fan k\u00f6y meydan\u0131nda 18.30\u2019da bando ekibi e\u015fli\u011finde kortej y\u00fcr\u00fcy\u00fc\u015f\u00fcyle ba\u015flayacak ve A\u00e7\u0131k Hava Spor Merkezi alan\u0131nda devam edecek. Festivalde futbol ve basketbol turnuvalar\u0131, b\u00f6lge okullar\u0131n\u0131n dans g\u00f6sterileri, halk danslar\u0131 topluluklar\u0131, m\u00fczik gruplar\u0131 ve \u00e7e\u015fitli stantlar\u0131 yer alacak.","og_url":"https:\/\/kuzeyinsesi.org\/index.php\/2024\/05\/30\/mesarya-belediyesi-2-cocuk-festivali-yarin-yapiliyor\/","og_site_name":"Kuzeyin Sesi","article_publisher":"https:\/\/www.facebook.com\/kuzeyinsesii","article_published_time":"2024-05-30T13:47:34+00:00","og_image":[{"width":710,"height":370,"url":"https:\/\/kuzeyinsesi.org\/wp-content\/uploads\/2024\/05\/mesarya.webp.webp","type":"image\/webp"}],"author":"Kuzeyin Sesi","twitter_card":"summary_large_image","twitter_creator":"@kuzeyinsesii","twitter_site":"@kuzeyinsesii","twitter_misc":{"Yazan:":"Kuzeyin Sesi"},"schema":{"@context":"https:\/\/schema.org","@graph":[{"@type":"Article","@id":"https:\/\/kuzeyinsesi.org\/index.php\/2024\/05\/30\/mesarya-belediyesi-2-cocuk-festivali-yarin-yapiliyor\/#article","isPartOf":{"@id":"https:\/\/kuzeyinsesi.org\/index.php\/2024\/05\/30\/mesarya-belediyesi-2-cocuk-festivali-yarin-yapiliyor\/"},"author":{"name":"Kuzeyin Sesi","@id":"https:\/\/kuzeyinsesi.org\/#\/schema\/person\/9f859689cdf01485597712386e37f5aa"},"headline":"Mesarya Belediyesi 2. \u00c7ocuk Festivali yar\u0131n yap\u0131l\u0131yor","datePublished":"2024-05-30T13:47:34+00:00","mainEntityOfPage":{"@id":"https:\/\/kuzeyinsesi.org\/index.php\/2024\/05\/30\/mesarya-belediyesi-2-cocuk-festivali-yarin-yapiliyor\/"},"wordCount":90,"commentCount":0,"image":{"@id":"https:\/\/kuzeyinsesi.org\/index.php\/2024\/05\/30\/mesarya-belediyesi-2-cocuk-festivali-yarin-yapiliyor\/#primaryimage"},"thumbnailUrl":"https:\/\/kuzeyinsesi.org\/wp-content\/uploads\/2024\/05\/mesarya.webp.webp","articleSection":["Ya\u015fam"],"inLanguage":"tr","potentialAction":[{"@type":"CommentAction","name":"Comment","target":["https:\/\/kuzeyinsesi.org\/index.php\/2024\/05\/30\/mesarya-belediyesi-2-cocuk-festivali-yarin-yapiliyor\/#respond"]}]},{"@type":"WebPage","@id":"https:\/\/kuzeyinsesi.org\/index.php\/2024\/05\/30\/mesarya-belediyesi-2-cocuk-festivali-yarin-yapiliyor\/","url":"https:\/\/kuzeyinsesi.org\/index.php\/2024\/05\/30\/mesarya-belediyesi-2-cocuk-festivali-yarin-yapiliyor\/","name":"Mesarya Belediyesi 2. \u00c7ocuk Festivali yar\u0131n yap\u0131l\u0131yor - Kuzeyin Sesi","isPartOf":{"@id":"https:\/\/kuzeyinsesi.org\/#website"},"primaryImageOfPage":{"@id":"https:\/\/kuzeyinsesi.org\/index.php\/2024\/05\/30\/mesarya-belediyesi-2-cocuk-festivali-yarin-yapiliyor\/#primaryimage"},"image":{"@id":"https:\/\/kuzeyinsesi.org\/index.php\/2024\/05\/30\/mesarya-belediyesi-2-cocuk-festivali-yarin-yapiliyor\/#primaryimage"},"thumbnailUrl":"https:\/\/kuzeyinsesi.org\/wp-content\/uploads\/2024\/05\/mesarya.webp.webp","datePublished":"2024-05-30T13:47:34+00:00","author":{"@id":"https:\/\/kuzeyinsesi.org\/#\/schema\/person\/9f859689cdf01485597712386e37f5aa"},"breadcrumb":{"@id":"https:\/\/kuzeyinsesi.org\/index.php\/2024\/05\/30\/mesarya-belediyesi-2-cocuk-festivali-yarin-yapiliyor\/#breadcrumb"},"inLanguage":"tr","potentialAction":[{"@type":"ReadAction","target":["https:\/\/kuzeyinsesi.org\/index.php\/2024\/05\/30\/mesarya-belediyesi-2-cocuk-festivali-yarin-yapiliyor\/"]}]},{"@type":"ImageObject","inLanguage":"tr","@id":"https:\/\/kuzeyinsesi.org\/index.php\/2024\/05\/30\/mesarya-belediyesi-2-cocuk-festivali-yarin-yapiliyor\/#primaryimage","url":"https:\/\/kuzeyinsesi.org\/wp-content\/uploads\/2024\/05\/mesarya.webp.webp","contentUrl":"https:\/\/kuzeyinsesi.org\/wp-content\/uploads\/2024\/05\/mesarya.webp.webp","width":710,"height":370},{"@type":"BreadcrumbList","@id":"https:\/\/kuzeyinsesi.org\/index.php\/2024\/05\/30\/mesarya-belediyesi-2-cocuk-festivali-yarin-yapiliyor\/#breadcrumb","itemListElement":[{"@type":"ListItem","position":1,"name":"Anasayfa","item":"https:\/\/kuzeyinsesi.org\/"},{"@type":"ListItem","position":2,"name":"Mesarya Belediyesi 2. \u00c7ocuk Festivali yar\u0131n yap\u0131l\u0131yor"}]},{"@type":"WebSite","@id":"https:\/\/kuzeyinsesi.org\/#website","url":"https:\/\/kuzeyinsesi.org\/","name":"Kuzeyin Sesi","description":"Do\u011fru Haberin Adresi","potentialAction":[{"@type":"SearchAction","target":{"@type":"EntryPoint","urlTemplate":"https:\/\/kuzeyinsesi.org\/?s={search_term_string}"},"query-input":{"@type":"PropertyValueSpecification","valueRequired":true,"valueName":"search_term_string"}}],"inLanguage":"tr"},{"@type":"Person","@id":"https:\/\/kuzeyinsesi.org\/#\/schema\/person\/9f859689cdf01485597712386e37f5aa","name":"Kuzeyin Sesi","image":{"@type":"ImageObject","inLanguage":"tr","@id":"https:\/\/secure.gravatar.com\/avatar\/bab33852abfd8b282518d6ed81826833d77c3c882d9ab608add591ccace47a44?s=96&d=mm&r=g","url":"https:\/\/secure.gravatar.com\/avatar\/bab33852abfd8b282518d6ed81826833d77c3c882d9ab608add591ccace47a44?s=96&d=mm&r=g","contentUrl":"https:\/\/secure.gravatar.com\/avatar\/bab33852abfd8b282518d6ed81826833d77c3c882d9ab608add591ccace47a44?s=96&d=mm&r=g","caption":"Kuzeyin Sesi"},"sameAs":["https:\/\/kuzeyinsesi.org"],"url":"https:\/\/kuzeyinsesi.org\/index.php\/author\/guven\/"}]}},"_links":{"self":[{"href":"https:\/\/kuzeyinsesi.org\/index.php\/wp-json\/wp\/v2\/posts\/3743","targetHints":{"allow":["GET"]}}],"collection":[{"href":"https:\/\/kuzeyinsesi.org\/index.php\/wp-json\/wp\/v2\/posts"}],"about":[{"href":"https:\/\/kuzeyinsesi.org\/index.php\/wp-json\/wp\/v2\/types\/post"}],"author":[{"embeddable":true,"href":"https:\/\/kuzeyinsesi.org\/index.php\/wp-json\/wp\/v2\/users\/1"}],"replies":[{"embeddable":true,"href":"https:\/\/kuzeyinsesi.org\/index.php\/wp-json\/wp\/v2\/comments?post=3743"}],"version-history":[{"count":0,"href":"https:\/\/kuzeyinsesi.org\/index.php\/wp-json\/wp\/v2\/posts\/3743\/revisions"}],"wp:featuredmedia":[{"embeddable":true,"href":"https:\/\/kuzeyinsesi.org\/index.php\/wp-json\/wp\/v2\/media\/3744"}],"wp:attachment":[{"href":"https:\/\/kuzeyinsesi.org\/index.php\/wp-json\/wp\/v2\/media?parent=3743"}],"wp:term":[{"taxonomy":"category","embeddable":true,"href":"https:\/\/kuzeyinsesi.org\/index.php\/wp-json\/wp\/v2\/categories?post=3743"},{"taxonomy":"post_tag","embeddable":true,"href":"https:\/\/kuzeyinsesi.org\/index.php\/wp-json\/wp\/v2\/tags?post=3743"}],"curies":[{"name":"wp","href":"https:\/\/api.w.org\/{rel}","templated":true}]}}