{"id":37392,"date":"2026-04-27T13:49:28","date_gmt":"2026-04-27T10:49:28","guid":{"rendered":"https:\/\/kuzeyinsesi.org\/index.php\/2026\/04\/27\/2026-yili-balikcilik-av-malzemesi-destek-basvurulari-basliyor\/"},"modified":"2026-04-27T13:49:28","modified_gmt":"2026-04-27T10:49:28","slug":"2026-yili-balikcilik-av-malzemesi-destek-basvurulari-basliyor","status":"publish","type":"post","link":"https:\/\/kuzeyinsesi.org\/index.php\/2026\/04\/27\/2026-yili-balikcilik-av-malzemesi-destek-basvurulari-basliyor\/","title":{"rendered":"2026 y\u0131l\u0131 bal\u0131k\u00e7\u0131l\u0131k av malzemesi destek ba\u015fvurular\u0131 ba\u015fl\u0131yor"},"content":{"rendered":"<p style=\"font-weight: 300\"><span style=\"font-weight: 300 !important\">Tar\u0131m ve Do\u011fal Kaynaklar Bakanl\u0131\u011f\u0131\u2019na ba\u011fl\u0131 Hayvanc\u0131l\u0131k Dairesi, \u201c2026 Tar\u0131msal Desteklemelerin Belirlenmesi\u201d kapsam\u0131nda mesleki bal\u0131k\u00e7\u0131lara y\u00f6nelik av malzemesi al\u0131m deste\u011finin ba\u015flat\u0131laca\u011f\u0131n\u0131 duyurdu.<\/span><\/p>\n<p style=\"font-weight: 300\"><span style=\"font-weight: 300 !important\">Bakanl\u0131ktan yap\u0131lan a\u00e7\u0131klamaya g\u00f6re, 4 May\u0131s\u201310 Temmuz tarihleri aras\u0131nda temin edilecek bal\u0131k\u00e7\u0131l\u0131k malzemeleri i\u00e7in, Katma De\u011fer Vergisi (KDV) hari\u00e7 fatura bedelinin y\u00fczde 50\u2019si oran\u0131nda destek sa\u011flanacak.<\/span><\/p>\n<p style=\"font-weight: 300\"><span style=\"font-weight: 300 !important\">\u00a0<\/span><\/p>\n<p style=\"font-weight: 300\"><span style=\"font-weight: 300 !important\">Destek \u00fcst limitleri A s\u0131n\u0131f\u0131 bal\u0131k\u00e7\u0131lar i\u00e7in 30 bin TL, B s\u0131n\u0131f\u0131 bal\u0131k\u00e7\u0131lar i\u00e7in ise 80 bin TL olarak belirlendi.<\/span><\/p>\n<p style=\"font-weight: 300\"><span style=\"font-weight: 300 !important\">\u00a0<\/span><\/p>\n<p style=\"font-weight: 300\"><span style=\"font-weight: 300 !important\">Destek kapsam\u0131nda a\u011f, olta, halat, bal\u0131k bulucu cihazlar ve benzeri av malzemeleri yer al\u0131rken; g\u00f6z a\u00e7\u0131kl\u0131\u011f\u0131 36 mm (18 mm alt\u0131) olan a\u011flar, yak\u0131t ve g\u0131da harcamalar\u0131 ile G\u00fcney K\u0131br\u0131s\u2019tan yap\u0131lan al\u0131mlar kapsam d\u0131\u015f\u0131nda tutuldu.<\/span><\/p>\n<p style=\"font-weight: 300\"><span style=\"font-weight: 300 !important\">\u00a0<\/span><\/p>\n<p style=\"font-weight: 300\"><span style=\"font-weight: 300 !important\">Ba\u015fvurular\u0131n, belirtilen tarihler aras\u0131nda gerekli belgelerle birlikte Hayvanc\u0131l\u0131k Dairesi\u2019ne yap\u0131laca\u011f\u0131, uygun bulunan ba\u015fvurulara ili\u015fkin \u00f6demelerin ise Kooperatif Merkez Bankas\u0131 arac\u0131l\u0131\u011f\u0131yla ger\u00e7ekle\u015ftirilece\u011fi bildirildi.<\/span><\/p>\n","protected":false},"excerpt":{"rendered":"<p>Tar\u0131m ve Do\u011fal Kaynaklar Bakanl\u0131\u011f\u0131\u2019na ba\u011fl\u0131 Hayvanc\u0131l\u0131k Dairesi, \u201c2026 Tar\u0131msal Desteklemelerin Belirlenmesi\u201d kapsam\u0131nda mesleki bal\u0131k\u00e7\u0131lara y\u00f6nelik av malzemesi al\u0131m deste\u011finin ba\u015flat\u0131laca\u011f\u0131n\u0131 duyurdu. Bakanl\u0131ktan yap\u0131lan a\u00e7\u0131klamaya g\u00f6re, 4 May\u0131s\u201310 Temmuz tarihleri aras\u0131nda temin edilecek bal\u0131k\u00e7\u0131l\u0131k malzemeleri i\u00e7in, Katma De\u011fer Vergisi (KDV) hari\u00e7 fatura bedelinin y\u00fczde 50\u2019si oran\u0131nda destek sa\u011flanacak. \u00a0 Destek \u00fcst limitleri A s\u0131n\u0131f\u0131 bal\u0131k\u00e7\u0131lar [&hellip;]<\/p>\n","protected":false},"author":1,"featured_media":37393,"comment_status":"open","ping_status":"open","sticky":false,"template":"","format":"standard","meta":{"jnews-multi-image_gallery":[],"jnews_single_post":[],"jnews_primary_category":[],"jnews_social_meta":[],"jnews_override_counter":[],"footnotes":""},"categories":[1],"tags":[],"class_list":["post-37392","post","type-post","status-publish","format-standard","has-post-thumbnail","hentry","category-kibris"],"yoast_head":"<!-- This site is optimized with the Yoast SEO plugin v27.4 - https:\/\/yoast.com\/product\/yoast-seo-wordpress\/ -->\n<title>2026 y\u0131l\u0131 bal\u0131k\u00e7\u0131l\u0131k av malzemesi destek ba\u015fvurular\u0131 ba\u015fl\u0131yor - Kuzeyin Sesi<\/title>\n<meta name=\"robots\" content=\"index, follow, max-snippet:-1, max-image-preview:large, max-video-preview:-1\" \/>\n<link rel=\"canonical\" href=\"https:\/\/kuzeyinsesi.org\/index.php\/2026\/04\/27\/2026-yili-balikcilik-av-malzemesi-destek-basvurulari-basliyor\/\" \/>\n<meta property=\"og:locale\" content=\"tr_TR\" \/>\n<meta property=\"og:type\" content=\"article\" \/>\n<meta property=\"og:title\" content=\"2026 y\u0131l\u0131 bal\u0131k\u00e7\u0131l\u0131k av malzemesi destek ba\u015fvurular\u0131 ba\u015fl\u0131yor - Kuzeyin Sesi\" \/>\n<meta property=\"og:description\" content=\"Tar\u0131m ve Do\u011fal Kaynaklar Bakanl\u0131\u011f\u0131\u2019na ba\u011fl\u0131 Hayvanc\u0131l\u0131k Dairesi, \u201c2026 Tar\u0131msal Desteklemelerin Belirlenmesi\u201d kapsam\u0131nda mesleki bal\u0131k\u00e7\u0131lara y\u00f6nelik av malzemesi al\u0131m deste\u011finin ba\u015flat\u0131laca\u011f\u0131n\u0131 duyurdu. Bakanl\u0131ktan yap\u0131lan a\u00e7\u0131klamaya g\u00f6re, 4 May\u0131s\u201310 Temmuz tarihleri aras\u0131nda temin edilecek bal\u0131k\u00e7\u0131l\u0131k malzemeleri i\u00e7in, Katma De\u011fer Vergisi (KDV) hari\u00e7 fatura bedelinin y\u00fczde 50\u2019si oran\u0131nda destek sa\u011flanacak. \u00a0 Destek \u00fcst limitleri A s\u0131n\u0131f\u0131 bal\u0131k\u00e7\u0131lar [&hellip;]\" \/>\n<meta property=\"og:url\" content=\"https:\/\/kuzeyinsesi.org\/index.php\/2026\/04\/27\/2026-yili-balikcilik-av-malzemesi-destek-basvurulari-basliyor\/\" \/>\n<meta property=\"og:site_name\" content=\"Kuzeyin Sesi\" \/>\n<meta property=\"article:publisher\" content=\"https:\/\/www.facebook.com\/kuzeyinsesii\" \/>\n<meta property=\"article:published_time\" content=\"2026-04-27T10:49:28+00:00\" \/>\n<meta name=\"author\" content=\"Kuzeyin Sesi\" \/>\n<meta name=\"twitter:card\" content=\"summary_large_image\" \/>\n<meta name=\"twitter:creator\" content=\"@kuzeyinsesii\" \/>\n<meta name=\"twitter:site\" content=\"@kuzeyinsesii\" \/>\n<meta name=\"twitter:label1\" content=\"Yazan:\" \/>\n\t<meta name=\"twitter:data1\" content=\"Kuzeyin Sesi\" \/>\n\t<meta name=\"twitter:label2\" content=\"Tahmini okuma s\u00fcresi\" \/>\n\t<meta name=\"twitter:data2\" content=\"1 dakika\" \/>\n<script type=\"application\/ld+json\" class=\"yoast-schema-graph\">{\"@context\":\"https:\\\/\\\/schema.org\",\"@graph\":[{\"@type\":\"Article\",\"@id\":\"https:\\\/\\\/kuzeyinsesi.org\\\/index.php\\\/2026\\\/04\\\/27\\\/2026-yili-balikcilik-av-malzemesi-destek-basvurulari-basliyor\\\/#article\",\"isPartOf\":{\"@id\":\"https:\\\/\\\/kuzeyinsesi.org\\\/index.php\\\/2026\\\/04\\\/27\\\/2026-yili-balikcilik-av-malzemesi-destek-basvurulari-basliyor\\\/\"},\"author\":{\"name\":\"Kuzeyin Sesi\",\"@id\":\"https:\\\/\\\/kuzeyinsesi.org\\\/#\\\/schema\\\/person\\\/9f859689cdf01485597712386e37f5aa\"},\"headline\":\"2026 y\u0131l\u0131 bal\u0131k\u00e7\u0131l\u0131k av malzemesi destek ba\u015fvurular\u0131 ba\u015fl\u0131yor\",\"datePublished\":\"2026-04-27T10:49:28+00:00\",\"mainEntityOfPage\":{\"@id\":\"https:\\\/\\\/kuzeyinsesi.org\\\/index.php\\\/2026\\\/04\\\/27\\\/2026-yili-balikcilik-av-malzemesi-destek-basvurulari-basliyor\\\/\"},\"wordCount\":202,\"commentCount\":0,\"image\":{\"@id\":\"https:\\\/\\\/kuzeyinsesi.org\\\/index.php\\\/2026\\\/04\\\/27\\\/2026-yili-balikcilik-av-malzemesi-destek-basvurulari-basliyor\\\/#primaryimage\"},\"thumbnailUrl\":\"https:\\\/\\\/kuzeyinsesi.org\\\/wp-content\\\/uploads\\\/2026\\\/04\\\/cikolar-7.jpeg\",\"articleSection\":[\"K\u0131br\u0131s\"],\"inLanguage\":\"tr\",\"potentialAction\":[{\"@type\":\"CommentAction\",\"name\":\"Comment\",\"target\":[\"https:\\\/\\\/kuzeyinsesi.org\\\/index.php\\\/2026\\\/04\\\/27\\\/2026-yili-balikcilik-av-malzemesi-destek-basvurulari-basliyor\\\/#respond\"]}]},{\"@type\":\"WebPage\",\"@id\":\"https:\\\/\\\/kuzeyinsesi.org\\\/index.php\\\/2026\\\/04\\\/27\\\/2026-yili-balikcilik-av-malzemesi-destek-basvurulari-basliyor\\\/\",\"url\":\"https:\\\/\\\/kuzeyinsesi.org\\\/index.php\\\/2026\\\/04\\\/27\\\/2026-yili-balikcilik-av-malzemesi-destek-basvurulari-basliyor\\\/\",\"name\":\"2026 y\u0131l\u0131 bal\u0131k\u00e7\u0131l\u0131k av malzemesi destek ba\u015fvurular\u0131 ba\u015fl\u0131yor - Kuzeyin Sesi\",\"isPartOf\":{\"@id\":\"https:\\\/\\\/kuzeyinsesi.org\\\/#website\"},\"primaryImageOfPage\":{\"@id\":\"https:\\\/\\\/kuzeyinsesi.org\\\/index.php\\\/2026\\\/04\\\/27\\\/2026-yili-balikcilik-av-malzemesi-destek-basvurulari-basliyor\\\/#primaryimage\"},\"image\":{\"@id\":\"https:\\\/\\\/kuzeyinsesi.org\\\/index.php\\\/2026\\\/04\\\/27\\\/2026-yili-balikcilik-av-malzemesi-destek-basvurulari-basliyor\\\/#primaryimage\"},\"thumbnailUrl\":\"https:\\\/\\\/kuzeyinsesi.org\\\/wp-content\\\/uploads\\\/2026\\\/04\\\/cikolar-7.jpeg\",\"datePublished\":\"2026-04-27T10:49:28+00:00\",\"author\":{\"@id\":\"https:\\\/\\\/kuzeyinsesi.org\\\/#\\\/schema\\\/person\\\/9f859689cdf01485597712386e37f5aa\"},\"breadcrumb\":{\"@id\":\"https:\\\/\\\/kuzeyinsesi.org\\\/index.php\\\/2026\\\/04\\\/27\\\/2026-yili-balikcilik-av-malzemesi-destek-basvurulari-basliyor\\\/#breadcrumb\"},\"inLanguage\":\"tr\",\"potentialAction\":[{\"@type\":\"ReadAction\",\"target\":[\"https:\\\/\\\/kuzeyinsesi.org\\\/index.php\\\/2026\\\/04\\\/27\\\/2026-yili-balikcilik-av-malzemesi-destek-basvurulari-basliyor\\\/\"]}]},{\"@type\":\"ImageObject\",\"inLanguage\":\"tr\",\"@id\":\"https:\\\/\\\/kuzeyinsesi.org\\\/index.php\\\/2026\\\/04\\\/27\\\/2026-yili-balikcilik-av-malzemesi-destek-basvurulari-basliyor\\\/#primaryimage\",\"url\":\"https:\\\/\\\/kuzeyinsesi.org\\\/wp-content\\\/uploads\\\/2026\\\/04\\\/cikolar-7.jpeg\",\"contentUrl\":\"https:\\\/\\\/kuzeyinsesi.org\\\/wp-content\\\/uploads\\\/2026\\\/04\\\/cikolar-7.jpeg\",\"width\":1147,\"height\":1529},{\"@type\":\"BreadcrumbList\",\"@id\":\"https:\\\/\\\/kuzeyinsesi.org\\\/index.php\\\/2026\\\/04\\\/27\\\/2026-yili-balikcilik-av-malzemesi-destek-basvurulari-basliyor\\\/#breadcrumb\",\"itemListElement\":[{\"@type\":\"ListItem\",\"position\":1,\"name\":\"Anasayfa\",\"item\":\"https:\\\/\\\/kuzeyinsesi.org\\\/\"},{\"@type\":\"ListItem\",\"position\":2,\"name\":\"2026 y\u0131l\u0131 bal\u0131k\u00e7\u0131l\u0131k av malzemesi destek ba\u015fvurular\u0131 ba\u015fl\u0131yor\"}]},{\"@type\":\"WebSite\",\"@id\":\"https:\\\/\\\/kuzeyinsesi.org\\\/#website\",\"url\":\"https:\\\/\\\/kuzeyinsesi.org\\\/\",\"name\":\"Kuzeyin Sesi\",\"description\":\"Do\u011fru Haberin Adresi\",\"potentialAction\":[{\"@type\":\"SearchAction\",\"target\":{\"@type\":\"EntryPoint\",\"urlTemplate\":\"https:\\\/\\\/kuzeyinsesi.org\\\/?s={search_term_string}\"},\"query-input\":{\"@type\":\"PropertyValueSpecification\",\"valueRequired\":true,\"valueName\":\"search_term_string\"}}],\"inLanguage\":\"tr\"},{\"@type\":\"Person\",\"@id\":\"https:\\\/\\\/kuzeyinsesi.org\\\/#\\\/schema\\\/person\\\/9f859689cdf01485597712386e37f5aa\",\"name\":\"Kuzeyin Sesi\",\"image\":{\"@type\":\"ImageObject\",\"inLanguage\":\"tr\",\"@id\":\"https:\\\/\\\/secure.gravatar.com\\\/avatar\\\/bab33852abfd8b282518d6ed81826833d77c3c882d9ab608add591ccace47a44?s=96&d=mm&r=g\",\"url\":\"https:\\\/\\\/secure.gravatar.com\\\/avatar\\\/bab33852abfd8b282518d6ed81826833d77c3c882d9ab608add591ccace47a44?s=96&d=mm&r=g\",\"contentUrl\":\"https:\\\/\\\/secure.gravatar.com\\\/avatar\\\/bab33852abfd8b282518d6ed81826833d77c3c882d9ab608add591ccace47a44?s=96&d=mm&r=g\",\"caption\":\"Kuzeyin Sesi\"},\"sameAs\":[\"https:\\\/\\\/kuzeyinsesi.org\"],\"url\":\"https:\\\/\\\/kuzeyinsesi.org\\\/index.php\\\/author\\\/guven\\\/\"}]}<\/script>\n<!-- \/ Yoast SEO plugin. -->","yoast_head_json":{"title":"2026 y\u0131l\u0131 bal\u0131k\u00e7\u0131l\u0131k av malzemesi destek ba\u015fvurular\u0131 ba\u015fl\u0131yor - Kuzeyin Sesi","robots":{"index":"index","follow":"follow","max-snippet":"max-snippet:-1","max-image-preview":"max-image-preview:large","max-video-preview":"max-video-preview:-1"},"canonical":"https:\/\/kuzeyinsesi.org\/index.php\/2026\/04\/27\/2026-yili-balikcilik-av-malzemesi-destek-basvurulari-basliyor\/","og_locale":"tr_TR","og_type":"article","og_title":"2026 y\u0131l\u0131 bal\u0131k\u00e7\u0131l\u0131k av malzemesi destek ba\u015fvurular\u0131 ba\u015fl\u0131yor - Kuzeyin Sesi","og_description":"Tar\u0131m ve Do\u011fal Kaynaklar Bakanl\u0131\u011f\u0131\u2019na ba\u011fl\u0131 Hayvanc\u0131l\u0131k Dairesi, \u201c2026 Tar\u0131msal Desteklemelerin Belirlenmesi\u201d kapsam\u0131nda mesleki bal\u0131k\u00e7\u0131lara y\u00f6nelik av malzemesi al\u0131m deste\u011finin ba\u015flat\u0131laca\u011f\u0131n\u0131 duyurdu. Bakanl\u0131ktan yap\u0131lan a\u00e7\u0131klamaya g\u00f6re, 4 May\u0131s\u201310 Temmuz tarihleri aras\u0131nda temin edilecek bal\u0131k\u00e7\u0131l\u0131k malzemeleri i\u00e7in, Katma De\u011fer Vergisi (KDV) hari\u00e7 fatura bedelinin y\u00fczde 50\u2019si oran\u0131nda destek sa\u011flanacak. \u00a0 Destek \u00fcst limitleri A s\u0131n\u0131f\u0131 bal\u0131k\u00e7\u0131lar [&hellip;]","og_url":"https:\/\/kuzeyinsesi.org\/index.php\/2026\/04\/27\/2026-yili-balikcilik-av-malzemesi-destek-basvurulari-basliyor\/","og_site_name":"Kuzeyin Sesi","article_publisher":"https:\/\/www.facebook.com\/kuzeyinsesii","article_published_time":"2026-04-27T10:49:28+00:00","author":"Kuzeyin Sesi","twitter_card":"summary_large_image","twitter_creator":"@kuzeyinsesii","twitter_site":"@kuzeyinsesii","twitter_misc":{"Yazan:":"Kuzeyin Sesi","Tahmini okuma s\u00fcresi":"1 dakika"},"schema":{"@context":"https:\/\/schema.org","@graph":[{"@type":"Article","@id":"https:\/\/kuzeyinsesi.org\/index.php\/2026\/04\/27\/2026-yili-balikcilik-av-malzemesi-destek-basvurulari-basliyor\/#article","isPartOf":{"@id":"https:\/\/kuzeyinsesi.org\/index.php\/2026\/04\/27\/2026-yili-balikcilik-av-malzemesi-destek-basvurulari-basliyor\/"},"author":{"name":"Kuzeyin Sesi","@id":"https:\/\/kuzeyinsesi.org\/#\/schema\/person\/9f859689cdf01485597712386e37f5aa"},"headline":"2026 y\u0131l\u0131 bal\u0131k\u00e7\u0131l\u0131k av malzemesi destek ba\u015fvurular\u0131 ba\u015fl\u0131yor","datePublished":"2026-04-27T10:49:28+00:00","mainEntityOfPage":{"@id":"https:\/\/kuzeyinsesi.org\/index.php\/2026\/04\/27\/2026-yili-balikcilik-av-malzemesi-destek-basvurulari-basliyor\/"},"wordCount":202,"commentCount":0,"image":{"@id":"https:\/\/kuzeyinsesi.org\/index.php\/2026\/04\/27\/2026-yili-balikcilik-av-malzemesi-destek-basvurulari-basliyor\/#primaryimage"},"thumbnailUrl":"https:\/\/kuzeyinsesi.org\/wp-content\/uploads\/2026\/04\/cikolar-7.jpeg","articleSection":["K\u0131br\u0131s"],"inLanguage":"tr","potentialAction":[{"@type":"CommentAction","name":"Comment","target":["https:\/\/kuzeyinsesi.org\/index.php\/2026\/04\/27\/2026-yili-balikcilik-av-malzemesi-destek-basvurulari-basliyor\/#respond"]}]},{"@type":"WebPage","@id":"https:\/\/kuzeyinsesi.org\/index.php\/2026\/04\/27\/2026-yili-balikcilik-av-malzemesi-destek-basvurulari-basliyor\/","url":"https:\/\/kuzeyinsesi.org\/index.php\/2026\/04\/27\/2026-yili-balikcilik-av-malzemesi-destek-basvurulari-basliyor\/","name":"2026 y\u0131l\u0131 bal\u0131k\u00e7\u0131l\u0131k av malzemesi destek ba\u015fvurular\u0131 ba\u015fl\u0131yor - Kuzeyin Sesi","isPartOf":{"@id":"https:\/\/kuzeyinsesi.org\/#website"},"primaryImageOfPage":{"@id":"https:\/\/kuzeyinsesi.org\/index.php\/2026\/04\/27\/2026-yili-balikcilik-av-malzemesi-destek-basvurulari-basliyor\/#primaryimage"},"image":{"@id":"https:\/\/kuzeyinsesi.org\/index.php\/2026\/04\/27\/2026-yili-balikcilik-av-malzemesi-destek-basvurulari-basliyor\/#primaryimage"},"thumbnailUrl":"https:\/\/kuzeyinsesi.org\/wp-content\/uploads\/2026\/04\/cikolar-7.jpeg","datePublished":"2026-04-27T10:49:28+00:00","author":{"@id":"https:\/\/kuzeyinsesi.org\/#\/schema\/person\/9f859689cdf01485597712386e37f5aa"},"breadcrumb":{"@id":"https:\/\/kuzeyinsesi.org\/index.php\/2026\/04\/27\/2026-yili-balikcilik-av-malzemesi-destek-basvurulari-basliyor\/#breadcrumb"},"inLanguage":"tr","potentialAction":[{"@type":"ReadAction","target":["https:\/\/kuzeyinsesi.org\/index.php\/2026\/04\/27\/2026-yili-balikcilik-av-malzemesi-destek-basvurulari-basliyor\/"]}]},{"@type":"ImageObject","inLanguage":"tr","@id":"https:\/\/kuzeyinsesi.org\/index.php\/2026\/04\/27\/2026-yili-balikcilik-av-malzemesi-destek-basvurulari-basliyor\/#primaryimage","url":"https:\/\/kuzeyinsesi.org\/wp-content\/uploads\/2026\/04\/cikolar-7.jpeg","contentUrl":"https:\/\/kuzeyinsesi.org\/wp-content\/uploads\/2026\/04\/cikolar-7.jpeg","width":1147,"height":1529},{"@type":"BreadcrumbList","@id":"https:\/\/kuzeyinsesi.org\/index.php\/2026\/04\/27\/2026-yili-balikcilik-av-malzemesi-destek-basvurulari-basliyor\/#breadcrumb","itemListElement":[{"@type":"ListItem","position":1,"name":"Anasayfa","item":"https:\/\/kuzeyinsesi.org\/"},{"@type":"ListItem","position":2,"name":"2026 y\u0131l\u0131 bal\u0131k\u00e7\u0131l\u0131k av malzemesi destek ba\u015fvurular\u0131 ba\u015fl\u0131yor"}]},{"@type":"WebSite","@id":"https:\/\/kuzeyinsesi.org\/#website","url":"https:\/\/kuzeyinsesi.org\/","name":"Kuzeyin Sesi","description":"Do\u011fru Haberin Adresi","potentialAction":[{"@type":"SearchAction","target":{"@type":"EntryPoint","urlTemplate":"https:\/\/kuzeyinsesi.org\/?s={search_term_string}"},"query-input":{"@type":"PropertyValueSpecification","valueRequired":true,"valueName":"search_term_string"}}],"inLanguage":"tr"},{"@type":"Person","@id":"https:\/\/kuzeyinsesi.org\/#\/schema\/person\/9f859689cdf01485597712386e37f5aa","name":"Kuzeyin Sesi","image":{"@type":"ImageObject","inLanguage":"tr","@id":"https:\/\/secure.gravatar.com\/avatar\/bab33852abfd8b282518d6ed81826833d77c3c882d9ab608add591ccace47a44?s=96&d=mm&r=g","url":"https:\/\/secure.gravatar.com\/avatar\/bab33852abfd8b282518d6ed81826833d77c3c882d9ab608add591ccace47a44?s=96&d=mm&r=g","contentUrl":"https:\/\/secure.gravatar.com\/avatar\/bab33852abfd8b282518d6ed81826833d77c3c882d9ab608add591ccace47a44?s=96&d=mm&r=g","caption":"Kuzeyin Sesi"},"sameAs":["https:\/\/kuzeyinsesi.org"],"url":"https:\/\/kuzeyinsesi.org\/index.php\/author\/guven\/"}]}},"_links":{"self":[{"href":"https:\/\/kuzeyinsesi.org\/index.php\/wp-json\/wp\/v2\/posts\/37392","targetHints":{"allow":["GET"]}}],"collection":[{"href":"https:\/\/kuzeyinsesi.org\/index.php\/wp-json\/wp\/v2\/posts"}],"about":[{"href":"https:\/\/kuzeyinsesi.org\/index.php\/wp-json\/wp\/v2\/types\/post"}],"author":[{"embeddable":true,"href":"https:\/\/kuzeyinsesi.org\/index.php\/wp-json\/wp\/v2\/users\/1"}],"replies":[{"embeddable":true,"href":"https:\/\/kuzeyinsesi.org\/index.php\/wp-json\/wp\/v2\/comments?post=37392"}],"version-history":[{"count":0,"href":"https:\/\/kuzeyinsesi.org\/index.php\/wp-json\/wp\/v2\/posts\/37392\/revisions"}],"wp:featuredmedia":[{"embeddable":true,"href":"https:\/\/kuzeyinsesi.org\/index.php\/wp-json\/wp\/v2\/media\/37393"}],"wp:attachment":[{"href":"https:\/\/kuzeyinsesi.org\/index.php\/wp-json\/wp\/v2\/media?parent=37392"}],"wp:term":[{"taxonomy":"category","embeddable":true,"href":"https:\/\/kuzeyinsesi.org\/index.php\/wp-json\/wp\/v2\/categories?post=37392"},{"taxonomy":"post_tag","embeddable":true,"href":"https:\/\/kuzeyinsesi.org\/index.php\/wp-json\/wp\/v2\/tags?post=37392"}],"curies":[{"name":"wp","href":"https:\/\/api.w.org\/{rel}","templated":true}]}}