{"id":37382,"date":"2026-04-27T12:42:25","date_gmt":"2026-04-27T09:42:25","guid":{"rendered":"https:\/\/kuzeyinsesi.org\/index.php\/2026\/04\/27\/gazimagusada-ani-olum-62-yasinda-hayatini-kaybetti\/"},"modified":"2026-04-27T12:42:25","modified_gmt":"2026-04-27T09:42:25","slug":"gazimagusada-ani-olum-62-yasinda-hayatini-kaybetti","status":"publish","type":"post","link":"https:\/\/kuzeyinsesi.org\/index.php\/2026\/04\/27\/gazimagusada-ani-olum-62-yasinda-hayatini-kaybetti\/","title":{"rendered":"Gazima\u011fusa\u2019da ani \u00f6l\u00fcm: 62 ya\u015f\u0131nda hayat\u0131n\u0131 kaybetti"},"content":{"rendered":"<p>Gazima\u011fusa\u2019da d\u00fcn gece bir e\u011flence mekan\u0131nda aniden rahats\u0131zlanan 62 ya\u015f\u0131ndaki Ali Kumlutepe ya\u015fam\u0131n\u0131 yitirdi.<\/p>\n<p>Polisten verilen bilgiye g\u00f6re,\u00a0m\u00fc\u015fteri olarak bulundu\u011fu e\u011flence mekan\u0131nda hayat\u0131n\u0131 kaybeden\u00a0Kumlutepe\u2019nin \u00fczerinde g\u00f6revli doktor taraf\u0131ndan yap\u0131lan fiziki muayenede, darp veya cebir izine rastlanmad\u0131.<\/p>\n<p>Kumlutepe\u2019nin \u00f6l\u00fcm sebebi, otopsi sonucunda tespit edilecek.<\/p>\n<p>Polisin olayla ilgili soru\u015fturmas\u0131 s\u00fcr\u00fcyor.<\/p>\n<p>&nbsp;<\/p>\n","protected":false},"excerpt":{"rendered":"<p>Gazima\u011fusa\u2019da d\u00fcn gece bir e\u011flence mekan\u0131nda aniden rahats\u0131zlanan 62 ya\u015f\u0131ndaki Ali Kumlutepe ya\u015fam\u0131n\u0131 yitirdi. Polisten verilen bilgiye g\u00f6re,\u00a0m\u00fc\u015fteri olarak bulundu\u011fu e\u011flence mekan\u0131nda hayat\u0131n\u0131 kaybeden\u00a0Kumlutepe\u2019nin \u00fczerinde g\u00f6revli doktor taraf\u0131ndan yap\u0131lan fiziki muayenede, darp veya cebir izine rastlanmad\u0131. Kumlutepe\u2019nin \u00f6l\u00fcm sebebi, otopsi sonucunda tespit edilecek. Polisin olayla ilgili soru\u015fturmas\u0131 s\u00fcr\u00fcyor. &nbsp;<\/p>\n","protected":false},"author":1,"featured_media":37383,"comment_status":"open","ping_status":"open","sticky":false,"template":"","format":"standard","meta":{"jnews-multi-image_gallery":[],"jnews_single_post":[],"jnews_primary_category":[],"jnews_social_meta":[],"jnews_override_counter":[],"footnotes":""},"categories":[1],"tags":[],"class_list":["post-37382","post","type-post","status-publish","format-standard","has-post-thumbnail","hentry","category-kibris"],"yoast_head":"<!-- This site is optimized with the Yoast SEO plugin v27.4 - https:\/\/yoast.com\/product\/yoast-seo-wordpress\/ -->\n<title>Gazima\u011fusa\u2019da ani \u00f6l\u00fcm: 62 ya\u015f\u0131nda hayat\u0131n\u0131 kaybetti - Kuzeyin Sesi<\/title>\n<meta name=\"robots\" content=\"index, follow, max-snippet:-1, max-image-preview:large, max-video-preview:-1\" \/>\n<link rel=\"canonical\" href=\"https:\/\/kuzeyinsesi.org\/index.php\/2026\/04\/27\/gazimagusada-ani-olum-62-yasinda-hayatini-kaybetti\/\" \/>\n<meta property=\"og:locale\" content=\"tr_TR\" \/>\n<meta property=\"og:type\" content=\"article\" \/>\n<meta property=\"og:title\" content=\"Gazima\u011fusa\u2019da ani \u00f6l\u00fcm: 62 ya\u015f\u0131nda hayat\u0131n\u0131 kaybetti - Kuzeyin Sesi\" \/>\n<meta property=\"og:description\" content=\"Gazima\u011fusa\u2019da d\u00fcn gece bir e\u011flence mekan\u0131nda aniden rahats\u0131zlanan 62 ya\u015f\u0131ndaki Ali Kumlutepe ya\u015fam\u0131n\u0131 yitirdi. Polisten verilen bilgiye g\u00f6re,\u00a0m\u00fc\u015fteri olarak bulundu\u011fu e\u011flence mekan\u0131nda hayat\u0131n\u0131 kaybeden\u00a0Kumlutepe\u2019nin \u00fczerinde g\u00f6revli doktor taraf\u0131ndan yap\u0131lan fiziki muayenede, darp veya cebir izine rastlanmad\u0131. Kumlutepe\u2019nin \u00f6l\u00fcm sebebi, otopsi sonucunda tespit edilecek. Polisin olayla ilgili soru\u015fturmas\u0131 s\u00fcr\u00fcyor. &nbsp;\" \/>\n<meta property=\"og:url\" content=\"https:\/\/kuzeyinsesi.org\/index.php\/2026\/04\/27\/gazimagusada-ani-olum-62-yasinda-hayatini-kaybetti\/\" \/>\n<meta property=\"og:site_name\" content=\"Kuzeyin Sesi\" \/>\n<meta property=\"article:publisher\" content=\"https:\/\/www.facebook.com\/kuzeyinsesii\" \/>\n<meta property=\"article:published_time\" content=\"2026-04-27T09:42:25+00:00\" \/>\n<meta name=\"author\" content=\"Kuzeyin Sesi\" \/>\n<meta name=\"twitter:card\" content=\"summary_large_image\" \/>\n<meta name=\"twitter:creator\" content=\"@kuzeyinsesii\" \/>\n<meta name=\"twitter:site\" content=\"@kuzeyinsesii\" \/>\n<meta name=\"twitter:label1\" content=\"Yazan:\" \/>\n\t<meta name=\"twitter:data1\" content=\"Kuzeyin Sesi\" \/>\n<script type=\"application\/ld+json\" class=\"yoast-schema-graph\">{\"@context\":\"https:\\\/\\\/schema.org\",\"@graph\":[{\"@type\":\"Article\",\"@id\":\"https:\\\/\\\/kuzeyinsesi.org\\\/index.php\\\/2026\\\/04\\\/27\\\/gazimagusada-ani-olum-62-yasinda-hayatini-kaybetti\\\/#article\",\"isPartOf\":{\"@id\":\"https:\\\/\\\/kuzeyinsesi.org\\\/index.php\\\/2026\\\/04\\\/27\\\/gazimagusada-ani-olum-62-yasinda-hayatini-kaybetti\\\/\"},\"author\":{\"name\":\"Kuzeyin Sesi\",\"@id\":\"https:\\\/\\\/kuzeyinsesi.org\\\/#\\\/schema\\\/person\\\/9f859689cdf01485597712386e37f5aa\"},\"headline\":\"Gazima\u011fusa\u2019da ani \u00f6l\u00fcm: 62 ya\u015f\u0131nda hayat\u0131n\u0131 kaybetti\",\"datePublished\":\"2026-04-27T09:42:25+00:00\",\"mainEntityOfPage\":{\"@id\":\"https:\\\/\\\/kuzeyinsesi.org\\\/index.php\\\/2026\\\/04\\\/27\\\/gazimagusada-ani-olum-62-yasinda-hayatini-kaybetti\\\/\"},\"wordCount\":85,\"commentCount\":0,\"image\":{\"@id\":\"https:\\\/\\\/kuzeyinsesi.org\\\/index.php\\\/2026\\\/04\\\/27\\\/gazimagusada-ani-olum-62-yasinda-hayatini-kaybetti\\\/#primaryimage\"},\"thumbnailUrl\":\"https:\\\/\\\/kuzeyinsesi.org\\\/wp-content\\\/uploads\\\/2026\\\/04\\\/1738856741367ambulans17.jpg\",\"articleSection\":[\"K\u0131br\u0131s\"],\"inLanguage\":\"tr\",\"potentialAction\":[{\"@type\":\"CommentAction\",\"name\":\"Comment\",\"target\":[\"https:\\\/\\\/kuzeyinsesi.org\\\/index.php\\\/2026\\\/04\\\/27\\\/gazimagusada-ani-olum-62-yasinda-hayatini-kaybetti\\\/#respond\"]}]},{\"@type\":\"WebPage\",\"@id\":\"https:\\\/\\\/kuzeyinsesi.org\\\/index.php\\\/2026\\\/04\\\/27\\\/gazimagusada-ani-olum-62-yasinda-hayatini-kaybetti\\\/\",\"url\":\"https:\\\/\\\/kuzeyinsesi.org\\\/index.php\\\/2026\\\/04\\\/27\\\/gazimagusada-ani-olum-62-yasinda-hayatini-kaybetti\\\/\",\"name\":\"Gazima\u011fusa\u2019da ani \u00f6l\u00fcm: 62 ya\u015f\u0131nda hayat\u0131n\u0131 kaybetti - Kuzeyin Sesi\",\"isPartOf\":{\"@id\":\"https:\\\/\\\/kuzeyinsesi.org\\\/#website\"},\"primaryImageOfPage\":{\"@id\":\"https:\\\/\\\/kuzeyinsesi.org\\\/index.php\\\/2026\\\/04\\\/27\\\/gazimagusada-ani-olum-62-yasinda-hayatini-kaybetti\\\/#primaryimage\"},\"image\":{\"@id\":\"https:\\\/\\\/kuzeyinsesi.org\\\/index.php\\\/2026\\\/04\\\/27\\\/gazimagusada-ani-olum-62-yasinda-hayatini-kaybetti\\\/#primaryimage\"},\"thumbnailUrl\":\"https:\\\/\\\/kuzeyinsesi.org\\\/wp-content\\\/uploads\\\/2026\\\/04\\\/1738856741367ambulans17.jpg\",\"datePublished\":\"2026-04-27T09:42:25+00:00\",\"author\":{\"@id\":\"https:\\\/\\\/kuzeyinsesi.org\\\/#\\\/schema\\\/person\\\/9f859689cdf01485597712386e37f5aa\"},\"breadcrumb\":{\"@id\":\"https:\\\/\\\/kuzeyinsesi.org\\\/index.php\\\/2026\\\/04\\\/27\\\/gazimagusada-ani-olum-62-yasinda-hayatini-kaybetti\\\/#breadcrumb\"},\"inLanguage\":\"tr\",\"potentialAction\":[{\"@type\":\"ReadAction\",\"target\":[\"https:\\\/\\\/kuzeyinsesi.org\\\/index.php\\\/2026\\\/04\\\/27\\\/gazimagusada-ani-olum-62-yasinda-hayatini-kaybetti\\\/\"]}]},{\"@type\":\"ImageObject\",\"inLanguage\":\"tr\",\"@id\":\"https:\\\/\\\/kuzeyinsesi.org\\\/index.php\\\/2026\\\/04\\\/27\\\/gazimagusada-ani-olum-62-yasinda-hayatini-kaybetti\\\/#primaryimage\",\"url\":\"https:\\\/\\\/kuzeyinsesi.org\\\/wp-content\\\/uploads\\\/2026\\\/04\\\/1738856741367ambulans17.jpg\",\"contentUrl\":\"https:\\\/\\\/kuzeyinsesi.org\\\/wp-content\\\/uploads\\\/2026\\\/04\\\/1738856741367ambulans17.jpg\",\"width\":1280,\"height\":720},{\"@type\":\"BreadcrumbList\",\"@id\":\"https:\\\/\\\/kuzeyinsesi.org\\\/index.php\\\/2026\\\/04\\\/27\\\/gazimagusada-ani-olum-62-yasinda-hayatini-kaybetti\\\/#breadcrumb\",\"itemListElement\":[{\"@type\":\"ListItem\",\"position\":1,\"name\":\"Anasayfa\",\"item\":\"https:\\\/\\\/kuzeyinsesi.org\\\/\"},{\"@type\":\"ListItem\",\"position\":2,\"name\":\"Gazima\u011fusa\u2019da ani \u00f6l\u00fcm: 62 ya\u015f\u0131nda hayat\u0131n\u0131 kaybetti\"}]},{\"@type\":\"WebSite\",\"@id\":\"https:\\\/\\\/kuzeyinsesi.org\\\/#website\",\"url\":\"https:\\\/\\\/kuzeyinsesi.org\\\/\",\"name\":\"Kuzeyin Sesi\",\"description\":\"Do\u011fru Haberin Adresi\",\"potentialAction\":[{\"@type\":\"SearchAction\",\"target\":{\"@type\":\"EntryPoint\",\"urlTemplate\":\"https:\\\/\\\/kuzeyinsesi.org\\\/?s={search_term_string}\"},\"query-input\":{\"@type\":\"PropertyValueSpecification\",\"valueRequired\":true,\"valueName\":\"search_term_string\"}}],\"inLanguage\":\"tr\"},{\"@type\":\"Person\",\"@id\":\"https:\\\/\\\/kuzeyinsesi.org\\\/#\\\/schema\\\/person\\\/9f859689cdf01485597712386e37f5aa\",\"name\":\"Kuzeyin Sesi\",\"image\":{\"@type\":\"ImageObject\",\"inLanguage\":\"tr\",\"@id\":\"https:\\\/\\\/secure.gravatar.com\\\/avatar\\\/bab33852abfd8b282518d6ed81826833d77c3c882d9ab608add591ccace47a44?s=96&d=mm&r=g\",\"url\":\"https:\\\/\\\/secure.gravatar.com\\\/avatar\\\/bab33852abfd8b282518d6ed81826833d77c3c882d9ab608add591ccace47a44?s=96&d=mm&r=g\",\"contentUrl\":\"https:\\\/\\\/secure.gravatar.com\\\/avatar\\\/bab33852abfd8b282518d6ed81826833d77c3c882d9ab608add591ccace47a44?s=96&d=mm&r=g\",\"caption\":\"Kuzeyin Sesi\"},\"sameAs\":[\"https:\\\/\\\/kuzeyinsesi.org\"],\"url\":\"https:\\\/\\\/kuzeyinsesi.org\\\/index.php\\\/author\\\/guven\\\/\"}]}<\/script>\n<!-- \/ Yoast SEO plugin. -->","yoast_head_json":{"title":"Gazima\u011fusa\u2019da ani \u00f6l\u00fcm: 62 ya\u015f\u0131nda hayat\u0131n\u0131 kaybetti - Kuzeyin Sesi","robots":{"index":"index","follow":"follow","max-snippet":"max-snippet:-1","max-image-preview":"max-image-preview:large","max-video-preview":"max-video-preview:-1"},"canonical":"https:\/\/kuzeyinsesi.org\/index.php\/2026\/04\/27\/gazimagusada-ani-olum-62-yasinda-hayatini-kaybetti\/","og_locale":"tr_TR","og_type":"article","og_title":"Gazima\u011fusa\u2019da ani \u00f6l\u00fcm: 62 ya\u015f\u0131nda hayat\u0131n\u0131 kaybetti - Kuzeyin Sesi","og_description":"Gazima\u011fusa\u2019da d\u00fcn gece bir e\u011flence mekan\u0131nda aniden rahats\u0131zlanan 62 ya\u015f\u0131ndaki Ali Kumlutepe ya\u015fam\u0131n\u0131 yitirdi. Polisten verilen bilgiye g\u00f6re,\u00a0m\u00fc\u015fteri olarak bulundu\u011fu e\u011flence mekan\u0131nda hayat\u0131n\u0131 kaybeden\u00a0Kumlutepe\u2019nin \u00fczerinde g\u00f6revli doktor taraf\u0131ndan yap\u0131lan fiziki muayenede, darp veya cebir izine rastlanmad\u0131. Kumlutepe\u2019nin \u00f6l\u00fcm sebebi, otopsi sonucunda tespit edilecek. Polisin olayla ilgili soru\u015fturmas\u0131 s\u00fcr\u00fcyor. &nbsp;","og_url":"https:\/\/kuzeyinsesi.org\/index.php\/2026\/04\/27\/gazimagusada-ani-olum-62-yasinda-hayatini-kaybetti\/","og_site_name":"Kuzeyin Sesi","article_publisher":"https:\/\/www.facebook.com\/kuzeyinsesii","article_published_time":"2026-04-27T09:42:25+00:00","author":"Kuzeyin Sesi","twitter_card":"summary_large_image","twitter_creator":"@kuzeyinsesii","twitter_site":"@kuzeyinsesii","twitter_misc":{"Yazan:":"Kuzeyin Sesi"},"schema":{"@context":"https:\/\/schema.org","@graph":[{"@type":"Article","@id":"https:\/\/kuzeyinsesi.org\/index.php\/2026\/04\/27\/gazimagusada-ani-olum-62-yasinda-hayatini-kaybetti\/#article","isPartOf":{"@id":"https:\/\/kuzeyinsesi.org\/index.php\/2026\/04\/27\/gazimagusada-ani-olum-62-yasinda-hayatini-kaybetti\/"},"author":{"name":"Kuzeyin Sesi","@id":"https:\/\/kuzeyinsesi.org\/#\/schema\/person\/9f859689cdf01485597712386e37f5aa"},"headline":"Gazima\u011fusa\u2019da ani \u00f6l\u00fcm: 62 ya\u015f\u0131nda hayat\u0131n\u0131 kaybetti","datePublished":"2026-04-27T09:42:25+00:00","mainEntityOfPage":{"@id":"https:\/\/kuzeyinsesi.org\/index.php\/2026\/04\/27\/gazimagusada-ani-olum-62-yasinda-hayatini-kaybetti\/"},"wordCount":85,"commentCount":0,"image":{"@id":"https:\/\/kuzeyinsesi.org\/index.php\/2026\/04\/27\/gazimagusada-ani-olum-62-yasinda-hayatini-kaybetti\/#primaryimage"},"thumbnailUrl":"https:\/\/kuzeyinsesi.org\/wp-content\/uploads\/2026\/04\/1738856741367ambulans17.jpg","articleSection":["K\u0131br\u0131s"],"inLanguage":"tr","potentialAction":[{"@type":"CommentAction","name":"Comment","target":["https:\/\/kuzeyinsesi.org\/index.php\/2026\/04\/27\/gazimagusada-ani-olum-62-yasinda-hayatini-kaybetti\/#respond"]}]},{"@type":"WebPage","@id":"https:\/\/kuzeyinsesi.org\/index.php\/2026\/04\/27\/gazimagusada-ani-olum-62-yasinda-hayatini-kaybetti\/","url":"https:\/\/kuzeyinsesi.org\/index.php\/2026\/04\/27\/gazimagusada-ani-olum-62-yasinda-hayatini-kaybetti\/","name":"Gazima\u011fusa\u2019da ani \u00f6l\u00fcm: 62 ya\u015f\u0131nda hayat\u0131n\u0131 kaybetti - Kuzeyin Sesi","isPartOf":{"@id":"https:\/\/kuzeyinsesi.org\/#website"},"primaryImageOfPage":{"@id":"https:\/\/kuzeyinsesi.org\/index.php\/2026\/04\/27\/gazimagusada-ani-olum-62-yasinda-hayatini-kaybetti\/#primaryimage"},"image":{"@id":"https:\/\/kuzeyinsesi.org\/index.php\/2026\/04\/27\/gazimagusada-ani-olum-62-yasinda-hayatini-kaybetti\/#primaryimage"},"thumbnailUrl":"https:\/\/kuzeyinsesi.org\/wp-content\/uploads\/2026\/04\/1738856741367ambulans17.jpg","datePublished":"2026-04-27T09:42:25+00:00","author":{"@id":"https:\/\/kuzeyinsesi.org\/#\/schema\/person\/9f859689cdf01485597712386e37f5aa"},"breadcrumb":{"@id":"https:\/\/kuzeyinsesi.org\/index.php\/2026\/04\/27\/gazimagusada-ani-olum-62-yasinda-hayatini-kaybetti\/#breadcrumb"},"inLanguage":"tr","potentialAction":[{"@type":"ReadAction","target":["https:\/\/kuzeyinsesi.org\/index.php\/2026\/04\/27\/gazimagusada-ani-olum-62-yasinda-hayatini-kaybetti\/"]}]},{"@type":"ImageObject","inLanguage":"tr","@id":"https:\/\/kuzeyinsesi.org\/index.php\/2026\/04\/27\/gazimagusada-ani-olum-62-yasinda-hayatini-kaybetti\/#primaryimage","url":"https:\/\/kuzeyinsesi.org\/wp-content\/uploads\/2026\/04\/1738856741367ambulans17.jpg","contentUrl":"https:\/\/kuzeyinsesi.org\/wp-content\/uploads\/2026\/04\/1738856741367ambulans17.jpg","width":1280,"height":720},{"@type":"BreadcrumbList","@id":"https:\/\/kuzeyinsesi.org\/index.php\/2026\/04\/27\/gazimagusada-ani-olum-62-yasinda-hayatini-kaybetti\/#breadcrumb","itemListElement":[{"@type":"ListItem","position":1,"name":"Anasayfa","item":"https:\/\/kuzeyinsesi.org\/"},{"@type":"ListItem","position":2,"name":"Gazima\u011fusa\u2019da ani \u00f6l\u00fcm: 62 ya\u015f\u0131nda hayat\u0131n\u0131 kaybetti"}]},{"@type":"WebSite","@id":"https:\/\/kuzeyinsesi.org\/#website","url":"https:\/\/kuzeyinsesi.org\/","name":"Kuzeyin Sesi","description":"Do\u011fru Haberin Adresi","potentialAction":[{"@type":"SearchAction","target":{"@type":"EntryPoint","urlTemplate":"https:\/\/kuzeyinsesi.org\/?s={search_term_string}"},"query-input":{"@type":"PropertyValueSpecification","valueRequired":true,"valueName":"search_term_string"}}],"inLanguage":"tr"},{"@type":"Person","@id":"https:\/\/kuzeyinsesi.org\/#\/schema\/person\/9f859689cdf01485597712386e37f5aa","name":"Kuzeyin Sesi","image":{"@type":"ImageObject","inLanguage":"tr","@id":"https:\/\/secure.gravatar.com\/avatar\/bab33852abfd8b282518d6ed81826833d77c3c882d9ab608add591ccace47a44?s=96&d=mm&r=g","url":"https:\/\/secure.gravatar.com\/avatar\/bab33852abfd8b282518d6ed81826833d77c3c882d9ab608add591ccace47a44?s=96&d=mm&r=g","contentUrl":"https:\/\/secure.gravatar.com\/avatar\/bab33852abfd8b282518d6ed81826833d77c3c882d9ab608add591ccace47a44?s=96&d=mm&r=g","caption":"Kuzeyin Sesi"},"sameAs":["https:\/\/kuzeyinsesi.org"],"url":"https:\/\/kuzeyinsesi.org\/index.php\/author\/guven\/"}]}},"_links":{"self":[{"href":"https:\/\/kuzeyinsesi.org\/index.php\/wp-json\/wp\/v2\/posts\/37382","targetHints":{"allow":["GET"]}}],"collection":[{"href":"https:\/\/kuzeyinsesi.org\/index.php\/wp-json\/wp\/v2\/posts"}],"about":[{"href":"https:\/\/kuzeyinsesi.org\/index.php\/wp-json\/wp\/v2\/types\/post"}],"author":[{"embeddable":true,"href":"https:\/\/kuzeyinsesi.org\/index.php\/wp-json\/wp\/v2\/users\/1"}],"replies":[{"embeddable":true,"href":"https:\/\/kuzeyinsesi.org\/index.php\/wp-json\/wp\/v2\/comments?post=37382"}],"version-history":[{"count":0,"href":"https:\/\/kuzeyinsesi.org\/index.php\/wp-json\/wp\/v2\/posts\/37382\/revisions"}],"wp:featuredmedia":[{"embeddable":true,"href":"https:\/\/kuzeyinsesi.org\/index.php\/wp-json\/wp\/v2\/media\/37383"}],"wp:attachment":[{"href":"https:\/\/kuzeyinsesi.org\/index.php\/wp-json\/wp\/v2\/media?parent=37382"}],"wp:term":[{"taxonomy":"category","embeddable":true,"href":"https:\/\/kuzeyinsesi.org\/index.php\/wp-json\/wp\/v2\/categories?post=37382"},{"taxonomy":"post_tag","embeddable":true,"href":"https:\/\/kuzeyinsesi.org\/index.php\/wp-json\/wp\/v2\/tags?post=37382"}],"curies":[{"name":"wp","href":"https:\/\/api.w.org\/{rel}","templated":true}]}}