{"id":37377,"date":"2026-04-27T11:28:14","date_gmt":"2026-04-27T08:28:14","guid":{"rendered":"https:\/\/kuzeyinsesi.org\/index.php\/2026\/04\/27\/gazimagusa-belediyesi-dunya-belediyeler-birligine-uye-oldu\/"},"modified":"2026-04-27T11:28:14","modified_gmt":"2026-04-27T08:28:14","slug":"gazimagusa-belediyesi-dunya-belediyeler-birligine-uye-oldu","status":"publish","type":"post","link":"https:\/\/kuzeyinsesi.org\/index.php\/2026\/04\/27\/gazimagusa-belediyesi-dunya-belediyeler-birligine-uye-oldu\/","title":{"rendered":"Gazima\u011fusa Belediyesi, D\u00fcnya Belediyeler Birli\u011fi\u2019ne \u00fcye oldu"},"content":{"rendered":"<p>Gazima\u011fusa Belediyesi, Birle\u015fmi\u015f Milletler taraf\u0131ndan tan\u0131nan d\u00fcnyan\u0131n en b\u00fcy\u00fck ve en kapsaml\u0131 yerel y\u00f6netim a\u011f\u0131 olan United Cities and Local Governments \u2013 Middle East and West Asia (UCLG-MEWA), bilinen ad\u0131yla D\u00fcnya Belediyeler Birli\u011fi\u2019nin Orta Do\u011fu ve Bat\u0131 Asya B\u00f6lge Te\u015fkilat\u0131\u2019na \u00fcye olarak kentin uluslararas\u0131 konumunu g\u00fc\u00e7lendiren \u00f6nemli bir ad\u0131m att\u0131.<\/p>\n<p>20\u201322 Nisan 2026 tarihlerinde Ni\u011fde\u2019de ger\u00e7ekle\u015ftirilen UCLG-MEWA B\u00f6lge Toplant\u0131s\u0131\u2019na kat\u0131lan Gazima\u011fusa Belediyesi, bu \u00fcyelikle birlikte 140 \u00fclkede 240 bini a\u015fk\u0131n belediyeyi kapsayan ve yakla\u015f\u0131k 5 milyar insan\u0131 temsil eden k\u00fcresel yerel y\u00f6netim a\u011f\u0131na dahil oldu. Bu geli\u015fme, Gazima\u011fusa\u2019n\u0131n uluslararas\u0131 d\u00fczeyde g\u00f6r\u00fcn\u00fcrl\u00fc\u011f\u00fcn\u00fc art\u0131r\u0131rken, kentin k\u00fcresel \u00f6l\u00e7ekte s\u00f6z sahibi \u015fehirler aras\u0131nda yer almas\u0131n\u0131n da \u00f6n\u00fcn\u00fc a\u00e7t\u0131.<\/p>\n<p>Toplant\u0131ya Gazima\u011fusa Belediyesi\u2019ni temsilen Belediye Ba\u015fkan\u0131 Dr. S\u00fcleyman Ulu\u00e7ay ile Belediye Meclis \u00dcyesi Erhun \u015eahali kat\u0131ld\u0131. Program kapsam\u0131nda farkl\u0131 \u00fclkelerden belediye ba\u015fkanlar\u0131 ve yerel y\u00f6netim temsilcileriyle bir araya gelinerek, Gazima\u011fusa ad\u0131na yeni i\u015f birli\u011fi alanlar\u0131, ortak projeler ve deneyim payla\u015f\u0131m f\u0131rsatlar\u0131 de\u011ferlendirildi.<\/p>\n<p>Ba\u015fkan Ulu\u00e7ay, toplant\u0131 \u00e7er\u00e7evesinde ev sahibi Ni\u011fde Belediye Ba\u015fkan\u0131 Emrah \u00d6zdemir ve Gazima\u011fusa\u2019n\u0131n karde\u015f \u015fehri olan Konya B\u00fcy\u00fck\u015fehir Belediye Ba\u015fkan\u0131 U\u011fur \u0130brahim Altay ile de g\u00f6r\u00fc\u015ferek kar\u015f\u0131l\u0131kl\u0131 hediye takdiminde bulundu.<\/p>\n<p>Toplant\u0131ya ayr\u0131ca K\u0131br\u0131s T\u00fcrk Belediyeler Birli\u011fi Ba\u015fkan\u0131, G\u00fczelyurt Belediye Ba\u015fkan\u0131 ve ayn\u0131 zamanda UCLG-MEWA \u00c7evre Komitesi E\u015f Ba\u015fkan\u0131 olan Mahmut \u00d6z\u00e7\u0131nar da kat\u0131larak Gazima\u011fusa Belediyesi\u2019nin \u00fcyelik s\u00fcrecine aktif destek verdi. Gazima\u011fusa Belediyesi, sa\u011flad\u0131\u011f\u0131 katk\u0131lardan dolay\u0131 \u00d6z\u00e7\u0131nar\u2019a te\u015fekk\u00fcr etti.<\/p>\n<p>Elde edilen \u00fcyeli\u011fe ili\u015fkin de\u011ferlendirmede bulunan Ba\u015fkan Ulu\u00e7ay, bu geli\u015fmenin Gazima\u011fusa i\u00e7in yaln\u0131zca bir \u00fcyelik de\u011fil, ayn\u0131 zamanda stratejik bir vizyon ad\u0131m\u0131 oldu\u011funu vurgulayarak, \u201cGazima\u011fusa art\u0131k k\u00fcresel yerel y\u00f6netim a\u011f\u0131n\u0131n bir par\u00e7as\u0131d\u0131r. Bu \u00fcyelik, kentimize uluslararas\u0131 i\u015f birli\u011fi, dayan\u0131\u015fma ve proje \u00fcretme noktas\u0131nda \u00f6nemli kap\u0131lar a\u00e7acakt\u0131r. Teknik, sosyal, k\u00fclt\u00fcrel ve e\u011fitsel alanlarda elde edece\u011fimiz kazan\u0131mlar, Gazima\u011fusa\u2019n\u0131n geli\u015fimine do\u011frudan katk\u0131 sa\u011flayacakt\u0131r\u201d ifadelerini kulland\u0131. Ba\u015fkan Ulu\u00e7ay, sa\u011flad\u0131\u011f\u0131 katk\u0131lardan dolay\u0131 \u00d6z\u00e7\u0131nar\u2019a da te\u015fekk\u00fcr etti.<\/p>\n<p>Gazima\u011fusa Belediyesi, UCLG-MEWA \u00fcyeli\u011fi ile birlikte uluslararas\u0131 platformlarda daha etkin rol \u00fcstlenerek, kenti d\u00fcnya \u015fehirleri aras\u0131nda daha g\u00fc\u00e7l\u00fc bir konuma ta\u015f\u0131may\u0131, yeni projelerle yerel kalk\u0131nmay\u0131 desteklemeyi ve k\u00fcresel deneyimleri yerel hizmetlere yans\u0131tmay\u0131 hedeflemektedir.<\/p>\n","protected":false},"excerpt":{"rendered":"<p>Gazima\u011fusa Belediyesi, Birle\u015fmi\u015f Milletler taraf\u0131ndan tan\u0131nan d\u00fcnyan\u0131n en b\u00fcy\u00fck ve en kapsaml\u0131 yerel y\u00f6netim a\u011f\u0131 olan United Cities and Local Governments \u2013 Middle East and West Asia (UCLG-MEWA), bilinen ad\u0131yla D\u00fcnya Belediyeler Birli\u011fi\u2019nin Orta Do\u011fu ve Bat\u0131 Asya B\u00f6lge Te\u015fkilat\u0131\u2019na \u00fcye olarak kentin uluslararas\u0131 konumunu g\u00fc\u00e7lendiren \u00f6nemli bir ad\u0131m att\u0131. 20\u201322 Nisan 2026 tarihlerinde Ni\u011fde\u2019de [&hellip;]<\/p>\n","protected":false},"author":1,"featured_media":37378,"comment_status":"open","ping_status":"open","sticky":false,"template":"","format":"standard","meta":{"jnews-multi-image_gallery":[],"jnews_single_post":[],"jnews_primary_category":[],"jnews_social_meta":[],"jnews_override_counter":[],"footnotes":""},"categories":[1],"tags":[],"class_list":["post-37377","post","type-post","status-publish","format-standard","has-post-thumbnail","hentry","category-kibris"],"yoast_head":"<!-- This site is optimized with the Yoast SEO plugin v27.4 - https:\/\/yoast.com\/product\/yoast-seo-wordpress\/ -->\n<title>Gazima\u011fusa Belediyesi, D\u00fcnya Belediyeler Birli\u011fi\u2019ne \u00fcye oldu - Kuzeyin Sesi<\/title>\n<meta name=\"robots\" content=\"index, follow, max-snippet:-1, max-image-preview:large, max-video-preview:-1\" \/>\n<link rel=\"canonical\" href=\"https:\/\/kuzeyinsesi.org\/index.php\/2026\/04\/27\/gazimagusa-belediyesi-dunya-belediyeler-birligine-uye-oldu\/\" \/>\n<meta property=\"og:locale\" content=\"tr_TR\" \/>\n<meta property=\"og:type\" content=\"article\" \/>\n<meta property=\"og:title\" content=\"Gazima\u011fusa Belediyesi, D\u00fcnya Belediyeler Birli\u011fi\u2019ne \u00fcye oldu - Kuzeyin Sesi\" \/>\n<meta property=\"og:description\" content=\"Gazima\u011fusa Belediyesi, Birle\u015fmi\u015f Milletler taraf\u0131ndan tan\u0131nan d\u00fcnyan\u0131n en b\u00fcy\u00fck ve en kapsaml\u0131 yerel y\u00f6netim a\u011f\u0131 olan United Cities and Local Governments \u2013 Middle East and West Asia (UCLG-MEWA), bilinen ad\u0131yla D\u00fcnya Belediyeler Birli\u011fi\u2019nin Orta Do\u011fu ve Bat\u0131 Asya B\u00f6lge Te\u015fkilat\u0131\u2019na \u00fcye olarak kentin uluslararas\u0131 konumunu g\u00fc\u00e7lendiren \u00f6nemli bir ad\u0131m att\u0131. 20\u201322 Nisan 2026 tarihlerinde Ni\u011fde\u2019de [&hellip;]\" \/>\n<meta property=\"og:url\" content=\"https:\/\/kuzeyinsesi.org\/index.php\/2026\/04\/27\/gazimagusa-belediyesi-dunya-belediyeler-birligine-uye-oldu\/\" \/>\n<meta property=\"og:site_name\" content=\"Kuzeyin Sesi\" \/>\n<meta property=\"article:publisher\" content=\"https:\/\/www.facebook.com\/kuzeyinsesii\" \/>\n<meta property=\"article:published_time\" content=\"2026-04-27T08:28:14+00:00\" \/>\n<meta name=\"author\" content=\"Kuzeyin Sesi\" \/>\n<meta name=\"twitter:card\" content=\"summary_large_image\" \/>\n<meta name=\"twitter:creator\" content=\"@kuzeyinsesii\" \/>\n<meta name=\"twitter:site\" content=\"@kuzeyinsesii\" \/>\n<meta name=\"twitter:label1\" content=\"Yazan:\" \/>\n\t<meta name=\"twitter:data1\" content=\"Kuzeyin Sesi\" \/>\n\t<meta name=\"twitter:label2\" content=\"Tahmini okuma s\u00fcresi\" \/>\n\t<meta name=\"twitter:data2\" content=\"2 dakika\" \/>\n<script type=\"application\/ld+json\" class=\"yoast-schema-graph\">{\"@context\":\"https:\\\/\\\/schema.org\",\"@graph\":[{\"@type\":\"Article\",\"@id\":\"https:\\\/\\\/kuzeyinsesi.org\\\/index.php\\\/2026\\\/04\\\/27\\\/gazimagusa-belediyesi-dunya-belediyeler-birligine-uye-oldu\\\/#article\",\"isPartOf\":{\"@id\":\"https:\\\/\\\/kuzeyinsesi.org\\\/index.php\\\/2026\\\/04\\\/27\\\/gazimagusa-belediyesi-dunya-belediyeler-birligine-uye-oldu\\\/\"},\"author\":{\"name\":\"Kuzeyin Sesi\",\"@id\":\"https:\\\/\\\/kuzeyinsesi.org\\\/#\\\/schema\\\/person\\\/9f859689cdf01485597712386e37f5aa\"},\"headline\":\"Gazima\u011fusa Belediyesi, D\u00fcnya Belediyeler Birli\u011fi\u2019ne \u00fcye oldu\",\"datePublished\":\"2026-04-27T08:28:14+00:00\",\"mainEntityOfPage\":{\"@id\":\"https:\\\/\\\/kuzeyinsesi.org\\\/index.php\\\/2026\\\/04\\\/27\\\/gazimagusa-belediyesi-dunya-belediyeler-birligine-uye-oldu\\\/\"},\"wordCount\":487,\"commentCount\":0,\"image\":{\"@id\":\"https:\\\/\\\/kuzeyinsesi.org\\\/index.php\\\/2026\\\/04\\\/27\\\/gazimagusa-belediyesi-dunya-belediyeler-birligine-uye-oldu\\\/#primaryimage\"},\"thumbnailUrl\":\"https:\\\/\\\/kuzeyinsesi.org\\\/wp-content\\\/uploads\\\/2026\\\/04\\\/Yeni-Proje-12-6.jpg\",\"articleSection\":[\"K\u0131br\u0131s\"],\"inLanguage\":\"tr\",\"potentialAction\":[{\"@type\":\"CommentAction\",\"name\":\"Comment\",\"target\":[\"https:\\\/\\\/kuzeyinsesi.org\\\/index.php\\\/2026\\\/04\\\/27\\\/gazimagusa-belediyesi-dunya-belediyeler-birligine-uye-oldu\\\/#respond\"]}]},{\"@type\":\"WebPage\",\"@id\":\"https:\\\/\\\/kuzeyinsesi.org\\\/index.php\\\/2026\\\/04\\\/27\\\/gazimagusa-belediyesi-dunya-belediyeler-birligine-uye-oldu\\\/\",\"url\":\"https:\\\/\\\/kuzeyinsesi.org\\\/index.php\\\/2026\\\/04\\\/27\\\/gazimagusa-belediyesi-dunya-belediyeler-birligine-uye-oldu\\\/\",\"name\":\"Gazima\u011fusa Belediyesi, D\u00fcnya Belediyeler Birli\u011fi\u2019ne \u00fcye oldu - Kuzeyin Sesi\",\"isPartOf\":{\"@id\":\"https:\\\/\\\/kuzeyinsesi.org\\\/#website\"},\"primaryImageOfPage\":{\"@id\":\"https:\\\/\\\/kuzeyinsesi.org\\\/index.php\\\/2026\\\/04\\\/27\\\/gazimagusa-belediyesi-dunya-belediyeler-birligine-uye-oldu\\\/#primaryimage\"},\"image\":{\"@id\":\"https:\\\/\\\/kuzeyinsesi.org\\\/index.php\\\/2026\\\/04\\\/27\\\/gazimagusa-belediyesi-dunya-belediyeler-birligine-uye-oldu\\\/#primaryimage\"},\"thumbnailUrl\":\"https:\\\/\\\/kuzeyinsesi.org\\\/wp-content\\\/uploads\\\/2026\\\/04\\\/Yeni-Proje-12-6.jpg\",\"datePublished\":\"2026-04-27T08:28:14+00:00\",\"author\":{\"@id\":\"https:\\\/\\\/kuzeyinsesi.org\\\/#\\\/schema\\\/person\\\/9f859689cdf01485597712386e37f5aa\"},\"breadcrumb\":{\"@id\":\"https:\\\/\\\/kuzeyinsesi.org\\\/index.php\\\/2026\\\/04\\\/27\\\/gazimagusa-belediyesi-dunya-belediyeler-birligine-uye-oldu\\\/#breadcrumb\"},\"inLanguage\":\"tr\",\"potentialAction\":[{\"@type\":\"ReadAction\",\"target\":[\"https:\\\/\\\/kuzeyinsesi.org\\\/index.php\\\/2026\\\/04\\\/27\\\/gazimagusa-belediyesi-dunya-belediyeler-birligine-uye-oldu\\\/\"]}]},{\"@type\":\"ImageObject\",\"inLanguage\":\"tr\",\"@id\":\"https:\\\/\\\/kuzeyinsesi.org\\\/index.php\\\/2026\\\/04\\\/27\\\/gazimagusa-belediyesi-dunya-belediyeler-birligine-uye-oldu\\\/#primaryimage\",\"url\":\"https:\\\/\\\/kuzeyinsesi.org\\\/wp-content\\\/uploads\\\/2026\\\/04\\\/Yeni-Proje-12-6.jpg\",\"contentUrl\":\"https:\\\/\\\/kuzeyinsesi.org\\\/wp-content\\\/uploads\\\/2026\\\/04\\\/Yeni-Proje-12-6.jpg\",\"width\":971,\"height\":551},{\"@type\":\"BreadcrumbList\",\"@id\":\"https:\\\/\\\/kuzeyinsesi.org\\\/index.php\\\/2026\\\/04\\\/27\\\/gazimagusa-belediyesi-dunya-belediyeler-birligine-uye-oldu\\\/#breadcrumb\",\"itemListElement\":[{\"@type\":\"ListItem\",\"position\":1,\"name\":\"Anasayfa\",\"item\":\"https:\\\/\\\/kuzeyinsesi.org\\\/\"},{\"@type\":\"ListItem\",\"position\":2,\"name\":\"Gazima\u011fusa Belediyesi, D\u00fcnya Belediyeler Birli\u011fi\u2019ne \u00fcye oldu\"}]},{\"@type\":\"WebSite\",\"@id\":\"https:\\\/\\\/kuzeyinsesi.org\\\/#website\",\"url\":\"https:\\\/\\\/kuzeyinsesi.org\\\/\",\"name\":\"Kuzeyin Sesi\",\"description\":\"Do\u011fru Haberin Adresi\",\"potentialAction\":[{\"@type\":\"SearchAction\",\"target\":{\"@type\":\"EntryPoint\",\"urlTemplate\":\"https:\\\/\\\/kuzeyinsesi.org\\\/?s={search_term_string}\"},\"query-input\":{\"@type\":\"PropertyValueSpecification\",\"valueRequired\":true,\"valueName\":\"search_term_string\"}}],\"inLanguage\":\"tr\"},{\"@type\":\"Person\",\"@id\":\"https:\\\/\\\/kuzeyinsesi.org\\\/#\\\/schema\\\/person\\\/9f859689cdf01485597712386e37f5aa\",\"name\":\"Kuzeyin Sesi\",\"image\":{\"@type\":\"ImageObject\",\"inLanguage\":\"tr\",\"@id\":\"https:\\\/\\\/secure.gravatar.com\\\/avatar\\\/bab33852abfd8b282518d6ed81826833d77c3c882d9ab608add591ccace47a44?s=96&d=mm&r=g\",\"url\":\"https:\\\/\\\/secure.gravatar.com\\\/avatar\\\/bab33852abfd8b282518d6ed81826833d77c3c882d9ab608add591ccace47a44?s=96&d=mm&r=g\",\"contentUrl\":\"https:\\\/\\\/secure.gravatar.com\\\/avatar\\\/bab33852abfd8b282518d6ed81826833d77c3c882d9ab608add591ccace47a44?s=96&d=mm&r=g\",\"caption\":\"Kuzeyin Sesi\"},\"sameAs\":[\"https:\\\/\\\/kuzeyinsesi.org\"],\"url\":\"https:\\\/\\\/kuzeyinsesi.org\\\/index.php\\\/author\\\/guven\\\/\"}]}<\/script>\n<!-- \/ Yoast SEO plugin. -->","yoast_head_json":{"title":"Gazima\u011fusa Belediyesi, D\u00fcnya Belediyeler Birli\u011fi\u2019ne \u00fcye oldu - Kuzeyin Sesi","robots":{"index":"index","follow":"follow","max-snippet":"max-snippet:-1","max-image-preview":"max-image-preview:large","max-video-preview":"max-video-preview:-1"},"canonical":"https:\/\/kuzeyinsesi.org\/index.php\/2026\/04\/27\/gazimagusa-belediyesi-dunya-belediyeler-birligine-uye-oldu\/","og_locale":"tr_TR","og_type":"article","og_title":"Gazima\u011fusa Belediyesi, D\u00fcnya Belediyeler Birli\u011fi\u2019ne \u00fcye oldu - Kuzeyin Sesi","og_description":"Gazima\u011fusa Belediyesi, Birle\u015fmi\u015f Milletler taraf\u0131ndan tan\u0131nan d\u00fcnyan\u0131n en b\u00fcy\u00fck ve en kapsaml\u0131 yerel y\u00f6netim a\u011f\u0131 olan United Cities and Local Governments \u2013 Middle East and West Asia (UCLG-MEWA), bilinen ad\u0131yla D\u00fcnya Belediyeler Birli\u011fi\u2019nin Orta Do\u011fu ve Bat\u0131 Asya B\u00f6lge Te\u015fkilat\u0131\u2019na \u00fcye olarak kentin uluslararas\u0131 konumunu g\u00fc\u00e7lendiren \u00f6nemli bir ad\u0131m att\u0131. 20\u201322 Nisan 2026 tarihlerinde Ni\u011fde\u2019de [&hellip;]","og_url":"https:\/\/kuzeyinsesi.org\/index.php\/2026\/04\/27\/gazimagusa-belediyesi-dunya-belediyeler-birligine-uye-oldu\/","og_site_name":"Kuzeyin Sesi","article_publisher":"https:\/\/www.facebook.com\/kuzeyinsesii","article_published_time":"2026-04-27T08:28:14+00:00","author":"Kuzeyin Sesi","twitter_card":"summary_large_image","twitter_creator":"@kuzeyinsesii","twitter_site":"@kuzeyinsesii","twitter_misc":{"Yazan:":"Kuzeyin Sesi","Tahmini okuma s\u00fcresi":"2 dakika"},"schema":{"@context":"https:\/\/schema.org","@graph":[{"@type":"Article","@id":"https:\/\/kuzeyinsesi.org\/index.php\/2026\/04\/27\/gazimagusa-belediyesi-dunya-belediyeler-birligine-uye-oldu\/#article","isPartOf":{"@id":"https:\/\/kuzeyinsesi.org\/index.php\/2026\/04\/27\/gazimagusa-belediyesi-dunya-belediyeler-birligine-uye-oldu\/"},"author":{"name":"Kuzeyin Sesi","@id":"https:\/\/kuzeyinsesi.org\/#\/schema\/person\/9f859689cdf01485597712386e37f5aa"},"headline":"Gazima\u011fusa Belediyesi, D\u00fcnya Belediyeler Birli\u011fi\u2019ne \u00fcye oldu","datePublished":"2026-04-27T08:28:14+00:00","mainEntityOfPage":{"@id":"https:\/\/kuzeyinsesi.org\/index.php\/2026\/04\/27\/gazimagusa-belediyesi-dunya-belediyeler-birligine-uye-oldu\/"},"wordCount":487,"commentCount":0,"image":{"@id":"https:\/\/kuzeyinsesi.org\/index.php\/2026\/04\/27\/gazimagusa-belediyesi-dunya-belediyeler-birligine-uye-oldu\/#primaryimage"},"thumbnailUrl":"https:\/\/kuzeyinsesi.org\/wp-content\/uploads\/2026\/04\/Yeni-Proje-12-6.jpg","articleSection":["K\u0131br\u0131s"],"inLanguage":"tr","potentialAction":[{"@type":"CommentAction","name":"Comment","target":["https:\/\/kuzeyinsesi.org\/index.php\/2026\/04\/27\/gazimagusa-belediyesi-dunya-belediyeler-birligine-uye-oldu\/#respond"]}]},{"@type":"WebPage","@id":"https:\/\/kuzeyinsesi.org\/index.php\/2026\/04\/27\/gazimagusa-belediyesi-dunya-belediyeler-birligine-uye-oldu\/","url":"https:\/\/kuzeyinsesi.org\/index.php\/2026\/04\/27\/gazimagusa-belediyesi-dunya-belediyeler-birligine-uye-oldu\/","name":"Gazima\u011fusa Belediyesi, D\u00fcnya Belediyeler Birli\u011fi\u2019ne \u00fcye oldu - Kuzeyin Sesi","isPartOf":{"@id":"https:\/\/kuzeyinsesi.org\/#website"},"primaryImageOfPage":{"@id":"https:\/\/kuzeyinsesi.org\/index.php\/2026\/04\/27\/gazimagusa-belediyesi-dunya-belediyeler-birligine-uye-oldu\/#primaryimage"},"image":{"@id":"https:\/\/kuzeyinsesi.org\/index.php\/2026\/04\/27\/gazimagusa-belediyesi-dunya-belediyeler-birligine-uye-oldu\/#primaryimage"},"thumbnailUrl":"https:\/\/kuzeyinsesi.org\/wp-content\/uploads\/2026\/04\/Yeni-Proje-12-6.jpg","datePublished":"2026-04-27T08:28:14+00:00","author":{"@id":"https:\/\/kuzeyinsesi.org\/#\/schema\/person\/9f859689cdf01485597712386e37f5aa"},"breadcrumb":{"@id":"https:\/\/kuzeyinsesi.org\/index.php\/2026\/04\/27\/gazimagusa-belediyesi-dunya-belediyeler-birligine-uye-oldu\/#breadcrumb"},"inLanguage":"tr","potentialAction":[{"@type":"ReadAction","target":["https:\/\/kuzeyinsesi.org\/index.php\/2026\/04\/27\/gazimagusa-belediyesi-dunya-belediyeler-birligine-uye-oldu\/"]}]},{"@type":"ImageObject","inLanguage":"tr","@id":"https:\/\/kuzeyinsesi.org\/index.php\/2026\/04\/27\/gazimagusa-belediyesi-dunya-belediyeler-birligine-uye-oldu\/#primaryimage","url":"https:\/\/kuzeyinsesi.org\/wp-content\/uploads\/2026\/04\/Yeni-Proje-12-6.jpg","contentUrl":"https:\/\/kuzeyinsesi.org\/wp-content\/uploads\/2026\/04\/Yeni-Proje-12-6.jpg","width":971,"height":551},{"@type":"BreadcrumbList","@id":"https:\/\/kuzeyinsesi.org\/index.php\/2026\/04\/27\/gazimagusa-belediyesi-dunya-belediyeler-birligine-uye-oldu\/#breadcrumb","itemListElement":[{"@type":"ListItem","position":1,"name":"Anasayfa","item":"https:\/\/kuzeyinsesi.org\/"},{"@type":"ListItem","position":2,"name":"Gazima\u011fusa Belediyesi, D\u00fcnya Belediyeler Birli\u011fi\u2019ne \u00fcye oldu"}]},{"@type":"WebSite","@id":"https:\/\/kuzeyinsesi.org\/#website","url":"https:\/\/kuzeyinsesi.org\/","name":"Kuzeyin Sesi","description":"Do\u011fru Haberin Adresi","potentialAction":[{"@type":"SearchAction","target":{"@type":"EntryPoint","urlTemplate":"https:\/\/kuzeyinsesi.org\/?s={search_term_string}"},"query-input":{"@type":"PropertyValueSpecification","valueRequired":true,"valueName":"search_term_string"}}],"inLanguage":"tr"},{"@type":"Person","@id":"https:\/\/kuzeyinsesi.org\/#\/schema\/person\/9f859689cdf01485597712386e37f5aa","name":"Kuzeyin Sesi","image":{"@type":"ImageObject","inLanguage":"tr","@id":"https:\/\/secure.gravatar.com\/avatar\/bab33852abfd8b282518d6ed81826833d77c3c882d9ab608add591ccace47a44?s=96&d=mm&r=g","url":"https:\/\/secure.gravatar.com\/avatar\/bab33852abfd8b282518d6ed81826833d77c3c882d9ab608add591ccace47a44?s=96&d=mm&r=g","contentUrl":"https:\/\/secure.gravatar.com\/avatar\/bab33852abfd8b282518d6ed81826833d77c3c882d9ab608add591ccace47a44?s=96&d=mm&r=g","caption":"Kuzeyin Sesi"},"sameAs":["https:\/\/kuzeyinsesi.org"],"url":"https:\/\/kuzeyinsesi.org\/index.php\/author\/guven\/"}]}},"_links":{"self":[{"href":"https:\/\/kuzeyinsesi.org\/index.php\/wp-json\/wp\/v2\/posts\/37377","targetHints":{"allow":["GET"]}}],"collection":[{"href":"https:\/\/kuzeyinsesi.org\/index.php\/wp-json\/wp\/v2\/posts"}],"about":[{"href":"https:\/\/kuzeyinsesi.org\/index.php\/wp-json\/wp\/v2\/types\/post"}],"author":[{"embeddable":true,"href":"https:\/\/kuzeyinsesi.org\/index.php\/wp-json\/wp\/v2\/users\/1"}],"replies":[{"embeddable":true,"href":"https:\/\/kuzeyinsesi.org\/index.php\/wp-json\/wp\/v2\/comments?post=37377"}],"version-history":[{"count":0,"href":"https:\/\/kuzeyinsesi.org\/index.php\/wp-json\/wp\/v2\/posts\/37377\/revisions"}],"wp:featuredmedia":[{"embeddable":true,"href":"https:\/\/kuzeyinsesi.org\/index.php\/wp-json\/wp\/v2\/media\/37378"}],"wp:attachment":[{"href":"https:\/\/kuzeyinsesi.org\/index.php\/wp-json\/wp\/v2\/media?parent=37377"}],"wp:term":[{"taxonomy":"category","embeddable":true,"href":"https:\/\/kuzeyinsesi.org\/index.php\/wp-json\/wp\/v2\/categories?post=37377"},{"taxonomy":"post_tag","embeddable":true,"href":"https:\/\/kuzeyinsesi.org\/index.php\/wp-json\/wp\/v2\/tags?post=37377"}],"curies":[{"name":"wp","href":"https:\/\/api.w.org\/{rel}","templated":true}]}}