{"id":37360,"date":"2026-04-27T08:41:52","date_gmt":"2026-04-27T05:41:52","guid":{"rendered":"https:\/\/kuzeyinsesi.org\/index.php\/2026\/04\/27\/gurbet-yolculugu-tabutla-sona-erdi\/"},"modified":"2026-04-27T08:41:52","modified_gmt":"2026-04-27T05:41:52","slug":"gurbet-yolculugu-tabutla-sona-erdi","status":"publish","type":"post","link":"https:\/\/kuzeyinsesi.org\/index.php\/2026\/04\/27\/gurbet-yolculugu-tabutla-sona-erdi\/","title":{"rendered":"Gurbet yolculu\u011fu tabutla sona erdi"},"content":{"rendered":"<p>D\u00f6rtyol\u2019da \u00e7al\u0131\u015ft\u0131\u011f\u0131 in\u015faat\u0131n alt\u0131nc\u0131 kat\u0131ndan d\u00fc\u015ferek hayat\u0131n\u0131 kaybeden Pakistanl\u0131 Hammad Zeb\u2019in cenazesi, Haspolat\u2019taki Hala Sultan Camii\u2019nde k\u0131l\u0131nan namaz\u0131n ard\u0131ndan Pakistan\u2019a g\u00f6nderildi.<\/p>\n<p><strong>Son yolculu\u011funa u\u011furland\u0131\u2026<\/strong> D\u00f6rtyol\u2019daki in\u015faat\u0131n 6. kat\u0131ndan d\u00fc\u015ferek hayat\u0131n\u0131 kaybeden 26 ya\u015f\u0131ndaki Hammad Zeb\u2019in naa\u015f\u0131, Haspolat\u2019ta k\u0131l\u0131nan cenaze namaz\u0131n\u0131n ard\u0131ndan memleketi Pakistan\u2019a g\u00f6nderildi.<\/p>\n<p><strong>Cemre CEMAL\u0130<\/strong><\/p>\n<p><\/p>\n<p>Daha iyi bir ya\u015fam umuduyla kilometrelerce \u00f6teden KKTC\u2019ye gelen 26 ya\u015f\u0131ndaki Hammad Zeb, i\u015f g\u00fcvenli\u011fi ihlalleri ve denetimsizli\u011fin bedelini can\u0131yla \u00f6dedi.<\/p>\n<p>Ge\u00e7ti\u011fimiz hafta D\u00f6rtyol\u2019da, mevzuata ayk\u0131r\u0131 \u015fekilde yap\u0131m\u0131 s\u00fcren bir in\u015faat\u0131n alt\u0131nc\u0131 kat\u0131ndan yakla\u015f\u0131k 19 metre y\u00fckseklikten d\u00fc\u015ferek hayat\u0131n\u0131 kaybeden Zeb, memleketine tabutla u\u011furland\u0131.<\/p>\n<p>Pakistanl\u0131 Zeb i\u00e7in d\u00fcn Haspolat\u2019taki Hala Sultan Camii\u2019nde cenaze namaz\u0131 k\u0131l\u0131nd\u0131, ard\u0131ndan cenazesi Pakistan\u2019a g\u00f6nderildi.<\/p>\n<p>Gerekli g\u00fcvenlik a\u011flar\u0131n\u0131n ve \u00f6nlemlerinin al\u0131nmad\u0131\u011f\u0131 in\u015faatlarda bir i\u015f\u00e7i daha hayat\u0131n\u0131 kaybetti. \u00dcstelik ihmal ve denetimsizlik resmi tespitlerle de ortaya kondu; olay\u0131n hemen ard\u0131ndan in\u015faat\u0131n mevzuata uygun olmad\u0131\u011f\u0131 belirlenerek m\u00fch\u00fcrlendi.<\/p>\n<p><img decoding=\"async\" class=\"alignnone wp-image-755166 size-full\" src=\"https:\/\/kibrisgazetesi.com\/wp-content\/uploads\/2026\/04\/Kj-1-5.jpg\" alt=\"\" width=\"706\" height=\"431\" srcset=\"https:\/\/kibrisgazetesi.com\/wp-content\/uploads\/2026\/04\/Kj-1-5.jpg 706w, https:\/\/kibrisgazetesi.com\/wp-content\/uploads\/2026\/04\/Kj-1-5-300x183.jpg 300w\" \/><\/p>\n<p><strong>Khurram: Ac\u0131m\u0131z b\u00fcy\u00fck<\/strong><\/p>\n<p>\u0130\u015f\u00e7ilerin geride b\u0131rakt\u0131\u011f\u0131 bu ac\u0131 tabloya \u015fahitlik eden KKTC Pakistan K\u00fclt\u00fcr ve Dayan\u0131\u015fma Derne\u011fi Ba\u015fkan\u0131 Shahzad Khurram, KIBRIS&#8217;a yapt\u0131\u011f\u0131 a\u00e7\u0131klamada gen\u00e7 i\u015f\u00e7i i\u00e7in d\u00fcn Haspolat\u2019taki Hala Sultan Camii\u2019nde bir cenaze namaz\u0131 k\u0131l\u0131nd\u0131\u011f\u0131n\u0131 a\u00e7\u0131klad\u0131.<\/p>\n<p>Khurram, cenazenin nakil s\u00fcreciyle ilgili \u015fu bilgileri payla\u015ft\u0131:<\/p>\n<p>&#8220;Merhumun naa\u015f\u0131n\u0131 Ercan Havaliman\u0131\u2019ndan dualarla memleketi Pakistan\u2019a u\u011furlad\u0131k. Yakla\u015f\u0131k 2 bin 800 dolar tutar\u0131ndaki nakil ve bilet masraflar\u0131 derne\u011fimiz taraf\u0131ndan kar\u015f\u0131land\u0131. Ac\u0131m\u0131z b\u00fcy\u00fck. Allah rahmet eylesin, mek\u00e2n\u0131 cennet olsun. Ailesine ve sevenlerine sab\u0131rlar versin.&#8221;<\/p>\n<p><img decoding=\"async\" loading=\"lazy\" class=\"alignnone wp-image-755167 size-full\" src=\"https:\/\/kibrisgazetesi.com\/wp-content\/uploads\/2026\/04\/Kj-1-6.jpg\" alt=\"\" width=\"706\" height=\"431\" srcset=\"https:\/\/kibrisgazetesi.com\/wp-content\/uploads\/2026\/04\/Kj-1-6.jpg 706w, https:\/\/kibrisgazetesi.com\/wp-content\/uploads\/2026\/04\/Kj-1-6-300x183.jpg 300w\" \/><\/p>\n<p><strong>Ne olmu\u015ftu?<\/strong><\/p>\n<p>Polis Bas\u0131n Subayl\u0131\u011f\u0131 taraf\u0131ndan yap\u0131lan a\u00e7\u0131klamada 23.04.2026 tarihinde, saat 14.15 s\u0131ralar\u0131nda, D\u00f6rtyol\u2019da yap\u0131m\u0131 devam etmekte olan bir in\u015faat\u0131n alt\u0131nc\u0131 kat\u0131ndaki balkonunda bulunan 26 ya\u015f\u0131ndaki Hammad Zeb\u2019in dengesini kaybederek yakla\u015f\u0131k 19 metre y\u00fckseklikten a\u015fa\u011f\u0131ya d\u00fc\u015ft\u00fc\u011f\u00fc ve a\u011f\u0131r \u015fekilde yaraland\u0131\u011f\u0131 bildirildi.<\/p>\n<p>Zeb, kald\u0131r\u0131ld\u0131\u011f\u0131 Gazima\u011fusa Devlet Hastanesi\u2019nde yap\u0131lan t\u00fcm m\u00fcdahalelere ra\u011fmen kurtar\u0131lamayarak ya\u015fam\u0131n\u0131 yitirdi.<\/p>\n<p>Olay\u0131n ard\u0131ndan \u00c7al\u0131\u015fma ve Sosyal G\u00fcvenlik Bakanl\u0131\u011f\u0131 yetkilileri taraf\u0131ndan olay yerinde yap\u0131lan incelemelerde ac\u0131 ger\u00e7ek de g\u00fcn y\u00fcz\u00fcne \u00e7\u0131kt\u0131.<\/p>\n<p>\u0130\u015f g\u00fcvenli\u011fi denetimleri kapsam\u0131nda yap\u0131lan incelemede, in\u015faat\u0131n mevzuata uygun olmad\u0131\u011f\u0131 tespit edilerek m\u00fch\u00fcrlendi ve olayla ilgili soru\u015fturma ba\u015flat\u0131ld\u0131.<\/p>\n","protected":false},"excerpt":{"rendered":"<p>D\u00f6rtyol\u2019da \u00e7al\u0131\u015ft\u0131\u011f\u0131 in\u015faat\u0131n alt\u0131nc\u0131 kat\u0131ndan d\u00fc\u015ferek hayat\u0131n\u0131 kaybeden Pakistanl\u0131 Hammad Zeb\u2019in cenazesi, Haspolat\u2019taki Hala Sultan Camii\u2019nde k\u0131l\u0131nan namaz\u0131n ard\u0131ndan Pakistan\u2019a g\u00f6nderildi. Son yolculu\u011funa u\u011furland\u0131\u2026 D\u00f6rtyol\u2019daki in\u015faat\u0131n 6. kat\u0131ndan d\u00fc\u015ferek hayat\u0131n\u0131 kaybeden 26 ya\u015f\u0131ndaki Hammad Zeb\u2019in naa\u015f\u0131, Haspolat\u2019ta k\u0131l\u0131nan cenaze namaz\u0131n\u0131n ard\u0131ndan memleketi Pakistan\u2019a g\u00f6nderildi. Cemre CEMAL\u0130 Daha iyi bir ya\u015fam umuduyla kilometrelerce \u00f6teden KKTC\u2019ye gelen [&hellip;]<\/p>\n","protected":false},"author":1,"featured_media":37361,"comment_status":"open","ping_status":"open","sticky":false,"template":"","format":"standard","meta":{"jnews-multi-image_gallery":[],"jnews_single_post":[],"jnews_primary_category":[],"jnews_social_meta":[],"jnews_override_counter":[],"footnotes":""},"categories":[1],"tags":[],"class_list":["post-37360","post","type-post","status-publish","format-standard","has-post-thumbnail","hentry","category-kibris"],"yoast_head":"<!-- This site is optimized with the Yoast SEO plugin v27.4 - https:\/\/yoast.com\/product\/yoast-seo-wordpress\/ -->\n<title>Gurbet yolculu\u011fu tabutla sona erdi - Kuzeyin Sesi<\/title>\n<meta name=\"robots\" content=\"index, follow, max-snippet:-1, max-image-preview:large, max-video-preview:-1\" \/>\n<link rel=\"canonical\" href=\"https:\/\/kuzeyinsesi.org\/index.php\/2026\/04\/27\/gurbet-yolculugu-tabutla-sona-erdi\/\" \/>\n<meta property=\"og:locale\" content=\"tr_TR\" \/>\n<meta property=\"og:type\" content=\"article\" \/>\n<meta property=\"og:title\" content=\"Gurbet yolculu\u011fu tabutla sona erdi - Kuzeyin Sesi\" \/>\n<meta property=\"og:description\" content=\"D\u00f6rtyol\u2019da \u00e7al\u0131\u015ft\u0131\u011f\u0131 in\u015faat\u0131n alt\u0131nc\u0131 kat\u0131ndan d\u00fc\u015ferek hayat\u0131n\u0131 kaybeden Pakistanl\u0131 Hammad Zeb\u2019in cenazesi, Haspolat\u2019taki Hala Sultan Camii\u2019nde k\u0131l\u0131nan namaz\u0131n ard\u0131ndan Pakistan\u2019a g\u00f6nderildi. Son yolculu\u011funa u\u011furland\u0131\u2026 D\u00f6rtyol\u2019daki in\u015faat\u0131n 6. kat\u0131ndan d\u00fc\u015ferek hayat\u0131n\u0131 kaybeden 26 ya\u015f\u0131ndaki Hammad Zeb\u2019in naa\u015f\u0131, Haspolat\u2019ta k\u0131l\u0131nan cenaze namaz\u0131n\u0131n ard\u0131ndan memleketi Pakistan\u2019a g\u00f6nderildi. Cemre CEMAL\u0130 Daha iyi bir ya\u015fam umuduyla kilometrelerce \u00f6teden KKTC\u2019ye gelen [&hellip;]\" \/>\n<meta property=\"og:url\" content=\"https:\/\/kuzeyinsesi.org\/index.php\/2026\/04\/27\/gurbet-yolculugu-tabutla-sona-erdi\/\" \/>\n<meta property=\"og:site_name\" content=\"Kuzeyin Sesi\" \/>\n<meta property=\"article:publisher\" content=\"https:\/\/www.facebook.com\/kuzeyinsesii\" \/>\n<meta property=\"article:published_time\" content=\"2026-04-27T05:41:52+00:00\" \/>\n<meta name=\"author\" content=\"Kuzeyin Sesi\" \/>\n<meta name=\"twitter:card\" content=\"summary_large_image\" \/>\n<meta name=\"twitter:creator\" content=\"@kuzeyinsesii\" \/>\n<meta name=\"twitter:site\" content=\"@kuzeyinsesii\" \/>\n<meta name=\"twitter:label1\" content=\"Yazan:\" \/>\n\t<meta name=\"twitter:data1\" content=\"Kuzeyin Sesi\" \/>\n\t<meta name=\"twitter:label2\" content=\"Tahmini okuma s\u00fcresi\" \/>\n\t<meta name=\"twitter:data2\" content=\"2 dakika\" \/>\n<script type=\"application\/ld+json\" class=\"yoast-schema-graph\">{\"@context\":\"https:\\\/\\\/schema.org\",\"@graph\":[{\"@type\":\"Article\",\"@id\":\"https:\\\/\\\/kuzeyinsesi.org\\\/index.php\\\/2026\\\/04\\\/27\\\/gurbet-yolculugu-tabutla-sona-erdi\\\/#article\",\"isPartOf\":{\"@id\":\"https:\\\/\\\/kuzeyinsesi.org\\\/index.php\\\/2026\\\/04\\\/27\\\/gurbet-yolculugu-tabutla-sona-erdi\\\/\"},\"author\":{\"name\":\"Kuzeyin Sesi\",\"@id\":\"https:\\\/\\\/kuzeyinsesi.org\\\/#\\\/schema\\\/person\\\/9f859689cdf01485597712386e37f5aa\"},\"headline\":\"Gurbet yolculu\u011fu tabutla sona erdi\",\"datePublished\":\"2026-04-27T05:41:52+00:00\",\"mainEntityOfPage\":{\"@id\":\"https:\\\/\\\/kuzeyinsesi.org\\\/index.php\\\/2026\\\/04\\\/27\\\/gurbet-yolculugu-tabutla-sona-erdi\\\/\"},\"wordCount\":474,\"commentCount\":0,\"image\":{\"@id\":\"https:\\\/\\\/kuzeyinsesi.org\\\/index.php\\\/2026\\\/04\\\/27\\\/gurbet-yolculugu-tabutla-sona-erdi\\\/#primaryimage\"},\"thumbnailUrl\":\"https:\\\/\\\/kuzeyinsesi.org\\\/wp-content\\\/uploads\\\/2026\\\/04\\\/HAMMAD-ZEB-203x300.jpg\",\"articleSection\":[\"K\u0131br\u0131s\"],\"inLanguage\":\"tr\",\"potentialAction\":[{\"@type\":\"CommentAction\",\"name\":\"Comment\",\"target\":[\"https:\\\/\\\/kuzeyinsesi.org\\\/index.php\\\/2026\\\/04\\\/27\\\/gurbet-yolculugu-tabutla-sona-erdi\\\/#respond\"]}]},{\"@type\":\"WebPage\",\"@id\":\"https:\\\/\\\/kuzeyinsesi.org\\\/index.php\\\/2026\\\/04\\\/27\\\/gurbet-yolculugu-tabutla-sona-erdi\\\/\",\"url\":\"https:\\\/\\\/kuzeyinsesi.org\\\/index.php\\\/2026\\\/04\\\/27\\\/gurbet-yolculugu-tabutla-sona-erdi\\\/\",\"name\":\"Gurbet yolculu\u011fu tabutla sona erdi - Kuzeyin Sesi\",\"isPartOf\":{\"@id\":\"https:\\\/\\\/kuzeyinsesi.org\\\/#website\"},\"primaryImageOfPage\":{\"@id\":\"https:\\\/\\\/kuzeyinsesi.org\\\/index.php\\\/2026\\\/04\\\/27\\\/gurbet-yolculugu-tabutla-sona-erdi\\\/#primaryimage\"},\"image\":{\"@id\":\"https:\\\/\\\/kuzeyinsesi.org\\\/index.php\\\/2026\\\/04\\\/27\\\/gurbet-yolculugu-tabutla-sona-erdi\\\/#primaryimage\"},\"thumbnailUrl\":\"https:\\\/\\\/kuzeyinsesi.org\\\/wp-content\\\/uploads\\\/2026\\\/04\\\/HAMMAD-ZEB-203x300.jpg\",\"datePublished\":\"2026-04-27T05:41:52+00:00\",\"author\":{\"@id\":\"https:\\\/\\\/kuzeyinsesi.org\\\/#\\\/schema\\\/person\\\/9f859689cdf01485597712386e37f5aa\"},\"breadcrumb\":{\"@id\":\"https:\\\/\\\/kuzeyinsesi.org\\\/index.php\\\/2026\\\/04\\\/27\\\/gurbet-yolculugu-tabutla-sona-erdi\\\/#breadcrumb\"},\"inLanguage\":\"tr\",\"potentialAction\":[{\"@type\":\"ReadAction\",\"target\":[\"https:\\\/\\\/kuzeyinsesi.org\\\/index.php\\\/2026\\\/04\\\/27\\\/gurbet-yolculugu-tabutla-sona-erdi\\\/\"]}]},{\"@type\":\"ImageObject\",\"inLanguage\":\"tr\",\"@id\":\"https:\\\/\\\/kuzeyinsesi.org\\\/index.php\\\/2026\\\/04\\\/27\\\/gurbet-yolculugu-tabutla-sona-erdi\\\/#primaryimage\",\"url\":\"https:\\\/\\\/kuzeyinsesi.org\\\/wp-content\\\/uploads\\\/2026\\\/04\\\/HAMMAD-ZEB-203x300.jpg\",\"contentUrl\":\"https:\\\/\\\/kuzeyinsesi.org\\\/wp-content\\\/uploads\\\/2026\\\/04\\\/HAMMAD-ZEB-203x300.jpg\",\"width\":203,\"height\":300},{\"@type\":\"BreadcrumbList\",\"@id\":\"https:\\\/\\\/kuzeyinsesi.org\\\/index.php\\\/2026\\\/04\\\/27\\\/gurbet-yolculugu-tabutla-sona-erdi\\\/#breadcrumb\",\"itemListElement\":[{\"@type\":\"ListItem\",\"position\":1,\"name\":\"Anasayfa\",\"item\":\"https:\\\/\\\/kuzeyinsesi.org\\\/\"},{\"@type\":\"ListItem\",\"position\":2,\"name\":\"Gurbet yolculu\u011fu tabutla sona erdi\"}]},{\"@type\":\"WebSite\",\"@id\":\"https:\\\/\\\/kuzeyinsesi.org\\\/#website\",\"url\":\"https:\\\/\\\/kuzeyinsesi.org\\\/\",\"name\":\"Kuzeyin Sesi\",\"description\":\"Do\u011fru Haberin Adresi\",\"potentialAction\":[{\"@type\":\"SearchAction\",\"target\":{\"@type\":\"EntryPoint\",\"urlTemplate\":\"https:\\\/\\\/kuzeyinsesi.org\\\/?s={search_term_string}\"},\"query-input\":{\"@type\":\"PropertyValueSpecification\",\"valueRequired\":true,\"valueName\":\"search_term_string\"}}],\"inLanguage\":\"tr\"},{\"@type\":\"Person\",\"@id\":\"https:\\\/\\\/kuzeyinsesi.org\\\/#\\\/schema\\\/person\\\/9f859689cdf01485597712386e37f5aa\",\"name\":\"Kuzeyin Sesi\",\"image\":{\"@type\":\"ImageObject\",\"inLanguage\":\"tr\",\"@id\":\"https:\\\/\\\/secure.gravatar.com\\\/avatar\\\/bab33852abfd8b282518d6ed81826833d77c3c882d9ab608add591ccace47a44?s=96&d=mm&r=g\",\"url\":\"https:\\\/\\\/secure.gravatar.com\\\/avatar\\\/bab33852abfd8b282518d6ed81826833d77c3c882d9ab608add591ccace47a44?s=96&d=mm&r=g\",\"contentUrl\":\"https:\\\/\\\/secure.gravatar.com\\\/avatar\\\/bab33852abfd8b282518d6ed81826833d77c3c882d9ab608add591ccace47a44?s=96&d=mm&r=g\",\"caption\":\"Kuzeyin Sesi\"},\"sameAs\":[\"https:\\\/\\\/kuzeyinsesi.org\"],\"url\":\"https:\\\/\\\/kuzeyinsesi.org\\\/index.php\\\/author\\\/guven\\\/\"}]}<\/script>\n<!-- \/ Yoast SEO plugin. -->","yoast_head_json":{"title":"Gurbet yolculu\u011fu tabutla sona erdi - Kuzeyin Sesi","robots":{"index":"index","follow":"follow","max-snippet":"max-snippet:-1","max-image-preview":"max-image-preview:large","max-video-preview":"max-video-preview:-1"},"canonical":"https:\/\/kuzeyinsesi.org\/index.php\/2026\/04\/27\/gurbet-yolculugu-tabutla-sona-erdi\/","og_locale":"tr_TR","og_type":"article","og_title":"Gurbet yolculu\u011fu tabutla sona erdi - Kuzeyin Sesi","og_description":"D\u00f6rtyol\u2019da \u00e7al\u0131\u015ft\u0131\u011f\u0131 in\u015faat\u0131n alt\u0131nc\u0131 kat\u0131ndan d\u00fc\u015ferek hayat\u0131n\u0131 kaybeden Pakistanl\u0131 Hammad Zeb\u2019in cenazesi, Haspolat\u2019taki Hala Sultan Camii\u2019nde k\u0131l\u0131nan namaz\u0131n ard\u0131ndan Pakistan\u2019a g\u00f6nderildi. Son yolculu\u011funa u\u011furland\u0131\u2026 D\u00f6rtyol\u2019daki in\u015faat\u0131n 6. kat\u0131ndan d\u00fc\u015ferek hayat\u0131n\u0131 kaybeden 26 ya\u015f\u0131ndaki Hammad Zeb\u2019in naa\u015f\u0131, Haspolat\u2019ta k\u0131l\u0131nan cenaze namaz\u0131n\u0131n ard\u0131ndan memleketi Pakistan\u2019a g\u00f6nderildi. Cemre CEMAL\u0130 Daha iyi bir ya\u015fam umuduyla kilometrelerce \u00f6teden KKTC\u2019ye gelen [&hellip;]","og_url":"https:\/\/kuzeyinsesi.org\/index.php\/2026\/04\/27\/gurbet-yolculugu-tabutla-sona-erdi\/","og_site_name":"Kuzeyin Sesi","article_publisher":"https:\/\/www.facebook.com\/kuzeyinsesii","article_published_time":"2026-04-27T05:41:52+00:00","author":"Kuzeyin Sesi","twitter_card":"summary_large_image","twitter_creator":"@kuzeyinsesii","twitter_site":"@kuzeyinsesii","twitter_misc":{"Yazan:":"Kuzeyin Sesi","Tahmini okuma s\u00fcresi":"2 dakika"},"schema":{"@context":"https:\/\/schema.org","@graph":[{"@type":"Article","@id":"https:\/\/kuzeyinsesi.org\/index.php\/2026\/04\/27\/gurbet-yolculugu-tabutla-sona-erdi\/#article","isPartOf":{"@id":"https:\/\/kuzeyinsesi.org\/index.php\/2026\/04\/27\/gurbet-yolculugu-tabutla-sona-erdi\/"},"author":{"name":"Kuzeyin Sesi","@id":"https:\/\/kuzeyinsesi.org\/#\/schema\/person\/9f859689cdf01485597712386e37f5aa"},"headline":"Gurbet yolculu\u011fu tabutla sona erdi","datePublished":"2026-04-27T05:41:52+00:00","mainEntityOfPage":{"@id":"https:\/\/kuzeyinsesi.org\/index.php\/2026\/04\/27\/gurbet-yolculugu-tabutla-sona-erdi\/"},"wordCount":474,"commentCount":0,"image":{"@id":"https:\/\/kuzeyinsesi.org\/index.php\/2026\/04\/27\/gurbet-yolculugu-tabutla-sona-erdi\/#primaryimage"},"thumbnailUrl":"https:\/\/kuzeyinsesi.org\/wp-content\/uploads\/2026\/04\/HAMMAD-ZEB-203x300.jpg","articleSection":["K\u0131br\u0131s"],"inLanguage":"tr","potentialAction":[{"@type":"CommentAction","name":"Comment","target":["https:\/\/kuzeyinsesi.org\/index.php\/2026\/04\/27\/gurbet-yolculugu-tabutla-sona-erdi\/#respond"]}]},{"@type":"WebPage","@id":"https:\/\/kuzeyinsesi.org\/index.php\/2026\/04\/27\/gurbet-yolculugu-tabutla-sona-erdi\/","url":"https:\/\/kuzeyinsesi.org\/index.php\/2026\/04\/27\/gurbet-yolculugu-tabutla-sona-erdi\/","name":"Gurbet yolculu\u011fu tabutla sona erdi - Kuzeyin Sesi","isPartOf":{"@id":"https:\/\/kuzeyinsesi.org\/#website"},"primaryImageOfPage":{"@id":"https:\/\/kuzeyinsesi.org\/index.php\/2026\/04\/27\/gurbet-yolculugu-tabutla-sona-erdi\/#primaryimage"},"image":{"@id":"https:\/\/kuzeyinsesi.org\/index.php\/2026\/04\/27\/gurbet-yolculugu-tabutla-sona-erdi\/#primaryimage"},"thumbnailUrl":"https:\/\/kuzeyinsesi.org\/wp-content\/uploads\/2026\/04\/HAMMAD-ZEB-203x300.jpg","datePublished":"2026-04-27T05:41:52+00:00","author":{"@id":"https:\/\/kuzeyinsesi.org\/#\/schema\/person\/9f859689cdf01485597712386e37f5aa"},"breadcrumb":{"@id":"https:\/\/kuzeyinsesi.org\/index.php\/2026\/04\/27\/gurbet-yolculugu-tabutla-sona-erdi\/#breadcrumb"},"inLanguage":"tr","potentialAction":[{"@type":"ReadAction","target":["https:\/\/kuzeyinsesi.org\/index.php\/2026\/04\/27\/gurbet-yolculugu-tabutla-sona-erdi\/"]}]},{"@type":"ImageObject","inLanguage":"tr","@id":"https:\/\/kuzeyinsesi.org\/index.php\/2026\/04\/27\/gurbet-yolculugu-tabutla-sona-erdi\/#primaryimage","url":"https:\/\/kuzeyinsesi.org\/wp-content\/uploads\/2026\/04\/HAMMAD-ZEB-203x300.jpg","contentUrl":"https:\/\/kuzeyinsesi.org\/wp-content\/uploads\/2026\/04\/HAMMAD-ZEB-203x300.jpg","width":203,"height":300},{"@type":"BreadcrumbList","@id":"https:\/\/kuzeyinsesi.org\/index.php\/2026\/04\/27\/gurbet-yolculugu-tabutla-sona-erdi\/#breadcrumb","itemListElement":[{"@type":"ListItem","position":1,"name":"Anasayfa","item":"https:\/\/kuzeyinsesi.org\/"},{"@type":"ListItem","position":2,"name":"Gurbet yolculu\u011fu tabutla sona erdi"}]},{"@type":"WebSite","@id":"https:\/\/kuzeyinsesi.org\/#website","url":"https:\/\/kuzeyinsesi.org\/","name":"Kuzeyin Sesi","description":"Do\u011fru Haberin Adresi","potentialAction":[{"@type":"SearchAction","target":{"@type":"EntryPoint","urlTemplate":"https:\/\/kuzeyinsesi.org\/?s={search_term_string}"},"query-input":{"@type":"PropertyValueSpecification","valueRequired":true,"valueName":"search_term_string"}}],"inLanguage":"tr"},{"@type":"Person","@id":"https:\/\/kuzeyinsesi.org\/#\/schema\/person\/9f859689cdf01485597712386e37f5aa","name":"Kuzeyin Sesi","image":{"@type":"ImageObject","inLanguage":"tr","@id":"https:\/\/secure.gravatar.com\/avatar\/bab33852abfd8b282518d6ed81826833d77c3c882d9ab608add591ccace47a44?s=96&d=mm&r=g","url":"https:\/\/secure.gravatar.com\/avatar\/bab33852abfd8b282518d6ed81826833d77c3c882d9ab608add591ccace47a44?s=96&d=mm&r=g","contentUrl":"https:\/\/secure.gravatar.com\/avatar\/bab33852abfd8b282518d6ed81826833d77c3c882d9ab608add591ccace47a44?s=96&d=mm&r=g","caption":"Kuzeyin Sesi"},"sameAs":["https:\/\/kuzeyinsesi.org"],"url":"https:\/\/kuzeyinsesi.org\/index.php\/author\/guven\/"}]}},"_links":{"self":[{"href":"https:\/\/kuzeyinsesi.org\/index.php\/wp-json\/wp\/v2\/posts\/37360","targetHints":{"allow":["GET"]}}],"collection":[{"href":"https:\/\/kuzeyinsesi.org\/index.php\/wp-json\/wp\/v2\/posts"}],"about":[{"href":"https:\/\/kuzeyinsesi.org\/index.php\/wp-json\/wp\/v2\/types\/post"}],"author":[{"embeddable":true,"href":"https:\/\/kuzeyinsesi.org\/index.php\/wp-json\/wp\/v2\/users\/1"}],"replies":[{"embeddable":true,"href":"https:\/\/kuzeyinsesi.org\/index.php\/wp-json\/wp\/v2\/comments?post=37360"}],"version-history":[{"count":0,"href":"https:\/\/kuzeyinsesi.org\/index.php\/wp-json\/wp\/v2\/posts\/37360\/revisions"}],"wp:featuredmedia":[{"embeddable":true,"href":"https:\/\/kuzeyinsesi.org\/index.php\/wp-json\/wp\/v2\/media\/37361"}],"wp:attachment":[{"href":"https:\/\/kuzeyinsesi.org\/index.php\/wp-json\/wp\/v2\/media?parent=37360"}],"wp:term":[{"taxonomy":"category","embeddable":true,"href":"https:\/\/kuzeyinsesi.org\/index.php\/wp-json\/wp\/v2\/categories?post=37360"},{"taxonomy":"post_tag","embeddable":true,"href":"https:\/\/kuzeyinsesi.org\/index.php\/wp-json\/wp\/v2\/tags?post=37360"}],"curies":[{"name":"wp","href":"https:\/\/api.w.org\/{rel}","templated":true}]}}