{"id":37353,"date":"2026-04-27T07:31:58","date_gmt":"2026-04-27T04:31:58","guid":{"rendered":"https:\/\/kuzeyinsesi.org\/index.php\/2026\/04\/27\/ramallahta-zeytinliklere-saldiri-200-agac-sokuldu\/"},"modified":"2026-04-27T07:31:58","modified_gmt":"2026-04-27T04:31:58","slug":"ramallahta-zeytinliklere-saldiri-200-agac-sokuldu","status":"publish","type":"post","link":"https:\/\/kuzeyinsesi.org\/index.php\/2026\/04\/27\/ramallahta-zeytinliklere-saldiri-200-agac-sokuldu\/","title":{"rendered":"Ramallah&#039;ta zeytinliklere sald\u0131r\u0131: 200 a\u011fa\u00e7 s\u00f6k\u00fcld\u00fc"},"content":{"rendered":"<article>\n<header><\/p>\n<h2>\u0130\u015fgal alt\u0131ndaki Bat\u0131 \u015eeria\u2019n\u0131n Ramallah kentine ba\u011fl\u0131 Turmusaya beldesinde, yerle\u015fimcilerin d\u00fczenledi\u011fi sald\u0131r\u0131da yakla\u015f\u0131k 200 zeytin a\u011fac\u0131 s\u00f6k\u00fclerek tar\u0131m arazileri tahrip edildi.<\/h2>\n<p><time class=\"op-published\" dateTime=\"Mon, 27 Apr 2026 07:14:00 +0300\">27\/04\/2026 07:14<\/time><\/header>\n<footer><small>\u00a9 TRT HABER<\/small><\/footer>\n<\/article>\n","protected":false},"excerpt":{"rendered":"<p>\u0130\u015fgal alt\u0131ndaki Bat\u0131 \u015eeria\u2019n\u0131n Ramallah kentine ba\u011fl\u0131 Turmusaya beldesinde, yerle\u015fimcilerin d\u00fczenledi\u011fi sald\u0131r\u0131da yakla\u015f\u0131k 200 zeytin a\u011fac\u0131 s\u00f6k\u00fclerek tar\u0131m arazileri tahrip edildi. 27\/04\/2026 07:14 \u00a9 TRT HABER<\/p>\n","protected":false},"author":1,"featured_media":37354,"comment_status":"open","ping_status":"open","sticky":false,"template":"","format":"standard","meta":{"jnews-multi-image_gallery":[],"jnews_single_post":[],"jnews_primary_category":[],"jnews_social_meta":[],"jnews_override_counter":[],"footnotes":""},"categories":[2],"tags":[],"class_list":["post-37353","post","type-post","status-publish","format-standard","has-post-thumbnail","hentry","category-dunya"],"yoast_head":"<!-- This site is optimized with the Yoast SEO plugin v27.4 - https:\/\/yoast.com\/product\/yoast-seo-wordpress\/ -->\n<title>Ramallah&#039;ta zeytinliklere sald\u0131r\u0131: 200 a\u011fa\u00e7 s\u00f6k\u00fcld\u00fc - Kuzeyin Sesi<\/title>\n<meta name=\"robots\" content=\"index, follow, max-snippet:-1, max-image-preview:large, max-video-preview:-1\" \/>\n<link rel=\"canonical\" href=\"https:\/\/kuzeyinsesi.org\/index.php\/2026\/04\/27\/ramallahta-zeytinliklere-saldiri-200-agac-sokuldu\/\" \/>\n<meta property=\"og:locale\" content=\"tr_TR\" \/>\n<meta property=\"og:type\" content=\"article\" \/>\n<meta property=\"og:title\" content=\"Ramallah&#039;ta zeytinliklere sald\u0131r\u0131: 200 a\u011fa\u00e7 s\u00f6k\u00fcld\u00fc - Kuzeyin Sesi\" \/>\n<meta property=\"og:description\" content=\"\u0130\u015fgal alt\u0131ndaki Bat\u0131 \u015eeria\u2019n\u0131n Ramallah kentine ba\u011fl\u0131 Turmusaya beldesinde, yerle\u015fimcilerin d\u00fczenledi\u011fi sald\u0131r\u0131da yakla\u015f\u0131k 200 zeytin a\u011fac\u0131 s\u00f6k\u00fclerek tar\u0131m arazileri tahrip edildi. 27\/04\/2026 07:14 \u00a9 TRT HABER\" \/>\n<meta property=\"og:url\" content=\"https:\/\/kuzeyinsesi.org\/index.php\/2026\/04\/27\/ramallahta-zeytinliklere-saldiri-200-agac-sokuldu\/\" \/>\n<meta property=\"og:site_name\" content=\"Kuzeyin Sesi\" \/>\n<meta property=\"article:publisher\" content=\"https:\/\/www.facebook.com\/kuzeyinsesii\" \/>\n<meta property=\"article:published_time\" content=\"2026-04-27T04:31:58+00:00\" \/>\n<meta property=\"og:image\" content=\"https:\/\/trthaberstatic.cdn.wp.trt.com.tr\/resimler\/2456000\/zeytin-agaclari-sokuldu-aa-2456515.jpg\" \/>\n<meta name=\"author\" content=\"Kuzeyin Sesi\" \/>\n<meta name=\"twitter:card\" content=\"summary_large_image\" \/>\n<meta name=\"twitter:creator\" content=\"@kuzeyinsesii\" \/>\n<meta name=\"twitter:site\" content=\"@kuzeyinsesii\" \/>\n<meta name=\"twitter:label1\" content=\"Yazan:\" \/>\n\t<meta name=\"twitter:data1\" content=\"Kuzeyin Sesi\" \/>\n<script type=\"application\/ld+json\" class=\"yoast-schema-graph\">{\"@context\":\"https:\\\/\\\/schema.org\",\"@graph\":[{\"@type\":\"Article\",\"@id\":\"https:\\\/\\\/kuzeyinsesi.org\\\/index.php\\\/2026\\\/04\\\/27\\\/ramallahta-zeytinliklere-saldiri-200-agac-sokuldu\\\/#article\",\"isPartOf\":{\"@id\":\"https:\\\/\\\/kuzeyinsesi.org\\\/index.php\\\/2026\\\/04\\\/27\\\/ramallahta-zeytinliklere-saldiri-200-agac-sokuldu\\\/\"},\"author\":{\"name\":\"Kuzeyin Sesi\",\"@id\":\"https:\\\/\\\/kuzeyinsesi.org\\\/#\\\/schema\\\/person\\\/9f859689cdf01485597712386e37f5aa\"},\"headline\":\"Ramallah&#039;ta zeytinliklere sald\u0131r\u0131: 200 a\u011fa\u00e7 s\u00f6k\u00fcld\u00fc\",\"datePublished\":\"2026-04-27T04:31:58+00:00\",\"mainEntityOfPage\":{\"@id\":\"https:\\\/\\\/kuzeyinsesi.org\\\/index.php\\\/2026\\\/04\\\/27\\\/ramallahta-zeytinliklere-saldiri-200-agac-sokuldu\\\/\"},\"wordCount\":46,\"commentCount\":0,\"image\":{\"@id\":\"https:\\\/\\\/kuzeyinsesi.org\\\/index.php\\\/2026\\\/04\\\/27\\\/ramallahta-zeytinliklere-saldiri-200-agac-sokuldu\\\/#primaryimage\"},\"thumbnailUrl\":\"https:\\\/\\\/kuzeyinsesi.org\\\/wp-content\\\/uploads\\\/2026\\\/04\\\/zeytin-agaclari-sokuldu-aa-2456515.jpg\",\"articleSection\":[\"D\u00fcnya\"],\"inLanguage\":\"tr\",\"potentialAction\":[{\"@type\":\"CommentAction\",\"name\":\"Comment\",\"target\":[\"https:\\\/\\\/kuzeyinsesi.org\\\/index.php\\\/2026\\\/04\\\/27\\\/ramallahta-zeytinliklere-saldiri-200-agac-sokuldu\\\/#respond\"]}]},{\"@type\":\"WebPage\",\"@id\":\"https:\\\/\\\/kuzeyinsesi.org\\\/index.php\\\/2026\\\/04\\\/27\\\/ramallahta-zeytinliklere-saldiri-200-agac-sokuldu\\\/\",\"url\":\"https:\\\/\\\/kuzeyinsesi.org\\\/index.php\\\/2026\\\/04\\\/27\\\/ramallahta-zeytinliklere-saldiri-200-agac-sokuldu\\\/\",\"name\":\"Ramallah&#039;ta zeytinliklere sald\u0131r\u0131: 200 a\u011fa\u00e7 s\u00f6k\u00fcld\u00fc - Kuzeyin Sesi\",\"isPartOf\":{\"@id\":\"https:\\\/\\\/kuzeyinsesi.org\\\/#website\"},\"primaryImageOfPage\":{\"@id\":\"https:\\\/\\\/kuzeyinsesi.org\\\/index.php\\\/2026\\\/04\\\/27\\\/ramallahta-zeytinliklere-saldiri-200-agac-sokuldu\\\/#primaryimage\"},\"image\":{\"@id\":\"https:\\\/\\\/kuzeyinsesi.org\\\/index.php\\\/2026\\\/04\\\/27\\\/ramallahta-zeytinliklere-saldiri-200-agac-sokuldu\\\/#primaryimage\"},\"thumbnailUrl\":\"https:\\\/\\\/kuzeyinsesi.org\\\/wp-content\\\/uploads\\\/2026\\\/04\\\/zeytin-agaclari-sokuldu-aa-2456515.jpg\",\"datePublished\":\"2026-04-27T04:31:58+00:00\",\"author\":{\"@id\":\"https:\\\/\\\/kuzeyinsesi.org\\\/#\\\/schema\\\/person\\\/9f859689cdf01485597712386e37f5aa\"},\"breadcrumb\":{\"@id\":\"https:\\\/\\\/kuzeyinsesi.org\\\/index.php\\\/2026\\\/04\\\/27\\\/ramallahta-zeytinliklere-saldiri-200-agac-sokuldu\\\/#breadcrumb\"},\"inLanguage\":\"tr\",\"potentialAction\":[{\"@type\":\"ReadAction\",\"target\":[\"https:\\\/\\\/kuzeyinsesi.org\\\/index.php\\\/2026\\\/04\\\/27\\\/ramallahta-zeytinliklere-saldiri-200-agac-sokuldu\\\/\"]}]},{\"@type\":\"ImageObject\",\"inLanguage\":\"tr\",\"@id\":\"https:\\\/\\\/kuzeyinsesi.org\\\/index.php\\\/2026\\\/04\\\/27\\\/ramallahta-zeytinliklere-saldiri-200-agac-sokuldu\\\/#primaryimage\",\"url\":\"https:\\\/\\\/kuzeyinsesi.org\\\/wp-content\\\/uploads\\\/2026\\\/04\\\/zeytin-agaclari-sokuldu-aa-2456515.jpg\",\"contentUrl\":\"https:\\\/\\\/kuzeyinsesi.org\\\/wp-content\\\/uploads\\\/2026\\\/04\\\/zeytin-agaclari-sokuldu-aa-2456515.jpg\",\"width\":1280,\"height\":720},{\"@type\":\"BreadcrumbList\",\"@id\":\"https:\\\/\\\/kuzeyinsesi.org\\\/index.php\\\/2026\\\/04\\\/27\\\/ramallahta-zeytinliklere-saldiri-200-agac-sokuldu\\\/#breadcrumb\",\"itemListElement\":[{\"@type\":\"ListItem\",\"position\":1,\"name\":\"Anasayfa\",\"item\":\"https:\\\/\\\/kuzeyinsesi.org\\\/\"},{\"@type\":\"ListItem\",\"position\":2,\"name\":\"Ramallah&#039;ta zeytinliklere sald\u0131r\u0131: 200 a\u011fa\u00e7 s\u00f6k\u00fcld\u00fc\"}]},{\"@type\":\"WebSite\",\"@id\":\"https:\\\/\\\/kuzeyinsesi.org\\\/#website\",\"url\":\"https:\\\/\\\/kuzeyinsesi.org\\\/\",\"name\":\"Kuzeyin Sesi\",\"description\":\"Do\u011fru Haberin Adresi\",\"potentialAction\":[{\"@type\":\"SearchAction\",\"target\":{\"@type\":\"EntryPoint\",\"urlTemplate\":\"https:\\\/\\\/kuzeyinsesi.org\\\/?s={search_term_string}\"},\"query-input\":{\"@type\":\"PropertyValueSpecification\",\"valueRequired\":true,\"valueName\":\"search_term_string\"}}],\"inLanguage\":\"tr\"},{\"@type\":\"Person\",\"@id\":\"https:\\\/\\\/kuzeyinsesi.org\\\/#\\\/schema\\\/person\\\/9f859689cdf01485597712386e37f5aa\",\"name\":\"Kuzeyin Sesi\",\"image\":{\"@type\":\"ImageObject\",\"inLanguage\":\"tr\",\"@id\":\"https:\\\/\\\/secure.gravatar.com\\\/avatar\\\/bab33852abfd8b282518d6ed81826833d77c3c882d9ab608add591ccace47a44?s=96&d=mm&r=g\",\"url\":\"https:\\\/\\\/secure.gravatar.com\\\/avatar\\\/bab33852abfd8b282518d6ed81826833d77c3c882d9ab608add591ccace47a44?s=96&d=mm&r=g\",\"contentUrl\":\"https:\\\/\\\/secure.gravatar.com\\\/avatar\\\/bab33852abfd8b282518d6ed81826833d77c3c882d9ab608add591ccace47a44?s=96&d=mm&r=g\",\"caption\":\"Kuzeyin Sesi\"},\"sameAs\":[\"https:\\\/\\\/kuzeyinsesi.org\"],\"url\":\"https:\\\/\\\/kuzeyinsesi.org\\\/index.php\\\/author\\\/guven\\\/\"}]}<\/script>\n<!-- \/ Yoast SEO plugin. -->","yoast_head_json":{"title":"Ramallah&#039;ta zeytinliklere sald\u0131r\u0131: 200 a\u011fa\u00e7 s\u00f6k\u00fcld\u00fc - Kuzeyin Sesi","robots":{"index":"index","follow":"follow","max-snippet":"max-snippet:-1","max-image-preview":"max-image-preview:large","max-video-preview":"max-video-preview:-1"},"canonical":"https:\/\/kuzeyinsesi.org\/index.php\/2026\/04\/27\/ramallahta-zeytinliklere-saldiri-200-agac-sokuldu\/","og_locale":"tr_TR","og_type":"article","og_title":"Ramallah&#039;ta zeytinliklere sald\u0131r\u0131: 200 a\u011fa\u00e7 s\u00f6k\u00fcld\u00fc - Kuzeyin Sesi","og_description":"\u0130\u015fgal alt\u0131ndaki Bat\u0131 \u015eeria\u2019n\u0131n Ramallah kentine ba\u011fl\u0131 Turmusaya beldesinde, yerle\u015fimcilerin d\u00fczenledi\u011fi sald\u0131r\u0131da yakla\u015f\u0131k 200 zeytin a\u011fac\u0131 s\u00f6k\u00fclerek tar\u0131m arazileri tahrip edildi. 27\/04\/2026 07:14 \u00a9 TRT HABER","og_url":"https:\/\/kuzeyinsesi.org\/index.php\/2026\/04\/27\/ramallahta-zeytinliklere-saldiri-200-agac-sokuldu\/","og_site_name":"Kuzeyin Sesi","article_publisher":"https:\/\/www.facebook.com\/kuzeyinsesii","article_published_time":"2026-04-27T04:31:58+00:00","og_image":[{"url":"https:\/\/trthaberstatic.cdn.wp.trt.com.tr\/resimler\/2456000\/zeytin-agaclari-sokuldu-aa-2456515.jpg","type":"","width":"","height":""}],"author":"Kuzeyin Sesi","twitter_card":"summary_large_image","twitter_creator":"@kuzeyinsesii","twitter_site":"@kuzeyinsesii","twitter_misc":{"Yazan:":"Kuzeyin Sesi"},"schema":{"@context":"https:\/\/schema.org","@graph":[{"@type":"Article","@id":"https:\/\/kuzeyinsesi.org\/index.php\/2026\/04\/27\/ramallahta-zeytinliklere-saldiri-200-agac-sokuldu\/#article","isPartOf":{"@id":"https:\/\/kuzeyinsesi.org\/index.php\/2026\/04\/27\/ramallahta-zeytinliklere-saldiri-200-agac-sokuldu\/"},"author":{"name":"Kuzeyin Sesi","@id":"https:\/\/kuzeyinsesi.org\/#\/schema\/person\/9f859689cdf01485597712386e37f5aa"},"headline":"Ramallah&#039;ta zeytinliklere sald\u0131r\u0131: 200 a\u011fa\u00e7 s\u00f6k\u00fcld\u00fc","datePublished":"2026-04-27T04:31:58+00:00","mainEntityOfPage":{"@id":"https:\/\/kuzeyinsesi.org\/index.php\/2026\/04\/27\/ramallahta-zeytinliklere-saldiri-200-agac-sokuldu\/"},"wordCount":46,"commentCount":0,"image":{"@id":"https:\/\/kuzeyinsesi.org\/index.php\/2026\/04\/27\/ramallahta-zeytinliklere-saldiri-200-agac-sokuldu\/#primaryimage"},"thumbnailUrl":"https:\/\/kuzeyinsesi.org\/wp-content\/uploads\/2026\/04\/zeytin-agaclari-sokuldu-aa-2456515.jpg","articleSection":["D\u00fcnya"],"inLanguage":"tr","potentialAction":[{"@type":"CommentAction","name":"Comment","target":["https:\/\/kuzeyinsesi.org\/index.php\/2026\/04\/27\/ramallahta-zeytinliklere-saldiri-200-agac-sokuldu\/#respond"]}]},{"@type":"WebPage","@id":"https:\/\/kuzeyinsesi.org\/index.php\/2026\/04\/27\/ramallahta-zeytinliklere-saldiri-200-agac-sokuldu\/","url":"https:\/\/kuzeyinsesi.org\/index.php\/2026\/04\/27\/ramallahta-zeytinliklere-saldiri-200-agac-sokuldu\/","name":"Ramallah&#039;ta zeytinliklere sald\u0131r\u0131: 200 a\u011fa\u00e7 s\u00f6k\u00fcld\u00fc - Kuzeyin Sesi","isPartOf":{"@id":"https:\/\/kuzeyinsesi.org\/#website"},"primaryImageOfPage":{"@id":"https:\/\/kuzeyinsesi.org\/index.php\/2026\/04\/27\/ramallahta-zeytinliklere-saldiri-200-agac-sokuldu\/#primaryimage"},"image":{"@id":"https:\/\/kuzeyinsesi.org\/index.php\/2026\/04\/27\/ramallahta-zeytinliklere-saldiri-200-agac-sokuldu\/#primaryimage"},"thumbnailUrl":"https:\/\/kuzeyinsesi.org\/wp-content\/uploads\/2026\/04\/zeytin-agaclari-sokuldu-aa-2456515.jpg","datePublished":"2026-04-27T04:31:58+00:00","author":{"@id":"https:\/\/kuzeyinsesi.org\/#\/schema\/person\/9f859689cdf01485597712386e37f5aa"},"breadcrumb":{"@id":"https:\/\/kuzeyinsesi.org\/index.php\/2026\/04\/27\/ramallahta-zeytinliklere-saldiri-200-agac-sokuldu\/#breadcrumb"},"inLanguage":"tr","potentialAction":[{"@type":"ReadAction","target":["https:\/\/kuzeyinsesi.org\/index.php\/2026\/04\/27\/ramallahta-zeytinliklere-saldiri-200-agac-sokuldu\/"]}]},{"@type":"ImageObject","inLanguage":"tr","@id":"https:\/\/kuzeyinsesi.org\/index.php\/2026\/04\/27\/ramallahta-zeytinliklere-saldiri-200-agac-sokuldu\/#primaryimage","url":"https:\/\/kuzeyinsesi.org\/wp-content\/uploads\/2026\/04\/zeytin-agaclari-sokuldu-aa-2456515.jpg","contentUrl":"https:\/\/kuzeyinsesi.org\/wp-content\/uploads\/2026\/04\/zeytin-agaclari-sokuldu-aa-2456515.jpg","width":1280,"height":720},{"@type":"BreadcrumbList","@id":"https:\/\/kuzeyinsesi.org\/index.php\/2026\/04\/27\/ramallahta-zeytinliklere-saldiri-200-agac-sokuldu\/#breadcrumb","itemListElement":[{"@type":"ListItem","position":1,"name":"Anasayfa","item":"https:\/\/kuzeyinsesi.org\/"},{"@type":"ListItem","position":2,"name":"Ramallah&#039;ta zeytinliklere sald\u0131r\u0131: 200 a\u011fa\u00e7 s\u00f6k\u00fcld\u00fc"}]},{"@type":"WebSite","@id":"https:\/\/kuzeyinsesi.org\/#website","url":"https:\/\/kuzeyinsesi.org\/","name":"Kuzeyin Sesi","description":"Do\u011fru Haberin Adresi","potentialAction":[{"@type":"SearchAction","target":{"@type":"EntryPoint","urlTemplate":"https:\/\/kuzeyinsesi.org\/?s={search_term_string}"},"query-input":{"@type":"PropertyValueSpecification","valueRequired":true,"valueName":"search_term_string"}}],"inLanguage":"tr"},{"@type":"Person","@id":"https:\/\/kuzeyinsesi.org\/#\/schema\/person\/9f859689cdf01485597712386e37f5aa","name":"Kuzeyin Sesi","image":{"@type":"ImageObject","inLanguage":"tr","@id":"https:\/\/secure.gravatar.com\/avatar\/bab33852abfd8b282518d6ed81826833d77c3c882d9ab608add591ccace47a44?s=96&d=mm&r=g","url":"https:\/\/secure.gravatar.com\/avatar\/bab33852abfd8b282518d6ed81826833d77c3c882d9ab608add591ccace47a44?s=96&d=mm&r=g","contentUrl":"https:\/\/secure.gravatar.com\/avatar\/bab33852abfd8b282518d6ed81826833d77c3c882d9ab608add591ccace47a44?s=96&d=mm&r=g","caption":"Kuzeyin Sesi"},"sameAs":["https:\/\/kuzeyinsesi.org"],"url":"https:\/\/kuzeyinsesi.org\/index.php\/author\/guven\/"}]}},"_links":{"self":[{"href":"https:\/\/kuzeyinsesi.org\/index.php\/wp-json\/wp\/v2\/posts\/37353","targetHints":{"allow":["GET"]}}],"collection":[{"href":"https:\/\/kuzeyinsesi.org\/index.php\/wp-json\/wp\/v2\/posts"}],"about":[{"href":"https:\/\/kuzeyinsesi.org\/index.php\/wp-json\/wp\/v2\/types\/post"}],"author":[{"embeddable":true,"href":"https:\/\/kuzeyinsesi.org\/index.php\/wp-json\/wp\/v2\/users\/1"}],"replies":[{"embeddable":true,"href":"https:\/\/kuzeyinsesi.org\/index.php\/wp-json\/wp\/v2\/comments?post=37353"}],"version-history":[{"count":0,"href":"https:\/\/kuzeyinsesi.org\/index.php\/wp-json\/wp\/v2\/posts\/37353\/revisions"}],"wp:featuredmedia":[{"embeddable":true,"href":"https:\/\/kuzeyinsesi.org\/index.php\/wp-json\/wp\/v2\/media\/37354"}],"wp:attachment":[{"href":"https:\/\/kuzeyinsesi.org\/index.php\/wp-json\/wp\/v2\/media?parent=37353"}],"wp:term":[{"taxonomy":"category","embeddable":true,"href":"https:\/\/kuzeyinsesi.org\/index.php\/wp-json\/wp\/v2\/categories?post=37353"},{"taxonomy":"post_tag","embeddable":true,"href":"https:\/\/kuzeyinsesi.org\/index.php\/wp-json\/wp\/v2\/tags?post=37353"}],"curies":[{"name":"wp","href":"https:\/\/api.w.org\/{rel}","templated":true}]}}