{"id":37342,"date":"2026-04-26T16:11:24","date_gmt":"2026-04-26T13:11:24","guid":{"rendered":"https:\/\/kuzeyinsesi.org\/index.php\/2026\/04\/26\/sakarya-kavsagi-ile-zorbalar-sokak-donusu-arasindaki-guzergah-yarindan-itibaren-trafige-kapatilacak\/"},"modified":"2026-04-26T16:11:24","modified_gmt":"2026-04-26T13:11:24","slug":"sakarya-kavsagi-ile-zorbalar-sokak-donusu-arasindaki-guzergah-yarindan-itibaren-trafige-kapatilacak","status":"publish","type":"post","link":"https:\/\/kuzeyinsesi.org\/index.php\/2026\/04\/26\/sakarya-kavsagi-ile-zorbalar-sokak-donusu-arasindaki-guzergah-yarindan-itibaren-trafige-kapatilacak\/","title":{"rendered":"Sakarya kav\u015fa\u011f\u0131 ile Zorbalar Sokak d\u00f6n\u00fc\u015f\u00fc aras\u0131ndaki g\u00fczerg\u00e2h yar\u0131ndan itibaren trafi\u011fe kapat\u0131lacak"},"content":{"rendered":"<p style=\"font-weight: 300\"><span style=\"font-weight: 300 !important\">Gazima\u011fusa Belediyesi, Sakarya kav\u015fa\u011f\u0131 ile Zorbalar Sokak d\u00f6n\u00fc\u015f\u00fc aras\u0131ndaki g\u00fczerg\u00e2h\u0131n yar\u0131ndan itibaren \u00e7ift y\u00f6nl\u00fc olarak trafi\u011fe kapat\u0131laca\u011f\u0131n\u0131 duyurdu.<\/span><\/p>\n<p style=\"font-weight: 300\">Gazima\u011fusa Belediyesi\u2019nden verilen bilgiye g\u00f6re, s\u00f6z konusu yol, \u0130smet \u0130n\u00f6n\u00fc Bulvar\u0131 (Salamis Yolu) 2. Etap D\u00fczenleme Projesi kapsam\u0131nda y\u00fcr\u00fct\u00fclen altyap\u0131 ve kald\u0131r\u0131m \u00e7al\u0131\u015fmalar\u0131 nedeniyle ge\u00e7ici olarak kapat\u0131lacak.<\/p>\n<p style=\"font-weight: 300\">S\u00fcr\u00fcc\u00fclerin, \u00e7al\u0131\u015fmalar s\u00fcresince alternatif g\u00fczerg\u00e2hlar\u0131 kullanmas\u0131, trafik levha, i\u015faret ve y\u00f6nlendirmelerine dikkatle uymas\u0131 istendi.<\/p>\n","protected":false},"excerpt":{"rendered":"<p>Gazima\u011fusa Belediyesi, Sakarya kav\u015fa\u011f\u0131 ile Zorbalar Sokak d\u00f6n\u00fc\u015f\u00fc aras\u0131ndaki g\u00fczerg\u00e2h\u0131n yar\u0131ndan itibaren \u00e7ift y\u00f6nl\u00fc olarak trafi\u011fe kapat\u0131laca\u011f\u0131n\u0131 duyurdu. Gazima\u011fusa Belediyesi\u2019nden verilen bilgiye g\u00f6re, s\u00f6z konusu yol, \u0130smet \u0130n\u00f6n\u00fc Bulvar\u0131 (Salamis Yolu) 2. Etap D\u00fczenleme Projesi kapsam\u0131nda y\u00fcr\u00fct\u00fclen altyap\u0131 ve kald\u0131r\u0131m \u00e7al\u0131\u015fmalar\u0131 nedeniyle ge\u00e7ici olarak kapat\u0131lacak. S\u00fcr\u00fcc\u00fclerin, \u00e7al\u0131\u015fmalar s\u00fcresince alternatif g\u00fczerg\u00e2hlar\u0131 kullanmas\u0131, trafik levha, i\u015faret ve [&hellip;]<\/p>\n","protected":false},"author":1,"featured_media":37343,"comment_status":"open","ping_status":"open","sticky":false,"template":"","format":"standard","meta":{"jnews-multi-image_gallery":[],"jnews_single_post":[],"jnews_primary_category":[],"jnews_social_meta":[],"jnews_override_counter":[],"footnotes":""},"categories":[1],"tags":[],"class_list":["post-37342","post","type-post","status-publish","format-standard","has-post-thumbnail","hentry","category-kibris"],"yoast_head":"<!-- This site is optimized with the Yoast SEO plugin v27.4 - https:\/\/yoast.com\/product\/yoast-seo-wordpress\/ -->\n<title>Sakarya kav\u015fa\u011f\u0131 ile Zorbalar Sokak d\u00f6n\u00fc\u015f\u00fc aras\u0131ndaki g\u00fczerg\u00e2h yar\u0131ndan itibaren trafi\u011fe kapat\u0131lacak - Kuzeyin Sesi<\/title>\n<meta name=\"robots\" content=\"index, follow, max-snippet:-1, max-image-preview:large, max-video-preview:-1\" \/>\n<link rel=\"canonical\" href=\"https:\/\/kuzeyinsesi.org\/index.php\/2026\/04\/26\/sakarya-kavsagi-ile-zorbalar-sokak-donusu-arasindaki-guzergah-yarindan-itibaren-trafige-kapatilacak\/\" \/>\n<meta property=\"og:locale\" content=\"tr_TR\" \/>\n<meta property=\"og:type\" content=\"article\" \/>\n<meta property=\"og:title\" content=\"Sakarya kav\u015fa\u011f\u0131 ile Zorbalar Sokak d\u00f6n\u00fc\u015f\u00fc aras\u0131ndaki g\u00fczerg\u00e2h yar\u0131ndan itibaren trafi\u011fe kapat\u0131lacak - Kuzeyin Sesi\" \/>\n<meta property=\"og:description\" content=\"Gazima\u011fusa Belediyesi, Sakarya kav\u015fa\u011f\u0131 ile Zorbalar Sokak d\u00f6n\u00fc\u015f\u00fc aras\u0131ndaki g\u00fczerg\u00e2h\u0131n yar\u0131ndan itibaren \u00e7ift y\u00f6nl\u00fc olarak trafi\u011fe kapat\u0131laca\u011f\u0131n\u0131 duyurdu. Gazima\u011fusa Belediyesi\u2019nden verilen bilgiye g\u00f6re, s\u00f6z konusu yol, \u0130smet \u0130n\u00f6n\u00fc Bulvar\u0131 (Salamis Yolu) 2. Etap D\u00fczenleme Projesi kapsam\u0131nda y\u00fcr\u00fct\u00fclen altyap\u0131 ve kald\u0131r\u0131m \u00e7al\u0131\u015fmalar\u0131 nedeniyle ge\u00e7ici olarak kapat\u0131lacak. S\u00fcr\u00fcc\u00fclerin, \u00e7al\u0131\u015fmalar s\u00fcresince alternatif g\u00fczerg\u00e2hlar\u0131 kullanmas\u0131, trafik levha, i\u015faret ve [&hellip;]\" \/>\n<meta property=\"og:url\" content=\"https:\/\/kuzeyinsesi.org\/index.php\/2026\/04\/26\/sakarya-kavsagi-ile-zorbalar-sokak-donusu-arasindaki-guzergah-yarindan-itibaren-trafige-kapatilacak\/\" \/>\n<meta property=\"og:site_name\" content=\"Kuzeyin Sesi\" \/>\n<meta property=\"article:publisher\" content=\"https:\/\/www.facebook.com\/kuzeyinsesii\" \/>\n<meta property=\"article:published_time\" content=\"2026-04-26T13:11:24+00:00\" \/>\n<meta name=\"author\" content=\"Kuzeyin Sesi\" \/>\n<meta name=\"twitter:card\" content=\"summary_large_image\" \/>\n<meta name=\"twitter:creator\" content=\"@kuzeyinsesii\" \/>\n<meta name=\"twitter:site\" content=\"@kuzeyinsesii\" \/>\n<meta name=\"twitter:label1\" content=\"Yazan:\" \/>\n\t<meta name=\"twitter:data1\" content=\"Kuzeyin Sesi\" \/>\n<script type=\"application\/ld+json\" class=\"yoast-schema-graph\">{\"@context\":\"https:\\\/\\\/schema.org\",\"@graph\":[{\"@type\":\"Article\",\"@id\":\"https:\\\/\\\/kuzeyinsesi.org\\\/index.php\\\/2026\\\/04\\\/26\\\/sakarya-kavsagi-ile-zorbalar-sokak-donusu-arasindaki-guzergah-yarindan-itibaren-trafige-kapatilacak\\\/#article\",\"isPartOf\":{\"@id\":\"https:\\\/\\\/kuzeyinsesi.org\\\/index.php\\\/2026\\\/04\\\/26\\\/sakarya-kavsagi-ile-zorbalar-sokak-donusu-arasindaki-guzergah-yarindan-itibaren-trafige-kapatilacak\\\/\"},\"author\":{\"name\":\"Kuzeyin Sesi\",\"@id\":\"https:\\\/\\\/kuzeyinsesi.org\\\/#\\\/schema\\\/person\\\/9f859689cdf01485597712386e37f5aa\"},\"headline\":\"Sakarya kav\u015fa\u011f\u0131 ile Zorbalar Sokak d\u00f6n\u00fc\u015f\u00fc aras\u0131ndaki g\u00fczerg\u00e2h yar\u0131ndan itibaren trafi\u011fe kapat\u0131lacak\",\"datePublished\":\"2026-04-26T13:11:24+00:00\",\"mainEntityOfPage\":{\"@id\":\"https:\\\/\\\/kuzeyinsesi.org\\\/index.php\\\/2026\\\/04\\\/26\\\/sakarya-kavsagi-ile-zorbalar-sokak-donusu-arasindaki-guzergah-yarindan-itibaren-trafige-kapatilacak\\\/\"},\"wordCount\":114,\"commentCount\":0,\"image\":{\"@id\":\"https:\\\/\\\/kuzeyinsesi.org\\\/index.php\\\/2026\\\/04\\\/26\\\/sakarya-kavsagi-ile-zorbalar-sokak-donusu-arasindaki-guzergah-yarindan-itibaren-trafige-kapatilacak\\\/#primaryimage\"},\"thumbnailUrl\":\"https:\\\/\\\/kuzeyinsesi.org\\\/wp-content\\\/uploads\\\/2026\\\/04\\\/v2normalhaberboyutuablonsuzkopyas-2026-04-26t153723916_1777207075.webp\",\"articleSection\":[\"K\u0131br\u0131s\"],\"inLanguage\":\"tr\",\"potentialAction\":[{\"@type\":\"CommentAction\",\"name\":\"Comment\",\"target\":[\"https:\\\/\\\/kuzeyinsesi.org\\\/index.php\\\/2026\\\/04\\\/26\\\/sakarya-kavsagi-ile-zorbalar-sokak-donusu-arasindaki-guzergah-yarindan-itibaren-trafige-kapatilacak\\\/#respond\"]}]},{\"@type\":\"WebPage\",\"@id\":\"https:\\\/\\\/kuzeyinsesi.org\\\/index.php\\\/2026\\\/04\\\/26\\\/sakarya-kavsagi-ile-zorbalar-sokak-donusu-arasindaki-guzergah-yarindan-itibaren-trafige-kapatilacak\\\/\",\"url\":\"https:\\\/\\\/kuzeyinsesi.org\\\/index.php\\\/2026\\\/04\\\/26\\\/sakarya-kavsagi-ile-zorbalar-sokak-donusu-arasindaki-guzergah-yarindan-itibaren-trafige-kapatilacak\\\/\",\"name\":\"Sakarya kav\u015fa\u011f\u0131 ile Zorbalar Sokak d\u00f6n\u00fc\u015f\u00fc aras\u0131ndaki g\u00fczerg\u00e2h yar\u0131ndan itibaren trafi\u011fe kapat\u0131lacak - Kuzeyin Sesi\",\"isPartOf\":{\"@id\":\"https:\\\/\\\/kuzeyinsesi.org\\\/#website\"},\"primaryImageOfPage\":{\"@id\":\"https:\\\/\\\/kuzeyinsesi.org\\\/index.php\\\/2026\\\/04\\\/26\\\/sakarya-kavsagi-ile-zorbalar-sokak-donusu-arasindaki-guzergah-yarindan-itibaren-trafige-kapatilacak\\\/#primaryimage\"},\"image\":{\"@id\":\"https:\\\/\\\/kuzeyinsesi.org\\\/index.php\\\/2026\\\/04\\\/26\\\/sakarya-kavsagi-ile-zorbalar-sokak-donusu-arasindaki-guzergah-yarindan-itibaren-trafige-kapatilacak\\\/#primaryimage\"},\"thumbnailUrl\":\"https:\\\/\\\/kuzeyinsesi.org\\\/wp-content\\\/uploads\\\/2026\\\/04\\\/v2normalhaberboyutuablonsuzkopyas-2026-04-26t153723916_1777207075.webp\",\"datePublished\":\"2026-04-26T13:11:24+00:00\",\"author\":{\"@id\":\"https:\\\/\\\/kuzeyinsesi.org\\\/#\\\/schema\\\/person\\\/9f859689cdf01485597712386e37f5aa\"},\"breadcrumb\":{\"@id\":\"https:\\\/\\\/kuzeyinsesi.org\\\/index.php\\\/2026\\\/04\\\/26\\\/sakarya-kavsagi-ile-zorbalar-sokak-donusu-arasindaki-guzergah-yarindan-itibaren-trafige-kapatilacak\\\/#breadcrumb\"},\"inLanguage\":\"tr\",\"potentialAction\":[{\"@type\":\"ReadAction\",\"target\":[\"https:\\\/\\\/kuzeyinsesi.org\\\/index.php\\\/2026\\\/04\\\/26\\\/sakarya-kavsagi-ile-zorbalar-sokak-donusu-arasindaki-guzergah-yarindan-itibaren-trafige-kapatilacak\\\/\"]}]},{\"@type\":\"ImageObject\",\"inLanguage\":\"tr\",\"@id\":\"https:\\\/\\\/kuzeyinsesi.org\\\/index.php\\\/2026\\\/04\\\/26\\\/sakarya-kavsagi-ile-zorbalar-sokak-donusu-arasindaki-guzergah-yarindan-itibaren-trafige-kapatilacak\\\/#primaryimage\",\"url\":\"https:\\\/\\\/kuzeyinsesi.org\\\/wp-content\\\/uploads\\\/2026\\\/04\\\/v2normalhaberboyutuablonsuzkopyas-2026-04-26t153723916_1777207075.webp\",\"contentUrl\":\"https:\\\/\\\/kuzeyinsesi.org\\\/wp-content\\\/uploads\\\/2026\\\/04\\\/v2normalhaberboyutuablonsuzkopyas-2026-04-26t153723916_1777207075.webp\",\"width\":971,\"height\":551},{\"@type\":\"BreadcrumbList\",\"@id\":\"https:\\\/\\\/kuzeyinsesi.org\\\/index.php\\\/2026\\\/04\\\/26\\\/sakarya-kavsagi-ile-zorbalar-sokak-donusu-arasindaki-guzergah-yarindan-itibaren-trafige-kapatilacak\\\/#breadcrumb\",\"itemListElement\":[{\"@type\":\"ListItem\",\"position\":1,\"name\":\"Anasayfa\",\"item\":\"https:\\\/\\\/kuzeyinsesi.org\\\/\"},{\"@type\":\"ListItem\",\"position\":2,\"name\":\"Sakarya kav\u015fa\u011f\u0131 ile Zorbalar Sokak d\u00f6n\u00fc\u015f\u00fc aras\u0131ndaki g\u00fczerg\u00e2h yar\u0131ndan itibaren trafi\u011fe kapat\u0131lacak\"}]},{\"@type\":\"WebSite\",\"@id\":\"https:\\\/\\\/kuzeyinsesi.org\\\/#website\",\"url\":\"https:\\\/\\\/kuzeyinsesi.org\\\/\",\"name\":\"Kuzeyin Sesi\",\"description\":\"Do\u011fru Haberin Adresi\",\"potentialAction\":[{\"@type\":\"SearchAction\",\"target\":{\"@type\":\"EntryPoint\",\"urlTemplate\":\"https:\\\/\\\/kuzeyinsesi.org\\\/?s={search_term_string}\"},\"query-input\":{\"@type\":\"PropertyValueSpecification\",\"valueRequired\":true,\"valueName\":\"search_term_string\"}}],\"inLanguage\":\"tr\"},{\"@type\":\"Person\",\"@id\":\"https:\\\/\\\/kuzeyinsesi.org\\\/#\\\/schema\\\/person\\\/9f859689cdf01485597712386e37f5aa\",\"name\":\"Kuzeyin Sesi\",\"image\":{\"@type\":\"ImageObject\",\"inLanguage\":\"tr\",\"@id\":\"https:\\\/\\\/secure.gravatar.com\\\/avatar\\\/bab33852abfd8b282518d6ed81826833d77c3c882d9ab608add591ccace47a44?s=96&d=mm&r=g\",\"url\":\"https:\\\/\\\/secure.gravatar.com\\\/avatar\\\/bab33852abfd8b282518d6ed81826833d77c3c882d9ab608add591ccace47a44?s=96&d=mm&r=g\",\"contentUrl\":\"https:\\\/\\\/secure.gravatar.com\\\/avatar\\\/bab33852abfd8b282518d6ed81826833d77c3c882d9ab608add591ccace47a44?s=96&d=mm&r=g\",\"caption\":\"Kuzeyin Sesi\"},\"sameAs\":[\"https:\\\/\\\/kuzeyinsesi.org\"],\"url\":\"https:\\\/\\\/kuzeyinsesi.org\\\/index.php\\\/author\\\/guven\\\/\"}]}<\/script>\n<!-- \/ Yoast SEO plugin. -->","yoast_head_json":{"title":"Sakarya kav\u015fa\u011f\u0131 ile Zorbalar Sokak d\u00f6n\u00fc\u015f\u00fc aras\u0131ndaki g\u00fczerg\u00e2h yar\u0131ndan itibaren trafi\u011fe kapat\u0131lacak - Kuzeyin Sesi","robots":{"index":"index","follow":"follow","max-snippet":"max-snippet:-1","max-image-preview":"max-image-preview:large","max-video-preview":"max-video-preview:-1"},"canonical":"https:\/\/kuzeyinsesi.org\/index.php\/2026\/04\/26\/sakarya-kavsagi-ile-zorbalar-sokak-donusu-arasindaki-guzergah-yarindan-itibaren-trafige-kapatilacak\/","og_locale":"tr_TR","og_type":"article","og_title":"Sakarya kav\u015fa\u011f\u0131 ile Zorbalar Sokak d\u00f6n\u00fc\u015f\u00fc aras\u0131ndaki g\u00fczerg\u00e2h yar\u0131ndan itibaren trafi\u011fe kapat\u0131lacak - Kuzeyin Sesi","og_description":"Gazima\u011fusa Belediyesi, Sakarya kav\u015fa\u011f\u0131 ile Zorbalar Sokak d\u00f6n\u00fc\u015f\u00fc aras\u0131ndaki g\u00fczerg\u00e2h\u0131n yar\u0131ndan itibaren \u00e7ift y\u00f6nl\u00fc olarak trafi\u011fe kapat\u0131laca\u011f\u0131n\u0131 duyurdu. Gazima\u011fusa Belediyesi\u2019nden verilen bilgiye g\u00f6re, s\u00f6z konusu yol, \u0130smet \u0130n\u00f6n\u00fc Bulvar\u0131 (Salamis Yolu) 2. Etap D\u00fczenleme Projesi kapsam\u0131nda y\u00fcr\u00fct\u00fclen altyap\u0131 ve kald\u0131r\u0131m \u00e7al\u0131\u015fmalar\u0131 nedeniyle ge\u00e7ici olarak kapat\u0131lacak. S\u00fcr\u00fcc\u00fclerin, \u00e7al\u0131\u015fmalar s\u00fcresince alternatif g\u00fczerg\u00e2hlar\u0131 kullanmas\u0131, trafik levha, i\u015faret ve [&hellip;]","og_url":"https:\/\/kuzeyinsesi.org\/index.php\/2026\/04\/26\/sakarya-kavsagi-ile-zorbalar-sokak-donusu-arasindaki-guzergah-yarindan-itibaren-trafige-kapatilacak\/","og_site_name":"Kuzeyin Sesi","article_publisher":"https:\/\/www.facebook.com\/kuzeyinsesii","article_published_time":"2026-04-26T13:11:24+00:00","author":"Kuzeyin Sesi","twitter_card":"summary_large_image","twitter_creator":"@kuzeyinsesii","twitter_site":"@kuzeyinsesii","twitter_misc":{"Yazan:":"Kuzeyin Sesi"},"schema":{"@context":"https:\/\/schema.org","@graph":[{"@type":"Article","@id":"https:\/\/kuzeyinsesi.org\/index.php\/2026\/04\/26\/sakarya-kavsagi-ile-zorbalar-sokak-donusu-arasindaki-guzergah-yarindan-itibaren-trafige-kapatilacak\/#article","isPartOf":{"@id":"https:\/\/kuzeyinsesi.org\/index.php\/2026\/04\/26\/sakarya-kavsagi-ile-zorbalar-sokak-donusu-arasindaki-guzergah-yarindan-itibaren-trafige-kapatilacak\/"},"author":{"name":"Kuzeyin Sesi","@id":"https:\/\/kuzeyinsesi.org\/#\/schema\/person\/9f859689cdf01485597712386e37f5aa"},"headline":"Sakarya kav\u015fa\u011f\u0131 ile Zorbalar Sokak d\u00f6n\u00fc\u015f\u00fc aras\u0131ndaki g\u00fczerg\u00e2h yar\u0131ndan itibaren trafi\u011fe kapat\u0131lacak","datePublished":"2026-04-26T13:11:24+00:00","mainEntityOfPage":{"@id":"https:\/\/kuzeyinsesi.org\/index.php\/2026\/04\/26\/sakarya-kavsagi-ile-zorbalar-sokak-donusu-arasindaki-guzergah-yarindan-itibaren-trafige-kapatilacak\/"},"wordCount":114,"commentCount":0,"image":{"@id":"https:\/\/kuzeyinsesi.org\/index.php\/2026\/04\/26\/sakarya-kavsagi-ile-zorbalar-sokak-donusu-arasindaki-guzergah-yarindan-itibaren-trafige-kapatilacak\/#primaryimage"},"thumbnailUrl":"https:\/\/kuzeyinsesi.org\/wp-content\/uploads\/2026\/04\/v2normalhaberboyutuablonsuzkopyas-2026-04-26t153723916_1777207075.webp","articleSection":["K\u0131br\u0131s"],"inLanguage":"tr","potentialAction":[{"@type":"CommentAction","name":"Comment","target":["https:\/\/kuzeyinsesi.org\/index.php\/2026\/04\/26\/sakarya-kavsagi-ile-zorbalar-sokak-donusu-arasindaki-guzergah-yarindan-itibaren-trafige-kapatilacak\/#respond"]}]},{"@type":"WebPage","@id":"https:\/\/kuzeyinsesi.org\/index.php\/2026\/04\/26\/sakarya-kavsagi-ile-zorbalar-sokak-donusu-arasindaki-guzergah-yarindan-itibaren-trafige-kapatilacak\/","url":"https:\/\/kuzeyinsesi.org\/index.php\/2026\/04\/26\/sakarya-kavsagi-ile-zorbalar-sokak-donusu-arasindaki-guzergah-yarindan-itibaren-trafige-kapatilacak\/","name":"Sakarya kav\u015fa\u011f\u0131 ile Zorbalar Sokak d\u00f6n\u00fc\u015f\u00fc aras\u0131ndaki g\u00fczerg\u00e2h yar\u0131ndan itibaren trafi\u011fe kapat\u0131lacak - Kuzeyin Sesi","isPartOf":{"@id":"https:\/\/kuzeyinsesi.org\/#website"},"primaryImageOfPage":{"@id":"https:\/\/kuzeyinsesi.org\/index.php\/2026\/04\/26\/sakarya-kavsagi-ile-zorbalar-sokak-donusu-arasindaki-guzergah-yarindan-itibaren-trafige-kapatilacak\/#primaryimage"},"image":{"@id":"https:\/\/kuzeyinsesi.org\/index.php\/2026\/04\/26\/sakarya-kavsagi-ile-zorbalar-sokak-donusu-arasindaki-guzergah-yarindan-itibaren-trafige-kapatilacak\/#primaryimage"},"thumbnailUrl":"https:\/\/kuzeyinsesi.org\/wp-content\/uploads\/2026\/04\/v2normalhaberboyutuablonsuzkopyas-2026-04-26t153723916_1777207075.webp","datePublished":"2026-04-26T13:11:24+00:00","author":{"@id":"https:\/\/kuzeyinsesi.org\/#\/schema\/person\/9f859689cdf01485597712386e37f5aa"},"breadcrumb":{"@id":"https:\/\/kuzeyinsesi.org\/index.php\/2026\/04\/26\/sakarya-kavsagi-ile-zorbalar-sokak-donusu-arasindaki-guzergah-yarindan-itibaren-trafige-kapatilacak\/#breadcrumb"},"inLanguage":"tr","potentialAction":[{"@type":"ReadAction","target":["https:\/\/kuzeyinsesi.org\/index.php\/2026\/04\/26\/sakarya-kavsagi-ile-zorbalar-sokak-donusu-arasindaki-guzergah-yarindan-itibaren-trafige-kapatilacak\/"]}]},{"@type":"ImageObject","inLanguage":"tr","@id":"https:\/\/kuzeyinsesi.org\/index.php\/2026\/04\/26\/sakarya-kavsagi-ile-zorbalar-sokak-donusu-arasindaki-guzergah-yarindan-itibaren-trafige-kapatilacak\/#primaryimage","url":"https:\/\/kuzeyinsesi.org\/wp-content\/uploads\/2026\/04\/v2normalhaberboyutuablonsuzkopyas-2026-04-26t153723916_1777207075.webp","contentUrl":"https:\/\/kuzeyinsesi.org\/wp-content\/uploads\/2026\/04\/v2normalhaberboyutuablonsuzkopyas-2026-04-26t153723916_1777207075.webp","width":971,"height":551},{"@type":"BreadcrumbList","@id":"https:\/\/kuzeyinsesi.org\/index.php\/2026\/04\/26\/sakarya-kavsagi-ile-zorbalar-sokak-donusu-arasindaki-guzergah-yarindan-itibaren-trafige-kapatilacak\/#breadcrumb","itemListElement":[{"@type":"ListItem","position":1,"name":"Anasayfa","item":"https:\/\/kuzeyinsesi.org\/"},{"@type":"ListItem","position":2,"name":"Sakarya kav\u015fa\u011f\u0131 ile Zorbalar Sokak d\u00f6n\u00fc\u015f\u00fc aras\u0131ndaki g\u00fczerg\u00e2h yar\u0131ndan itibaren trafi\u011fe kapat\u0131lacak"}]},{"@type":"WebSite","@id":"https:\/\/kuzeyinsesi.org\/#website","url":"https:\/\/kuzeyinsesi.org\/","name":"Kuzeyin Sesi","description":"Do\u011fru Haberin Adresi","potentialAction":[{"@type":"SearchAction","target":{"@type":"EntryPoint","urlTemplate":"https:\/\/kuzeyinsesi.org\/?s={search_term_string}"},"query-input":{"@type":"PropertyValueSpecification","valueRequired":true,"valueName":"search_term_string"}}],"inLanguage":"tr"},{"@type":"Person","@id":"https:\/\/kuzeyinsesi.org\/#\/schema\/person\/9f859689cdf01485597712386e37f5aa","name":"Kuzeyin Sesi","image":{"@type":"ImageObject","inLanguage":"tr","@id":"https:\/\/secure.gravatar.com\/avatar\/bab33852abfd8b282518d6ed81826833d77c3c882d9ab608add591ccace47a44?s=96&d=mm&r=g","url":"https:\/\/secure.gravatar.com\/avatar\/bab33852abfd8b282518d6ed81826833d77c3c882d9ab608add591ccace47a44?s=96&d=mm&r=g","contentUrl":"https:\/\/secure.gravatar.com\/avatar\/bab33852abfd8b282518d6ed81826833d77c3c882d9ab608add591ccace47a44?s=96&d=mm&r=g","caption":"Kuzeyin Sesi"},"sameAs":["https:\/\/kuzeyinsesi.org"],"url":"https:\/\/kuzeyinsesi.org\/index.php\/author\/guven\/"}]}},"_links":{"self":[{"href":"https:\/\/kuzeyinsesi.org\/index.php\/wp-json\/wp\/v2\/posts\/37342","targetHints":{"allow":["GET"]}}],"collection":[{"href":"https:\/\/kuzeyinsesi.org\/index.php\/wp-json\/wp\/v2\/posts"}],"about":[{"href":"https:\/\/kuzeyinsesi.org\/index.php\/wp-json\/wp\/v2\/types\/post"}],"author":[{"embeddable":true,"href":"https:\/\/kuzeyinsesi.org\/index.php\/wp-json\/wp\/v2\/users\/1"}],"replies":[{"embeddable":true,"href":"https:\/\/kuzeyinsesi.org\/index.php\/wp-json\/wp\/v2\/comments?post=37342"}],"version-history":[{"count":0,"href":"https:\/\/kuzeyinsesi.org\/index.php\/wp-json\/wp\/v2\/posts\/37342\/revisions"}],"wp:featuredmedia":[{"embeddable":true,"href":"https:\/\/kuzeyinsesi.org\/index.php\/wp-json\/wp\/v2\/media\/37343"}],"wp:attachment":[{"href":"https:\/\/kuzeyinsesi.org\/index.php\/wp-json\/wp\/v2\/media?parent=37342"}],"wp:term":[{"taxonomy":"category","embeddable":true,"href":"https:\/\/kuzeyinsesi.org\/index.php\/wp-json\/wp\/v2\/categories?post=37342"},{"taxonomy":"post_tag","embeddable":true,"href":"https:\/\/kuzeyinsesi.org\/index.php\/wp-json\/wp\/v2\/tags?post=37342"}],"curies":[{"name":"wp","href":"https:\/\/api.w.org\/{rel}","templated":true}]}}