{"id":37337,"date":"2026-04-26T15:03:29","date_gmt":"2026-04-26T12:03:29","guid":{"rendered":"https:\/\/kuzeyinsesi.org\/index.php\/2026\/04\/26\/polisiye-olaylar-uc-kisi-tutuklandi-bes-kisi-hakkinda-yasal-islem-baslatildi\/"},"modified":"2026-04-26T15:03:29","modified_gmt":"2026-04-26T12:03:29","slug":"polisiye-olaylar-uc-kisi-tutuklandi-bes-kisi-hakkinda-yasal-islem-baslatildi","status":"publish","type":"post","link":"https:\/\/kuzeyinsesi.org\/index.php\/2026\/04\/26\/polisiye-olaylar-uc-kisi-tutuklandi-bes-kisi-hakkinda-yasal-islem-baslatildi\/","title":{"rendered":"Polisiye olaylar..\u00dc\u00e7 ki\u015fi tutukland\u0131, be\u015f ki\u015fi hakk\u0131nda yasal i\u015flem ba\u015flat\u0131ld\u0131"},"content":{"rendered":"<p style=\"font-weight: 300\"><span style=\"font-weight: 300 !important\">\u00dclke genelinde ya\u015fanan polisiye olaylarda \u00fc\u00e7 ki\u015fi tutukland\u0131, be\u015f ki\u015fi hakk\u0131nda ise yasal i\u015flem ba\u015flat\u0131ld\u0131.<\/span><\/p>\n<p style=\"font-weight: 300\">Polis Bas\u0131n Subayl\u0131\u011f\u0131\u2019ndan verilen bilgiye g\u00f6re, d\u00fcn ak\u015fam 18.00 s\u0131ralar\u0131nda, Karao\u011flano\u011flu\u2019nda, Narkotik ve Ka\u00e7ak\u00e7\u0131l\u0131\u011f\u0131 \u00d6nleme M\u00fcd\u00fcrl\u00fc\u011f\u00fc Ekipleri taraf\u0131ndan \u015f\u00fcpheli g\u00f6r\u00fclen H.\u015e.\u2019nin (E-46) \u00fczerinde ve arac\u0131nda yap\u0131lan aramada, yakla\u015f\u0131k 2 gram kokain ile 1 gram hintkeneviri bulundu. Ayr\u0131ca ilgili \u015fahs\u0131n evinde de yap\u0131lan aramada 5 hap ile i\u00e7erisinde t\u00fct\u00fcnle kar\u0131\u015f\u0131k hintkeneviri olan ucu yan\u0131k sarma sigara bulundu.<\/p>\n<p style=\"font-weight: 300\">Bahse konu \u015fah\u0131s tutukland\u0131.<\/p>\n<p style=\"font-weight: 300\">-Y.S. eski k\u0131z arkada\u015f\u0131n\u0131 b\u0131\u00e7aklad\u0131<\/p>\n<p style=\"font-weight: 300\">Kalkanl\u0131\u2019da 22 Nisan\u2019da eski k\u0131z arkada\u015f\u0131 \u015e.C.\u2019nin (K-43) evine izinsiz olarak giren Y.S.(E-45), \u015e.C.\u2019nin y\u00fcz\u00fcne yumruk vurarak ciddi \u015fekilde darp etti, sa\u011f g\u00f6z\u00fcn\u00fc \u00e7evreleyen kemi\u011fi k\u0131rd\u0131. Y.S. ayr\u0131ca, kanunsuz olarak bulundurdu\u011fu b\u0131\u00e7akla \u015e.C.\u2019yi sol kar\u0131n k\u0131sm\u0131ndan yaralad\u0131. Olay sonucu Lefko\u015fa Burhan Nalbanto\u011flu Hastanesi\u2019ne kald\u0131r\u0131lan \u015e.C. yap\u0131lan tedavi sonras\u0131nda hastaneden taburcu oldu.<\/p>\n<p style=\"font-weight: 300\">Y\u00fcr\u00fct\u00fclen ileri soru\u015fturma kapsam\u0131nda tespit edilen Y.S., tutukland\u0131.<\/p>\n<p style=\"font-weight: 300\">-Alsancak\u2019ta ayakkab\u0131 \u00e7alan \u015fah\u0131s tutukland\u0131<\/p>\n<p style=\"font-weight: 300\">Alsancak\u2019ta, 24 Nisan\u2019da bir apartman dairesinin giri\u015f kap\u0131s\u0131 \u00f6n\u00fcndeki ayakkab\u0131l\u0131ktaki iki \u00e7ift kramponlu ayakkab\u0131y\u0131 \u00e7alan Y.M.A. (E-28) polis taraf\u0131ndan tespit edilerek, tutukland\u0131.<\/p>\n<p style=\"font-weight: 300\">-\u0130kamet izni olmayan bir ki\u015fi tutukland\u0131<\/p>\n<p style=\"font-weight: 300\">Polis Ekipleri taraf\u0131ndan \u00fclke genelinde ka\u00e7ak ya\u015famla m\u00fccadele kapsam\u0131nda d\u00fcn ger\u00e7ekle\u015ftirilen denetim ve kontrollerde, ikamet izini olmayan bir ki\u015fi tutuklanarak, aleyhinde yasal i\u015flem ba\u015flat\u0131ld\u0131.<\/p>\n<p style=\"font-weight: 300\">-Kumarhanede bulunmak ve bulunmas\u0131na m\u00fcsade etmek<\/p>\n<p style=\"font-weight: 300\">Polis ekipleri taraf\u0131ndan, \u00fclke genelinde faaliyet g\u00f6steren kumarhanelerde d\u00fcn ger\u00e7ekle\u015ftirilen denetimler sonunda, kumarhaneye girmeleri ve bulunmalar\u0131 yasak olan 5 ki\u015fiye idari para cezas\u0131 kesilerek, aleyhlerinde yasal i\u015flem ba\u015flat\u0131ld\u0131.<\/p>\n<p style=\"font-weight: 300\">Meselelerle ilgili polis soru\u015fturmalar\u0131 devam ediyor.<\/p>\n","protected":false},"excerpt":{"rendered":"<p>\u00dclke genelinde ya\u015fanan polisiye olaylarda \u00fc\u00e7 ki\u015fi tutukland\u0131, be\u015f ki\u015fi hakk\u0131nda ise yasal i\u015flem ba\u015flat\u0131ld\u0131. Polis Bas\u0131n Subayl\u0131\u011f\u0131\u2019ndan verilen bilgiye g\u00f6re, d\u00fcn ak\u015fam 18.00 s\u0131ralar\u0131nda, Karao\u011flano\u011flu\u2019nda, Narkotik ve Ka\u00e7ak\u00e7\u0131l\u0131\u011f\u0131 \u00d6nleme M\u00fcd\u00fcrl\u00fc\u011f\u00fc Ekipleri taraf\u0131ndan \u015f\u00fcpheli g\u00f6r\u00fclen H.\u015e.\u2019nin (E-46) \u00fczerinde ve arac\u0131nda yap\u0131lan aramada, yakla\u015f\u0131k 2 gram kokain ile 1 gram hintkeneviri bulundu. Ayr\u0131ca ilgili \u015fahs\u0131n evinde [&hellip;]<\/p>\n","protected":false},"author":1,"featured_media":37089,"comment_status":"open","ping_status":"open","sticky":false,"template":"","format":"standard","meta":{"jnews-multi-image_gallery":[],"jnews_single_post":[],"jnews_primary_category":[],"jnews_social_meta":[],"jnews_override_counter":[],"footnotes":""},"categories":[1],"tags":[],"class_list":["post-37337","post","type-post","status-publish","format-standard","has-post-thumbnail","hentry","category-kibris"],"yoast_head":"<!-- This site is optimized with the Yoast SEO plugin v27.4 - https:\/\/yoast.com\/product\/yoast-seo-wordpress\/ -->\n<title>Polisiye olaylar..\u00dc\u00e7 ki\u015fi tutukland\u0131, be\u015f ki\u015fi hakk\u0131nda yasal i\u015flem ba\u015flat\u0131ld\u0131 - Kuzeyin Sesi<\/title>\n<meta name=\"robots\" content=\"index, follow, max-snippet:-1, max-image-preview:large, max-video-preview:-1\" \/>\n<link rel=\"canonical\" href=\"https:\/\/kuzeyinsesi.org\/index.php\/2026\/04\/26\/polisiye-olaylar-uc-kisi-tutuklandi-bes-kisi-hakkinda-yasal-islem-baslatildi\/\" \/>\n<meta property=\"og:locale\" content=\"tr_TR\" \/>\n<meta property=\"og:type\" content=\"article\" \/>\n<meta property=\"og:title\" content=\"Polisiye olaylar..\u00dc\u00e7 ki\u015fi tutukland\u0131, be\u015f ki\u015fi hakk\u0131nda yasal i\u015flem ba\u015flat\u0131ld\u0131 - Kuzeyin Sesi\" \/>\n<meta property=\"og:description\" content=\"\u00dclke genelinde ya\u015fanan polisiye olaylarda \u00fc\u00e7 ki\u015fi tutukland\u0131, be\u015f ki\u015fi hakk\u0131nda ise yasal i\u015flem ba\u015flat\u0131ld\u0131. Polis Bas\u0131n Subayl\u0131\u011f\u0131\u2019ndan verilen bilgiye g\u00f6re, d\u00fcn ak\u015fam 18.00 s\u0131ralar\u0131nda, Karao\u011flano\u011flu\u2019nda, Narkotik ve Ka\u00e7ak\u00e7\u0131l\u0131\u011f\u0131 \u00d6nleme M\u00fcd\u00fcrl\u00fc\u011f\u00fc Ekipleri taraf\u0131ndan \u015f\u00fcpheli g\u00f6r\u00fclen H.\u015e.\u2019nin (E-46) \u00fczerinde ve arac\u0131nda yap\u0131lan aramada, yakla\u015f\u0131k 2 gram kokain ile 1 gram hintkeneviri bulundu. Ayr\u0131ca ilgili \u015fahs\u0131n evinde [&hellip;]\" \/>\n<meta property=\"og:url\" content=\"https:\/\/kuzeyinsesi.org\/index.php\/2026\/04\/26\/polisiye-olaylar-uc-kisi-tutuklandi-bes-kisi-hakkinda-yasal-islem-baslatildi\/\" \/>\n<meta property=\"og:site_name\" content=\"Kuzeyin Sesi\" \/>\n<meta property=\"article:publisher\" content=\"https:\/\/www.facebook.com\/kuzeyinsesii\" \/>\n<meta property=\"article:published_time\" content=\"2026-04-26T12:03:29+00:00\" \/>\n<meta name=\"author\" content=\"Kuzeyin Sesi\" \/>\n<meta name=\"twitter:card\" content=\"summary_large_image\" \/>\n<meta name=\"twitter:creator\" content=\"@kuzeyinsesii\" \/>\n<meta name=\"twitter:site\" content=\"@kuzeyinsesii\" \/>\n<meta name=\"twitter:label1\" content=\"Yazan:\" \/>\n\t<meta name=\"twitter:data1\" content=\"Kuzeyin Sesi\" \/>\n\t<meta name=\"twitter:label2\" content=\"Tahmini okuma s\u00fcresi\" \/>\n\t<meta name=\"twitter:data2\" content=\"2 dakika\" \/>\n<script type=\"application\/ld+json\" class=\"yoast-schema-graph\">{\"@context\":\"https:\\\/\\\/schema.org\",\"@graph\":[{\"@type\":\"Article\",\"@id\":\"https:\\\/\\\/kuzeyinsesi.org\\\/index.php\\\/2026\\\/04\\\/26\\\/polisiye-olaylar-uc-kisi-tutuklandi-bes-kisi-hakkinda-yasal-islem-baslatildi\\\/#article\",\"isPartOf\":{\"@id\":\"https:\\\/\\\/kuzeyinsesi.org\\\/index.php\\\/2026\\\/04\\\/26\\\/polisiye-olaylar-uc-kisi-tutuklandi-bes-kisi-hakkinda-yasal-islem-baslatildi\\\/\"},\"author\":{\"name\":\"Kuzeyin Sesi\",\"@id\":\"https:\\\/\\\/kuzeyinsesi.org\\\/#\\\/schema\\\/person\\\/9f859689cdf01485597712386e37f5aa\"},\"headline\":\"Polisiye olaylar..\u00dc\u00e7 ki\u015fi tutukland\u0131, be\u015f ki\u015fi hakk\u0131nda yasal i\u015flem ba\u015flat\u0131ld\u0131\",\"datePublished\":\"2026-04-26T12:03:29+00:00\",\"mainEntityOfPage\":{\"@id\":\"https:\\\/\\\/kuzeyinsesi.org\\\/index.php\\\/2026\\\/04\\\/26\\\/polisiye-olaylar-uc-kisi-tutuklandi-bes-kisi-hakkinda-yasal-islem-baslatildi\\\/\"},\"wordCount\":357,\"commentCount\":0,\"image\":{\"@id\":\"https:\\\/\\\/kuzeyinsesi.org\\\/index.php\\\/2026\\\/04\\\/26\\\/polisiye-olaylar-uc-kisi-tutuklandi-bes-kisi-hakkinda-yasal-islem-baslatildi\\\/#primaryimage\"},\"thumbnailUrl\":\"https:\\\/\\\/kuzeyinsesi.org\\\/wp-content\\\/uploads\\\/2026\\\/04\\\/polis.jpg\",\"articleSection\":[\"K\u0131br\u0131s\"],\"inLanguage\":\"tr\",\"potentialAction\":[{\"@type\":\"CommentAction\",\"name\":\"Comment\",\"target\":[\"https:\\\/\\\/kuzeyinsesi.org\\\/index.php\\\/2026\\\/04\\\/26\\\/polisiye-olaylar-uc-kisi-tutuklandi-bes-kisi-hakkinda-yasal-islem-baslatildi\\\/#respond\"]}]},{\"@type\":\"WebPage\",\"@id\":\"https:\\\/\\\/kuzeyinsesi.org\\\/index.php\\\/2026\\\/04\\\/26\\\/polisiye-olaylar-uc-kisi-tutuklandi-bes-kisi-hakkinda-yasal-islem-baslatildi\\\/\",\"url\":\"https:\\\/\\\/kuzeyinsesi.org\\\/index.php\\\/2026\\\/04\\\/26\\\/polisiye-olaylar-uc-kisi-tutuklandi-bes-kisi-hakkinda-yasal-islem-baslatildi\\\/\",\"name\":\"Polisiye olaylar..\u00dc\u00e7 ki\u015fi tutukland\u0131, be\u015f ki\u015fi hakk\u0131nda yasal i\u015flem ba\u015flat\u0131ld\u0131 - Kuzeyin Sesi\",\"isPartOf\":{\"@id\":\"https:\\\/\\\/kuzeyinsesi.org\\\/#website\"},\"primaryImageOfPage\":{\"@id\":\"https:\\\/\\\/kuzeyinsesi.org\\\/index.php\\\/2026\\\/04\\\/26\\\/polisiye-olaylar-uc-kisi-tutuklandi-bes-kisi-hakkinda-yasal-islem-baslatildi\\\/#primaryimage\"},\"image\":{\"@id\":\"https:\\\/\\\/kuzeyinsesi.org\\\/index.php\\\/2026\\\/04\\\/26\\\/polisiye-olaylar-uc-kisi-tutuklandi-bes-kisi-hakkinda-yasal-islem-baslatildi\\\/#primaryimage\"},\"thumbnailUrl\":\"https:\\\/\\\/kuzeyinsesi.org\\\/wp-content\\\/uploads\\\/2026\\\/04\\\/polis.jpg\",\"datePublished\":\"2026-04-26T12:03:29+00:00\",\"author\":{\"@id\":\"https:\\\/\\\/kuzeyinsesi.org\\\/#\\\/schema\\\/person\\\/9f859689cdf01485597712386e37f5aa\"},\"breadcrumb\":{\"@id\":\"https:\\\/\\\/kuzeyinsesi.org\\\/index.php\\\/2026\\\/04\\\/26\\\/polisiye-olaylar-uc-kisi-tutuklandi-bes-kisi-hakkinda-yasal-islem-baslatildi\\\/#breadcrumb\"},\"inLanguage\":\"tr\",\"potentialAction\":[{\"@type\":\"ReadAction\",\"target\":[\"https:\\\/\\\/kuzeyinsesi.org\\\/index.php\\\/2026\\\/04\\\/26\\\/polisiye-olaylar-uc-kisi-tutuklandi-bes-kisi-hakkinda-yasal-islem-baslatildi\\\/\"]}]},{\"@type\":\"ImageObject\",\"inLanguage\":\"tr\",\"@id\":\"https:\\\/\\\/kuzeyinsesi.org\\\/index.php\\\/2026\\\/04\\\/26\\\/polisiye-olaylar-uc-kisi-tutuklandi-bes-kisi-hakkinda-yasal-islem-baslatildi\\\/#primaryimage\",\"url\":\"https:\\\/\\\/kuzeyinsesi.org\\\/wp-content\\\/uploads\\\/2026\\\/04\\\/polis.jpg\",\"contentUrl\":\"https:\\\/\\\/kuzeyinsesi.org\\\/wp-content\\\/uploads\\\/2026\\\/04\\\/polis.jpg\",\"width\":880,\"height\":440},{\"@type\":\"BreadcrumbList\",\"@id\":\"https:\\\/\\\/kuzeyinsesi.org\\\/index.php\\\/2026\\\/04\\\/26\\\/polisiye-olaylar-uc-kisi-tutuklandi-bes-kisi-hakkinda-yasal-islem-baslatildi\\\/#breadcrumb\",\"itemListElement\":[{\"@type\":\"ListItem\",\"position\":1,\"name\":\"Anasayfa\",\"item\":\"https:\\\/\\\/kuzeyinsesi.org\\\/\"},{\"@type\":\"ListItem\",\"position\":2,\"name\":\"Polisiye olaylar..\u00dc\u00e7 ki\u015fi tutukland\u0131, be\u015f ki\u015fi hakk\u0131nda yasal i\u015flem ba\u015flat\u0131ld\u0131\"}]},{\"@type\":\"WebSite\",\"@id\":\"https:\\\/\\\/kuzeyinsesi.org\\\/#website\",\"url\":\"https:\\\/\\\/kuzeyinsesi.org\\\/\",\"name\":\"Kuzeyin Sesi\",\"description\":\"Do\u011fru Haberin Adresi\",\"potentialAction\":[{\"@type\":\"SearchAction\",\"target\":{\"@type\":\"EntryPoint\",\"urlTemplate\":\"https:\\\/\\\/kuzeyinsesi.org\\\/?s={search_term_string}\"},\"query-input\":{\"@type\":\"PropertyValueSpecification\",\"valueRequired\":true,\"valueName\":\"search_term_string\"}}],\"inLanguage\":\"tr\"},{\"@type\":\"Person\",\"@id\":\"https:\\\/\\\/kuzeyinsesi.org\\\/#\\\/schema\\\/person\\\/9f859689cdf01485597712386e37f5aa\",\"name\":\"Kuzeyin Sesi\",\"image\":{\"@type\":\"ImageObject\",\"inLanguage\":\"tr\",\"@id\":\"https:\\\/\\\/secure.gravatar.com\\\/avatar\\\/bab33852abfd8b282518d6ed81826833d77c3c882d9ab608add591ccace47a44?s=96&d=mm&r=g\",\"url\":\"https:\\\/\\\/secure.gravatar.com\\\/avatar\\\/bab33852abfd8b282518d6ed81826833d77c3c882d9ab608add591ccace47a44?s=96&d=mm&r=g\",\"contentUrl\":\"https:\\\/\\\/secure.gravatar.com\\\/avatar\\\/bab33852abfd8b282518d6ed81826833d77c3c882d9ab608add591ccace47a44?s=96&d=mm&r=g\",\"caption\":\"Kuzeyin Sesi\"},\"sameAs\":[\"https:\\\/\\\/kuzeyinsesi.org\"],\"url\":\"https:\\\/\\\/kuzeyinsesi.org\\\/index.php\\\/author\\\/guven\\\/\"}]}<\/script>\n<!-- \/ Yoast SEO plugin. -->","yoast_head_json":{"title":"Polisiye olaylar..\u00dc\u00e7 ki\u015fi tutukland\u0131, be\u015f ki\u015fi hakk\u0131nda yasal i\u015flem ba\u015flat\u0131ld\u0131 - Kuzeyin Sesi","robots":{"index":"index","follow":"follow","max-snippet":"max-snippet:-1","max-image-preview":"max-image-preview:large","max-video-preview":"max-video-preview:-1"},"canonical":"https:\/\/kuzeyinsesi.org\/index.php\/2026\/04\/26\/polisiye-olaylar-uc-kisi-tutuklandi-bes-kisi-hakkinda-yasal-islem-baslatildi\/","og_locale":"tr_TR","og_type":"article","og_title":"Polisiye olaylar..\u00dc\u00e7 ki\u015fi tutukland\u0131, be\u015f ki\u015fi hakk\u0131nda yasal i\u015flem ba\u015flat\u0131ld\u0131 - Kuzeyin Sesi","og_description":"\u00dclke genelinde ya\u015fanan polisiye olaylarda \u00fc\u00e7 ki\u015fi tutukland\u0131, be\u015f ki\u015fi hakk\u0131nda ise yasal i\u015flem ba\u015flat\u0131ld\u0131. Polis Bas\u0131n Subayl\u0131\u011f\u0131\u2019ndan verilen bilgiye g\u00f6re, d\u00fcn ak\u015fam 18.00 s\u0131ralar\u0131nda, Karao\u011flano\u011flu\u2019nda, Narkotik ve Ka\u00e7ak\u00e7\u0131l\u0131\u011f\u0131 \u00d6nleme M\u00fcd\u00fcrl\u00fc\u011f\u00fc Ekipleri taraf\u0131ndan \u015f\u00fcpheli g\u00f6r\u00fclen H.\u015e.\u2019nin (E-46) \u00fczerinde ve arac\u0131nda yap\u0131lan aramada, yakla\u015f\u0131k 2 gram kokain ile 1 gram hintkeneviri bulundu. Ayr\u0131ca ilgili \u015fahs\u0131n evinde [&hellip;]","og_url":"https:\/\/kuzeyinsesi.org\/index.php\/2026\/04\/26\/polisiye-olaylar-uc-kisi-tutuklandi-bes-kisi-hakkinda-yasal-islem-baslatildi\/","og_site_name":"Kuzeyin Sesi","article_publisher":"https:\/\/www.facebook.com\/kuzeyinsesii","article_published_time":"2026-04-26T12:03:29+00:00","author":"Kuzeyin Sesi","twitter_card":"summary_large_image","twitter_creator":"@kuzeyinsesii","twitter_site":"@kuzeyinsesii","twitter_misc":{"Yazan:":"Kuzeyin Sesi","Tahmini okuma s\u00fcresi":"2 dakika"},"schema":{"@context":"https:\/\/schema.org","@graph":[{"@type":"Article","@id":"https:\/\/kuzeyinsesi.org\/index.php\/2026\/04\/26\/polisiye-olaylar-uc-kisi-tutuklandi-bes-kisi-hakkinda-yasal-islem-baslatildi\/#article","isPartOf":{"@id":"https:\/\/kuzeyinsesi.org\/index.php\/2026\/04\/26\/polisiye-olaylar-uc-kisi-tutuklandi-bes-kisi-hakkinda-yasal-islem-baslatildi\/"},"author":{"name":"Kuzeyin Sesi","@id":"https:\/\/kuzeyinsesi.org\/#\/schema\/person\/9f859689cdf01485597712386e37f5aa"},"headline":"Polisiye olaylar..\u00dc\u00e7 ki\u015fi tutukland\u0131, be\u015f ki\u015fi hakk\u0131nda yasal i\u015flem ba\u015flat\u0131ld\u0131","datePublished":"2026-04-26T12:03:29+00:00","mainEntityOfPage":{"@id":"https:\/\/kuzeyinsesi.org\/index.php\/2026\/04\/26\/polisiye-olaylar-uc-kisi-tutuklandi-bes-kisi-hakkinda-yasal-islem-baslatildi\/"},"wordCount":357,"commentCount":0,"image":{"@id":"https:\/\/kuzeyinsesi.org\/index.php\/2026\/04\/26\/polisiye-olaylar-uc-kisi-tutuklandi-bes-kisi-hakkinda-yasal-islem-baslatildi\/#primaryimage"},"thumbnailUrl":"https:\/\/kuzeyinsesi.org\/wp-content\/uploads\/2026\/04\/polis.jpg","articleSection":["K\u0131br\u0131s"],"inLanguage":"tr","potentialAction":[{"@type":"CommentAction","name":"Comment","target":["https:\/\/kuzeyinsesi.org\/index.php\/2026\/04\/26\/polisiye-olaylar-uc-kisi-tutuklandi-bes-kisi-hakkinda-yasal-islem-baslatildi\/#respond"]}]},{"@type":"WebPage","@id":"https:\/\/kuzeyinsesi.org\/index.php\/2026\/04\/26\/polisiye-olaylar-uc-kisi-tutuklandi-bes-kisi-hakkinda-yasal-islem-baslatildi\/","url":"https:\/\/kuzeyinsesi.org\/index.php\/2026\/04\/26\/polisiye-olaylar-uc-kisi-tutuklandi-bes-kisi-hakkinda-yasal-islem-baslatildi\/","name":"Polisiye olaylar..\u00dc\u00e7 ki\u015fi tutukland\u0131, be\u015f ki\u015fi hakk\u0131nda yasal i\u015flem ba\u015flat\u0131ld\u0131 - Kuzeyin Sesi","isPartOf":{"@id":"https:\/\/kuzeyinsesi.org\/#website"},"primaryImageOfPage":{"@id":"https:\/\/kuzeyinsesi.org\/index.php\/2026\/04\/26\/polisiye-olaylar-uc-kisi-tutuklandi-bes-kisi-hakkinda-yasal-islem-baslatildi\/#primaryimage"},"image":{"@id":"https:\/\/kuzeyinsesi.org\/index.php\/2026\/04\/26\/polisiye-olaylar-uc-kisi-tutuklandi-bes-kisi-hakkinda-yasal-islem-baslatildi\/#primaryimage"},"thumbnailUrl":"https:\/\/kuzeyinsesi.org\/wp-content\/uploads\/2026\/04\/polis.jpg","datePublished":"2026-04-26T12:03:29+00:00","author":{"@id":"https:\/\/kuzeyinsesi.org\/#\/schema\/person\/9f859689cdf01485597712386e37f5aa"},"breadcrumb":{"@id":"https:\/\/kuzeyinsesi.org\/index.php\/2026\/04\/26\/polisiye-olaylar-uc-kisi-tutuklandi-bes-kisi-hakkinda-yasal-islem-baslatildi\/#breadcrumb"},"inLanguage":"tr","potentialAction":[{"@type":"ReadAction","target":["https:\/\/kuzeyinsesi.org\/index.php\/2026\/04\/26\/polisiye-olaylar-uc-kisi-tutuklandi-bes-kisi-hakkinda-yasal-islem-baslatildi\/"]}]},{"@type":"ImageObject","inLanguage":"tr","@id":"https:\/\/kuzeyinsesi.org\/index.php\/2026\/04\/26\/polisiye-olaylar-uc-kisi-tutuklandi-bes-kisi-hakkinda-yasal-islem-baslatildi\/#primaryimage","url":"https:\/\/kuzeyinsesi.org\/wp-content\/uploads\/2026\/04\/polis.jpg","contentUrl":"https:\/\/kuzeyinsesi.org\/wp-content\/uploads\/2026\/04\/polis.jpg","width":880,"height":440},{"@type":"BreadcrumbList","@id":"https:\/\/kuzeyinsesi.org\/index.php\/2026\/04\/26\/polisiye-olaylar-uc-kisi-tutuklandi-bes-kisi-hakkinda-yasal-islem-baslatildi\/#breadcrumb","itemListElement":[{"@type":"ListItem","position":1,"name":"Anasayfa","item":"https:\/\/kuzeyinsesi.org\/"},{"@type":"ListItem","position":2,"name":"Polisiye olaylar..\u00dc\u00e7 ki\u015fi tutukland\u0131, be\u015f ki\u015fi hakk\u0131nda yasal i\u015flem ba\u015flat\u0131ld\u0131"}]},{"@type":"WebSite","@id":"https:\/\/kuzeyinsesi.org\/#website","url":"https:\/\/kuzeyinsesi.org\/","name":"Kuzeyin Sesi","description":"Do\u011fru Haberin Adresi","potentialAction":[{"@type":"SearchAction","target":{"@type":"EntryPoint","urlTemplate":"https:\/\/kuzeyinsesi.org\/?s={search_term_string}"},"query-input":{"@type":"PropertyValueSpecification","valueRequired":true,"valueName":"search_term_string"}}],"inLanguage":"tr"},{"@type":"Person","@id":"https:\/\/kuzeyinsesi.org\/#\/schema\/person\/9f859689cdf01485597712386e37f5aa","name":"Kuzeyin Sesi","image":{"@type":"ImageObject","inLanguage":"tr","@id":"https:\/\/secure.gravatar.com\/avatar\/bab33852abfd8b282518d6ed81826833d77c3c882d9ab608add591ccace47a44?s=96&d=mm&r=g","url":"https:\/\/secure.gravatar.com\/avatar\/bab33852abfd8b282518d6ed81826833d77c3c882d9ab608add591ccace47a44?s=96&d=mm&r=g","contentUrl":"https:\/\/secure.gravatar.com\/avatar\/bab33852abfd8b282518d6ed81826833d77c3c882d9ab608add591ccace47a44?s=96&d=mm&r=g","caption":"Kuzeyin Sesi"},"sameAs":["https:\/\/kuzeyinsesi.org"],"url":"https:\/\/kuzeyinsesi.org\/index.php\/author\/guven\/"}]}},"_links":{"self":[{"href":"https:\/\/kuzeyinsesi.org\/index.php\/wp-json\/wp\/v2\/posts\/37337","targetHints":{"allow":["GET"]}}],"collection":[{"href":"https:\/\/kuzeyinsesi.org\/index.php\/wp-json\/wp\/v2\/posts"}],"about":[{"href":"https:\/\/kuzeyinsesi.org\/index.php\/wp-json\/wp\/v2\/types\/post"}],"author":[{"embeddable":true,"href":"https:\/\/kuzeyinsesi.org\/index.php\/wp-json\/wp\/v2\/users\/1"}],"replies":[{"embeddable":true,"href":"https:\/\/kuzeyinsesi.org\/index.php\/wp-json\/wp\/v2\/comments?post=37337"}],"version-history":[{"count":0,"href":"https:\/\/kuzeyinsesi.org\/index.php\/wp-json\/wp\/v2\/posts\/37337\/revisions"}],"wp:featuredmedia":[{"embeddable":true,"href":"https:\/\/kuzeyinsesi.org\/index.php\/wp-json\/wp\/v2\/media\/37089"}],"wp:attachment":[{"href":"https:\/\/kuzeyinsesi.org\/index.php\/wp-json\/wp\/v2\/media?parent=37337"}],"wp:term":[{"taxonomy":"category","embeddable":true,"href":"https:\/\/kuzeyinsesi.org\/index.php\/wp-json\/wp\/v2\/categories?post=37337"},{"taxonomy":"post_tag","embeddable":true,"href":"https:\/\/kuzeyinsesi.org\/index.php\/wp-json\/wp\/v2\/tags?post=37337"}],"curies":[{"name":"wp","href":"https:\/\/api.w.org\/{rel}","templated":true}]}}