{"id":37335,"date":"2026-04-26T14:57:12","date_gmt":"2026-04-26T11:57:12","guid":{"rendered":"https:\/\/kuzeyinsesi.org\/index.php\/2026\/04\/26\/trafo-merkezi-genel-bakim-calismasi-nedeniyle-sali-gunu-lefke-bolgesi-6-saat-elektriksiz-kalacak\/"},"modified":"2026-04-26T14:57:12","modified_gmt":"2026-04-26T11:57:12","slug":"trafo-merkezi-genel-bakim-calismasi-nedeniyle-sali-gunu-lefke-bolgesi-6-saat-elektriksiz-kalacak","status":"publish","type":"post","link":"https:\/\/kuzeyinsesi.org\/index.php\/2026\/04\/26\/trafo-merkezi-genel-bakim-calismasi-nedeniyle-sali-gunu-lefke-bolgesi-6-saat-elektriksiz-kalacak\/","title":{"rendered":"\u201cTrafo Merkezi Genel Bak\u0131m\u201d \u00e7al\u0131\u015fmas\u0131 nedeniyle Sal\u0131 g\u00fcn\u00fc Lefke b\u00f6lgesi 6 saat elektriksiz kalacak"},"content":{"rendered":"<p style=\"font-weight: 300\"><span style=\"font-weight: 300 !important\">K\u0131br\u0131s T\u00fcrk Elektrik Kurumu (K\u0131b-Tek), \u201cTrafo Merkezi Genel Bak\u0131m\u201d \u00e7al\u0131\u015fmalar\u0131 nedeniyle 28 Nisan Sal\u0131 g\u00fcn\u00fc Lefke b\u00f6lgesinde 6 saatlik elektrik kesintisi yap\u0131laca\u011f\u0131n\u0131 duyurdu.<\/span><\/p>\n<p style=\"font-weight: 300\">K\u0131b-Tek\u2019ten verilen bilgiye g\u00f6re, 09.00-15.00 saatleri aras\u0131nda yap\u0131lacak kesintiden \u015fu b\u00f6lgeler etkilenecek:<\/p>\n<p style=\"font-weight: 300\">\u201cLefke Gemikona\u011f\u0131 yolu, LA\u00dc ve civar\u0131, Lefke, Lefke Karada\u011f, Lefke Sosyal Konutlar B\u00f6lgesi, Apl\u0131\u00e7, \u00c7aml\u0131k\u00f6y, Ta\u015fk\u00f6y, Yukar\u0131 Cengizk\u00f6y, Ye\u015filyurt ve b\u00f6lgedeki su motorlar\u0131, Do\u011fanc\u0131 ve b\u00f6lgedeki su motorlar\u0131, Ta\u015fp\u0131nar ve b\u00f6lgedeki tesis ve su motorlar\u0131, Fikri Orak\u00e7\u0131o\u011flu Korulu\u011fu ve civar\u0131, A\u015fa\u011f\u0131 Cengizk\u00f6y, Ye\u015filyurt Sosyal Konutlar, Cengiz Topel Hastanesi ve civar\u0131, Denizli, Gemikona\u011f\u0131, Ba\u011fl\u0131k\u00f6y, Yedidalga, \u00d6merli, Bademlik\u00f6y, G\u00fcnebakan, Ye\u015fil\u0131rmak, Ye\u015fil\u0131rmak s\u0131n\u0131r kap\u0131s\u0131 ve b\u00f6lgedeki su motorlar\u0131.\u201d<\/p>\n","protected":false},"excerpt":{"rendered":"<p>K\u0131br\u0131s T\u00fcrk Elektrik Kurumu (K\u0131b-Tek), \u201cTrafo Merkezi Genel Bak\u0131m\u201d \u00e7al\u0131\u015fmalar\u0131 nedeniyle 28 Nisan Sal\u0131 g\u00fcn\u00fc Lefke b\u00f6lgesinde 6 saatlik elektrik kesintisi yap\u0131laca\u011f\u0131n\u0131 duyurdu. K\u0131b-Tek\u2019ten verilen bilgiye g\u00f6re, 09.00-15.00 saatleri aras\u0131nda yap\u0131lacak kesintiden \u015fu b\u00f6lgeler etkilenecek: \u201cLefke Gemikona\u011f\u0131 yolu, LA\u00dc ve civar\u0131, Lefke, Lefke Karada\u011f, Lefke Sosyal Konutlar B\u00f6lgesi, Apl\u0131\u00e7, \u00c7aml\u0131k\u00f6y, Ta\u015fk\u00f6y, Yukar\u0131 Cengizk\u00f6y, Ye\u015filyurt ve [&hellip;]<\/p>\n","protected":false},"author":1,"featured_media":37336,"comment_status":"open","ping_status":"open","sticky":false,"template":"","format":"standard","meta":{"jnews-multi-image_gallery":[],"jnews_single_post":[],"jnews_primary_category":[],"jnews_social_meta":[],"jnews_override_counter":[],"footnotes":""},"categories":[1],"tags":[],"class_list":["post-37335","post","type-post","status-publish","format-standard","has-post-thumbnail","hentry","category-kibris"],"yoast_head":"<!-- This site is optimized with the Yoast SEO plugin v27.4 - https:\/\/yoast.com\/product\/yoast-seo-wordpress\/ -->\n<title>\u201cTrafo Merkezi Genel Bak\u0131m\u201d \u00e7al\u0131\u015fmas\u0131 nedeniyle Sal\u0131 g\u00fcn\u00fc Lefke b\u00f6lgesi 6 saat elektriksiz kalacak - Kuzeyin Sesi<\/title>\n<meta name=\"robots\" content=\"index, follow, max-snippet:-1, max-image-preview:large, max-video-preview:-1\" \/>\n<link rel=\"canonical\" href=\"https:\/\/kuzeyinsesi.org\/index.php\/2026\/04\/26\/trafo-merkezi-genel-bakim-calismasi-nedeniyle-sali-gunu-lefke-bolgesi-6-saat-elektriksiz-kalacak\/\" \/>\n<meta property=\"og:locale\" content=\"tr_TR\" \/>\n<meta property=\"og:type\" content=\"article\" \/>\n<meta property=\"og:title\" content=\"\u201cTrafo Merkezi Genel Bak\u0131m\u201d \u00e7al\u0131\u015fmas\u0131 nedeniyle Sal\u0131 g\u00fcn\u00fc Lefke b\u00f6lgesi 6 saat elektriksiz kalacak - Kuzeyin Sesi\" \/>\n<meta property=\"og:description\" content=\"K\u0131br\u0131s T\u00fcrk Elektrik Kurumu (K\u0131b-Tek), \u201cTrafo Merkezi Genel Bak\u0131m\u201d \u00e7al\u0131\u015fmalar\u0131 nedeniyle 28 Nisan Sal\u0131 g\u00fcn\u00fc Lefke b\u00f6lgesinde 6 saatlik elektrik kesintisi yap\u0131laca\u011f\u0131n\u0131 duyurdu. K\u0131b-Tek\u2019ten verilen bilgiye g\u00f6re, 09.00-15.00 saatleri aras\u0131nda yap\u0131lacak kesintiden \u015fu b\u00f6lgeler etkilenecek: \u201cLefke Gemikona\u011f\u0131 yolu, LA\u00dc ve civar\u0131, Lefke, Lefke Karada\u011f, Lefke Sosyal Konutlar B\u00f6lgesi, Apl\u0131\u00e7, \u00c7aml\u0131k\u00f6y, Ta\u015fk\u00f6y, Yukar\u0131 Cengizk\u00f6y, Ye\u015filyurt ve [&hellip;]\" \/>\n<meta property=\"og:url\" content=\"https:\/\/kuzeyinsesi.org\/index.php\/2026\/04\/26\/trafo-merkezi-genel-bakim-calismasi-nedeniyle-sali-gunu-lefke-bolgesi-6-saat-elektriksiz-kalacak\/\" \/>\n<meta property=\"og:site_name\" content=\"Kuzeyin Sesi\" \/>\n<meta property=\"article:publisher\" content=\"https:\/\/www.facebook.com\/kuzeyinsesii\" \/>\n<meta property=\"article:published_time\" content=\"2026-04-26T11:57:12+00:00\" \/>\n<meta name=\"author\" content=\"Kuzeyin Sesi\" \/>\n<meta name=\"twitter:card\" content=\"summary_large_image\" \/>\n<meta name=\"twitter:creator\" content=\"@kuzeyinsesii\" \/>\n<meta name=\"twitter:site\" content=\"@kuzeyinsesii\" \/>\n<meta name=\"twitter:label1\" content=\"Yazan:\" \/>\n\t<meta name=\"twitter:data1\" content=\"Kuzeyin Sesi\" \/>\n\t<meta name=\"twitter:label2\" content=\"Tahmini okuma s\u00fcresi\" \/>\n\t<meta name=\"twitter:data2\" content=\"1 dakika\" \/>\n<script type=\"application\/ld+json\" class=\"yoast-schema-graph\">{\"@context\":\"https:\\\/\\\/schema.org\",\"@graph\":[{\"@type\":\"Article\",\"@id\":\"https:\\\/\\\/kuzeyinsesi.org\\\/index.php\\\/2026\\\/04\\\/26\\\/trafo-merkezi-genel-bakim-calismasi-nedeniyle-sali-gunu-lefke-bolgesi-6-saat-elektriksiz-kalacak\\\/#article\",\"isPartOf\":{\"@id\":\"https:\\\/\\\/kuzeyinsesi.org\\\/index.php\\\/2026\\\/04\\\/26\\\/trafo-merkezi-genel-bakim-calismasi-nedeniyle-sali-gunu-lefke-bolgesi-6-saat-elektriksiz-kalacak\\\/\"},\"author\":{\"name\":\"Kuzeyin Sesi\",\"@id\":\"https:\\\/\\\/kuzeyinsesi.org\\\/#\\\/schema\\\/person\\\/9f859689cdf01485597712386e37f5aa\"},\"headline\":\"\u201cTrafo Merkezi Genel Bak\u0131m\u201d \u00e7al\u0131\u015fmas\u0131 nedeniyle Sal\u0131 g\u00fcn\u00fc Lefke b\u00f6lgesi 6 saat elektriksiz kalacak\",\"datePublished\":\"2026-04-26T11:57:12+00:00\",\"mainEntityOfPage\":{\"@id\":\"https:\\\/\\\/kuzeyinsesi.org\\\/index.php\\\/2026\\\/04\\\/26\\\/trafo-merkezi-genel-bakim-calismasi-nedeniyle-sali-gunu-lefke-bolgesi-6-saat-elektriksiz-kalacak\\\/\"},\"wordCount\":163,\"commentCount\":0,\"image\":{\"@id\":\"https:\\\/\\\/kuzeyinsesi.org\\\/index.php\\\/2026\\\/04\\\/26\\\/trafo-merkezi-genel-bakim-calismasi-nedeniyle-sali-gunu-lefke-bolgesi-6-saat-elektriksiz-kalacak\\\/#primaryimage\"},\"thumbnailUrl\":\"https:\\\/\\\/kuzeyinsesi.org\\\/wp-content\\\/uploads\\\/2026\\\/04\\\/1777201574618elektrik-13.jpg\",\"articleSection\":[\"K\u0131br\u0131s\"],\"inLanguage\":\"tr\",\"potentialAction\":[{\"@type\":\"CommentAction\",\"name\":\"Comment\",\"target\":[\"https:\\\/\\\/kuzeyinsesi.org\\\/index.php\\\/2026\\\/04\\\/26\\\/trafo-merkezi-genel-bakim-calismasi-nedeniyle-sali-gunu-lefke-bolgesi-6-saat-elektriksiz-kalacak\\\/#respond\"]}]},{\"@type\":\"WebPage\",\"@id\":\"https:\\\/\\\/kuzeyinsesi.org\\\/index.php\\\/2026\\\/04\\\/26\\\/trafo-merkezi-genel-bakim-calismasi-nedeniyle-sali-gunu-lefke-bolgesi-6-saat-elektriksiz-kalacak\\\/\",\"url\":\"https:\\\/\\\/kuzeyinsesi.org\\\/index.php\\\/2026\\\/04\\\/26\\\/trafo-merkezi-genel-bakim-calismasi-nedeniyle-sali-gunu-lefke-bolgesi-6-saat-elektriksiz-kalacak\\\/\",\"name\":\"\u201cTrafo Merkezi Genel Bak\u0131m\u201d \u00e7al\u0131\u015fmas\u0131 nedeniyle Sal\u0131 g\u00fcn\u00fc Lefke b\u00f6lgesi 6 saat elektriksiz kalacak - Kuzeyin Sesi\",\"isPartOf\":{\"@id\":\"https:\\\/\\\/kuzeyinsesi.org\\\/#website\"},\"primaryImageOfPage\":{\"@id\":\"https:\\\/\\\/kuzeyinsesi.org\\\/index.php\\\/2026\\\/04\\\/26\\\/trafo-merkezi-genel-bakim-calismasi-nedeniyle-sali-gunu-lefke-bolgesi-6-saat-elektriksiz-kalacak\\\/#primaryimage\"},\"image\":{\"@id\":\"https:\\\/\\\/kuzeyinsesi.org\\\/index.php\\\/2026\\\/04\\\/26\\\/trafo-merkezi-genel-bakim-calismasi-nedeniyle-sali-gunu-lefke-bolgesi-6-saat-elektriksiz-kalacak\\\/#primaryimage\"},\"thumbnailUrl\":\"https:\\\/\\\/kuzeyinsesi.org\\\/wp-content\\\/uploads\\\/2026\\\/04\\\/1777201574618elektrik-13.jpg\",\"datePublished\":\"2026-04-26T11:57:12+00:00\",\"author\":{\"@id\":\"https:\\\/\\\/kuzeyinsesi.org\\\/#\\\/schema\\\/person\\\/9f859689cdf01485597712386e37f5aa\"},\"breadcrumb\":{\"@id\":\"https:\\\/\\\/kuzeyinsesi.org\\\/index.php\\\/2026\\\/04\\\/26\\\/trafo-merkezi-genel-bakim-calismasi-nedeniyle-sali-gunu-lefke-bolgesi-6-saat-elektriksiz-kalacak\\\/#breadcrumb\"},\"inLanguage\":\"tr\",\"potentialAction\":[{\"@type\":\"ReadAction\",\"target\":[\"https:\\\/\\\/kuzeyinsesi.org\\\/index.php\\\/2026\\\/04\\\/26\\\/trafo-merkezi-genel-bakim-calismasi-nedeniyle-sali-gunu-lefke-bolgesi-6-saat-elektriksiz-kalacak\\\/\"]}]},{\"@type\":\"ImageObject\",\"inLanguage\":\"tr\",\"@id\":\"https:\\\/\\\/kuzeyinsesi.org\\\/index.php\\\/2026\\\/04\\\/26\\\/trafo-merkezi-genel-bakim-calismasi-nedeniyle-sali-gunu-lefke-bolgesi-6-saat-elektriksiz-kalacak\\\/#primaryimage\",\"url\":\"https:\\\/\\\/kuzeyinsesi.org\\\/wp-content\\\/uploads\\\/2026\\\/04\\\/1777201574618elektrik-13.jpg\",\"contentUrl\":\"https:\\\/\\\/kuzeyinsesi.org\\\/wp-content\\\/uploads\\\/2026\\\/04\\\/1777201574618elektrik-13.jpg\",\"width\":650,\"height\":340},{\"@type\":\"BreadcrumbList\",\"@id\":\"https:\\\/\\\/kuzeyinsesi.org\\\/index.php\\\/2026\\\/04\\\/26\\\/trafo-merkezi-genel-bakim-calismasi-nedeniyle-sali-gunu-lefke-bolgesi-6-saat-elektriksiz-kalacak\\\/#breadcrumb\",\"itemListElement\":[{\"@type\":\"ListItem\",\"position\":1,\"name\":\"Anasayfa\",\"item\":\"https:\\\/\\\/kuzeyinsesi.org\\\/\"},{\"@type\":\"ListItem\",\"position\":2,\"name\":\"\u201cTrafo Merkezi Genel Bak\u0131m\u201d \u00e7al\u0131\u015fmas\u0131 nedeniyle Sal\u0131 g\u00fcn\u00fc Lefke b\u00f6lgesi 6 saat elektriksiz kalacak\"}]},{\"@type\":\"WebSite\",\"@id\":\"https:\\\/\\\/kuzeyinsesi.org\\\/#website\",\"url\":\"https:\\\/\\\/kuzeyinsesi.org\\\/\",\"name\":\"Kuzeyin Sesi\",\"description\":\"Do\u011fru Haberin Adresi\",\"potentialAction\":[{\"@type\":\"SearchAction\",\"target\":{\"@type\":\"EntryPoint\",\"urlTemplate\":\"https:\\\/\\\/kuzeyinsesi.org\\\/?s={search_term_string}\"},\"query-input\":{\"@type\":\"PropertyValueSpecification\",\"valueRequired\":true,\"valueName\":\"search_term_string\"}}],\"inLanguage\":\"tr\"},{\"@type\":\"Person\",\"@id\":\"https:\\\/\\\/kuzeyinsesi.org\\\/#\\\/schema\\\/person\\\/9f859689cdf01485597712386e37f5aa\",\"name\":\"Kuzeyin Sesi\",\"image\":{\"@type\":\"ImageObject\",\"inLanguage\":\"tr\",\"@id\":\"https:\\\/\\\/secure.gravatar.com\\\/avatar\\\/bab33852abfd8b282518d6ed81826833d77c3c882d9ab608add591ccace47a44?s=96&d=mm&r=g\",\"url\":\"https:\\\/\\\/secure.gravatar.com\\\/avatar\\\/bab33852abfd8b282518d6ed81826833d77c3c882d9ab608add591ccace47a44?s=96&d=mm&r=g\",\"contentUrl\":\"https:\\\/\\\/secure.gravatar.com\\\/avatar\\\/bab33852abfd8b282518d6ed81826833d77c3c882d9ab608add591ccace47a44?s=96&d=mm&r=g\",\"caption\":\"Kuzeyin Sesi\"},\"sameAs\":[\"https:\\\/\\\/kuzeyinsesi.org\"],\"url\":\"https:\\\/\\\/kuzeyinsesi.org\\\/index.php\\\/author\\\/guven\\\/\"}]}<\/script>\n<!-- \/ Yoast SEO plugin. -->","yoast_head_json":{"title":"\u201cTrafo Merkezi Genel Bak\u0131m\u201d \u00e7al\u0131\u015fmas\u0131 nedeniyle Sal\u0131 g\u00fcn\u00fc Lefke b\u00f6lgesi 6 saat elektriksiz kalacak - Kuzeyin Sesi","robots":{"index":"index","follow":"follow","max-snippet":"max-snippet:-1","max-image-preview":"max-image-preview:large","max-video-preview":"max-video-preview:-1"},"canonical":"https:\/\/kuzeyinsesi.org\/index.php\/2026\/04\/26\/trafo-merkezi-genel-bakim-calismasi-nedeniyle-sali-gunu-lefke-bolgesi-6-saat-elektriksiz-kalacak\/","og_locale":"tr_TR","og_type":"article","og_title":"\u201cTrafo Merkezi Genel Bak\u0131m\u201d \u00e7al\u0131\u015fmas\u0131 nedeniyle Sal\u0131 g\u00fcn\u00fc Lefke b\u00f6lgesi 6 saat elektriksiz kalacak - Kuzeyin Sesi","og_description":"K\u0131br\u0131s T\u00fcrk Elektrik Kurumu (K\u0131b-Tek), \u201cTrafo Merkezi Genel Bak\u0131m\u201d \u00e7al\u0131\u015fmalar\u0131 nedeniyle 28 Nisan Sal\u0131 g\u00fcn\u00fc Lefke b\u00f6lgesinde 6 saatlik elektrik kesintisi yap\u0131laca\u011f\u0131n\u0131 duyurdu. K\u0131b-Tek\u2019ten verilen bilgiye g\u00f6re, 09.00-15.00 saatleri aras\u0131nda yap\u0131lacak kesintiden \u015fu b\u00f6lgeler etkilenecek: \u201cLefke Gemikona\u011f\u0131 yolu, LA\u00dc ve civar\u0131, Lefke, Lefke Karada\u011f, Lefke Sosyal Konutlar B\u00f6lgesi, Apl\u0131\u00e7, \u00c7aml\u0131k\u00f6y, Ta\u015fk\u00f6y, Yukar\u0131 Cengizk\u00f6y, Ye\u015filyurt ve [&hellip;]","og_url":"https:\/\/kuzeyinsesi.org\/index.php\/2026\/04\/26\/trafo-merkezi-genel-bakim-calismasi-nedeniyle-sali-gunu-lefke-bolgesi-6-saat-elektriksiz-kalacak\/","og_site_name":"Kuzeyin Sesi","article_publisher":"https:\/\/www.facebook.com\/kuzeyinsesii","article_published_time":"2026-04-26T11:57:12+00:00","author":"Kuzeyin Sesi","twitter_card":"summary_large_image","twitter_creator":"@kuzeyinsesii","twitter_site":"@kuzeyinsesii","twitter_misc":{"Yazan:":"Kuzeyin Sesi","Tahmini okuma s\u00fcresi":"1 dakika"},"schema":{"@context":"https:\/\/schema.org","@graph":[{"@type":"Article","@id":"https:\/\/kuzeyinsesi.org\/index.php\/2026\/04\/26\/trafo-merkezi-genel-bakim-calismasi-nedeniyle-sali-gunu-lefke-bolgesi-6-saat-elektriksiz-kalacak\/#article","isPartOf":{"@id":"https:\/\/kuzeyinsesi.org\/index.php\/2026\/04\/26\/trafo-merkezi-genel-bakim-calismasi-nedeniyle-sali-gunu-lefke-bolgesi-6-saat-elektriksiz-kalacak\/"},"author":{"name":"Kuzeyin Sesi","@id":"https:\/\/kuzeyinsesi.org\/#\/schema\/person\/9f859689cdf01485597712386e37f5aa"},"headline":"\u201cTrafo Merkezi Genel Bak\u0131m\u201d \u00e7al\u0131\u015fmas\u0131 nedeniyle Sal\u0131 g\u00fcn\u00fc Lefke b\u00f6lgesi 6 saat elektriksiz kalacak","datePublished":"2026-04-26T11:57:12+00:00","mainEntityOfPage":{"@id":"https:\/\/kuzeyinsesi.org\/index.php\/2026\/04\/26\/trafo-merkezi-genel-bakim-calismasi-nedeniyle-sali-gunu-lefke-bolgesi-6-saat-elektriksiz-kalacak\/"},"wordCount":163,"commentCount":0,"image":{"@id":"https:\/\/kuzeyinsesi.org\/index.php\/2026\/04\/26\/trafo-merkezi-genel-bakim-calismasi-nedeniyle-sali-gunu-lefke-bolgesi-6-saat-elektriksiz-kalacak\/#primaryimage"},"thumbnailUrl":"https:\/\/kuzeyinsesi.org\/wp-content\/uploads\/2026\/04\/1777201574618elektrik-13.jpg","articleSection":["K\u0131br\u0131s"],"inLanguage":"tr","potentialAction":[{"@type":"CommentAction","name":"Comment","target":["https:\/\/kuzeyinsesi.org\/index.php\/2026\/04\/26\/trafo-merkezi-genel-bakim-calismasi-nedeniyle-sali-gunu-lefke-bolgesi-6-saat-elektriksiz-kalacak\/#respond"]}]},{"@type":"WebPage","@id":"https:\/\/kuzeyinsesi.org\/index.php\/2026\/04\/26\/trafo-merkezi-genel-bakim-calismasi-nedeniyle-sali-gunu-lefke-bolgesi-6-saat-elektriksiz-kalacak\/","url":"https:\/\/kuzeyinsesi.org\/index.php\/2026\/04\/26\/trafo-merkezi-genel-bakim-calismasi-nedeniyle-sali-gunu-lefke-bolgesi-6-saat-elektriksiz-kalacak\/","name":"\u201cTrafo Merkezi Genel Bak\u0131m\u201d \u00e7al\u0131\u015fmas\u0131 nedeniyle Sal\u0131 g\u00fcn\u00fc Lefke b\u00f6lgesi 6 saat elektriksiz kalacak - Kuzeyin Sesi","isPartOf":{"@id":"https:\/\/kuzeyinsesi.org\/#website"},"primaryImageOfPage":{"@id":"https:\/\/kuzeyinsesi.org\/index.php\/2026\/04\/26\/trafo-merkezi-genel-bakim-calismasi-nedeniyle-sali-gunu-lefke-bolgesi-6-saat-elektriksiz-kalacak\/#primaryimage"},"image":{"@id":"https:\/\/kuzeyinsesi.org\/index.php\/2026\/04\/26\/trafo-merkezi-genel-bakim-calismasi-nedeniyle-sali-gunu-lefke-bolgesi-6-saat-elektriksiz-kalacak\/#primaryimage"},"thumbnailUrl":"https:\/\/kuzeyinsesi.org\/wp-content\/uploads\/2026\/04\/1777201574618elektrik-13.jpg","datePublished":"2026-04-26T11:57:12+00:00","author":{"@id":"https:\/\/kuzeyinsesi.org\/#\/schema\/person\/9f859689cdf01485597712386e37f5aa"},"breadcrumb":{"@id":"https:\/\/kuzeyinsesi.org\/index.php\/2026\/04\/26\/trafo-merkezi-genel-bakim-calismasi-nedeniyle-sali-gunu-lefke-bolgesi-6-saat-elektriksiz-kalacak\/#breadcrumb"},"inLanguage":"tr","potentialAction":[{"@type":"ReadAction","target":["https:\/\/kuzeyinsesi.org\/index.php\/2026\/04\/26\/trafo-merkezi-genel-bakim-calismasi-nedeniyle-sali-gunu-lefke-bolgesi-6-saat-elektriksiz-kalacak\/"]}]},{"@type":"ImageObject","inLanguage":"tr","@id":"https:\/\/kuzeyinsesi.org\/index.php\/2026\/04\/26\/trafo-merkezi-genel-bakim-calismasi-nedeniyle-sali-gunu-lefke-bolgesi-6-saat-elektriksiz-kalacak\/#primaryimage","url":"https:\/\/kuzeyinsesi.org\/wp-content\/uploads\/2026\/04\/1777201574618elektrik-13.jpg","contentUrl":"https:\/\/kuzeyinsesi.org\/wp-content\/uploads\/2026\/04\/1777201574618elektrik-13.jpg","width":650,"height":340},{"@type":"BreadcrumbList","@id":"https:\/\/kuzeyinsesi.org\/index.php\/2026\/04\/26\/trafo-merkezi-genel-bakim-calismasi-nedeniyle-sali-gunu-lefke-bolgesi-6-saat-elektriksiz-kalacak\/#breadcrumb","itemListElement":[{"@type":"ListItem","position":1,"name":"Anasayfa","item":"https:\/\/kuzeyinsesi.org\/"},{"@type":"ListItem","position":2,"name":"\u201cTrafo Merkezi Genel Bak\u0131m\u201d \u00e7al\u0131\u015fmas\u0131 nedeniyle Sal\u0131 g\u00fcn\u00fc Lefke b\u00f6lgesi 6 saat elektriksiz kalacak"}]},{"@type":"WebSite","@id":"https:\/\/kuzeyinsesi.org\/#website","url":"https:\/\/kuzeyinsesi.org\/","name":"Kuzeyin Sesi","description":"Do\u011fru Haberin Adresi","potentialAction":[{"@type":"SearchAction","target":{"@type":"EntryPoint","urlTemplate":"https:\/\/kuzeyinsesi.org\/?s={search_term_string}"},"query-input":{"@type":"PropertyValueSpecification","valueRequired":true,"valueName":"search_term_string"}}],"inLanguage":"tr"},{"@type":"Person","@id":"https:\/\/kuzeyinsesi.org\/#\/schema\/person\/9f859689cdf01485597712386e37f5aa","name":"Kuzeyin Sesi","image":{"@type":"ImageObject","inLanguage":"tr","@id":"https:\/\/secure.gravatar.com\/avatar\/bab33852abfd8b282518d6ed81826833d77c3c882d9ab608add591ccace47a44?s=96&d=mm&r=g","url":"https:\/\/secure.gravatar.com\/avatar\/bab33852abfd8b282518d6ed81826833d77c3c882d9ab608add591ccace47a44?s=96&d=mm&r=g","contentUrl":"https:\/\/secure.gravatar.com\/avatar\/bab33852abfd8b282518d6ed81826833d77c3c882d9ab608add591ccace47a44?s=96&d=mm&r=g","caption":"Kuzeyin Sesi"},"sameAs":["https:\/\/kuzeyinsesi.org"],"url":"https:\/\/kuzeyinsesi.org\/index.php\/author\/guven\/"}]}},"_links":{"self":[{"href":"https:\/\/kuzeyinsesi.org\/index.php\/wp-json\/wp\/v2\/posts\/37335","targetHints":{"allow":["GET"]}}],"collection":[{"href":"https:\/\/kuzeyinsesi.org\/index.php\/wp-json\/wp\/v2\/posts"}],"about":[{"href":"https:\/\/kuzeyinsesi.org\/index.php\/wp-json\/wp\/v2\/types\/post"}],"author":[{"embeddable":true,"href":"https:\/\/kuzeyinsesi.org\/index.php\/wp-json\/wp\/v2\/users\/1"}],"replies":[{"embeddable":true,"href":"https:\/\/kuzeyinsesi.org\/index.php\/wp-json\/wp\/v2\/comments?post=37335"}],"version-history":[{"count":0,"href":"https:\/\/kuzeyinsesi.org\/index.php\/wp-json\/wp\/v2\/posts\/37335\/revisions"}],"wp:featuredmedia":[{"embeddable":true,"href":"https:\/\/kuzeyinsesi.org\/index.php\/wp-json\/wp\/v2\/media\/37336"}],"wp:attachment":[{"href":"https:\/\/kuzeyinsesi.org\/index.php\/wp-json\/wp\/v2\/media?parent=37335"}],"wp:term":[{"taxonomy":"category","embeddable":true,"href":"https:\/\/kuzeyinsesi.org\/index.php\/wp-json\/wp\/v2\/categories?post=37335"},{"taxonomy":"post_tag","embeddable":true,"href":"https:\/\/kuzeyinsesi.org\/index.php\/wp-json\/wp\/v2\/tags?post=37335"}],"curies":[{"name":"wp","href":"https:\/\/api.w.org\/{rel}","templated":true}]}}