{"id":37329,"date":"2026-04-26T14:49:36","date_gmt":"2026-04-26T11:49:36","guid":{"rendered":"https:\/\/kuzeyinsesi.org\/index.php\/2026\/04\/26\/kaza-yapan-uc-alkollu-surucunun-2si-tutuklandi-1i-hakkinda-yasal-islem-baslatildi\/"},"modified":"2026-04-26T14:49:36","modified_gmt":"2026-04-26T11:49:36","slug":"kaza-yapan-uc-alkollu-surucunun-2si-tutuklandi-1i-hakkinda-yasal-islem-baslatildi","status":"publish","type":"post","link":"https:\/\/kuzeyinsesi.org\/index.php\/2026\/04\/26\/kaza-yapan-uc-alkollu-surucunun-2si-tutuklandi-1i-hakkinda-yasal-islem-baslatildi\/","title":{"rendered":"Kaza yapan \u00fc\u00e7 alkoll\u00fc s\u00fcr\u00fcc\u00fcn\u00fcn 2\u2019si tutukland\u0131 1\u2019i hakk\u0131nda yasal i\u015flem ba\u015flat\u0131ld\u0131"},"content":{"rendered":"<div>Lefko\u015fa, Girne ve Lefko\u015fa-Gazima\u011fusa ana yolunda d\u00fcn gece ge\u00e7 saatlerde \u00fc\u00e7 alkoll\u00fc s\u00fcr\u00fcc\u00fc kaza yapt\u0131. Kazalarda bir ki\u015fi yaraland\u0131, iki s\u00fcr\u00fcc\u00fc tutukland\u0131.<\/div>\n<div><\/div>\n<div>Polis Bas\u0131n Subayl\u0131\u011f\u0131ndan yap\u0131lan a\u00e7\u0131klamaya g\u00f6re, Girne\u2019deki kaza d\u00fcn saat 23.50&#8217;de \u00c7ifteler Sokak\u2019ta meydana geldi.<\/div>\n<div><\/div>\n<div>Ulu\u011fbek Gurbanov (E-29), 96 miligram alkoll\u00fc i\u00e7ki tesiri alt\u0131nda y\u00f6netimindeki HY 755 plakal\u0131 ara\u00e7la g\u00fcneye do\u011fru seyretti\u011fi s\u0131rada direksiyon hakimiyetini kaybederek yolun solundan \u00e7\u0131kt\u0131 ve bir evin demir kap\u0131s\u0131na \u00e7arpt\u0131.<\/div>\n<div><\/div>\n<div>\u00c7arpman\u0131n ard\u0131ndan ara\u00e7 geri geri kuzey istikametine do\u011fru hareket etti\u011fi s\u0131rada, evin \u00f6n\u00fcnde park halinde bulunan KK 465 plakal\u0131 salon arac\u0131n arka k\u0131sm\u0131na da \u00e7arpt\u0131. Gurbanov, alkoll\u00fc i\u00e7ki tesiri alt\u0131nda ara\u00e7 kullan\u0131p trafik kazas\u0131 yapmak su\u00e7lar\u0131ndan tutukland\u0131.<\/div>\n<div><\/div>\n<div>Kazada yaralanan olmad\u0131. Soru\u015fturma s\u00fcr\u00fcyor.<\/div>\n<div><\/div>\n<div>&#8211; Lefko\u015fa\u2019da alkoll\u00fc s\u00fcr\u00fcc\u00fc kar\u015f\u0131 \u015feride ge\u00e7ti<\/div>\n<div><\/div>\n<div>Lefko\u015fa \u00d6zker \u00d6zg\u00fcr Caddesi\u2019nde saat 00.05&#8217;de\u00a0alkoll\u00fc ara\u00e7 kullanan\u00a0Mehmet Fevzi K\u0131rm\u0131z\u0131g\u00fcl (E-26), kar\u015f\u0131 \u015feride ge\u00e7erek kazaya neden oldu.<\/div>\n<div><\/div>\n<div>K\u0131rm\u0131z\u0131g\u00fcl,\u00a0 119 miligram alkoll\u00fc i\u00e7ki tesiri alt\u0131nda y\u00f6netimindeki SH 063 plakal\u0131 ara\u00e7la do\u011fuya do\u011fru seyretti\u011fi s\u0131rada kar\u015f\u0131 \u015feride ge\u00e7ti ve kar\u015f\u0131 y\u00f6nden gelen Mustafa Hamit Bekar\u2019\u0131n (E-35) kulland\u0131\u011f\u0131 NZ 099 plakal\u0131 salon arac\u0131n sa\u011f yan k\u0131sm\u0131na \u00e7arpt\u0131.<\/div>\n<div><\/div>\n<div>Kazada yaralanan olmad\u0131. K\u0131rm\u0131z\u0131g\u00fcl, alkoll\u00fc i\u00e7ki tesiri alt\u0131nda ara\u00e7 kullan\u0131p trafik kazas\u0131 yapmak su\u00e7lar\u0131ndan tutukland\u0131. Soru\u015fturma s\u00fcr\u00fcyor.<\/div>\n<div><\/div>\n<div>&#8211; Halkbank \u00c7emberi\u2019nde kazaki kazada s\u00fcr\u00fcc\u00fc hastaneye kald\u0131r\u0131ld\u0131<\/div>\n<div><\/div>\n<div>Gazima\u011fusa-Lefko\u015fa ana yolundaki Halkbank \u00c7emberi\u2019nde saat 00.15&#8217;de meydana gelen kazada yaralanan s\u00fcr\u00fcc\u00fc hastanede m\u00fc\u015fahede alt\u0131na al\u0131nd\u0131.<\/div>\n<div><\/div>\n<div>Yal\u00e7\u0131n Eser (E-40), 94 miligram alkoll\u00fc i\u00e7ki tesiri alt\u0131nda y\u00f6netimindeki KE 855 plakal\u0131 salon ara\u00e7la Lefko\u015fa istikametine do\u011fru seyretti\u011fi s\u0131rada, Halkbank \u00c7emberi\u2019ne yakla\u015ft\u0131\u011f\u0131nda direksiyon hakimiyetini kaybederek yolun sa\u011f\u0131ndaki ta\u015f ref\u00fcje ve \u00e7ember sonundaki bariyerlere \u00e7arpt\u0131.<\/div>\n<div><\/div>\n<div>Yaralanan Eser, Lefko\u015fa Dr. Burhan Nalbanto\u011flu Devlet Hastanesi\u2019ne kald\u0131r\u0131larak, m\u00fc\u015fahede alt\u0131na al\u0131nd\u0131. S\u00fcr\u00fcc\u00fc aleyhinde alkoll\u00fc i\u00e7ki tesiri alt\u0131nda ara\u00e7 kullan\u0131p trafik kazas\u0131 yapmak su\u00e7lar\u0131ndan yasal i\u015flem ba\u015flat\u0131ld\u0131. Soru\u015fturma s\u00fcr\u00fcyor.<\/div>\n","protected":false},"excerpt":{"rendered":"<p>Lefko\u015fa, Girne ve Lefko\u015fa-Gazima\u011fusa ana yolunda d\u00fcn gece ge\u00e7 saatlerde \u00fc\u00e7 alkoll\u00fc s\u00fcr\u00fcc\u00fc kaza yapt\u0131. Kazalarda bir ki\u015fi yaraland\u0131, iki s\u00fcr\u00fcc\u00fc tutukland\u0131. Polis Bas\u0131n Subayl\u0131\u011f\u0131ndan yap\u0131lan a\u00e7\u0131klamaya g\u00f6re, Girne\u2019deki kaza d\u00fcn saat 23.50&#8217;de \u00c7ifteler Sokak\u2019ta meydana geldi. Ulu\u011fbek Gurbanov (E-29), 96 miligram alkoll\u00fc i\u00e7ki tesiri alt\u0131nda y\u00f6netimindeki HY 755 plakal\u0131 ara\u00e7la g\u00fcneye do\u011fru seyretti\u011fi s\u0131rada [&hellip;]<\/p>\n","protected":false},"author":1,"featured_media":37332,"comment_status":"open","ping_status":"open","sticky":false,"template":"","format":"standard","meta":{"jnews-multi-image_gallery":[],"jnews_single_post":[],"jnews_primary_category":[],"jnews_social_meta":[],"jnews_override_counter":[],"footnotes":""},"categories":[1],"tags":[],"class_list":["post-37329","post","type-post","status-publish","format-standard","has-post-thumbnail","hentry","category-kibris"],"yoast_head":"<!-- This site is optimized with the Yoast SEO plugin v27.4 - https:\/\/yoast.com\/product\/yoast-seo-wordpress\/ -->\n<title>Kaza yapan \u00fc\u00e7 alkoll\u00fc s\u00fcr\u00fcc\u00fcn\u00fcn 2\u2019si tutukland\u0131 1\u2019i hakk\u0131nda yasal i\u015flem ba\u015flat\u0131ld\u0131 - Kuzeyin Sesi<\/title>\n<meta name=\"robots\" content=\"index, follow, max-snippet:-1, max-image-preview:large, max-video-preview:-1\" \/>\n<link rel=\"canonical\" href=\"https:\/\/kuzeyinsesi.org\/index.php\/2026\/04\/26\/kaza-yapan-uc-alkollu-surucunun-2si-tutuklandi-1i-hakkinda-yasal-islem-baslatildi\/\" \/>\n<meta property=\"og:locale\" content=\"tr_TR\" \/>\n<meta property=\"og:type\" content=\"article\" \/>\n<meta property=\"og:title\" content=\"Kaza yapan \u00fc\u00e7 alkoll\u00fc s\u00fcr\u00fcc\u00fcn\u00fcn 2\u2019si tutukland\u0131 1\u2019i hakk\u0131nda yasal i\u015flem ba\u015flat\u0131ld\u0131 - Kuzeyin Sesi\" \/>\n<meta property=\"og:description\" content=\"Lefko\u015fa, Girne ve Lefko\u015fa-Gazima\u011fusa ana yolunda d\u00fcn gece ge\u00e7 saatlerde \u00fc\u00e7 alkoll\u00fc s\u00fcr\u00fcc\u00fc kaza yapt\u0131. Kazalarda bir ki\u015fi yaraland\u0131, iki s\u00fcr\u00fcc\u00fc tutukland\u0131. Polis Bas\u0131n Subayl\u0131\u011f\u0131ndan yap\u0131lan a\u00e7\u0131klamaya g\u00f6re, Girne\u2019deki kaza d\u00fcn saat 23.50&#8217;de \u00c7ifteler Sokak\u2019ta meydana geldi. Ulu\u011fbek Gurbanov (E-29), 96 miligram alkoll\u00fc i\u00e7ki tesiri alt\u0131nda y\u00f6netimindeki HY 755 plakal\u0131 ara\u00e7la g\u00fcneye do\u011fru seyretti\u011fi s\u0131rada [&hellip;]\" \/>\n<meta property=\"og:url\" content=\"https:\/\/kuzeyinsesi.org\/index.php\/2026\/04\/26\/kaza-yapan-uc-alkollu-surucunun-2si-tutuklandi-1i-hakkinda-yasal-islem-baslatildi\/\" \/>\n<meta property=\"og:site_name\" content=\"Kuzeyin Sesi\" \/>\n<meta property=\"article:publisher\" content=\"https:\/\/www.facebook.com\/kuzeyinsesii\" \/>\n<meta property=\"article:published_time\" content=\"2026-04-26T11:49:36+00:00\" \/>\n<meta name=\"author\" content=\"Kuzeyin Sesi\" \/>\n<meta name=\"twitter:card\" content=\"summary_large_image\" \/>\n<meta name=\"twitter:creator\" content=\"@kuzeyinsesii\" \/>\n<meta name=\"twitter:site\" content=\"@kuzeyinsesii\" \/>\n<meta name=\"twitter:label1\" content=\"Yazan:\" \/>\n\t<meta name=\"twitter:data1\" content=\"Kuzeyin Sesi\" \/>\n\t<meta name=\"twitter:label2\" content=\"Tahmini okuma s\u00fcresi\" \/>\n\t<meta name=\"twitter:data2\" content=\"2 dakika\" \/>\n<script type=\"application\/ld+json\" class=\"yoast-schema-graph\">{\"@context\":\"https:\\\/\\\/schema.org\",\"@graph\":[{\"@type\":\"Article\",\"@id\":\"https:\\\/\\\/kuzeyinsesi.org\\\/index.php\\\/2026\\\/04\\\/26\\\/kaza-yapan-uc-alkollu-surucunun-2si-tutuklandi-1i-hakkinda-yasal-islem-baslatildi\\\/#article\",\"isPartOf\":{\"@id\":\"https:\\\/\\\/kuzeyinsesi.org\\\/index.php\\\/2026\\\/04\\\/26\\\/kaza-yapan-uc-alkollu-surucunun-2si-tutuklandi-1i-hakkinda-yasal-islem-baslatildi\\\/\"},\"author\":{\"name\":\"Kuzeyin Sesi\",\"@id\":\"https:\\\/\\\/kuzeyinsesi.org\\\/#\\\/schema\\\/person\\\/9f859689cdf01485597712386e37f5aa\"},\"headline\":\"Kaza yapan \u00fc\u00e7 alkoll\u00fc s\u00fcr\u00fcc\u00fcn\u00fcn 2\u2019si tutukland\u0131 1\u2019i hakk\u0131nda yasal i\u015flem ba\u015flat\u0131ld\u0131\",\"datePublished\":\"2026-04-26T11:49:36+00:00\",\"mainEntityOfPage\":{\"@id\":\"https:\\\/\\\/kuzeyinsesi.org\\\/index.php\\\/2026\\\/04\\\/26\\\/kaza-yapan-uc-alkollu-surucunun-2si-tutuklandi-1i-hakkinda-yasal-islem-baslatildi\\\/\"},\"wordCount\":421,\"commentCount\":0,\"image\":{\"@id\":\"https:\\\/\\\/kuzeyinsesi.org\\\/index.php\\\/2026\\\/04\\\/26\\\/kaza-yapan-uc-alkollu-surucunun-2si-tutuklandi-1i-hakkinda-yasal-islem-baslatildi\\\/#primaryimage\"},\"thumbnailUrl\":\"https:\\\/\\\/kuzeyinsesi.org\\\/wp-content\\\/uploads\\\/2026\\\/04\\\/v2trafikkazas_1743775709.webp\",\"articleSection\":[\"K\u0131br\u0131s\"],\"inLanguage\":\"tr\",\"potentialAction\":[{\"@type\":\"CommentAction\",\"name\":\"Comment\",\"target\":[\"https:\\\/\\\/kuzeyinsesi.org\\\/index.php\\\/2026\\\/04\\\/26\\\/kaza-yapan-uc-alkollu-surucunun-2si-tutuklandi-1i-hakkinda-yasal-islem-baslatildi\\\/#respond\"]}]},{\"@type\":\"WebPage\",\"@id\":\"https:\\\/\\\/kuzeyinsesi.org\\\/index.php\\\/2026\\\/04\\\/26\\\/kaza-yapan-uc-alkollu-surucunun-2si-tutuklandi-1i-hakkinda-yasal-islem-baslatildi\\\/\",\"url\":\"https:\\\/\\\/kuzeyinsesi.org\\\/index.php\\\/2026\\\/04\\\/26\\\/kaza-yapan-uc-alkollu-surucunun-2si-tutuklandi-1i-hakkinda-yasal-islem-baslatildi\\\/\",\"name\":\"Kaza yapan \u00fc\u00e7 alkoll\u00fc s\u00fcr\u00fcc\u00fcn\u00fcn 2\u2019si tutukland\u0131 1\u2019i hakk\u0131nda yasal i\u015flem ba\u015flat\u0131ld\u0131 - Kuzeyin Sesi\",\"isPartOf\":{\"@id\":\"https:\\\/\\\/kuzeyinsesi.org\\\/#website\"},\"primaryImageOfPage\":{\"@id\":\"https:\\\/\\\/kuzeyinsesi.org\\\/index.php\\\/2026\\\/04\\\/26\\\/kaza-yapan-uc-alkollu-surucunun-2si-tutuklandi-1i-hakkinda-yasal-islem-baslatildi\\\/#primaryimage\"},\"image\":{\"@id\":\"https:\\\/\\\/kuzeyinsesi.org\\\/index.php\\\/2026\\\/04\\\/26\\\/kaza-yapan-uc-alkollu-surucunun-2si-tutuklandi-1i-hakkinda-yasal-islem-baslatildi\\\/#primaryimage\"},\"thumbnailUrl\":\"https:\\\/\\\/kuzeyinsesi.org\\\/wp-content\\\/uploads\\\/2026\\\/04\\\/v2trafikkazas_1743775709.webp\",\"datePublished\":\"2026-04-26T11:49:36+00:00\",\"author\":{\"@id\":\"https:\\\/\\\/kuzeyinsesi.org\\\/#\\\/schema\\\/person\\\/9f859689cdf01485597712386e37f5aa\"},\"breadcrumb\":{\"@id\":\"https:\\\/\\\/kuzeyinsesi.org\\\/index.php\\\/2026\\\/04\\\/26\\\/kaza-yapan-uc-alkollu-surucunun-2si-tutuklandi-1i-hakkinda-yasal-islem-baslatildi\\\/#breadcrumb\"},\"inLanguage\":\"tr\",\"potentialAction\":[{\"@type\":\"ReadAction\",\"target\":[\"https:\\\/\\\/kuzeyinsesi.org\\\/index.php\\\/2026\\\/04\\\/26\\\/kaza-yapan-uc-alkollu-surucunun-2si-tutuklandi-1i-hakkinda-yasal-islem-baslatildi\\\/\"]}]},{\"@type\":\"ImageObject\",\"inLanguage\":\"tr\",\"@id\":\"https:\\\/\\\/kuzeyinsesi.org\\\/index.php\\\/2026\\\/04\\\/26\\\/kaza-yapan-uc-alkollu-surucunun-2si-tutuklandi-1i-hakkinda-yasal-islem-baslatildi\\\/#primaryimage\",\"url\":\"https:\\\/\\\/kuzeyinsesi.org\\\/wp-content\\\/uploads\\\/2026\\\/04\\\/v2trafikkazas_1743775709.webp\",\"contentUrl\":\"https:\\\/\\\/kuzeyinsesi.org\\\/wp-content\\\/uploads\\\/2026\\\/04\\\/v2trafikkazas_1743775709.webp\",\"width\":971,\"height\":551},{\"@type\":\"BreadcrumbList\",\"@id\":\"https:\\\/\\\/kuzeyinsesi.org\\\/index.php\\\/2026\\\/04\\\/26\\\/kaza-yapan-uc-alkollu-surucunun-2si-tutuklandi-1i-hakkinda-yasal-islem-baslatildi\\\/#breadcrumb\",\"itemListElement\":[{\"@type\":\"ListItem\",\"position\":1,\"name\":\"Anasayfa\",\"item\":\"https:\\\/\\\/kuzeyinsesi.org\\\/\"},{\"@type\":\"ListItem\",\"position\":2,\"name\":\"Kaza yapan \u00fc\u00e7 alkoll\u00fc s\u00fcr\u00fcc\u00fcn\u00fcn 2\u2019si tutukland\u0131 1\u2019i hakk\u0131nda yasal i\u015flem ba\u015flat\u0131ld\u0131\"}]},{\"@type\":\"WebSite\",\"@id\":\"https:\\\/\\\/kuzeyinsesi.org\\\/#website\",\"url\":\"https:\\\/\\\/kuzeyinsesi.org\\\/\",\"name\":\"Kuzeyin Sesi\",\"description\":\"Do\u011fru Haberin Adresi\",\"potentialAction\":[{\"@type\":\"SearchAction\",\"target\":{\"@type\":\"EntryPoint\",\"urlTemplate\":\"https:\\\/\\\/kuzeyinsesi.org\\\/?s={search_term_string}\"},\"query-input\":{\"@type\":\"PropertyValueSpecification\",\"valueRequired\":true,\"valueName\":\"search_term_string\"}}],\"inLanguage\":\"tr\"},{\"@type\":\"Person\",\"@id\":\"https:\\\/\\\/kuzeyinsesi.org\\\/#\\\/schema\\\/person\\\/9f859689cdf01485597712386e37f5aa\",\"name\":\"Kuzeyin Sesi\",\"image\":{\"@type\":\"ImageObject\",\"inLanguage\":\"tr\",\"@id\":\"https:\\\/\\\/secure.gravatar.com\\\/avatar\\\/bab33852abfd8b282518d6ed81826833d77c3c882d9ab608add591ccace47a44?s=96&d=mm&r=g\",\"url\":\"https:\\\/\\\/secure.gravatar.com\\\/avatar\\\/bab33852abfd8b282518d6ed81826833d77c3c882d9ab608add591ccace47a44?s=96&d=mm&r=g\",\"contentUrl\":\"https:\\\/\\\/secure.gravatar.com\\\/avatar\\\/bab33852abfd8b282518d6ed81826833d77c3c882d9ab608add591ccace47a44?s=96&d=mm&r=g\",\"caption\":\"Kuzeyin Sesi\"},\"sameAs\":[\"https:\\\/\\\/kuzeyinsesi.org\"],\"url\":\"https:\\\/\\\/kuzeyinsesi.org\\\/index.php\\\/author\\\/guven\\\/\"}]}<\/script>\n<!-- \/ Yoast SEO plugin. -->","yoast_head_json":{"title":"Kaza yapan \u00fc\u00e7 alkoll\u00fc s\u00fcr\u00fcc\u00fcn\u00fcn 2\u2019si tutukland\u0131 1\u2019i hakk\u0131nda yasal i\u015flem ba\u015flat\u0131ld\u0131 - Kuzeyin Sesi","robots":{"index":"index","follow":"follow","max-snippet":"max-snippet:-1","max-image-preview":"max-image-preview:large","max-video-preview":"max-video-preview:-1"},"canonical":"https:\/\/kuzeyinsesi.org\/index.php\/2026\/04\/26\/kaza-yapan-uc-alkollu-surucunun-2si-tutuklandi-1i-hakkinda-yasal-islem-baslatildi\/","og_locale":"tr_TR","og_type":"article","og_title":"Kaza yapan \u00fc\u00e7 alkoll\u00fc s\u00fcr\u00fcc\u00fcn\u00fcn 2\u2019si tutukland\u0131 1\u2019i hakk\u0131nda yasal i\u015flem ba\u015flat\u0131ld\u0131 - Kuzeyin Sesi","og_description":"Lefko\u015fa, Girne ve Lefko\u015fa-Gazima\u011fusa ana yolunda d\u00fcn gece ge\u00e7 saatlerde \u00fc\u00e7 alkoll\u00fc s\u00fcr\u00fcc\u00fc kaza yapt\u0131. Kazalarda bir ki\u015fi yaraland\u0131, iki s\u00fcr\u00fcc\u00fc tutukland\u0131. Polis Bas\u0131n Subayl\u0131\u011f\u0131ndan yap\u0131lan a\u00e7\u0131klamaya g\u00f6re, Girne\u2019deki kaza d\u00fcn saat 23.50&#8217;de \u00c7ifteler Sokak\u2019ta meydana geldi. Ulu\u011fbek Gurbanov (E-29), 96 miligram alkoll\u00fc i\u00e7ki tesiri alt\u0131nda y\u00f6netimindeki HY 755 plakal\u0131 ara\u00e7la g\u00fcneye do\u011fru seyretti\u011fi s\u0131rada [&hellip;]","og_url":"https:\/\/kuzeyinsesi.org\/index.php\/2026\/04\/26\/kaza-yapan-uc-alkollu-surucunun-2si-tutuklandi-1i-hakkinda-yasal-islem-baslatildi\/","og_site_name":"Kuzeyin Sesi","article_publisher":"https:\/\/www.facebook.com\/kuzeyinsesii","article_published_time":"2026-04-26T11:49:36+00:00","author":"Kuzeyin Sesi","twitter_card":"summary_large_image","twitter_creator":"@kuzeyinsesii","twitter_site":"@kuzeyinsesii","twitter_misc":{"Yazan:":"Kuzeyin Sesi","Tahmini okuma s\u00fcresi":"2 dakika"},"schema":{"@context":"https:\/\/schema.org","@graph":[{"@type":"Article","@id":"https:\/\/kuzeyinsesi.org\/index.php\/2026\/04\/26\/kaza-yapan-uc-alkollu-surucunun-2si-tutuklandi-1i-hakkinda-yasal-islem-baslatildi\/#article","isPartOf":{"@id":"https:\/\/kuzeyinsesi.org\/index.php\/2026\/04\/26\/kaza-yapan-uc-alkollu-surucunun-2si-tutuklandi-1i-hakkinda-yasal-islem-baslatildi\/"},"author":{"name":"Kuzeyin Sesi","@id":"https:\/\/kuzeyinsesi.org\/#\/schema\/person\/9f859689cdf01485597712386e37f5aa"},"headline":"Kaza yapan \u00fc\u00e7 alkoll\u00fc s\u00fcr\u00fcc\u00fcn\u00fcn 2\u2019si tutukland\u0131 1\u2019i hakk\u0131nda yasal i\u015flem ba\u015flat\u0131ld\u0131","datePublished":"2026-04-26T11:49:36+00:00","mainEntityOfPage":{"@id":"https:\/\/kuzeyinsesi.org\/index.php\/2026\/04\/26\/kaza-yapan-uc-alkollu-surucunun-2si-tutuklandi-1i-hakkinda-yasal-islem-baslatildi\/"},"wordCount":421,"commentCount":0,"image":{"@id":"https:\/\/kuzeyinsesi.org\/index.php\/2026\/04\/26\/kaza-yapan-uc-alkollu-surucunun-2si-tutuklandi-1i-hakkinda-yasal-islem-baslatildi\/#primaryimage"},"thumbnailUrl":"https:\/\/kuzeyinsesi.org\/wp-content\/uploads\/2026\/04\/v2trafikkazas_1743775709.webp","articleSection":["K\u0131br\u0131s"],"inLanguage":"tr","potentialAction":[{"@type":"CommentAction","name":"Comment","target":["https:\/\/kuzeyinsesi.org\/index.php\/2026\/04\/26\/kaza-yapan-uc-alkollu-surucunun-2si-tutuklandi-1i-hakkinda-yasal-islem-baslatildi\/#respond"]}]},{"@type":"WebPage","@id":"https:\/\/kuzeyinsesi.org\/index.php\/2026\/04\/26\/kaza-yapan-uc-alkollu-surucunun-2si-tutuklandi-1i-hakkinda-yasal-islem-baslatildi\/","url":"https:\/\/kuzeyinsesi.org\/index.php\/2026\/04\/26\/kaza-yapan-uc-alkollu-surucunun-2si-tutuklandi-1i-hakkinda-yasal-islem-baslatildi\/","name":"Kaza yapan \u00fc\u00e7 alkoll\u00fc s\u00fcr\u00fcc\u00fcn\u00fcn 2\u2019si tutukland\u0131 1\u2019i hakk\u0131nda yasal i\u015flem ba\u015flat\u0131ld\u0131 - Kuzeyin Sesi","isPartOf":{"@id":"https:\/\/kuzeyinsesi.org\/#website"},"primaryImageOfPage":{"@id":"https:\/\/kuzeyinsesi.org\/index.php\/2026\/04\/26\/kaza-yapan-uc-alkollu-surucunun-2si-tutuklandi-1i-hakkinda-yasal-islem-baslatildi\/#primaryimage"},"image":{"@id":"https:\/\/kuzeyinsesi.org\/index.php\/2026\/04\/26\/kaza-yapan-uc-alkollu-surucunun-2si-tutuklandi-1i-hakkinda-yasal-islem-baslatildi\/#primaryimage"},"thumbnailUrl":"https:\/\/kuzeyinsesi.org\/wp-content\/uploads\/2026\/04\/v2trafikkazas_1743775709.webp","datePublished":"2026-04-26T11:49:36+00:00","author":{"@id":"https:\/\/kuzeyinsesi.org\/#\/schema\/person\/9f859689cdf01485597712386e37f5aa"},"breadcrumb":{"@id":"https:\/\/kuzeyinsesi.org\/index.php\/2026\/04\/26\/kaza-yapan-uc-alkollu-surucunun-2si-tutuklandi-1i-hakkinda-yasal-islem-baslatildi\/#breadcrumb"},"inLanguage":"tr","potentialAction":[{"@type":"ReadAction","target":["https:\/\/kuzeyinsesi.org\/index.php\/2026\/04\/26\/kaza-yapan-uc-alkollu-surucunun-2si-tutuklandi-1i-hakkinda-yasal-islem-baslatildi\/"]}]},{"@type":"ImageObject","inLanguage":"tr","@id":"https:\/\/kuzeyinsesi.org\/index.php\/2026\/04\/26\/kaza-yapan-uc-alkollu-surucunun-2si-tutuklandi-1i-hakkinda-yasal-islem-baslatildi\/#primaryimage","url":"https:\/\/kuzeyinsesi.org\/wp-content\/uploads\/2026\/04\/v2trafikkazas_1743775709.webp","contentUrl":"https:\/\/kuzeyinsesi.org\/wp-content\/uploads\/2026\/04\/v2trafikkazas_1743775709.webp","width":971,"height":551},{"@type":"BreadcrumbList","@id":"https:\/\/kuzeyinsesi.org\/index.php\/2026\/04\/26\/kaza-yapan-uc-alkollu-surucunun-2si-tutuklandi-1i-hakkinda-yasal-islem-baslatildi\/#breadcrumb","itemListElement":[{"@type":"ListItem","position":1,"name":"Anasayfa","item":"https:\/\/kuzeyinsesi.org\/"},{"@type":"ListItem","position":2,"name":"Kaza yapan \u00fc\u00e7 alkoll\u00fc s\u00fcr\u00fcc\u00fcn\u00fcn 2\u2019si tutukland\u0131 1\u2019i hakk\u0131nda yasal i\u015flem ba\u015flat\u0131ld\u0131"}]},{"@type":"WebSite","@id":"https:\/\/kuzeyinsesi.org\/#website","url":"https:\/\/kuzeyinsesi.org\/","name":"Kuzeyin Sesi","description":"Do\u011fru Haberin Adresi","potentialAction":[{"@type":"SearchAction","target":{"@type":"EntryPoint","urlTemplate":"https:\/\/kuzeyinsesi.org\/?s={search_term_string}"},"query-input":{"@type":"PropertyValueSpecification","valueRequired":true,"valueName":"search_term_string"}}],"inLanguage":"tr"},{"@type":"Person","@id":"https:\/\/kuzeyinsesi.org\/#\/schema\/person\/9f859689cdf01485597712386e37f5aa","name":"Kuzeyin Sesi","image":{"@type":"ImageObject","inLanguage":"tr","@id":"https:\/\/secure.gravatar.com\/avatar\/bab33852abfd8b282518d6ed81826833d77c3c882d9ab608add591ccace47a44?s=96&d=mm&r=g","url":"https:\/\/secure.gravatar.com\/avatar\/bab33852abfd8b282518d6ed81826833d77c3c882d9ab608add591ccace47a44?s=96&d=mm&r=g","contentUrl":"https:\/\/secure.gravatar.com\/avatar\/bab33852abfd8b282518d6ed81826833d77c3c882d9ab608add591ccace47a44?s=96&d=mm&r=g","caption":"Kuzeyin Sesi"},"sameAs":["https:\/\/kuzeyinsesi.org"],"url":"https:\/\/kuzeyinsesi.org\/index.php\/author\/guven\/"}]}},"_links":{"self":[{"href":"https:\/\/kuzeyinsesi.org\/index.php\/wp-json\/wp\/v2\/posts\/37329","targetHints":{"allow":["GET"]}}],"collection":[{"href":"https:\/\/kuzeyinsesi.org\/index.php\/wp-json\/wp\/v2\/posts"}],"about":[{"href":"https:\/\/kuzeyinsesi.org\/index.php\/wp-json\/wp\/v2\/types\/post"}],"author":[{"embeddable":true,"href":"https:\/\/kuzeyinsesi.org\/index.php\/wp-json\/wp\/v2\/users\/1"}],"replies":[{"embeddable":true,"href":"https:\/\/kuzeyinsesi.org\/index.php\/wp-json\/wp\/v2\/comments?post=37329"}],"version-history":[{"count":0,"href":"https:\/\/kuzeyinsesi.org\/index.php\/wp-json\/wp\/v2\/posts\/37329\/revisions"}],"wp:featuredmedia":[{"embeddable":true,"href":"https:\/\/kuzeyinsesi.org\/index.php\/wp-json\/wp\/v2\/media\/37332"}],"wp:attachment":[{"href":"https:\/\/kuzeyinsesi.org\/index.php\/wp-json\/wp\/v2\/media?parent=37329"}],"wp:term":[{"taxonomy":"category","embeddable":true,"href":"https:\/\/kuzeyinsesi.org\/index.php\/wp-json\/wp\/v2\/categories?post=37329"},{"taxonomy":"post_tag","embeddable":true,"href":"https:\/\/kuzeyinsesi.org\/index.php\/wp-json\/wp\/v2\/tags?post=37329"}],"curies":[{"name":"wp","href":"https:\/\/api.w.org\/{rel}","templated":true}]}}