{"id":37326,"date":"2026-04-26T14:00:28","date_gmt":"2026-04-26T11:00:28","guid":{"rendered":"https:\/\/kuzeyinsesi.org\/index.php\/2026\/04\/26\/ustel-abnin-kibris-meselesindeki-tarafli-yaklasimi-degismedi\/"},"modified":"2026-04-26T14:00:28","modified_gmt":"2026-04-26T11:00:28","slug":"ustel-abnin-kibris-meselesindeki-tarafli-yaklasimi-degismedi","status":"publish","type":"post","link":"https:\/\/kuzeyinsesi.org\/index.php\/2026\/04\/26\/ustel-abnin-kibris-meselesindeki-tarafli-yaklasimi-degismedi\/","title":{"rendered":"\u00dcstel: AB\u2019nin K\u0131br\u0131s meselesindeki tarafl\u0131 yakla\u015f\u0131m\u0131 de\u011fi\u015fmedi"},"content":{"rendered":"<p>Ba\u015fbakan \u00dcnal \u00dcstel, G\u00fcney K\u0131br\u0131s Rum Y\u00f6netimi\u2019nde ger\u00e7ekle\u015ftirilen Avrupa Konseyi Gayriresm\u00ee Liderler Zirvesi\u2019ne ili\u015fkin a\u00e7\u0131klama yapt\u0131.<\/p>\n<p><strong>Ba\u015fbakan \u00dcnal \u00dcstel\u2019in a\u00e7\u0131klamas\u0131 \u015f\u00f6yle:<\/strong><\/p>\n<p>&nbsp;<\/p>\n<p>\u201cG\u00fcney K\u0131br\u0131s Rum Y\u00f6netimi\u2019nde ger\u00e7ekle\u015ftirilen Avrupa Konseyi Gayri Resmi Liderler Zirvesi\u2019ni yak\u0131ndan takip ettik.<\/p>\n<p>&nbsp;<\/p>\n<p>Zirvede ortaya konan tablo, Avrupa Birli\u011fi\u2019nin K\u0131br\u0131s meselesinde y\u0131llard\u0131r s\u00fcrd\u00fcrd\u00fc\u011f\u00fc tarafl\u0131 ve adaletten yoksun yakla\u015f\u0131m\u0131n de\u011fi\u015fmedi\u011fini bir kez daha a\u00e7\u0131k \u015fekilde g\u00f6stermi\u015ftir.<\/p>\n<p>&nbsp;<\/p>\n<p>2004 y\u0131l\u0131nda Annan Plan\u0131 referandumunda \u00e7\u00f6z\u00fcme \u201cevet\u201d diyen K\u0131br\u0131s T\u00fcrk halk\u0131 cezaland\u0131r\u0131lm\u0131\u015f, \u201chay\u0131r\u201d diyen Rum taraf\u0131 ise adan\u0131n tamam\u0131n\u0131 temsil ediyormu\u015f gibi Avrupa Birli\u011fi \u00fcyeli\u011fi ile \u00f6d\u00fcllendirilmi\u015ftir.<\/p>\n<p>&nbsp;<\/p>\n<p>Avrupa Birli\u011fi\u2019nin o d\u00f6nemde K\u0131br\u0131s T\u00fcrk halk\u0131na verdi\u011fi, izolasyonlar\u0131n kald\u0131r\u0131lmas\u0131 ve a\u00e7\u0131l\u0131mlar\u0131n sa\u011flanmas\u0131na y\u00f6nelik s\u00f6zlerin hi\u00e7birisi hayata ge\u00e7irilmemi\u015ftir.<\/p>\n<p>&nbsp;<\/p>\n<p>Bug\u00fcn de durum ayn\u0131d\u0131r. Avrupa Birli\u011fi\u2019nin K\u0131br\u0131s konusunda sergiledi\u011fi yakla\u015f\u0131m samimiyetten ve adaletten uzakt\u0131r ve daha da uzakla\u015fmaya devam etmektedir.<\/p>\n<p>&nbsp;<\/p>\n<p>Di\u011fer yandan, Rum lider Nikos Hristodoulidis\u2019in Avrupa Birli\u011fi Antla\u015fmas\u0131\u2019n\u0131n 42.7\u2019nci maddesini devreye sokmaya y\u00f6nelik giri\u015fimleri son derece dikkat \u00e7ekicidir.<\/p>\n<p>&nbsp;<\/p>\n<p>Bu giri\u015fimlerin amac\u0131 da a\u00e7\u0131kt\u0131r. Rum Y\u00f6netimi, Do\u011fu Akdeniz\u2019deki maksimalist politikalar\u0131na Avrupa\u2019y\u0131 dahil etmek, askeri koruma aray\u0131\u015f\u0131n\u0131 kurumsalla\u015ft\u0131rmak ve T\u00fcrkiye ile Kuzey K\u0131br\u0131s T\u00fcrk Cumhuriyeti kar\u015f\u0131s\u0131nda siyasi bir blok olu\u015fturma niyetindedir.<\/p>\n<p>&nbsp;<\/p>\n<p>Rum Y\u00f6netimi, \u0131srarla t\u00fcm d\u00fcnyaya T\u00fcrkiye\u2019yi ve KKTC\u2019yi tehdit olarak alg\u0131latma ve hedef g\u00f6sterme piyesini sergilemeye devam etmektedir.<\/p>\n<p>&nbsp;<\/p>\n<p>Oysa ger\u00e7ekler nettir. B\u00f6lgedeki gerilimi art\u0131ran taraf T\u00fcrkiye ya da K\u0131br\u0131s T\u00fcrk halk\u0131 de\u011fildir. Aksine, son y\u0131llarda h\u0131zla silahlanan, \u00e7e\u015fitli \u00fclkelerle askeri anla\u015fmalar yapan, aday\u0131 yabanc\u0131 askeri varl\u0131klar\u0131n merkezi haline getiren, Ada\u2019y\u0131 sava\u015flar\u0131n ortas\u0131na atan ve hem T\u00fcrkiye\u2019ye hem de KKTC\u2019ye tehdit dili kullanan taraf Rum y\u00f6netiminin kendisidir.<\/p>\n<p>&nbsp;<\/p>\n<p>AB art\u0131k bu ger\u00e7ekleri idrak ermelidir. Bu adada K\u0131br\u0131sl\u0131 T\u00fcrklere sald\u0131ran, k\u00f6ylerini evlerini yakan, \u00e7ad\u0131rlarda ya\u015fama mahkum eden, katleden, toplu mezarlara g\u00f6men, ortakl\u0131k Cumhuriyetinden atan, t\u00fcm \u00e7\u00f6z\u00fcm planlar\u0131n\u0131 reddederek adada kal\u0131c\u0131 bir uzla\u015f\u0131ya var\u0131lmas\u0131n\u0131n \u00f6n\u00fcn\u00fc t\u0131kayan Rum Y\u00f6netimleridir. Garant\u00f6rl\u00fck hakk\u0131n\u0131 kullanarak ya\u015fanan bu vah\u015fete dur diyen ve adada 50 y\u0131l\u0131 a\u015fk\u0131n s\u00fcredir Bar\u0131\u015f\u0131n h\u00fck\u00fcm s\u00fcrmesini sa\u011flayan da T\u00fcrkiye\u2019dir.<\/p>\n<p>&nbsp;<\/p>\n<p>K\u0131br\u0131s T\u00fcrk halk\u0131, t\u00fcm bu sald\u0131rgan tutuma ra\u011fmen haklar\u0131ndan, egemen e\u015fitli\u011finden ve g\u00fcvenli\u011finden asla vazge\u00e7meyecektir. Adada kal\u0131c\u0131, adil ve s\u00fcrd\u00fcr\u00fclebilir bir \u00e7\u00f6z\u00fcm\u00fcn yolu, mevcut ger\u00e7eklerin kabul\u00fcnden ge\u00e7mektedir.<\/p>\n<p>&nbsp;<\/p>\n<p>KKTC H\u00fck\u00fcmeti olarak, Anavatan T\u00fcrkiye\u2019nin g\u00fc\u00e7l\u00fc deste\u011fiyle \u015fekillenen egemen e\u015fitlik ve e\u015fit uluslararas\u0131 stat\u00fc temelindeki iki devletli \u00e7\u00f6z\u00fcm vizyonumuzu kararl\u0131l\u0131kla savunmay\u0131 s\u00fcrd\u00fcr\u00fcyoruz. Her platformda bu siyaseti anlatmaya, somut ad\u0131mlarla g\u00fc\u00e7lendirmeye devam edece\u011fiz.<\/p>\n<p>&nbsp;<\/p>\n<p>Hi\u00e7 kimse K\u0131br\u0131s T\u00fcrk halk\u0131n\u0131n bask\u0131lar kar\u015f\u0131s\u0131nda geri ad\u0131m ataca\u011f\u0131n\u0131 d\u00fc\u015f\u00fcnmemelidir.<\/p>\n<p>&nbsp;<\/p>\n<p>Bu m\u00fccadele, egemenli\u011fin, g\u00fcvenli\u011fin ve onurlu bir gelece\u011fin m\u00fccadelesidir.\u201d<\/p>\n","protected":false},"excerpt":{"rendered":"<p>Ba\u015fbakan \u00dcnal \u00dcstel, G\u00fcney K\u0131br\u0131s Rum Y\u00f6netimi\u2019nde ger\u00e7ekle\u015ftirilen Avrupa Konseyi Gayriresm\u00ee Liderler Zirvesi\u2019ne ili\u015fkin a\u00e7\u0131klama yapt\u0131. Ba\u015fbakan \u00dcnal \u00dcstel\u2019in a\u00e7\u0131klamas\u0131 \u015f\u00f6yle: &nbsp; \u201cG\u00fcney K\u0131br\u0131s Rum Y\u00f6netimi\u2019nde ger\u00e7ekle\u015ftirilen Avrupa Konseyi Gayri Resmi Liderler Zirvesi\u2019ni yak\u0131ndan takip ettik. &nbsp; Zirvede ortaya konan tablo, Avrupa Birli\u011fi\u2019nin K\u0131br\u0131s meselesinde y\u0131llard\u0131r s\u00fcrd\u00fcrd\u00fc\u011f\u00fc tarafl\u0131 ve adaletten yoksun yakla\u015f\u0131m\u0131n de\u011fi\u015fmedi\u011fini bir kez [&hellip;]<\/p>\n","protected":false},"author":1,"featured_media":37327,"comment_status":"open","ping_status":"open","sticky":false,"template":"","format":"standard","meta":{"jnews-multi-image_gallery":[],"jnews_single_post":[],"jnews_primary_category":[],"jnews_social_meta":[],"jnews_override_counter":[],"footnotes":""},"categories":[1],"tags":[],"class_list":["post-37326","post","type-post","status-publish","format-standard","has-post-thumbnail","hentry","category-kibris"],"yoast_head":"<!-- This site is optimized with the Yoast SEO plugin v27.4 - https:\/\/yoast.com\/product\/yoast-seo-wordpress\/ -->\n<title>\u00dcstel: AB\u2019nin K\u0131br\u0131s meselesindeki tarafl\u0131 yakla\u015f\u0131m\u0131 de\u011fi\u015fmedi - Kuzeyin Sesi<\/title>\n<meta name=\"robots\" content=\"index, follow, max-snippet:-1, max-image-preview:large, max-video-preview:-1\" \/>\n<link rel=\"canonical\" href=\"https:\/\/kuzeyinsesi.org\/index.php\/2026\/04\/26\/ustel-abnin-kibris-meselesindeki-tarafli-yaklasimi-degismedi\/\" \/>\n<meta property=\"og:locale\" content=\"tr_TR\" \/>\n<meta property=\"og:type\" content=\"article\" \/>\n<meta property=\"og:title\" content=\"\u00dcstel: AB\u2019nin K\u0131br\u0131s meselesindeki tarafl\u0131 yakla\u015f\u0131m\u0131 de\u011fi\u015fmedi - Kuzeyin Sesi\" \/>\n<meta property=\"og:description\" content=\"Ba\u015fbakan \u00dcnal \u00dcstel, G\u00fcney K\u0131br\u0131s Rum Y\u00f6netimi\u2019nde ger\u00e7ekle\u015ftirilen Avrupa Konseyi Gayriresm\u00ee Liderler Zirvesi\u2019ne ili\u015fkin a\u00e7\u0131klama yapt\u0131. Ba\u015fbakan \u00dcnal \u00dcstel\u2019in a\u00e7\u0131klamas\u0131 \u015f\u00f6yle: &nbsp; \u201cG\u00fcney K\u0131br\u0131s Rum Y\u00f6netimi\u2019nde ger\u00e7ekle\u015ftirilen Avrupa Konseyi Gayri Resmi Liderler Zirvesi\u2019ni yak\u0131ndan takip ettik. &nbsp; Zirvede ortaya konan tablo, Avrupa Birli\u011fi\u2019nin K\u0131br\u0131s meselesinde y\u0131llard\u0131r s\u00fcrd\u00fcrd\u00fc\u011f\u00fc tarafl\u0131 ve adaletten yoksun yakla\u015f\u0131m\u0131n de\u011fi\u015fmedi\u011fini bir kez [&hellip;]\" \/>\n<meta property=\"og:url\" content=\"https:\/\/kuzeyinsesi.org\/index.php\/2026\/04\/26\/ustel-abnin-kibris-meselesindeki-tarafli-yaklasimi-degismedi\/\" \/>\n<meta property=\"og:site_name\" content=\"Kuzeyin Sesi\" \/>\n<meta property=\"article:publisher\" content=\"https:\/\/www.facebook.com\/kuzeyinsesii\" \/>\n<meta property=\"article:published_time\" content=\"2026-04-26T11:00:28+00:00\" \/>\n<meta name=\"author\" content=\"Kuzeyin Sesi\" \/>\n<meta name=\"twitter:card\" content=\"summary_large_image\" \/>\n<meta name=\"twitter:creator\" content=\"@kuzeyinsesii\" \/>\n<meta name=\"twitter:site\" content=\"@kuzeyinsesii\" \/>\n<meta name=\"twitter:label1\" content=\"Yazan:\" \/>\n\t<meta name=\"twitter:data1\" content=\"Kuzeyin Sesi\" \/>\n\t<meta name=\"twitter:label2\" content=\"Tahmini okuma s\u00fcresi\" \/>\n\t<meta name=\"twitter:data2\" content=\"3 dakika\" \/>\n<script type=\"application\/ld+json\" class=\"yoast-schema-graph\">{\"@context\":\"https:\\\/\\\/schema.org\",\"@graph\":[{\"@type\":\"Article\",\"@id\":\"https:\\\/\\\/kuzeyinsesi.org\\\/index.php\\\/2026\\\/04\\\/26\\\/ustel-abnin-kibris-meselesindeki-tarafli-yaklasimi-degismedi\\\/#article\",\"isPartOf\":{\"@id\":\"https:\\\/\\\/kuzeyinsesi.org\\\/index.php\\\/2026\\\/04\\\/26\\\/ustel-abnin-kibris-meselesindeki-tarafli-yaklasimi-degismedi\\\/\"},\"author\":{\"name\":\"Kuzeyin Sesi\",\"@id\":\"https:\\\/\\\/kuzeyinsesi.org\\\/#\\\/schema\\\/person\\\/9f859689cdf01485597712386e37f5aa\"},\"headline\":\"\u00dcstel: AB\u2019nin K\u0131br\u0131s meselesindeki tarafl\u0131 yakla\u015f\u0131m\u0131 de\u011fi\u015fmedi\",\"datePublished\":\"2026-04-26T11:00:28+00:00\",\"mainEntityOfPage\":{\"@id\":\"https:\\\/\\\/kuzeyinsesi.org\\\/index.php\\\/2026\\\/04\\\/26\\\/ustel-abnin-kibris-meselesindeki-tarafli-yaklasimi-degismedi\\\/\"},\"wordCount\":635,\"commentCount\":0,\"image\":{\"@id\":\"https:\\\/\\\/kuzeyinsesi.org\\\/index.php\\\/2026\\\/04\\\/26\\\/ustel-abnin-kibris-meselesindeki-tarafli-yaklasimi-degismedi\\\/#primaryimage\"},\"thumbnailUrl\":\"https:\\\/\\\/kuzeyinsesi.org\\\/wp-content\\\/uploads\\\/2026\\\/04\\\/basbakan-unal-ustel-3.webp\",\"articleSection\":[\"K\u0131br\u0131s\"],\"inLanguage\":\"tr\",\"potentialAction\":[{\"@type\":\"CommentAction\",\"name\":\"Comment\",\"target\":[\"https:\\\/\\\/kuzeyinsesi.org\\\/index.php\\\/2026\\\/04\\\/26\\\/ustel-abnin-kibris-meselesindeki-tarafli-yaklasimi-degismedi\\\/#respond\"]}]},{\"@type\":\"WebPage\",\"@id\":\"https:\\\/\\\/kuzeyinsesi.org\\\/index.php\\\/2026\\\/04\\\/26\\\/ustel-abnin-kibris-meselesindeki-tarafli-yaklasimi-degismedi\\\/\",\"url\":\"https:\\\/\\\/kuzeyinsesi.org\\\/index.php\\\/2026\\\/04\\\/26\\\/ustel-abnin-kibris-meselesindeki-tarafli-yaklasimi-degismedi\\\/\",\"name\":\"\u00dcstel: AB\u2019nin K\u0131br\u0131s meselesindeki tarafl\u0131 yakla\u015f\u0131m\u0131 de\u011fi\u015fmedi - Kuzeyin Sesi\",\"isPartOf\":{\"@id\":\"https:\\\/\\\/kuzeyinsesi.org\\\/#website\"},\"primaryImageOfPage\":{\"@id\":\"https:\\\/\\\/kuzeyinsesi.org\\\/index.php\\\/2026\\\/04\\\/26\\\/ustel-abnin-kibris-meselesindeki-tarafli-yaklasimi-degismedi\\\/#primaryimage\"},\"image\":{\"@id\":\"https:\\\/\\\/kuzeyinsesi.org\\\/index.php\\\/2026\\\/04\\\/26\\\/ustel-abnin-kibris-meselesindeki-tarafli-yaklasimi-degismedi\\\/#primaryimage\"},\"thumbnailUrl\":\"https:\\\/\\\/kuzeyinsesi.org\\\/wp-content\\\/uploads\\\/2026\\\/04\\\/basbakan-unal-ustel-3.webp\",\"datePublished\":\"2026-04-26T11:00:28+00:00\",\"author\":{\"@id\":\"https:\\\/\\\/kuzeyinsesi.org\\\/#\\\/schema\\\/person\\\/9f859689cdf01485597712386e37f5aa\"},\"breadcrumb\":{\"@id\":\"https:\\\/\\\/kuzeyinsesi.org\\\/index.php\\\/2026\\\/04\\\/26\\\/ustel-abnin-kibris-meselesindeki-tarafli-yaklasimi-degismedi\\\/#breadcrumb\"},\"inLanguage\":\"tr\",\"potentialAction\":[{\"@type\":\"ReadAction\",\"target\":[\"https:\\\/\\\/kuzeyinsesi.org\\\/index.php\\\/2026\\\/04\\\/26\\\/ustel-abnin-kibris-meselesindeki-tarafli-yaklasimi-degismedi\\\/\"]}]},{\"@type\":\"ImageObject\",\"inLanguage\":\"tr\",\"@id\":\"https:\\\/\\\/kuzeyinsesi.org\\\/index.php\\\/2026\\\/04\\\/26\\\/ustel-abnin-kibris-meselesindeki-tarafli-yaklasimi-degismedi\\\/#primaryimage\",\"url\":\"https:\\\/\\\/kuzeyinsesi.org\\\/wp-content\\\/uploads\\\/2026\\\/04\\\/basbakan-unal-ustel-3.webp\",\"contentUrl\":\"https:\\\/\\\/kuzeyinsesi.org\\\/wp-content\\\/uploads\\\/2026\\\/04\\\/basbakan-unal-ustel-3.webp\",\"width\":1280,\"height\":720},{\"@type\":\"BreadcrumbList\",\"@id\":\"https:\\\/\\\/kuzeyinsesi.org\\\/index.php\\\/2026\\\/04\\\/26\\\/ustel-abnin-kibris-meselesindeki-tarafli-yaklasimi-degismedi\\\/#breadcrumb\",\"itemListElement\":[{\"@type\":\"ListItem\",\"position\":1,\"name\":\"Anasayfa\",\"item\":\"https:\\\/\\\/kuzeyinsesi.org\\\/\"},{\"@type\":\"ListItem\",\"position\":2,\"name\":\"\u00dcstel: AB\u2019nin K\u0131br\u0131s meselesindeki tarafl\u0131 yakla\u015f\u0131m\u0131 de\u011fi\u015fmedi\"}]},{\"@type\":\"WebSite\",\"@id\":\"https:\\\/\\\/kuzeyinsesi.org\\\/#website\",\"url\":\"https:\\\/\\\/kuzeyinsesi.org\\\/\",\"name\":\"Kuzeyin Sesi\",\"description\":\"Do\u011fru Haberin Adresi\",\"potentialAction\":[{\"@type\":\"SearchAction\",\"target\":{\"@type\":\"EntryPoint\",\"urlTemplate\":\"https:\\\/\\\/kuzeyinsesi.org\\\/?s={search_term_string}\"},\"query-input\":{\"@type\":\"PropertyValueSpecification\",\"valueRequired\":true,\"valueName\":\"search_term_string\"}}],\"inLanguage\":\"tr\"},{\"@type\":\"Person\",\"@id\":\"https:\\\/\\\/kuzeyinsesi.org\\\/#\\\/schema\\\/person\\\/9f859689cdf01485597712386e37f5aa\",\"name\":\"Kuzeyin Sesi\",\"image\":{\"@type\":\"ImageObject\",\"inLanguage\":\"tr\",\"@id\":\"https:\\\/\\\/secure.gravatar.com\\\/avatar\\\/bab33852abfd8b282518d6ed81826833d77c3c882d9ab608add591ccace47a44?s=96&d=mm&r=g\",\"url\":\"https:\\\/\\\/secure.gravatar.com\\\/avatar\\\/bab33852abfd8b282518d6ed81826833d77c3c882d9ab608add591ccace47a44?s=96&d=mm&r=g\",\"contentUrl\":\"https:\\\/\\\/secure.gravatar.com\\\/avatar\\\/bab33852abfd8b282518d6ed81826833d77c3c882d9ab608add591ccace47a44?s=96&d=mm&r=g\",\"caption\":\"Kuzeyin Sesi\"},\"sameAs\":[\"https:\\\/\\\/kuzeyinsesi.org\"],\"url\":\"https:\\\/\\\/kuzeyinsesi.org\\\/index.php\\\/author\\\/guven\\\/\"}]}<\/script>\n<!-- \/ Yoast SEO plugin. -->","yoast_head_json":{"title":"\u00dcstel: AB\u2019nin K\u0131br\u0131s meselesindeki tarafl\u0131 yakla\u015f\u0131m\u0131 de\u011fi\u015fmedi - Kuzeyin Sesi","robots":{"index":"index","follow":"follow","max-snippet":"max-snippet:-1","max-image-preview":"max-image-preview:large","max-video-preview":"max-video-preview:-1"},"canonical":"https:\/\/kuzeyinsesi.org\/index.php\/2026\/04\/26\/ustel-abnin-kibris-meselesindeki-tarafli-yaklasimi-degismedi\/","og_locale":"tr_TR","og_type":"article","og_title":"\u00dcstel: AB\u2019nin K\u0131br\u0131s meselesindeki tarafl\u0131 yakla\u015f\u0131m\u0131 de\u011fi\u015fmedi - Kuzeyin Sesi","og_description":"Ba\u015fbakan \u00dcnal \u00dcstel, G\u00fcney K\u0131br\u0131s Rum Y\u00f6netimi\u2019nde ger\u00e7ekle\u015ftirilen Avrupa Konseyi Gayriresm\u00ee Liderler Zirvesi\u2019ne ili\u015fkin a\u00e7\u0131klama yapt\u0131. Ba\u015fbakan \u00dcnal \u00dcstel\u2019in a\u00e7\u0131klamas\u0131 \u015f\u00f6yle: &nbsp; \u201cG\u00fcney K\u0131br\u0131s Rum Y\u00f6netimi\u2019nde ger\u00e7ekle\u015ftirilen Avrupa Konseyi Gayri Resmi Liderler Zirvesi\u2019ni yak\u0131ndan takip ettik. &nbsp; Zirvede ortaya konan tablo, Avrupa Birli\u011fi\u2019nin K\u0131br\u0131s meselesinde y\u0131llard\u0131r s\u00fcrd\u00fcrd\u00fc\u011f\u00fc tarafl\u0131 ve adaletten yoksun yakla\u015f\u0131m\u0131n de\u011fi\u015fmedi\u011fini bir kez [&hellip;]","og_url":"https:\/\/kuzeyinsesi.org\/index.php\/2026\/04\/26\/ustel-abnin-kibris-meselesindeki-tarafli-yaklasimi-degismedi\/","og_site_name":"Kuzeyin Sesi","article_publisher":"https:\/\/www.facebook.com\/kuzeyinsesii","article_published_time":"2026-04-26T11:00:28+00:00","author":"Kuzeyin Sesi","twitter_card":"summary_large_image","twitter_creator":"@kuzeyinsesii","twitter_site":"@kuzeyinsesii","twitter_misc":{"Yazan:":"Kuzeyin Sesi","Tahmini okuma s\u00fcresi":"3 dakika"},"schema":{"@context":"https:\/\/schema.org","@graph":[{"@type":"Article","@id":"https:\/\/kuzeyinsesi.org\/index.php\/2026\/04\/26\/ustel-abnin-kibris-meselesindeki-tarafli-yaklasimi-degismedi\/#article","isPartOf":{"@id":"https:\/\/kuzeyinsesi.org\/index.php\/2026\/04\/26\/ustel-abnin-kibris-meselesindeki-tarafli-yaklasimi-degismedi\/"},"author":{"name":"Kuzeyin Sesi","@id":"https:\/\/kuzeyinsesi.org\/#\/schema\/person\/9f859689cdf01485597712386e37f5aa"},"headline":"\u00dcstel: AB\u2019nin K\u0131br\u0131s meselesindeki tarafl\u0131 yakla\u015f\u0131m\u0131 de\u011fi\u015fmedi","datePublished":"2026-04-26T11:00:28+00:00","mainEntityOfPage":{"@id":"https:\/\/kuzeyinsesi.org\/index.php\/2026\/04\/26\/ustel-abnin-kibris-meselesindeki-tarafli-yaklasimi-degismedi\/"},"wordCount":635,"commentCount":0,"image":{"@id":"https:\/\/kuzeyinsesi.org\/index.php\/2026\/04\/26\/ustel-abnin-kibris-meselesindeki-tarafli-yaklasimi-degismedi\/#primaryimage"},"thumbnailUrl":"https:\/\/kuzeyinsesi.org\/wp-content\/uploads\/2026\/04\/basbakan-unal-ustel-3.webp","articleSection":["K\u0131br\u0131s"],"inLanguage":"tr","potentialAction":[{"@type":"CommentAction","name":"Comment","target":["https:\/\/kuzeyinsesi.org\/index.php\/2026\/04\/26\/ustel-abnin-kibris-meselesindeki-tarafli-yaklasimi-degismedi\/#respond"]}]},{"@type":"WebPage","@id":"https:\/\/kuzeyinsesi.org\/index.php\/2026\/04\/26\/ustel-abnin-kibris-meselesindeki-tarafli-yaklasimi-degismedi\/","url":"https:\/\/kuzeyinsesi.org\/index.php\/2026\/04\/26\/ustel-abnin-kibris-meselesindeki-tarafli-yaklasimi-degismedi\/","name":"\u00dcstel: AB\u2019nin K\u0131br\u0131s meselesindeki tarafl\u0131 yakla\u015f\u0131m\u0131 de\u011fi\u015fmedi - Kuzeyin Sesi","isPartOf":{"@id":"https:\/\/kuzeyinsesi.org\/#website"},"primaryImageOfPage":{"@id":"https:\/\/kuzeyinsesi.org\/index.php\/2026\/04\/26\/ustel-abnin-kibris-meselesindeki-tarafli-yaklasimi-degismedi\/#primaryimage"},"image":{"@id":"https:\/\/kuzeyinsesi.org\/index.php\/2026\/04\/26\/ustel-abnin-kibris-meselesindeki-tarafli-yaklasimi-degismedi\/#primaryimage"},"thumbnailUrl":"https:\/\/kuzeyinsesi.org\/wp-content\/uploads\/2026\/04\/basbakan-unal-ustel-3.webp","datePublished":"2026-04-26T11:00:28+00:00","author":{"@id":"https:\/\/kuzeyinsesi.org\/#\/schema\/person\/9f859689cdf01485597712386e37f5aa"},"breadcrumb":{"@id":"https:\/\/kuzeyinsesi.org\/index.php\/2026\/04\/26\/ustel-abnin-kibris-meselesindeki-tarafli-yaklasimi-degismedi\/#breadcrumb"},"inLanguage":"tr","potentialAction":[{"@type":"ReadAction","target":["https:\/\/kuzeyinsesi.org\/index.php\/2026\/04\/26\/ustel-abnin-kibris-meselesindeki-tarafli-yaklasimi-degismedi\/"]}]},{"@type":"ImageObject","inLanguage":"tr","@id":"https:\/\/kuzeyinsesi.org\/index.php\/2026\/04\/26\/ustel-abnin-kibris-meselesindeki-tarafli-yaklasimi-degismedi\/#primaryimage","url":"https:\/\/kuzeyinsesi.org\/wp-content\/uploads\/2026\/04\/basbakan-unal-ustel-3.webp","contentUrl":"https:\/\/kuzeyinsesi.org\/wp-content\/uploads\/2026\/04\/basbakan-unal-ustel-3.webp","width":1280,"height":720},{"@type":"BreadcrumbList","@id":"https:\/\/kuzeyinsesi.org\/index.php\/2026\/04\/26\/ustel-abnin-kibris-meselesindeki-tarafli-yaklasimi-degismedi\/#breadcrumb","itemListElement":[{"@type":"ListItem","position":1,"name":"Anasayfa","item":"https:\/\/kuzeyinsesi.org\/"},{"@type":"ListItem","position":2,"name":"\u00dcstel: AB\u2019nin K\u0131br\u0131s meselesindeki tarafl\u0131 yakla\u015f\u0131m\u0131 de\u011fi\u015fmedi"}]},{"@type":"WebSite","@id":"https:\/\/kuzeyinsesi.org\/#website","url":"https:\/\/kuzeyinsesi.org\/","name":"Kuzeyin Sesi","description":"Do\u011fru Haberin Adresi","potentialAction":[{"@type":"SearchAction","target":{"@type":"EntryPoint","urlTemplate":"https:\/\/kuzeyinsesi.org\/?s={search_term_string}"},"query-input":{"@type":"PropertyValueSpecification","valueRequired":true,"valueName":"search_term_string"}}],"inLanguage":"tr"},{"@type":"Person","@id":"https:\/\/kuzeyinsesi.org\/#\/schema\/person\/9f859689cdf01485597712386e37f5aa","name":"Kuzeyin Sesi","image":{"@type":"ImageObject","inLanguage":"tr","@id":"https:\/\/secure.gravatar.com\/avatar\/bab33852abfd8b282518d6ed81826833d77c3c882d9ab608add591ccace47a44?s=96&d=mm&r=g","url":"https:\/\/secure.gravatar.com\/avatar\/bab33852abfd8b282518d6ed81826833d77c3c882d9ab608add591ccace47a44?s=96&d=mm&r=g","contentUrl":"https:\/\/secure.gravatar.com\/avatar\/bab33852abfd8b282518d6ed81826833d77c3c882d9ab608add591ccace47a44?s=96&d=mm&r=g","caption":"Kuzeyin Sesi"},"sameAs":["https:\/\/kuzeyinsesi.org"],"url":"https:\/\/kuzeyinsesi.org\/index.php\/author\/guven\/"}]}},"_links":{"self":[{"href":"https:\/\/kuzeyinsesi.org\/index.php\/wp-json\/wp\/v2\/posts\/37326","targetHints":{"allow":["GET"]}}],"collection":[{"href":"https:\/\/kuzeyinsesi.org\/index.php\/wp-json\/wp\/v2\/posts"}],"about":[{"href":"https:\/\/kuzeyinsesi.org\/index.php\/wp-json\/wp\/v2\/types\/post"}],"author":[{"embeddable":true,"href":"https:\/\/kuzeyinsesi.org\/index.php\/wp-json\/wp\/v2\/users\/1"}],"replies":[{"embeddable":true,"href":"https:\/\/kuzeyinsesi.org\/index.php\/wp-json\/wp\/v2\/comments?post=37326"}],"version-history":[{"count":0,"href":"https:\/\/kuzeyinsesi.org\/index.php\/wp-json\/wp\/v2\/posts\/37326\/revisions"}],"wp:featuredmedia":[{"embeddable":true,"href":"https:\/\/kuzeyinsesi.org\/index.php\/wp-json\/wp\/v2\/media\/37327"}],"wp:attachment":[{"href":"https:\/\/kuzeyinsesi.org\/index.php\/wp-json\/wp\/v2\/media?parent=37326"}],"wp:term":[{"taxonomy":"category","embeddable":true,"href":"https:\/\/kuzeyinsesi.org\/index.php\/wp-json\/wp\/v2\/categories?post=37326"},{"taxonomy":"post_tag","embeddable":true,"href":"https:\/\/kuzeyinsesi.org\/index.php\/wp-json\/wp\/v2\/tags?post=37326"}],"curies":[{"name":"wp","href":"https:\/\/api.w.org\/{rel}","templated":true}]}}