{"id":37322,"date":"2026-04-26T12:50:59","date_gmt":"2026-04-26T09:50:59","guid":{"rendered":"https:\/\/kuzeyinsesi.org\/index.php\/2026\/04\/26\/trumpin-katildigi-yemekteki-silahli-saldirinin-suphelisinin-kimligi-tespit-edildi\/"},"modified":"2026-04-26T12:50:59","modified_gmt":"2026-04-26T09:50:59","slug":"trumpin-katildigi-yemekteki-silahli-saldirinin-suphelisinin-kimligi-tespit-edildi","status":"publish","type":"post","link":"https:\/\/kuzeyinsesi.org\/index.php\/2026\/04\/26\/trumpin-katildigi-yemekteki-silahli-saldirinin-suphelisinin-kimligi-tespit-edildi\/","title":{"rendered":"Trump&#039;\u0131n kat\u0131ld\u0131\u011f\u0131 yemekteki silahl\u0131 sald\u0131r\u0131n\u0131n \u015f\u00fcphelisinin kimli\u011fi tespit edildi"},"content":{"rendered":"<p><\/p>\n<div>\n<p>&#13;<br \/>\n\tCNN&#8217;in haberinde, <a href=\"https:\/\/www.trthaber.com\/etiket\/beyaz-saray\/\" target=\"_blank\">Beyaz Saray<\/a> Muhabirleri Derne\u011fi taraf\u0131ndan d\u00fczenlenen yeme\u011fe silahl\u0131 sald\u0131r\u0131 ger\u00e7ekle\u015ftiren ki\u015finin 31 ya\u015f\u0131ndaki Cole Tomas Allen oldu\u011funun tespit edildi\u011fi belirtildi.<\/p>\n<p>&#13;<br \/>\n\tHaberde, California Institute of Technology&#8217;de (Caltech) makine m\u00fchendisli\u011fi b\u00f6l\u00fcm\u00fcnden 2017 y\u0131l\u0131nda mezun olan Allen&#8217;\u0131n, ard\u0131ndan California State University-Dominguez Hills&#8217;te bilgisayar m\u00fchendisli\u011fi alan\u0131nda y\u00fcksek lisans\u0131n\u0131 tamamlad\u0131\u011f\u0131 aktar\u0131ld\u0131.<\/p>\n<p>&#13;<br \/>\n\tAllen&#8217;\u0131n s\u0131navlara haz\u0131rl\u0131k ve \u00f6zel ders veren bir kurumda yar\u0131 zamanl\u0131 \u00f6\u011fretmen olarak \u00e7al\u0131\u015ft\u0131\u011f\u0131 vurgulanan haberde, \u015f\u00fcphelinin Aral\u0131k 2024&#8217;te &#8220;ay\u0131n \u00f6\u011fretmeni&#8221; se\u00e7ildi\u011fine i\u015faret edildi.<\/p>\n<p>&#13;<br \/>\n\tHaberde, Allen&#8217;\u0131n Ekim 2024&#8217;te eski <a href=\"https:\/\/www.trthaber.com\/etiket\/abd\/\" target=\"_blank\">ABD<\/a> Ba\u015fkan Yard\u0131mc\u0131s\u0131 Kamala Harris&#8217;in ba\u015fkanl\u0131k kampanyas\u0131na 25 <a href=\"https:\/\/www.trthaber.com\/etiket\/dolar\/\" target=\"_blank\">dolar<\/a> ba\u011f\u0131\u015f yapt\u0131\u011f\u0131n\u0131n belirlendi\u011fine dikkati \u00e7ekildi.<\/p>\n<p>&#13;<br \/>\n\tAllen&#8217;\u0131n sosyal <a href=\"https:\/\/www.trthaber.com\/etiket\/medya\/\" target=\"_blank\">medya<\/a> hesaplar\u0131nda kendisini &#8220;video oyunu geli\u015ftiricisi&#8221; olarak tan\u0131mlad\u0131\u011f\u0131na de\u011finilen haberde, \u015f\u00fcphelinin daha \u00f6nce &#8220;Bohrdom&#8221; adl\u0131 bir <a href=\"https:\/\/www.trthaber.com\/etiket\/oyun\/\" target=\"_blank\">oyun<\/a> yay\u0131mlad\u0131\u011f\u0131, ayr\u0131ca &#8220;First Law&#8221; isimli ikinci bir proje \u00fczerinde \u00e7al\u0131\u015ft\u0131\u011f\u0131 kaydedildi.<\/p>\n<p>&#13;<br \/>\n\t\u00a0<\/p>\n<blockquote class=\"instagram-media\" data-instgrm-captioned=\"\" data-instgrm-permalink=\"https:\/\/www.instagram.com\/reel\/DXle2wxCWoE\/?utm_source=ig_embed&amp;utm_campaign=loading\" data-instgrm-version=\"14\"><p>&#13;<br \/>\n\t&#13;\n<\/p><\/blockquote>\n<h2>&#13;<br \/>\n\tOlaya ba\u015fka birinin kar\u0131\u015ft\u0131\u011f\u0131na dair kan\u0131t yok<\/h2>\n<p>&#13;<br \/>\n\tNBC News&#8217;un haberine g\u00f6re, Washington Belediye Ba\u015fkan\u0131 Muriel Bowser, olay\u0131n ard\u0131ndan d\u00fczenledi\u011fi bas\u0131n toplant\u0131s\u0131nda, \u015f\u00fcphelinin otelin lobisinde bulunan Gizli Servis kontrol noktas\u0131n\u0131 hedef ald\u0131\u011f\u0131n\u0131 a\u00e7\u0131klad\u0131.<\/p>\n<p>&#13;<br \/>\n\tBowser, \u015f\u00fcphelinin Gizli Servis ekiplerince etkisiz hale getirildi\u011fini, olayda bir Gizli Servis ajan\u0131n\u0131n yaraland\u0131\u011f\u0131n\u0131 ve hastanede tedavisinin s\u00fcrd\u00fc\u011f\u00fcn\u00fc bildirdi.<\/p>\n<p>&#13;<br \/>\n\tBelediye Ba\u015fkan\u0131 ayr\u0131ca, &#8220;\u015eu anda ba\u015fka birinin olaya kar\u0131\u015ft\u0131\u011f\u0131na dair elimizde hi\u00e7bir kan\u0131t yok.&#8221; ifadelerini kulland\u0131.<\/p>\n<h2>&#13;<br \/>\n\t\u015e\u00fcpheli otelde konaklayan misafirlerden biri<\/h2>\n<p>&#13;<br \/>\n\tWashington DC Metropolitan <a href=\"https:\/\/www.trthaber.com\/etiket\/polis\/\" target=\"_blank\">Polis<\/a> Departman\u0131 Emniyet M\u00fcd\u00fcr\u00fc Jeffery Carroll, \u015f\u00fcphelinin bir pompal\u0131 t\u00fcfek, bir tabanca ve \u00e7ok say\u0131da b\u0131\u00e7ak bulundurdu\u011funu a\u00e7\u0131klad\u0131.<\/p>\n<p>&#13;<br \/>\n\tCarroll, sald\u0131r\u0131n\u0131n motivasyonuna ili\u015fkin hen\u00fcz net bir de\u011ferlendirme yap\u0131lamad\u0131\u011f\u0131n\u0131 ancak \u015f\u00fcphelinin tek ba\u015f\u0131na hareket etti\u011fini d\u00fc\u015f\u00fcnd\u00fcklerini aktard\u0131.<\/p>\n<p>&#13;<br \/>\n\t\u015e\u00fcphelinin Beyaz Saray Muhabirleri Derne\u011fi yeme\u011finin d\u00fczenlendi\u011fi otelde konaklayan bir misafir oldu\u011funu d\u00fc\u015f\u00fcnd\u00fcklerini aktaran Carroll, \u015f\u00fcpheliye ait oldu\u011fu belirlenen odan\u0131n adli inceleme alt\u0131na al\u0131nd\u0131\u011f\u0131n\u0131 kaydetti.<\/p>\n<p>&#13;<br \/>\n\tWashington DC Savc\u0131s\u0131 Jeanine Pirro ise \u015f\u00fcphelinin ate\u015fli silah kullanmak ve federal bir memura silahla sald\u0131rmakla su\u00e7land\u0131\u011f\u0131n\u0131 belirtti.<\/p>\n<p>&#13;<br \/>\n\tPirro, \u015f\u00fcphelinin yar\u0131n federal mahkemede hakim kar\u015f\u0131s\u0131na \u00e7\u0131kaca\u011f\u0131n\u0131 s\u00f6yledi.<\/p>\n<h2>&#13;<br \/>\n\tBeyaz Saray Muhabirleri Derne\u011fi yeme\u011fine sald\u0131r\u0131<\/h2>\n<p>&#13;<br \/>\n\tBeyaz Saray Muhabirleri Derne\u011fi taraf\u0131ndan d\u00fczenlenen yemekte silah sesleri duyulmas\u0131 \u00fczerine, ABD Ba\u015fkan\u0131 <a href=\"https:\/\/www.trthaber.com\/etiket\/donald-trump\/\" target=\"_blank\">Donald Trump<\/a> korumalar\u0131 taraf\u0131ndan salondan \u00e7\u0131kar\u0131lm\u0131\u015ft\u0131.<\/p>\n<p>&#13;<br \/>\n\tCanl\u0131 yay\u0131nda verilen etkinlikte, yemek servisinin ba\u015flamas\u0131ndan k\u0131sa s\u00fcre sonra sesler y\u00fckselirken, Trump&#8217;\u0131n koruma ekipleri uzun namlulu silahlarla salonda g\u00f6r\u00fclm\u00fc\u015ft\u00fc.<\/p>\n<p>&#13;<br \/>\n\tTrump olay\u0131n ard\u0131ndan <a href=\"https:\/\/www.trthaber.com\/etiket\/sosyal-medya\/\" target=\"_blank\">sosyal medya<\/a> hesab\u0131ndan yapt\u0131\u011f\u0131 payla\u015f\u0131mda, \u015f\u00fcphelinin yakaland\u0131\u011f\u0131n\u0131 duyurmu\u015f, \u015f\u00fcphelinin otel lobisinde elbiseleri \u00e7\u0131kar\u0131lm\u0131\u015f \u015fekilde y\u00fcz\u00fcst\u00fc yatt\u0131\u011f\u0131 g\u00f6r\u00fcnt\u00fcler sosyal medyaya yans\u0131m\u0131\u015ft\u0131.<\/p>\n<p>&#13;<br \/>\n\tOlayda 1 Gizli Servis ajan\u0131n\u0131n yaraland\u0131\u011f\u0131n\u0131 ve durumunun iyi oldu\u011funu aktaran Trump, silahl\u0131 sald\u0131r\u0131n\u0131n <a href=\"https:\/\/www.trthaber.com\/etiket\/iran\/\" target=\"_blank\">\u0130ran<\/a> sava\u015f\u0131yla ba\u011flant\u0131l\u0131 olup olmad\u0131\u011f\u0131 sorusuna &#8220;Sanm\u0131yorum ama asla bilemezsiniz.&#8221; yan\u0131t\u0131n\u0131 vermi\u015fti.<\/p>\n<\/p><\/div>\n<p><script async src=\"\/\/www.instagram.com\/embed.js\"><\/script><\/p>\n","protected":false},"excerpt":{"rendered":"<p>&#13; CNN&#8217;in haberinde, Beyaz Saray Muhabirleri Derne\u011fi taraf\u0131ndan d\u00fczenlenen yeme\u011fe silahl\u0131 sald\u0131r\u0131 ger\u00e7ekle\u015ftiren ki\u015finin 31 ya\u015f\u0131ndaki Cole Tomas Allen oldu\u011funun tespit edildi\u011fi belirtildi. &#13; Haberde, California Institute of Technology&#8217;de (Caltech) makine m\u00fchendisli\u011fi b\u00f6l\u00fcm\u00fcnden 2017 y\u0131l\u0131nda mezun olan Allen&#8217;\u0131n, ard\u0131ndan California State University-Dominguez Hills&#8217;te bilgisayar m\u00fchendisli\u011fi alan\u0131nda y\u00fcksek lisans\u0131n\u0131 tamamlad\u0131\u011f\u0131 aktar\u0131ld\u0131. &#13; Allen&#8217;\u0131n s\u0131navlara haz\u0131rl\u0131k ve [&hellip;]<\/p>\n","protected":false},"author":1,"featured_media":37323,"comment_status":"open","ping_status":"open","sticky":false,"template":"","format":"standard","meta":{"jnews-multi-image_gallery":[],"jnews_single_post":[],"jnews_primary_category":[],"jnews_social_meta":[],"jnews_override_counter":[],"footnotes":""},"categories":[2],"tags":[],"class_list":["post-37322","post","type-post","status-publish","format-standard","has-post-thumbnail","hentry","category-dunya"],"yoast_head":"<!-- This site is optimized with the Yoast SEO plugin v27.4 - https:\/\/yoast.com\/product\/yoast-seo-wordpress\/ -->\n<title>Trump&#039;\u0131n kat\u0131ld\u0131\u011f\u0131 yemekteki silahl\u0131 sald\u0131r\u0131n\u0131n \u015f\u00fcphelisinin kimli\u011fi tespit edildi - Kuzeyin Sesi<\/title>\n<meta name=\"robots\" content=\"index, follow, max-snippet:-1, max-image-preview:large, max-video-preview:-1\" \/>\n<link rel=\"canonical\" href=\"https:\/\/kuzeyinsesi.org\/index.php\/2026\/04\/26\/trumpin-katildigi-yemekteki-silahli-saldirinin-suphelisinin-kimligi-tespit-edildi\/\" \/>\n<meta property=\"og:locale\" content=\"tr_TR\" \/>\n<meta property=\"og:type\" content=\"article\" \/>\n<meta property=\"og:title\" content=\"Trump&#039;\u0131n kat\u0131ld\u0131\u011f\u0131 yemekteki silahl\u0131 sald\u0131r\u0131n\u0131n \u015f\u00fcphelisinin kimli\u011fi tespit edildi - Kuzeyin Sesi\" \/>\n<meta property=\"og:description\" content=\"&#013; CNN&#8217;in haberinde, Beyaz Saray Muhabirleri Derne\u011fi taraf\u0131ndan d\u00fczenlenen yeme\u011fe silahl\u0131 sald\u0131r\u0131 ger\u00e7ekle\u015ftiren ki\u015finin 31 ya\u015f\u0131ndaki Cole Tomas Allen oldu\u011funun tespit edildi\u011fi belirtildi. &#013; Haberde, California Institute of Technology&#8217;de (Caltech) makine m\u00fchendisli\u011fi b\u00f6l\u00fcm\u00fcnden 2017 y\u0131l\u0131nda mezun olan Allen&#8217;\u0131n, ard\u0131ndan California State University-Dominguez Hills&#8217;te bilgisayar m\u00fchendisli\u011fi alan\u0131nda y\u00fcksek lisans\u0131n\u0131 tamamlad\u0131\u011f\u0131 aktar\u0131ld\u0131. &#013; Allen&#8217;\u0131n s\u0131navlara haz\u0131rl\u0131k ve [&hellip;]\" \/>\n<meta property=\"og:url\" content=\"https:\/\/kuzeyinsesi.org\/index.php\/2026\/04\/26\/trumpin-katildigi-yemekteki-silahli-saldirinin-suphelisinin-kimligi-tespit-edildi\/\" \/>\n<meta property=\"og:site_name\" content=\"Kuzeyin Sesi\" \/>\n<meta property=\"article:publisher\" content=\"https:\/\/www.facebook.com\/kuzeyinsesii\" \/>\n<meta property=\"article:published_time\" content=\"2026-04-26T09:50:59+00:00\" \/>\n<meta property=\"og:image\" content=\"https:\/\/trthaberstatic.cdn.wp.trt.com.tr\/resimler\/2456000\/white-house-re-2456437.jpg\" \/>\n<meta name=\"author\" content=\"Kuzeyin Sesi\" \/>\n<meta name=\"twitter:card\" content=\"summary_large_image\" \/>\n<meta name=\"twitter:creator\" content=\"@kuzeyinsesii\" \/>\n<meta name=\"twitter:site\" content=\"@kuzeyinsesii\" \/>\n<meta name=\"twitter:label1\" content=\"Yazan:\" \/>\n\t<meta name=\"twitter:data1\" content=\"Kuzeyin Sesi\" \/>\n\t<meta name=\"twitter:label2\" content=\"Tahmini okuma s\u00fcresi\" \/>\n\t<meta name=\"twitter:data2\" content=\"3 dakika\" \/>\n<script type=\"application\/ld+json\" class=\"yoast-schema-graph\">{\"@context\":\"https:\\\/\\\/schema.org\",\"@graph\":[{\"@type\":\"Article\",\"@id\":\"https:\\\/\\\/kuzeyinsesi.org\\\/index.php\\\/2026\\\/04\\\/26\\\/trumpin-katildigi-yemekteki-silahli-saldirinin-suphelisinin-kimligi-tespit-edildi\\\/#article\",\"isPartOf\":{\"@id\":\"https:\\\/\\\/kuzeyinsesi.org\\\/index.php\\\/2026\\\/04\\\/26\\\/trumpin-katildigi-yemekteki-silahli-saldirinin-suphelisinin-kimligi-tespit-edildi\\\/\"},\"author\":{\"name\":\"Kuzeyin Sesi\",\"@id\":\"https:\\\/\\\/kuzeyinsesi.org\\\/#\\\/schema\\\/person\\\/9f859689cdf01485597712386e37f5aa\"},\"headline\":\"Trump&#039;\u0131n kat\u0131ld\u0131\u011f\u0131 yemekteki silahl\u0131 sald\u0131r\u0131n\u0131n \u015f\u00fcphelisinin kimli\u011fi tespit edildi\",\"datePublished\":\"2026-04-26T09:50:59+00:00\",\"mainEntityOfPage\":{\"@id\":\"https:\\\/\\\/kuzeyinsesi.org\\\/index.php\\\/2026\\\/04\\\/26\\\/trumpin-katildigi-yemekteki-silahli-saldirinin-suphelisinin-kimligi-tespit-edildi\\\/\"},\"wordCount\":565,\"commentCount\":0,\"image\":{\"@id\":\"https:\\\/\\\/kuzeyinsesi.org\\\/index.php\\\/2026\\\/04\\\/26\\\/trumpin-katildigi-yemekteki-silahli-saldirinin-suphelisinin-kimligi-tespit-edildi\\\/#primaryimage\"},\"thumbnailUrl\":\"https:\\\/\\\/kuzeyinsesi.org\\\/wp-content\\\/uploads\\\/2026\\\/04\\\/white-house-re-2456437.jpg\",\"articleSection\":[\"D\u00fcnya\"],\"inLanguage\":\"tr\",\"potentialAction\":[{\"@type\":\"CommentAction\",\"name\":\"Comment\",\"target\":[\"https:\\\/\\\/kuzeyinsesi.org\\\/index.php\\\/2026\\\/04\\\/26\\\/trumpin-katildigi-yemekteki-silahli-saldirinin-suphelisinin-kimligi-tespit-edildi\\\/#respond\"]}]},{\"@type\":\"WebPage\",\"@id\":\"https:\\\/\\\/kuzeyinsesi.org\\\/index.php\\\/2026\\\/04\\\/26\\\/trumpin-katildigi-yemekteki-silahli-saldirinin-suphelisinin-kimligi-tespit-edildi\\\/\",\"url\":\"https:\\\/\\\/kuzeyinsesi.org\\\/index.php\\\/2026\\\/04\\\/26\\\/trumpin-katildigi-yemekteki-silahli-saldirinin-suphelisinin-kimligi-tespit-edildi\\\/\",\"name\":\"Trump&#039;\u0131n kat\u0131ld\u0131\u011f\u0131 yemekteki silahl\u0131 sald\u0131r\u0131n\u0131n \u015f\u00fcphelisinin kimli\u011fi tespit edildi - Kuzeyin Sesi\",\"isPartOf\":{\"@id\":\"https:\\\/\\\/kuzeyinsesi.org\\\/#website\"},\"primaryImageOfPage\":{\"@id\":\"https:\\\/\\\/kuzeyinsesi.org\\\/index.php\\\/2026\\\/04\\\/26\\\/trumpin-katildigi-yemekteki-silahli-saldirinin-suphelisinin-kimligi-tespit-edildi\\\/#primaryimage\"},\"image\":{\"@id\":\"https:\\\/\\\/kuzeyinsesi.org\\\/index.php\\\/2026\\\/04\\\/26\\\/trumpin-katildigi-yemekteki-silahli-saldirinin-suphelisinin-kimligi-tespit-edildi\\\/#primaryimage\"},\"thumbnailUrl\":\"https:\\\/\\\/kuzeyinsesi.org\\\/wp-content\\\/uploads\\\/2026\\\/04\\\/white-house-re-2456437.jpg\",\"datePublished\":\"2026-04-26T09:50:59+00:00\",\"author\":{\"@id\":\"https:\\\/\\\/kuzeyinsesi.org\\\/#\\\/schema\\\/person\\\/9f859689cdf01485597712386e37f5aa\"},\"breadcrumb\":{\"@id\":\"https:\\\/\\\/kuzeyinsesi.org\\\/index.php\\\/2026\\\/04\\\/26\\\/trumpin-katildigi-yemekteki-silahli-saldirinin-suphelisinin-kimligi-tespit-edildi\\\/#breadcrumb\"},\"inLanguage\":\"tr\",\"potentialAction\":[{\"@type\":\"ReadAction\",\"target\":[\"https:\\\/\\\/kuzeyinsesi.org\\\/index.php\\\/2026\\\/04\\\/26\\\/trumpin-katildigi-yemekteki-silahli-saldirinin-suphelisinin-kimligi-tespit-edildi\\\/\"]}]},{\"@type\":\"ImageObject\",\"inLanguage\":\"tr\",\"@id\":\"https:\\\/\\\/kuzeyinsesi.org\\\/index.php\\\/2026\\\/04\\\/26\\\/trumpin-katildigi-yemekteki-silahli-saldirinin-suphelisinin-kimligi-tespit-edildi\\\/#primaryimage\",\"url\":\"https:\\\/\\\/kuzeyinsesi.org\\\/wp-content\\\/uploads\\\/2026\\\/04\\\/white-house-re-2456437.jpg\",\"contentUrl\":\"https:\\\/\\\/kuzeyinsesi.org\\\/wp-content\\\/uploads\\\/2026\\\/04\\\/white-house-re-2456437.jpg\",\"width\":1280,\"height\":720},{\"@type\":\"BreadcrumbList\",\"@id\":\"https:\\\/\\\/kuzeyinsesi.org\\\/index.php\\\/2026\\\/04\\\/26\\\/trumpin-katildigi-yemekteki-silahli-saldirinin-suphelisinin-kimligi-tespit-edildi\\\/#breadcrumb\",\"itemListElement\":[{\"@type\":\"ListItem\",\"position\":1,\"name\":\"Anasayfa\",\"item\":\"https:\\\/\\\/kuzeyinsesi.org\\\/\"},{\"@type\":\"ListItem\",\"position\":2,\"name\":\"Trump&#039;\u0131n kat\u0131ld\u0131\u011f\u0131 yemekteki silahl\u0131 sald\u0131r\u0131n\u0131n \u015f\u00fcphelisinin kimli\u011fi tespit edildi\"}]},{\"@type\":\"WebSite\",\"@id\":\"https:\\\/\\\/kuzeyinsesi.org\\\/#website\",\"url\":\"https:\\\/\\\/kuzeyinsesi.org\\\/\",\"name\":\"Kuzeyin Sesi\",\"description\":\"Do\u011fru Haberin Adresi\",\"potentialAction\":[{\"@type\":\"SearchAction\",\"target\":{\"@type\":\"EntryPoint\",\"urlTemplate\":\"https:\\\/\\\/kuzeyinsesi.org\\\/?s={search_term_string}\"},\"query-input\":{\"@type\":\"PropertyValueSpecification\",\"valueRequired\":true,\"valueName\":\"search_term_string\"}}],\"inLanguage\":\"tr\"},{\"@type\":\"Person\",\"@id\":\"https:\\\/\\\/kuzeyinsesi.org\\\/#\\\/schema\\\/person\\\/9f859689cdf01485597712386e37f5aa\",\"name\":\"Kuzeyin Sesi\",\"image\":{\"@type\":\"ImageObject\",\"inLanguage\":\"tr\",\"@id\":\"https:\\\/\\\/secure.gravatar.com\\\/avatar\\\/bab33852abfd8b282518d6ed81826833d77c3c882d9ab608add591ccace47a44?s=96&d=mm&r=g\",\"url\":\"https:\\\/\\\/secure.gravatar.com\\\/avatar\\\/bab33852abfd8b282518d6ed81826833d77c3c882d9ab608add591ccace47a44?s=96&d=mm&r=g\",\"contentUrl\":\"https:\\\/\\\/secure.gravatar.com\\\/avatar\\\/bab33852abfd8b282518d6ed81826833d77c3c882d9ab608add591ccace47a44?s=96&d=mm&r=g\",\"caption\":\"Kuzeyin Sesi\"},\"sameAs\":[\"https:\\\/\\\/kuzeyinsesi.org\"],\"url\":\"https:\\\/\\\/kuzeyinsesi.org\\\/index.php\\\/author\\\/guven\\\/\"}]}<\/script>\n<!-- \/ Yoast SEO plugin. -->","yoast_head_json":{"title":"Trump&#039;\u0131n kat\u0131ld\u0131\u011f\u0131 yemekteki silahl\u0131 sald\u0131r\u0131n\u0131n \u015f\u00fcphelisinin kimli\u011fi tespit edildi - Kuzeyin Sesi","robots":{"index":"index","follow":"follow","max-snippet":"max-snippet:-1","max-image-preview":"max-image-preview:large","max-video-preview":"max-video-preview:-1"},"canonical":"https:\/\/kuzeyinsesi.org\/index.php\/2026\/04\/26\/trumpin-katildigi-yemekteki-silahli-saldirinin-suphelisinin-kimligi-tespit-edildi\/","og_locale":"tr_TR","og_type":"article","og_title":"Trump&#039;\u0131n kat\u0131ld\u0131\u011f\u0131 yemekteki silahl\u0131 sald\u0131r\u0131n\u0131n \u015f\u00fcphelisinin kimli\u011fi tespit edildi - Kuzeyin Sesi","og_description":"&#13; CNN&#8217;in haberinde, Beyaz Saray Muhabirleri Derne\u011fi taraf\u0131ndan d\u00fczenlenen yeme\u011fe silahl\u0131 sald\u0131r\u0131 ger\u00e7ekle\u015ftiren ki\u015finin 31 ya\u015f\u0131ndaki Cole Tomas Allen oldu\u011funun tespit edildi\u011fi belirtildi. &#13; Haberde, California Institute of Technology&#8217;de (Caltech) makine m\u00fchendisli\u011fi b\u00f6l\u00fcm\u00fcnden 2017 y\u0131l\u0131nda mezun olan Allen&#8217;\u0131n, ard\u0131ndan California State University-Dominguez Hills&#8217;te bilgisayar m\u00fchendisli\u011fi alan\u0131nda y\u00fcksek lisans\u0131n\u0131 tamamlad\u0131\u011f\u0131 aktar\u0131ld\u0131. &#13; Allen&#8217;\u0131n s\u0131navlara haz\u0131rl\u0131k ve [&hellip;]","og_url":"https:\/\/kuzeyinsesi.org\/index.php\/2026\/04\/26\/trumpin-katildigi-yemekteki-silahli-saldirinin-suphelisinin-kimligi-tespit-edildi\/","og_site_name":"Kuzeyin Sesi","article_publisher":"https:\/\/www.facebook.com\/kuzeyinsesii","article_published_time":"2026-04-26T09:50:59+00:00","og_image":[{"url":"https:\/\/trthaberstatic.cdn.wp.trt.com.tr\/resimler\/2456000\/white-house-re-2456437.jpg","type":"","width":"","height":""}],"author":"Kuzeyin Sesi","twitter_card":"summary_large_image","twitter_creator":"@kuzeyinsesii","twitter_site":"@kuzeyinsesii","twitter_misc":{"Yazan:":"Kuzeyin Sesi","Tahmini okuma s\u00fcresi":"3 dakika"},"schema":{"@context":"https:\/\/schema.org","@graph":[{"@type":"Article","@id":"https:\/\/kuzeyinsesi.org\/index.php\/2026\/04\/26\/trumpin-katildigi-yemekteki-silahli-saldirinin-suphelisinin-kimligi-tespit-edildi\/#article","isPartOf":{"@id":"https:\/\/kuzeyinsesi.org\/index.php\/2026\/04\/26\/trumpin-katildigi-yemekteki-silahli-saldirinin-suphelisinin-kimligi-tespit-edildi\/"},"author":{"name":"Kuzeyin Sesi","@id":"https:\/\/kuzeyinsesi.org\/#\/schema\/person\/9f859689cdf01485597712386e37f5aa"},"headline":"Trump&#039;\u0131n kat\u0131ld\u0131\u011f\u0131 yemekteki silahl\u0131 sald\u0131r\u0131n\u0131n \u015f\u00fcphelisinin kimli\u011fi tespit edildi","datePublished":"2026-04-26T09:50:59+00:00","mainEntityOfPage":{"@id":"https:\/\/kuzeyinsesi.org\/index.php\/2026\/04\/26\/trumpin-katildigi-yemekteki-silahli-saldirinin-suphelisinin-kimligi-tespit-edildi\/"},"wordCount":565,"commentCount":0,"image":{"@id":"https:\/\/kuzeyinsesi.org\/index.php\/2026\/04\/26\/trumpin-katildigi-yemekteki-silahli-saldirinin-suphelisinin-kimligi-tespit-edildi\/#primaryimage"},"thumbnailUrl":"https:\/\/kuzeyinsesi.org\/wp-content\/uploads\/2026\/04\/white-house-re-2456437.jpg","articleSection":["D\u00fcnya"],"inLanguage":"tr","potentialAction":[{"@type":"CommentAction","name":"Comment","target":["https:\/\/kuzeyinsesi.org\/index.php\/2026\/04\/26\/trumpin-katildigi-yemekteki-silahli-saldirinin-suphelisinin-kimligi-tespit-edildi\/#respond"]}]},{"@type":"WebPage","@id":"https:\/\/kuzeyinsesi.org\/index.php\/2026\/04\/26\/trumpin-katildigi-yemekteki-silahli-saldirinin-suphelisinin-kimligi-tespit-edildi\/","url":"https:\/\/kuzeyinsesi.org\/index.php\/2026\/04\/26\/trumpin-katildigi-yemekteki-silahli-saldirinin-suphelisinin-kimligi-tespit-edildi\/","name":"Trump&#039;\u0131n kat\u0131ld\u0131\u011f\u0131 yemekteki silahl\u0131 sald\u0131r\u0131n\u0131n \u015f\u00fcphelisinin kimli\u011fi tespit edildi - Kuzeyin Sesi","isPartOf":{"@id":"https:\/\/kuzeyinsesi.org\/#website"},"primaryImageOfPage":{"@id":"https:\/\/kuzeyinsesi.org\/index.php\/2026\/04\/26\/trumpin-katildigi-yemekteki-silahli-saldirinin-suphelisinin-kimligi-tespit-edildi\/#primaryimage"},"image":{"@id":"https:\/\/kuzeyinsesi.org\/index.php\/2026\/04\/26\/trumpin-katildigi-yemekteki-silahli-saldirinin-suphelisinin-kimligi-tespit-edildi\/#primaryimage"},"thumbnailUrl":"https:\/\/kuzeyinsesi.org\/wp-content\/uploads\/2026\/04\/white-house-re-2456437.jpg","datePublished":"2026-04-26T09:50:59+00:00","author":{"@id":"https:\/\/kuzeyinsesi.org\/#\/schema\/person\/9f859689cdf01485597712386e37f5aa"},"breadcrumb":{"@id":"https:\/\/kuzeyinsesi.org\/index.php\/2026\/04\/26\/trumpin-katildigi-yemekteki-silahli-saldirinin-suphelisinin-kimligi-tespit-edildi\/#breadcrumb"},"inLanguage":"tr","potentialAction":[{"@type":"ReadAction","target":["https:\/\/kuzeyinsesi.org\/index.php\/2026\/04\/26\/trumpin-katildigi-yemekteki-silahli-saldirinin-suphelisinin-kimligi-tespit-edildi\/"]}]},{"@type":"ImageObject","inLanguage":"tr","@id":"https:\/\/kuzeyinsesi.org\/index.php\/2026\/04\/26\/trumpin-katildigi-yemekteki-silahli-saldirinin-suphelisinin-kimligi-tespit-edildi\/#primaryimage","url":"https:\/\/kuzeyinsesi.org\/wp-content\/uploads\/2026\/04\/white-house-re-2456437.jpg","contentUrl":"https:\/\/kuzeyinsesi.org\/wp-content\/uploads\/2026\/04\/white-house-re-2456437.jpg","width":1280,"height":720},{"@type":"BreadcrumbList","@id":"https:\/\/kuzeyinsesi.org\/index.php\/2026\/04\/26\/trumpin-katildigi-yemekteki-silahli-saldirinin-suphelisinin-kimligi-tespit-edildi\/#breadcrumb","itemListElement":[{"@type":"ListItem","position":1,"name":"Anasayfa","item":"https:\/\/kuzeyinsesi.org\/"},{"@type":"ListItem","position":2,"name":"Trump&#039;\u0131n kat\u0131ld\u0131\u011f\u0131 yemekteki silahl\u0131 sald\u0131r\u0131n\u0131n \u015f\u00fcphelisinin kimli\u011fi tespit edildi"}]},{"@type":"WebSite","@id":"https:\/\/kuzeyinsesi.org\/#website","url":"https:\/\/kuzeyinsesi.org\/","name":"Kuzeyin Sesi","description":"Do\u011fru Haberin Adresi","potentialAction":[{"@type":"SearchAction","target":{"@type":"EntryPoint","urlTemplate":"https:\/\/kuzeyinsesi.org\/?s={search_term_string}"},"query-input":{"@type":"PropertyValueSpecification","valueRequired":true,"valueName":"search_term_string"}}],"inLanguage":"tr"},{"@type":"Person","@id":"https:\/\/kuzeyinsesi.org\/#\/schema\/person\/9f859689cdf01485597712386e37f5aa","name":"Kuzeyin Sesi","image":{"@type":"ImageObject","inLanguage":"tr","@id":"https:\/\/secure.gravatar.com\/avatar\/bab33852abfd8b282518d6ed81826833d77c3c882d9ab608add591ccace47a44?s=96&d=mm&r=g","url":"https:\/\/secure.gravatar.com\/avatar\/bab33852abfd8b282518d6ed81826833d77c3c882d9ab608add591ccace47a44?s=96&d=mm&r=g","contentUrl":"https:\/\/secure.gravatar.com\/avatar\/bab33852abfd8b282518d6ed81826833d77c3c882d9ab608add591ccace47a44?s=96&d=mm&r=g","caption":"Kuzeyin Sesi"},"sameAs":["https:\/\/kuzeyinsesi.org"],"url":"https:\/\/kuzeyinsesi.org\/index.php\/author\/guven\/"}]}},"_links":{"self":[{"href":"https:\/\/kuzeyinsesi.org\/index.php\/wp-json\/wp\/v2\/posts\/37322","targetHints":{"allow":["GET"]}}],"collection":[{"href":"https:\/\/kuzeyinsesi.org\/index.php\/wp-json\/wp\/v2\/posts"}],"about":[{"href":"https:\/\/kuzeyinsesi.org\/index.php\/wp-json\/wp\/v2\/types\/post"}],"author":[{"embeddable":true,"href":"https:\/\/kuzeyinsesi.org\/index.php\/wp-json\/wp\/v2\/users\/1"}],"replies":[{"embeddable":true,"href":"https:\/\/kuzeyinsesi.org\/index.php\/wp-json\/wp\/v2\/comments?post=37322"}],"version-history":[{"count":0,"href":"https:\/\/kuzeyinsesi.org\/index.php\/wp-json\/wp\/v2\/posts\/37322\/revisions"}],"wp:featuredmedia":[{"embeddable":true,"href":"https:\/\/kuzeyinsesi.org\/index.php\/wp-json\/wp\/v2\/media\/37323"}],"wp:attachment":[{"href":"https:\/\/kuzeyinsesi.org\/index.php\/wp-json\/wp\/v2\/media?parent=37322"}],"wp:term":[{"taxonomy":"category","embeddable":true,"href":"https:\/\/kuzeyinsesi.org\/index.php\/wp-json\/wp\/v2\/categories?post=37322"},{"taxonomy":"post_tag","embeddable":true,"href":"https:\/\/kuzeyinsesi.org\/index.php\/wp-json\/wp\/v2\/tags?post=37322"}],"curies":[{"name":"wp","href":"https:\/\/api.w.org\/{rel}","templated":true}]}}