{"id":37316,"date":"2026-04-26T11:56:18","date_gmt":"2026-04-26T08:56:18","guid":{"rendered":"https:\/\/kuzeyinsesi.org\/index.php\/2026\/04\/26\/dis-basin-birligi-tgf-70-baskanlar-konseyi-toplantisinda-temsil-edildi\/"},"modified":"2026-04-26T11:56:18","modified_gmt":"2026-04-26T08:56:18","slug":"dis-basin-birligi-tgf-70-baskanlar-konseyi-toplantisinda-temsil-edildi","status":"publish","type":"post","link":"https:\/\/kuzeyinsesi.org\/index.php\/2026\/04\/26\/dis-basin-birligi-tgf-70-baskanlar-konseyi-toplantisinda-temsil-edildi\/","title":{"rendered":"D\u0131\u015f Bas\u0131n Birli\u011fi, TGF 70. Ba\u015fkanlar Konseyi Toplant\u0131s\u0131nda temsil edildi"},"content":{"rendered":"<p>T\u00fcrkiye\u2019nin en b\u00fcy\u00fck bas\u0131n meslek kurulu\u015fu olan ve KKTC D\u0131\u015f Bas\u0131n Birli\u011fi\u2019nin de \u00fcyesi oldu\u011fu T\u00fcrkiye Gazeteciler Federasyonu\u2019nun (TGF) 70. Ba\u015fkanlar Konseyi toplant\u0131s\u0131, 75. kurulu\u015f y\u0131l\u0131n\u0131 kutlayan Eski\u015fehir Gazeteciler Cemiyeti\u2019nin ev sahipli\u011finde 23-25 Nisan tarihlerinde ger\u00e7ekle\u015ftirildi.<\/p>\n<p>T\u00fcrkiye\u2019den 60 il, KKTC, Azerbaycan ve Almanya\u2019dan 125 gazetecinin kat\u0131ld\u0131\u011f\u0131 70. Ba\u015fkanlar Konseyi toplant\u0131s\u0131na, KKTC D\u0131\u015f Bas\u0131n Birli\u011fi ad\u0131na,Y\u00f6netim Kurulu \u00fcyesi Z\u00fcleyha Karaman kat\u0131ld\u0131.<\/p>\n<p>Toplant\u0131 kapsam\u0131nda, T\u00fcrkiye Gazeteciler Cemiyetleri Bas\u0131n Vakf\u0131 Genel Kurulu da yap\u0131ld\u0131. Z\u00fcleyha Karaman, Bas\u0131n Vakf\u0131\u2019n\u0131n Dan\u0131\u015fma Kurulu \u00fcyeli\u011fine se\u00e7ildi.<\/p>\n<p>Z\u00fcleyha Karaman, toplant\u0131da yapt\u0131\u011f\u0131 konu\u015fmada, 70. Ba\u015fkanlar Konseyi toplas\u0131n\u0131n ba\u015far\u0131l\u0131 ge\u00e7mesi dile\u011fini ve Eski\u015fehir Gazeteciler Cemiyetinin 75. y\u0131l\u0131n\u0131 kutlama mesaj\u0131n\u0131 iletti.<\/p>\n<p>T\u00fcrk bas\u0131n\u0131n\u0131n ge\u00e7mi\u015fte, K\u0131br\u0131s T\u00fcrk Halk\u0131n\u0131n hakl\u0131 sesinin duyurulmas\u0131na ve varolu\u015f m\u00fccadelesine b\u00fcy\u00fck destek verdi\u011fi hat\u0131rlatmas\u0131 yapan Z\u00fcleyha Karaman, devam eden hakl\u0131 m\u00fccadeleye \u015fimdi de gelecekte de ayn\u0131 kararl\u0131 deste\u011fin verilece\u011finden \u015f\u00fcphesinin olmad\u0131\u011f\u0131n\u0131 s\u00f6yledi.<\/p>\n<p>TGF Genel Ba\u015fkan\u0131 ve Eski\u015fehir Gazeteciler Cemiyeti Ba\u015fkan\u0131 Y\u0131lmaz Karaca, toplant\u0131larda yapt\u0131\u011f\u0131 konu\u015fmada, bas\u0131n\u0131n sorunlar\u0131n\u0131n \u00e7\u00f6z\u00fcm\u00fcnde meslek kurulu\u015flar\u0131 aras\u0131ndaki g\u00fc\u00e7 birli\u011finin \u00f6nemine de\u011findi. KKTC\u2019ye \u00f6nem verdiklerini ifade eden Karaca, toplant\u0131ya kat\u0131l\u0131m\u0131ndan dolay\u0131 KKTC D\u0131\u015f Bas\u0131n Birli\u011fi\u2019ne te\u015fekk\u00fcr etti.<\/p>\n<p>Toplant\u0131ya kat\u0131lan Eski\u015fehir B\u00fcy\u00fck\u015fehir Belediye Ba\u015fkan\u0131 Ay\u015fe \u00dcnl\u00fcce, \u201c2026 Eski\u015fehir Y\u0131l\u0131 Vizyon Projeleri\u201dni anlatt\u0131.<\/p>\n<p>Toplant\u0131lar s\u00fcresince bas\u0131n\u0131n g\u00fcncel sorunlar\u0131 ve \u00e7\u00f6z\u00fcm \u00f6nerileri tart\u0131\u015f\u0131ld\u0131.<\/p>\n<p>\u00dc\u00e7 g\u00fcn s\u00fcren etkinlikte, Eski\u015fehir Valisi Erdin\u00e7 Y\u0131lmaz makam\u0131nda ziyaret edildi, gazetecilere Eski\u015fehir\u2019in tarihi ve turistik yerleri gezdirildi.<\/p>\n","protected":false},"excerpt":{"rendered":"<p>T\u00fcrkiye\u2019nin en b\u00fcy\u00fck bas\u0131n meslek kurulu\u015fu olan ve KKTC D\u0131\u015f Bas\u0131n Birli\u011fi\u2019nin de \u00fcyesi oldu\u011fu T\u00fcrkiye Gazeteciler Federasyonu\u2019nun (TGF) 70. Ba\u015fkanlar Konseyi toplant\u0131s\u0131, 75. kurulu\u015f y\u0131l\u0131n\u0131 kutlayan Eski\u015fehir Gazeteciler Cemiyeti\u2019nin ev sahipli\u011finde 23-25 Nisan tarihlerinde ger\u00e7ekle\u015ftirildi. T\u00fcrkiye\u2019den 60 il, KKTC, Azerbaycan ve Almanya\u2019dan 125 gazetecinin kat\u0131ld\u0131\u011f\u0131 70. Ba\u015fkanlar Konseyi toplant\u0131s\u0131na, KKTC D\u0131\u015f Bas\u0131n Birli\u011fi ad\u0131na,Y\u00f6netim [&hellip;]<\/p>\n","protected":false},"author":1,"featured_media":37317,"comment_status":"open","ping_status":"open","sticky":false,"template":"","format":"standard","meta":{"jnews-multi-image_gallery":[],"jnews_single_post":[],"jnews_primary_category":[],"jnews_social_meta":[],"jnews_override_counter":[],"footnotes":""},"categories":[1],"tags":[],"class_list":["post-37316","post","type-post","status-publish","format-standard","has-post-thumbnail","hentry","category-kibris"],"yoast_head":"<!-- This site is optimized with the Yoast SEO plugin v27.4 - https:\/\/yoast.com\/product\/yoast-seo-wordpress\/ -->\n<title>D\u0131\u015f Bas\u0131n Birli\u011fi, TGF 70. Ba\u015fkanlar Konseyi Toplant\u0131s\u0131nda temsil edildi - Kuzeyin Sesi<\/title>\n<meta name=\"robots\" content=\"index, follow, max-snippet:-1, max-image-preview:large, max-video-preview:-1\" \/>\n<link rel=\"canonical\" href=\"https:\/\/kuzeyinsesi.org\/index.php\/2026\/04\/26\/dis-basin-birligi-tgf-70-baskanlar-konseyi-toplantisinda-temsil-edildi\/\" \/>\n<meta property=\"og:locale\" content=\"tr_TR\" \/>\n<meta property=\"og:type\" content=\"article\" \/>\n<meta property=\"og:title\" content=\"D\u0131\u015f Bas\u0131n Birli\u011fi, TGF 70. Ba\u015fkanlar Konseyi Toplant\u0131s\u0131nda temsil edildi - Kuzeyin Sesi\" \/>\n<meta property=\"og:description\" content=\"T\u00fcrkiye\u2019nin en b\u00fcy\u00fck bas\u0131n meslek kurulu\u015fu olan ve KKTC D\u0131\u015f Bas\u0131n Birli\u011fi\u2019nin de \u00fcyesi oldu\u011fu T\u00fcrkiye Gazeteciler Federasyonu\u2019nun (TGF) 70. Ba\u015fkanlar Konseyi toplant\u0131s\u0131, 75. kurulu\u015f y\u0131l\u0131n\u0131 kutlayan Eski\u015fehir Gazeteciler Cemiyeti\u2019nin ev sahipli\u011finde 23-25 Nisan tarihlerinde ger\u00e7ekle\u015ftirildi. T\u00fcrkiye\u2019den 60 il, KKTC, Azerbaycan ve Almanya\u2019dan 125 gazetecinin kat\u0131ld\u0131\u011f\u0131 70. Ba\u015fkanlar Konseyi toplant\u0131s\u0131na, KKTC D\u0131\u015f Bas\u0131n Birli\u011fi ad\u0131na,Y\u00f6netim [&hellip;]\" \/>\n<meta property=\"og:url\" content=\"https:\/\/kuzeyinsesi.org\/index.php\/2026\/04\/26\/dis-basin-birligi-tgf-70-baskanlar-konseyi-toplantisinda-temsil-edildi\/\" \/>\n<meta property=\"og:site_name\" content=\"Kuzeyin Sesi\" \/>\n<meta property=\"article:publisher\" content=\"https:\/\/www.facebook.com\/kuzeyinsesii\" \/>\n<meta property=\"article:published_time\" content=\"2026-04-26T08:56:18+00:00\" \/>\n<meta name=\"author\" content=\"Kuzeyin Sesi\" \/>\n<meta name=\"twitter:card\" content=\"summary_large_image\" \/>\n<meta name=\"twitter:creator\" content=\"@kuzeyinsesii\" \/>\n<meta name=\"twitter:site\" content=\"@kuzeyinsesii\" \/>\n<meta name=\"twitter:label1\" content=\"Yazan:\" \/>\n\t<meta name=\"twitter:data1\" content=\"Kuzeyin Sesi\" \/>\n\t<meta name=\"twitter:label2\" content=\"Tahmini okuma s\u00fcresi\" \/>\n\t<meta name=\"twitter:data2\" content=\"2 dakika\" \/>\n<script type=\"application\/ld+json\" class=\"yoast-schema-graph\">{\"@context\":\"https:\\\/\\\/schema.org\",\"@graph\":[{\"@type\":\"Article\",\"@id\":\"https:\\\/\\\/kuzeyinsesi.org\\\/index.php\\\/2026\\\/04\\\/26\\\/dis-basin-birligi-tgf-70-baskanlar-konseyi-toplantisinda-temsil-edildi\\\/#article\",\"isPartOf\":{\"@id\":\"https:\\\/\\\/kuzeyinsesi.org\\\/index.php\\\/2026\\\/04\\\/26\\\/dis-basin-birligi-tgf-70-baskanlar-konseyi-toplantisinda-temsil-edildi\\\/\"},\"author\":{\"name\":\"Kuzeyin Sesi\",\"@id\":\"https:\\\/\\\/kuzeyinsesi.org\\\/#\\\/schema\\\/person\\\/9f859689cdf01485597712386e37f5aa\"},\"headline\":\"D\u0131\u015f Bas\u0131n Birli\u011fi, TGF 70. Ba\u015fkanlar Konseyi Toplant\u0131s\u0131nda temsil edildi\",\"datePublished\":\"2026-04-26T08:56:18+00:00\",\"mainEntityOfPage\":{\"@id\":\"https:\\\/\\\/kuzeyinsesi.org\\\/index.php\\\/2026\\\/04\\\/26\\\/dis-basin-birligi-tgf-70-baskanlar-konseyi-toplantisinda-temsil-edildi\\\/\"},\"wordCount\":353,\"commentCount\":0,\"image\":{\"@id\":\"https:\\\/\\\/kuzeyinsesi.org\\\/index.php\\\/2026\\\/04\\\/26\\\/dis-basin-birligi-tgf-70-baskanlar-konseyi-toplantisinda-temsil-edildi\\\/#primaryimage\"},\"thumbnailUrl\":\"https:\\\/\\\/kuzeyinsesi.org\\\/wp-content\\\/uploads\\\/2026\\\/04\\\/WhatsApp-Image-2026-04-26-at-11.26.17.jpeg\",\"articleSection\":[\"K\u0131br\u0131s\"],\"inLanguage\":\"tr\",\"potentialAction\":[{\"@type\":\"CommentAction\",\"name\":\"Comment\",\"target\":[\"https:\\\/\\\/kuzeyinsesi.org\\\/index.php\\\/2026\\\/04\\\/26\\\/dis-basin-birligi-tgf-70-baskanlar-konseyi-toplantisinda-temsil-edildi\\\/#respond\"]}]},{\"@type\":\"WebPage\",\"@id\":\"https:\\\/\\\/kuzeyinsesi.org\\\/index.php\\\/2026\\\/04\\\/26\\\/dis-basin-birligi-tgf-70-baskanlar-konseyi-toplantisinda-temsil-edildi\\\/\",\"url\":\"https:\\\/\\\/kuzeyinsesi.org\\\/index.php\\\/2026\\\/04\\\/26\\\/dis-basin-birligi-tgf-70-baskanlar-konseyi-toplantisinda-temsil-edildi\\\/\",\"name\":\"D\u0131\u015f Bas\u0131n Birli\u011fi, TGF 70. Ba\u015fkanlar Konseyi Toplant\u0131s\u0131nda temsil edildi - Kuzeyin Sesi\",\"isPartOf\":{\"@id\":\"https:\\\/\\\/kuzeyinsesi.org\\\/#website\"},\"primaryImageOfPage\":{\"@id\":\"https:\\\/\\\/kuzeyinsesi.org\\\/index.php\\\/2026\\\/04\\\/26\\\/dis-basin-birligi-tgf-70-baskanlar-konseyi-toplantisinda-temsil-edildi\\\/#primaryimage\"},\"image\":{\"@id\":\"https:\\\/\\\/kuzeyinsesi.org\\\/index.php\\\/2026\\\/04\\\/26\\\/dis-basin-birligi-tgf-70-baskanlar-konseyi-toplantisinda-temsil-edildi\\\/#primaryimage\"},\"thumbnailUrl\":\"https:\\\/\\\/kuzeyinsesi.org\\\/wp-content\\\/uploads\\\/2026\\\/04\\\/WhatsApp-Image-2026-04-26-at-11.26.17.jpeg\",\"datePublished\":\"2026-04-26T08:56:18+00:00\",\"author\":{\"@id\":\"https:\\\/\\\/kuzeyinsesi.org\\\/#\\\/schema\\\/person\\\/9f859689cdf01485597712386e37f5aa\"},\"breadcrumb\":{\"@id\":\"https:\\\/\\\/kuzeyinsesi.org\\\/index.php\\\/2026\\\/04\\\/26\\\/dis-basin-birligi-tgf-70-baskanlar-konseyi-toplantisinda-temsil-edildi\\\/#breadcrumb\"},\"inLanguage\":\"tr\",\"potentialAction\":[{\"@type\":\"ReadAction\",\"target\":[\"https:\\\/\\\/kuzeyinsesi.org\\\/index.php\\\/2026\\\/04\\\/26\\\/dis-basin-birligi-tgf-70-baskanlar-konseyi-toplantisinda-temsil-edildi\\\/\"]}]},{\"@type\":\"ImageObject\",\"inLanguage\":\"tr\",\"@id\":\"https:\\\/\\\/kuzeyinsesi.org\\\/index.php\\\/2026\\\/04\\\/26\\\/dis-basin-birligi-tgf-70-baskanlar-konseyi-toplantisinda-temsil-edildi\\\/#primaryimage\",\"url\":\"https:\\\/\\\/kuzeyinsesi.org\\\/wp-content\\\/uploads\\\/2026\\\/04\\\/WhatsApp-Image-2026-04-26-at-11.26.17.jpeg\",\"contentUrl\":\"https:\\\/\\\/kuzeyinsesi.org\\\/wp-content\\\/uploads\\\/2026\\\/04\\\/WhatsApp-Image-2026-04-26-at-11.26.17.jpeg\",\"width\":1600,\"height\":1200},{\"@type\":\"BreadcrumbList\",\"@id\":\"https:\\\/\\\/kuzeyinsesi.org\\\/index.php\\\/2026\\\/04\\\/26\\\/dis-basin-birligi-tgf-70-baskanlar-konseyi-toplantisinda-temsil-edildi\\\/#breadcrumb\",\"itemListElement\":[{\"@type\":\"ListItem\",\"position\":1,\"name\":\"Anasayfa\",\"item\":\"https:\\\/\\\/kuzeyinsesi.org\\\/\"},{\"@type\":\"ListItem\",\"position\":2,\"name\":\"D\u0131\u015f Bas\u0131n Birli\u011fi, TGF 70. Ba\u015fkanlar Konseyi Toplant\u0131s\u0131nda temsil edildi\"}]},{\"@type\":\"WebSite\",\"@id\":\"https:\\\/\\\/kuzeyinsesi.org\\\/#website\",\"url\":\"https:\\\/\\\/kuzeyinsesi.org\\\/\",\"name\":\"Kuzeyin Sesi\",\"description\":\"Do\u011fru Haberin Adresi\",\"potentialAction\":[{\"@type\":\"SearchAction\",\"target\":{\"@type\":\"EntryPoint\",\"urlTemplate\":\"https:\\\/\\\/kuzeyinsesi.org\\\/?s={search_term_string}\"},\"query-input\":{\"@type\":\"PropertyValueSpecification\",\"valueRequired\":true,\"valueName\":\"search_term_string\"}}],\"inLanguage\":\"tr\"},{\"@type\":\"Person\",\"@id\":\"https:\\\/\\\/kuzeyinsesi.org\\\/#\\\/schema\\\/person\\\/9f859689cdf01485597712386e37f5aa\",\"name\":\"Kuzeyin Sesi\",\"image\":{\"@type\":\"ImageObject\",\"inLanguage\":\"tr\",\"@id\":\"https:\\\/\\\/secure.gravatar.com\\\/avatar\\\/bab33852abfd8b282518d6ed81826833d77c3c882d9ab608add591ccace47a44?s=96&d=mm&r=g\",\"url\":\"https:\\\/\\\/secure.gravatar.com\\\/avatar\\\/bab33852abfd8b282518d6ed81826833d77c3c882d9ab608add591ccace47a44?s=96&d=mm&r=g\",\"contentUrl\":\"https:\\\/\\\/secure.gravatar.com\\\/avatar\\\/bab33852abfd8b282518d6ed81826833d77c3c882d9ab608add591ccace47a44?s=96&d=mm&r=g\",\"caption\":\"Kuzeyin Sesi\"},\"sameAs\":[\"https:\\\/\\\/kuzeyinsesi.org\"],\"url\":\"https:\\\/\\\/kuzeyinsesi.org\\\/index.php\\\/author\\\/guven\\\/\"}]}<\/script>\n<!-- \/ Yoast SEO plugin. -->","yoast_head_json":{"title":"D\u0131\u015f Bas\u0131n Birli\u011fi, TGF 70. Ba\u015fkanlar Konseyi Toplant\u0131s\u0131nda temsil edildi - Kuzeyin Sesi","robots":{"index":"index","follow":"follow","max-snippet":"max-snippet:-1","max-image-preview":"max-image-preview:large","max-video-preview":"max-video-preview:-1"},"canonical":"https:\/\/kuzeyinsesi.org\/index.php\/2026\/04\/26\/dis-basin-birligi-tgf-70-baskanlar-konseyi-toplantisinda-temsil-edildi\/","og_locale":"tr_TR","og_type":"article","og_title":"D\u0131\u015f Bas\u0131n Birli\u011fi, TGF 70. Ba\u015fkanlar Konseyi Toplant\u0131s\u0131nda temsil edildi - Kuzeyin Sesi","og_description":"T\u00fcrkiye\u2019nin en b\u00fcy\u00fck bas\u0131n meslek kurulu\u015fu olan ve KKTC D\u0131\u015f Bas\u0131n Birli\u011fi\u2019nin de \u00fcyesi oldu\u011fu T\u00fcrkiye Gazeteciler Federasyonu\u2019nun (TGF) 70. Ba\u015fkanlar Konseyi toplant\u0131s\u0131, 75. kurulu\u015f y\u0131l\u0131n\u0131 kutlayan Eski\u015fehir Gazeteciler Cemiyeti\u2019nin ev sahipli\u011finde 23-25 Nisan tarihlerinde ger\u00e7ekle\u015ftirildi. T\u00fcrkiye\u2019den 60 il, KKTC, Azerbaycan ve Almanya\u2019dan 125 gazetecinin kat\u0131ld\u0131\u011f\u0131 70. Ba\u015fkanlar Konseyi toplant\u0131s\u0131na, KKTC D\u0131\u015f Bas\u0131n Birli\u011fi ad\u0131na,Y\u00f6netim [&hellip;]","og_url":"https:\/\/kuzeyinsesi.org\/index.php\/2026\/04\/26\/dis-basin-birligi-tgf-70-baskanlar-konseyi-toplantisinda-temsil-edildi\/","og_site_name":"Kuzeyin Sesi","article_publisher":"https:\/\/www.facebook.com\/kuzeyinsesii","article_published_time":"2026-04-26T08:56:18+00:00","author":"Kuzeyin Sesi","twitter_card":"summary_large_image","twitter_creator":"@kuzeyinsesii","twitter_site":"@kuzeyinsesii","twitter_misc":{"Yazan:":"Kuzeyin Sesi","Tahmini okuma s\u00fcresi":"2 dakika"},"schema":{"@context":"https:\/\/schema.org","@graph":[{"@type":"Article","@id":"https:\/\/kuzeyinsesi.org\/index.php\/2026\/04\/26\/dis-basin-birligi-tgf-70-baskanlar-konseyi-toplantisinda-temsil-edildi\/#article","isPartOf":{"@id":"https:\/\/kuzeyinsesi.org\/index.php\/2026\/04\/26\/dis-basin-birligi-tgf-70-baskanlar-konseyi-toplantisinda-temsil-edildi\/"},"author":{"name":"Kuzeyin Sesi","@id":"https:\/\/kuzeyinsesi.org\/#\/schema\/person\/9f859689cdf01485597712386e37f5aa"},"headline":"D\u0131\u015f Bas\u0131n Birli\u011fi, TGF 70. Ba\u015fkanlar Konseyi Toplant\u0131s\u0131nda temsil edildi","datePublished":"2026-04-26T08:56:18+00:00","mainEntityOfPage":{"@id":"https:\/\/kuzeyinsesi.org\/index.php\/2026\/04\/26\/dis-basin-birligi-tgf-70-baskanlar-konseyi-toplantisinda-temsil-edildi\/"},"wordCount":353,"commentCount":0,"image":{"@id":"https:\/\/kuzeyinsesi.org\/index.php\/2026\/04\/26\/dis-basin-birligi-tgf-70-baskanlar-konseyi-toplantisinda-temsil-edildi\/#primaryimage"},"thumbnailUrl":"https:\/\/kuzeyinsesi.org\/wp-content\/uploads\/2026\/04\/WhatsApp-Image-2026-04-26-at-11.26.17.jpeg","articleSection":["K\u0131br\u0131s"],"inLanguage":"tr","potentialAction":[{"@type":"CommentAction","name":"Comment","target":["https:\/\/kuzeyinsesi.org\/index.php\/2026\/04\/26\/dis-basin-birligi-tgf-70-baskanlar-konseyi-toplantisinda-temsil-edildi\/#respond"]}]},{"@type":"WebPage","@id":"https:\/\/kuzeyinsesi.org\/index.php\/2026\/04\/26\/dis-basin-birligi-tgf-70-baskanlar-konseyi-toplantisinda-temsil-edildi\/","url":"https:\/\/kuzeyinsesi.org\/index.php\/2026\/04\/26\/dis-basin-birligi-tgf-70-baskanlar-konseyi-toplantisinda-temsil-edildi\/","name":"D\u0131\u015f Bas\u0131n Birli\u011fi, TGF 70. Ba\u015fkanlar Konseyi Toplant\u0131s\u0131nda temsil edildi - Kuzeyin Sesi","isPartOf":{"@id":"https:\/\/kuzeyinsesi.org\/#website"},"primaryImageOfPage":{"@id":"https:\/\/kuzeyinsesi.org\/index.php\/2026\/04\/26\/dis-basin-birligi-tgf-70-baskanlar-konseyi-toplantisinda-temsil-edildi\/#primaryimage"},"image":{"@id":"https:\/\/kuzeyinsesi.org\/index.php\/2026\/04\/26\/dis-basin-birligi-tgf-70-baskanlar-konseyi-toplantisinda-temsil-edildi\/#primaryimage"},"thumbnailUrl":"https:\/\/kuzeyinsesi.org\/wp-content\/uploads\/2026\/04\/WhatsApp-Image-2026-04-26-at-11.26.17.jpeg","datePublished":"2026-04-26T08:56:18+00:00","author":{"@id":"https:\/\/kuzeyinsesi.org\/#\/schema\/person\/9f859689cdf01485597712386e37f5aa"},"breadcrumb":{"@id":"https:\/\/kuzeyinsesi.org\/index.php\/2026\/04\/26\/dis-basin-birligi-tgf-70-baskanlar-konseyi-toplantisinda-temsil-edildi\/#breadcrumb"},"inLanguage":"tr","potentialAction":[{"@type":"ReadAction","target":["https:\/\/kuzeyinsesi.org\/index.php\/2026\/04\/26\/dis-basin-birligi-tgf-70-baskanlar-konseyi-toplantisinda-temsil-edildi\/"]}]},{"@type":"ImageObject","inLanguage":"tr","@id":"https:\/\/kuzeyinsesi.org\/index.php\/2026\/04\/26\/dis-basin-birligi-tgf-70-baskanlar-konseyi-toplantisinda-temsil-edildi\/#primaryimage","url":"https:\/\/kuzeyinsesi.org\/wp-content\/uploads\/2026\/04\/WhatsApp-Image-2026-04-26-at-11.26.17.jpeg","contentUrl":"https:\/\/kuzeyinsesi.org\/wp-content\/uploads\/2026\/04\/WhatsApp-Image-2026-04-26-at-11.26.17.jpeg","width":1600,"height":1200},{"@type":"BreadcrumbList","@id":"https:\/\/kuzeyinsesi.org\/index.php\/2026\/04\/26\/dis-basin-birligi-tgf-70-baskanlar-konseyi-toplantisinda-temsil-edildi\/#breadcrumb","itemListElement":[{"@type":"ListItem","position":1,"name":"Anasayfa","item":"https:\/\/kuzeyinsesi.org\/"},{"@type":"ListItem","position":2,"name":"D\u0131\u015f Bas\u0131n Birli\u011fi, TGF 70. Ba\u015fkanlar Konseyi Toplant\u0131s\u0131nda temsil edildi"}]},{"@type":"WebSite","@id":"https:\/\/kuzeyinsesi.org\/#website","url":"https:\/\/kuzeyinsesi.org\/","name":"Kuzeyin Sesi","description":"Do\u011fru Haberin Adresi","potentialAction":[{"@type":"SearchAction","target":{"@type":"EntryPoint","urlTemplate":"https:\/\/kuzeyinsesi.org\/?s={search_term_string}"},"query-input":{"@type":"PropertyValueSpecification","valueRequired":true,"valueName":"search_term_string"}}],"inLanguage":"tr"},{"@type":"Person","@id":"https:\/\/kuzeyinsesi.org\/#\/schema\/person\/9f859689cdf01485597712386e37f5aa","name":"Kuzeyin Sesi","image":{"@type":"ImageObject","inLanguage":"tr","@id":"https:\/\/secure.gravatar.com\/avatar\/bab33852abfd8b282518d6ed81826833d77c3c882d9ab608add591ccace47a44?s=96&d=mm&r=g","url":"https:\/\/secure.gravatar.com\/avatar\/bab33852abfd8b282518d6ed81826833d77c3c882d9ab608add591ccace47a44?s=96&d=mm&r=g","contentUrl":"https:\/\/secure.gravatar.com\/avatar\/bab33852abfd8b282518d6ed81826833d77c3c882d9ab608add591ccace47a44?s=96&d=mm&r=g","caption":"Kuzeyin Sesi"},"sameAs":["https:\/\/kuzeyinsesi.org"],"url":"https:\/\/kuzeyinsesi.org\/index.php\/author\/guven\/"}]}},"_links":{"self":[{"href":"https:\/\/kuzeyinsesi.org\/index.php\/wp-json\/wp\/v2\/posts\/37316","targetHints":{"allow":["GET"]}}],"collection":[{"href":"https:\/\/kuzeyinsesi.org\/index.php\/wp-json\/wp\/v2\/posts"}],"about":[{"href":"https:\/\/kuzeyinsesi.org\/index.php\/wp-json\/wp\/v2\/types\/post"}],"author":[{"embeddable":true,"href":"https:\/\/kuzeyinsesi.org\/index.php\/wp-json\/wp\/v2\/users\/1"}],"replies":[{"embeddable":true,"href":"https:\/\/kuzeyinsesi.org\/index.php\/wp-json\/wp\/v2\/comments?post=37316"}],"version-history":[{"count":0,"href":"https:\/\/kuzeyinsesi.org\/index.php\/wp-json\/wp\/v2\/posts\/37316\/revisions"}],"wp:featuredmedia":[{"embeddable":true,"href":"https:\/\/kuzeyinsesi.org\/index.php\/wp-json\/wp\/v2\/media\/37317"}],"wp:attachment":[{"href":"https:\/\/kuzeyinsesi.org\/index.php\/wp-json\/wp\/v2\/media?parent=37316"}],"wp:term":[{"taxonomy":"category","embeddable":true,"href":"https:\/\/kuzeyinsesi.org\/index.php\/wp-json\/wp\/v2\/categories?post=37316"},{"taxonomy":"post_tag","embeddable":true,"href":"https:\/\/kuzeyinsesi.org\/index.php\/wp-json\/wp\/v2\/tags?post=37316"}],"curies":[{"name":"wp","href":"https:\/\/api.w.org\/{rel}","templated":true}]}}