{"id":37312,"date":"2026-04-26T11:44:10","date_gmt":"2026-04-26T08:44:10","guid":{"rendered":"https:\/\/kuzeyinsesi.org\/index.php\/2026\/04\/26\/tatar-ab-zirvesinin-gkryde-yapilmasi-son-derece-hatali\/"},"modified":"2026-04-26T11:44:10","modified_gmt":"2026-04-26T08:44:10","slug":"tatar-ab-zirvesinin-gkryde-yapilmasi-son-derece-hatali","status":"publish","type":"post","link":"https:\/\/kuzeyinsesi.org\/index.php\/2026\/04\/26\/tatar-ab-zirvesinin-gkryde-yapilmasi-son-derece-hatali\/","title":{"rendered":"Tatar: AB Zirvesi\u2019nin GKRY\u2019de yap\u0131lmas\u0131 son derece hatal\u0131"},"content":{"rendered":"<p style=\"font-weight: 300\"><span style=\"font-weight: 300 !important\">5\u2019inci Cumhurba\u015fkan\u0131 Ersin Tatar, \u201cAvrupa Birli\u011fi\u2019nin zirve toplant\u0131s\u0131n\u0131n K\u0131br\u0131s T\u00fcrk halk\u0131n\u0131n iradesi ve haklar\u0131 yok say\u0131larak, Avrupa Birli\u011fi\u2019ne haks\u0131z bi\u00e7imde tek tarafl\u0131 \u00fcye yap\u0131lan G\u00fcney K\u0131br\u0131s Rum Y\u00f6netimi\u2019nde ger\u00e7ekle\u015ftirilmesi son derece hatal\u0131d\u0131r.\u201d dedi.<\/span><\/p>\n<p style=\"font-weight: 300\"><span style=\"font-weight: 300 !important\">Tatar, konuya ili\u015fkin yaz\u0131l\u0131 a\u00e7\u0131klamas\u0131nda, Avrupa Birli\u011fi\u2019nin 2004\u2019te G\u00fcney K\u0131br\u0131s Rum Y\u00f6netimi\u2019ni adan\u0131n tamam\u0131n\u0131 temsilen \u00fcyeli\u011fe kabul ederek K\u0131br\u0131s T\u00fcrk taraf\u0131na haks\u0131zl\u0131k yapt\u0131\u011f\u0131n\u0131 ifade ederek, bu yakla\u015f\u0131m\u0131n s\u00fcrd\u00fcr\u00fclmesinin K\u0131br\u0131s meselesinin adil ve kal\u0131c\u0131 \u00e7\u00f6z\u00fcm\u00fcne katk\u0131 koymad\u0131\u011f\u0131n\u0131, aksine s\u00fcrece zarar verdi\u011fini s\u00f6yledi.<\/span><\/p>\n<p style=\"font-weight: 300\"><span style=\"font-weight: 300 !important\">Rum lider Nikos Hristodulidis\u2019in Zirve s\u0131ras\u0131nda kulland\u0131\u011f\u0131 s\u00f6ylemlerin adada tek egemenlik iddias\u0131n\u0131 peki\u015ftirmeyi ama\u00e7lad\u0131\u011f\u0131n\u0131 kaydeden Tatar, bunun K\u0131br\u0131s T\u00fcrk halk\u0131n\u0131n egemen e\u015fit stat\u00fcs\u00fcn\u00fc yok sayan \u201ckabul edilemez bir yakla\u015f\u0131m oldu\u011funu\u201d belirtti.<\/span><\/p>\n<p style=\"font-weight: 300\"><span style=\"font-weight: 300 !important\">Avrupa Birli\u011fi Antla\u015fmas\u0131\u2019n\u0131n kar\u015f\u0131l\u0131kl\u0131 savunmay\u0131 \u00f6ng\u00f6ren 42.7\u2019nci maddesini aktif hale getirme giri\u015fimlerinin dikkatle takip edilmesi gerekti\u011fini s\u00f6yleyen Tatar, \u015f\u00f6yle devam etti:<\/span><\/p>\n<p style=\"font-weight: 300\"><span style=\"font-weight: 300 !important\">\u201cS\u00f6z konusu madde, bir \u00fcye \u00fclkenin silahl\u0131 sald\u0131r\u0131ya u\u011framas\u0131 halinde di\u011fer \u00fcye devletlerin yard\u0131m y\u00fck\u00fcml\u00fcl\u00fc\u011f\u00fcn\u00fc d\u00fczenlemektedir. Rum taraf\u0131n\u0131n bu mekanizmay\u0131 Do\u011fu Akdeniz\u2019de gerilimi art\u0131racak \u015fekilde T\u00fcrkiye kar\u015f\u0131t\u0131 bir g\u00fcvenlik kalkan\u0131na d\u00f6n\u00fc\u015ft\u00fcrme \u00e7abas\u0131 son derece tehlikelidir. K\u0131br\u0131s\u2019ta \u00e7\u00f6z\u00fcm zemini olu\u015fturmas\u0131 gereken akt\u00f6rlerin, aday\u0131 askeri ve stratejik hesaplar\u0131n merkezi haline getirmesi kabul edilemez.\u201d<\/span><\/p>\n<p style=\"font-weight: 300\"><span style=\"font-weight: 300 !important\">&#8211; \u201cLeyen\u2019in a\u00e7\u0131klamas\u0131, uygar, demokrat ve insan haklar\u0131 yanl\u0131s\u0131 g\u00f6r\u00fcnmeye \u00e7al\u0131\u015fan AB\u2019nin bu nitelikleri ta\u015f\u0131mad\u0131\u011f\u0131n\u0131 g\u00f6steriyor\u201d<\/span><\/p>\n<p style=\"font-weight: 300\"><span style=\"font-weight: 300 !important\">Tatar, Avrupa Komisyonu Ba\u015fkan\u0131 Ursula von der Leyen\u2019in a\u00e7\u0131klamalar\u0131nda K\u0131br\u0131s T\u00fcrk taraf\u0131n\u0131n haklar\u0131na ve ger\u00e7eklerine yer vermemesinin de uygar, demokrat ve insan haklar\u0131 yanl\u0131s\u0131 g\u00f6r\u00fcnmeye \u00e7al\u0131\u015fan Avrupa Birli\u011fi\u2019nin asl\u0131nda bu nitelikleri ta\u015f\u0131mad\u0131\u011f\u0131n\u0131 g\u00f6sterdi\u011fini s\u00f6yledi.<\/span><\/p>\n<p style=\"font-weight: 300\"><span style=\"font-weight: 300 !important\">Fransa Cumhurba\u015fkan\u0131 Emmanuel Macron\u2019un konu\u015fmas\u0131n\u0131 da de\u011ferlendiren Tatar, ifadelerinin \u201cRum taraf\u0131n\u0131n maksimalist tezlerine \u00f6rt\u00fcl\u00fc destek niteli\u011fi ta\u015f\u0131d\u0131\u011f\u0131n\u0131\u201d dile getirdi.<\/span><\/p>\n<p style=\"font-weight: 300\"><span style=\"font-weight: 300 !important\">Tatar, &#8220;Macron istedi\u011fi kadar adada iki halk\u0131n ve iki ayr\u0131 devletin varl\u0131\u011f\u0131n\u0131 g\u00f6rmezden gelsin, ger\u00e7ekler ortadad\u0131r. Macron istedi\u011fi kadar Rum-Yunan ikilisine askeri destek vaat etsin; K\u0131br\u0131s T\u00fcrk halk\u0131 ve Anavatan T\u00fcrkiye \u00f6zg\u00fcrl\u00fck ve egemenlik yolunda ilerlemeye devam edecek; K\u0131br\u0131s T\u00fcrk\u00fc\u2019n\u00fcn hakl\u0131 m\u00fccadelesi mutlaka hedefine ula\u015facakt\u0131r.\u201d dedi.<\/span><\/p>\n<p style=\"font-weight: 300\"><span style=\"font-weight: 300 !important\">Zirvede verilen mesajlar ve GKRY\u2019nin \u00e7e\u015fitli \u00fclkelerle askeri ili\u015fkilerinin, Rum-Yunan ikilisinin K\u0131br\u0131s\u2019ta anla\u015fma de\u011fil, T\u00fcrkiye\u2019yi K\u0131br\u0131s\u2019tan \u00e7\u0131kararak K\u0131br\u0131s T\u00fcrk halk\u0131n\u0131 az\u0131nl\u0131k durumuna d\u00fc\u015f\u00fcrme hedefi oldu\u011fu y\u00f6n\u00fcndeki g\u00f6r\u00fc\u015flerini g\u00fc\u00e7lendirdi\u011fini savunan Tatar, son geli\u015fmelerin, K\u0131br\u0131s\u2019ta ancak iki devletin i\u015f birli\u011fine dayal\u0131 anla\u015fman\u0131n m\u00fcmk\u00fcn olabilece\u011fi y\u00f6n\u00fcndeki hakl\u0131 tutumlar\u0131n\u0131 destekledi\u011fini kaydetti.<\/span><\/p>\n<p style=\"font-weight: 300\"><span style=\"font-weight: 300 !important\">K\u0131br\u0131s T\u00fcrk halk\u0131n\u0131n egemen e\u015fitlik ve e\u015fit uluslararas\u0131 stat\u00fc temelindeki \u00e7\u00f6z\u00fcm vizyonundan geri ad\u0131m atmamas\u0131 gerekti\u011fini de belirten Tatar, KKTC\u2019nin tan\u0131nmas\u0131, tan\u0131t\u0131lmas\u0131 ve halk\u0131n refah\u0131n\u0131n art\u0131r\u0131lmas\u0131 i\u00e7in somut ad\u0131mlar at\u0131lmas\u0131 gerekti\u011fini vurgulad\u0131.\u00a0<\/span><\/p>\n","protected":false},"excerpt":{"rendered":"<p>5\u2019inci Cumhurba\u015fkan\u0131 Ersin Tatar, \u201cAvrupa Birli\u011fi\u2019nin zirve toplant\u0131s\u0131n\u0131n K\u0131br\u0131s T\u00fcrk halk\u0131n\u0131n iradesi ve haklar\u0131 yok say\u0131larak, Avrupa Birli\u011fi\u2019ne haks\u0131z bi\u00e7imde tek tarafl\u0131 \u00fcye yap\u0131lan G\u00fcney K\u0131br\u0131s Rum Y\u00f6netimi\u2019nde ger\u00e7ekle\u015ftirilmesi son derece hatal\u0131d\u0131r.\u201d dedi. Tatar, konuya ili\u015fkin yaz\u0131l\u0131 a\u00e7\u0131klamas\u0131nda, Avrupa Birli\u011fi\u2019nin 2004\u2019te G\u00fcney K\u0131br\u0131s Rum Y\u00f6netimi\u2019ni adan\u0131n tamam\u0131n\u0131 temsilen \u00fcyeli\u011fe kabul ederek K\u0131br\u0131s T\u00fcrk taraf\u0131na haks\u0131zl\u0131k [&hellip;]<\/p>\n","protected":false},"author":1,"featured_media":37313,"comment_status":"open","ping_status":"open","sticky":false,"template":"","format":"standard","meta":{"jnews-multi-image_gallery":[],"jnews_single_post":[],"jnews_primary_category":[],"jnews_social_meta":[],"jnews_override_counter":[],"footnotes":""},"categories":[1],"tags":[],"class_list":["post-37312","post","type-post","status-publish","format-standard","has-post-thumbnail","hentry","category-kibris"],"yoast_head":"<!-- This site is optimized with the Yoast SEO plugin v27.4 - https:\/\/yoast.com\/product\/yoast-seo-wordpress\/ -->\n<title>Tatar: AB Zirvesi\u2019nin GKRY\u2019de yap\u0131lmas\u0131 son derece hatal\u0131 - Kuzeyin Sesi<\/title>\n<meta name=\"robots\" content=\"index, follow, max-snippet:-1, max-image-preview:large, max-video-preview:-1\" \/>\n<link rel=\"canonical\" href=\"https:\/\/kuzeyinsesi.org\/index.php\/2026\/04\/26\/tatar-ab-zirvesinin-gkryde-yapilmasi-son-derece-hatali\/\" \/>\n<meta property=\"og:locale\" content=\"tr_TR\" \/>\n<meta property=\"og:type\" content=\"article\" \/>\n<meta property=\"og:title\" content=\"Tatar: AB Zirvesi\u2019nin GKRY\u2019de yap\u0131lmas\u0131 son derece hatal\u0131 - Kuzeyin Sesi\" \/>\n<meta property=\"og:description\" content=\"5\u2019inci Cumhurba\u015fkan\u0131 Ersin Tatar, \u201cAvrupa Birli\u011fi\u2019nin zirve toplant\u0131s\u0131n\u0131n K\u0131br\u0131s T\u00fcrk halk\u0131n\u0131n iradesi ve haklar\u0131 yok say\u0131larak, Avrupa Birli\u011fi\u2019ne haks\u0131z bi\u00e7imde tek tarafl\u0131 \u00fcye yap\u0131lan G\u00fcney K\u0131br\u0131s Rum Y\u00f6netimi\u2019nde ger\u00e7ekle\u015ftirilmesi son derece hatal\u0131d\u0131r.\u201d dedi. Tatar, konuya ili\u015fkin yaz\u0131l\u0131 a\u00e7\u0131klamas\u0131nda, Avrupa Birli\u011fi\u2019nin 2004\u2019te G\u00fcney K\u0131br\u0131s Rum Y\u00f6netimi\u2019ni adan\u0131n tamam\u0131n\u0131 temsilen \u00fcyeli\u011fe kabul ederek K\u0131br\u0131s T\u00fcrk taraf\u0131na haks\u0131zl\u0131k [&hellip;]\" \/>\n<meta property=\"og:url\" content=\"https:\/\/kuzeyinsesi.org\/index.php\/2026\/04\/26\/tatar-ab-zirvesinin-gkryde-yapilmasi-son-derece-hatali\/\" \/>\n<meta property=\"og:site_name\" content=\"Kuzeyin Sesi\" \/>\n<meta property=\"article:publisher\" content=\"https:\/\/www.facebook.com\/kuzeyinsesii\" \/>\n<meta property=\"article:published_time\" content=\"2026-04-26T08:44:10+00:00\" \/>\n<meta name=\"author\" content=\"Kuzeyin Sesi\" \/>\n<meta name=\"twitter:card\" content=\"summary_large_image\" \/>\n<meta name=\"twitter:creator\" content=\"@kuzeyinsesii\" \/>\n<meta name=\"twitter:site\" content=\"@kuzeyinsesii\" \/>\n<meta name=\"twitter:label1\" content=\"Yazan:\" \/>\n\t<meta name=\"twitter:data1\" content=\"Kuzeyin Sesi\" \/>\n\t<meta name=\"twitter:label2\" content=\"Tahmini okuma s\u00fcresi\" \/>\n\t<meta name=\"twitter:data2\" content=\"3 dakika\" \/>\n<script type=\"application\/ld+json\" class=\"yoast-schema-graph\">{\"@context\":\"https:\\\/\\\/schema.org\",\"@graph\":[{\"@type\":\"Article\",\"@id\":\"https:\\\/\\\/kuzeyinsesi.org\\\/index.php\\\/2026\\\/04\\\/26\\\/tatar-ab-zirvesinin-gkryde-yapilmasi-son-derece-hatali\\\/#article\",\"isPartOf\":{\"@id\":\"https:\\\/\\\/kuzeyinsesi.org\\\/index.php\\\/2026\\\/04\\\/26\\\/tatar-ab-zirvesinin-gkryde-yapilmasi-son-derece-hatali\\\/\"},\"author\":{\"name\":\"Kuzeyin Sesi\",\"@id\":\"https:\\\/\\\/kuzeyinsesi.org\\\/#\\\/schema\\\/person\\\/9f859689cdf01485597712386e37f5aa\"},\"headline\":\"Tatar: AB Zirvesi\u2019nin GKRY\u2019de yap\u0131lmas\u0131 son derece hatal\u0131\",\"datePublished\":\"2026-04-26T08:44:10+00:00\",\"mainEntityOfPage\":{\"@id\":\"https:\\\/\\\/kuzeyinsesi.org\\\/index.php\\\/2026\\\/04\\\/26\\\/tatar-ab-zirvesinin-gkryde-yapilmasi-son-derece-hatali\\\/\"},\"wordCount\":629,\"commentCount\":0,\"image\":{\"@id\":\"https:\\\/\\\/kuzeyinsesi.org\\\/index.php\\\/2026\\\/04\\\/26\\\/tatar-ab-zirvesinin-gkryde-yapilmasi-son-derece-hatali\\\/#primaryimage\"},\"thumbnailUrl\":\"https:\\\/\\\/kuzeyinsesi.org\\\/wp-content\\\/uploads\\\/2026\\\/04\\\/17771902128411776108638685Tatar-5.jpg\",\"articleSection\":[\"K\u0131br\u0131s\"],\"inLanguage\":\"tr\",\"potentialAction\":[{\"@type\":\"CommentAction\",\"name\":\"Comment\",\"target\":[\"https:\\\/\\\/kuzeyinsesi.org\\\/index.php\\\/2026\\\/04\\\/26\\\/tatar-ab-zirvesinin-gkryde-yapilmasi-son-derece-hatali\\\/#respond\"]}]},{\"@type\":\"WebPage\",\"@id\":\"https:\\\/\\\/kuzeyinsesi.org\\\/index.php\\\/2026\\\/04\\\/26\\\/tatar-ab-zirvesinin-gkryde-yapilmasi-son-derece-hatali\\\/\",\"url\":\"https:\\\/\\\/kuzeyinsesi.org\\\/index.php\\\/2026\\\/04\\\/26\\\/tatar-ab-zirvesinin-gkryde-yapilmasi-son-derece-hatali\\\/\",\"name\":\"Tatar: AB Zirvesi\u2019nin GKRY\u2019de yap\u0131lmas\u0131 son derece hatal\u0131 - Kuzeyin Sesi\",\"isPartOf\":{\"@id\":\"https:\\\/\\\/kuzeyinsesi.org\\\/#website\"},\"primaryImageOfPage\":{\"@id\":\"https:\\\/\\\/kuzeyinsesi.org\\\/index.php\\\/2026\\\/04\\\/26\\\/tatar-ab-zirvesinin-gkryde-yapilmasi-son-derece-hatali\\\/#primaryimage\"},\"image\":{\"@id\":\"https:\\\/\\\/kuzeyinsesi.org\\\/index.php\\\/2026\\\/04\\\/26\\\/tatar-ab-zirvesinin-gkryde-yapilmasi-son-derece-hatali\\\/#primaryimage\"},\"thumbnailUrl\":\"https:\\\/\\\/kuzeyinsesi.org\\\/wp-content\\\/uploads\\\/2026\\\/04\\\/17771902128411776108638685Tatar-5.jpg\",\"datePublished\":\"2026-04-26T08:44:10+00:00\",\"author\":{\"@id\":\"https:\\\/\\\/kuzeyinsesi.org\\\/#\\\/schema\\\/person\\\/9f859689cdf01485597712386e37f5aa\"},\"breadcrumb\":{\"@id\":\"https:\\\/\\\/kuzeyinsesi.org\\\/index.php\\\/2026\\\/04\\\/26\\\/tatar-ab-zirvesinin-gkryde-yapilmasi-son-derece-hatali\\\/#breadcrumb\"},\"inLanguage\":\"tr\",\"potentialAction\":[{\"@type\":\"ReadAction\",\"target\":[\"https:\\\/\\\/kuzeyinsesi.org\\\/index.php\\\/2026\\\/04\\\/26\\\/tatar-ab-zirvesinin-gkryde-yapilmasi-son-derece-hatali\\\/\"]}]},{\"@type\":\"ImageObject\",\"inLanguage\":\"tr\",\"@id\":\"https:\\\/\\\/kuzeyinsesi.org\\\/index.php\\\/2026\\\/04\\\/26\\\/tatar-ab-zirvesinin-gkryde-yapilmasi-son-derece-hatali\\\/#primaryimage\",\"url\":\"https:\\\/\\\/kuzeyinsesi.org\\\/wp-content\\\/uploads\\\/2026\\\/04\\\/17771902128411776108638685Tatar-5.jpg\",\"contentUrl\":\"https:\\\/\\\/kuzeyinsesi.org\\\/wp-content\\\/uploads\\\/2026\\\/04\\\/17771902128411776108638685Tatar-5.jpg\",\"width\":864,\"height\":486},{\"@type\":\"BreadcrumbList\",\"@id\":\"https:\\\/\\\/kuzeyinsesi.org\\\/index.php\\\/2026\\\/04\\\/26\\\/tatar-ab-zirvesinin-gkryde-yapilmasi-son-derece-hatali\\\/#breadcrumb\",\"itemListElement\":[{\"@type\":\"ListItem\",\"position\":1,\"name\":\"Anasayfa\",\"item\":\"https:\\\/\\\/kuzeyinsesi.org\\\/\"},{\"@type\":\"ListItem\",\"position\":2,\"name\":\"Tatar: AB Zirvesi\u2019nin GKRY\u2019de yap\u0131lmas\u0131 son derece hatal\u0131\"}]},{\"@type\":\"WebSite\",\"@id\":\"https:\\\/\\\/kuzeyinsesi.org\\\/#website\",\"url\":\"https:\\\/\\\/kuzeyinsesi.org\\\/\",\"name\":\"Kuzeyin Sesi\",\"description\":\"Do\u011fru Haberin Adresi\",\"potentialAction\":[{\"@type\":\"SearchAction\",\"target\":{\"@type\":\"EntryPoint\",\"urlTemplate\":\"https:\\\/\\\/kuzeyinsesi.org\\\/?s={search_term_string}\"},\"query-input\":{\"@type\":\"PropertyValueSpecification\",\"valueRequired\":true,\"valueName\":\"search_term_string\"}}],\"inLanguage\":\"tr\"},{\"@type\":\"Person\",\"@id\":\"https:\\\/\\\/kuzeyinsesi.org\\\/#\\\/schema\\\/person\\\/9f859689cdf01485597712386e37f5aa\",\"name\":\"Kuzeyin Sesi\",\"image\":{\"@type\":\"ImageObject\",\"inLanguage\":\"tr\",\"@id\":\"https:\\\/\\\/secure.gravatar.com\\\/avatar\\\/bab33852abfd8b282518d6ed81826833d77c3c882d9ab608add591ccace47a44?s=96&d=mm&r=g\",\"url\":\"https:\\\/\\\/secure.gravatar.com\\\/avatar\\\/bab33852abfd8b282518d6ed81826833d77c3c882d9ab608add591ccace47a44?s=96&d=mm&r=g\",\"contentUrl\":\"https:\\\/\\\/secure.gravatar.com\\\/avatar\\\/bab33852abfd8b282518d6ed81826833d77c3c882d9ab608add591ccace47a44?s=96&d=mm&r=g\",\"caption\":\"Kuzeyin Sesi\"},\"sameAs\":[\"https:\\\/\\\/kuzeyinsesi.org\"],\"url\":\"https:\\\/\\\/kuzeyinsesi.org\\\/index.php\\\/author\\\/guven\\\/\"}]}<\/script>\n<!-- \/ Yoast SEO plugin. -->","yoast_head_json":{"title":"Tatar: AB Zirvesi\u2019nin GKRY\u2019de yap\u0131lmas\u0131 son derece hatal\u0131 - Kuzeyin Sesi","robots":{"index":"index","follow":"follow","max-snippet":"max-snippet:-1","max-image-preview":"max-image-preview:large","max-video-preview":"max-video-preview:-1"},"canonical":"https:\/\/kuzeyinsesi.org\/index.php\/2026\/04\/26\/tatar-ab-zirvesinin-gkryde-yapilmasi-son-derece-hatali\/","og_locale":"tr_TR","og_type":"article","og_title":"Tatar: AB Zirvesi\u2019nin GKRY\u2019de yap\u0131lmas\u0131 son derece hatal\u0131 - Kuzeyin Sesi","og_description":"5\u2019inci Cumhurba\u015fkan\u0131 Ersin Tatar, \u201cAvrupa Birli\u011fi\u2019nin zirve toplant\u0131s\u0131n\u0131n K\u0131br\u0131s T\u00fcrk halk\u0131n\u0131n iradesi ve haklar\u0131 yok say\u0131larak, Avrupa Birli\u011fi\u2019ne haks\u0131z bi\u00e7imde tek tarafl\u0131 \u00fcye yap\u0131lan G\u00fcney K\u0131br\u0131s Rum Y\u00f6netimi\u2019nde ger\u00e7ekle\u015ftirilmesi son derece hatal\u0131d\u0131r.\u201d dedi. Tatar, konuya ili\u015fkin yaz\u0131l\u0131 a\u00e7\u0131klamas\u0131nda, Avrupa Birli\u011fi\u2019nin 2004\u2019te G\u00fcney K\u0131br\u0131s Rum Y\u00f6netimi\u2019ni adan\u0131n tamam\u0131n\u0131 temsilen \u00fcyeli\u011fe kabul ederek K\u0131br\u0131s T\u00fcrk taraf\u0131na haks\u0131zl\u0131k [&hellip;]","og_url":"https:\/\/kuzeyinsesi.org\/index.php\/2026\/04\/26\/tatar-ab-zirvesinin-gkryde-yapilmasi-son-derece-hatali\/","og_site_name":"Kuzeyin Sesi","article_publisher":"https:\/\/www.facebook.com\/kuzeyinsesii","article_published_time":"2026-04-26T08:44:10+00:00","author":"Kuzeyin Sesi","twitter_card":"summary_large_image","twitter_creator":"@kuzeyinsesii","twitter_site":"@kuzeyinsesii","twitter_misc":{"Yazan:":"Kuzeyin Sesi","Tahmini okuma s\u00fcresi":"3 dakika"},"schema":{"@context":"https:\/\/schema.org","@graph":[{"@type":"Article","@id":"https:\/\/kuzeyinsesi.org\/index.php\/2026\/04\/26\/tatar-ab-zirvesinin-gkryde-yapilmasi-son-derece-hatali\/#article","isPartOf":{"@id":"https:\/\/kuzeyinsesi.org\/index.php\/2026\/04\/26\/tatar-ab-zirvesinin-gkryde-yapilmasi-son-derece-hatali\/"},"author":{"name":"Kuzeyin Sesi","@id":"https:\/\/kuzeyinsesi.org\/#\/schema\/person\/9f859689cdf01485597712386e37f5aa"},"headline":"Tatar: AB Zirvesi\u2019nin GKRY\u2019de yap\u0131lmas\u0131 son derece hatal\u0131","datePublished":"2026-04-26T08:44:10+00:00","mainEntityOfPage":{"@id":"https:\/\/kuzeyinsesi.org\/index.php\/2026\/04\/26\/tatar-ab-zirvesinin-gkryde-yapilmasi-son-derece-hatali\/"},"wordCount":629,"commentCount":0,"image":{"@id":"https:\/\/kuzeyinsesi.org\/index.php\/2026\/04\/26\/tatar-ab-zirvesinin-gkryde-yapilmasi-son-derece-hatali\/#primaryimage"},"thumbnailUrl":"https:\/\/kuzeyinsesi.org\/wp-content\/uploads\/2026\/04\/17771902128411776108638685Tatar-5.jpg","articleSection":["K\u0131br\u0131s"],"inLanguage":"tr","potentialAction":[{"@type":"CommentAction","name":"Comment","target":["https:\/\/kuzeyinsesi.org\/index.php\/2026\/04\/26\/tatar-ab-zirvesinin-gkryde-yapilmasi-son-derece-hatali\/#respond"]}]},{"@type":"WebPage","@id":"https:\/\/kuzeyinsesi.org\/index.php\/2026\/04\/26\/tatar-ab-zirvesinin-gkryde-yapilmasi-son-derece-hatali\/","url":"https:\/\/kuzeyinsesi.org\/index.php\/2026\/04\/26\/tatar-ab-zirvesinin-gkryde-yapilmasi-son-derece-hatali\/","name":"Tatar: AB Zirvesi\u2019nin GKRY\u2019de yap\u0131lmas\u0131 son derece hatal\u0131 - Kuzeyin Sesi","isPartOf":{"@id":"https:\/\/kuzeyinsesi.org\/#website"},"primaryImageOfPage":{"@id":"https:\/\/kuzeyinsesi.org\/index.php\/2026\/04\/26\/tatar-ab-zirvesinin-gkryde-yapilmasi-son-derece-hatali\/#primaryimage"},"image":{"@id":"https:\/\/kuzeyinsesi.org\/index.php\/2026\/04\/26\/tatar-ab-zirvesinin-gkryde-yapilmasi-son-derece-hatali\/#primaryimage"},"thumbnailUrl":"https:\/\/kuzeyinsesi.org\/wp-content\/uploads\/2026\/04\/17771902128411776108638685Tatar-5.jpg","datePublished":"2026-04-26T08:44:10+00:00","author":{"@id":"https:\/\/kuzeyinsesi.org\/#\/schema\/person\/9f859689cdf01485597712386e37f5aa"},"breadcrumb":{"@id":"https:\/\/kuzeyinsesi.org\/index.php\/2026\/04\/26\/tatar-ab-zirvesinin-gkryde-yapilmasi-son-derece-hatali\/#breadcrumb"},"inLanguage":"tr","potentialAction":[{"@type":"ReadAction","target":["https:\/\/kuzeyinsesi.org\/index.php\/2026\/04\/26\/tatar-ab-zirvesinin-gkryde-yapilmasi-son-derece-hatali\/"]}]},{"@type":"ImageObject","inLanguage":"tr","@id":"https:\/\/kuzeyinsesi.org\/index.php\/2026\/04\/26\/tatar-ab-zirvesinin-gkryde-yapilmasi-son-derece-hatali\/#primaryimage","url":"https:\/\/kuzeyinsesi.org\/wp-content\/uploads\/2026\/04\/17771902128411776108638685Tatar-5.jpg","contentUrl":"https:\/\/kuzeyinsesi.org\/wp-content\/uploads\/2026\/04\/17771902128411776108638685Tatar-5.jpg","width":864,"height":486},{"@type":"BreadcrumbList","@id":"https:\/\/kuzeyinsesi.org\/index.php\/2026\/04\/26\/tatar-ab-zirvesinin-gkryde-yapilmasi-son-derece-hatali\/#breadcrumb","itemListElement":[{"@type":"ListItem","position":1,"name":"Anasayfa","item":"https:\/\/kuzeyinsesi.org\/"},{"@type":"ListItem","position":2,"name":"Tatar: AB Zirvesi\u2019nin GKRY\u2019de yap\u0131lmas\u0131 son derece hatal\u0131"}]},{"@type":"WebSite","@id":"https:\/\/kuzeyinsesi.org\/#website","url":"https:\/\/kuzeyinsesi.org\/","name":"Kuzeyin Sesi","description":"Do\u011fru Haberin Adresi","potentialAction":[{"@type":"SearchAction","target":{"@type":"EntryPoint","urlTemplate":"https:\/\/kuzeyinsesi.org\/?s={search_term_string}"},"query-input":{"@type":"PropertyValueSpecification","valueRequired":true,"valueName":"search_term_string"}}],"inLanguage":"tr"},{"@type":"Person","@id":"https:\/\/kuzeyinsesi.org\/#\/schema\/person\/9f859689cdf01485597712386e37f5aa","name":"Kuzeyin Sesi","image":{"@type":"ImageObject","inLanguage":"tr","@id":"https:\/\/secure.gravatar.com\/avatar\/bab33852abfd8b282518d6ed81826833d77c3c882d9ab608add591ccace47a44?s=96&d=mm&r=g","url":"https:\/\/secure.gravatar.com\/avatar\/bab33852abfd8b282518d6ed81826833d77c3c882d9ab608add591ccace47a44?s=96&d=mm&r=g","contentUrl":"https:\/\/secure.gravatar.com\/avatar\/bab33852abfd8b282518d6ed81826833d77c3c882d9ab608add591ccace47a44?s=96&d=mm&r=g","caption":"Kuzeyin Sesi"},"sameAs":["https:\/\/kuzeyinsesi.org"],"url":"https:\/\/kuzeyinsesi.org\/index.php\/author\/guven\/"}]}},"_links":{"self":[{"href":"https:\/\/kuzeyinsesi.org\/index.php\/wp-json\/wp\/v2\/posts\/37312","targetHints":{"allow":["GET"]}}],"collection":[{"href":"https:\/\/kuzeyinsesi.org\/index.php\/wp-json\/wp\/v2\/posts"}],"about":[{"href":"https:\/\/kuzeyinsesi.org\/index.php\/wp-json\/wp\/v2\/types\/post"}],"author":[{"embeddable":true,"href":"https:\/\/kuzeyinsesi.org\/index.php\/wp-json\/wp\/v2\/users\/1"}],"replies":[{"embeddable":true,"href":"https:\/\/kuzeyinsesi.org\/index.php\/wp-json\/wp\/v2\/comments?post=37312"}],"version-history":[{"count":0,"href":"https:\/\/kuzeyinsesi.org\/index.php\/wp-json\/wp\/v2\/posts\/37312\/revisions"}],"wp:featuredmedia":[{"embeddable":true,"href":"https:\/\/kuzeyinsesi.org\/index.php\/wp-json\/wp\/v2\/media\/37313"}],"wp:attachment":[{"href":"https:\/\/kuzeyinsesi.org\/index.php\/wp-json\/wp\/v2\/media?parent=37312"}],"wp:term":[{"taxonomy":"category","embeddable":true,"href":"https:\/\/kuzeyinsesi.org\/index.php\/wp-json\/wp\/v2\/categories?post=37312"},{"taxonomy":"post_tag","embeddable":true,"href":"https:\/\/kuzeyinsesi.org\/index.php\/wp-json\/wp\/v2\/tags?post=37312"}],"curies":[{"name":"wp","href":"https:\/\/api.w.org\/{rel}","templated":true}]}}