{"id":37310,"date":"2026-04-26T11:38:28","date_gmt":"2026-04-26T08:38:28","guid":{"rendered":"https:\/\/kuzeyinsesi.org\/index.php\/2026\/04\/26\/iskeleye-su-akisi-yeniden-basladi\/"},"modified":"2026-04-26T11:38:28","modified_gmt":"2026-04-26T08:38:28","slug":"iskeleye-su-akisi-yeniden-basladi","status":"publish","type":"post","link":"https:\/\/kuzeyinsesi.org\/index.php\/2026\/04\/26\/iskeleye-su-akisi-yeniden-basladi\/","title":{"rendered":"\u0130skele\u2019ye su ak\u0131\u015f\u0131 yeniden ba\u015flad\u0131"},"content":{"rendered":"<p data-start=\"40\" data-end=\"225\">TC\u2019den KKTC\u2019ye Su Temin Projesi kapsam\u0131nda 20 Nisan-5 May\u0131s 2026 tarihleri aras\u0131nda y\u00fcr\u00fct\u00fclen planl\u0131 \u00e7al\u0131\u015fmalar devam ederken, \u0130skele b\u00f6lgesine su ak\u0131\u015f\u0131n\u0131n yeniden ba\u015flad\u0131\u011f\u0131 bildirildi.<\/p>\n<p data-start=\"227\" data-end=\"427\">Yap\u0131lan a\u00e7\u0131klamada, suyun hanelere ula\u015fabilmesi i\u00e7in \u015febekede gerekli bas\u0131nc\u0131n olu\u015fmas\u0131 gerekti\u011fi belirtilerek, bu nedenle baz\u0131 b\u00f6lgelerde suyun evlere ula\u015fmas\u0131n\u0131n 1 ila 2 g\u00fcn s\u00fcrebilece\u011fi kaydedildi.<\/p>\n<p data-start=\"429\" data-end=\"572\">Yetkililer, vatanda\u015flardan bu s\u00fcre\u00e7te suyu dikkatli ve tasarruflu kullanmalar\u0131n\u0131, olas\u0131 gecikmelere kar\u015f\u0131 gerekli tedbirleri almalar\u0131n\u0131 istedi.<\/p>\n<p data-start=\"574\" data-end=\"663\" data-is-last-node=\"\" data-is-only-node=\"\">A\u00e7\u0131klamada, geli\u015fmeler olduk\u00e7a kamuoyunun bilgilendirilmeye devam edilece\u011fi ifade edildi.<\/p>\n","protected":false},"excerpt":{"rendered":"<p>TC\u2019den KKTC\u2019ye Su Temin Projesi kapsam\u0131nda 20 Nisan-5 May\u0131s 2026 tarihleri aras\u0131nda y\u00fcr\u00fct\u00fclen planl\u0131 \u00e7al\u0131\u015fmalar devam ederken, \u0130skele b\u00f6lgesine su ak\u0131\u015f\u0131n\u0131n yeniden ba\u015flad\u0131\u011f\u0131 bildirildi. Yap\u0131lan a\u00e7\u0131klamada, suyun hanelere ula\u015fabilmesi i\u00e7in \u015febekede gerekli bas\u0131nc\u0131n olu\u015fmas\u0131 gerekti\u011fi belirtilerek, bu nedenle baz\u0131 b\u00f6lgelerde suyun evlere ula\u015fmas\u0131n\u0131n 1 ila 2 g\u00fcn s\u00fcrebilece\u011fi kaydedildi. Yetkililer, vatanda\u015flardan bu s\u00fcre\u00e7te suyu dikkatli [&hellip;]<\/p>\n","protected":false},"author":1,"featured_media":37311,"comment_status":"open","ping_status":"open","sticky":false,"template":"","format":"standard","meta":{"jnews-multi-image_gallery":[],"jnews_single_post":[],"jnews_primary_category":[],"jnews_social_meta":[],"jnews_override_counter":[],"footnotes":""},"categories":[1],"tags":[],"class_list":["post-37310","post","type-post","status-publish","format-standard","has-post-thumbnail","hentry","category-kibris"],"yoast_head":"<!-- This site is optimized with the Yoast SEO plugin v27.4 - https:\/\/yoast.com\/product\/yoast-seo-wordpress\/ -->\n<title>\u0130skele\u2019ye su ak\u0131\u015f\u0131 yeniden ba\u015flad\u0131 - Kuzeyin Sesi<\/title>\n<meta name=\"robots\" content=\"index, follow, max-snippet:-1, max-image-preview:large, max-video-preview:-1\" \/>\n<link rel=\"canonical\" href=\"https:\/\/kuzeyinsesi.org\/index.php\/2026\/04\/26\/iskeleye-su-akisi-yeniden-basladi\/\" \/>\n<meta property=\"og:locale\" content=\"tr_TR\" \/>\n<meta property=\"og:type\" content=\"article\" \/>\n<meta property=\"og:title\" content=\"\u0130skele\u2019ye su ak\u0131\u015f\u0131 yeniden ba\u015flad\u0131 - Kuzeyin Sesi\" \/>\n<meta property=\"og:description\" content=\"TC\u2019den KKTC\u2019ye Su Temin Projesi kapsam\u0131nda 20 Nisan-5 May\u0131s 2026 tarihleri aras\u0131nda y\u00fcr\u00fct\u00fclen planl\u0131 \u00e7al\u0131\u015fmalar devam ederken, \u0130skele b\u00f6lgesine su ak\u0131\u015f\u0131n\u0131n yeniden ba\u015flad\u0131\u011f\u0131 bildirildi. Yap\u0131lan a\u00e7\u0131klamada, suyun hanelere ula\u015fabilmesi i\u00e7in \u015febekede gerekli bas\u0131nc\u0131n olu\u015fmas\u0131 gerekti\u011fi belirtilerek, bu nedenle baz\u0131 b\u00f6lgelerde suyun evlere ula\u015fmas\u0131n\u0131n 1 ila 2 g\u00fcn s\u00fcrebilece\u011fi kaydedildi. Yetkililer, vatanda\u015flardan bu s\u00fcre\u00e7te suyu dikkatli [&hellip;]\" \/>\n<meta property=\"og:url\" content=\"https:\/\/kuzeyinsesi.org\/index.php\/2026\/04\/26\/iskeleye-su-akisi-yeniden-basladi\/\" \/>\n<meta property=\"og:site_name\" content=\"Kuzeyin Sesi\" \/>\n<meta property=\"article:publisher\" content=\"https:\/\/www.facebook.com\/kuzeyinsesii\" \/>\n<meta property=\"article:published_time\" content=\"2026-04-26T08:38:28+00:00\" \/>\n<meta name=\"author\" content=\"Kuzeyin Sesi\" \/>\n<meta name=\"twitter:card\" content=\"summary_large_image\" \/>\n<meta name=\"twitter:creator\" content=\"@kuzeyinsesii\" \/>\n<meta name=\"twitter:site\" content=\"@kuzeyinsesii\" \/>\n<meta name=\"twitter:label1\" content=\"Yazan:\" \/>\n\t<meta name=\"twitter:data1\" content=\"Kuzeyin Sesi\" \/>\n\t<meta name=\"twitter:label2\" content=\"Tahmini okuma s\u00fcresi\" \/>\n\t<meta name=\"twitter:data2\" content=\"1 dakika\" \/>\n<script type=\"application\/ld+json\" class=\"yoast-schema-graph\">{\"@context\":\"https:\\\/\\\/schema.org\",\"@graph\":[{\"@type\":\"Article\",\"@id\":\"https:\\\/\\\/kuzeyinsesi.org\\\/index.php\\\/2026\\\/04\\\/26\\\/iskeleye-su-akisi-yeniden-basladi\\\/#article\",\"isPartOf\":{\"@id\":\"https:\\\/\\\/kuzeyinsesi.org\\\/index.php\\\/2026\\\/04\\\/26\\\/iskeleye-su-akisi-yeniden-basladi\\\/\"},\"author\":{\"name\":\"Kuzeyin Sesi\",\"@id\":\"https:\\\/\\\/kuzeyinsesi.org\\\/#\\\/schema\\\/person\\\/9f859689cdf01485597712386e37f5aa\"},\"headline\":\"\u0130skele\u2019ye su ak\u0131\u015f\u0131 yeniden ba\u015flad\u0131\",\"datePublished\":\"2026-04-26T08:38:28+00:00\",\"mainEntityOfPage\":{\"@id\":\"https:\\\/\\\/kuzeyinsesi.org\\\/index.php\\\/2026\\\/04\\\/26\\\/iskeleye-su-akisi-yeniden-basladi\\\/\"},\"wordCount\":114,\"commentCount\":0,\"image\":{\"@id\":\"https:\\\/\\\/kuzeyinsesi.org\\\/index.php\\\/2026\\\/04\\\/26\\\/iskeleye-su-akisi-yeniden-basladi\\\/#primaryimage\"},\"thumbnailUrl\":\"https:\\\/\\\/kuzeyinsesi.org\\\/wp-content\\\/uploads\\\/2026\\\/04\\\/su-kesintisi-depo-2371720.jpg\",\"articleSection\":[\"K\u0131br\u0131s\"],\"inLanguage\":\"tr\",\"potentialAction\":[{\"@type\":\"CommentAction\",\"name\":\"Comment\",\"target\":[\"https:\\\/\\\/kuzeyinsesi.org\\\/index.php\\\/2026\\\/04\\\/26\\\/iskeleye-su-akisi-yeniden-basladi\\\/#respond\"]}]},{\"@type\":\"WebPage\",\"@id\":\"https:\\\/\\\/kuzeyinsesi.org\\\/index.php\\\/2026\\\/04\\\/26\\\/iskeleye-su-akisi-yeniden-basladi\\\/\",\"url\":\"https:\\\/\\\/kuzeyinsesi.org\\\/index.php\\\/2026\\\/04\\\/26\\\/iskeleye-su-akisi-yeniden-basladi\\\/\",\"name\":\"\u0130skele\u2019ye su ak\u0131\u015f\u0131 yeniden ba\u015flad\u0131 - Kuzeyin Sesi\",\"isPartOf\":{\"@id\":\"https:\\\/\\\/kuzeyinsesi.org\\\/#website\"},\"primaryImageOfPage\":{\"@id\":\"https:\\\/\\\/kuzeyinsesi.org\\\/index.php\\\/2026\\\/04\\\/26\\\/iskeleye-su-akisi-yeniden-basladi\\\/#primaryimage\"},\"image\":{\"@id\":\"https:\\\/\\\/kuzeyinsesi.org\\\/index.php\\\/2026\\\/04\\\/26\\\/iskeleye-su-akisi-yeniden-basladi\\\/#primaryimage\"},\"thumbnailUrl\":\"https:\\\/\\\/kuzeyinsesi.org\\\/wp-content\\\/uploads\\\/2026\\\/04\\\/su-kesintisi-depo-2371720.jpg\",\"datePublished\":\"2026-04-26T08:38:28+00:00\",\"author\":{\"@id\":\"https:\\\/\\\/kuzeyinsesi.org\\\/#\\\/schema\\\/person\\\/9f859689cdf01485597712386e37f5aa\"},\"breadcrumb\":{\"@id\":\"https:\\\/\\\/kuzeyinsesi.org\\\/index.php\\\/2026\\\/04\\\/26\\\/iskeleye-su-akisi-yeniden-basladi\\\/#breadcrumb\"},\"inLanguage\":\"tr\",\"potentialAction\":[{\"@type\":\"ReadAction\",\"target\":[\"https:\\\/\\\/kuzeyinsesi.org\\\/index.php\\\/2026\\\/04\\\/26\\\/iskeleye-su-akisi-yeniden-basladi\\\/\"]}]},{\"@type\":\"ImageObject\",\"inLanguage\":\"tr\",\"@id\":\"https:\\\/\\\/kuzeyinsesi.org\\\/index.php\\\/2026\\\/04\\\/26\\\/iskeleye-su-akisi-yeniden-basladi\\\/#primaryimage\",\"url\":\"https:\\\/\\\/kuzeyinsesi.org\\\/wp-content\\\/uploads\\\/2026\\\/04\\\/su-kesintisi-depo-2371720.jpg\",\"contentUrl\":\"https:\\\/\\\/kuzeyinsesi.org\\\/wp-content\\\/uploads\\\/2026\\\/04\\\/su-kesintisi-depo-2371720.jpg\",\"width\":1280,\"height\":720},{\"@type\":\"BreadcrumbList\",\"@id\":\"https:\\\/\\\/kuzeyinsesi.org\\\/index.php\\\/2026\\\/04\\\/26\\\/iskeleye-su-akisi-yeniden-basladi\\\/#breadcrumb\",\"itemListElement\":[{\"@type\":\"ListItem\",\"position\":1,\"name\":\"Anasayfa\",\"item\":\"https:\\\/\\\/kuzeyinsesi.org\\\/\"},{\"@type\":\"ListItem\",\"position\":2,\"name\":\"\u0130skele\u2019ye su ak\u0131\u015f\u0131 yeniden ba\u015flad\u0131\"}]},{\"@type\":\"WebSite\",\"@id\":\"https:\\\/\\\/kuzeyinsesi.org\\\/#website\",\"url\":\"https:\\\/\\\/kuzeyinsesi.org\\\/\",\"name\":\"Kuzeyin Sesi\",\"description\":\"Do\u011fru Haberin Adresi\",\"potentialAction\":[{\"@type\":\"SearchAction\",\"target\":{\"@type\":\"EntryPoint\",\"urlTemplate\":\"https:\\\/\\\/kuzeyinsesi.org\\\/?s={search_term_string}\"},\"query-input\":{\"@type\":\"PropertyValueSpecification\",\"valueRequired\":true,\"valueName\":\"search_term_string\"}}],\"inLanguage\":\"tr\"},{\"@type\":\"Person\",\"@id\":\"https:\\\/\\\/kuzeyinsesi.org\\\/#\\\/schema\\\/person\\\/9f859689cdf01485597712386e37f5aa\",\"name\":\"Kuzeyin Sesi\",\"image\":{\"@type\":\"ImageObject\",\"inLanguage\":\"tr\",\"@id\":\"https:\\\/\\\/secure.gravatar.com\\\/avatar\\\/bab33852abfd8b282518d6ed81826833d77c3c882d9ab608add591ccace47a44?s=96&d=mm&r=g\",\"url\":\"https:\\\/\\\/secure.gravatar.com\\\/avatar\\\/bab33852abfd8b282518d6ed81826833d77c3c882d9ab608add591ccace47a44?s=96&d=mm&r=g\",\"contentUrl\":\"https:\\\/\\\/secure.gravatar.com\\\/avatar\\\/bab33852abfd8b282518d6ed81826833d77c3c882d9ab608add591ccace47a44?s=96&d=mm&r=g\",\"caption\":\"Kuzeyin Sesi\"},\"sameAs\":[\"https:\\\/\\\/kuzeyinsesi.org\"],\"url\":\"https:\\\/\\\/kuzeyinsesi.org\\\/index.php\\\/author\\\/guven\\\/\"}]}<\/script>\n<!-- \/ Yoast SEO plugin. -->","yoast_head_json":{"title":"\u0130skele\u2019ye su ak\u0131\u015f\u0131 yeniden ba\u015flad\u0131 - Kuzeyin Sesi","robots":{"index":"index","follow":"follow","max-snippet":"max-snippet:-1","max-image-preview":"max-image-preview:large","max-video-preview":"max-video-preview:-1"},"canonical":"https:\/\/kuzeyinsesi.org\/index.php\/2026\/04\/26\/iskeleye-su-akisi-yeniden-basladi\/","og_locale":"tr_TR","og_type":"article","og_title":"\u0130skele\u2019ye su ak\u0131\u015f\u0131 yeniden ba\u015flad\u0131 - Kuzeyin Sesi","og_description":"TC\u2019den KKTC\u2019ye Su Temin Projesi kapsam\u0131nda 20 Nisan-5 May\u0131s 2026 tarihleri aras\u0131nda y\u00fcr\u00fct\u00fclen planl\u0131 \u00e7al\u0131\u015fmalar devam ederken, \u0130skele b\u00f6lgesine su ak\u0131\u015f\u0131n\u0131n yeniden ba\u015flad\u0131\u011f\u0131 bildirildi. Yap\u0131lan a\u00e7\u0131klamada, suyun hanelere ula\u015fabilmesi i\u00e7in \u015febekede gerekli bas\u0131nc\u0131n olu\u015fmas\u0131 gerekti\u011fi belirtilerek, bu nedenle baz\u0131 b\u00f6lgelerde suyun evlere ula\u015fmas\u0131n\u0131n 1 ila 2 g\u00fcn s\u00fcrebilece\u011fi kaydedildi. Yetkililer, vatanda\u015flardan bu s\u00fcre\u00e7te suyu dikkatli [&hellip;]","og_url":"https:\/\/kuzeyinsesi.org\/index.php\/2026\/04\/26\/iskeleye-su-akisi-yeniden-basladi\/","og_site_name":"Kuzeyin Sesi","article_publisher":"https:\/\/www.facebook.com\/kuzeyinsesii","article_published_time":"2026-04-26T08:38:28+00:00","author":"Kuzeyin Sesi","twitter_card":"summary_large_image","twitter_creator":"@kuzeyinsesii","twitter_site":"@kuzeyinsesii","twitter_misc":{"Yazan:":"Kuzeyin Sesi","Tahmini okuma s\u00fcresi":"1 dakika"},"schema":{"@context":"https:\/\/schema.org","@graph":[{"@type":"Article","@id":"https:\/\/kuzeyinsesi.org\/index.php\/2026\/04\/26\/iskeleye-su-akisi-yeniden-basladi\/#article","isPartOf":{"@id":"https:\/\/kuzeyinsesi.org\/index.php\/2026\/04\/26\/iskeleye-su-akisi-yeniden-basladi\/"},"author":{"name":"Kuzeyin Sesi","@id":"https:\/\/kuzeyinsesi.org\/#\/schema\/person\/9f859689cdf01485597712386e37f5aa"},"headline":"\u0130skele\u2019ye su ak\u0131\u015f\u0131 yeniden ba\u015flad\u0131","datePublished":"2026-04-26T08:38:28+00:00","mainEntityOfPage":{"@id":"https:\/\/kuzeyinsesi.org\/index.php\/2026\/04\/26\/iskeleye-su-akisi-yeniden-basladi\/"},"wordCount":114,"commentCount":0,"image":{"@id":"https:\/\/kuzeyinsesi.org\/index.php\/2026\/04\/26\/iskeleye-su-akisi-yeniden-basladi\/#primaryimage"},"thumbnailUrl":"https:\/\/kuzeyinsesi.org\/wp-content\/uploads\/2026\/04\/su-kesintisi-depo-2371720.jpg","articleSection":["K\u0131br\u0131s"],"inLanguage":"tr","potentialAction":[{"@type":"CommentAction","name":"Comment","target":["https:\/\/kuzeyinsesi.org\/index.php\/2026\/04\/26\/iskeleye-su-akisi-yeniden-basladi\/#respond"]}]},{"@type":"WebPage","@id":"https:\/\/kuzeyinsesi.org\/index.php\/2026\/04\/26\/iskeleye-su-akisi-yeniden-basladi\/","url":"https:\/\/kuzeyinsesi.org\/index.php\/2026\/04\/26\/iskeleye-su-akisi-yeniden-basladi\/","name":"\u0130skele\u2019ye su ak\u0131\u015f\u0131 yeniden ba\u015flad\u0131 - Kuzeyin Sesi","isPartOf":{"@id":"https:\/\/kuzeyinsesi.org\/#website"},"primaryImageOfPage":{"@id":"https:\/\/kuzeyinsesi.org\/index.php\/2026\/04\/26\/iskeleye-su-akisi-yeniden-basladi\/#primaryimage"},"image":{"@id":"https:\/\/kuzeyinsesi.org\/index.php\/2026\/04\/26\/iskeleye-su-akisi-yeniden-basladi\/#primaryimage"},"thumbnailUrl":"https:\/\/kuzeyinsesi.org\/wp-content\/uploads\/2026\/04\/su-kesintisi-depo-2371720.jpg","datePublished":"2026-04-26T08:38:28+00:00","author":{"@id":"https:\/\/kuzeyinsesi.org\/#\/schema\/person\/9f859689cdf01485597712386e37f5aa"},"breadcrumb":{"@id":"https:\/\/kuzeyinsesi.org\/index.php\/2026\/04\/26\/iskeleye-su-akisi-yeniden-basladi\/#breadcrumb"},"inLanguage":"tr","potentialAction":[{"@type":"ReadAction","target":["https:\/\/kuzeyinsesi.org\/index.php\/2026\/04\/26\/iskeleye-su-akisi-yeniden-basladi\/"]}]},{"@type":"ImageObject","inLanguage":"tr","@id":"https:\/\/kuzeyinsesi.org\/index.php\/2026\/04\/26\/iskeleye-su-akisi-yeniden-basladi\/#primaryimage","url":"https:\/\/kuzeyinsesi.org\/wp-content\/uploads\/2026\/04\/su-kesintisi-depo-2371720.jpg","contentUrl":"https:\/\/kuzeyinsesi.org\/wp-content\/uploads\/2026\/04\/su-kesintisi-depo-2371720.jpg","width":1280,"height":720},{"@type":"BreadcrumbList","@id":"https:\/\/kuzeyinsesi.org\/index.php\/2026\/04\/26\/iskeleye-su-akisi-yeniden-basladi\/#breadcrumb","itemListElement":[{"@type":"ListItem","position":1,"name":"Anasayfa","item":"https:\/\/kuzeyinsesi.org\/"},{"@type":"ListItem","position":2,"name":"\u0130skele\u2019ye su ak\u0131\u015f\u0131 yeniden ba\u015flad\u0131"}]},{"@type":"WebSite","@id":"https:\/\/kuzeyinsesi.org\/#website","url":"https:\/\/kuzeyinsesi.org\/","name":"Kuzeyin Sesi","description":"Do\u011fru Haberin Adresi","potentialAction":[{"@type":"SearchAction","target":{"@type":"EntryPoint","urlTemplate":"https:\/\/kuzeyinsesi.org\/?s={search_term_string}"},"query-input":{"@type":"PropertyValueSpecification","valueRequired":true,"valueName":"search_term_string"}}],"inLanguage":"tr"},{"@type":"Person","@id":"https:\/\/kuzeyinsesi.org\/#\/schema\/person\/9f859689cdf01485597712386e37f5aa","name":"Kuzeyin Sesi","image":{"@type":"ImageObject","inLanguage":"tr","@id":"https:\/\/secure.gravatar.com\/avatar\/bab33852abfd8b282518d6ed81826833d77c3c882d9ab608add591ccace47a44?s=96&d=mm&r=g","url":"https:\/\/secure.gravatar.com\/avatar\/bab33852abfd8b282518d6ed81826833d77c3c882d9ab608add591ccace47a44?s=96&d=mm&r=g","contentUrl":"https:\/\/secure.gravatar.com\/avatar\/bab33852abfd8b282518d6ed81826833d77c3c882d9ab608add591ccace47a44?s=96&d=mm&r=g","caption":"Kuzeyin Sesi"},"sameAs":["https:\/\/kuzeyinsesi.org"],"url":"https:\/\/kuzeyinsesi.org\/index.php\/author\/guven\/"}]}},"_links":{"self":[{"href":"https:\/\/kuzeyinsesi.org\/index.php\/wp-json\/wp\/v2\/posts\/37310","targetHints":{"allow":["GET"]}}],"collection":[{"href":"https:\/\/kuzeyinsesi.org\/index.php\/wp-json\/wp\/v2\/posts"}],"about":[{"href":"https:\/\/kuzeyinsesi.org\/index.php\/wp-json\/wp\/v2\/types\/post"}],"author":[{"embeddable":true,"href":"https:\/\/kuzeyinsesi.org\/index.php\/wp-json\/wp\/v2\/users\/1"}],"replies":[{"embeddable":true,"href":"https:\/\/kuzeyinsesi.org\/index.php\/wp-json\/wp\/v2\/comments?post=37310"}],"version-history":[{"count":0,"href":"https:\/\/kuzeyinsesi.org\/index.php\/wp-json\/wp\/v2\/posts\/37310\/revisions"}],"wp:featuredmedia":[{"embeddable":true,"href":"https:\/\/kuzeyinsesi.org\/index.php\/wp-json\/wp\/v2\/media\/37311"}],"wp:attachment":[{"href":"https:\/\/kuzeyinsesi.org\/index.php\/wp-json\/wp\/v2\/media?parent=37310"}],"wp:term":[{"taxonomy":"category","embeddable":true,"href":"https:\/\/kuzeyinsesi.org\/index.php\/wp-json\/wp\/v2\/categories?post=37310"},{"taxonomy":"post_tag","embeddable":true,"href":"https:\/\/kuzeyinsesi.org\/index.php\/wp-json\/wp\/v2\/tags?post=37310"}],"curies":[{"name":"wp","href":"https:\/\/api.w.org\/{rel}","templated":true}]}}