{"id":37304,"date":"2026-04-26T10:15:20","date_gmt":"2026-04-26T07:15:20","guid":{"rendered":"https:\/\/kuzeyinsesi.org\/index.php\/2026\/04\/26\/abdnin-iran-limanlarina-ablukasi-suruyor-37-gemiyi-geri-dondurduler\/"},"modified":"2026-04-26T10:15:20","modified_gmt":"2026-04-26T07:15:20","slug":"abdnin-iran-limanlarina-ablukasi-suruyor-37-gemiyi-geri-dondurduler","status":"publish","type":"post","link":"https:\/\/kuzeyinsesi.org\/index.php\/2026\/04\/26\/abdnin-iran-limanlarina-ablukasi-suruyor-37-gemiyi-geri-dondurduler\/","title":{"rendered":"ABD&#039;nin \u0130ran limanlar\u0131na ablukas\u0131 s\u00fcr\u00fcyor: 37 gemiyi geri d\u00f6nd\u00fcrd\u00fcler"},"content":{"rendered":"<p><\/p>\n<div>\n<p>&#13;<br \/>\n\tCENTCOM&#8217;un sosyal <a href=\"https:\/\/www.trthaber.com\/etiket\/medya\/\" target=\"_blank\">medya<\/a> hesab\u0131ndan konuya ili\u015fkin a\u00e7\u0131klama yap\u0131ld\u0131.<\/p>\n<p>&#13;<br \/>\n\tA\u00e7\u0131klamada, \u0130ran&#8217;a ait <a href=\"https:\/\/www.trthaber.com\/etiket\/petrol\/\" target=\"_blank\">petrol<\/a> ve <a href=\"https:\/\/www.trthaber.com\/etiket\/dogal-gaz\/\" target=\"_blank\">do\u011fal gaz<\/a> dahil <a href=\"https:\/\/www.trthaber.com\/etiket\/enerji\/\" target=\"_blank\">enerji<\/a> \u00fcr\u00fcnlerini yabanc\u0131 pazarlara ta\u015f\u0131d\u0131\u011f\u0131 gerek\u00e7esiyle <a href=\"https:\/\/www.trthaber.com\/etiket\/abd\/\" target=\"_blank\">ABD<\/a> Hazine Bakanl\u0131\u011f\u0131 taraf\u0131ndan yapt\u0131r\u0131m uygulanan 19 &#8220;g\u00f6lge filo&#8221; gemisinden biri oldu\u011fu belirtilen ticari geminin <a href=\"https:\/\/www.trthaber.com\/etiket\/umman\/\" target=\"_blank\">Umman<\/a> Denizi&#8217;nde durduruldu\u011fu aktar\u0131ld\u0131.<\/p>\n<p>&#13;<br \/>\n\tS\u00f6z konusu geminin, ABD ordusunun talimatlar\u0131yla \u0130ran&#8217;a geri y\u00f6nlendirildi\u011fi kaydedilen a\u00e7\u0131klamada, ablukan\u0131n ba\u015flamas\u0131ndan bu yana 37 geminin geri d\u00f6nd\u00fcr\u00fcld\u00fc\u011f\u00fc bilgisi payla\u015f\u0131ld\u0131.<\/p>\n<p>&#13;<br \/>\n\tABD Ba\u015fkan\u0131 Donald Trump, \u0130ran&#8217;la Pakistan&#8217;da y\u00fcr\u00fct\u00fclen m\u00fczakere s\u00fcrecinin ba\u015far\u0131s\u0131zl\u0131\u011fa u\u011framas\u0131n\u0131n ard\u0131ndan yapt\u0131\u011f\u0131 a\u00e7\u0131klamada, H\u00fcrm\u00fcz Bo\u011faz\u0131&#8217;n\u0131 abluka alt\u0131na alma s\u00fcrecini ba\u015flatacaklar\u0131n\u0131 duyurmu\u015ftu.<\/p>\n<p>&#13;<br \/>\n\tCENTCOM da ABD&#8217;nin <a href=\"https:\/\/www.trthaber.com\/etiket\/iran\/\" target=\"_blank\">\u0130ran<\/a> limanlar\u0131na y\u00f6nelik ablukas\u0131na 10 binden fazla askerin yan\u0131 s\u0131ra onlarca <a href=\"https:\/\/www.trthaber.com\/etiket\/savas\/\" target=\"_blank\">sava\u015f<\/a> gemisiyle sava\u015f u\u00e7a\u011f\u0131n\u0131n e\u015flik etti\u011fini a\u00e7\u0131klam\u0131\u015ft\u0131.<\/p>\n<\/p><\/div>\n","protected":false},"excerpt":{"rendered":"<p>&#13; CENTCOM&#8217;un sosyal medya hesab\u0131ndan konuya ili\u015fkin a\u00e7\u0131klama yap\u0131ld\u0131. &#13; A\u00e7\u0131klamada, \u0130ran&#8217;a ait petrol ve do\u011fal gaz dahil enerji \u00fcr\u00fcnlerini yabanc\u0131 pazarlara ta\u015f\u0131d\u0131\u011f\u0131 gerek\u00e7esiyle ABD Hazine Bakanl\u0131\u011f\u0131 taraf\u0131ndan yapt\u0131r\u0131m uygulanan 19 &#8220;g\u00f6lge filo&#8221; gemisinden biri oldu\u011fu belirtilen ticari geminin Umman Denizi&#8217;nde durduruldu\u011fu aktar\u0131ld\u0131. &#13; S\u00f6z konusu geminin, ABD ordusunun talimatlar\u0131yla \u0130ran&#8217;a geri y\u00f6nlendirildi\u011fi kaydedilen a\u00e7\u0131klamada, [&hellip;]<\/p>\n","protected":false},"author":1,"featured_media":36746,"comment_status":"open","ping_status":"open","sticky":false,"template":"","format":"standard","meta":{"jnews-multi-image_gallery":[],"jnews_single_post":[],"jnews_primary_category":[],"jnews_social_meta":[],"jnews_override_counter":[],"footnotes":""},"categories":[2],"tags":[],"class_list":["post-37304","post","type-post","status-publish","format-standard","has-post-thumbnail","hentry","category-dunya"],"yoast_head":"<!-- This site is optimized with the Yoast SEO plugin v27.4 - https:\/\/yoast.com\/product\/yoast-seo-wordpress\/ -->\n<title>ABD&#039;nin \u0130ran limanlar\u0131na ablukas\u0131 s\u00fcr\u00fcyor: 37 gemiyi geri d\u00f6nd\u00fcrd\u00fcler - Kuzeyin Sesi<\/title>\n<meta name=\"robots\" content=\"index, follow, max-snippet:-1, max-image-preview:large, max-video-preview:-1\" \/>\n<link rel=\"canonical\" href=\"https:\/\/kuzeyinsesi.org\/index.php\/2026\/04\/26\/abdnin-iran-limanlarina-ablukasi-suruyor-37-gemiyi-geri-dondurduler\/\" \/>\n<meta property=\"og:locale\" content=\"tr_TR\" \/>\n<meta property=\"og:type\" content=\"article\" \/>\n<meta property=\"og:title\" content=\"ABD&#039;nin \u0130ran limanlar\u0131na ablukas\u0131 s\u00fcr\u00fcyor: 37 gemiyi geri d\u00f6nd\u00fcrd\u00fcler - Kuzeyin Sesi\" \/>\n<meta property=\"og:description\" content=\"&#013; CENTCOM&#8217;un sosyal medya hesab\u0131ndan konuya ili\u015fkin a\u00e7\u0131klama yap\u0131ld\u0131. &#013; A\u00e7\u0131klamada, \u0130ran&#8217;a ait petrol ve do\u011fal gaz dahil enerji \u00fcr\u00fcnlerini yabanc\u0131 pazarlara ta\u015f\u0131d\u0131\u011f\u0131 gerek\u00e7esiyle ABD Hazine Bakanl\u0131\u011f\u0131 taraf\u0131ndan yapt\u0131r\u0131m uygulanan 19 &#8220;g\u00f6lge filo&#8221; gemisinden biri oldu\u011fu belirtilen ticari geminin Umman Denizi&#8217;nde durduruldu\u011fu aktar\u0131ld\u0131. &#013; S\u00f6z konusu geminin, ABD ordusunun talimatlar\u0131yla \u0130ran&#8217;a geri y\u00f6nlendirildi\u011fi kaydedilen a\u00e7\u0131klamada, [&hellip;]\" \/>\n<meta property=\"og:url\" content=\"https:\/\/kuzeyinsesi.org\/index.php\/2026\/04\/26\/abdnin-iran-limanlarina-ablukasi-suruyor-37-gemiyi-geri-dondurduler\/\" \/>\n<meta property=\"og:site_name\" content=\"Kuzeyin Sesi\" \/>\n<meta property=\"article:publisher\" content=\"https:\/\/www.facebook.com\/kuzeyinsesii\" \/>\n<meta property=\"article:published_time\" content=\"2026-04-26T07:15:20+00:00\" \/>\n<meta property=\"og:image\" content=\"https:\/\/trthaberstatic.cdn.wp.trt.com.tr\/resimler\/1636000\/centcom-ap-1636967.jpg\" \/>\n<meta name=\"author\" content=\"Kuzeyin Sesi\" \/>\n<meta name=\"twitter:card\" content=\"summary_large_image\" \/>\n<meta name=\"twitter:creator\" content=\"@kuzeyinsesii\" \/>\n<meta name=\"twitter:site\" content=\"@kuzeyinsesii\" \/>\n<meta name=\"twitter:label1\" content=\"Yazan:\" \/>\n\t<meta name=\"twitter:data1\" content=\"Kuzeyin Sesi\" \/>\n\t<meta name=\"twitter:label2\" content=\"Tahmini okuma s\u00fcresi\" \/>\n\t<meta name=\"twitter:data2\" content=\"1 dakika\" \/>\n<script type=\"application\/ld+json\" class=\"yoast-schema-graph\">{\"@context\":\"https:\\\/\\\/schema.org\",\"@graph\":[{\"@type\":\"Article\",\"@id\":\"https:\\\/\\\/kuzeyinsesi.org\\\/index.php\\\/2026\\\/04\\\/26\\\/abdnin-iran-limanlarina-ablukasi-suruyor-37-gemiyi-geri-dondurduler\\\/#article\",\"isPartOf\":{\"@id\":\"https:\\\/\\\/kuzeyinsesi.org\\\/index.php\\\/2026\\\/04\\\/26\\\/abdnin-iran-limanlarina-ablukasi-suruyor-37-gemiyi-geri-dondurduler\\\/\"},\"author\":{\"name\":\"Kuzeyin Sesi\",\"@id\":\"https:\\\/\\\/kuzeyinsesi.org\\\/#\\\/schema\\\/person\\\/9f859689cdf01485597712386e37f5aa\"},\"headline\":\"ABD&#039;nin \u0130ran limanlar\u0131na ablukas\u0131 s\u00fcr\u00fcyor: 37 gemiyi geri d\u00f6nd\u00fcrd\u00fcler\",\"datePublished\":\"2026-04-26T07:15:20+00:00\",\"mainEntityOfPage\":{\"@id\":\"https:\\\/\\\/kuzeyinsesi.org\\\/index.php\\\/2026\\\/04\\\/26\\\/abdnin-iran-limanlarina-ablukasi-suruyor-37-gemiyi-geri-dondurduler\\\/\"},\"wordCount\":187,\"commentCount\":0,\"image\":{\"@id\":\"https:\\\/\\\/kuzeyinsesi.org\\\/index.php\\\/2026\\\/04\\\/26\\\/abdnin-iran-limanlarina-ablukasi-suruyor-37-gemiyi-geri-dondurduler\\\/#primaryimage\"},\"thumbnailUrl\":\"https:\\\/\\\/kuzeyinsesi.org\\\/wp-content\\\/uploads\\\/2026\\\/04\\\/centcom-ap-1636967.jpg\",\"articleSection\":[\"D\u00fcnya\"],\"inLanguage\":\"tr\",\"potentialAction\":[{\"@type\":\"CommentAction\",\"name\":\"Comment\",\"target\":[\"https:\\\/\\\/kuzeyinsesi.org\\\/index.php\\\/2026\\\/04\\\/26\\\/abdnin-iran-limanlarina-ablukasi-suruyor-37-gemiyi-geri-dondurduler\\\/#respond\"]}]},{\"@type\":\"WebPage\",\"@id\":\"https:\\\/\\\/kuzeyinsesi.org\\\/index.php\\\/2026\\\/04\\\/26\\\/abdnin-iran-limanlarina-ablukasi-suruyor-37-gemiyi-geri-dondurduler\\\/\",\"url\":\"https:\\\/\\\/kuzeyinsesi.org\\\/index.php\\\/2026\\\/04\\\/26\\\/abdnin-iran-limanlarina-ablukasi-suruyor-37-gemiyi-geri-dondurduler\\\/\",\"name\":\"ABD&#039;nin \u0130ran limanlar\u0131na ablukas\u0131 s\u00fcr\u00fcyor: 37 gemiyi geri d\u00f6nd\u00fcrd\u00fcler - Kuzeyin Sesi\",\"isPartOf\":{\"@id\":\"https:\\\/\\\/kuzeyinsesi.org\\\/#website\"},\"primaryImageOfPage\":{\"@id\":\"https:\\\/\\\/kuzeyinsesi.org\\\/index.php\\\/2026\\\/04\\\/26\\\/abdnin-iran-limanlarina-ablukasi-suruyor-37-gemiyi-geri-dondurduler\\\/#primaryimage\"},\"image\":{\"@id\":\"https:\\\/\\\/kuzeyinsesi.org\\\/index.php\\\/2026\\\/04\\\/26\\\/abdnin-iran-limanlarina-ablukasi-suruyor-37-gemiyi-geri-dondurduler\\\/#primaryimage\"},\"thumbnailUrl\":\"https:\\\/\\\/kuzeyinsesi.org\\\/wp-content\\\/uploads\\\/2026\\\/04\\\/centcom-ap-1636967.jpg\",\"datePublished\":\"2026-04-26T07:15:20+00:00\",\"author\":{\"@id\":\"https:\\\/\\\/kuzeyinsesi.org\\\/#\\\/schema\\\/person\\\/9f859689cdf01485597712386e37f5aa\"},\"breadcrumb\":{\"@id\":\"https:\\\/\\\/kuzeyinsesi.org\\\/index.php\\\/2026\\\/04\\\/26\\\/abdnin-iran-limanlarina-ablukasi-suruyor-37-gemiyi-geri-dondurduler\\\/#breadcrumb\"},\"inLanguage\":\"tr\",\"potentialAction\":[{\"@type\":\"ReadAction\",\"target\":[\"https:\\\/\\\/kuzeyinsesi.org\\\/index.php\\\/2026\\\/04\\\/26\\\/abdnin-iran-limanlarina-ablukasi-suruyor-37-gemiyi-geri-dondurduler\\\/\"]}]},{\"@type\":\"ImageObject\",\"inLanguage\":\"tr\",\"@id\":\"https:\\\/\\\/kuzeyinsesi.org\\\/index.php\\\/2026\\\/04\\\/26\\\/abdnin-iran-limanlarina-ablukasi-suruyor-37-gemiyi-geri-dondurduler\\\/#primaryimage\",\"url\":\"https:\\\/\\\/kuzeyinsesi.org\\\/wp-content\\\/uploads\\\/2026\\\/04\\\/centcom-ap-1636967.jpg\",\"contentUrl\":\"https:\\\/\\\/kuzeyinsesi.org\\\/wp-content\\\/uploads\\\/2026\\\/04\\\/centcom-ap-1636967.jpg\",\"width\":1280,\"height\":720},{\"@type\":\"BreadcrumbList\",\"@id\":\"https:\\\/\\\/kuzeyinsesi.org\\\/index.php\\\/2026\\\/04\\\/26\\\/abdnin-iran-limanlarina-ablukasi-suruyor-37-gemiyi-geri-dondurduler\\\/#breadcrumb\",\"itemListElement\":[{\"@type\":\"ListItem\",\"position\":1,\"name\":\"Anasayfa\",\"item\":\"https:\\\/\\\/kuzeyinsesi.org\\\/\"},{\"@type\":\"ListItem\",\"position\":2,\"name\":\"ABD&#039;nin \u0130ran limanlar\u0131na ablukas\u0131 s\u00fcr\u00fcyor: 37 gemiyi geri d\u00f6nd\u00fcrd\u00fcler\"}]},{\"@type\":\"WebSite\",\"@id\":\"https:\\\/\\\/kuzeyinsesi.org\\\/#website\",\"url\":\"https:\\\/\\\/kuzeyinsesi.org\\\/\",\"name\":\"Kuzeyin Sesi\",\"description\":\"Do\u011fru Haberin Adresi\",\"potentialAction\":[{\"@type\":\"SearchAction\",\"target\":{\"@type\":\"EntryPoint\",\"urlTemplate\":\"https:\\\/\\\/kuzeyinsesi.org\\\/?s={search_term_string}\"},\"query-input\":{\"@type\":\"PropertyValueSpecification\",\"valueRequired\":true,\"valueName\":\"search_term_string\"}}],\"inLanguage\":\"tr\"},{\"@type\":\"Person\",\"@id\":\"https:\\\/\\\/kuzeyinsesi.org\\\/#\\\/schema\\\/person\\\/9f859689cdf01485597712386e37f5aa\",\"name\":\"Kuzeyin Sesi\",\"image\":{\"@type\":\"ImageObject\",\"inLanguage\":\"tr\",\"@id\":\"https:\\\/\\\/secure.gravatar.com\\\/avatar\\\/bab33852abfd8b282518d6ed81826833d77c3c882d9ab608add591ccace47a44?s=96&d=mm&r=g\",\"url\":\"https:\\\/\\\/secure.gravatar.com\\\/avatar\\\/bab33852abfd8b282518d6ed81826833d77c3c882d9ab608add591ccace47a44?s=96&d=mm&r=g\",\"contentUrl\":\"https:\\\/\\\/secure.gravatar.com\\\/avatar\\\/bab33852abfd8b282518d6ed81826833d77c3c882d9ab608add591ccace47a44?s=96&d=mm&r=g\",\"caption\":\"Kuzeyin Sesi\"},\"sameAs\":[\"https:\\\/\\\/kuzeyinsesi.org\"],\"url\":\"https:\\\/\\\/kuzeyinsesi.org\\\/index.php\\\/author\\\/guven\\\/\"}]}<\/script>\n<!-- \/ Yoast SEO plugin. -->","yoast_head_json":{"title":"ABD&#039;nin \u0130ran limanlar\u0131na ablukas\u0131 s\u00fcr\u00fcyor: 37 gemiyi geri d\u00f6nd\u00fcrd\u00fcler - Kuzeyin Sesi","robots":{"index":"index","follow":"follow","max-snippet":"max-snippet:-1","max-image-preview":"max-image-preview:large","max-video-preview":"max-video-preview:-1"},"canonical":"https:\/\/kuzeyinsesi.org\/index.php\/2026\/04\/26\/abdnin-iran-limanlarina-ablukasi-suruyor-37-gemiyi-geri-dondurduler\/","og_locale":"tr_TR","og_type":"article","og_title":"ABD&#039;nin \u0130ran limanlar\u0131na ablukas\u0131 s\u00fcr\u00fcyor: 37 gemiyi geri d\u00f6nd\u00fcrd\u00fcler - Kuzeyin Sesi","og_description":"&#13; CENTCOM&#8217;un sosyal medya hesab\u0131ndan konuya ili\u015fkin a\u00e7\u0131klama yap\u0131ld\u0131. &#13; A\u00e7\u0131klamada, \u0130ran&#8217;a ait petrol ve do\u011fal gaz dahil enerji \u00fcr\u00fcnlerini yabanc\u0131 pazarlara ta\u015f\u0131d\u0131\u011f\u0131 gerek\u00e7esiyle ABD Hazine Bakanl\u0131\u011f\u0131 taraf\u0131ndan yapt\u0131r\u0131m uygulanan 19 &#8220;g\u00f6lge filo&#8221; gemisinden biri oldu\u011fu belirtilen ticari geminin Umman Denizi&#8217;nde durduruldu\u011fu aktar\u0131ld\u0131. &#13; S\u00f6z konusu geminin, ABD ordusunun talimatlar\u0131yla \u0130ran&#8217;a geri y\u00f6nlendirildi\u011fi kaydedilen a\u00e7\u0131klamada, [&hellip;]","og_url":"https:\/\/kuzeyinsesi.org\/index.php\/2026\/04\/26\/abdnin-iran-limanlarina-ablukasi-suruyor-37-gemiyi-geri-dondurduler\/","og_site_name":"Kuzeyin Sesi","article_publisher":"https:\/\/www.facebook.com\/kuzeyinsesii","article_published_time":"2026-04-26T07:15:20+00:00","og_image":[{"url":"https:\/\/trthaberstatic.cdn.wp.trt.com.tr\/resimler\/1636000\/centcom-ap-1636967.jpg","type":"","width":"","height":""}],"author":"Kuzeyin Sesi","twitter_card":"summary_large_image","twitter_creator":"@kuzeyinsesii","twitter_site":"@kuzeyinsesii","twitter_misc":{"Yazan:":"Kuzeyin Sesi","Tahmini okuma s\u00fcresi":"1 dakika"},"schema":{"@context":"https:\/\/schema.org","@graph":[{"@type":"Article","@id":"https:\/\/kuzeyinsesi.org\/index.php\/2026\/04\/26\/abdnin-iran-limanlarina-ablukasi-suruyor-37-gemiyi-geri-dondurduler\/#article","isPartOf":{"@id":"https:\/\/kuzeyinsesi.org\/index.php\/2026\/04\/26\/abdnin-iran-limanlarina-ablukasi-suruyor-37-gemiyi-geri-dondurduler\/"},"author":{"name":"Kuzeyin Sesi","@id":"https:\/\/kuzeyinsesi.org\/#\/schema\/person\/9f859689cdf01485597712386e37f5aa"},"headline":"ABD&#039;nin \u0130ran limanlar\u0131na ablukas\u0131 s\u00fcr\u00fcyor: 37 gemiyi geri d\u00f6nd\u00fcrd\u00fcler","datePublished":"2026-04-26T07:15:20+00:00","mainEntityOfPage":{"@id":"https:\/\/kuzeyinsesi.org\/index.php\/2026\/04\/26\/abdnin-iran-limanlarina-ablukasi-suruyor-37-gemiyi-geri-dondurduler\/"},"wordCount":187,"commentCount":0,"image":{"@id":"https:\/\/kuzeyinsesi.org\/index.php\/2026\/04\/26\/abdnin-iran-limanlarina-ablukasi-suruyor-37-gemiyi-geri-dondurduler\/#primaryimage"},"thumbnailUrl":"https:\/\/kuzeyinsesi.org\/wp-content\/uploads\/2026\/04\/centcom-ap-1636967.jpg","articleSection":["D\u00fcnya"],"inLanguage":"tr","potentialAction":[{"@type":"CommentAction","name":"Comment","target":["https:\/\/kuzeyinsesi.org\/index.php\/2026\/04\/26\/abdnin-iran-limanlarina-ablukasi-suruyor-37-gemiyi-geri-dondurduler\/#respond"]}]},{"@type":"WebPage","@id":"https:\/\/kuzeyinsesi.org\/index.php\/2026\/04\/26\/abdnin-iran-limanlarina-ablukasi-suruyor-37-gemiyi-geri-dondurduler\/","url":"https:\/\/kuzeyinsesi.org\/index.php\/2026\/04\/26\/abdnin-iran-limanlarina-ablukasi-suruyor-37-gemiyi-geri-dondurduler\/","name":"ABD&#039;nin \u0130ran limanlar\u0131na ablukas\u0131 s\u00fcr\u00fcyor: 37 gemiyi geri d\u00f6nd\u00fcrd\u00fcler - Kuzeyin Sesi","isPartOf":{"@id":"https:\/\/kuzeyinsesi.org\/#website"},"primaryImageOfPage":{"@id":"https:\/\/kuzeyinsesi.org\/index.php\/2026\/04\/26\/abdnin-iran-limanlarina-ablukasi-suruyor-37-gemiyi-geri-dondurduler\/#primaryimage"},"image":{"@id":"https:\/\/kuzeyinsesi.org\/index.php\/2026\/04\/26\/abdnin-iran-limanlarina-ablukasi-suruyor-37-gemiyi-geri-dondurduler\/#primaryimage"},"thumbnailUrl":"https:\/\/kuzeyinsesi.org\/wp-content\/uploads\/2026\/04\/centcom-ap-1636967.jpg","datePublished":"2026-04-26T07:15:20+00:00","author":{"@id":"https:\/\/kuzeyinsesi.org\/#\/schema\/person\/9f859689cdf01485597712386e37f5aa"},"breadcrumb":{"@id":"https:\/\/kuzeyinsesi.org\/index.php\/2026\/04\/26\/abdnin-iran-limanlarina-ablukasi-suruyor-37-gemiyi-geri-dondurduler\/#breadcrumb"},"inLanguage":"tr","potentialAction":[{"@type":"ReadAction","target":["https:\/\/kuzeyinsesi.org\/index.php\/2026\/04\/26\/abdnin-iran-limanlarina-ablukasi-suruyor-37-gemiyi-geri-dondurduler\/"]}]},{"@type":"ImageObject","inLanguage":"tr","@id":"https:\/\/kuzeyinsesi.org\/index.php\/2026\/04\/26\/abdnin-iran-limanlarina-ablukasi-suruyor-37-gemiyi-geri-dondurduler\/#primaryimage","url":"https:\/\/kuzeyinsesi.org\/wp-content\/uploads\/2026\/04\/centcom-ap-1636967.jpg","contentUrl":"https:\/\/kuzeyinsesi.org\/wp-content\/uploads\/2026\/04\/centcom-ap-1636967.jpg","width":1280,"height":720},{"@type":"BreadcrumbList","@id":"https:\/\/kuzeyinsesi.org\/index.php\/2026\/04\/26\/abdnin-iran-limanlarina-ablukasi-suruyor-37-gemiyi-geri-dondurduler\/#breadcrumb","itemListElement":[{"@type":"ListItem","position":1,"name":"Anasayfa","item":"https:\/\/kuzeyinsesi.org\/"},{"@type":"ListItem","position":2,"name":"ABD&#039;nin \u0130ran limanlar\u0131na ablukas\u0131 s\u00fcr\u00fcyor: 37 gemiyi geri d\u00f6nd\u00fcrd\u00fcler"}]},{"@type":"WebSite","@id":"https:\/\/kuzeyinsesi.org\/#website","url":"https:\/\/kuzeyinsesi.org\/","name":"Kuzeyin Sesi","description":"Do\u011fru Haberin Adresi","potentialAction":[{"@type":"SearchAction","target":{"@type":"EntryPoint","urlTemplate":"https:\/\/kuzeyinsesi.org\/?s={search_term_string}"},"query-input":{"@type":"PropertyValueSpecification","valueRequired":true,"valueName":"search_term_string"}}],"inLanguage":"tr"},{"@type":"Person","@id":"https:\/\/kuzeyinsesi.org\/#\/schema\/person\/9f859689cdf01485597712386e37f5aa","name":"Kuzeyin Sesi","image":{"@type":"ImageObject","inLanguage":"tr","@id":"https:\/\/secure.gravatar.com\/avatar\/bab33852abfd8b282518d6ed81826833d77c3c882d9ab608add591ccace47a44?s=96&d=mm&r=g","url":"https:\/\/secure.gravatar.com\/avatar\/bab33852abfd8b282518d6ed81826833d77c3c882d9ab608add591ccace47a44?s=96&d=mm&r=g","contentUrl":"https:\/\/secure.gravatar.com\/avatar\/bab33852abfd8b282518d6ed81826833d77c3c882d9ab608add591ccace47a44?s=96&d=mm&r=g","caption":"Kuzeyin Sesi"},"sameAs":["https:\/\/kuzeyinsesi.org"],"url":"https:\/\/kuzeyinsesi.org\/index.php\/author\/guven\/"}]}},"_links":{"self":[{"href":"https:\/\/kuzeyinsesi.org\/index.php\/wp-json\/wp\/v2\/posts\/37304","targetHints":{"allow":["GET"]}}],"collection":[{"href":"https:\/\/kuzeyinsesi.org\/index.php\/wp-json\/wp\/v2\/posts"}],"about":[{"href":"https:\/\/kuzeyinsesi.org\/index.php\/wp-json\/wp\/v2\/types\/post"}],"author":[{"embeddable":true,"href":"https:\/\/kuzeyinsesi.org\/index.php\/wp-json\/wp\/v2\/users\/1"}],"replies":[{"embeddable":true,"href":"https:\/\/kuzeyinsesi.org\/index.php\/wp-json\/wp\/v2\/comments?post=37304"}],"version-history":[{"count":0,"href":"https:\/\/kuzeyinsesi.org\/index.php\/wp-json\/wp\/v2\/posts\/37304\/revisions"}],"wp:featuredmedia":[{"embeddable":true,"href":"https:\/\/kuzeyinsesi.org\/index.php\/wp-json\/wp\/v2\/media\/36746"}],"wp:attachment":[{"href":"https:\/\/kuzeyinsesi.org\/index.php\/wp-json\/wp\/v2\/media?parent=37304"}],"wp:term":[{"taxonomy":"category","embeddable":true,"href":"https:\/\/kuzeyinsesi.org\/index.php\/wp-json\/wp\/v2\/categories?post=37304"},{"taxonomy":"post_tag","embeddable":true,"href":"https:\/\/kuzeyinsesi.org\/index.php\/wp-json\/wp\/v2\/tags?post=37304"}],"curies":[{"name":"wp","href":"https:\/\/api.w.org\/{rel}","templated":true}]}}