{"id":37302,"date":"2026-04-26T10:11:08","date_gmt":"2026-04-26T07:11:08","guid":{"rendered":"https:\/\/kuzeyinsesi.org\/index.php\/2026\/04\/26\/lefkosa-mezarligi-yuzde-95-doldu\/"},"modified":"2026-04-26T10:11:08","modified_gmt":"2026-04-26T07:11:08","slug":"lefkosa-mezarligi-yuzde-95-doldu","status":"publish","type":"post","link":"https:\/\/kuzeyinsesi.org\/index.php\/2026\/04\/26\/lefkosa-mezarligi-yuzde-95-doldu\/","title":{"rendered":"Lefko\u015fa Mezarl\u0131\u011f\u0131 y\u00fczde 95 doldu!"},"content":{"rendered":"<p><strong><u>Son 2 y\u0131lda bin 22 ki\u015finin defnedildi\u011fi ba\u015fkentteki Lefko\u015fa Kabristanl\u0131\u011f\u0131 dolmak \u00fczere. Buna bir de vefat eden e\u015finin ya da 18 ya\u015f\u0131ndan k\u00fc\u00e7\u00fck \u00e7ocu\u011funun yan\u0131 ba\u015f\u0131na g\u00f6m\u00fclmek isteyenler eklenince, mezarl\u0131kta yer kalmad\u0131<\/u><\/strong><\/p>\n<p><strong>\u00a0<\/strong><\/p>\n<p><strong>Yeni mezarl\u0131k arazisi mahkemelik\u2026 <\/strong>Mezarl\u0131k alan\u0131n\u0131n doluyor olmas\u0131 nedeniyle Hamitk\u00f6y\u2019de yakla\u015f\u0131k 400 d\u00f6n\u00fcml\u00fck arazi Lefko\u015fa T\u00fcrk Belediyesi\u2019ne tahsis edildi ancak bu arazi bir s\u00fcre sonra geri al\u0131nd\u0131. Konu mahkemeye ta\u015f\u0131nd\u0131. S\u00fcre\u00e7 belirsizli\u011fini koruyor<\/p>\n<p>&nbsp;<\/p>\n<p><strong><u>Cemre CEMAL\u0130<\/u><\/strong><\/p>\n<p>&nbsp;<\/p>\n<p>Ba\u015fkent\u2019teki Lefko\u015fa Kabristanl\u0131\u011f\u0131\u2019nda son iki y\u0131lda bin 22 ki\u015fi son yolculu\u011funa u\u011furland\u0131.<\/p>\n<p>KIBRIS Muhabiri, Lefko\u015fa T\u00fcrk Belediyesi (LTB) Defin \u0130\u015fleri Sorumlusu M\u00fcn\u00fcr Av\u015faro\u011flu ile g\u00f6r\u00fc\u015ferek, Lefko\u015fa Mezarl\u0131\u011f\u0131\u2019n\u0131n 2024 ve 2025 y\u0131llar\u0131ndaki defin verilerine ili\u015fkin bilgi ald\u0131.<\/p>\n<p>LTB, yaln\u0131zca kendi s\u0131n\u0131rlar\u0131 i\u00e7indeki cenazelere de\u011fil, d\u0131\u015f belediyelere de cenaze haz\u0131rl\u0131k hizmeti veriyor. Bu kapsamda vefat eden ki\u015fi, ilgili belediyenin cenaze nakil arac\u0131yla Lefko\u015fa Mezarl\u0131\u011f\u0131\u2019nda bulunan gasilhaneye getiriliyor ve belediyenin gassallar\u0131 taraf\u0131ndan y\u0131kan\u0131p kefenleniyor.<\/p>\n<p>\u0130ki y\u0131ll\u0131k s\u00fcrede, 914 cenaze Lefko\u015fa Mezarl\u0131\u011f\u0131\u2019nda y\u0131kan\u0131p haz\u0131rlanarak teslim edilirken; bu cenazelerden 219\u2019unu otopsili cenazeler olu\u015fturdu.<\/p>\n<p>Yakla\u015f\u0131k 230 d\u00f6n\u00fcm alana sahip olan Lefko\u015fa Mezarl\u0131\u011f\u0131\u2019n\u0131n doluluk oran\u0131n\u0131n y\u00fczde 95 seviyelerine ula\u015ft\u0131\u011f\u0131 bilgisi al\u0131n\u0131rken; bu durumun, hem g\u00f6mme i\u015flemlerini hem de mezar yeri ay\u0131rtma taleplerini daha da \u00f6nemli hale getirdi\u011fi g\u00f6r\u00fcld\u00fc.<\/p>\n<p>LTB personelleri taraf\u0131ndan y\u00fcr\u00fct\u00fclen cenaze hizmetleri aras\u0131nda g\u00f6mme, cenaze haz\u0131rlama ve nakliye bulunuyor. Nakliye hizmeti, vefat eden ki\u015finin bulundu\u011fu yerden morga ta\u015f\u0131nmas\u0131 ya da havaliman\u0131\/liman gibi noktalara g\u00f6t\u00fcr\u00fclmesini kaps\u0131yor.<\/p>\n<p>G\u00fcnl\u00fck i\u015fleyi\u015fte burada ortalama 5 cenaze i\u015flemi yap\u0131l\u0131yor. Baz\u0131 g\u00fcnler 2 cenaze i\u015flemiyle s\u0131n\u0131rl\u0131 kal\u0131n\u0131rken, baz\u0131 g\u00fcnlerde bu say\u0131 8\u2019e kadar \u00e7\u0131kabiliyor.<\/p>\n<p>Ortalama olarak g\u00fcnde 2 cenaze haz\u0131rl\u0131k i\u015flemleri i\u00e7in getirilirken, 1 ile 3 cenaze de defnediliyor.<\/p>\n<p>Lefko\u015fa\u2019da cenaze hizmetleri, 16 ki\u015filik ekip taraf\u0131ndan y\u00fcr\u00fct\u00fcl\u00fcyor.<\/p>\n<p>&nbsp;<\/p>\n<p><strong>Lefko\u015fa Mezarl\u0131\u011f\u0131\u2019nda 2025\u2019te 521 defin ger\u00e7ekle\u015fti<\/strong><\/p>\n<p><strong>\u00a0<\/strong><\/p>\n<p>2025 y\u0131l\u0131 i\u00e7erisinde Lefko\u015fa Mezarl\u0131\u011f\u0131\u2019nda toplam 521 defin ger\u00e7ekle\u015ftirildi. Verilere g\u00f6re, definlerin 406\u2019s\u0131n\u0131 belediye s\u0131n\u0131rlar\u0131 i\u00e7erisinde ya\u015fayan, yani Lefko\u015fa sakini olan ki\u015filer olu\u015fturdu.<\/p>\n<p>Lefko\u015fa s\u0131n\u0131rlar\u0131 d\u0131\u015f\u0131nda ikamet eden ancak Lefko\u015fa Mezarl\u0131\u011f\u0131\u2019na defnedilen cenaze say\u0131s\u0131 ise 115 olarak kay\u0131tlara ge\u00e7ti. B\u00f6ylece 2025 y\u0131l\u0131 boyunca Lefko\u015fa Mezarl\u0131\u011f\u0131\u2019nda 521 ki\u015fi son yolculu\u011funa u\u011furland\u0131.<\/p>\n<p>2024 y\u0131l\u0131 i\u00e7erisinde ise Lefko\u015fa Mezarl\u0131\u011f\u0131\u2019nda toplam 501 defin ger\u00e7ekle\u015ftirildi. Bu definlerin 372\u2019sini Lefko\u015fa sakini olan ki\u015filer olu\u015ftururken, 129\u2019u Lefko\u015fa d\u0131\u015f\u0131ndan olup Lefko\u015fa Mezarl\u0131\u011f\u0131\u2019na defnedilen cenazelerden olu\u015ftu.<\/p>\n<p><strong>\u00a0<\/strong><\/p>\n<p><strong>Bir y\u0131lda 675 mezar yeri haz\u0131rland\u0131<\/strong><\/p>\n<p><strong>\u00a0<\/strong><\/p>\n<p>Lefko\u015fa Mezarl\u0131\u011f\u0131\u2019nda 2025 y\u0131l\u0131 i\u00e7erisinde defin i\u015flemlerinin yan\u0131 s\u0131ra mezar yeri ay\u0131rma talepleri de ger\u00e7ekle\u015ftirildi. Y\u0131l boyunca 154 ki\u015fi yak\u0131n\u0131n\u0131n yan\u0131na defnedilmek \u00fczere mezarl\u0131kta yer ay\u0131rd\u0131.<\/p>\n<p>Mezar yeri ay\u0131rtma i\u015flemi yaln\u0131zca daha \u00f6nce defin yap\u0131lm\u0131\u015f bir mezar\u0131n yan\u0131nda ger\u00e7ekle\u015ftirilebiliyor. Bu hak ise sadece vefat eden ki\u015finin e\u015fine tan\u0131n\u0131yor. 18 ya\u015f alt\u0131 vefatlarda ise mezar yeri ay\u0131rma hakk\u0131 anne ve babaya veriliyor. Ayn\u0131 d\u00f6nemde ger\u00e7ekle\u015ftirilen 521 definle birlikte, 2025 y\u0131l\u0131 i\u00e7inde Lefko\u015fa Mezarl\u0131\u011f\u0131\u2019nda toplam 675 mezar yeri haz\u0131rlanm\u0131\u015f oldu.<\/p>\n<p>2024 y\u0131l\u0131nda toplam 148 mezar yeri ay\u0131rtma i\u015flemi ger\u00e7ekle\u015ftirildi.<\/p>\n<p>&nbsp;<\/p>\n<p><strong>2 y\u0131lda 914 cenaze y\u0131kan\u0131p haz\u0131rland\u0131<\/strong><\/p>\n<p><strong>\u00a0<\/strong><\/p>\n<p>2025 y\u0131l\u0131 i\u00e7erisinde Lefko\u015fa\u2019da toplam 476 cenazenin y\u0131kama ve haz\u0131rl\u0131k i\u015flemi ger\u00e7ekle\u015ftirildi. Bu cenazelerin 118\u2019i otopsili vakalardan olu\u015furken, otopsi yap\u0131lmayan 358 cenaze de defin i\u015flemleri i\u00e7in haz\u0131rland\u0131.<\/p>\n<p>Bu rakamlar, di\u011fer belediyelere verilen cenaze y\u0131kama hizmetini kaps\u0131yor. B\u00f6ylece ge\u00e7ti\u011fimiz y\u0131l Lefko\u015fa\u2019da 476 cenazenin y\u0131kama ve haz\u0131rl\u0131k i\u015flemleri yap\u0131lm\u0131\u015f oldu.<\/p>\n<p>Lefko\u015fa\u2019da, 2024 y\u0131l\u0131nda ise Lefko\u015fa Mezarl\u0131\u011f\u0131\u2019na defnedilmeyen, d\u0131\u015f belediyelere g\u00f6nderilen toplam 438 cenaze i\u00e7in y\u0131kama ve haz\u0131rl\u0131k hizmeti sunuldu. Bu say\u0131n\u0131n 101\u2019ini otopsili cenazeler olu\u015fturdu.<\/p>\n<p>&nbsp;<\/p>\n<p><strong>2 y\u0131lda 282 kez nakliye hizmeti verildi<\/strong><\/p>\n<p><strong>\u00a0<\/strong><\/p>\n<p>Lefko\u015fa\u2019da 2025 y\u0131l\u0131 boyunca toplam 129 kez cenaze nakil hizmeti sa\u011fland\u0131. Bu hizmetlerin 100\u2019\u00fc havaalan\u0131na gidi\u015f ya da geli\u015f \u015feklinde ger\u00e7ekle\u015ftirilirken, 29\u2019u \u015fehir i\u00e7i nakillerden olu\u015ftu.<\/p>\n<p>\u015eehir i\u00e7i hizmetler kapsam\u0131nda, Lefko\u015fa sakini 27 cenaze evinden al\u0131narak morga g\u00f6t\u00fcr\u00fcld\u00fc ya da cenaze g\u00fcn\u00fc morgdan al\u0131n\u0131p evine u\u011franarak cenaze alan\u0131na ya da t\u00f6ren alan\u0131na ta\u015f\u0131nd\u0131. Ayr\u0131ca G\u00f6nyeli\u2019den al\u0131nan cenaze i\u00e7in de 2 nakil hizmeti verildi.<\/p>\n<p>Y\u0131l i\u00e7erisinde G\u00fcney\u2019e y\u00f6nelik herhangi bir cenaze nakli yap\u0131lmazken, belediye taraf\u0131ndan toplam 129 kez nakliye hizmeti sunuldu.<\/p>\n<p>2024 y\u0131l\u0131 boyunca ise toplam 153 cenaze nakil i\u015flemi yap\u0131ld\u0131. Bunlar\u0131n 49\u2019u dahili (\u015fehir i\u00e7i), 3\u2019\u00fc harici, 100\u2019\u00fc yurtd\u0131\u015f\u0131 ve 1\u2019i G\u00fcney\u2019e y\u00f6nelik nakillerden olu\u015ftu.<\/p>\n<p><strong>\u00a0<\/strong><\/p>\n<p><strong>Yeni mezarl\u0131k arazisi mahkemelik <\/strong><\/p>\n<p><strong>\u00a0<\/strong><\/p>\n<p>Mezarl\u0131k alanlar\u0131n\u0131n dolmas\u0131, \u00f6zellikle n\u00fcfusun yo\u011fun oldu\u011fu b\u00f6lgelerde ciddi bir sorun olarak \u00f6ne \u00e7\u0131k\u0131yor. Bu durum kar\u015f\u0131s\u0131nda belediyeler ve ilgili kurumlar \u00e7e\u015fitli \u00e7\u00f6z\u00fcm yollar\u0131 ararken, en s\u0131k ba\u015fvurulan y\u00f6ntemlerden biri yeni mezarl\u0131k alanlar\u0131n\u0131n belirlenmesi oluyor.<\/p>\n<p>Lefko\u015fa\u2019da da bu ihtiya\u00e7 do\u011frultusunda yeni bir mezarl\u0131k alan\u0131 belirlenmi\u015f ve s\u00f6z konusu arazi i\u00e7in milyonlarca T\u00fcrk Liras\u0131 tutar\u0131nda yat\u0131r\u0131m yap\u0131lm\u0131\u015ft\u0131. Ancak bir s\u00fcre sonra Bakanlar Kurulu karar\u0131yla bu arazi LTB\u2019den al\u0131nd\u0131. Bunun \u00fczerine LTB Y\u00f6netimi konuyu yarg\u0131ya ta\u015f\u0131d\u0131.<\/p>\n<p>Hamitk\u00f6y\u2019de yakla\u015f\u0131k 400 d\u00f6n\u00fcml\u00fck arazi \u00fczerine planlanan yeni mezarl\u0131k projesine ili\u015fkin s\u00fcre\u00e7 ise halen mahkemede devam ediyor.<\/p>\n","protected":false},"excerpt":{"rendered":"<p>Son 2 y\u0131lda bin 22 ki\u015finin defnedildi\u011fi ba\u015fkentteki Lefko\u015fa Kabristanl\u0131\u011f\u0131 dolmak \u00fczere. Buna bir de vefat eden e\u015finin ya da 18 ya\u015f\u0131ndan k\u00fc\u00e7\u00fck \u00e7ocu\u011funun yan\u0131 ba\u015f\u0131na g\u00f6m\u00fclmek isteyenler eklenince, mezarl\u0131kta yer kalmad\u0131 \u00a0 Yeni mezarl\u0131k arazisi mahkemelik\u2026 Mezarl\u0131k alan\u0131n\u0131n doluyor olmas\u0131 nedeniyle Hamitk\u00f6y\u2019de yakla\u015f\u0131k 400 d\u00f6n\u00fcml\u00fck arazi Lefko\u015fa T\u00fcrk Belediyesi\u2019ne tahsis edildi ancak bu arazi [&hellip;]<\/p>\n","protected":false},"author":1,"featured_media":37303,"comment_status":"open","ping_status":"open","sticky":false,"template":"","format":"standard","meta":{"jnews-multi-image_gallery":[],"jnews_single_post":[],"jnews_primary_category":[],"jnews_social_meta":[],"jnews_override_counter":[],"footnotes":""},"categories":[1],"tags":[],"class_list":["post-37302","post","type-post","status-publish","format-standard","has-post-thumbnail","hentry","category-kibris"],"yoast_head":"<!-- This site is optimized with the Yoast SEO plugin v27.4 - https:\/\/yoast.com\/product\/yoast-seo-wordpress\/ -->\n<title>Lefko\u015fa Mezarl\u0131\u011f\u0131 y\u00fczde 95 doldu! - Kuzeyin Sesi<\/title>\n<meta name=\"robots\" content=\"index, follow, max-snippet:-1, max-image-preview:large, max-video-preview:-1\" \/>\n<link rel=\"canonical\" href=\"https:\/\/kuzeyinsesi.org\/index.php\/2026\/04\/26\/lefkosa-mezarligi-yuzde-95-doldu\/\" \/>\n<meta property=\"og:locale\" content=\"tr_TR\" \/>\n<meta property=\"og:type\" content=\"article\" \/>\n<meta property=\"og:title\" content=\"Lefko\u015fa Mezarl\u0131\u011f\u0131 y\u00fczde 95 doldu! - Kuzeyin Sesi\" \/>\n<meta property=\"og:description\" content=\"Son 2 y\u0131lda bin 22 ki\u015finin defnedildi\u011fi ba\u015fkentteki Lefko\u015fa Kabristanl\u0131\u011f\u0131 dolmak \u00fczere. Buna bir de vefat eden e\u015finin ya da 18 ya\u015f\u0131ndan k\u00fc\u00e7\u00fck \u00e7ocu\u011funun yan\u0131 ba\u015f\u0131na g\u00f6m\u00fclmek isteyenler eklenince, mezarl\u0131kta yer kalmad\u0131 \u00a0 Yeni mezarl\u0131k arazisi mahkemelik\u2026 Mezarl\u0131k alan\u0131n\u0131n doluyor olmas\u0131 nedeniyle Hamitk\u00f6y\u2019de yakla\u015f\u0131k 400 d\u00f6n\u00fcml\u00fck arazi Lefko\u015fa T\u00fcrk Belediyesi\u2019ne tahsis edildi ancak bu arazi [&hellip;]\" \/>\n<meta property=\"og:url\" content=\"https:\/\/kuzeyinsesi.org\/index.php\/2026\/04\/26\/lefkosa-mezarligi-yuzde-95-doldu\/\" \/>\n<meta property=\"og:site_name\" content=\"Kuzeyin Sesi\" \/>\n<meta property=\"article:publisher\" content=\"https:\/\/www.facebook.com\/kuzeyinsesii\" \/>\n<meta property=\"article:published_time\" content=\"2026-04-26T07:11:08+00:00\" \/>\n<meta name=\"author\" content=\"Kuzeyin Sesi\" \/>\n<meta name=\"twitter:card\" content=\"summary_large_image\" \/>\n<meta name=\"twitter:creator\" content=\"@kuzeyinsesii\" \/>\n<meta name=\"twitter:site\" content=\"@kuzeyinsesii\" \/>\n<meta name=\"twitter:label1\" content=\"Yazan:\" \/>\n\t<meta name=\"twitter:data1\" content=\"Kuzeyin Sesi\" \/>\n\t<meta name=\"twitter:label2\" content=\"Tahmini okuma s\u00fcresi\" \/>\n\t<meta name=\"twitter:data2\" content=\"5 dakika\" \/>\n<script type=\"application\/ld+json\" class=\"yoast-schema-graph\">{\"@context\":\"https:\\\/\\\/schema.org\",\"@graph\":[{\"@type\":\"Article\",\"@id\":\"https:\\\/\\\/kuzeyinsesi.org\\\/index.php\\\/2026\\\/04\\\/26\\\/lefkosa-mezarligi-yuzde-95-doldu\\\/#article\",\"isPartOf\":{\"@id\":\"https:\\\/\\\/kuzeyinsesi.org\\\/index.php\\\/2026\\\/04\\\/26\\\/lefkosa-mezarligi-yuzde-95-doldu\\\/\"},\"author\":{\"name\":\"Kuzeyin Sesi\",\"@id\":\"https:\\\/\\\/kuzeyinsesi.org\\\/#\\\/schema\\\/person\\\/9f859689cdf01485597712386e37f5aa\"},\"headline\":\"Lefko\u015fa Mezarl\u0131\u011f\u0131 y\u00fczde 95 doldu!\",\"datePublished\":\"2026-04-26T07:11:08+00:00\",\"mainEntityOfPage\":{\"@id\":\"https:\\\/\\\/kuzeyinsesi.org\\\/index.php\\\/2026\\\/04\\\/26\\\/lefkosa-mezarligi-yuzde-95-doldu\\\/\"},\"wordCount\":1052,\"commentCount\":0,\"image\":{\"@id\":\"https:\\\/\\\/kuzeyinsesi.org\\\/index.php\\\/2026\\\/04\\\/26\\\/lefkosa-mezarligi-yuzde-95-doldu\\\/#primaryimage\"},\"thumbnailUrl\":\"https:\\\/\\\/kuzeyinsesi.org\\\/wp-content\\\/uploads\\\/2026\\\/04\\\/1.jpeg\",\"articleSection\":[\"K\u0131br\u0131s\"],\"inLanguage\":\"tr\",\"potentialAction\":[{\"@type\":\"CommentAction\",\"name\":\"Comment\",\"target\":[\"https:\\\/\\\/kuzeyinsesi.org\\\/index.php\\\/2026\\\/04\\\/26\\\/lefkosa-mezarligi-yuzde-95-doldu\\\/#respond\"]}]},{\"@type\":\"WebPage\",\"@id\":\"https:\\\/\\\/kuzeyinsesi.org\\\/index.php\\\/2026\\\/04\\\/26\\\/lefkosa-mezarligi-yuzde-95-doldu\\\/\",\"url\":\"https:\\\/\\\/kuzeyinsesi.org\\\/index.php\\\/2026\\\/04\\\/26\\\/lefkosa-mezarligi-yuzde-95-doldu\\\/\",\"name\":\"Lefko\u015fa Mezarl\u0131\u011f\u0131 y\u00fczde 95 doldu! - Kuzeyin Sesi\",\"isPartOf\":{\"@id\":\"https:\\\/\\\/kuzeyinsesi.org\\\/#website\"},\"primaryImageOfPage\":{\"@id\":\"https:\\\/\\\/kuzeyinsesi.org\\\/index.php\\\/2026\\\/04\\\/26\\\/lefkosa-mezarligi-yuzde-95-doldu\\\/#primaryimage\"},\"image\":{\"@id\":\"https:\\\/\\\/kuzeyinsesi.org\\\/index.php\\\/2026\\\/04\\\/26\\\/lefkosa-mezarligi-yuzde-95-doldu\\\/#primaryimage\"},\"thumbnailUrl\":\"https:\\\/\\\/kuzeyinsesi.org\\\/wp-content\\\/uploads\\\/2026\\\/04\\\/1.jpeg\",\"datePublished\":\"2026-04-26T07:11:08+00:00\",\"author\":{\"@id\":\"https:\\\/\\\/kuzeyinsesi.org\\\/#\\\/schema\\\/person\\\/9f859689cdf01485597712386e37f5aa\"},\"breadcrumb\":{\"@id\":\"https:\\\/\\\/kuzeyinsesi.org\\\/index.php\\\/2026\\\/04\\\/26\\\/lefkosa-mezarligi-yuzde-95-doldu\\\/#breadcrumb\"},\"inLanguage\":\"tr\",\"potentialAction\":[{\"@type\":\"ReadAction\",\"target\":[\"https:\\\/\\\/kuzeyinsesi.org\\\/index.php\\\/2026\\\/04\\\/26\\\/lefkosa-mezarligi-yuzde-95-doldu\\\/\"]}]},{\"@type\":\"ImageObject\",\"inLanguage\":\"tr\",\"@id\":\"https:\\\/\\\/kuzeyinsesi.org\\\/index.php\\\/2026\\\/04\\\/26\\\/lefkosa-mezarligi-yuzde-95-doldu\\\/#primaryimage\",\"url\":\"https:\\\/\\\/kuzeyinsesi.org\\\/wp-content\\\/uploads\\\/2026\\\/04\\\/1.jpeg\",\"contentUrl\":\"https:\\\/\\\/kuzeyinsesi.org\\\/wp-content\\\/uploads\\\/2026\\\/04\\\/1.jpeg\",\"width\":1600,\"height\":1200},{\"@type\":\"BreadcrumbList\",\"@id\":\"https:\\\/\\\/kuzeyinsesi.org\\\/index.php\\\/2026\\\/04\\\/26\\\/lefkosa-mezarligi-yuzde-95-doldu\\\/#breadcrumb\",\"itemListElement\":[{\"@type\":\"ListItem\",\"position\":1,\"name\":\"Anasayfa\",\"item\":\"https:\\\/\\\/kuzeyinsesi.org\\\/\"},{\"@type\":\"ListItem\",\"position\":2,\"name\":\"Lefko\u015fa Mezarl\u0131\u011f\u0131 y\u00fczde 95 doldu!\"}]},{\"@type\":\"WebSite\",\"@id\":\"https:\\\/\\\/kuzeyinsesi.org\\\/#website\",\"url\":\"https:\\\/\\\/kuzeyinsesi.org\\\/\",\"name\":\"Kuzeyin Sesi\",\"description\":\"Do\u011fru Haberin Adresi\",\"potentialAction\":[{\"@type\":\"SearchAction\",\"target\":{\"@type\":\"EntryPoint\",\"urlTemplate\":\"https:\\\/\\\/kuzeyinsesi.org\\\/?s={search_term_string}\"},\"query-input\":{\"@type\":\"PropertyValueSpecification\",\"valueRequired\":true,\"valueName\":\"search_term_string\"}}],\"inLanguage\":\"tr\"},{\"@type\":\"Person\",\"@id\":\"https:\\\/\\\/kuzeyinsesi.org\\\/#\\\/schema\\\/person\\\/9f859689cdf01485597712386e37f5aa\",\"name\":\"Kuzeyin Sesi\",\"image\":{\"@type\":\"ImageObject\",\"inLanguage\":\"tr\",\"@id\":\"https:\\\/\\\/secure.gravatar.com\\\/avatar\\\/bab33852abfd8b282518d6ed81826833d77c3c882d9ab608add591ccace47a44?s=96&d=mm&r=g\",\"url\":\"https:\\\/\\\/secure.gravatar.com\\\/avatar\\\/bab33852abfd8b282518d6ed81826833d77c3c882d9ab608add591ccace47a44?s=96&d=mm&r=g\",\"contentUrl\":\"https:\\\/\\\/secure.gravatar.com\\\/avatar\\\/bab33852abfd8b282518d6ed81826833d77c3c882d9ab608add591ccace47a44?s=96&d=mm&r=g\",\"caption\":\"Kuzeyin Sesi\"},\"sameAs\":[\"https:\\\/\\\/kuzeyinsesi.org\"],\"url\":\"https:\\\/\\\/kuzeyinsesi.org\\\/index.php\\\/author\\\/guven\\\/\"}]}<\/script>\n<!-- \/ Yoast SEO plugin. -->","yoast_head_json":{"title":"Lefko\u015fa Mezarl\u0131\u011f\u0131 y\u00fczde 95 doldu! - Kuzeyin Sesi","robots":{"index":"index","follow":"follow","max-snippet":"max-snippet:-1","max-image-preview":"max-image-preview:large","max-video-preview":"max-video-preview:-1"},"canonical":"https:\/\/kuzeyinsesi.org\/index.php\/2026\/04\/26\/lefkosa-mezarligi-yuzde-95-doldu\/","og_locale":"tr_TR","og_type":"article","og_title":"Lefko\u015fa Mezarl\u0131\u011f\u0131 y\u00fczde 95 doldu! - Kuzeyin Sesi","og_description":"Son 2 y\u0131lda bin 22 ki\u015finin defnedildi\u011fi ba\u015fkentteki Lefko\u015fa Kabristanl\u0131\u011f\u0131 dolmak \u00fczere. Buna bir de vefat eden e\u015finin ya da 18 ya\u015f\u0131ndan k\u00fc\u00e7\u00fck \u00e7ocu\u011funun yan\u0131 ba\u015f\u0131na g\u00f6m\u00fclmek isteyenler eklenince, mezarl\u0131kta yer kalmad\u0131 \u00a0 Yeni mezarl\u0131k arazisi mahkemelik\u2026 Mezarl\u0131k alan\u0131n\u0131n doluyor olmas\u0131 nedeniyle Hamitk\u00f6y\u2019de yakla\u015f\u0131k 400 d\u00f6n\u00fcml\u00fck arazi Lefko\u015fa T\u00fcrk Belediyesi\u2019ne tahsis edildi ancak bu arazi [&hellip;]","og_url":"https:\/\/kuzeyinsesi.org\/index.php\/2026\/04\/26\/lefkosa-mezarligi-yuzde-95-doldu\/","og_site_name":"Kuzeyin Sesi","article_publisher":"https:\/\/www.facebook.com\/kuzeyinsesii","article_published_time":"2026-04-26T07:11:08+00:00","author":"Kuzeyin Sesi","twitter_card":"summary_large_image","twitter_creator":"@kuzeyinsesii","twitter_site":"@kuzeyinsesii","twitter_misc":{"Yazan:":"Kuzeyin Sesi","Tahmini okuma s\u00fcresi":"5 dakika"},"schema":{"@context":"https:\/\/schema.org","@graph":[{"@type":"Article","@id":"https:\/\/kuzeyinsesi.org\/index.php\/2026\/04\/26\/lefkosa-mezarligi-yuzde-95-doldu\/#article","isPartOf":{"@id":"https:\/\/kuzeyinsesi.org\/index.php\/2026\/04\/26\/lefkosa-mezarligi-yuzde-95-doldu\/"},"author":{"name":"Kuzeyin Sesi","@id":"https:\/\/kuzeyinsesi.org\/#\/schema\/person\/9f859689cdf01485597712386e37f5aa"},"headline":"Lefko\u015fa Mezarl\u0131\u011f\u0131 y\u00fczde 95 doldu!","datePublished":"2026-04-26T07:11:08+00:00","mainEntityOfPage":{"@id":"https:\/\/kuzeyinsesi.org\/index.php\/2026\/04\/26\/lefkosa-mezarligi-yuzde-95-doldu\/"},"wordCount":1052,"commentCount":0,"image":{"@id":"https:\/\/kuzeyinsesi.org\/index.php\/2026\/04\/26\/lefkosa-mezarligi-yuzde-95-doldu\/#primaryimage"},"thumbnailUrl":"https:\/\/kuzeyinsesi.org\/wp-content\/uploads\/2026\/04\/1.jpeg","articleSection":["K\u0131br\u0131s"],"inLanguage":"tr","potentialAction":[{"@type":"CommentAction","name":"Comment","target":["https:\/\/kuzeyinsesi.org\/index.php\/2026\/04\/26\/lefkosa-mezarligi-yuzde-95-doldu\/#respond"]}]},{"@type":"WebPage","@id":"https:\/\/kuzeyinsesi.org\/index.php\/2026\/04\/26\/lefkosa-mezarligi-yuzde-95-doldu\/","url":"https:\/\/kuzeyinsesi.org\/index.php\/2026\/04\/26\/lefkosa-mezarligi-yuzde-95-doldu\/","name":"Lefko\u015fa Mezarl\u0131\u011f\u0131 y\u00fczde 95 doldu! - Kuzeyin Sesi","isPartOf":{"@id":"https:\/\/kuzeyinsesi.org\/#website"},"primaryImageOfPage":{"@id":"https:\/\/kuzeyinsesi.org\/index.php\/2026\/04\/26\/lefkosa-mezarligi-yuzde-95-doldu\/#primaryimage"},"image":{"@id":"https:\/\/kuzeyinsesi.org\/index.php\/2026\/04\/26\/lefkosa-mezarligi-yuzde-95-doldu\/#primaryimage"},"thumbnailUrl":"https:\/\/kuzeyinsesi.org\/wp-content\/uploads\/2026\/04\/1.jpeg","datePublished":"2026-04-26T07:11:08+00:00","author":{"@id":"https:\/\/kuzeyinsesi.org\/#\/schema\/person\/9f859689cdf01485597712386e37f5aa"},"breadcrumb":{"@id":"https:\/\/kuzeyinsesi.org\/index.php\/2026\/04\/26\/lefkosa-mezarligi-yuzde-95-doldu\/#breadcrumb"},"inLanguage":"tr","potentialAction":[{"@type":"ReadAction","target":["https:\/\/kuzeyinsesi.org\/index.php\/2026\/04\/26\/lefkosa-mezarligi-yuzde-95-doldu\/"]}]},{"@type":"ImageObject","inLanguage":"tr","@id":"https:\/\/kuzeyinsesi.org\/index.php\/2026\/04\/26\/lefkosa-mezarligi-yuzde-95-doldu\/#primaryimage","url":"https:\/\/kuzeyinsesi.org\/wp-content\/uploads\/2026\/04\/1.jpeg","contentUrl":"https:\/\/kuzeyinsesi.org\/wp-content\/uploads\/2026\/04\/1.jpeg","width":1600,"height":1200},{"@type":"BreadcrumbList","@id":"https:\/\/kuzeyinsesi.org\/index.php\/2026\/04\/26\/lefkosa-mezarligi-yuzde-95-doldu\/#breadcrumb","itemListElement":[{"@type":"ListItem","position":1,"name":"Anasayfa","item":"https:\/\/kuzeyinsesi.org\/"},{"@type":"ListItem","position":2,"name":"Lefko\u015fa Mezarl\u0131\u011f\u0131 y\u00fczde 95 doldu!"}]},{"@type":"WebSite","@id":"https:\/\/kuzeyinsesi.org\/#website","url":"https:\/\/kuzeyinsesi.org\/","name":"Kuzeyin Sesi","description":"Do\u011fru Haberin Adresi","potentialAction":[{"@type":"SearchAction","target":{"@type":"EntryPoint","urlTemplate":"https:\/\/kuzeyinsesi.org\/?s={search_term_string}"},"query-input":{"@type":"PropertyValueSpecification","valueRequired":true,"valueName":"search_term_string"}}],"inLanguage":"tr"},{"@type":"Person","@id":"https:\/\/kuzeyinsesi.org\/#\/schema\/person\/9f859689cdf01485597712386e37f5aa","name":"Kuzeyin Sesi","image":{"@type":"ImageObject","inLanguage":"tr","@id":"https:\/\/secure.gravatar.com\/avatar\/bab33852abfd8b282518d6ed81826833d77c3c882d9ab608add591ccace47a44?s=96&d=mm&r=g","url":"https:\/\/secure.gravatar.com\/avatar\/bab33852abfd8b282518d6ed81826833d77c3c882d9ab608add591ccace47a44?s=96&d=mm&r=g","contentUrl":"https:\/\/secure.gravatar.com\/avatar\/bab33852abfd8b282518d6ed81826833d77c3c882d9ab608add591ccace47a44?s=96&d=mm&r=g","caption":"Kuzeyin Sesi"},"sameAs":["https:\/\/kuzeyinsesi.org"],"url":"https:\/\/kuzeyinsesi.org\/index.php\/author\/guven\/"}]}},"_links":{"self":[{"href":"https:\/\/kuzeyinsesi.org\/index.php\/wp-json\/wp\/v2\/posts\/37302","targetHints":{"allow":["GET"]}}],"collection":[{"href":"https:\/\/kuzeyinsesi.org\/index.php\/wp-json\/wp\/v2\/posts"}],"about":[{"href":"https:\/\/kuzeyinsesi.org\/index.php\/wp-json\/wp\/v2\/types\/post"}],"author":[{"embeddable":true,"href":"https:\/\/kuzeyinsesi.org\/index.php\/wp-json\/wp\/v2\/users\/1"}],"replies":[{"embeddable":true,"href":"https:\/\/kuzeyinsesi.org\/index.php\/wp-json\/wp\/v2\/comments?post=37302"}],"version-history":[{"count":0,"href":"https:\/\/kuzeyinsesi.org\/index.php\/wp-json\/wp\/v2\/posts\/37302\/revisions"}],"wp:featuredmedia":[{"embeddable":true,"href":"https:\/\/kuzeyinsesi.org\/index.php\/wp-json\/wp\/v2\/media\/37303"}],"wp:attachment":[{"href":"https:\/\/kuzeyinsesi.org\/index.php\/wp-json\/wp\/v2\/media?parent=37302"}],"wp:term":[{"taxonomy":"category","embeddable":true,"href":"https:\/\/kuzeyinsesi.org\/index.php\/wp-json\/wp\/v2\/categories?post=37302"},{"taxonomy":"post_tag","embeddable":true,"href":"https:\/\/kuzeyinsesi.org\/index.php\/wp-json\/wp\/v2\/tags?post=37302"}],"curies":[{"name":"wp","href":"https:\/\/api.w.org\/{rel}","templated":true}]}}