{"id":37298,"date":"2026-04-26T09:12:50","date_gmt":"2026-04-26T06:12:50","guid":{"rendered":"https:\/\/kuzeyinsesi.org\/index.php\/2026\/04\/26\/trumpin-katildigi-programda-silahli-saldiri-1-polis-yaralandi\/"},"modified":"2026-04-26T09:12:50","modified_gmt":"2026-04-26T06:12:50","slug":"trumpin-katildigi-programda-silahli-saldiri-1-polis-yaralandi","status":"publish","type":"post","link":"https:\/\/kuzeyinsesi.org\/index.php\/2026\/04\/26\/trumpin-katildigi-programda-silahli-saldiri-1-polis-yaralandi\/","title":{"rendered":"Trump&#039;\u0131n kat\u0131ld\u0131\u011f\u0131 programda silahl\u0131 sald\u0131r\u0131: 1 polis yaraland\u0131"},"content":{"rendered":"<p><\/p>\n<div>\n<p>&#13;<br \/>\n\tTrump, silahl\u0131 sald\u0131r\u0131n\u0131n ard\u0131ndan Beyaz Saray&#8217;da bas\u0131n toplant\u0131s\u0131 d\u00fczenleyerek gazetecilerin sorular\u0131n\u0131 yan\u0131tlad\u0131.<\/p>\n<p>&#13;<br \/>\n\tGecede ya\u015fanan olay\u0131n detaylar\u0131n\u0131 payla\u015fan Trump, &#8220;Birden fazla silah ku\u015fanm\u0131\u015f bir adam g\u00fcvenlik kontrol noktas\u0131na sald\u0131rd\u0131. Gizli servisin \u00e7ok cesur \u00fcyeleri taraf\u0131ndan etkisiz hale getirildi. Bir <a href=\"https:\/\/www.trthaber.com\/etiket\/memur\/\" target=\"_blank\">memur<\/a> vuruldu ama kurtuldu. Az \u00f6nce memurla konu\u015ftum, durumu gayet iyi&#8221; ifadelerini kulland\u0131.<\/p>\n<p>&#13;<br \/>\n\tTrump, s\u00f6z konusu olay\u0131 \u00f6rnek g\u00f6stererek, &#8220;Bunu s\u00f6ylemek istemezdim ama Beyaz Saray&#8217;da planlad\u0131\u011f\u0131m\u0131z \u015feyin t\u00fcm niteliklerine bu y\u00fczden sahip olmam\u0131z gerekiyor. Balo salonuna ihtiyac\u0131m\u0131z var. Gizli servisin ve ordunun bunu talep etmesinin sebebi bu&#8221; dedi.<\/p>\n<h2>&#13;<br \/>\n\t&#8220;\u0130ran sava\u015f\u0131yla ba\u011flant\u0131l\u0131 oldu\u011funu sanm\u0131yorum&#8221;<\/h2>\n<p>&#13;<br \/>\n\t<a href=\"https:\/\/www.trthaber.com\/etiket\/beyaz-saray\/\" target=\"_blank\">Beyaz Saray<\/a> Muhabirleri Derne\u011fi taraf\u0131ndan d\u00fczenlenen yeme\u011fin sald\u0131r\u0131ya ra\u011fmen devam etmesini istedi\u011fini belirten Trump, etkinlik temsilcileriyle g\u00f6r\u00fc\u015ft\u00fc\u011f\u00fcn\u00fc, iptal edilen gecenin 30 g\u00fcn i\u00e7inde yeniden planlanaca\u011f\u0131n\u0131 s\u00f6yledi.<\/p>\n<p>&#13;<br \/>\n\t<a href=\"https:\/\/www.trthaber.com\/etiket\/abd\/\" target=\"_blank\">ABD<\/a> Ba\u015fkan\u0131, bu t\u00fcr olaylar\u0131n neden hep kendisini buldu\u011fu y\u00f6n\u00fcndeki soruya ise &#8220;En b\u00fcy\u00fck etkiyi yaratan insanlar, \u00fczerine en \u00e7ok gidilen insanlard\u0131r. Bundan onur duydu\u011fumu s\u00f6ylemekten nefret ediyorum&#8221; cevab\u0131n\u0131 verdi.<\/p>\n<p>&#13;<br \/>\n\tSilahl\u0131 sald\u0131r\u0131n\u0131n <a href=\"https:\/\/www.trthaber.com\/etiket\/iran\/\" target=\"_blank\">\u0130ran<\/a> sava\u015f\u0131yla ba\u011flant\u0131l\u0131 olup olmad\u0131\u011f\u0131 sorusuna &#8220;Sanm\u0131yorum ama asla bilemezsiniz&#8221; yan\u0131t\u0131n\u0131 veren Trump, olayla ilgili soru\u015fturma sonras\u0131nda daha fazla bilgiye sahip olunaca\u011f\u0131n\u0131 kaydetti.<\/p>\n<p>&#13;<br \/>\n\tTrump, &#8220;Bu olay beni \u0130ran&#8217;daki sava\u015f\u0131 kazanmaktan al\u0131koymayacak. Bunun bu konuyla bir ilgisi olup olmad\u0131\u011f\u0131n\u0131 bilmiyorum. Bildiklerimize dayanarak pek \u00f6yle oldu\u011funu d\u00fc\u015f\u00fcnm\u00fcyorum.&#8221; ifadelerini kulland\u0131.<\/p>\n<p>&#13;<br \/>\n\t\u00d6te yandan ABD Ba\u015fkan\u0131 Trump, sosyal <a href=\"https:\/\/www.trthaber.com\/etiket\/medya\/\" target=\"_blank\">medya<\/a> hesab\u0131ndan, sald\u0131r\u0131ya ili\u015fkin video kay\u0131tlar\u0131n\u0131 ve sald\u0131rgan\u0131n g\u00f6zalt\u0131na al\u0131nd\u0131\u011f\u0131 s\u0131rada \u00e7ekilmi\u015f foto\u011fraf\u0131n\u0131 payla\u015ft\u0131.<\/p>\n<\/p><\/div>\n","protected":false},"excerpt":{"rendered":"<p>&#13; Trump, silahl\u0131 sald\u0131r\u0131n\u0131n ard\u0131ndan Beyaz Saray&#8217;da bas\u0131n toplant\u0131s\u0131 d\u00fczenleyerek gazetecilerin sorular\u0131n\u0131 yan\u0131tlad\u0131. &#13; Gecede ya\u015fanan olay\u0131n detaylar\u0131n\u0131 payla\u015fan Trump, &#8220;Birden fazla silah ku\u015fanm\u0131\u015f bir adam g\u00fcvenlik kontrol noktas\u0131na sald\u0131rd\u0131. Gizli servisin \u00e7ok cesur \u00fcyeleri taraf\u0131ndan etkisiz hale getirildi. Bir memur vuruldu ama kurtuldu. Az \u00f6nce memurla konu\u015ftum, durumu gayet iyi&#8221; ifadelerini kulland\u0131. &#13; Trump, [&hellip;]<\/p>\n","protected":false},"author":1,"featured_media":37299,"comment_status":"open","ping_status":"open","sticky":false,"template":"","format":"standard","meta":{"jnews-multi-image_gallery":[],"jnews_single_post":[],"jnews_primary_category":[],"jnews_social_meta":[],"jnews_override_counter":[],"footnotes":""},"categories":[2],"tags":[],"class_list":["post-37298","post","type-post","status-publish","format-standard","has-post-thumbnail","hentry","category-dunya"],"yoast_head":"<!-- This site is optimized with the Yoast SEO plugin v27.4 - https:\/\/yoast.com\/product\/yoast-seo-wordpress\/ -->\n<title>Trump&#039;\u0131n kat\u0131ld\u0131\u011f\u0131 programda silahl\u0131 sald\u0131r\u0131: 1 polis yaraland\u0131 - Kuzeyin Sesi<\/title>\n<meta name=\"robots\" content=\"index, follow, max-snippet:-1, max-image-preview:large, max-video-preview:-1\" \/>\n<link rel=\"canonical\" href=\"https:\/\/kuzeyinsesi.org\/index.php\/2026\/04\/26\/trumpin-katildigi-programda-silahli-saldiri-1-polis-yaralandi\/\" \/>\n<meta property=\"og:locale\" content=\"tr_TR\" \/>\n<meta property=\"og:type\" content=\"article\" \/>\n<meta property=\"og:title\" content=\"Trump&#039;\u0131n kat\u0131ld\u0131\u011f\u0131 programda silahl\u0131 sald\u0131r\u0131: 1 polis yaraland\u0131 - Kuzeyin Sesi\" \/>\n<meta property=\"og:description\" content=\"&#013; Trump, silahl\u0131 sald\u0131r\u0131n\u0131n ard\u0131ndan Beyaz Saray&#8217;da bas\u0131n toplant\u0131s\u0131 d\u00fczenleyerek gazetecilerin sorular\u0131n\u0131 yan\u0131tlad\u0131. &#013; Gecede ya\u015fanan olay\u0131n detaylar\u0131n\u0131 payla\u015fan Trump, &#8220;Birden fazla silah ku\u015fanm\u0131\u015f bir adam g\u00fcvenlik kontrol noktas\u0131na sald\u0131rd\u0131. Gizli servisin \u00e7ok cesur \u00fcyeleri taraf\u0131ndan etkisiz hale getirildi. Bir memur vuruldu ama kurtuldu. Az \u00f6nce memurla konu\u015ftum, durumu gayet iyi&#8221; ifadelerini kulland\u0131. &#013; Trump, [&hellip;]\" \/>\n<meta property=\"og:url\" content=\"https:\/\/kuzeyinsesi.org\/index.php\/2026\/04\/26\/trumpin-katildigi-programda-silahli-saldiri-1-polis-yaralandi\/\" \/>\n<meta property=\"og:site_name\" content=\"Kuzeyin Sesi\" \/>\n<meta property=\"article:publisher\" content=\"https:\/\/www.facebook.com\/kuzeyinsesii\" \/>\n<meta property=\"article:published_time\" content=\"2026-04-26T06:12:50+00:00\" \/>\n<meta property=\"og:image\" content=\"https:\/\/trthaberstatic.cdn.wp.trt.com.tr\/resimler\/2456000\/abd-saldiri-olay-yeri-reu-2456390.jpg\" \/>\n<meta name=\"author\" content=\"Kuzeyin Sesi\" \/>\n<meta name=\"twitter:card\" content=\"summary_large_image\" \/>\n<meta name=\"twitter:creator\" content=\"@kuzeyinsesii\" \/>\n<meta name=\"twitter:site\" content=\"@kuzeyinsesii\" \/>\n<meta name=\"twitter:label1\" content=\"Yazan:\" \/>\n\t<meta name=\"twitter:data1\" content=\"Kuzeyin Sesi\" \/>\n\t<meta name=\"twitter:label2\" content=\"Tahmini okuma s\u00fcresi\" \/>\n\t<meta name=\"twitter:data2\" content=\"2 dakika\" \/>\n<script type=\"application\/ld+json\" class=\"yoast-schema-graph\">{\"@context\":\"https:\\\/\\\/schema.org\",\"@graph\":[{\"@type\":\"Article\",\"@id\":\"https:\\\/\\\/kuzeyinsesi.org\\\/index.php\\\/2026\\\/04\\\/26\\\/trumpin-katildigi-programda-silahli-saldiri-1-polis-yaralandi\\\/#article\",\"isPartOf\":{\"@id\":\"https:\\\/\\\/kuzeyinsesi.org\\\/index.php\\\/2026\\\/04\\\/26\\\/trumpin-katildigi-programda-silahli-saldiri-1-polis-yaralandi\\\/\"},\"author\":{\"name\":\"Kuzeyin Sesi\",\"@id\":\"https:\\\/\\\/kuzeyinsesi.org\\\/#\\\/schema\\\/person\\\/9f859689cdf01485597712386e37f5aa\"},\"headline\":\"Trump&#039;\u0131n kat\u0131ld\u0131\u011f\u0131 programda silahl\u0131 sald\u0131r\u0131: 1 polis yaraland\u0131\",\"datePublished\":\"2026-04-26T06:12:50+00:00\",\"mainEntityOfPage\":{\"@id\":\"https:\\\/\\\/kuzeyinsesi.org\\\/index.php\\\/2026\\\/04\\\/26\\\/trumpin-katildigi-programda-silahli-saldiri-1-polis-yaralandi\\\/\"},\"wordCount\":322,\"commentCount\":0,\"image\":{\"@id\":\"https:\\\/\\\/kuzeyinsesi.org\\\/index.php\\\/2026\\\/04\\\/26\\\/trumpin-katildigi-programda-silahli-saldiri-1-polis-yaralandi\\\/#primaryimage\"},\"thumbnailUrl\":\"https:\\\/\\\/kuzeyinsesi.org\\\/wp-content\\\/uploads\\\/2026\\\/04\\\/abd-saldiri-olay-yeri-reu-2456390.jpg\",\"articleSection\":[\"D\u00fcnya\"],\"inLanguage\":\"tr\",\"potentialAction\":[{\"@type\":\"CommentAction\",\"name\":\"Comment\",\"target\":[\"https:\\\/\\\/kuzeyinsesi.org\\\/index.php\\\/2026\\\/04\\\/26\\\/trumpin-katildigi-programda-silahli-saldiri-1-polis-yaralandi\\\/#respond\"]}]},{\"@type\":\"WebPage\",\"@id\":\"https:\\\/\\\/kuzeyinsesi.org\\\/index.php\\\/2026\\\/04\\\/26\\\/trumpin-katildigi-programda-silahli-saldiri-1-polis-yaralandi\\\/\",\"url\":\"https:\\\/\\\/kuzeyinsesi.org\\\/index.php\\\/2026\\\/04\\\/26\\\/trumpin-katildigi-programda-silahli-saldiri-1-polis-yaralandi\\\/\",\"name\":\"Trump&#039;\u0131n kat\u0131ld\u0131\u011f\u0131 programda silahl\u0131 sald\u0131r\u0131: 1 polis yaraland\u0131 - Kuzeyin Sesi\",\"isPartOf\":{\"@id\":\"https:\\\/\\\/kuzeyinsesi.org\\\/#website\"},\"primaryImageOfPage\":{\"@id\":\"https:\\\/\\\/kuzeyinsesi.org\\\/index.php\\\/2026\\\/04\\\/26\\\/trumpin-katildigi-programda-silahli-saldiri-1-polis-yaralandi\\\/#primaryimage\"},\"image\":{\"@id\":\"https:\\\/\\\/kuzeyinsesi.org\\\/index.php\\\/2026\\\/04\\\/26\\\/trumpin-katildigi-programda-silahli-saldiri-1-polis-yaralandi\\\/#primaryimage\"},\"thumbnailUrl\":\"https:\\\/\\\/kuzeyinsesi.org\\\/wp-content\\\/uploads\\\/2026\\\/04\\\/abd-saldiri-olay-yeri-reu-2456390.jpg\",\"datePublished\":\"2026-04-26T06:12:50+00:00\",\"author\":{\"@id\":\"https:\\\/\\\/kuzeyinsesi.org\\\/#\\\/schema\\\/person\\\/9f859689cdf01485597712386e37f5aa\"},\"breadcrumb\":{\"@id\":\"https:\\\/\\\/kuzeyinsesi.org\\\/index.php\\\/2026\\\/04\\\/26\\\/trumpin-katildigi-programda-silahli-saldiri-1-polis-yaralandi\\\/#breadcrumb\"},\"inLanguage\":\"tr\",\"potentialAction\":[{\"@type\":\"ReadAction\",\"target\":[\"https:\\\/\\\/kuzeyinsesi.org\\\/index.php\\\/2026\\\/04\\\/26\\\/trumpin-katildigi-programda-silahli-saldiri-1-polis-yaralandi\\\/\"]}]},{\"@type\":\"ImageObject\",\"inLanguage\":\"tr\",\"@id\":\"https:\\\/\\\/kuzeyinsesi.org\\\/index.php\\\/2026\\\/04\\\/26\\\/trumpin-katildigi-programda-silahli-saldiri-1-polis-yaralandi\\\/#primaryimage\",\"url\":\"https:\\\/\\\/kuzeyinsesi.org\\\/wp-content\\\/uploads\\\/2026\\\/04\\\/abd-saldiri-olay-yeri-reu-2456390.jpg\",\"contentUrl\":\"https:\\\/\\\/kuzeyinsesi.org\\\/wp-content\\\/uploads\\\/2026\\\/04\\\/abd-saldiri-olay-yeri-reu-2456390.jpg\",\"width\":1280,\"height\":720},{\"@type\":\"BreadcrumbList\",\"@id\":\"https:\\\/\\\/kuzeyinsesi.org\\\/index.php\\\/2026\\\/04\\\/26\\\/trumpin-katildigi-programda-silahli-saldiri-1-polis-yaralandi\\\/#breadcrumb\",\"itemListElement\":[{\"@type\":\"ListItem\",\"position\":1,\"name\":\"Anasayfa\",\"item\":\"https:\\\/\\\/kuzeyinsesi.org\\\/\"},{\"@type\":\"ListItem\",\"position\":2,\"name\":\"Trump&#039;\u0131n kat\u0131ld\u0131\u011f\u0131 programda silahl\u0131 sald\u0131r\u0131: 1 polis yaraland\u0131\"}]},{\"@type\":\"WebSite\",\"@id\":\"https:\\\/\\\/kuzeyinsesi.org\\\/#website\",\"url\":\"https:\\\/\\\/kuzeyinsesi.org\\\/\",\"name\":\"Kuzeyin Sesi\",\"description\":\"Do\u011fru Haberin Adresi\",\"potentialAction\":[{\"@type\":\"SearchAction\",\"target\":{\"@type\":\"EntryPoint\",\"urlTemplate\":\"https:\\\/\\\/kuzeyinsesi.org\\\/?s={search_term_string}\"},\"query-input\":{\"@type\":\"PropertyValueSpecification\",\"valueRequired\":true,\"valueName\":\"search_term_string\"}}],\"inLanguage\":\"tr\"},{\"@type\":\"Person\",\"@id\":\"https:\\\/\\\/kuzeyinsesi.org\\\/#\\\/schema\\\/person\\\/9f859689cdf01485597712386e37f5aa\",\"name\":\"Kuzeyin Sesi\",\"image\":{\"@type\":\"ImageObject\",\"inLanguage\":\"tr\",\"@id\":\"https:\\\/\\\/secure.gravatar.com\\\/avatar\\\/bab33852abfd8b282518d6ed81826833d77c3c882d9ab608add591ccace47a44?s=96&d=mm&r=g\",\"url\":\"https:\\\/\\\/secure.gravatar.com\\\/avatar\\\/bab33852abfd8b282518d6ed81826833d77c3c882d9ab608add591ccace47a44?s=96&d=mm&r=g\",\"contentUrl\":\"https:\\\/\\\/secure.gravatar.com\\\/avatar\\\/bab33852abfd8b282518d6ed81826833d77c3c882d9ab608add591ccace47a44?s=96&d=mm&r=g\",\"caption\":\"Kuzeyin Sesi\"},\"sameAs\":[\"https:\\\/\\\/kuzeyinsesi.org\"],\"url\":\"https:\\\/\\\/kuzeyinsesi.org\\\/index.php\\\/author\\\/guven\\\/\"}]}<\/script>\n<!-- \/ Yoast SEO plugin. -->","yoast_head_json":{"title":"Trump&#039;\u0131n kat\u0131ld\u0131\u011f\u0131 programda silahl\u0131 sald\u0131r\u0131: 1 polis yaraland\u0131 - Kuzeyin Sesi","robots":{"index":"index","follow":"follow","max-snippet":"max-snippet:-1","max-image-preview":"max-image-preview:large","max-video-preview":"max-video-preview:-1"},"canonical":"https:\/\/kuzeyinsesi.org\/index.php\/2026\/04\/26\/trumpin-katildigi-programda-silahli-saldiri-1-polis-yaralandi\/","og_locale":"tr_TR","og_type":"article","og_title":"Trump&#039;\u0131n kat\u0131ld\u0131\u011f\u0131 programda silahl\u0131 sald\u0131r\u0131: 1 polis yaraland\u0131 - Kuzeyin Sesi","og_description":"&#13; Trump, silahl\u0131 sald\u0131r\u0131n\u0131n ard\u0131ndan Beyaz Saray&#8217;da bas\u0131n toplant\u0131s\u0131 d\u00fczenleyerek gazetecilerin sorular\u0131n\u0131 yan\u0131tlad\u0131. &#13; Gecede ya\u015fanan olay\u0131n detaylar\u0131n\u0131 payla\u015fan Trump, &#8220;Birden fazla silah ku\u015fanm\u0131\u015f bir adam g\u00fcvenlik kontrol noktas\u0131na sald\u0131rd\u0131. Gizli servisin \u00e7ok cesur \u00fcyeleri taraf\u0131ndan etkisiz hale getirildi. Bir memur vuruldu ama kurtuldu. Az \u00f6nce memurla konu\u015ftum, durumu gayet iyi&#8221; ifadelerini kulland\u0131. &#13; Trump, [&hellip;]","og_url":"https:\/\/kuzeyinsesi.org\/index.php\/2026\/04\/26\/trumpin-katildigi-programda-silahli-saldiri-1-polis-yaralandi\/","og_site_name":"Kuzeyin Sesi","article_publisher":"https:\/\/www.facebook.com\/kuzeyinsesii","article_published_time":"2026-04-26T06:12:50+00:00","og_image":[{"url":"https:\/\/trthaberstatic.cdn.wp.trt.com.tr\/resimler\/2456000\/abd-saldiri-olay-yeri-reu-2456390.jpg","type":"","width":"","height":""}],"author":"Kuzeyin Sesi","twitter_card":"summary_large_image","twitter_creator":"@kuzeyinsesii","twitter_site":"@kuzeyinsesii","twitter_misc":{"Yazan:":"Kuzeyin Sesi","Tahmini okuma s\u00fcresi":"2 dakika"},"schema":{"@context":"https:\/\/schema.org","@graph":[{"@type":"Article","@id":"https:\/\/kuzeyinsesi.org\/index.php\/2026\/04\/26\/trumpin-katildigi-programda-silahli-saldiri-1-polis-yaralandi\/#article","isPartOf":{"@id":"https:\/\/kuzeyinsesi.org\/index.php\/2026\/04\/26\/trumpin-katildigi-programda-silahli-saldiri-1-polis-yaralandi\/"},"author":{"name":"Kuzeyin Sesi","@id":"https:\/\/kuzeyinsesi.org\/#\/schema\/person\/9f859689cdf01485597712386e37f5aa"},"headline":"Trump&#039;\u0131n kat\u0131ld\u0131\u011f\u0131 programda silahl\u0131 sald\u0131r\u0131: 1 polis yaraland\u0131","datePublished":"2026-04-26T06:12:50+00:00","mainEntityOfPage":{"@id":"https:\/\/kuzeyinsesi.org\/index.php\/2026\/04\/26\/trumpin-katildigi-programda-silahli-saldiri-1-polis-yaralandi\/"},"wordCount":322,"commentCount":0,"image":{"@id":"https:\/\/kuzeyinsesi.org\/index.php\/2026\/04\/26\/trumpin-katildigi-programda-silahli-saldiri-1-polis-yaralandi\/#primaryimage"},"thumbnailUrl":"https:\/\/kuzeyinsesi.org\/wp-content\/uploads\/2026\/04\/abd-saldiri-olay-yeri-reu-2456390.jpg","articleSection":["D\u00fcnya"],"inLanguage":"tr","potentialAction":[{"@type":"CommentAction","name":"Comment","target":["https:\/\/kuzeyinsesi.org\/index.php\/2026\/04\/26\/trumpin-katildigi-programda-silahli-saldiri-1-polis-yaralandi\/#respond"]}]},{"@type":"WebPage","@id":"https:\/\/kuzeyinsesi.org\/index.php\/2026\/04\/26\/trumpin-katildigi-programda-silahli-saldiri-1-polis-yaralandi\/","url":"https:\/\/kuzeyinsesi.org\/index.php\/2026\/04\/26\/trumpin-katildigi-programda-silahli-saldiri-1-polis-yaralandi\/","name":"Trump&#039;\u0131n kat\u0131ld\u0131\u011f\u0131 programda silahl\u0131 sald\u0131r\u0131: 1 polis yaraland\u0131 - Kuzeyin Sesi","isPartOf":{"@id":"https:\/\/kuzeyinsesi.org\/#website"},"primaryImageOfPage":{"@id":"https:\/\/kuzeyinsesi.org\/index.php\/2026\/04\/26\/trumpin-katildigi-programda-silahli-saldiri-1-polis-yaralandi\/#primaryimage"},"image":{"@id":"https:\/\/kuzeyinsesi.org\/index.php\/2026\/04\/26\/trumpin-katildigi-programda-silahli-saldiri-1-polis-yaralandi\/#primaryimage"},"thumbnailUrl":"https:\/\/kuzeyinsesi.org\/wp-content\/uploads\/2026\/04\/abd-saldiri-olay-yeri-reu-2456390.jpg","datePublished":"2026-04-26T06:12:50+00:00","author":{"@id":"https:\/\/kuzeyinsesi.org\/#\/schema\/person\/9f859689cdf01485597712386e37f5aa"},"breadcrumb":{"@id":"https:\/\/kuzeyinsesi.org\/index.php\/2026\/04\/26\/trumpin-katildigi-programda-silahli-saldiri-1-polis-yaralandi\/#breadcrumb"},"inLanguage":"tr","potentialAction":[{"@type":"ReadAction","target":["https:\/\/kuzeyinsesi.org\/index.php\/2026\/04\/26\/trumpin-katildigi-programda-silahli-saldiri-1-polis-yaralandi\/"]}]},{"@type":"ImageObject","inLanguage":"tr","@id":"https:\/\/kuzeyinsesi.org\/index.php\/2026\/04\/26\/trumpin-katildigi-programda-silahli-saldiri-1-polis-yaralandi\/#primaryimage","url":"https:\/\/kuzeyinsesi.org\/wp-content\/uploads\/2026\/04\/abd-saldiri-olay-yeri-reu-2456390.jpg","contentUrl":"https:\/\/kuzeyinsesi.org\/wp-content\/uploads\/2026\/04\/abd-saldiri-olay-yeri-reu-2456390.jpg","width":1280,"height":720},{"@type":"BreadcrumbList","@id":"https:\/\/kuzeyinsesi.org\/index.php\/2026\/04\/26\/trumpin-katildigi-programda-silahli-saldiri-1-polis-yaralandi\/#breadcrumb","itemListElement":[{"@type":"ListItem","position":1,"name":"Anasayfa","item":"https:\/\/kuzeyinsesi.org\/"},{"@type":"ListItem","position":2,"name":"Trump&#039;\u0131n kat\u0131ld\u0131\u011f\u0131 programda silahl\u0131 sald\u0131r\u0131: 1 polis yaraland\u0131"}]},{"@type":"WebSite","@id":"https:\/\/kuzeyinsesi.org\/#website","url":"https:\/\/kuzeyinsesi.org\/","name":"Kuzeyin Sesi","description":"Do\u011fru Haberin Adresi","potentialAction":[{"@type":"SearchAction","target":{"@type":"EntryPoint","urlTemplate":"https:\/\/kuzeyinsesi.org\/?s={search_term_string}"},"query-input":{"@type":"PropertyValueSpecification","valueRequired":true,"valueName":"search_term_string"}}],"inLanguage":"tr"},{"@type":"Person","@id":"https:\/\/kuzeyinsesi.org\/#\/schema\/person\/9f859689cdf01485597712386e37f5aa","name":"Kuzeyin Sesi","image":{"@type":"ImageObject","inLanguage":"tr","@id":"https:\/\/secure.gravatar.com\/avatar\/bab33852abfd8b282518d6ed81826833d77c3c882d9ab608add591ccace47a44?s=96&d=mm&r=g","url":"https:\/\/secure.gravatar.com\/avatar\/bab33852abfd8b282518d6ed81826833d77c3c882d9ab608add591ccace47a44?s=96&d=mm&r=g","contentUrl":"https:\/\/secure.gravatar.com\/avatar\/bab33852abfd8b282518d6ed81826833d77c3c882d9ab608add591ccace47a44?s=96&d=mm&r=g","caption":"Kuzeyin Sesi"},"sameAs":["https:\/\/kuzeyinsesi.org"],"url":"https:\/\/kuzeyinsesi.org\/index.php\/author\/guven\/"}]}},"_links":{"self":[{"href":"https:\/\/kuzeyinsesi.org\/index.php\/wp-json\/wp\/v2\/posts\/37298","targetHints":{"allow":["GET"]}}],"collection":[{"href":"https:\/\/kuzeyinsesi.org\/index.php\/wp-json\/wp\/v2\/posts"}],"about":[{"href":"https:\/\/kuzeyinsesi.org\/index.php\/wp-json\/wp\/v2\/types\/post"}],"author":[{"embeddable":true,"href":"https:\/\/kuzeyinsesi.org\/index.php\/wp-json\/wp\/v2\/users\/1"}],"replies":[{"embeddable":true,"href":"https:\/\/kuzeyinsesi.org\/index.php\/wp-json\/wp\/v2\/comments?post=37298"}],"version-history":[{"count":0,"href":"https:\/\/kuzeyinsesi.org\/index.php\/wp-json\/wp\/v2\/posts\/37298\/revisions"}],"wp:featuredmedia":[{"embeddable":true,"href":"https:\/\/kuzeyinsesi.org\/index.php\/wp-json\/wp\/v2\/media\/37299"}],"wp:attachment":[{"href":"https:\/\/kuzeyinsesi.org\/index.php\/wp-json\/wp\/v2\/media?parent=37298"}],"wp:term":[{"taxonomy":"category","embeddable":true,"href":"https:\/\/kuzeyinsesi.org\/index.php\/wp-json\/wp\/v2\/categories?post=37298"},{"taxonomy":"post_tag","embeddable":true,"href":"https:\/\/kuzeyinsesi.org\/index.php\/wp-json\/wp\/v2\/tags?post=37298"}],"curies":[{"name":"wp","href":"https:\/\/api.w.org\/{rel}","templated":true}]}}