{"id":37296,"date":"2026-04-26T06:38:21","date_gmt":"2026-04-26T03:38:21","guid":{"rendered":"https:\/\/kuzeyinsesi.org\/index.php\/2026\/04\/26\/filistinde-gozler-yerel-secim-sonuclarinda\/"},"modified":"2026-04-26T06:38:21","modified_gmt":"2026-04-26T03:38:21","slug":"filistinde-gozler-yerel-secim-sonuclarinda","status":"publish","type":"post","link":"https:\/\/kuzeyinsesi.org\/index.php\/2026\/04\/26\/filistinde-gozler-yerel-secim-sonuclarinda\/","title":{"rendered":"Filistin&#039;de g\u00f6zler yerel se\u00e7im sonu\u00e7lar\u0131nda"},"content":{"rendered":"<p><\/p>\n<div>\n<p>&#13;<br \/>\n\tMerkez <a href=\"https:\/\/www.trthaber.com\/etiket\/secim\/\" target=\"_blank\">Se\u00e7im<\/a> Kurulu, sand\u0131klar\u0131n kapanmas\u0131n\u0131n ard\u0131ndan say\u0131m i\u015flemlerinin &#8220;hassasiyet ve \u015feffafl\u0131kla&#8221; y\u00fcr\u00fct\u00fcld\u00fc\u011f\u00fcn\u00fc aktard\u0131.<\/p>\n<p>&#13;<br \/>\n\tBat\u0131 \u015eeria&#8217;da 512 bin 510 ki\u015finin sand\u0131k ba\u015f\u0131na gitti\u011fi ve kat\u0131l\u0131m oran\u0131n\u0131n y\u00fczde 53,44 oldu\u011fu, Gazze&#8217;nin Deyr el-Belah kentinde ise 19 bin 962 ki\u015finin oy kulland\u0131\u011f\u0131 ve kat\u0131l\u0131m oran\u0131n\u0131n y\u00fczde 25&#8217;te kald\u0131\u011f\u0131 \u00f6\u011frenildi.<\/p>\n<p>&#13;<br \/>\n\tSonu\u00e7lar yar\u0131n a\u00e7\u0131klanacak.<\/p>\n<h2>&#13;<br \/>\n\t&#8220;Demokratik s\u00fcreci g\u00fc\u00e7lendirmek ad\u0131na \u00f6nemli bir ad\u0131m&#8221;<\/h2>\n<p>&#13;<br \/>\n\tFilistin Merkez <a href=\"https:\/\/secim.trthaber.com\" class=\"external-tagged-url\" target=\"_blank\">Se\u00e7im<\/a> Komisyonu <a href=\"https:\/\/www.trthaber.com\/etiket\/gazze\/\" target=\"_blank\">Gazze<\/a> B\u00f6lge M\u00fcd\u00fcr\u00fc Cemil el-Halidi, sonu\u00e7lar\u0131n pazar sabah\u0131 netle\u015fece\u011fini ancak resmi a\u00e7\u0131klaman\u0131n Ramallah&#8217;ta yerel saatle 12.00&#8217;de d\u00fczenlenecek bas\u0131n toplant\u0131s\u0131nda yap\u0131laca\u011f\u0131n\u0131 s\u00f6yledi.<\/p>\n<p>&#13;<br \/>\n\tSe\u00e7imlerin, demokratik s\u00fcreci g\u00fc\u00e7lendirmek ad\u0131na \u00f6nemli bir ad\u0131m oldu\u011funu belirten Halidi, \u015funlar\u0131 ifade etti:<\/p>\n<p>&#13;<br \/>\n\t&#8220;\u00d6zg\u00fcr ve demokratik bir \u015fekilde se\u00e7ilmi\u015f bir belediye meclisinin varl\u0131\u011f\u0131, Filistin toplumuna se\u00e7imlerin iktidar\u0131n bar\u0131\u015f\u00e7\u0131l devri i\u00e7in tek yol oldu\u011fu mesaj\u0131n\u0131 vermektedir. Bu s\u00fcre\u00e7, ayn\u0131 zamanda uluslararas\u0131 topluma, Filistin halk\u0131n\u0131n siyasi ya\u015fam\u0131n\u0131 demokratik bir \u015fekilde s\u00fcrd\u00fcrmeye ve kurumlar\u0131n\u0131 kendi \u00f6zg\u00fcr iradesiyle se\u00e7meye haz\u0131r oldu\u011funu g\u00f6steren bir mesajd\u0131r.&#8221;<\/p>\n<p>&#13;<br \/>\n\t183 yerel y\u00f6netim biriminde temsilcileri belirlemek \u00fczere yap\u0131lan se\u00e7imlerde se\u00e7men say\u0131s\u0131n\u0131n yakla\u015f\u0131k 1 milyon 30 bin oldu\u011fu belirtildi. Se\u00e7menler, 491 merkezde kurulan 1922 sand\u0131kta oy kulland\u0131. 90 belediye meclisi i\u00e7in 321 listede 3 bin 773 aday yar\u0131\u015f\u0131rken, 93 k\u00f6y meclisi i\u00e7in 1358 aday m\u00fccadele etti.<\/p>\n<p>&#13;<br \/>\n\tFilistin&#8217;de 2005&#8217;ten bu yana devlet ba\u015fkanl\u0131\u011f\u0131, 2006&#8217;dan bu yana ise parlamento se\u00e7imleri yap\u0131lmad\u0131. \u00dclke, 2007&#8217;den bu yana siyasi ve co\u011frafi bir b\u00f6l\u00fcnme ya\u015f\u0131yor. Gazze \u015eeridi Hamas&#8217;\u0131n kontrol\u00fcndeyken, i\u015fgal alt\u0131ndaki <a href=\"https:\/\/www.trthaber.com\/etiket\/bati-seria\/\" target=\"_blank\">Bat\u0131 \u015eeria<\/a> <a href=\"https:\/\/www.trthaber.com\/etiket\/mahmud-abbas\/\" target=\"_blank\">Mahmud Abbas<\/a> liderli\u011findeki Fetih Hareketi&#8217;nin olu\u015fturdu\u011fu h\u00fck\u00fcmet taraf\u0131ndan y\u00f6netiliyor.<\/p>\n<p>&#13;<br \/>\n\tBu yerel se\u00e7imler, Gazze ile Bat\u0131 \u015eeria aras\u0131ndaki idari birli\u011fin g\u00fc\u00e7lendirilmesi ve yerel kurumlar\u0131n yeniden in\u015fas\u0131 i\u00e7in at\u0131lan kritik bir ad\u0131m olarak de\u011ferlendiriliyor.<\/p>\n<\/p><\/div>\n","protected":false},"excerpt":{"rendered":"<p>&#13; Merkez Se\u00e7im Kurulu, sand\u0131klar\u0131n kapanmas\u0131n\u0131n ard\u0131ndan say\u0131m i\u015flemlerinin &#8220;hassasiyet ve \u015feffafl\u0131kla&#8221; y\u00fcr\u00fct\u00fcld\u00fc\u011f\u00fcn\u00fc aktard\u0131. &#13; Bat\u0131 \u015eeria&#8217;da 512 bin 510 ki\u015finin sand\u0131k ba\u015f\u0131na gitti\u011fi ve kat\u0131l\u0131m oran\u0131n\u0131n y\u00fczde 53,44 oldu\u011fu, Gazze&#8217;nin Deyr el-Belah kentinde ise 19 bin 962 ki\u015finin oy kulland\u0131\u011f\u0131 ve kat\u0131l\u0131m oran\u0131n\u0131n y\u00fczde 25&#8217;te kald\u0131\u011f\u0131 \u00f6\u011frenildi. &#13; Sonu\u00e7lar yar\u0131n a\u00e7\u0131klanacak. &#13; &#8220;Demokratik s\u00fcreci [&hellip;]<\/p>\n","protected":false},"author":1,"featured_media":37297,"comment_status":"open","ping_status":"open","sticky":false,"template":"","format":"standard","meta":{"jnews-multi-image_gallery":[],"jnews_single_post":[],"jnews_primary_category":[],"jnews_social_meta":[],"jnews_override_counter":[],"footnotes":""},"categories":[2],"tags":[],"class_list":["post-37296","post","type-post","status-publish","format-standard","has-post-thumbnail","hentry","category-dunya"],"yoast_head":"<!-- This site is optimized with the Yoast SEO plugin v27.4 - https:\/\/yoast.com\/product\/yoast-seo-wordpress\/ -->\n<title>Filistin&#039;de g\u00f6zler yerel se\u00e7im sonu\u00e7lar\u0131nda - Kuzeyin Sesi<\/title>\n<meta name=\"robots\" content=\"index, follow, max-snippet:-1, max-image-preview:large, max-video-preview:-1\" \/>\n<link rel=\"canonical\" href=\"https:\/\/kuzeyinsesi.org\/index.php\/2026\/04\/26\/filistinde-gozler-yerel-secim-sonuclarinda\/\" \/>\n<meta property=\"og:locale\" content=\"tr_TR\" \/>\n<meta property=\"og:type\" content=\"article\" \/>\n<meta property=\"og:title\" content=\"Filistin&#039;de g\u00f6zler yerel se\u00e7im sonu\u00e7lar\u0131nda - Kuzeyin Sesi\" \/>\n<meta property=\"og:description\" content=\"&#013; Merkez Se\u00e7im Kurulu, sand\u0131klar\u0131n kapanmas\u0131n\u0131n ard\u0131ndan say\u0131m i\u015flemlerinin &#8220;hassasiyet ve \u015feffafl\u0131kla&#8221; y\u00fcr\u00fct\u00fcld\u00fc\u011f\u00fcn\u00fc aktard\u0131. &#013; Bat\u0131 \u015eeria&#8217;da 512 bin 510 ki\u015finin sand\u0131k ba\u015f\u0131na gitti\u011fi ve kat\u0131l\u0131m oran\u0131n\u0131n y\u00fczde 53,44 oldu\u011fu, Gazze&#8217;nin Deyr el-Belah kentinde ise 19 bin 962 ki\u015finin oy kulland\u0131\u011f\u0131 ve kat\u0131l\u0131m oran\u0131n\u0131n y\u00fczde 25&#8217;te kald\u0131\u011f\u0131 \u00f6\u011frenildi. &#013; Sonu\u00e7lar yar\u0131n a\u00e7\u0131klanacak. &#013; &#8220;Demokratik s\u00fcreci [&hellip;]\" \/>\n<meta property=\"og:url\" content=\"https:\/\/kuzeyinsesi.org\/index.php\/2026\/04\/26\/filistinde-gozler-yerel-secim-sonuclarinda\/\" \/>\n<meta property=\"og:site_name\" content=\"Kuzeyin Sesi\" \/>\n<meta property=\"article:publisher\" content=\"https:\/\/www.facebook.com\/kuzeyinsesii\" \/>\n<meta property=\"article:published_time\" content=\"2026-04-26T03:38:21+00:00\" \/>\n<meta property=\"og:image\" content=\"https:\/\/trthaberstatic.cdn.wp.trt.com.tr\/resimler\/2456000\/filistin-secim-aa-2456387.jpg\" \/>\n<meta name=\"author\" content=\"Kuzeyin Sesi\" \/>\n<meta name=\"twitter:card\" content=\"summary_large_image\" \/>\n<meta name=\"twitter:creator\" content=\"@kuzeyinsesii\" \/>\n<meta name=\"twitter:site\" content=\"@kuzeyinsesii\" \/>\n<meta name=\"twitter:label1\" content=\"Yazan:\" \/>\n\t<meta name=\"twitter:data1\" content=\"Kuzeyin Sesi\" \/>\n\t<meta name=\"twitter:label2\" content=\"Tahmini okuma s\u00fcresi\" \/>\n\t<meta name=\"twitter:data2\" content=\"2 dakika\" \/>\n<script type=\"application\/ld+json\" class=\"yoast-schema-graph\">{\"@context\":\"https:\\\/\\\/schema.org\",\"@graph\":[{\"@type\":\"Article\",\"@id\":\"https:\\\/\\\/kuzeyinsesi.org\\\/index.php\\\/2026\\\/04\\\/26\\\/filistinde-gozler-yerel-secim-sonuclarinda\\\/#article\",\"isPartOf\":{\"@id\":\"https:\\\/\\\/kuzeyinsesi.org\\\/index.php\\\/2026\\\/04\\\/26\\\/filistinde-gozler-yerel-secim-sonuclarinda\\\/\"},\"author\":{\"name\":\"Kuzeyin Sesi\",\"@id\":\"https:\\\/\\\/kuzeyinsesi.org\\\/#\\\/schema\\\/person\\\/9f859689cdf01485597712386e37f5aa\"},\"headline\":\"Filistin&#039;de g\u00f6zler yerel se\u00e7im sonu\u00e7lar\u0131nda\",\"datePublished\":\"2026-04-26T03:38:21+00:00\",\"mainEntityOfPage\":{\"@id\":\"https:\\\/\\\/kuzeyinsesi.org\\\/index.php\\\/2026\\\/04\\\/26\\\/filistinde-gozler-yerel-secim-sonuclarinda\\\/\"},\"wordCount\":374,\"commentCount\":0,\"image\":{\"@id\":\"https:\\\/\\\/kuzeyinsesi.org\\\/index.php\\\/2026\\\/04\\\/26\\\/filistinde-gozler-yerel-secim-sonuclarinda\\\/#primaryimage\"},\"thumbnailUrl\":\"https:\\\/\\\/kuzeyinsesi.org\\\/wp-content\\\/uploads\\\/2026\\\/04\\\/filistin-secim-aa-2456387.jpg\",\"articleSection\":[\"D\u00fcnya\"],\"inLanguage\":\"tr\",\"potentialAction\":[{\"@type\":\"CommentAction\",\"name\":\"Comment\",\"target\":[\"https:\\\/\\\/kuzeyinsesi.org\\\/index.php\\\/2026\\\/04\\\/26\\\/filistinde-gozler-yerel-secim-sonuclarinda\\\/#respond\"]}]},{\"@type\":\"WebPage\",\"@id\":\"https:\\\/\\\/kuzeyinsesi.org\\\/index.php\\\/2026\\\/04\\\/26\\\/filistinde-gozler-yerel-secim-sonuclarinda\\\/\",\"url\":\"https:\\\/\\\/kuzeyinsesi.org\\\/index.php\\\/2026\\\/04\\\/26\\\/filistinde-gozler-yerel-secim-sonuclarinda\\\/\",\"name\":\"Filistin&#039;de g\u00f6zler yerel se\u00e7im sonu\u00e7lar\u0131nda - Kuzeyin Sesi\",\"isPartOf\":{\"@id\":\"https:\\\/\\\/kuzeyinsesi.org\\\/#website\"},\"primaryImageOfPage\":{\"@id\":\"https:\\\/\\\/kuzeyinsesi.org\\\/index.php\\\/2026\\\/04\\\/26\\\/filistinde-gozler-yerel-secim-sonuclarinda\\\/#primaryimage\"},\"image\":{\"@id\":\"https:\\\/\\\/kuzeyinsesi.org\\\/index.php\\\/2026\\\/04\\\/26\\\/filistinde-gozler-yerel-secim-sonuclarinda\\\/#primaryimage\"},\"thumbnailUrl\":\"https:\\\/\\\/kuzeyinsesi.org\\\/wp-content\\\/uploads\\\/2026\\\/04\\\/filistin-secim-aa-2456387.jpg\",\"datePublished\":\"2026-04-26T03:38:21+00:00\",\"author\":{\"@id\":\"https:\\\/\\\/kuzeyinsesi.org\\\/#\\\/schema\\\/person\\\/9f859689cdf01485597712386e37f5aa\"},\"breadcrumb\":{\"@id\":\"https:\\\/\\\/kuzeyinsesi.org\\\/index.php\\\/2026\\\/04\\\/26\\\/filistinde-gozler-yerel-secim-sonuclarinda\\\/#breadcrumb\"},\"inLanguage\":\"tr\",\"potentialAction\":[{\"@type\":\"ReadAction\",\"target\":[\"https:\\\/\\\/kuzeyinsesi.org\\\/index.php\\\/2026\\\/04\\\/26\\\/filistinde-gozler-yerel-secim-sonuclarinda\\\/\"]}]},{\"@type\":\"ImageObject\",\"inLanguage\":\"tr\",\"@id\":\"https:\\\/\\\/kuzeyinsesi.org\\\/index.php\\\/2026\\\/04\\\/26\\\/filistinde-gozler-yerel-secim-sonuclarinda\\\/#primaryimage\",\"url\":\"https:\\\/\\\/kuzeyinsesi.org\\\/wp-content\\\/uploads\\\/2026\\\/04\\\/filistin-secim-aa-2456387.jpg\",\"contentUrl\":\"https:\\\/\\\/kuzeyinsesi.org\\\/wp-content\\\/uploads\\\/2026\\\/04\\\/filistin-secim-aa-2456387.jpg\",\"width\":1280,\"height\":720},{\"@type\":\"BreadcrumbList\",\"@id\":\"https:\\\/\\\/kuzeyinsesi.org\\\/index.php\\\/2026\\\/04\\\/26\\\/filistinde-gozler-yerel-secim-sonuclarinda\\\/#breadcrumb\",\"itemListElement\":[{\"@type\":\"ListItem\",\"position\":1,\"name\":\"Anasayfa\",\"item\":\"https:\\\/\\\/kuzeyinsesi.org\\\/\"},{\"@type\":\"ListItem\",\"position\":2,\"name\":\"Filistin&#039;de g\u00f6zler yerel se\u00e7im sonu\u00e7lar\u0131nda\"}]},{\"@type\":\"WebSite\",\"@id\":\"https:\\\/\\\/kuzeyinsesi.org\\\/#website\",\"url\":\"https:\\\/\\\/kuzeyinsesi.org\\\/\",\"name\":\"Kuzeyin Sesi\",\"description\":\"Do\u011fru Haberin Adresi\",\"potentialAction\":[{\"@type\":\"SearchAction\",\"target\":{\"@type\":\"EntryPoint\",\"urlTemplate\":\"https:\\\/\\\/kuzeyinsesi.org\\\/?s={search_term_string}\"},\"query-input\":{\"@type\":\"PropertyValueSpecification\",\"valueRequired\":true,\"valueName\":\"search_term_string\"}}],\"inLanguage\":\"tr\"},{\"@type\":\"Person\",\"@id\":\"https:\\\/\\\/kuzeyinsesi.org\\\/#\\\/schema\\\/person\\\/9f859689cdf01485597712386e37f5aa\",\"name\":\"Kuzeyin Sesi\",\"image\":{\"@type\":\"ImageObject\",\"inLanguage\":\"tr\",\"@id\":\"https:\\\/\\\/secure.gravatar.com\\\/avatar\\\/bab33852abfd8b282518d6ed81826833d77c3c882d9ab608add591ccace47a44?s=96&d=mm&r=g\",\"url\":\"https:\\\/\\\/secure.gravatar.com\\\/avatar\\\/bab33852abfd8b282518d6ed81826833d77c3c882d9ab608add591ccace47a44?s=96&d=mm&r=g\",\"contentUrl\":\"https:\\\/\\\/secure.gravatar.com\\\/avatar\\\/bab33852abfd8b282518d6ed81826833d77c3c882d9ab608add591ccace47a44?s=96&d=mm&r=g\",\"caption\":\"Kuzeyin Sesi\"},\"sameAs\":[\"https:\\\/\\\/kuzeyinsesi.org\"],\"url\":\"https:\\\/\\\/kuzeyinsesi.org\\\/index.php\\\/author\\\/guven\\\/\"}]}<\/script>\n<!-- \/ Yoast SEO plugin. -->","yoast_head_json":{"title":"Filistin&#039;de g\u00f6zler yerel se\u00e7im sonu\u00e7lar\u0131nda - Kuzeyin Sesi","robots":{"index":"index","follow":"follow","max-snippet":"max-snippet:-1","max-image-preview":"max-image-preview:large","max-video-preview":"max-video-preview:-1"},"canonical":"https:\/\/kuzeyinsesi.org\/index.php\/2026\/04\/26\/filistinde-gozler-yerel-secim-sonuclarinda\/","og_locale":"tr_TR","og_type":"article","og_title":"Filistin&#039;de g\u00f6zler yerel se\u00e7im sonu\u00e7lar\u0131nda - Kuzeyin Sesi","og_description":"&#13; Merkez Se\u00e7im Kurulu, sand\u0131klar\u0131n kapanmas\u0131n\u0131n ard\u0131ndan say\u0131m i\u015flemlerinin &#8220;hassasiyet ve \u015feffafl\u0131kla&#8221; y\u00fcr\u00fct\u00fcld\u00fc\u011f\u00fcn\u00fc aktard\u0131. &#13; Bat\u0131 \u015eeria&#8217;da 512 bin 510 ki\u015finin sand\u0131k ba\u015f\u0131na gitti\u011fi ve kat\u0131l\u0131m oran\u0131n\u0131n y\u00fczde 53,44 oldu\u011fu, Gazze&#8217;nin Deyr el-Belah kentinde ise 19 bin 962 ki\u015finin oy kulland\u0131\u011f\u0131 ve kat\u0131l\u0131m oran\u0131n\u0131n y\u00fczde 25&#8217;te kald\u0131\u011f\u0131 \u00f6\u011frenildi. &#13; Sonu\u00e7lar yar\u0131n a\u00e7\u0131klanacak. &#13; &#8220;Demokratik s\u00fcreci [&hellip;]","og_url":"https:\/\/kuzeyinsesi.org\/index.php\/2026\/04\/26\/filistinde-gozler-yerel-secim-sonuclarinda\/","og_site_name":"Kuzeyin Sesi","article_publisher":"https:\/\/www.facebook.com\/kuzeyinsesii","article_published_time":"2026-04-26T03:38:21+00:00","og_image":[{"url":"https:\/\/trthaberstatic.cdn.wp.trt.com.tr\/resimler\/2456000\/filistin-secim-aa-2456387.jpg","type":"","width":"","height":""}],"author":"Kuzeyin Sesi","twitter_card":"summary_large_image","twitter_creator":"@kuzeyinsesii","twitter_site":"@kuzeyinsesii","twitter_misc":{"Yazan:":"Kuzeyin Sesi","Tahmini okuma s\u00fcresi":"2 dakika"},"schema":{"@context":"https:\/\/schema.org","@graph":[{"@type":"Article","@id":"https:\/\/kuzeyinsesi.org\/index.php\/2026\/04\/26\/filistinde-gozler-yerel-secim-sonuclarinda\/#article","isPartOf":{"@id":"https:\/\/kuzeyinsesi.org\/index.php\/2026\/04\/26\/filistinde-gozler-yerel-secim-sonuclarinda\/"},"author":{"name":"Kuzeyin Sesi","@id":"https:\/\/kuzeyinsesi.org\/#\/schema\/person\/9f859689cdf01485597712386e37f5aa"},"headline":"Filistin&#039;de g\u00f6zler yerel se\u00e7im sonu\u00e7lar\u0131nda","datePublished":"2026-04-26T03:38:21+00:00","mainEntityOfPage":{"@id":"https:\/\/kuzeyinsesi.org\/index.php\/2026\/04\/26\/filistinde-gozler-yerel-secim-sonuclarinda\/"},"wordCount":374,"commentCount":0,"image":{"@id":"https:\/\/kuzeyinsesi.org\/index.php\/2026\/04\/26\/filistinde-gozler-yerel-secim-sonuclarinda\/#primaryimage"},"thumbnailUrl":"https:\/\/kuzeyinsesi.org\/wp-content\/uploads\/2026\/04\/filistin-secim-aa-2456387.jpg","articleSection":["D\u00fcnya"],"inLanguage":"tr","potentialAction":[{"@type":"CommentAction","name":"Comment","target":["https:\/\/kuzeyinsesi.org\/index.php\/2026\/04\/26\/filistinde-gozler-yerel-secim-sonuclarinda\/#respond"]}]},{"@type":"WebPage","@id":"https:\/\/kuzeyinsesi.org\/index.php\/2026\/04\/26\/filistinde-gozler-yerel-secim-sonuclarinda\/","url":"https:\/\/kuzeyinsesi.org\/index.php\/2026\/04\/26\/filistinde-gozler-yerel-secim-sonuclarinda\/","name":"Filistin&#039;de g\u00f6zler yerel se\u00e7im sonu\u00e7lar\u0131nda - Kuzeyin Sesi","isPartOf":{"@id":"https:\/\/kuzeyinsesi.org\/#website"},"primaryImageOfPage":{"@id":"https:\/\/kuzeyinsesi.org\/index.php\/2026\/04\/26\/filistinde-gozler-yerel-secim-sonuclarinda\/#primaryimage"},"image":{"@id":"https:\/\/kuzeyinsesi.org\/index.php\/2026\/04\/26\/filistinde-gozler-yerel-secim-sonuclarinda\/#primaryimage"},"thumbnailUrl":"https:\/\/kuzeyinsesi.org\/wp-content\/uploads\/2026\/04\/filistin-secim-aa-2456387.jpg","datePublished":"2026-04-26T03:38:21+00:00","author":{"@id":"https:\/\/kuzeyinsesi.org\/#\/schema\/person\/9f859689cdf01485597712386e37f5aa"},"breadcrumb":{"@id":"https:\/\/kuzeyinsesi.org\/index.php\/2026\/04\/26\/filistinde-gozler-yerel-secim-sonuclarinda\/#breadcrumb"},"inLanguage":"tr","potentialAction":[{"@type":"ReadAction","target":["https:\/\/kuzeyinsesi.org\/index.php\/2026\/04\/26\/filistinde-gozler-yerel-secim-sonuclarinda\/"]}]},{"@type":"ImageObject","inLanguage":"tr","@id":"https:\/\/kuzeyinsesi.org\/index.php\/2026\/04\/26\/filistinde-gozler-yerel-secim-sonuclarinda\/#primaryimage","url":"https:\/\/kuzeyinsesi.org\/wp-content\/uploads\/2026\/04\/filistin-secim-aa-2456387.jpg","contentUrl":"https:\/\/kuzeyinsesi.org\/wp-content\/uploads\/2026\/04\/filistin-secim-aa-2456387.jpg","width":1280,"height":720},{"@type":"BreadcrumbList","@id":"https:\/\/kuzeyinsesi.org\/index.php\/2026\/04\/26\/filistinde-gozler-yerel-secim-sonuclarinda\/#breadcrumb","itemListElement":[{"@type":"ListItem","position":1,"name":"Anasayfa","item":"https:\/\/kuzeyinsesi.org\/"},{"@type":"ListItem","position":2,"name":"Filistin&#039;de g\u00f6zler yerel se\u00e7im sonu\u00e7lar\u0131nda"}]},{"@type":"WebSite","@id":"https:\/\/kuzeyinsesi.org\/#website","url":"https:\/\/kuzeyinsesi.org\/","name":"Kuzeyin Sesi","description":"Do\u011fru Haberin Adresi","potentialAction":[{"@type":"SearchAction","target":{"@type":"EntryPoint","urlTemplate":"https:\/\/kuzeyinsesi.org\/?s={search_term_string}"},"query-input":{"@type":"PropertyValueSpecification","valueRequired":true,"valueName":"search_term_string"}}],"inLanguage":"tr"},{"@type":"Person","@id":"https:\/\/kuzeyinsesi.org\/#\/schema\/person\/9f859689cdf01485597712386e37f5aa","name":"Kuzeyin Sesi","image":{"@type":"ImageObject","inLanguage":"tr","@id":"https:\/\/secure.gravatar.com\/avatar\/bab33852abfd8b282518d6ed81826833d77c3c882d9ab608add591ccace47a44?s=96&d=mm&r=g","url":"https:\/\/secure.gravatar.com\/avatar\/bab33852abfd8b282518d6ed81826833d77c3c882d9ab608add591ccace47a44?s=96&d=mm&r=g","contentUrl":"https:\/\/secure.gravatar.com\/avatar\/bab33852abfd8b282518d6ed81826833d77c3c882d9ab608add591ccace47a44?s=96&d=mm&r=g","caption":"Kuzeyin Sesi"},"sameAs":["https:\/\/kuzeyinsesi.org"],"url":"https:\/\/kuzeyinsesi.org\/index.php\/author\/guven\/"}]}},"_links":{"self":[{"href":"https:\/\/kuzeyinsesi.org\/index.php\/wp-json\/wp\/v2\/posts\/37296","targetHints":{"allow":["GET"]}}],"collection":[{"href":"https:\/\/kuzeyinsesi.org\/index.php\/wp-json\/wp\/v2\/posts"}],"about":[{"href":"https:\/\/kuzeyinsesi.org\/index.php\/wp-json\/wp\/v2\/types\/post"}],"author":[{"embeddable":true,"href":"https:\/\/kuzeyinsesi.org\/index.php\/wp-json\/wp\/v2\/users\/1"}],"replies":[{"embeddable":true,"href":"https:\/\/kuzeyinsesi.org\/index.php\/wp-json\/wp\/v2\/comments?post=37296"}],"version-history":[{"count":0,"href":"https:\/\/kuzeyinsesi.org\/index.php\/wp-json\/wp\/v2\/posts\/37296\/revisions"}],"wp:featuredmedia":[{"embeddable":true,"href":"https:\/\/kuzeyinsesi.org\/index.php\/wp-json\/wp\/v2\/media\/37297"}],"wp:attachment":[{"href":"https:\/\/kuzeyinsesi.org\/index.php\/wp-json\/wp\/v2\/media?parent=37296"}],"wp:term":[{"taxonomy":"category","embeddable":true,"href":"https:\/\/kuzeyinsesi.org\/index.php\/wp-json\/wp\/v2\/categories?post=37296"},{"taxonomy":"post_tag","embeddable":true,"href":"https:\/\/kuzeyinsesi.org\/index.php\/wp-json\/wp\/v2\/tags?post=37296"}],"curies":[{"name":"wp","href":"https:\/\/api.w.org\/{rel}","templated":true}]}}