{"id":37292,"date":"2026-04-26T05:05:11","date_gmt":"2026-04-26T02:05:11","guid":{"rendered":"https:\/\/kuzeyinsesi.org\/index.php\/2026\/04\/26\/trump-beyaz-saray-muhabirleri-dernegi-yemeginde-silah-sesleri-duyulmasi-uzerine-salondan-cikarildi\/"},"modified":"2026-04-26T05:05:11","modified_gmt":"2026-04-26T02:05:11","slug":"trump-beyaz-saray-muhabirleri-dernegi-yemeginde-silah-sesleri-duyulmasi-uzerine-salondan-cikarildi","status":"publish","type":"post","link":"https:\/\/kuzeyinsesi.org\/index.php\/2026\/04\/26\/trump-beyaz-saray-muhabirleri-dernegi-yemeginde-silah-sesleri-duyulmasi-uzerine-salondan-cikarildi\/","title":{"rendered":"Trump, Beyaz Saray Muhabirleri Derne\u011fi yeme\u011finde silah sesleri duyulmas\u0131 \u00fczerine salondan \u00e7\u0131kar\u0131ld\u0131"},"content":{"rendered":"<p><\/p>\n<div>\n<p>&#13;<br \/>\n\tBeyaz Saray Muhabirleri Derne\u011finin yeme\u011fine ba\u015fkanl\u0131\u011f\u0131 d\u00f6neminde ilk kez kat\u0131lan Trump, salonda duyulan ba\u011fr\u0131\u015fmalar ve silah sesleri sonras\u0131 otelde d\u00fczenlenen etkinlik alan\u0131ndan apar topar d\u0131\u015far\u0131 \u00e7\u0131kar\u0131ld\u0131.<\/p>\n<p>&#13;<br \/>\n\tCanl\u0131 yay\u0131nda verilen etkinlikte, yemek servisinin ba\u015flamas\u0131ndan k\u0131sa s\u00fcre sonra sesler y\u00fckselirken Trump\u2019\u0131n koruma ekipleri uzun namlulu silahlarla salonda g\u00f6r\u00fcld\u00fc.<\/p>\n<p>&#13;<br \/>\n\t\u00a0<\/p>\n<blockquote class=\"twitter-tweet\"><p>&#13;<\/p>\n<p dir=\"ltr\" lang=\"tr\">&#13;<br \/>\n\t\tABD Ba\u015fkan\u0131 Trump, Beyaz Saray Muhabirleri Derne\u011finin d\u00fczenledi\u011fi program s\u0131ras\u0131nda silah sesleri duyulmas\u0131 \u00fczerine salondan \u00e7\u0131kart\u0131ld\u0131.<a href=\"https:\/\/t.co\/48CxQP34o5\">https:\/\/t.co\/48CxQP34o5<\/a> <a href=\"https:\/\/t.co\/gL5Nsazhtr\">pic.twitter.com\/gL5Nsazhtr<\/a><\/p>\n<p>&#13;<br \/>\n\t\u2014 TRT Haber Canl\u0131 (@trthabercanli) <a href=\"https:\/\/twitter.com\/trthabercanli\/status\/2048215860767064505?ref_src=twsrc%5Etfw\">April 26, 2026<\/a><\/p><\/blockquote>\n<p>&#13;<br \/>\n\tG\u00fcvenlik bariyerlerini y\u0131karak Trump&#8217;\u0131n oturdu\u011fu masaya ula\u015fan g\u00fcvenlik birimleri, ABD Ba\u015fkan\u0131 ve e\u015fi Melania Trump&#8217;\u0131 h\u0131zla aralar\u0131na alarak salondan uzakla\u015ft\u0131rd\u0131.<\/p>\n<p>&#13;<br \/>\n\tSalondaki baz\u0131 davetlilerin olay s\u0131ras\u0131nda \u00e7\u0131\u011fl\u0131k att\u0131\u011f\u0131, baz\u0131lar\u0131n\u0131n ise USA (ABD) diye tezah\u00fcrat yapt\u0131\u011f\u0131 duyuldu.<\/p>\n<p>&#13;<br \/>\n\t\u00d6te yandan ABD medyas\u0131, silah seslerinin ekranlardan duyuldu\u011fu otelde bir sald\u0131rgan\u0131n g\u00f6zalt\u0131na al\u0131nd\u0131\u011f\u0131 bilgisini payla\u015ft\u0131, s\u00f6z konusu bilgi hen\u00fcz resmi makamlarca do\u011frulanmad\u0131.<\/p>\n<p>&#13;<br \/>\n\tK\u0131sa s\u00fcreli ya\u015fanan pani\u011fin ard\u0131ndan program\u0131n devam edece\u011fi anonsu yap\u0131ld\u0131.<\/p>\n<p>&#13;<br \/>\n\tTrump&#8217;\u0131n, s\u00f6z konusu olaya ra\u011fmen salona d\u00f6n\u00fcp konu\u015fmas\u0131n\u0131 yapabilece\u011fi belirtiliyor.<\/p>\n<h2>&#13;<br \/>\n\t&#8220;Silahl\u0131 sald\u0131rgan yakaland\u0131&#8221;<\/h2>\n<p>&#13;<br \/>\n\tABD Ba\u015fkan\u0131 Trump, &#8220;Olduk\u00e7a hareketli bir ak\u015famd\u0131. Gizli servis ve kolluk kuvvetleri harika bir i\u015f \u00e7\u0131kard\u0131. H\u0131zl\u0131 ve cesurca hareket ettiler. Silahl\u0131 sald\u0131rgan yakaland\u0131&#8221; a\u00e7\u0131klamas\u0131nda bulundu.<br \/>&#13;<br \/>\n\t\u00a0<\/p>\n<\/p><\/div>\n<p><script async src=\"\/\/platform.twitter.com\/widgets.js\" charset=\"utf-8\"><\/script><\/p>\n","protected":false},"excerpt":{"rendered":"<p>&#13; Beyaz Saray Muhabirleri Derne\u011finin yeme\u011fine ba\u015fkanl\u0131\u011f\u0131 d\u00f6neminde ilk kez kat\u0131lan Trump, salonda duyulan ba\u011fr\u0131\u015fmalar ve silah sesleri sonras\u0131 otelde d\u00fczenlenen etkinlik alan\u0131ndan apar topar d\u0131\u015far\u0131 \u00e7\u0131kar\u0131ld\u0131. &#13; Canl\u0131 yay\u0131nda verilen etkinlikte, yemek servisinin ba\u015flamas\u0131ndan k\u0131sa s\u00fcre sonra sesler y\u00fckselirken Trump\u2019\u0131n koruma ekipleri uzun namlulu silahlarla salonda g\u00f6r\u00fcld\u00fc. &#13; \u00a0 &#13; &#13; ABD Ba\u015fkan\u0131 Trump, [&hellip;]<\/p>\n","protected":false},"author":1,"featured_media":31650,"comment_status":"open","ping_status":"open","sticky":false,"template":"","format":"standard","meta":{"jnews-multi-image_gallery":[],"jnews_single_post":[],"jnews_primary_category":[],"jnews_social_meta":[],"jnews_override_counter":[],"footnotes":""},"categories":[2],"tags":[],"class_list":["post-37292","post","type-post","status-publish","format-standard","has-post-thumbnail","hentry","category-dunya"],"yoast_head":"<!-- This site is optimized with the Yoast SEO plugin v27.4 - https:\/\/yoast.com\/product\/yoast-seo-wordpress\/ -->\n<title>Trump, Beyaz Saray Muhabirleri Derne\u011fi yeme\u011finde silah sesleri duyulmas\u0131 \u00fczerine salondan \u00e7\u0131kar\u0131ld\u0131 - Kuzeyin Sesi<\/title>\n<meta name=\"robots\" content=\"index, follow, max-snippet:-1, max-image-preview:large, max-video-preview:-1\" \/>\n<link rel=\"canonical\" href=\"https:\/\/kuzeyinsesi.org\/index.php\/2026\/04\/26\/trump-beyaz-saray-muhabirleri-dernegi-yemeginde-silah-sesleri-duyulmasi-uzerine-salondan-cikarildi\/\" \/>\n<meta property=\"og:locale\" content=\"tr_TR\" \/>\n<meta property=\"og:type\" content=\"article\" \/>\n<meta property=\"og:title\" content=\"Trump, Beyaz Saray Muhabirleri Derne\u011fi yeme\u011finde silah sesleri duyulmas\u0131 \u00fczerine salondan \u00e7\u0131kar\u0131ld\u0131 - Kuzeyin Sesi\" \/>\n<meta property=\"og:description\" content=\"&#013; Beyaz Saray Muhabirleri Derne\u011finin yeme\u011fine ba\u015fkanl\u0131\u011f\u0131 d\u00f6neminde ilk kez kat\u0131lan Trump, salonda duyulan ba\u011fr\u0131\u015fmalar ve silah sesleri sonras\u0131 otelde d\u00fczenlenen etkinlik alan\u0131ndan apar topar d\u0131\u015far\u0131 \u00e7\u0131kar\u0131ld\u0131. &#013; Canl\u0131 yay\u0131nda verilen etkinlikte, yemek servisinin ba\u015flamas\u0131ndan k\u0131sa s\u00fcre sonra sesler y\u00fckselirken Trump\u2019\u0131n koruma ekipleri uzun namlulu silahlarla salonda g\u00f6r\u00fcld\u00fc. &#013; \u00a0 &#013; &#013; ABD Ba\u015fkan\u0131 Trump, [&hellip;]\" \/>\n<meta property=\"og:url\" content=\"https:\/\/kuzeyinsesi.org\/index.php\/2026\/04\/26\/trump-beyaz-saray-muhabirleri-dernegi-yemeginde-silah-sesleri-duyulmasi-uzerine-salondan-cikarildi\/\" \/>\n<meta property=\"og:site_name\" content=\"Kuzeyin Sesi\" \/>\n<meta property=\"article:publisher\" content=\"https:\/\/www.facebook.com\/kuzeyinsesii\" \/>\n<meta property=\"article:published_time\" content=\"2026-04-26T02:05:11+00:00\" \/>\n<meta property=\"og:image\" content=\"https:\/\/trthaberstatic.cdn.wp.trt.com.tr\/resimler\/2026000\/son-dakika-dakika-son-dakika-2026652.jpg\" \/>\n<meta name=\"author\" content=\"Kuzeyin Sesi\" \/>\n<meta name=\"twitter:card\" content=\"summary_large_image\" \/>\n<meta name=\"twitter:creator\" content=\"@kuzeyinsesii\" \/>\n<meta name=\"twitter:site\" content=\"@kuzeyinsesii\" \/>\n<meta name=\"twitter:label1\" content=\"Yazan:\" \/>\n\t<meta name=\"twitter:data1\" content=\"Kuzeyin Sesi\" \/>\n\t<meta name=\"twitter:label2\" content=\"Tahmini okuma s\u00fcresi\" \/>\n\t<meta name=\"twitter:data2\" content=\"1 dakika\" \/>\n<script type=\"application\/ld+json\" class=\"yoast-schema-graph\">{\"@context\":\"https:\\\/\\\/schema.org\",\"@graph\":[{\"@type\":\"Article\",\"@id\":\"https:\\\/\\\/kuzeyinsesi.org\\\/index.php\\\/2026\\\/04\\\/26\\\/trump-beyaz-saray-muhabirleri-dernegi-yemeginde-silah-sesleri-duyulmasi-uzerine-salondan-cikarildi\\\/#article\",\"isPartOf\":{\"@id\":\"https:\\\/\\\/kuzeyinsesi.org\\\/index.php\\\/2026\\\/04\\\/26\\\/trump-beyaz-saray-muhabirleri-dernegi-yemeginde-silah-sesleri-duyulmasi-uzerine-salondan-cikarildi\\\/\"},\"author\":{\"name\":\"Kuzeyin Sesi\",\"@id\":\"https:\\\/\\\/kuzeyinsesi.org\\\/#\\\/schema\\\/person\\\/9f859689cdf01485597712386e37f5aa\"},\"headline\":\"Trump, Beyaz Saray Muhabirleri Derne\u011fi yeme\u011finde silah sesleri duyulmas\u0131 \u00fczerine salondan \u00e7\u0131kar\u0131ld\u0131\",\"datePublished\":\"2026-04-26T02:05:11+00:00\",\"mainEntityOfPage\":{\"@id\":\"https:\\\/\\\/kuzeyinsesi.org\\\/index.php\\\/2026\\\/04\\\/26\\\/trump-beyaz-saray-muhabirleri-dernegi-yemeginde-silah-sesleri-duyulmasi-uzerine-salondan-cikarildi\\\/\"},\"wordCount\":278,\"commentCount\":0,\"image\":{\"@id\":\"https:\\\/\\\/kuzeyinsesi.org\\\/index.php\\\/2026\\\/04\\\/26\\\/trump-beyaz-saray-muhabirleri-dernegi-yemeginde-silah-sesleri-duyulmasi-uzerine-salondan-cikarildi\\\/#primaryimage\"},\"thumbnailUrl\":\"https:\\\/\\\/kuzeyinsesi.org\\\/wp-content\\\/uploads\\\/2025\\\/09\\\/son-dakika-dakika-son-dakika-2026652.jpg\",\"articleSection\":[\"D\u00fcnya\"],\"inLanguage\":\"tr\",\"potentialAction\":[{\"@type\":\"CommentAction\",\"name\":\"Comment\",\"target\":[\"https:\\\/\\\/kuzeyinsesi.org\\\/index.php\\\/2026\\\/04\\\/26\\\/trump-beyaz-saray-muhabirleri-dernegi-yemeginde-silah-sesleri-duyulmasi-uzerine-salondan-cikarildi\\\/#respond\"]}]},{\"@type\":\"WebPage\",\"@id\":\"https:\\\/\\\/kuzeyinsesi.org\\\/index.php\\\/2026\\\/04\\\/26\\\/trump-beyaz-saray-muhabirleri-dernegi-yemeginde-silah-sesleri-duyulmasi-uzerine-salondan-cikarildi\\\/\",\"url\":\"https:\\\/\\\/kuzeyinsesi.org\\\/index.php\\\/2026\\\/04\\\/26\\\/trump-beyaz-saray-muhabirleri-dernegi-yemeginde-silah-sesleri-duyulmasi-uzerine-salondan-cikarildi\\\/\",\"name\":\"Trump, Beyaz Saray Muhabirleri Derne\u011fi yeme\u011finde silah sesleri duyulmas\u0131 \u00fczerine salondan \u00e7\u0131kar\u0131ld\u0131 - Kuzeyin Sesi\",\"isPartOf\":{\"@id\":\"https:\\\/\\\/kuzeyinsesi.org\\\/#website\"},\"primaryImageOfPage\":{\"@id\":\"https:\\\/\\\/kuzeyinsesi.org\\\/index.php\\\/2026\\\/04\\\/26\\\/trump-beyaz-saray-muhabirleri-dernegi-yemeginde-silah-sesleri-duyulmasi-uzerine-salondan-cikarildi\\\/#primaryimage\"},\"image\":{\"@id\":\"https:\\\/\\\/kuzeyinsesi.org\\\/index.php\\\/2026\\\/04\\\/26\\\/trump-beyaz-saray-muhabirleri-dernegi-yemeginde-silah-sesleri-duyulmasi-uzerine-salondan-cikarildi\\\/#primaryimage\"},\"thumbnailUrl\":\"https:\\\/\\\/kuzeyinsesi.org\\\/wp-content\\\/uploads\\\/2025\\\/09\\\/son-dakika-dakika-son-dakika-2026652.jpg\",\"datePublished\":\"2026-04-26T02:05:11+00:00\",\"author\":{\"@id\":\"https:\\\/\\\/kuzeyinsesi.org\\\/#\\\/schema\\\/person\\\/9f859689cdf01485597712386e37f5aa\"},\"breadcrumb\":{\"@id\":\"https:\\\/\\\/kuzeyinsesi.org\\\/index.php\\\/2026\\\/04\\\/26\\\/trump-beyaz-saray-muhabirleri-dernegi-yemeginde-silah-sesleri-duyulmasi-uzerine-salondan-cikarildi\\\/#breadcrumb\"},\"inLanguage\":\"tr\",\"potentialAction\":[{\"@type\":\"ReadAction\",\"target\":[\"https:\\\/\\\/kuzeyinsesi.org\\\/index.php\\\/2026\\\/04\\\/26\\\/trump-beyaz-saray-muhabirleri-dernegi-yemeginde-silah-sesleri-duyulmasi-uzerine-salondan-cikarildi\\\/\"]}]},{\"@type\":\"ImageObject\",\"inLanguage\":\"tr\",\"@id\":\"https:\\\/\\\/kuzeyinsesi.org\\\/index.php\\\/2026\\\/04\\\/26\\\/trump-beyaz-saray-muhabirleri-dernegi-yemeginde-silah-sesleri-duyulmasi-uzerine-salondan-cikarildi\\\/#primaryimage\",\"url\":\"https:\\\/\\\/kuzeyinsesi.org\\\/wp-content\\\/uploads\\\/2025\\\/09\\\/son-dakika-dakika-son-dakika-2026652.jpg\",\"contentUrl\":\"https:\\\/\\\/kuzeyinsesi.org\\\/wp-content\\\/uploads\\\/2025\\\/09\\\/son-dakika-dakika-son-dakika-2026652.jpg\",\"width\":1280,\"height\":720},{\"@type\":\"BreadcrumbList\",\"@id\":\"https:\\\/\\\/kuzeyinsesi.org\\\/index.php\\\/2026\\\/04\\\/26\\\/trump-beyaz-saray-muhabirleri-dernegi-yemeginde-silah-sesleri-duyulmasi-uzerine-salondan-cikarildi\\\/#breadcrumb\",\"itemListElement\":[{\"@type\":\"ListItem\",\"position\":1,\"name\":\"Anasayfa\",\"item\":\"https:\\\/\\\/kuzeyinsesi.org\\\/\"},{\"@type\":\"ListItem\",\"position\":2,\"name\":\"Trump, Beyaz Saray Muhabirleri Derne\u011fi yeme\u011finde silah sesleri duyulmas\u0131 \u00fczerine salondan \u00e7\u0131kar\u0131ld\u0131\"}]},{\"@type\":\"WebSite\",\"@id\":\"https:\\\/\\\/kuzeyinsesi.org\\\/#website\",\"url\":\"https:\\\/\\\/kuzeyinsesi.org\\\/\",\"name\":\"Kuzeyin Sesi\",\"description\":\"Do\u011fru Haberin Adresi\",\"potentialAction\":[{\"@type\":\"SearchAction\",\"target\":{\"@type\":\"EntryPoint\",\"urlTemplate\":\"https:\\\/\\\/kuzeyinsesi.org\\\/?s={search_term_string}\"},\"query-input\":{\"@type\":\"PropertyValueSpecification\",\"valueRequired\":true,\"valueName\":\"search_term_string\"}}],\"inLanguage\":\"tr\"},{\"@type\":\"Person\",\"@id\":\"https:\\\/\\\/kuzeyinsesi.org\\\/#\\\/schema\\\/person\\\/9f859689cdf01485597712386e37f5aa\",\"name\":\"Kuzeyin Sesi\",\"image\":{\"@type\":\"ImageObject\",\"inLanguage\":\"tr\",\"@id\":\"https:\\\/\\\/secure.gravatar.com\\\/avatar\\\/bab33852abfd8b282518d6ed81826833d77c3c882d9ab608add591ccace47a44?s=96&d=mm&r=g\",\"url\":\"https:\\\/\\\/secure.gravatar.com\\\/avatar\\\/bab33852abfd8b282518d6ed81826833d77c3c882d9ab608add591ccace47a44?s=96&d=mm&r=g\",\"contentUrl\":\"https:\\\/\\\/secure.gravatar.com\\\/avatar\\\/bab33852abfd8b282518d6ed81826833d77c3c882d9ab608add591ccace47a44?s=96&d=mm&r=g\",\"caption\":\"Kuzeyin Sesi\"},\"sameAs\":[\"https:\\\/\\\/kuzeyinsesi.org\"],\"url\":\"https:\\\/\\\/kuzeyinsesi.org\\\/index.php\\\/author\\\/guven\\\/\"}]}<\/script>\n<!-- \/ Yoast SEO plugin. -->","yoast_head_json":{"title":"Trump, Beyaz Saray Muhabirleri Derne\u011fi yeme\u011finde silah sesleri duyulmas\u0131 \u00fczerine salondan \u00e7\u0131kar\u0131ld\u0131 - Kuzeyin Sesi","robots":{"index":"index","follow":"follow","max-snippet":"max-snippet:-1","max-image-preview":"max-image-preview:large","max-video-preview":"max-video-preview:-1"},"canonical":"https:\/\/kuzeyinsesi.org\/index.php\/2026\/04\/26\/trump-beyaz-saray-muhabirleri-dernegi-yemeginde-silah-sesleri-duyulmasi-uzerine-salondan-cikarildi\/","og_locale":"tr_TR","og_type":"article","og_title":"Trump, Beyaz Saray Muhabirleri Derne\u011fi yeme\u011finde silah sesleri duyulmas\u0131 \u00fczerine salondan \u00e7\u0131kar\u0131ld\u0131 - Kuzeyin Sesi","og_description":"&#13; Beyaz Saray Muhabirleri Derne\u011finin yeme\u011fine ba\u015fkanl\u0131\u011f\u0131 d\u00f6neminde ilk kez kat\u0131lan Trump, salonda duyulan ba\u011fr\u0131\u015fmalar ve silah sesleri sonras\u0131 otelde d\u00fczenlenen etkinlik alan\u0131ndan apar topar d\u0131\u015far\u0131 \u00e7\u0131kar\u0131ld\u0131. &#13; Canl\u0131 yay\u0131nda verilen etkinlikte, yemek servisinin ba\u015flamas\u0131ndan k\u0131sa s\u00fcre sonra sesler y\u00fckselirken Trump\u2019\u0131n koruma ekipleri uzun namlulu silahlarla salonda g\u00f6r\u00fcld\u00fc. &#13; \u00a0 &#13; &#13; ABD Ba\u015fkan\u0131 Trump, [&hellip;]","og_url":"https:\/\/kuzeyinsesi.org\/index.php\/2026\/04\/26\/trump-beyaz-saray-muhabirleri-dernegi-yemeginde-silah-sesleri-duyulmasi-uzerine-salondan-cikarildi\/","og_site_name":"Kuzeyin Sesi","article_publisher":"https:\/\/www.facebook.com\/kuzeyinsesii","article_published_time":"2026-04-26T02:05:11+00:00","og_image":[{"url":"https:\/\/trthaberstatic.cdn.wp.trt.com.tr\/resimler\/2026000\/son-dakika-dakika-son-dakika-2026652.jpg","type":"","width":"","height":""}],"author":"Kuzeyin Sesi","twitter_card":"summary_large_image","twitter_creator":"@kuzeyinsesii","twitter_site":"@kuzeyinsesii","twitter_misc":{"Yazan:":"Kuzeyin Sesi","Tahmini okuma s\u00fcresi":"1 dakika"},"schema":{"@context":"https:\/\/schema.org","@graph":[{"@type":"Article","@id":"https:\/\/kuzeyinsesi.org\/index.php\/2026\/04\/26\/trump-beyaz-saray-muhabirleri-dernegi-yemeginde-silah-sesleri-duyulmasi-uzerine-salondan-cikarildi\/#article","isPartOf":{"@id":"https:\/\/kuzeyinsesi.org\/index.php\/2026\/04\/26\/trump-beyaz-saray-muhabirleri-dernegi-yemeginde-silah-sesleri-duyulmasi-uzerine-salondan-cikarildi\/"},"author":{"name":"Kuzeyin Sesi","@id":"https:\/\/kuzeyinsesi.org\/#\/schema\/person\/9f859689cdf01485597712386e37f5aa"},"headline":"Trump, Beyaz Saray Muhabirleri Derne\u011fi yeme\u011finde silah sesleri duyulmas\u0131 \u00fczerine salondan \u00e7\u0131kar\u0131ld\u0131","datePublished":"2026-04-26T02:05:11+00:00","mainEntityOfPage":{"@id":"https:\/\/kuzeyinsesi.org\/index.php\/2026\/04\/26\/trump-beyaz-saray-muhabirleri-dernegi-yemeginde-silah-sesleri-duyulmasi-uzerine-salondan-cikarildi\/"},"wordCount":278,"commentCount":0,"image":{"@id":"https:\/\/kuzeyinsesi.org\/index.php\/2026\/04\/26\/trump-beyaz-saray-muhabirleri-dernegi-yemeginde-silah-sesleri-duyulmasi-uzerine-salondan-cikarildi\/#primaryimage"},"thumbnailUrl":"https:\/\/kuzeyinsesi.org\/wp-content\/uploads\/2025\/09\/son-dakika-dakika-son-dakika-2026652.jpg","articleSection":["D\u00fcnya"],"inLanguage":"tr","potentialAction":[{"@type":"CommentAction","name":"Comment","target":["https:\/\/kuzeyinsesi.org\/index.php\/2026\/04\/26\/trump-beyaz-saray-muhabirleri-dernegi-yemeginde-silah-sesleri-duyulmasi-uzerine-salondan-cikarildi\/#respond"]}]},{"@type":"WebPage","@id":"https:\/\/kuzeyinsesi.org\/index.php\/2026\/04\/26\/trump-beyaz-saray-muhabirleri-dernegi-yemeginde-silah-sesleri-duyulmasi-uzerine-salondan-cikarildi\/","url":"https:\/\/kuzeyinsesi.org\/index.php\/2026\/04\/26\/trump-beyaz-saray-muhabirleri-dernegi-yemeginde-silah-sesleri-duyulmasi-uzerine-salondan-cikarildi\/","name":"Trump, Beyaz Saray Muhabirleri Derne\u011fi yeme\u011finde silah sesleri duyulmas\u0131 \u00fczerine salondan \u00e7\u0131kar\u0131ld\u0131 - Kuzeyin Sesi","isPartOf":{"@id":"https:\/\/kuzeyinsesi.org\/#website"},"primaryImageOfPage":{"@id":"https:\/\/kuzeyinsesi.org\/index.php\/2026\/04\/26\/trump-beyaz-saray-muhabirleri-dernegi-yemeginde-silah-sesleri-duyulmasi-uzerine-salondan-cikarildi\/#primaryimage"},"image":{"@id":"https:\/\/kuzeyinsesi.org\/index.php\/2026\/04\/26\/trump-beyaz-saray-muhabirleri-dernegi-yemeginde-silah-sesleri-duyulmasi-uzerine-salondan-cikarildi\/#primaryimage"},"thumbnailUrl":"https:\/\/kuzeyinsesi.org\/wp-content\/uploads\/2025\/09\/son-dakika-dakika-son-dakika-2026652.jpg","datePublished":"2026-04-26T02:05:11+00:00","author":{"@id":"https:\/\/kuzeyinsesi.org\/#\/schema\/person\/9f859689cdf01485597712386e37f5aa"},"breadcrumb":{"@id":"https:\/\/kuzeyinsesi.org\/index.php\/2026\/04\/26\/trump-beyaz-saray-muhabirleri-dernegi-yemeginde-silah-sesleri-duyulmasi-uzerine-salondan-cikarildi\/#breadcrumb"},"inLanguage":"tr","potentialAction":[{"@type":"ReadAction","target":["https:\/\/kuzeyinsesi.org\/index.php\/2026\/04\/26\/trump-beyaz-saray-muhabirleri-dernegi-yemeginde-silah-sesleri-duyulmasi-uzerine-salondan-cikarildi\/"]}]},{"@type":"ImageObject","inLanguage":"tr","@id":"https:\/\/kuzeyinsesi.org\/index.php\/2026\/04\/26\/trump-beyaz-saray-muhabirleri-dernegi-yemeginde-silah-sesleri-duyulmasi-uzerine-salondan-cikarildi\/#primaryimage","url":"https:\/\/kuzeyinsesi.org\/wp-content\/uploads\/2025\/09\/son-dakika-dakika-son-dakika-2026652.jpg","contentUrl":"https:\/\/kuzeyinsesi.org\/wp-content\/uploads\/2025\/09\/son-dakika-dakika-son-dakika-2026652.jpg","width":1280,"height":720},{"@type":"BreadcrumbList","@id":"https:\/\/kuzeyinsesi.org\/index.php\/2026\/04\/26\/trump-beyaz-saray-muhabirleri-dernegi-yemeginde-silah-sesleri-duyulmasi-uzerine-salondan-cikarildi\/#breadcrumb","itemListElement":[{"@type":"ListItem","position":1,"name":"Anasayfa","item":"https:\/\/kuzeyinsesi.org\/"},{"@type":"ListItem","position":2,"name":"Trump, Beyaz Saray Muhabirleri Derne\u011fi yeme\u011finde silah sesleri duyulmas\u0131 \u00fczerine salondan \u00e7\u0131kar\u0131ld\u0131"}]},{"@type":"WebSite","@id":"https:\/\/kuzeyinsesi.org\/#website","url":"https:\/\/kuzeyinsesi.org\/","name":"Kuzeyin Sesi","description":"Do\u011fru Haberin Adresi","potentialAction":[{"@type":"SearchAction","target":{"@type":"EntryPoint","urlTemplate":"https:\/\/kuzeyinsesi.org\/?s={search_term_string}"},"query-input":{"@type":"PropertyValueSpecification","valueRequired":true,"valueName":"search_term_string"}}],"inLanguage":"tr"},{"@type":"Person","@id":"https:\/\/kuzeyinsesi.org\/#\/schema\/person\/9f859689cdf01485597712386e37f5aa","name":"Kuzeyin Sesi","image":{"@type":"ImageObject","inLanguage":"tr","@id":"https:\/\/secure.gravatar.com\/avatar\/bab33852abfd8b282518d6ed81826833d77c3c882d9ab608add591ccace47a44?s=96&d=mm&r=g","url":"https:\/\/secure.gravatar.com\/avatar\/bab33852abfd8b282518d6ed81826833d77c3c882d9ab608add591ccace47a44?s=96&d=mm&r=g","contentUrl":"https:\/\/secure.gravatar.com\/avatar\/bab33852abfd8b282518d6ed81826833d77c3c882d9ab608add591ccace47a44?s=96&d=mm&r=g","caption":"Kuzeyin Sesi"},"sameAs":["https:\/\/kuzeyinsesi.org"],"url":"https:\/\/kuzeyinsesi.org\/index.php\/author\/guven\/"}]}},"_links":{"self":[{"href":"https:\/\/kuzeyinsesi.org\/index.php\/wp-json\/wp\/v2\/posts\/37292","targetHints":{"allow":["GET"]}}],"collection":[{"href":"https:\/\/kuzeyinsesi.org\/index.php\/wp-json\/wp\/v2\/posts"}],"about":[{"href":"https:\/\/kuzeyinsesi.org\/index.php\/wp-json\/wp\/v2\/types\/post"}],"author":[{"embeddable":true,"href":"https:\/\/kuzeyinsesi.org\/index.php\/wp-json\/wp\/v2\/users\/1"}],"replies":[{"embeddable":true,"href":"https:\/\/kuzeyinsesi.org\/index.php\/wp-json\/wp\/v2\/comments?post=37292"}],"version-history":[{"count":0,"href":"https:\/\/kuzeyinsesi.org\/index.php\/wp-json\/wp\/v2\/posts\/37292\/revisions"}],"wp:featuredmedia":[{"embeddable":true,"href":"https:\/\/kuzeyinsesi.org\/index.php\/wp-json\/wp\/v2\/media\/31650"}],"wp:attachment":[{"href":"https:\/\/kuzeyinsesi.org\/index.php\/wp-json\/wp\/v2\/media?parent=37292"}],"wp:term":[{"taxonomy":"category","embeddable":true,"href":"https:\/\/kuzeyinsesi.org\/index.php\/wp-json\/wp\/v2\/categories?post=37292"},{"taxonomy":"post_tag","embeddable":true,"href":"https:\/\/kuzeyinsesi.org\/index.php\/wp-json\/wp\/v2\/tags?post=37292"}],"curies":[{"name":"wp","href":"https:\/\/api.w.org\/{rel}","templated":true}]}}