{"id":37290,"date":"2026-04-26T02:29:11","date_gmt":"2026-04-25T23:29:11","guid":{"rendered":"https:\/\/kuzeyinsesi.org\/index.php\/2026\/04\/26\/abd-ablukanin-baslamasindan-bu-yana-37-iran-gemisini-durdurdu\/"},"modified":"2026-04-26T02:29:11","modified_gmt":"2026-04-25T23:29:11","slug":"abd-ablukanin-baslamasindan-bu-yana-37-iran-gemisini-durdurdu","status":"publish","type":"post","link":"https:\/\/kuzeyinsesi.org\/index.php\/2026\/04\/26\/abd-ablukanin-baslamasindan-bu-yana-37-iran-gemisini-durdurdu\/","title":{"rendered":"ABD, ablukan\u0131n ba\u015flamas\u0131ndan bu yana 37 \u0130ran gemisini durdurdu"},"content":{"rendered":"<p><\/p>\n<div>\n<p>&#13;<br \/>\n\tCENTCOM, \u201cSevan\u201d isimli <a href=\"https:\/\/www.trthaber.com\/etiket\/iran\/\" target=\"_blank\">\u0130ran<\/a> gemisinin, ABD\u2019ye ait <a href=\"https:\/\/www.trthaber.com\/etiket\/savas\/\" target=\"_blank\">sava\u015f<\/a> gemisinden kalkan helikopterle durduruldu\u011funu duyurdu.<\/p>\n<p>&#13;<br \/>\n\tGeminin \u0130ran&#8217;a geri d\u00f6nd\u00fc\u011f\u00fc belirtildi. \u0130ran gemisinin <a href=\"https:\/\/www.trthaber.com\/etiket\/abd\/\" target=\"_blank\">ABD<\/a> Hazine Bakanl\u0131\u011f\u0131&#8217;n\u0131n yapt\u0131r\u0131m listesindeki 19 g\u00f6lge filo gemisinden biri oldu\u011fu duyuruldu.<\/p>\n<p>&#13;<br \/>\n\tCENTCOM, ablukan\u0131n ba\u015flamas\u0131ndan bu yana 37 \u0130ran gemisinin durduruldu\u011funu, \u0130ran&#8217;a y\u00f6nelik ablukan\u0131n devam edece\u011fini kaydetti.<\/p>\n<\/p><\/div>\n","protected":false},"excerpt":{"rendered":"<p>&#13; CENTCOM, \u201cSevan\u201d isimli \u0130ran gemisinin, ABD\u2019ye ait sava\u015f gemisinden kalkan helikopterle durduruldu\u011funu duyurdu. &#13; Geminin \u0130ran&#8217;a geri d\u00f6nd\u00fc\u011f\u00fc belirtildi. \u0130ran gemisinin ABD Hazine Bakanl\u0131\u011f\u0131&#8217;n\u0131n yapt\u0131r\u0131m listesindeki 19 g\u00f6lge filo gemisinden biri oldu\u011fu duyuruldu. &#13; CENTCOM, ablukan\u0131n ba\u015flamas\u0131ndan bu yana 37 \u0130ran gemisinin durduruldu\u011funu, \u0130ran&#8217;a y\u00f6nelik ablukan\u0131n devam edece\u011fini kaydetti.<\/p>\n","protected":false},"author":1,"featured_media":36746,"comment_status":"open","ping_status":"open","sticky":false,"template":"","format":"standard","meta":{"jnews-multi-image_gallery":[],"jnews_single_post":[],"jnews_primary_category":[],"jnews_social_meta":[],"jnews_override_counter":[],"footnotes":""},"categories":[2],"tags":[],"class_list":["post-37290","post","type-post","status-publish","format-standard","has-post-thumbnail","hentry","category-dunya"],"yoast_head":"<!-- This site is optimized with the Yoast SEO plugin v27.4 - https:\/\/yoast.com\/product\/yoast-seo-wordpress\/ -->\n<title>ABD, ablukan\u0131n ba\u015flamas\u0131ndan bu yana 37 \u0130ran gemisini durdurdu - Kuzeyin Sesi<\/title>\n<meta name=\"robots\" content=\"index, follow, max-snippet:-1, max-image-preview:large, max-video-preview:-1\" \/>\n<link rel=\"canonical\" href=\"https:\/\/kuzeyinsesi.org\/index.php\/2026\/04\/26\/abd-ablukanin-baslamasindan-bu-yana-37-iran-gemisini-durdurdu\/\" \/>\n<meta property=\"og:locale\" content=\"tr_TR\" \/>\n<meta property=\"og:type\" content=\"article\" \/>\n<meta property=\"og:title\" content=\"ABD, ablukan\u0131n ba\u015flamas\u0131ndan bu yana 37 \u0130ran gemisini durdurdu - Kuzeyin Sesi\" \/>\n<meta property=\"og:description\" content=\"&#013; CENTCOM, \u201cSevan\u201d isimli \u0130ran gemisinin, ABD\u2019ye ait sava\u015f gemisinden kalkan helikopterle durduruldu\u011funu duyurdu. &#013; Geminin \u0130ran&#8217;a geri d\u00f6nd\u00fc\u011f\u00fc belirtildi. \u0130ran gemisinin ABD Hazine Bakanl\u0131\u011f\u0131&#8217;n\u0131n yapt\u0131r\u0131m listesindeki 19 g\u00f6lge filo gemisinden biri oldu\u011fu duyuruldu. &#013; CENTCOM, ablukan\u0131n ba\u015flamas\u0131ndan bu yana 37 \u0130ran gemisinin durduruldu\u011funu, \u0130ran&#8217;a y\u00f6nelik ablukan\u0131n devam edece\u011fini kaydetti.\" \/>\n<meta property=\"og:url\" content=\"https:\/\/kuzeyinsesi.org\/index.php\/2026\/04\/26\/abd-ablukanin-baslamasindan-bu-yana-37-iran-gemisini-durdurdu\/\" \/>\n<meta property=\"og:site_name\" content=\"Kuzeyin Sesi\" \/>\n<meta property=\"article:publisher\" content=\"https:\/\/www.facebook.com\/kuzeyinsesii\" \/>\n<meta property=\"article:published_time\" content=\"2026-04-25T23:29:11+00:00\" \/>\n<meta property=\"og:image\" content=\"https:\/\/trthaberstatic.cdn.wp.trt.com.tr\/resimler\/1636000\/centcom-ap-1636967.jpg\" \/>\n<meta name=\"author\" content=\"Kuzeyin Sesi\" \/>\n<meta name=\"twitter:card\" content=\"summary_large_image\" \/>\n<meta name=\"twitter:creator\" content=\"@kuzeyinsesii\" \/>\n<meta name=\"twitter:site\" content=\"@kuzeyinsesii\" \/>\n<meta name=\"twitter:label1\" content=\"Yazan:\" \/>\n\t<meta name=\"twitter:data1\" content=\"Kuzeyin Sesi\" \/>\n<script type=\"application\/ld+json\" class=\"yoast-schema-graph\">{\"@context\":\"https:\\\/\\\/schema.org\",\"@graph\":[{\"@type\":\"Article\",\"@id\":\"https:\\\/\\\/kuzeyinsesi.org\\\/index.php\\\/2026\\\/04\\\/26\\\/abd-ablukanin-baslamasindan-bu-yana-37-iran-gemisini-durdurdu\\\/#article\",\"isPartOf\":{\"@id\":\"https:\\\/\\\/kuzeyinsesi.org\\\/index.php\\\/2026\\\/04\\\/26\\\/abd-ablukanin-baslamasindan-bu-yana-37-iran-gemisini-durdurdu\\\/\"},\"author\":{\"name\":\"Kuzeyin Sesi\",\"@id\":\"https:\\\/\\\/kuzeyinsesi.org\\\/#\\\/schema\\\/person\\\/9f859689cdf01485597712386e37f5aa\"},\"headline\":\"ABD, ablukan\u0131n ba\u015flamas\u0131ndan bu yana 37 \u0130ran gemisini durdurdu\",\"datePublished\":\"2026-04-25T23:29:11+00:00\",\"mainEntityOfPage\":{\"@id\":\"https:\\\/\\\/kuzeyinsesi.org\\\/index.php\\\/2026\\\/04\\\/26\\\/abd-ablukanin-baslamasindan-bu-yana-37-iran-gemisini-durdurdu\\\/\"},\"wordCount\":74,\"commentCount\":0,\"image\":{\"@id\":\"https:\\\/\\\/kuzeyinsesi.org\\\/index.php\\\/2026\\\/04\\\/26\\\/abd-ablukanin-baslamasindan-bu-yana-37-iran-gemisini-durdurdu\\\/#primaryimage\"},\"thumbnailUrl\":\"https:\\\/\\\/kuzeyinsesi.org\\\/wp-content\\\/uploads\\\/2026\\\/04\\\/centcom-ap-1636967.jpg\",\"articleSection\":[\"D\u00fcnya\"],\"inLanguage\":\"tr\",\"potentialAction\":[{\"@type\":\"CommentAction\",\"name\":\"Comment\",\"target\":[\"https:\\\/\\\/kuzeyinsesi.org\\\/index.php\\\/2026\\\/04\\\/26\\\/abd-ablukanin-baslamasindan-bu-yana-37-iran-gemisini-durdurdu\\\/#respond\"]}]},{\"@type\":\"WebPage\",\"@id\":\"https:\\\/\\\/kuzeyinsesi.org\\\/index.php\\\/2026\\\/04\\\/26\\\/abd-ablukanin-baslamasindan-bu-yana-37-iran-gemisini-durdurdu\\\/\",\"url\":\"https:\\\/\\\/kuzeyinsesi.org\\\/index.php\\\/2026\\\/04\\\/26\\\/abd-ablukanin-baslamasindan-bu-yana-37-iran-gemisini-durdurdu\\\/\",\"name\":\"ABD, ablukan\u0131n ba\u015flamas\u0131ndan bu yana 37 \u0130ran gemisini durdurdu - Kuzeyin Sesi\",\"isPartOf\":{\"@id\":\"https:\\\/\\\/kuzeyinsesi.org\\\/#website\"},\"primaryImageOfPage\":{\"@id\":\"https:\\\/\\\/kuzeyinsesi.org\\\/index.php\\\/2026\\\/04\\\/26\\\/abd-ablukanin-baslamasindan-bu-yana-37-iran-gemisini-durdurdu\\\/#primaryimage\"},\"image\":{\"@id\":\"https:\\\/\\\/kuzeyinsesi.org\\\/index.php\\\/2026\\\/04\\\/26\\\/abd-ablukanin-baslamasindan-bu-yana-37-iran-gemisini-durdurdu\\\/#primaryimage\"},\"thumbnailUrl\":\"https:\\\/\\\/kuzeyinsesi.org\\\/wp-content\\\/uploads\\\/2026\\\/04\\\/centcom-ap-1636967.jpg\",\"datePublished\":\"2026-04-25T23:29:11+00:00\",\"author\":{\"@id\":\"https:\\\/\\\/kuzeyinsesi.org\\\/#\\\/schema\\\/person\\\/9f859689cdf01485597712386e37f5aa\"},\"breadcrumb\":{\"@id\":\"https:\\\/\\\/kuzeyinsesi.org\\\/index.php\\\/2026\\\/04\\\/26\\\/abd-ablukanin-baslamasindan-bu-yana-37-iran-gemisini-durdurdu\\\/#breadcrumb\"},\"inLanguage\":\"tr\",\"potentialAction\":[{\"@type\":\"ReadAction\",\"target\":[\"https:\\\/\\\/kuzeyinsesi.org\\\/index.php\\\/2026\\\/04\\\/26\\\/abd-ablukanin-baslamasindan-bu-yana-37-iran-gemisini-durdurdu\\\/\"]}]},{\"@type\":\"ImageObject\",\"inLanguage\":\"tr\",\"@id\":\"https:\\\/\\\/kuzeyinsesi.org\\\/index.php\\\/2026\\\/04\\\/26\\\/abd-ablukanin-baslamasindan-bu-yana-37-iran-gemisini-durdurdu\\\/#primaryimage\",\"url\":\"https:\\\/\\\/kuzeyinsesi.org\\\/wp-content\\\/uploads\\\/2026\\\/04\\\/centcom-ap-1636967.jpg\",\"contentUrl\":\"https:\\\/\\\/kuzeyinsesi.org\\\/wp-content\\\/uploads\\\/2026\\\/04\\\/centcom-ap-1636967.jpg\",\"width\":1280,\"height\":720},{\"@type\":\"BreadcrumbList\",\"@id\":\"https:\\\/\\\/kuzeyinsesi.org\\\/index.php\\\/2026\\\/04\\\/26\\\/abd-ablukanin-baslamasindan-bu-yana-37-iran-gemisini-durdurdu\\\/#breadcrumb\",\"itemListElement\":[{\"@type\":\"ListItem\",\"position\":1,\"name\":\"Anasayfa\",\"item\":\"https:\\\/\\\/kuzeyinsesi.org\\\/\"},{\"@type\":\"ListItem\",\"position\":2,\"name\":\"ABD, ablukan\u0131n ba\u015flamas\u0131ndan bu yana 37 \u0130ran gemisini durdurdu\"}]},{\"@type\":\"WebSite\",\"@id\":\"https:\\\/\\\/kuzeyinsesi.org\\\/#website\",\"url\":\"https:\\\/\\\/kuzeyinsesi.org\\\/\",\"name\":\"Kuzeyin Sesi\",\"description\":\"Do\u011fru Haberin Adresi\",\"potentialAction\":[{\"@type\":\"SearchAction\",\"target\":{\"@type\":\"EntryPoint\",\"urlTemplate\":\"https:\\\/\\\/kuzeyinsesi.org\\\/?s={search_term_string}\"},\"query-input\":{\"@type\":\"PropertyValueSpecification\",\"valueRequired\":true,\"valueName\":\"search_term_string\"}}],\"inLanguage\":\"tr\"},{\"@type\":\"Person\",\"@id\":\"https:\\\/\\\/kuzeyinsesi.org\\\/#\\\/schema\\\/person\\\/9f859689cdf01485597712386e37f5aa\",\"name\":\"Kuzeyin Sesi\",\"image\":{\"@type\":\"ImageObject\",\"inLanguage\":\"tr\",\"@id\":\"https:\\\/\\\/secure.gravatar.com\\\/avatar\\\/bab33852abfd8b282518d6ed81826833d77c3c882d9ab608add591ccace47a44?s=96&d=mm&r=g\",\"url\":\"https:\\\/\\\/secure.gravatar.com\\\/avatar\\\/bab33852abfd8b282518d6ed81826833d77c3c882d9ab608add591ccace47a44?s=96&d=mm&r=g\",\"contentUrl\":\"https:\\\/\\\/secure.gravatar.com\\\/avatar\\\/bab33852abfd8b282518d6ed81826833d77c3c882d9ab608add591ccace47a44?s=96&d=mm&r=g\",\"caption\":\"Kuzeyin Sesi\"},\"sameAs\":[\"https:\\\/\\\/kuzeyinsesi.org\"],\"url\":\"https:\\\/\\\/kuzeyinsesi.org\\\/index.php\\\/author\\\/guven\\\/\"}]}<\/script>\n<!-- \/ Yoast SEO plugin. -->","yoast_head_json":{"title":"ABD, ablukan\u0131n ba\u015flamas\u0131ndan bu yana 37 \u0130ran gemisini durdurdu - Kuzeyin Sesi","robots":{"index":"index","follow":"follow","max-snippet":"max-snippet:-1","max-image-preview":"max-image-preview:large","max-video-preview":"max-video-preview:-1"},"canonical":"https:\/\/kuzeyinsesi.org\/index.php\/2026\/04\/26\/abd-ablukanin-baslamasindan-bu-yana-37-iran-gemisini-durdurdu\/","og_locale":"tr_TR","og_type":"article","og_title":"ABD, ablukan\u0131n ba\u015flamas\u0131ndan bu yana 37 \u0130ran gemisini durdurdu - Kuzeyin Sesi","og_description":"&#13; CENTCOM, \u201cSevan\u201d isimli \u0130ran gemisinin, ABD\u2019ye ait sava\u015f gemisinden kalkan helikopterle durduruldu\u011funu duyurdu. &#13; Geminin \u0130ran&#8217;a geri d\u00f6nd\u00fc\u011f\u00fc belirtildi. \u0130ran gemisinin ABD Hazine Bakanl\u0131\u011f\u0131&#8217;n\u0131n yapt\u0131r\u0131m listesindeki 19 g\u00f6lge filo gemisinden biri oldu\u011fu duyuruldu. &#13; CENTCOM, ablukan\u0131n ba\u015flamas\u0131ndan bu yana 37 \u0130ran gemisinin durduruldu\u011funu, \u0130ran&#8217;a y\u00f6nelik ablukan\u0131n devam edece\u011fini kaydetti.","og_url":"https:\/\/kuzeyinsesi.org\/index.php\/2026\/04\/26\/abd-ablukanin-baslamasindan-bu-yana-37-iran-gemisini-durdurdu\/","og_site_name":"Kuzeyin Sesi","article_publisher":"https:\/\/www.facebook.com\/kuzeyinsesii","article_published_time":"2026-04-25T23:29:11+00:00","og_image":[{"url":"https:\/\/trthaberstatic.cdn.wp.trt.com.tr\/resimler\/1636000\/centcom-ap-1636967.jpg","type":"","width":"","height":""}],"author":"Kuzeyin Sesi","twitter_card":"summary_large_image","twitter_creator":"@kuzeyinsesii","twitter_site":"@kuzeyinsesii","twitter_misc":{"Yazan:":"Kuzeyin Sesi"},"schema":{"@context":"https:\/\/schema.org","@graph":[{"@type":"Article","@id":"https:\/\/kuzeyinsesi.org\/index.php\/2026\/04\/26\/abd-ablukanin-baslamasindan-bu-yana-37-iran-gemisini-durdurdu\/#article","isPartOf":{"@id":"https:\/\/kuzeyinsesi.org\/index.php\/2026\/04\/26\/abd-ablukanin-baslamasindan-bu-yana-37-iran-gemisini-durdurdu\/"},"author":{"name":"Kuzeyin Sesi","@id":"https:\/\/kuzeyinsesi.org\/#\/schema\/person\/9f859689cdf01485597712386e37f5aa"},"headline":"ABD, ablukan\u0131n ba\u015flamas\u0131ndan bu yana 37 \u0130ran gemisini durdurdu","datePublished":"2026-04-25T23:29:11+00:00","mainEntityOfPage":{"@id":"https:\/\/kuzeyinsesi.org\/index.php\/2026\/04\/26\/abd-ablukanin-baslamasindan-bu-yana-37-iran-gemisini-durdurdu\/"},"wordCount":74,"commentCount":0,"image":{"@id":"https:\/\/kuzeyinsesi.org\/index.php\/2026\/04\/26\/abd-ablukanin-baslamasindan-bu-yana-37-iran-gemisini-durdurdu\/#primaryimage"},"thumbnailUrl":"https:\/\/kuzeyinsesi.org\/wp-content\/uploads\/2026\/04\/centcom-ap-1636967.jpg","articleSection":["D\u00fcnya"],"inLanguage":"tr","potentialAction":[{"@type":"CommentAction","name":"Comment","target":["https:\/\/kuzeyinsesi.org\/index.php\/2026\/04\/26\/abd-ablukanin-baslamasindan-bu-yana-37-iran-gemisini-durdurdu\/#respond"]}]},{"@type":"WebPage","@id":"https:\/\/kuzeyinsesi.org\/index.php\/2026\/04\/26\/abd-ablukanin-baslamasindan-bu-yana-37-iran-gemisini-durdurdu\/","url":"https:\/\/kuzeyinsesi.org\/index.php\/2026\/04\/26\/abd-ablukanin-baslamasindan-bu-yana-37-iran-gemisini-durdurdu\/","name":"ABD, ablukan\u0131n ba\u015flamas\u0131ndan bu yana 37 \u0130ran gemisini durdurdu - Kuzeyin Sesi","isPartOf":{"@id":"https:\/\/kuzeyinsesi.org\/#website"},"primaryImageOfPage":{"@id":"https:\/\/kuzeyinsesi.org\/index.php\/2026\/04\/26\/abd-ablukanin-baslamasindan-bu-yana-37-iran-gemisini-durdurdu\/#primaryimage"},"image":{"@id":"https:\/\/kuzeyinsesi.org\/index.php\/2026\/04\/26\/abd-ablukanin-baslamasindan-bu-yana-37-iran-gemisini-durdurdu\/#primaryimage"},"thumbnailUrl":"https:\/\/kuzeyinsesi.org\/wp-content\/uploads\/2026\/04\/centcom-ap-1636967.jpg","datePublished":"2026-04-25T23:29:11+00:00","author":{"@id":"https:\/\/kuzeyinsesi.org\/#\/schema\/person\/9f859689cdf01485597712386e37f5aa"},"breadcrumb":{"@id":"https:\/\/kuzeyinsesi.org\/index.php\/2026\/04\/26\/abd-ablukanin-baslamasindan-bu-yana-37-iran-gemisini-durdurdu\/#breadcrumb"},"inLanguage":"tr","potentialAction":[{"@type":"ReadAction","target":["https:\/\/kuzeyinsesi.org\/index.php\/2026\/04\/26\/abd-ablukanin-baslamasindan-bu-yana-37-iran-gemisini-durdurdu\/"]}]},{"@type":"ImageObject","inLanguage":"tr","@id":"https:\/\/kuzeyinsesi.org\/index.php\/2026\/04\/26\/abd-ablukanin-baslamasindan-bu-yana-37-iran-gemisini-durdurdu\/#primaryimage","url":"https:\/\/kuzeyinsesi.org\/wp-content\/uploads\/2026\/04\/centcom-ap-1636967.jpg","contentUrl":"https:\/\/kuzeyinsesi.org\/wp-content\/uploads\/2026\/04\/centcom-ap-1636967.jpg","width":1280,"height":720},{"@type":"BreadcrumbList","@id":"https:\/\/kuzeyinsesi.org\/index.php\/2026\/04\/26\/abd-ablukanin-baslamasindan-bu-yana-37-iran-gemisini-durdurdu\/#breadcrumb","itemListElement":[{"@type":"ListItem","position":1,"name":"Anasayfa","item":"https:\/\/kuzeyinsesi.org\/"},{"@type":"ListItem","position":2,"name":"ABD, ablukan\u0131n ba\u015flamas\u0131ndan bu yana 37 \u0130ran gemisini durdurdu"}]},{"@type":"WebSite","@id":"https:\/\/kuzeyinsesi.org\/#website","url":"https:\/\/kuzeyinsesi.org\/","name":"Kuzeyin Sesi","description":"Do\u011fru Haberin Adresi","potentialAction":[{"@type":"SearchAction","target":{"@type":"EntryPoint","urlTemplate":"https:\/\/kuzeyinsesi.org\/?s={search_term_string}"},"query-input":{"@type":"PropertyValueSpecification","valueRequired":true,"valueName":"search_term_string"}}],"inLanguage":"tr"},{"@type":"Person","@id":"https:\/\/kuzeyinsesi.org\/#\/schema\/person\/9f859689cdf01485597712386e37f5aa","name":"Kuzeyin Sesi","image":{"@type":"ImageObject","inLanguage":"tr","@id":"https:\/\/secure.gravatar.com\/avatar\/bab33852abfd8b282518d6ed81826833d77c3c882d9ab608add591ccace47a44?s=96&d=mm&r=g","url":"https:\/\/secure.gravatar.com\/avatar\/bab33852abfd8b282518d6ed81826833d77c3c882d9ab608add591ccace47a44?s=96&d=mm&r=g","contentUrl":"https:\/\/secure.gravatar.com\/avatar\/bab33852abfd8b282518d6ed81826833d77c3c882d9ab608add591ccace47a44?s=96&d=mm&r=g","caption":"Kuzeyin Sesi"},"sameAs":["https:\/\/kuzeyinsesi.org"],"url":"https:\/\/kuzeyinsesi.org\/index.php\/author\/guven\/"}]}},"_links":{"self":[{"href":"https:\/\/kuzeyinsesi.org\/index.php\/wp-json\/wp\/v2\/posts\/37290","targetHints":{"allow":["GET"]}}],"collection":[{"href":"https:\/\/kuzeyinsesi.org\/index.php\/wp-json\/wp\/v2\/posts"}],"about":[{"href":"https:\/\/kuzeyinsesi.org\/index.php\/wp-json\/wp\/v2\/types\/post"}],"author":[{"embeddable":true,"href":"https:\/\/kuzeyinsesi.org\/index.php\/wp-json\/wp\/v2\/users\/1"}],"replies":[{"embeddable":true,"href":"https:\/\/kuzeyinsesi.org\/index.php\/wp-json\/wp\/v2\/comments?post=37290"}],"version-history":[{"count":0,"href":"https:\/\/kuzeyinsesi.org\/index.php\/wp-json\/wp\/v2\/posts\/37290\/revisions"}],"wp:featuredmedia":[{"embeddable":true,"href":"https:\/\/kuzeyinsesi.org\/index.php\/wp-json\/wp\/v2\/media\/36746"}],"wp:attachment":[{"href":"https:\/\/kuzeyinsesi.org\/index.php\/wp-json\/wp\/v2\/media?parent=37290"}],"wp:term":[{"taxonomy":"category","embeddable":true,"href":"https:\/\/kuzeyinsesi.org\/index.php\/wp-json\/wp\/v2\/categories?post=37290"},{"taxonomy":"post_tag","embeddable":true,"href":"https:\/\/kuzeyinsesi.org\/index.php\/wp-json\/wp\/v2\/tags?post=37290"}],"curies":[{"name":"wp","href":"https:\/\/api.w.org\/{rel}","templated":true}]}}