{"id":3723,"date":"2024-05-30T14:46:11","date_gmt":"2024-05-30T11:46:11","guid":{"rendered":"https:\/\/kuzeyinsesi.com\/index.php\/2024\/05\/30\/girne-tiyatro-su-ilk-olagan-genel-kurulunu-yapti-baskanliga-cenk-gurcag-secildi\/"},"modified":"2024-05-30T14:46:11","modified_gmt":"2024-05-30T11:46:11","slug":"girne-tiyatro-su-ilk-olagan-genel-kurulunu-yapti-baskanliga-cenk-gurcag-secildi","status":"publish","type":"post","link":"https:\/\/kuzeyinsesi.org\/index.php\/2024\/05\/30\/girne-tiyatro-su-ilk-olagan-genel-kurulunu-yapti-baskanliga-cenk-gurcag-secildi\/","title":{"rendered":"Girne Tiyatro Su ilk Ola\u011fan Genel Kurulu\u2019nu yapt\u0131, ba\u015fkanl\u0131\u011fa Cenk G\u00fcr\u00e7a\u011f se\u00e7ildi"},"content":{"rendered":"<div>\n<div class=\"mariselle-image-container center\">\n                                            <\/div>\n<p> Tiyatro Su ekibinin, dernekle\u015ferek ilk ola\u011fan genel kurulunu yapt\u0131\u011f\u0131, ba\u015fkanl\u0131\u011fa Cenk G\u00fcr\u00e7a\u011f\u2019\u0131n getirildi\u011fi belirtildi.<\/p>\n<p>Dernekten verilen bilgiye g\u00f6re, Girne Oda Tiyatrosu\u2019nda yer alan genel kurulda divan olu\u015fturularak y\u00f6netim kurulu belirlendi.<\/p>\n<p>Esat Varo\u011flu, \u0130lk\u015fen Atik, Dilek \u015ee\u00e7kin ve Perihan Hulusio\u011flu\u2019nun yer ald\u0131\u011f\u0131 divanda ba\u015fkanl\u0131\u011f\u0131 Esat Varo\u011flu yapt\u0131.<\/p>\n<p>Y\u00f6netime aday olanlar aras\u0131nda yap\u0131lan se\u00e7imle y\u00f6netim kurulu, disiplin kurulu ve denetleme kurulunda yer alacak isimler belirlendi.<\/p>\n<p>Dernek organlar\u0131 \u015fu isimlerden olu\u015fturuldu:<\/p>\n<p><strong>Y\u00f6netim Kurulu:  <\/strong><\/p>\n<p>\u201cCenk G\u00fcr\u00e7a\u011f (Ba\u015fkan); Soner Emina\u011fa (Asba\u015fkan); \u0130lk\u015fen Varo\u011flu Atik (Genel Sekreter); Fufaat Futsi (Mali Sekreter); Emine G\u00fcr\u00e7a\u011f (Genel Koordinat\u00f6r); Derman Atik (Genel Sanat Y\u00f6netmeni); \u00d6mer Kadiro\u011flu (Bas\u0131n Yay\u0131n Sorumlusu); \u00d6zlem Ak\u00e7al (Ar\u015fiv Sorumlusu); Mehmet Sayg\u0131er (Envanter Sorumlusu).<\/p>\n<p>Yedek \u00fcyeler: \u201cEvren Mercimek\u00e7i, Nezahet S\u00f6zerim, Haluk Ramon Serhun.<\/p>\n<p>Disiplin Kurulu: Ersin Sarg\u0131n, G\u00fclten Y\u00fcksel, \u0130lde Atik, Cemile G\u00fcr\u00e7a\u011f (Yedek \u00dcye)<\/p>\n<p>Denetleme Kurulu: Nur\u00e7in T\u00fcney, Argun Do\u011fruyol, G\u00fcl\u00fc\u015fan G. Y\u0131ld\u0131z, Co\u015fkun K\u0131ralo\u011flu (Yedek \u00dcye)\u201d<\/p>\n<\/p><\/div>\n<p><script async\n                    defer\n                    crossorigin=\"anonymous\"\n                    src=\"https:\/\/connect.facebook.net\/tr_TR\/sdk.js#xfbml=1&#038;version=v3.3\"\n            ><\/script><\/p>\n","protected":false},"excerpt":{"rendered":"<p>Tiyatro Su ekibinin, dernekle\u015ferek ilk ola\u011fan genel kurulunu yapt\u0131\u011f\u0131, ba\u015fkanl\u0131\u011fa Cenk G\u00fcr\u00e7a\u011f\u2019\u0131n getirildi\u011fi belirtildi. Dernekten verilen bilgiye g\u00f6re, Girne Oda Tiyatrosu\u2019nda yer alan genel kurulda divan olu\u015fturularak y\u00f6netim kurulu belirlendi. Esat Varo\u011flu, \u0130lk\u015fen Atik, Dilek \u015ee\u00e7kin ve Perihan Hulusio\u011flu\u2019nun yer ald\u0131\u011f\u0131 divanda ba\u015fkanl\u0131\u011f\u0131 Esat Varo\u011flu yapt\u0131. Y\u00f6netime aday olanlar aras\u0131nda yap\u0131lan se\u00e7imle y\u00f6netim kurulu, disiplin [&hellip;]<\/p>\n","protected":false},"author":1,"featured_media":3724,"comment_status":"open","ping_status":"open","sticky":false,"template":"","format":"standard","meta":{"jnews-multi-image_gallery":[],"jnews_single_post":[],"jnews_primary_category":[],"jnews_social_meta":[],"jnews_override_counter":[],"footnotes":""},"categories":[6],"tags":[],"class_list":["post-3723","post","type-post","status-publish","format-standard","has-post-thumbnail","hentry","category-yasam"],"yoast_head":"<!-- This site is optimized with the Yoast SEO plugin v27.5 - https:\/\/yoast.com\/product\/yoast-seo-wordpress\/ -->\n<title>Girne Tiyatro Su ilk Ola\u011fan Genel Kurulu\u2019nu yapt\u0131, ba\u015fkanl\u0131\u011fa Cenk G\u00fcr\u00e7a\u011f se\u00e7ildi - Kuzeyin Sesi<\/title>\n<meta name=\"robots\" content=\"index, follow, max-snippet:-1, max-image-preview:large, max-video-preview:-1\" \/>\n<link rel=\"canonical\" href=\"https:\/\/kuzeyinsesi.org\/index.php\/2024\/05\/30\/girne-tiyatro-su-ilk-olagan-genel-kurulunu-yapti-baskanliga-cenk-gurcag-secildi\/\" \/>\n<meta property=\"og:locale\" content=\"tr_TR\" \/>\n<meta property=\"og:type\" content=\"article\" \/>\n<meta property=\"og:title\" content=\"Girne Tiyatro Su ilk Ola\u011fan Genel Kurulu\u2019nu yapt\u0131, ba\u015fkanl\u0131\u011fa Cenk G\u00fcr\u00e7a\u011f se\u00e7ildi - Kuzeyin Sesi\" \/>\n<meta property=\"og:description\" content=\"Tiyatro Su ekibinin, dernekle\u015ferek ilk ola\u011fan genel kurulunu yapt\u0131\u011f\u0131, ba\u015fkanl\u0131\u011fa Cenk G\u00fcr\u00e7a\u011f\u2019\u0131n getirildi\u011fi belirtildi. Dernekten verilen bilgiye g\u00f6re, Girne Oda Tiyatrosu\u2019nda yer alan genel kurulda divan olu\u015fturularak y\u00f6netim kurulu belirlendi. Esat Varo\u011flu, \u0130lk\u015fen Atik, Dilek \u015ee\u00e7kin ve Perihan Hulusio\u011flu\u2019nun yer ald\u0131\u011f\u0131 divanda ba\u015fkanl\u0131\u011f\u0131 Esat Varo\u011flu yapt\u0131. Y\u00f6netime aday olanlar aras\u0131nda yap\u0131lan se\u00e7imle y\u00f6netim kurulu, disiplin [&hellip;]\" \/>\n<meta property=\"og:url\" content=\"https:\/\/kuzeyinsesi.org\/index.php\/2024\/05\/30\/girne-tiyatro-su-ilk-olagan-genel-kurulunu-yapti-baskanliga-cenk-gurcag-secildi\/\" \/>\n<meta property=\"og:site_name\" content=\"Kuzeyin Sesi\" \/>\n<meta property=\"article:publisher\" content=\"https:\/\/www.facebook.com\/kuzeyinsesii\" \/>\n<meta property=\"article:published_time\" content=\"2024-05-30T11:46:11+00:00\" \/>\n<meta property=\"og:image\" content=\"https:\/\/kuzeyinsesi.org\/wp-content\/uploads\/2024\/05\/cenk-gurcag-scaled.jpg\" \/>\n\t<meta property=\"og:image:width\" content=\"2560\" \/>\n\t<meta property=\"og:image:height\" content=\"1325\" \/>\n\t<meta property=\"og:image:type\" content=\"image\/jpeg\" \/>\n<meta name=\"author\" content=\"Kuzeyin Sesi\" \/>\n<meta name=\"twitter:card\" content=\"summary_large_image\" \/>\n<meta name=\"twitter:creator\" content=\"@kuzeyinsesii\" \/>\n<meta name=\"twitter:site\" content=\"@kuzeyinsesii\" \/>\n<meta name=\"twitter:label1\" content=\"Yazan:\" \/>\n\t<meta name=\"twitter:data1\" content=\"Kuzeyin Sesi\" \/>\n\t<meta name=\"twitter:label2\" content=\"Tahmini okuma s\u00fcresi\" \/>\n\t<meta name=\"twitter:data2\" content=\"1 dakika\" \/>\n<script type=\"application\/ld+json\" class=\"yoast-schema-graph\">{\"@context\":\"https:\\\/\\\/schema.org\",\"@graph\":[{\"@type\":\"Article\",\"@id\":\"https:\\\/\\\/kuzeyinsesi.org\\\/index.php\\\/2024\\\/05\\\/30\\\/girne-tiyatro-su-ilk-olagan-genel-kurulunu-yapti-baskanliga-cenk-gurcag-secildi\\\/#article\",\"isPartOf\":{\"@id\":\"https:\\\/\\\/kuzeyinsesi.org\\\/index.php\\\/2024\\\/05\\\/30\\\/girne-tiyatro-su-ilk-olagan-genel-kurulunu-yapti-baskanliga-cenk-gurcag-secildi\\\/\"},\"author\":{\"name\":\"Kuzeyin Sesi\",\"@id\":\"https:\\\/\\\/kuzeyinsesi.org\\\/#\\\/schema\\\/person\\\/9f859689cdf01485597712386e37f5aa\"},\"headline\":\"Girne Tiyatro Su ilk Ola\u011fan Genel Kurulu\u2019nu yapt\u0131, ba\u015fkanl\u0131\u011fa Cenk G\u00fcr\u00e7a\u011f se\u00e7ildi\",\"datePublished\":\"2024-05-30T11:46:11+00:00\",\"mainEntityOfPage\":{\"@id\":\"https:\\\/\\\/kuzeyinsesi.org\\\/index.php\\\/2024\\\/05\\\/30\\\/girne-tiyatro-su-ilk-olagan-genel-kurulunu-yapti-baskanliga-cenk-gurcag-secildi\\\/\"},\"wordCount\":220,\"commentCount\":0,\"image\":{\"@id\":\"https:\\\/\\\/kuzeyinsesi.org\\\/index.php\\\/2024\\\/05\\\/30\\\/girne-tiyatro-su-ilk-olagan-genel-kurulunu-yapti-baskanliga-cenk-gurcag-secildi\\\/#primaryimage\"},\"thumbnailUrl\":\"https:\\\/\\\/kuzeyinsesi.org\\\/wp-content\\\/uploads\\\/2024\\\/05\\\/cenk-gurcag-scaled.jpg\",\"articleSection\":[\"Ya\u015fam\"],\"inLanguage\":\"tr\",\"potentialAction\":[{\"@type\":\"CommentAction\",\"name\":\"Comment\",\"target\":[\"https:\\\/\\\/kuzeyinsesi.org\\\/index.php\\\/2024\\\/05\\\/30\\\/girne-tiyatro-su-ilk-olagan-genel-kurulunu-yapti-baskanliga-cenk-gurcag-secildi\\\/#respond\"]}]},{\"@type\":\"WebPage\",\"@id\":\"https:\\\/\\\/kuzeyinsesi.org\\\/index.php\\\/2024\\\/05\\\/30\\\/girne-tiyatro-su-ilk-olagan-genel-kurulunu-yapti-baskanliga-cenk-gurcag-secildi\\\/\",\"url\":\"https:\\\/\\\/kuzeyinsesi.org\\\/index.php\\\/2024\\\/05\\\/30\\\/girne-tiyatro-su-ilk-olagan-genel-kurulunu-yapti-baskanliga-cenk-gurcag-secildi\\\/\",\"name\":\"Girne Tiyatro Su ilk Ola\u011fan Genel Kurulu\u2019nu yapt\u0131, ba\u015fkanl\u0131\u011fa Cenk G\u00fcr\u00e7a\u011f se\u00e7ildi - Kuzeyin Sesi\",\"isPartOf\":{\"@id\":\"https:\\\/\\\/kuzeyinsesi.org\\\/#website\"},\"primaryImageOfPage\":{\"@id\":\"https:\\\/\\\/kuzeyinsesi.org\\\/index.php\\\/2024\\\/05\\\/30\\\/girne-tiyatro-su-ilk-olagan-genel-kurulunu-yapti-baskanliga-cenk-gurcag-secildi\\\/#primaryimage\"},\"image\":{\"@id\":\"https:\\\/\\\/kuzeyinsesi.org\\\/index.php\\\/2024\\\/05\\\/30\\\/girne-tiyatro-su-ilk-olagan-genel-kurulunu-yapti-baskanliga-cenk-gurcag-secildi\\\/#primaryimage\"},\"thumbnailUrl\":\"https:\\\/\\\/kuzeyinsesi.org\\\/wp-content\\\/uploads\\\/2024\\\/05\\\/cenk-gurcag-scaled.jpg\",\"datePublished\":\"2024-05-30T11:46:11+00:00\",\"author\":{\"@id\":\"https:\\\/\\\/kuzeyinsesi.org\\\/#\\\/schema\\\/person\\\/9f859689cdf01485597712386e37f5aa\"},\"breadcrumb\":{\"@id\":\"https:\\\/\\\/kuzeyinsesi.org\\\/index.php\\\/2024\\\/05\\\/30\\\/girne-tiyatro-su-ilk-olagan-genel-kurulunu-yapti-baskanliga-cenk-gurcag-secildi\\\/#breadcrumb\"},\"inLanguage\":\"tr\",\"potentialAction\":[{\"@type\":\"ReadAction\",\"target\":[\"https:\\\/\\\/kuzeyinsesi.org\\\/index.php\\\/2024\\\/05\\\/30\\\/girne-tiyatro-su-ilk-olagan-genel-kurulunu-yapti-baskanliga-cenk-gurcag-secildi\\\/\"]}]},{\"@type\":\"ImageObject\",\"inLanguage\":\"tr\",\"@id\":\"https:\\\/\\\/kuzeyinsesi.org\\\/index.php\\\/2024\\\/05\\\/30\\\/girne-tiyatro-su-ilk-olagan-genel-kurulunu-yapti-baskanliga-cenk-gurcag-secildi\\\/#primaryimage\",\"url\":\"https:\\\/\\\/kuzeyinsesi.org\\\/wp-content\\\/uploads\\\/2024\\\/05\\\/cenk-gurcag-scaled.jpg\",\"contentUrl\":\"https:\\\/\\\/kuzeyinsesi.org\\\/wp-content\\\/uploads\\\/2024\\\/05\\\/cenk-gurcag-scaled.jpg\",\"width\":2560,\"height\":1325},{\"@type\":\"BreadcrumbList\",\"@id\":\"https:\\\/\\\/kuzeyinsesi.org\\\/index.php\\\/2024\\\/05\\\/30\\\/girne-tiyatro-su-ilk-olagan-genel-kurulunu-yapti-baskanliga-cenk-gurcag-secildi\\\/#breadcrumb\",\"itemListElement\":[{\"@type\":\"ListItem\",\"position\":1,\"name\":\"Anasayfa\",\"item\":\"https:\\\/\\\/kuzeyinsesi.org\\\/\"},{\"@type\":\"ListItem\",\"position\":2,\"name\":\"Girne Tiyatro Su ilk Ola\u011fan Genel Kurulu\u2019nu yapt\u0131, ba\u015fkanl\u0131\u011fa Cenk G\u00fcr\u00e7a\u011f se\u00e7ildi\"}]},{\"@type\":\"WebSite\",\"@id\":\"https:\\\/\\\/kuzeyinsesi.org\\\/#website\",\"url\":\"https:\\\/\\\/kuzeyinsesi.org\\\/\",\"name\":\"Kuzeyin Sesi\",\"description\":\"Do\u011fru Haberin Adresi\",\"potentialAction\":[{\"@type\":\"SearchAction\",\"target\":{\"@type\":\"EntryPoint\",\"urlTemplate\":\"https:\\\/\\\/kuzeyinsesi.org\\\/?s={search_term_string}\"},\"query-input\":{\"@type\":\"PropertyValueSpecification\",\"valueRequired\":true,\"valueName\":\"search_term_string\"}}],\"inLanguage\":\"tr\"},{\"@type\":\"Person\",\"@id\":\"https:\\\/\\\/kuzeyinsesi.org\\\/#\\\/schema\\\/person\\\/9f859689cdf01485597712386e37f5aa\",\"name\":\"Kuzeyin Sesi\",\"image\":{\"@type\":\"ImageObject\",\"inLanguage\":\"tr\",\"@id\":\"https:\\\/\\\/secure.gravatar.com\\\/avatar\\\/bab33852abfd8b282518d6ed81826833d77c3c882d9ab608add591ccace47a44?s=96&d=mm&r=g\",\"url\":\"https:\\\/\\\/secure.gravatar.com\\\/avatar\\\/bab33852abfd8b282518d6ed81826833d77c3c882d9ab608add591ccace47a44?s=96&d=mm&r=g\",\"contentUrl\":\"https:\\\/\\\/secure.gravatar.com\\\/avatar\\\/bab33852abfd8b282518d6ed81826833d77c3c882d9ab608add591ccace47a44?s=96&d=mm&r=g\",\"caption\":\"Kuzeyin Sesi\"},\"sameAs\":[\"https:\\\/\\\/kuzeyinsesi.org\"],\"url\":\"https:\\\/\\\/kuzeyinsesi.org\\\/index.php\\\/author\\\/guven\\\/\"}]}<\/script>\n<!-- \/ Yoast SEO plugin. -->","yoast_head_json":{"title":"Girne Tiyatro Su ilk Ola\u011fan Genel Kurulu\u2019nu yapt\u0131, ba\u015fkanl\u0131\u011fa Cenk G\u00fcr\u00e7a\u011f se\u00e7ildi - Kuzeyin Sesi","robots":{"index":"index","follow":"follow","max-snippet":"max-snippet:-1","max-image-preview":"max-image-preview:large","max-video-preview":"max-video-preview:-1"},"canonical":"https:\/\/kuzeyinsesi.org\/index.php\/2024\/05\/30\/girne-tiyatro-su-ilk-olagan-genel-kurulunu-yapti-baskanliga-cenk-gurcag-secildi\/","og_locale":"tr_TR","og_type":"article","og_title":"Girne Tiyatro Su ilk Ola\u011fan Genel Kurulu\u2019nu yapt\u0131, ba\u015fkanl\u0131\u011fa Cenk G\u00fcr\u00e7a\u011f se\u00e7ildi - Kuzeyin Sesi","og_description":"Tiyatro Su ekibinin, dernekle\u015ferek ilk ola\u011fan genel kurulunu yapt\u0131\u011f\u0131, ba\u015fkanl\u0131\u011fa Cenk G\u00fcr\u00e7a\u011f\u2019\u0131n getirildi\u011fi belirtildi. Dernekten verilen bilgiye g\u00f6re, Girne Oda Tiyatrosu\u2019nda yer alan genel kurulda divan olu\u015fturularak y\u00f6netim kurulu belirlendi. Esat Varo\u011flu, \u0130lk\u015fen Atik, Dilek \u015ee\u00e7kin ve Perihan Hulusio\u011flu\u2019nun yer ald\u0131\u011f\u0131 divanda ba\u015fkanl\u0131\u011f\u0131 Esat Varo\u011flu yapt\u0131. Y\u00f6netime aday olanlar aras\u0131nda yap\u0131lan se\u00e7imle y\u00f6netim kurulu, disiplin [&hellip;]","og_url":"https:\/\/kuzeyinsesi.org\/index.php\/2024\/05\/30\/girne-tiyatro-su-ilk-olagan-genel-kurulunu-yapti-baskanliga-cenk-gurcag-secildi\/","og_site_name":"Kuzeyin Sesi","article_publisher":"https:\/\/www.facebook.com\/kuzeyinsesii","article_published_time":"2024-05-30T11:46:11+00:00","og_image":[{"width":2560,"height":1325,"url":"https:\/\/kuzeyinsesi.org\/wp-content\/uploads\/2024\/05\/cenk-gurcag-scaled.jpg","type":"image\/jpeg"}],"author":"Kuzeyin Sesi","twitter_card":"summary_large_image","twitter_creator":"@kuzeyinsesii","twitter_site":"@kuzeyinsesii","twitter_misc":{"Yazan:":"Kuzeyin Sesi","Tahmini okuma s\u00fcresi":"1 dakika"},"schema":{"@context":"https:\/\/schema.org","@graph":[{"@type":"Article","@id":"https:\/\/kuzeyinsesi.org\/index.php\/2024\/05\/30\/girne-tiyatro-su-ilk-olagan-genel-kurulunu-yapti-baskanliga-cenk-gurcag-secildi\/#article","isPartOf":{"@id":"https:\/\/kuzeyinsesi.org\/index.php\/2024\/05\/30\/girne-tiyatro-su-ilk-olagan-genel-kurulunu-yapti-baskanliga-cenk-gurcag-secildi\/"},"author":{"name":"Kuzeyin Sesi","@id":"https:\/\/kuzeyinsesi.org\/#\/schema\/person\/9f859689cdf01485597712386e37f5aa"},"headline":"Girne Tiyatro Su ilk Ola\u011fan Genel Kurulu\u2019nu yapt\u0131, ba\u015fkanl\u0131\u011fa Cenk G\u00fcr\u00e7a\u011f se\u00e7ildi","datePublished":"2024-05-30T11:46:11+00:00","mainEntityOfPage":{"@id":"https:\/\/kuzeyinsesi.org\/index.php\/2024\/05\/30\/girne-tiyatro-su-ilk-olagan-genel-kurulunu-yapti-baskanliga-cenk-gurcag-secildi\/"},"wordCount":220,"commentCount":0,"image":{"@id":"https:\/\/kuzeyinsesi.org\/index.php\/2024\/05\/30\/girne-tiyatro-su-ilk-olagan-genel-kurulunu-yapti-baskanliga-cenk-gurcag-secildi\/#primaryimage"},"thumbnailUrl":"https:\/\/kuzeyinsesi.org\/wp-content\/uploads\/2024\/05\/cenk-gurcag-scaled.jpg","articleSection":["Ya\u015fam"],"inLanguage":"tr","potentialAction":[{"@type":"CommentAction","name":"Comment","target":["https:\/\/kuzeyinsesi.org\/index.php\/2024\/05\/30\/girne-tiyatro-su-ilk-olagan-genel-kurulunu-yapti-baskanliga-cenk-gurcag-secildi\/#respond"]}]},{"@type":"WebPage","@id":"https:\/\/kuzeyinsesi.org\/index.php\/2024\/05\/30\/girne-tiyatro-su-ilk-olagan-genel-kurulunu-yapti-baskanliga-cenk-gurcag-secildi\/","url":"https:\/\/kuzeyinsesi.org\/index.php\/2024\/05\/30\/girne-tiyatro-su-ilk-olagan-genel-kurulunu-yapti-baskanliga-cenk-gurcag-secildi\/","name":"Girne Tiyatro Su ilk Ola\u011fan Genel Kurulu\u2019nu yapt\u0131, ba\u015fkanl\u0131\u011fa Cenk G\u00fcr\u00e7a\u011f se\u00e7ildi - Kuzeyin Sesi","isPartOf":{"@id":"https:\/\/kuzeyinsesi.org\/#website"},"primaryImageOfPage":{"@id":"https:\/\/kuzeyinsesi.org\/index.php\/2024\/05\/30\/girne-tiyatro-su-ilk-olagan-genel-kurulunu-yapti-baskanliga-cenk-gurcag-secildi\/#primaryimage"},"image":{"@id":"https:\/\/kuzeyinsesi.org\/index.php\/2024\/05\/30\/girne-tiyatro-su-ilk-olagan-genel-kurulunu-yapti-baskanliga-cenk-gurcag-secildi\/#primaryimage"},"thumbnailUrl":"https:\/\/kuzeyinsesi.org\/wp-content\/uploads\/2024\/05\/cenk-gurcag-scaled.jpg","datePublished":"2024-05-30T11:46:11+00:00","author":{"@id":"https:\/\/kuzeyinsesi.org\/#\/schema\/person\/9f859689cdf01485597712386e37f5aa"},"breadcrumb":{"@id":"https:\/\/kuzeyinsesi.org\/index.php\/2024\/05\/30\/girne-tiyatro-su-ilk-olagan-genel-kurulunu-yapti-baskanliga-cenk-gurcag-secildi\/#breadcrumb"},"inLanguage":"tr","potentialAction":[{"@type":"ReadAction","target":["https:\/\/kuzeyinsesi.org\/index.php\/2024\/05\/30\/girne-tiyatro-su-ilk-olagan-genel-kurulunu-yapti-baskanliga-cenk-gurcag-secildi\/"]}]},{"@type":"ImageObject","inLanguage":"tr","@id":"https:\/\/kuzeyinsesi.org\/index.php\/2024\/05\/30\/girne-tiyatro-su-ilk-olagan-genel-kurulunu-yapti-baskanliga-cenk-gurcag-secildi\/#primaryimage","url":"https:\/\/kuzeyinsesi.org\/wp-content\/uploads\/2024\/05\/cenk-gurcag-scaled.jpg","contentUrl":"https:\/\/kuzeyinsesi.org\/wp-content\/uploads\/2024\/05\/cenk-gurcag-scaled.jpg","width":2560,"height":1325},{"@type":"BreadcrumbList","@id":"https:\/\/kuzeyinsesi.org\/index.php\/2024\/05\/30\/girne-tiyatro-su-ilk-olagan-genel-kurulunu-yapti-baskanliga-cenk-gurcag-secildi\/#breadcrumb","itemListElement":[{"@type":"ListItem","position":1,"name":"Anasayfa","item":"https:\/\/kuzeyinsesi.org\/"},{"@type":"ListItem","position":2,"name":"Girne Tiyatro Su ilk Ola\u011fan Genel Kurulu\u2019nu yapt\u0131, ba\u015fkanl\u0131\u011fa Cenk G\u00fcr\u00e7a\u011f se\u00e7ildi"}]},{"@type":"WebSite","@id":"https:\/\/kuzeyinsesi.org\/#website","url":"https:\/\/kuzeyinsesi.org\/","name":"Kuzeyin Sesi","description":"Do\u011fru Haberin Adresi","potentialAction":[{"@type":"SearchAction","target":{"@type":"EntryPoint","urlTemplate":"https:\/\/kuzeyinsesi.org\/?s={search_term_string}"},"query-input":{"@type":"PropertyValueSpecification","valueRequired":true,"valueName":"search_term_string"}}],"inLanguage":"tr"},{"@type":"Person","@id":"https:\/\/kuzeyinsesi.org\/#\/schema\/person\/9f859689cdf01485597712386e37f5aa","name":"Kuzeyin Sesi","image":{"@type":"ImageObject","inLanguage":"tr","@id":"https:\/\/secure.gravatar.com\/avatar\/bab33852abfd8b282518d6ed81826833d77c3c882d9ab608add591ccace47a44?s=96&d=mm&r=g","url":"https:\/\/secure.gravatar.com\/avatar\/bab33852abfd8b282518d6ed81826833d77c3c882d9ab608add591ccace47a44?s=96&d=mm&r=g","contentUrl":"https:\/\/secure.gravatar.com\/avatar\/bab33852abfd8b282518d6ed81826833d77c3c882d9ab608add591ccace47a44?s=96&d=mm&r=g","caption":"Kuzeyin Sesi"},"sameAs":["https:\/\/kuzeyinsesi.org"],"url":"https:\/\/kuzeyinsesi.org\/index.php\/author\/guven\/"}]}},"_links":{"self":[{"href":"https:\/\/kuzeyinsesi.org\/index.php\/wp-json\/wp\/v2\/posts\/3723","targetHints":{"allow":["GET"]}}],"collection":[{"href":"https:\/\/kuzeyinsesi.org\/index.php\/wp-json\/wp\/v2\/posts"}],"about":[{"href":"https:\/\/kuzeyinsesi.org\/index.php\/wp-json\/wp\/v2\/types\/post"}],"author":[{"embeddable":true,"href":"https:\/\/kuzeyinsesi.org\/index.php\/wp-json\/wp\/v2\/users\/1"}],"replies":[{"embeddable":true,"href":"https:\/\/kuzeyinsesi.org\/index.php\/wp-json\/wp\/v2\/comments?post=3723"}],"version-history":[{"count":0,"href":"https:\/\/kuzeyinsesi.org\/index.php\/wp-json\/wp\/v2\/posts\/3723\/revisions"}],"wp:featuredmedia":[{"embeddable":true,"href":"https:\/\/kuzeyinsesi.org\/index.php\/wp-json\/wp\/v2\/media\/3724"}],"wp:attachment":[{"href":"https:\/\/kuzeyinsesi.org\/index.php\/wp-json\/wp\/v2\/media?parent=3723"}],"wp:term":[{"taxonomy":"category","embeddable":true,"href":"https:\/\/kuzeyinsesi.org\/index.php\/wp-json\/wp\/v2\/categories?post=3723"},{"taxonomy":"post_tag","embeddable":true,"href":"https:\/\/kuzeyinsesi.org\/index.php\/wp-json\/wp\/v2\/tags?post=3723"}],"curies":[{"name":"wp","href":"https:\/\/api.w.org\/{rel}","templated":true}]}}