{"id":3696,"date":"2024-05-30T11:42:57","date_gmt":"2024-05-30T08:42:57","guid":{"rendered":"https:\/\/kuzeyinsesi.com\/index.php\/2024\/05\/30\/mehmetcik-buyukkonuk-belediyesi-1-haziran-dunya-cocuk-gunu-senligi-duzenliyor\/"},"modified":"2024-05-30T11:42:57","modified_gmt":"2024-05-30T08:42:57","slug":"mehmetcik-buyukkonuk-belediyesi-1-haziran-dunya-cocuk-gunu-senligi-duzenliyor","status":"publish","type":"post","link":"https:\/\/kuzeyinsesi.org\/index.php\/2024\/05\/30\/mehmetcik-buyukkonuk-belediyesi-1-haziran-dunya-cocuk-gunu-senligi-duzenliyor\/","title":{"rendered":"Mehmet\u00e7ik B\u00fcy\u00fckkonuk Belediyesi, 1 Haziran D\u00fcnya \u00c7ocuk G\u00fcn\u00fc \u015eenli\u011fi d\u00fczenliyor"},"content":{"rendered":"<div>\n<div class=\"mariselle-image-container center\">\n                                            <\/div>\n<p>Mehmet\u00e7ik B\u00fcy\u00fckkonuk Belediyesi, 1 Haziran D\u00fcnya \u00c7ocuk G\u00fcn\u00fc \u015eenli\u011fi d\u00fczenliyor ..<\/p>\n<p>31 May\u0131s Cuma g\u00fcn\u00fc, saat 09:30 \u2013 12:00 aras\u0131nda Bafra Kaya Artemis Otel\u2019de ger\u00e7ekle\u015ftirecek \u00e7ocuk \u015f\u00f6lenine t\u00fcm \u00e7ocuklar\u0131 davet edilirken, Belediyeden yap\u0131lan a\u00e7\u0131klamada, \u201cBelediye s\u0131n\u0131rlar\u0131m\u0131z i\u00e7erisindeki ilkokullar\u0131n kat\u0131l\u0131m\u0131yla ger\u00e7ekle\u015fecek bu \u00f6zel g\u00fcnde, \u00e7ocuklar\u0131m\u0131z i\u00e7in birbirinden e\u011flenceli ve \u00f6\u011fretici aktiviteler d\u00fczenlenecek\u201d ifadelerine yer verildi.<\/p>\n<\/p><\/div>\n<p><script async\n                    defer\n                    crossorigin=\"anonymous\"\n                    src=\"https:\/\/connect.facebook.net\/tr_TR\/sdk.js#xfbml=1&#038;version=v3.3\"\n            ><\/script><\/p>\n","protected":false},"excerpt":{"rendered":"<p>Mehmet\u00e7ik B\u00fcy\u00fckkonuk Belediyesi, 1 Haziran D\u00fcnya \u00c7ocuk G\u00fcn\u00fc \u015eenli\u011fi d\u00fczenliyor .. 31 May\u0131s Cuma g\u00fcn\u00fc, saat 09:30 \u2013 12:00 aras\u0131nda Bafra Kaya Artemis Otel\u2019de ger\u00e7ekle\u015ftirecek \u00e7ocuk \u015f\u00f6lenine t\u00fcm \u00e7ocuklar\u0131 davet edilirken, Belediyeden yap\u0131lan a\u00e7\u0131klamada, \u201cBelediye s\u0131n\u0131rlar\u0131m\u0131z i\u00e7erisindeki ilkokullar\u0131n kat\u0131l\u0131m\u0131yla ger\u00e7ekle\u015fecek bu \u00f6zel g\u00fcnde, \u00e7ocuklar\u0131m\u0131z i\u00e7in birbirinden e\u011flenceli ve \u00f6\u011fretici aktiviteler d\u00fczenlenecek\u201d ifadelerine yer verildi.<\/p>\n","protected":false},"author":1,"featured_media":3697,"comment_status":"open","ping_status":"open","sticky":false,"template":"","format":"standard","meta":{"jnews-multi-image_gallery":[],"jnews_single_post":[],"jnews_primary_category":[],"jnews_social_meta":[],"jnews_override_counter":[],"footnotes":""},"categories":[6],"tags":[],"class_list":["post-3696","post","type-post","status-publish","format-standard","has-post-thumbnail","hentry","category-yasam"],"yoast_head":"<!-- This site is optimized with the Yoast SEO plugin v27.5 - https:\/\/yoast.com\/product\/yoast-seo-wordpress\/ -->\n<title>Mehmet\u00e7ik B\u00fcy\u00fckkonuk Belediyesi, 1 Haziran D\u00fcnya \u00c7ocuk G\u00fcn\u00fc \u015eenli\u011fi d\u00fczenliyor - Kuzeyin Sesi<\/title>\n<meta name=\"robots\" content=\"index, follow, max-snippet:-1, max-image-preview:large, max-video-preview:-1\" \/>\n<link rel=\"canonical\" href=\"https:\/\/kuzeyinsesi.org\/index.php\/2024\/05\/30\/mehmetcik-buyukkonuk-belediyesi-1-haziran-dunya-cocuk-gunu-senligi-duzenliyor\/\" \/>\n<meta property=\"og:locale\" content=\"tr_TR\" \/>\n<meta property=\"og:type\" content=\"article\" \/>\n<meta property=\"og:title\" content=\"Mehmet\u00e7ik B\u00fcy\u00fckkonuk Belediyesi, 1 Haziran D\u00fcnya \u00c7ocuk G\u00fcn\u00fc \u015eenli\u011fi d\u00fczenliyor - Kuzeyin Sesi\" \/>\n<meta property=\"og:description\" content=\"Mehmet\u00e7ik B\u00fcy\u00fckkonuk Belediyesi, 1 Haziran D\u00fcnya \u00c7ocuk G\u00fcn\u00fc \u015eenli\u011fi d\u00fczenliyor .. 31 May\u0131s Cuma g\u00fcn\u00fc, saat 09:30 \u2013 12:00 aras\u0131nda Bafra Kaya Artemis Otel\u2019de ger\u00e7ekle\u015ftirecek \u00e7ocuk \u015f\u00f6lenine t\u00fcm \u00e7ocuklar\u0131 davet edilirken, Belediyeden yap\u0131lan a\u00e7\u0131klamada, \u201cBelediye s\u0131n\u0131rlar\u0131m\u0131z i\u00e7erisindeki ilkokullar\u0131n kat\u0131l\u0131m\u0131yla ger\u00e7ekle\u015fecek bu \u00f6zel g\u00fcnde, \u00e7ocuklar\u0131m\u0131z i\u00e7in birbirinden e\u011flenceli ve \u00f6\u011fretici aktiviteler d\u00fczenlenecek\u201d ifadelerine yer verildi.\" \/>\n<meta property=\"og:url\" content=\"https:\/\/kuzeyinsesi.org\/index.php\/2024\/05\/30\/mehmetcik-buyukkonuk-belediyesi-1-haziran-dunya-cocuk-gunu-senligi-duzenliyor\/\" \/>\n<meta property=\"og:site_name\" content=\"Kuzeyin Sesi\" \/>\n<meta property=\"article:publisher\" content=\"https:\/\/www.facebook.com\/kuzeyinsesii\" \/>\n<meta property=\"article:published_time\" content=\"2024-05-30T08:42:57+00:00\" \/>\n<meta property=\"og:image\" content=\"https:\/\/kuzeyinsesi.org\/wp-content\/uploads\/2024\/05\/mem.jpg\" \/>\n\t<meta property=\"og:image:width\" content=\"1712\" \/>\n\t<meta property=\"og:image:height\" content=\"690\" \/>\n\t<meta property=\"og:image:type\" content=\"image\/jpeg\" \/>\n<meta name=\"author\" content=\"Kuzeyin Sesi\" \/>\n<meta name=\"twitter:card\" content=\"summary_large_image\" \/>\n<meta name=\"twitter:creator\" content=\"@kuzeyinsesii\" \/>\n<meta name=\"twitter:site\" content=\"@kuzeyinsesii\" \/>\n<meta name=\"twitter:label1\" content=\"Yazan:\" \/>\n\t<meta name=\"twitter:data1\" content=\"Kuzeyin Sesi\" \/>\n<script type=\"application\/ld+json\" class=\"yoast-schema-graph\">{\"@context\":\"https:\\\/\\\/schema.org\",\"@graph\":[{\"@type\":\"Article\",\"@id\":\"https:\\\/\\\/kuzeyinsesi.org\\\/index.php\\\/2024\\\/05\\\/30\\\/mehmetcik-buyukkonuk-belediyesi-1-haziran-dunya-cocuk-gunu-senligi-duzenliyor\\\/#article\",\"isPartOf\":{\"@id\":\"https:\\\/\\\/kuzeyinsesi.org\\\/index.php\\\/2024\\\/05\\\/30\\\/mehmetcik-buyukkonuk-belediyesi-1-haziran-dunya-cocuk-gunu-senligi-duzenliyor\\\/\"},\"author\":{\"name\":\"Kuzeyin Sesi\",\"@id\":\"https:\\\/\\\/kuzeyinsesi.org\\\/#\\\/schema\\\/person\\\/9f859689cdf01485597712386e37f5aa\"},\"headline\":\"Mehmet\u00e7ik B\u00fcy\u00fckkonuk Belediyesi, 1 Haziran D\u00fcnya \u00c7ocuk G\u00fcn\u00fc \u015eenli\u011fi d\u00fczenliyor\",\"datePublished\":\"2024-05-30T08:42:57+00:00\",\"mainEntityOfPage\":{\"@id\":\"https:\\\/\\\/kuzeyinsesi.org\\\/index.php\\\/2024\\\/05\\\/30\\\/mehmetcik-buyukkonuk-belediyesi-1-haziran-dunya-cocuk-gunu-senligi-duzenliyor\\\/\"},\"wordCount\":97,\"commentCount\":0,\"image\":{\"@id\":\"https:\\\/\\\/kuzeyinsesi.org\\\/index.php\\\/2024\\\/05\\\/30\\\/mehmetcik-buyukkonuk-belediyesi-1-haziran-dunya-cocuk-gunu-senligi-duzenliyor\\\/#primaryimage\"},\"thumbnailUrl\":\"https:\\\/\\\/kuzeyinsesi.org\\\/wp-content\\\/uploads\\\/2024\\\/05\\\/mem.jpg\",\"articleSection\":[\"Ya\u015fam\"],\"inLanguage\":\"tr\",\"potentialAction\":[{\"@type\":\"CommentAction\",\"name\":\"Comment\",\"target\":[\"https:\\\/\\\/kuzeyinsesi.org\\\/index.php\\\/2024\\\/05\\\/30\\\/mehmetcik-buyukkonuk-belediyesi-1-haziran-dunya-cocuk-gunu-senligi-duzenliyor\\\/#respond\"]}]},{\"@type\":\"WebPage\",\"@id\":\"https:\\\/\\\/kuzeyinsesi.org\\\/index.php\\\/2024\\\/05\\\/30\\\/mehmetcik-buyukkonuk-belediyesi-1-haziran-dunya-cocuk-gunu-senligi-duzenliyor\\\/\",\"url\":\"https:\\\/\\\/kuzeyinsesi.org\\\/index.php\\\/2024\\\/05\\\/30\\\/mehmetcik-buyukkonuk-belediyesi-1-haziran-dunya-cocuk-gunu-senligi-duzenliyor\\\/\",\"name\":\"Mehmet\u00e7ik B\u00fcy\u00fckkonuk Belediyesi, 1 Haziran D\u00fcnya \u00c7ocuk G\u00fcn\u00fc \u015eenli\u011fi d\u00fczenliyor - Kuzeyin Sesi\",\"isPartOf\":{\"@id\":\"https:\\\/\\\/kuzeyinsesi.org\\\/#website\"},\"primaryImageOfPage\":{\"@id\":\"https:\\\/\\\/kuzeyinsesi.org\\\/index.php\\\/2024\\\/05\\\/30\\\/mehmetcik-buyukkonuk-belediyesi-1-haziran-dunya-cocuk-gunu-senligi-duzenliyor\\\/#primaryimage\"},\"image\":{\"@id\":\"https:\\\/\\\/kuzeyinsesi.org\\\/index.php\\\/2024\\\/05\\\/30\\\/mehmetcik-buyukkonuk-belediyesi-1-haziran-dunya-cocuk-gunu-senligi-duzenliyor\\\/#primaryimage\"},\"thumbnailUrl\":\"https:\\\/\\\/kuzeyinsesi.org\\\/wp-content\\\/uploads\\\/2024\\\/05\\\/mem.jpg\",\"datePublished\":\"2024-05-30T08:42:57+00:00\",\"author\":{\"@id\":\"https:\\\/\\\/kuzeyinsesi.org\\\/#\\\/schema\\\/person\\\/9f859689cdf01485597712386e37f5aa\"},\"breadcrumb\":{\"@id\":\"https:\\\/\\\/kuzeyinsesi.org\\\/index.php\\\/2024\\\/05\\\/30\\\/mehmetcik-buyukkonuk-belediyesi-1-haziran-dunya-cocuk-gunu-senligi-duzenliyor\\\/#breadcrumb\"},\"inLanguage\":\"tr\",\"potentialAction\":[{\"@type\":\"ReadAction\",\"target\":[\"https:\\\/\\\/kuzeyinsesi.org\\\/index.php\\\/2024\\\/05\\\/30\\\/mehmetcik-buyukkonuk-belediyesi-1-haziran-dunya-cocuk-gunu-senligi-duzenliyor\\\/\"]}]},{\"@type\":\"ImageObject\",\"inLanguage\":\"tr\",\"@id\":\"https:\\\/\\\/kuzeyinsesi.org\\\/index.php\\\/2024\\\/05\\\/30\\\/mehmetcik-buyukkonuk-belediyesi-1-haziran-dunya-cocuk-gunu-senligi-duzenliyor\\\/#primaryimage\",\"url\":\"https:\\\/\\\/kuzeyinsesi.org\\\/wp-content\\\/uploads\\\/2024\\\/05\\\/mem.jpg\",\"contentUrl\":\"https:\\\/\\\/kuzeyinsesi.org\\\/wp-content\\\/uploads\\\/2024\\\/05\\\/mem.jpg\",\"width\":1712,\"height\":690},{\"@type\":\"BreadcrumbList\",\"@id\":\"https:\\\/\\\/kuzeyinsesi.org\\\/index.php\\\/2024\\\/05\\\/30\\\/mehmetcik-buyukkonuk-belediyesi-1-haziran-dunya-cocuk-gunu-senligi-duzenliyor\\\/#breadcrumb\",\"itemListElement\":[{\"@type\":\"ListItem\",\"position\":1,\"name\":\"Anasayfa\",\"item\":\"https:\\\/\\\/kuzeyinsesi.org\\\/\"},{\"@type\":\"ListItem\",\"position\":2,\"name\":\"Mehmet\u00e7ik B\u00fcy\u00fckkonuk Belediyesi, 1 Haziran D\u00fcnya \u00c7ocuk G\u00fcn\u00fc \u015eenli\u011fi d\u00fczenliyor\"}]},{\"@type\":\"WebSite\",\"@id\":\"https:\\\/\\\/kuzeyinsesi.org\\\/#website\",\"url\":\"https:\\\/\\\/kuzeyinsesi.org\\\/\",\"name\":\"Kuzeyin Sesi\",\"description\":\"Do\u011fru Haberin Adresi\",\"potentialAction\":[{\"@type\":\"SearchAction\",\"target\":{\"@type\":\"EntryPoint\",\"urlTemplate\":\"https:\\\/\\\/kuzeyinsesi.org\\\/?s={search_term_string}\"},\"query-input\":{\"@type\":\"PropertyValueSpecification\",\"valueRequired\":true,\"valueName\":\"search_term_string\"}}],\"inLanguage\":\"tr\"},{\"@type\":\"Person\",\"@id\":\"https:\\\/\\\/kuzeyinsesi.org\\\/#\\\/schema\\\/person\\\/9f859689cdf01485597712386e37f5aa\",\"name\":\"Kuzeyin Sesi\",\"image\":{\"@type\":\"ImageObject\",\"inLanguage\":\"tr\",\"@id\":\"https:\\\/\\\/secure.gravatar.com\\\/avatar\\\/bab33852abfd8b282518d6ed81826833d77c3c882d9ab608add591ccace47a44?s=96&d=mm&r=g\",\"url\":\"https:\\\/\\\/secure.gravatar.com\\\/avatar\\\/bab33852abfd8b282518d6ed81826833d77c3c882d9ab608add591ccace47a44?s=96&d=mm&r=g\",\"contentUrl\":\"https:\\\/\\\/secure.gravatar.com\\\/avatar\\\/bab33852abfd8b282518d6ed81826833d77c3c882d9ab608add591ccace47a44?s=96&d=mm&r=g\",\"caption\":\"Kuzeyin Sesi\"},\"sameAs\":[\"https:\\\/\\\/kuzeyinsesi.org\"],\"url\":\"https:\\\/\\\/kuzeyinsesi.org\\\/index.php\\\/author\\\/guven\\\/\"}]}<\/script>\n<!-- \/ Yoast SEO plugin. -->","yoast_head_json":{"title":"Mehmet\u00e7ik B\u00fcy\u00fckkonuk Belediyesi, 1 Haziran D\u00fcnya \u00c7ocuk G\u00fcn\u00fc \u015eenli\u011fi d\u00fczenliyor - Kuzeyin Sesi","robots":{"index":"index","follow":"follow","max-snippet":"max-snippet:-1","max-image-preview":"max-image-preview:large","max-video-preview":"max-video-preview:-1"},"canonical":"https:\/\/kuzeyinsesi.org\/index.php\/2024\/05\/30\/mehmetcik-buyukkonuk-belediyesi-1-haziran-dunya-cocuk-gunu-senligi-duzenliyor\/","og_locale":"tr_TR","og_type":"article","og_title":"Mehmet\u00e7ik B\u00fcy\u00fckkonuk Belediyesi, 1 Haziran D\u00fcnya \u00c7ocuk G\u00fcn\u00fc \u015eenli\u011fi d\u00fczenliyor - Kuzeyin Sesi","og_description":"Mehmet\u00e7ik B\u00fcy\u00fckkonuk Belediyesi, 1 Haziran D\u00fcnya \u00c7ocuk G\u00fcn\u00fc \u015eenli\u011fi d\u00fczenliyor .. 31 May\u0131s Cuma g\u00fcn\u00fc, saat 09:30 \u2013 12:00 aras\u0131nda Bafra Kaya Artemis Otel\u2019de ger\u00e7ekle\u015ftirecek \u00e7ocuk \u015f\u00f6lenine t\u00fcm \u00e7ocuklar\u0131 davet edilirken, Belediyeden yap\u0131lan a\u00e7\u0131klamada, \u201cBelediye s\u0131n\u0131rlar\u0131m\u0131z i\u00e7erisindeki ilkokullar\u0131n kat\u0131l\u0131m\u0131yla ger\u00e7ekle\u015fecek bu \u00f6zel g\u00fcnde, \u00e7ocuklar\u0131m\u0131z i\u00e7in birbirinden e\u011flenceli ve \u00f6\u011fretici aktiviteler d\u00fczenlenecek\u201d ifadelerine yer verildi.","og_url":"https:\/\/kuzeyinsesi.org\/index.php\/2024\/05\/30\/mehmetcik-buyukkonuk-belediyesi-1-haziran-dunya-cocuk-gunu-senligi-duzenliyor\/","og_site_name":"Kuzeyin Sesi","article_publisher":"https:\/\/www.facebook.com\/kuzeyinsesii","article_published_time":"2024-05-30T08:42:57+00:00","og_image":[{"width":1712,"height":690,"url":"https:\/\/kuzeyinsesi.org\/wp-content\/uploads\/2024\/05\/mem.jpg","type":"image\/jpeg"}],"author":"Kuzeyin Sesi","twitter_card":"summary_large_image","twitter_creator":"@kuzeyinsesii","twitter_site":"@kuzeyinsesii","twitter_misc":{"Yazan:":"Kuzeyin Sesi"},"schema":{"@context":"https:\/\/schema.org","@graph":[{"@type":"Article","@id":"https:\/\/kuzeyinsesi.org\/index.php\/2024\/05\/30\/mehmetcik-buyukkonuk-belediyesi-1-haziran-dunya-cocuk-gunu-senligi-duzenliyor\/#article","isPartOf":{"@id":"https:\/\/kuzeyinsesi.org\/index.php\/2024\/05\/30\/mehmetcik-buyukkonuk-belediyesi-1-haziran-dunya-cocuk-gunu-senligi-duzenliyor\/"},"author":{"name":"Kuzeyin Sesi","@id":"https:\/\/kuzeyinsesi.org\/#\/schema\/person\/9f859689cdf01485597712386e37f5aa"},"headline":"Mehmet\u00e7ik B\u00fcy\u00fckkonuk Belediyesi, 1 Haziran D\u00fcnya \u00c7ocuk G\u00fcn\u00fc \u015eenli\u011fi d\u00fczenliyor","datePublished":"2024-05-30T08:42:57+00:00","mainEntityOfPage":{"@id":"https:\/\/kuzeyinsesi.org\/index.php\/2024\/05\/30\/mehmetcik-buyukkonuk-belediyesi-1-haziran-dunya-cocuk-gunu-senligi-duzenliyor\/"},"wordCount":97,"commentCount":0,"image":{"@id":"https:\/\/kuzeyinsesi.org\/index.php\/2024\/05\/30\/mehmetcik-buyukkonuk-belediyesi-1-haziran-dunya-cocuk-gunu-senligi-duzenliyor\/#primaryimage"},"thumbnailUrl":"https:\/\/kuzeyinsesi.org\/wp-content\/uploads\/2024\/05\/mem.jpg","articleSection":["Ya\u015fam"],"inLanguage":"tr","potentialAction":[{"@type":"CommentAction","name":"Comment","target":["https:\/\/kuzeyinsesi.org\/index.php\/2024\/05\/30\/mehmetcik-buyukkonuk-belediyesi-1-haziran-dunya-cocuk-gunu-senligi-duzenliyor\/#respond"]}]},{"@type":"WebPage","@id":"https:\/\/kuzeyinsesi.org\/index.php\/2024\/05\/30\/mehmetcik-buyukkonuk-belediyesi-1-haziran-dunya-cocuk-gunu-senligi-duzenliyor\/","url":"https:\/\/kuzeyinsesi.org\/index.php\/2024\/05\/30\/mehmetcik-buyukkonuk-belediyesi-1-haziran-dunya-cocuk-gunu-senligi-duzenliyor\/","name":"Mehmet\u00e7ik B\u00fcy\u00fckkonuk Belediyesi, 1 Haziran D\u00fcnya \u00c7ocuk G\u00fcn\u00fc \u015eenli\u011fi d\u00fczenliyor - Kuzeyin Sesi","isPartOf":{"@id":"https:\/\/kuzeyinsesi.org\/#website"},"primaryImageOfPage":{"@id":"https:\/\/kuzeyinsesi.org\/index.php\/2024\/05\/30\/mehmetcik-buyukkonuk-belediyesi-1-haziran-dunya-cocuk-gunu-senligi-duzenliyor\/#primaryimage"},"image":{"@id":"https:\/\/kuzeyinsesi.org\/index.php\/2024\/05\/30\/mehmetcik-buyukkonuk-belediyesi-1-haziran-dunya-cocuk-gunu-senligi-duzenliyor\/#primaryimage"},"thumbnailUrl":"https:\/\/kuzeyinsesi.org\/wp-content\/uploads\/2024\/05\/mem.jpg","datePublished":"2024-05-30T08:42:57+00:00","author":{"@id":"https:\/\/kuzeyinsesi.org\/#\/schema\/person\/9f859689cdf01485597712386e37f5aa"},"breadcrumb":{"@id":"https:\/\/kuzeyinsesi.org\/index.php\/2024\/05\/30\/mehmetcik-buyukkonuk-belediyesi-1-haziran-dunya-cocuk-gunu-senligi-duzenliyor\/#breadcrumb"},"inLanguage":"tr","potentialAction":[{"@type":"ReadAction","target":["https:\/\/kuzeyinsesi.org\/index.php\/2024\/05\/30\/mehmetcik-buyukkonuk-belediyesi-1-haziran-dunya-cocuk-gunu-senligi-duzenliyor\/"]}]},{"@type":"ImageObject","inLanguage":"tr","@id":"https:\/\/kuzeyinsesi.org\/index.php\/2024\/05\/30\/mehmetcik-buyukkonuk-belediyesi-1-haziran-dunya-cocuk-gunu-senligi-duzenliyor\/#primaryimage","url":"https:\/\/kuzeyinsesi.org\/wp-content\/uploads\/2024\/05\/mem.jpg","contentUrl":"https:\/\/kuzeyinsesi.org\/wp-content\/uploads\/2024\/05\/mem.jpg","width":1712,"height":690},{"@type":"BreadcrumbList","@id":"https:\/\/kuzeyinsesi.org\/index.php\/2024\/05\/30\/mehmetcik-buyukkonuk-belediyesi-1-haziran-dunya-cocuk-gunu-senligi-duzenliyor\/#breadcrumb","itemListElement":[{"@type":"ListItem","position":1,"name":"Anasayfa","item":"https:\/\/kuzeyinsesi.org\/"},{"@type":"ListItem","position":2,"name":"Mehmet\u00e7ik B\u00fcy\u00fckkonuk Belediyesi, 1 Haziran D\u00fcnya \u00c7ocuk G\u00fcn\u00fc \u015eenli\u011fi d\u00fczenliyor"}]},{"@type":"WebSite","@id":"https:\/\/kuzeyinsesi.org\/#website","url":"https:\/\/kuzeyinsesi.org\/","name":"Kuzeyin Sesi","description":"Do\u011fru Haberin Adresi","potentialAction":[{"@type":"SearchAction","target":{"@type":"EntryPoint","urlTemplate":"https:\/\/kuzeyinsesi.org\/?s={search_term_string}"},"query-input":{"@type":"PropertyValueSpecification","valueRequired":true,"valueName":"search_term_string"}}],"inLanguage":"tr"},{"@type":"Person","@id":"https:\/\/kuzeyinsesi.org\/#\/schema\/person\/9f859689cdf01485597712386e37f5aa","name":"Kuzeyin Sesi","image":{"@type":"ImageObject","inLanguage":"tr","@id":"https:\/\/secure.gravatar.com\/avatar\/bab33852abfd8b282518d6ed81826833d77c3c882d9ab608add591ccace47a44?s=96&d=mm&r=g","url":"https:\/\/secure.gravatar.com\/avatar\/bab33852abfd8b282518d6ed81826833d77c3c882d9ab608add591ccace47a44?s=96&d=mm&r=g","contentUrl":"https:\/\/secure.gravatar.com\/avatar\/bab33852abfd8b282518d6ed81826833d77c3c882d9ab608add591ccace47a44?s=96&d=mm&r=g","caption":"Kuzeyin Sesi"},"sameAs":["https:\/\/kuzeyinsesi.org"],"url":"https:\/\/kuzeyinsesi.org\/index.php\/author\/guven\/"}]}},"_links":{"self":[{"href":"https:\/\/kuzeyinsesi.org\/index.php\/wp-json\/wp\/v2\/posts\/3696","targetHints":{"allow":["GET"]}}],"collection":[{"href":"https:\/\/kuzeyinsesi.org\/index.php\/wp-json\/wp\/v2\/posts"}],"about":[{"href":"https:\/\/kuzeyinsesi.org\/index.php\/wp-json\/wp\/v2\/types\/post"}],"author":[{"embeddable":true,"href":"https:\/\/kuzeyinsesi.org\/index.php\/wp-json\/wp\/v2\/users\/1"}],"replies":[{"embeddable":true,"href":"https:\/\/kuzeyinsesi.org\/index.php\/wp-json\/wp\/v2\/comments?post=3696"}],"version-history":[{"count":0,"href":"https:\/\/kuzeyinsesi.org\/index.php\/wp-json\/wp\/v2\/posts\/3696\/revisions"}],"wp:featuredmedia":[{"embeddable":true,"href":"https:\/\/kuzeyinsesi.org\/index.php\/wp-json\/wp\/v2\/media\/3697"}],"wp:attachment":[{"href":"https:\/\/kuzeyinsesi.org\/index.php\/wp-json\/wp\/v2\/media?parent=3696"}],"wp:term":[{"taxonomy":"category","embeddable":true,"href":"https:\/\/kuzeyinsesi.org\/index.php\/wp-json\/wp\/v2\/categories?post=3696"},{"taxonomy":"post_tag","embeddable":true,"href":"https:\/\/kuzeyinsesi.org\/index.php\/wp-json\/wp\/v2\/tags?post=3696"}],"curies":[{"name":"wp","href":"https:\/\/api.w.org\/{rel}","templated":true}]}}