{"id":3692,"date":"2024-05-30T10:42:04","date_gmt":"2024-05-30T07:42:04","guid":{"rendered":"https:\/\/kuzeyinsesi.com\/index.php\/2024\/05\/30\/kalbin-hikayesi-sergisi-bugun-rustem-kitabevinde-aciliyor\/"},"modified":"2024-05-30T10:42:04","modified_gmt":"2024-05-30T07:42:04","slug":"kalbin-hikayesi-sergisi-bugun-rustem-kitabevinde-aciliyor","status":"publish","type":"post","link":"https:\/\/kuzeyinsesi.org\/index.php\/2024\/05\/30\/kalbin-hikayesi-sergisi-bugun-rustem-kitabevinde-aciliyor\/","title":{"rendered":"\u201cKalbin Hikayesi\u201d sergisi bug\u00fcn R\u00fcstem Kitabevi\u2019nde a\u00e7\u0131l\u0131yor"},"content":{"rendered":"<div>\n<div class=\"mariselle-image-container center\">\n                                            <\/div>\n<p> Ark\u0131n Yarat\u0131c\u0131 Sanatlar ve Tasar\u0131m \u00dcniversitesi Seramik ve Cam Tasar\u0131m\u0131 B\u00f6l\u00fcm\u00fc \u00f6\u011frencisi Gizem Gelegen\u2019in mezuniyet sergisi \u201cKalbin Hikayesi\u201d, bug\u00fcn 19.00\u2019da R\u00fcstem Kitabevi\u2019nde a\u00e7\u0131l\u0131yor.<\/p>\n<p>Gelegen\u2019in a\u00e7\u0131klamas\u0131na g\u00f6re sergi, kad\u0131nlar\u0131n ya\u015fad\u0131\u011f\u0131 duygusal ve fiziksel istismar\u0131 sanatsal bir bak\u0131\u015f a\u00e7\u0131s\u0131yla ele al\u0131yor. Sergi kapsam\u0131nda, 19.30\u2019da piyanist Anastasiia Andrievskaya piyano dinletisi de sunacak.<\/p>\n<p>Sergi cumartesi g\u00fcn\u00fcne kadar 09.00-18.00 saatleri aras\u0131nda izlenebilecek.<\/p>\n<\/p><\/div>\n<p><script async\n                    defer\n                    crossorigin=\"anonymous\"\n                    src=\"https:\/\/connect.facebook.net\/tr_TR\/sdk.js#xfbml=1&#038;version=v3.3\"\n            ><\/script><\/p>\n","protected":false},"excerpt":{"rendered":"<p>Ark\u0131n Yarat\u0131c\u0131 Sanatlar ve Tasar\u0131m \u00dcniversitesi Seramik ve Cam Tasar\u0131m\u0131 B\u00f6l\u00fcm\u00fc \u00f6\u011frencisi Gizem Gelegen\u2019in mezuniyet sergisi \u201cKalbin Hikayesi\u201d, bug\u00fcn 19.00\u2019da R\u00fcstem Kitabevi\u2019nde a\u00e7\u0131l\u0131yor. Gelegen\u2019in a\u00e7\u0131klamas\u0131na g\u00f6re sergi, kad\u0131nlar\u0131n ya\u015fad\u0131\u011f\u0131 duygusal ve fiziksel istismar\u0131 sanatsal bir bak\u0131\u015f a\u00e7\u0131s\u0131yla ele al\u0131yor. Sergi kapsam\u0131nda, 19.30\u2019da piyanist Anastasiia Andrievskaya piyano dinletisi de sunacak. Sergi cumartesi g\u00fcn\u00fcne kadar 09.00-18.00 saatleri [&hellip;]<\/p>\n","protected":false},"author":1,"featured_media":3693,"comment_status":"open","ping_status":"open","sticky":false,"template":"","format":"standard","meta":{"jnews-multi-image_gallery":[],"jnews_single_post":[],"jnews_primary_category":[],"jnews_social_meta":[],"jnews_override_counter":[],"footnotes":""},"categories":[6],"tags":[],"class_list":["post-3692","post","type-post","status-publish","format-standard","has-post-thumbnail","hentry","category-yasam"],"yoast_head":"<!-- This site is optimized with the Yoast SEO plugin v27.5 - https:\/\/yoast.com\/product\/yoast-seo-wordpress\/ -->\n<title>\u201cKalbin Hikayesi\u201d sergisi bug\u00fcn R\u00fcstem Kitabevi\u2019nde a\u00e7\u0131l\u0131yor - Kuzeyin Sesi<\/title>\n<meta name=\"robots\" content=\"index, follow, max-snippet:-1, max-image-preview:large, max-video-preview:-1\" \/>\n<link rel=\"canonical\" href=\"https:\/\/kuzeyinsesi.org\/index.php\/2024\/05\/30\/kalbin-hikayesi-sergisi-bugun-rustem-kitabevinde-aciliyor\/\" \/>\n<meta property=\"og:locale\" content=\"tr_TR\" \/>\n<meta property=\"og:type\" content=\"article\" \/>\n<meta property=\"og:title\" content=\"\u201cKalbin Hikayesi\u201d sergisi bug\u00fcn R\u00fcstem Kitabevi\u2019nde a\u00e7\u0131l\u0131yor - Kuzeyin Sesi\" \/>\n<meta property=\"og:description\" content=\"Ark\u0131n Yarat\u0131c\u0131 Sanatlar ve Tasar\u0131m \u00dcniversitesi Seramik ve Cam Tasar\u0131m\u0131 B\u00f6l\u00fcm\u00fc \u00f6\u011frencisi Gizem Gelegen\u2019in mezuniyet sergisi \u201cKalbin Hikayesi\u201d, bug\u00fcn 19.00\u2019da R\u00fcstem Kitabevi\u2019nde a\u00e7\u0131l\u0131yor. Gelegen\u2019in a\u00e7\u0131klamas\u0131na g\u00f6re sergi, kad\u0131nlar\u0131n ya\u015fad\u0131\u011f\u0131 duygusal ve fiziksel istismar\u0131 sanatsal bir bak\u0131\u015f a\u00e7\u0131s\u0131yla ele al\u0131yor. Sergi kapsam\u0131nda, 19.30\u2019da piyanist Anastasiia Andrievskaya piyano dinletisi de sunacak. Sergi cumartesi g\u00fcn\u00fcne kadar 09.00-18.00 saatleri [&hellip;]\" \/>\n<meta property=\"og:url\" content=\"https:\/\/kuzeyinsesi.org\/index.php\/2024\/05\/30\/kalbin-hikayesi-sergisi-bugun-rustem-kitabevinde-aciliyor\/\" \/>\n<meta property=\"og:site_name\" content=\"Kuzeyin Sesi\" \/>\n<meta property=\"article:publisher\" content=\"https:\/\/www.facebook.com\/kuzeyinsesii\" \/>\n<meta property=\"article:published_time\" content=\"2024-05-30T07:42:04+00:00\" \/>\n<meta property=\"og:image\" content=\"https:\/\/kuzeyinsesi.org\/wp-content\/uploads\/2024\/05\/mumkun-dunyalar.webp.webp\" \/>\n\t<meta property=\"og:image:width\" content=\"710\" \/>\n\t<meta property=\"og:image:height\" content=\"370\" \/>\n\t<meta property=\"og:image:type\" content=\"image\/webp\" \/>\n<meta name=\"author\" content=\"Kuzeyin Sesi\" \/>\n<meta name=\"twitter:card\" content=\"summary_large_image\" \/>\n<meta name=\"twitter:creator\" content=\"@kuzeyinsesii\" \/>\n<meta name=\"twitter:site\" content=\"@kuzeyinsesii\" \/>\n<meta name=\"twitter:label1\" content=\"Yazan:\" \/>\n\t<meta name=\"twitter:data1\" content=\"Kuzeyin Sesi\" \/>\n<script type=\"application\/ld+json\" class=\"yoast-schema-graph\">{\"@context\":\"https:\\\/\\\/schema.org\",\"@graph\":[{\"@type\":\"Article\",\"@id\":\"https:\\\/\\\/kuzeyinsesi.org\\\/index.php\\\/2024\\\/05\\\/30\\\/kalbin-hikayesi-sergisi-bugun-rustem-kitabevinde-aciliyor\\\/#article\",\"isPartOf\":{\"@id\":\"https:\\\/\\\/kuzeyinsesi.org\\\/index.php\\\/2024\\\/05\\\/30\\\/kalbin-hikayesi-sergisi-bugun-rustem-kitabevinde-aciliyor\\\/\"},\"author\":{\"name\":\"Kuzeyin Sesi\",\"@id\":\"https:\\\/\\\/kuzeyinsesi.org\\\/#\\\/schema\\\/person\\\/9f859689cdf01485597712386e37f5aa\"},\"headline\":\"\u201cKalbin Hikayesi\u201d sergisi bug\u00fcn R\u00fcstem Kitabevi\u2019nde a\u00e7\u0131l\u0131yor\",\"datePublished\":\"2024-05-30T07:42:04+00:00\",\"mainEntityOfPage\":{\"@id\":\"https:\\\/\\\/kuzeyinsesi.org\\\/index.php\\\/2024\\\/05\\\/30\\\/kalbin-hikayesi-sergisi-bugun-rustem-kitabevinde-aciliyor\\\/\"},\"wordCount\":95,\"commentCount\":0,\"image\":{\"@id\":\"https:\\\/\\\/kuzeyinsesi.org\\\/index.php\\\/2024\\\/05\\\/30\\\/kalbin-hikayesi-sergisi-bugun-rustem-kitabevinde-aciliyor\\\/#primaryimage\"},\"thumbnailUrl\":\"https:\\\/\\\/kuzeyinsesi.org\\\/wp-content\\\/uploads\\\/2024\\\/05\\\/mumkun-dunyalar.webp.webp\",\"articleSection\":[\"Ya\u015fam\"],\"inLanguage\":\"tr\",\"potentialAction\":[{\"@type\":\"CommentAction\",\"name\":\"Comment\",\"target\":[\"https:\\\/\\\/kuzeyinsesi.org\\\/index.php\\\/2024\\\/05\\\/30\\\/kalbin-hikayesi-sergisi-bugun-rustem-kitabevinde-aciliyor\\\/#respond\"]}]},{\"@type\":\"WebPage\",\"@id\":\"https:\\\/\\\/kuzeyinsesi.org\\\/index.php\\\/2024\\\/05\\\/30\\\/kalbin-hikayesi-sergisi-bugun-rustem-kitabevinde-aciliyor\\\/\",\"url\":\"https:\\\/\\\/kuzeyinsesi.org\\\/index.php\\\/2024\\\/05\\\/30\\\/kalbin-hikayesi-sergisi-bugun-rustem-kitabevinde-aciliyor\\\/\",\"name\":\"\u201cKalbin Hikayesi\u201d sergisi bug\u00fcn R\u00fcstem Kitabevi\u2019nde a\u00e7\u0131l\u0131yor - Kuzeyin Sesi\",\"isPartOf\":{\"@id\":\"https:\\\/\\\/kuzeyinsesi.org\\\/#website\"},\"primaryImageOfPage\":{\"@id\":\"https:\\\/\\\/kuzeyinsesi.org\\\/index.php\\\/2024\\\/05\\\/30\\\/kalbin-hikayesi-sergisi-bugun-rustem-kitabevinde-aciliyor\\\/#primaryimage\"},\"image\":{\"@id\":\"https:\\\/\\\/kuzeyinsesi.org\\\/index.php\\\/2024\\\/05\\\/30\\\/kalbin-hikayesi-sergisi-bugun-rustem-kitabevinde-aciliyor\\\/#primaryimage\"},\"thumbnailUrl\":\"https:\\\/\\\/kuzeyinsesi.org\\\/wp-content\\\/uploads\\\/2024\\\/05\\\/mumkun-dunyalar.webp.webp\",\"datePublished\":\"2024-05-30T07:42:04+00:00\",\"author\":{\"@id\":\"https:\\\/\\\/kuzeyinsesi.org\\\/#\\\/schema\\\/person\\\/9f859689cdf01485597712386e37f5aa\"},\"breadcrumb\":{\"@id\":\"https:\\\/\\\/kuzeyinsesi.org\\\/index.php\\\/2024\\\/05\\\/30\\\/kalbin-hikayesi-sergisi-bugun-rustem-kitabevinde-aciliyor\\\/#breadcrumb\"},\"inLanguage\":\"tr\",\"potentialAction\":[{\"@type\":\"ReadAction\",\"target\":[\"https:\\\/\\\/kuzeyinsesi.org\\\/index.php\\\/2024\\\/05\\\/30\\\/kalbin-hikayesi-sergisi-bugun-rustem-kitabevinde-aciliyor\\\/\"]}]},{\"@type\":\"ImageObject\",\"inLanguage\":\"tr\",\"@id\":\"https:\\\/\\\/kuzeyinsesi.org\\\/index.php\\\/2024\\\/05\\\/30\\\/kalbin-hikayesi-sergisi-bugun-rustem-kitabevinde-aciliyor\\\/#primaryimage\",\"url\":\"https:\\\/\\\/kuzeyinsesi.org\\\/wp-content\\\/uploads\\\/2024\\\/05\\\/mumkun-dunyalar.webp.webp\",\"contentUrl\":\"https:\\\/\\\/kuzeyinsesi.org\\\/wp-content\\\/uploads\\\/2024\\\/05\\\/mumkun-dunyalar.webp.webp\",\"width\":710,\"height\":370},{\"@type\":\"BreadcrumbList\",\"@id\":\"https:\\\/\\\/kuzeyinsesi.org\\\/index.php\\\/2024\\\/05\\\/30\\\/kalbin-hikayesi-sergisi-bugun-rustem-kitabevinde-aciliyor\\\/#breadcrumb\",\"itemListElement\":[{\"@type\":\"ListItem\",\"position\":1,\"name\":\"Anasayfa\",\"item\":\"https:\\\/\\\/kuzeyinsesi.org\\\/\"},{\"@type\":\"ListItem\",\"position\":2,\"name\":\"\u201cKalbin Hikayesi\u201d sergisi bug\u00fcn R\u00fcstem Kitabevi\u2019nde a\u00e7\u0131l\u0131yor\"}]},{\"@type\":\"WebSite\",\"@id\":\"https:\\\/\\\/kuzeyinsesi.org\\\/#website\",\"url\":\"https:\\\/\\\/kuzeyinsesi.org\\\/\",\"name\":\"Kuzeyin Sesi\",\"description\":\"Do\u011fru Haberin Adresi\",\"potentialAction\":[{\"@type\":\"SearchAction\",\"target\":{\"@type\":\"EntryPoint\",\"urlTemplate\":\"https:\\\/\\\/kuzeyinsesi.org\\\/?s={search_term_string}\"},\"query-input\":{\"@type\":\"PropertyValueSpecification\",\"valueRequired\":true,\"valueName\":\"search_term_string\"}}],\"inLanguage\":\"tr\"},{\"@type\":\"Person\",\"@id\":\"https:\\\/\\\/kuzeyinsesi.org\\\/#\\\/schema\\\/person\\\/9f859689cdf01485597712386e37f5aa\",\"name\":\"Kuzeyin Sesi\",\"image\":{\"@type\":\"ImageObject\",\"inLanguage\":\"tr\",\"@id\":\"https:\\\/\\\/secure.gravatar.com\\\/avatar\\\/bab33852abfd8b282518d6ed81826833d77c3c882d9ab608add591ccace47a44?s=96&d=mm&r=g\",\"url\":\"https:\\\/\\\/secure.gravatar.com\\\/avatar\\\/bab33852abfd8b282518d6ed81826833d77c3c882d9ab608add591ccace47a44?s=96&d=mm&r=g\",\"contentUrl\":\"https:\\\/\\\/secure.gravatar.com\\\/avatar\\\/bab33852abfd8b282518d6ed81826833d77c3c882d9ab608add591ccace47a44?s=96&d=mm&r=g\",\"caption\":\"Kuzeyin Sesi\"},\"sameAs\":[\"https:\\\/\\\/kuzeyinsesi.org\"],\"url\":\"https:\\\/\\\/kuzeyinsesi.org\\\/index.php\\\/author\\\/guven\\\/\"}]}<\/script>\n<!-- \/ Yoast SEO plugin. -->","yoast_head_json":{"title":"\u201cKalbin Hikayesi\u201d sergisi bug\u00fcn R\u00fcstem Kitabevi\u2019nde a\u00e7\u0131l\u0131yor - Kuzeyin Sesi","robots":{"index":"index","follow":"follow","max-snippet":"max-snippet:-1","max-image-preview":"max-image-preview:large","max-video-preview":"max-video-preview:-1"},"canonical":"https:\/\/kuzeyinsesi.org\/index.php\/2024\/05\/30\/kalbin-hikayesi-sergisi-bugun-rustem-kitabevinde-aciliyor\/","og_locale":"tr_TR","og_type":"article","og_title":"\u201cKalbin Hikayesi\u201d sergisi bug\u00fcn R\u00fcstem Kitabevi\u2019nde a\u00e7\u0131l\u0131yor - Kuzeyin Sesi","og_description":"Ark\u0131n Yarat\u0131c\u0131 Sanatlar ve Tasar\u0131m \u00dcniversitesi Seramik ve Cam Tasar\u0131m\u0131 B\u00f6l\u00fcm\u00fc \u00f6\u011frencisi Gizem Gelegen\u2019in mezuniyet sergisi \u201cKalbin Hikayesi\u201d, bug\u00fcn 19.00\u2019da R\u00fcstem Kitabevi\u2019nde a\u00e7\u0131l\u0131yor. Gelegen\u2019in a\u00e7\u0131klamas\u0131na g\u00f6re sergi, kad\u0131nlar\u0131n ya\u015fad\u0131\u011f\u0131 duygusal ve fiziksel istismar\u0131 sanatsal bir bak\u0131\u015f a\u00e7\u0131s\u0131yla ele al\u0131yor. Sergi kapsam\u0131nda, 19.30\u2019da piyanist Anastasiia Andrievskaya piyano dinletisi de sunacak. Sergi cumartesi g\u00fcn\u00fcne kadar 09.00-18.00 saatleri [&hellip;]","og_url":"https:\/\/kuzeyinsesi.org\/index.php\/2024\/05\/30\/kalbin-hikayesi-sergisi-bugun-rustem-kitabevinde-aciliyor\/","og_site_name":"Kuzeyin Sesi","article_publisher":"https:\/\/www.facebook.com\/kuzeyinsesii","article_published_time":"2024-05-30T07:42:04+00:00","og_image":[{"width":710,"height":370,"url":"https:\/\/kuzeyinsesi.org\/wp-content\/uploads\/2024\/05\/mumkun-dunyalar.webp.webp","type":"image\/webp"}],"author":"Kuzeyin Sesi","twitter_card":"summary_large_image","twitter_creator":"@kuzeyinsesii","twitter_site":"@kuzeyinsesii","twitter_misc":{"Yazan:":"Kuzeyin Sesi"},"schema":{"@context":"https:\/\/schema.org","@graph":[{"@type":"Article","@id":"https:\/\/kuzeyinsesi.org\/index.php\/2024\/05\/30\/kalbin-hikayesi-sergisi-bugun-rustem-kitabevinde-aciliyor\/#article","isPartOf":{"@id":"https:\/\/kuzeyinsesi.org\/index.php\/2024\/05\/30\/kalbin-hikayesi-sergisi-bugun-rustem-kitabevinde-aciliyor\/"},"author":{"name":"Kuzeyin Sesi","@id":"https:\/\/kuzeyinsesi.org\/#\/schema\/person\/9f859689cdf01485597712386e37f5aa"},"headline":"\u201cKalbin Hikayesi\u201d sergisi bug\u00fcn R\u00fcstem Kitabevi\u2019nde a\u00e7\u0131l\u0131yor","datePublished":"2024-05-30T07:42:04+00:00","mainEntityOfPage":{"@id":"https:\/\/kuzeyinsesi.org\/index.php\/2024\/05\/30\/kalbin-hikayesi-sergisi-bugun-rustem-kitabevinde-aciliyor\/"},"wordCount":95,"commentCount":0,"image":{"@id":"https:\/\/kuzeyinsesi.org\/index.php\/2024\/05\/30\/kalbin-hikayesi-sergisi-bugun-rustem-kitabevinde-aciliyor\/#primaryimage"},"thumbnailUrl":"https:\/\/kuzeyinsesi.org\/wp-content\/uploads\/2024\/05\/mumkun-dunyalar.webp.webp","articleSection":["Ya\u015fam"],"inLanguage":"tr","potentialAction":[{"@type":"CommentAction","name":"Comment","target":["https:\/\/kuzeyinsesi.org\/index.php\/2024\/05\/30\/kalbin-hikayesi-sergisi-bugun-rustem-kitabevinde-aciliyor\/#respond"]}]},{"@type":"WebPage","@id":"https:\/\/kuzeyinsesi.org\/index.php\/2024\/05\/30\/kalbin-hikayesi-sergisi-bugun-rustem-kitabevinde-aciliyor\/","url":"https:\/\/kuzeyinsesi.org\/index.php\/2024\/05\/30\/kalbin-hikayesi-sergisi-bugun-rustem-kitabevinde-aciliyor\/","name":"\u201cKalbin Hikayesi\u201d sergisi bug\u00fcn R\u00fcstem Kitabevi\u2019nde a\u00e7\u0131l\u0131yor - Kuzeyin Sesi","isPartOf":{"@id":"https:\/\/kuzeyinsesi.org\/#website"},"primaryImageOfPage":{"@id":"https:\/\/kuzeyinsesi.org\/index.php\/2024\/05\/30\/kalbin-hikayesi-sergisi-bugun-rustem-kitabevinde-aciliyor\/#primaryimage"},"image":{"@id":"https:\/\/kuzeyinsesi.org\/index.php\/2024\/05\/30\/kalbin-hikayesi-sergisi-bugun-rustem-kitabevinde-aciliyor\/#primaryimage"},"thumbnailUrl":"https:\/\/kuzeyinsesi.org\/wp-content\/uploads\/2024\/05\/mumkun-dunyalar.webp.webp","datePublished":"2024-05-30T07:42:04+00:00","author":{"@id":"https:\/\/kuzeyinsesi.org\/#\/schema\/person\/9f859689cdf01485597712386e37f5aa"},"breadcrumb":{"@id":"https:\/\/kuzeyinsesi.org\/index.php\/2024\/05\/30\/kalbin-hikayesi-sergisi-bugun-rustem-kitabevinde-aciliyor\/#breadcrumb"},"inLanguage":"tr","potentialAction":[{"@type":"ReadAction","target":["https:\/\/kuzeyinsesi.org\/index.php\/2024\/05\/30\/kalbin-hikayesi-sergisi-bugun-rustem-kitabevinde-aciliyor\/"]}]},{"@type":"ImageObject","inLanguage":"tr","@id":"https:\/\/kuzeyinsesi.org\/index.php\/2024\/05\/30\/kalbin-hikayesi-sergisi-bugun-rustem-kitabevinde-aciliyor\/#primaryimage","url":"https:\/\/kuzeyinsesi.org\/wp-content\/uploads\/2024\/05\/mumkun-dunyalar.webp.webp","contentUrl":"https:\/\/kuzeyinsesi.org\/wp-content\/uploads\/2024\/05\/mumkun-dunyalar.webp.webp","width":710,"height":370},{"@type":"BreadcrumbList","@id":"https:\/\/kuzeyinsesi.org\/index.php\/2024\/05\/30\/kalbin-hikayesi-sergisi-bugun-rustem-kitabevinde-aciliyor\/#breadcrumb","itemListElement":[{"@type":"ListItem","position":1,"name":"Anasayfa","item":"https:\/\/kuzeyinsesi.org\/"},{"@type":"ListItem","position":2,"name":"\u201cKalbin Hikayesi\u201d sergisi bug\u00fcn R\u00fcstem Kitabevi\u2019nde a\u00e7\u0131l\u0131yor"}]},{"@type":"WebSite","@id":"https:\/\/kuzeyinsesi.org\/#website","url":"https:\/\/kuzeyinsesi.org\/","name":"Kuzeyin Sesi","description":"Do\u011fru Haberin Adresi","potentialAction":[{"@type":"SearchAction","target":{"@type":"EntryPoint","urlTemplate":"https:\/\/kuzeyinsesi.org\/?s={search_term_string}"},"query-input":{"@type":"PropertyValueSpecification","valueRequired":true,"valueName":"search_term_string"}}],"inLanguage":"tr"},{"@type":"Person","@id":"https:\/\/kuzeyinsesi.org\/#\/schema\/person\/9f859689cdf01485597712386e37f5aa","name":"Kuzeyin Sesi","image":{"@type":"ImageObject","inLanguage":"tr","@id":"https:\/\/secure.gravatar.com\/avatar\/bab33852abfd8b282518d6ed81826833d77c3c882d9ab608add591ccace47a44?s=96&d=mm&r=g","url":"https:\/\/secure.gravatar.com\/avatar\/bab33852abfd8b282518d6ed81826833d77c3c882d9ab608add591ccace47a44?s=96&d=mm&r=g","contentUrl":"https:\/\/secure.gravatar.com\/avatar\/bab33852abfd8b282518d6ed81826833d77c3c882d9ab608add591ccace47a44?s=96&d=mm&r=g","caption":"Kuzeyin Sesi"},"sameAs":["https:\/\/kuzeyinsesi.org"],"url":"https:\/\/kuzeyinsesi.org\/index.php\/author\/guven\/"}]}},"_links":{"self":[{"href":"https:\/\/kuzeyinsesi.org\/index.php\/wp-json\/wp\/v2\/posts\/3692","targetHints":{"allow":["GET"]}}],"collection":[{"href":"https:\/\/kuzeyinsesi.org\/index.php\/wp-json\/wp\/v2\/posts"}],"about":[{"href":"https:\/\/kuzeyinsesi.org\/index.php\/wp-json\/wp\/v2\/types\/post"}],"author":[{"embeddable":true,"href":"https:\/\/kuzeyinsesi.org\/index.php\/wp-json\/wp\/v2\/users\/1"}],"replies":[{"embeddable":true,"href":"https:\/\/kuzeyinsesi.org\/index.php\/wp-json\/wp\/v2\/comments?post=3692"}],"version-history":[{"count":0,"href":"https:\/\/kuzeyinsesi.org\/index.php\/wp-json\/wp\/v2\/posts\/3692\/revisions"}],"wp:featuredmedia":[{"embeddable":true,"href":"https:\/\/kuzeyinsesi.org\/index.php\/wp-json\/wp\/v2\/media\/3693"}],"wp:attachment":[{"href":"https:\/\/kuzeyinsesi.org\/index.php\/wp-json\/wp\/v2\/media?parent=3692"}],"wp:term":[{"taxonomy":"category","embeddable":true,"href":"https:\/\/kuzeyinsesi.org\/index.php\/wp-json\/wp\/v2\/categories?post=3692"},{"taxonomy":"post_tag","embeddable":true,"href":"https:\/\/kuzeyinsesi.org\/index.php\/wp-json\/wp\/v2\/tags?post=3692"}],"curies":[{"name":"wp","href":"https:\/\/api.w.org\/{rel}","templated":true}]}}