{"id":3677,"date":"2024-05-29T19:22:08","date_gmt":"2024-05-29T16:22:08","guid":{"rendered":"https:\/\/kuzeyinsesi.com\/index.php\/2024\/05\/29\/cumhurbaskanligi-senfoni-orkestrasi-kuzey-kibris-turkcell-25-yil-konseri-verecek\/"},"modified":"2024-05-29T19:22:08","modified_gmt":"2024-05-29T16:22:08","slug":"cumhurbaskanligi-senfoni-orkestrasi-kuzey-kibris-turkcell-25-yil-konseri-verecek","status":"publish","type":"post","link":"https:\/\/kuzeyinsesi.org\/index.php\/2024\/05\/29\/cumhurbaskanligi-senfoni-orkestrasi-kuzey-kibris-turkcell-25-yil-konseri-verecek\/","title":{"rendered":"Cumhurba\u015fkanl\u0131\u011f\u0131 Senfoni Orkestras\u0131, \u201cKuzey K\u0131br\u0131s Turkcell 25. Y\u0131l Konseri\u201d verecek"},"content":{"rendered":"<div>\n<div class=\"mariselle-image-container center\">\n                                            <\/div>\n<p>\nKKTC Cumhurba\u015fkanl\u0131\u011f\u0131 Senfoni Orkestras\u0131, imzalanan protokol kapsam\u0131nda, Kuzey K\u0131br\u0131s Turkcell\u2019in 25\u2019inci y\u0131l\u0131na \u00f6zel konser d\u00fczenleyecek.<\/p>\n<p>Kuzey K\u0131br\u0131s Turkcell Bas\u0131n Ofisi\u2019nden yap\u0131lan a\u00e7\u0131klamaya g\u00f6re Konser, yar\u0131n saat 20.00\u2019de Lefko\u015fa\u2019da eskiden M\u0131s\u0131rl\u0131zade Sinemas\u0131 olan Rauf Denkta\u015f \u00dcniversitesi K\u00fclt\u00fcr Merkezi\u2019nde yer alacak.<\/p>\n<p>\u015eef Tolga Atalay \u00dcn y\u00f6netiminde, KKTC Cumhurba\u015fkanl\u0131\u011f\u0131 Senfoni Orkestras\u0131\u2019n\u0131n keman virt\u00fc\u00f6z\u00fc Elvin Hoxha Ganiyev\u2019e e\u015flik edece\u011fi Kuzey K\u0131br\u0131s Turkcell 25\u2019inci y\u0131l konseri, Kuzey K\u0131br\u0131s Turkcell Platinum kullan\u0131c\u0131lar\u0131 ve sanatseverlere \u00f6zel d\u00fczenlenecek.<\/p>\n<p>Cumhurba\u015fkanl\u0131\u011f\u0131 ile Kuzey K\u0131br\u0131s Turkcell aras\u0131nda konuyla ilgili imzalanan ve Cumhurba\u015fkanl\u0131\u011f\u0131 M\u00fcste\u015far\u0131 Okan Donangil ile Kuzey K\u0131br\u0131s Turkcell Genel M\u00fcd\u00fcr\u00fc Murat K\u00fc\u00e7\u00fck\u00f6zdemir\u2019in imza koydu\u011fu protokol kapsam\u0131nda ayr\u0131ca Turkcell, Cumhurba\u015fkanl\u0131\u011f\u0131 Senfoni Orkestras\u0131\u2019n\u0131n 2024-2025 y\u0131llar\u0131 aras\u0131ndaki ileti\u015fim sponsorlu\u011funu da \u00fcstlenecek.<\/p>\n<\/p><\/div>\n<p><script async\n                    defer\n                    crossorigin=\"anonymous\"\n                    src=\"https:\/\/connect.facebook.net\/tr_TR\/sdk.js#xfbml=1&#038;version=v3.3\"\n            ><\/script><\/p>\n","protected":false},"excerpt":{"rendered":"<p>KKTC Cumhurba\u015fkanl\u0131\u011f\u0131 Senfoni Orkestras\u0131, imzalanan protokol kapsam\u0131nda, Kuzey K\u0131br\u0131s Turkcell\u2019in 25\u2019inci y\u0131l\u0131na \u00f6zel konser d\u00fczenleyecek. Kuzey K\u0131br\u0131s Turkcell Bas\u0131n Ofisi\u2019nden yap\u0131lan a\u00e7\u0131klamaya g\u00f6re Konser, yar\u0131n saat 20.00\u2019de Lefko\u015fa\u2019da eskiden M\u0131s\u0131rl\u0131zade Sinemas\u0131 olan Rauf Denkta\u015f \u00dcniversitesi K\u00fclt\u00fcr Merkezi\u2019nde yer alacak. \u015eef Tolga Atalay \u00dcn y\u00f6netiminde, KKTC Cumhurba\u015fkanl\u0131\u011f\u0131 Senfoni Orkestras\u0131\u2019n\u0131n keman virt\u00fc\u00f6z\u00fc Elvin Hoxha Ganiyev\u2019e e\u015flik edece\u011fi [&hellip;]<\/p>\n","protected":false},"author":1,"featured_media":3678,"comment_status":"open","ping_status":"open","sticky":false,"template":"","format":"standard","meta":{"jnews-multi-image_gallery":[],"jnews_single_post":[],"jnews_primary_category":[],"jnews_social_meta":[],"jnews_override_counter":[],"footnotes":""},"categories":[6],"tags":[],"class_list":["post-3677","post","type-post","status-publish","format-standard","has-post-thumbnail","hentry","category-yasam"],"yoast_head":"<!-- This site is optimized with the Yoast SEO plugin v27.5 - https:\/\/yoast.com\/product\/yoast-seo-wordpress\/ -->\n<title>Cumhurba\u015fkanl\u0131\u011f\u0131 Senfoni Orkestras\u0131, \u201cKuzey K\u0131br\u0131s Turkcell 25. Y\u0131l Konseri\u201d verecek - Kuzeyin Sesi<\/title>\n<meta name=\"robots\" content=\"index, follow, max-snippet:-1, max-image-preview:large, max-video-preview:-1\" \/>\n<link rel=\"canonical\" href=\"https:\/\/kuzeyinsesi.org\/index.php\/2024\/05\/29\/cumhurbaskanligi-senfoni-orkestrasi-kuzey-kibris-turkcell-25-yil-konseri-verecek\/\" \/>\n<meta property=\"og:locale\" content=\"tr_TR\" \/>\n<meta property=\"og:type\" content=\"article\" \/>\n<meta property=\"og:title\" content=\"Cumhurba\u015fkanl\u0131\u011f\u0131 Senfoni Orkestras\u0131, \u201cKuzey K\u0131br\u0131s Turkcell 25. Y\u0131l Konseri\u201d verecek - Kuzeyin Sesi\" \/>\n<meta property=\"og:description\" content=\"KKTC Cumhurba\u015fkanl\u0131\u011f\u0131 Senfoni Orkestras\u0131, imzalanan protokol kapsam\u0131nda, Kuzey K\u0131br\u0131s Turkcell\u2019in 25\u2019inci y\u0131l\u0131na \u00f6zel konser d\u00fczenleyecek. Kuzey K\u0131br\u0131s Turkcell Bas\u0131n Ofisi\u2019nden yap\u0131lan a\u00e7\u0131klamaya g\u00f6re Konser, yar\u0131n saat 20.00\u2019de Lefko\u015fa\u2019da eskiden M\u0131s\u0131rl\u0131zade Sinemas\u0131 olan Rauf Denkta\u015f \u00dcniversitesi K\u00fclt\u00fcr Merkezi\u2019nde yer alacak. \u015eef Tolga Atalay \u00dcn y\u00f6netiminde, KKTC Cumhurba\u015fkanl\u0131\u011f\u0131 Senfoni Orkestras\u0131\u2019n\u0131n keman virt\u00fc\u00f6z\u00fc Elvin Hoxha Ganiyev\u2019e e\u015flik edece\u011fi [&hellip;]\" \/>\n<meta property=\"og:url\" content=\"https:\/\/kuzeyinsesi.org\/index.php\/2024\/05\/29\/cumhurbaskanligi-senfoni-orkestrasi-kuzey-kibris-turkcell-25-yil-konseri-verecek\/\" \/>\n<meta property=\"og:site_name\" content=\"Kuzeyin Sesi\" \/>\n<meta property=\"article:publisher\" content=\"https:\/\/www.facebook.com\/kuzeyinsesii\" \/>\n<meta property=\"article:published_time\" content=\"2024-05-29T16:22:08+00:00\" \/>\n<meta property=\"og:image\" content=\"https:\/\/kuzeyinsesi.org\/wp-content\/uploads\/2024\/05\/cumhurbaskanligi-senfoni-turkcell2.jpg\" \/>\n\t<meta property=\"og:image:width\" content=\"1200\" \/>\n\t<meta property=\"og:image:height\" content=\"1200\" \/>\n\t<meta property=\"og:image:type\" content=\"image\/jpeg\" \/>\n<meta name=\"author\" content=\"Kuzeyin Sesi\" \/>\n<meta name=\"twitter:card\" content=\"summary_large_image\" \/>\n<meta name=\"twitter:creator\" content=\"@kuzeyinsesii\" \/>\n<meta name=\"twitter:site\" content=\"@kuzeyinsesii\" \/>\n<meta name=\"twitter:label1\" content=\"Yazan:\" \/>\n\t<meta name=\"twitter:data1\" content=\"Kuzeyin Sesi\" \/>\n\t<meta name=\"twitter:label2\" content=\"Tahmini okuma s\u00fcresi\" \/>\n\t<meta name=\"twitter:data2\" content=\"1 dakika\" \/>\n<script type=\"application\/ld+json\" class=\"yoast-schema-graph\">{\"@context\":\"https:\\\/\\\/schema.org\",\"@graph\":[{\"@type\":\"Article\",\"@id\":\"https:\\\/\\\/kuzeyinsesi.org\\\/index.php\\\/2024\\\/05\\\/29\\\/cumhurbaskanligi-senfoni-orkestrasi-kuzey-kibris-turkcell-25-yil-konseri-verecek\\\/#article\",\"isPartOf\":{\"@id\":\"https:\\\/\\\/kuzeyinsesi.org\\\/index.php\\\/2024\\\/05\\\/29\\\/cumhurbaskanligi-senfoni-orkestrasi-kuzey-kibris-turkcell-25-yil-konseri-verecek\\\/\"},\"author\":{\"name\":\"Kuzeyin Sesi\",\"@id\":\"https:\\\/\\\/kuzeyinsesi.org\\\/#\\\/schema\\\/person\\\/9f859689cdf01485597712386e37f5aa\"},\"headline\":\"Cumhurba\u015fkanl\u0131\u011f\u0131 Senfoni Orkestras\u0131, \u201cKuzey K\u0131br\u0131s Turkcell 25. Y\u0131l Konseri\u201d verecek\",\"datePublished\":\"2024-05-29T16:22:08+00:00\",\"mainEntityOfPage\":{\"@id\":\"https:\\\/\\\/kuzeyinsesi.org\\\/index.php\\\/2024\\\/05\\\/29\\\/cumhurbaskanligi-senfoni-orkestrasi-kuzey-kibris-turkcell-25-yil-konseri-verecek\\\/\"},\"wordCount\":185,\"commentCount\":0,\"image\":{\"@id\":\"https:\\\/\\\/kuzeyinsesi.org\\\/index.php\\\/2024\\\/05\\\/29\\\/cumhurbaskanligi-senfoni-orkestrasi-kuzey-kibris-turkcell-25-yil-konseri-verecek\\\/#primaryimage\"},\"thumbnailUrl\":\"https:\\\/\\\/kuzeyinsesi.org\\\/wp-content\\\/uploads\\\/2024\\\/05\\\/cumhurbaskanligi-senfoni-turkcell2.jpg\",\"articleSection\":[\"Ya\u015fam\"],\"inLanguage\":\"tr\",\"potentialAction\":[{\"@type\":\"CommentAction\",\"name\":\"Comment\",\"target\":[\"https:\\\/\\\/kuzeyinsesi.org\\\/index.php\\\/2024\\\/05\\\/29\\\/cumhurbaskanligi-senfoni-orkestrasi-kuzey-kibris-turkcell-25-yil-konseri-verecek\\\/#respond\"]}]},{\"@type\":\"WebPage\",\"@id\":\"https:\\\/\\\/kuzeyinsesi.org\\\/index.php\\\/2024\\\/05\\\/29\\\/cumhurbaskanligi-senfoni-orkestrasi-kuzey-kibris-turkcell-25-yil-konseri-verecek\\\/\",\"url\":\"https:\\\/\\\/kuzeyinsesi.org\\\/index.php\\\/2024\\\/05\\\/29\\\/cumhurbaskanligi-senfoni-orkestrasi-kuzey-kibris-turkcell-25-yil-konseri-verecek\\\/\",\"name\":\"Cumhurba\u015fkanl\u0131\u011f\u0131 Senfoni Orkestras\u0131, \u201cKuzey K\u0131br\u0131s Turkcell 25. Y\u0131l Konseri\u201d verecek - Kuzeyin Sesi\",\"isPartOf\":{\"@id\":\"https:\\\/\\\/kuzeyinsesi.org\\\/#website\"},\"primaryImageOfPage\":{\"@id\":\"https:\\\/\\\/kuzeyinsesi.org\\\/index.php\\\/2024\\\/05\\\/29\\\/cumhurbaskanligi-senfoni-orkestrasi-kuzey-kibris-turkcell-25-yil-konseri-verecek\\\/#primaryimage\"},\"image\":{\"@id\":\"https:\\\/\\\/kuzeyinsesi.org\\\/index.php\\\/2024\\\/05\\\/29\\\/cumhurbaskanligi-senfoni-orkestrasi-kuzey-kibris-turkcell-25-yil-konseri-verecek\\\/#primaryimage\"},\"thumbnailUrl\":\"https:\\\/\\\/kuzeyinsesi.org\\\/wp-content\\\/uploads\\\/2024\\\/05\\\/cumhurbaskanligi-senfoni-turkcell2.jpg\",\"datePublished\":\"2024-05-29T16:22:08+00:00\",\"author\":{\"@id\":\"https:\\\/\\\/kuzeyinsesi.org\\\/#\\\/schema\\\/person\\\/9f859689cdf01485597712386e37f5aa\"},\"breadcrumb\":{\"@id\":\"https:\\\/\\\/kuzeyinsesi.org\\\/index.php\\\/2024\\\/05\\\/29\\\/cumhurbaskanligi-senfoni-orkestrasi-kuzey-kibris-turkcell-25-yil-konseri-verecek\\\/#breadcrumb\"},\"inLanguage\":\"tr\",\"potentialAction\":[{\"@type\":\"ReadAction\",\"target\":[\"https:\\\/\\\/kuzeyinsesi.org\\\/index.php\\\/2024\\\/05\\\/29\\\/cumhurbaskanligi-senfoni-orkestrasi-kuzey-kibris-turkcell-25-yil-konseri-verecek\\\/\"]}]},{\"@type\":\"ImageObject\",\"inLanguage\":\"tr\",\"@id\":\"https:\\\/\\\/kuzeyinsesi.org\\\/index.php\\\/2024\\\/05\\\/29\\\/cumhurbaskanligi-senfoni-orkestrasi-kuzey-kibris-turkcell-25-yil-konseri-verecek\\\/#primaryimage\",\"url\":\"https:\\\/\\\/kuzeyinsesi.org\\\/wp-content\\\/uploads\\\/2024\\\/05\\\/cumhurbaskanligi-senfoni-turkcell2.jpg\",\"contentUrl\":\"https:\\\/\\\/kuzeyinsesi.org\\\/wp-content\\\/uploads\\\/2024\\\/05\\\/cumhurbaskanligi-senfoni-turkcell2.jpg\",\"width\":1200,\"height\":1200},{\"@type\":\"BreadcrumbList\",\"@id\":\"https:\\\/\\\/kuzeyinsesi.org\\\/index.php\\\/2024\\\/05\\\/29\\\/cumhurbaskanligi-senfoni-orkestrasi-kuzey-kibris-turkcell-25-yil-konseri-verecek\\\/#breadcrumb\",\"itemListElement\":[{\"@type\":\"ListItem\",\"position\":1,\"name\":\"Anasayfa\",\"item\":\"https:\\\/\\\/kuzeyinsesi.org\\\/\"},{\"@type\":\"ListItem\",\"position\":2,\"name\":\"Cumhurba\u015fkanl\u0131\u011f\u0131 Senfoni Orkestras\u0131, \u201cKuzey K\u0131br\u0131s Turkcell 25. Y\u0131l Konseri\u201d verecek\"}]},{\"@type\":\"WebSite\",\"@id\":\"https:\\\/\\\/kuzeyinsesi.org\\\/#website\",\"url\":\"https:\\\/\\\/kuzeyinsesi.org\\\/\",\"name\":\"Kuzeyin Sesi\",\"description\":\"Do\u011fru Haberin Adresi\",\"potentialAction\":[{\"@type\":\"SearchAction\",\"target\":{\"@type\":\"EntryPoint\",\"urlTemplate\":\"https:\\\/\\\/kuzeyinsesi.org\\\/?s={search_term_string}\"},\"query-input\":{\"@type\":\"PropertyValueSpecification\",\"valueRequired\":true,\"valueName\":\"search_term_string\"}}],\"inLanguage\":\"tr\"},{\"@type\":\"Person\",\"@id\":\"https:\\\/\\\/kuzeyinsesi.org\\\/#\\\/schema\\\/person\\\/9f859689cdf01485597712386e37f5aa\",\"name\":\"Kuzeyin Sesi\",\"image\":{\"@type\":\"ImageObject\",\"inLanguage\":\"tr\",\"@id\":\"https:\\\/\\\/secure.gravatar.com\\\/avatar\\\/bab33852abfd8b282518d6ed81826833d77c3c882d9ab608add591ccace47a44?s=96&d=mm&r=g\",\"url\":\"https:\\\/\\\/secure.gravatar.com\\\/avatar\\\/bab33852abfd8b282518d6ed81826833d77c3c882d9ab608add591ccace47a44?s=96&d=mm&r=g\",\"contentUrl\":\"https:\\\/\\\/secure.gravatar.com\\\/avatar\\\/bab33852abfd8b282518d6ed81826833d77c3c882d9ab608add591ccace47a44?s=96&d=mm&r=g\",\"caption\":\"Kuzeyin Sesi\"},\"sameAs\":[\"https:\\\/\\\/kuzeyinsesi.org\"],\"url\":\"https:\\\/\\\/kuzeyinsesi.org\\\/index.php\\\/author\\\/guven\\\/\"}]}<\/script>\n<!-- \/ Yoast SEO plugin. -->","yoast_head_json":{"title":"Cumhurba\u015fkanl\u0131\u011f\u0131 Senfoni Orkestras\u0131, \u201cKuzey K\u0131br\u0131s Turkcell 25. Y\u0131l Konseri\u201d verecek - Kuzeyin Sesi","robots":{"index":"index","follow":"follow","max-snippet":"max-snippet:-1","max-image-preview":"max-image-preview:large","max-video-preview":"max-video-preview:-1"},"canonical":"https:\/\/kuzeyinsesi.org\/index.php\/2024\/05\/29\/cumhurbaskanligi-senfoni-orkestrasi-kuzey-kibris-turkcell-25-yil-konseri-verecek\/","og_locale":"tr_TR","og_type":"article","og_title":"Cumhurba\u015fkanl\u0131\u011f\u0131 Senfoni Orkestras\u0131, \u201cKuzey K\u0131br\u0131s Turkcell 25. Y\u0131l Konseri\u201d verecek - Kuzeyin Sesi","og_description":"KKTC Cumhurba\u015fkanl\u0131\u011f\u0131 Senfoni Orkestras\u0131, imzalanan protokol kapsam\u0131nda, Kuzey K\u0131br\u0131s Turkcell\u2019in 25\u2019inci y\u0131l\u0131na \u00f6zel konser d\u00fczenleyecek. Kuzey K\u0131br\u0131s Turkcell Bas\u0131n Ofisi\u2019nden yap\u0131lan a\u00e7\u0131klamaya g\u00f6re Konser, yar\u0131n saat 20.00\u2019de Lefko\u015fa\u2019da eskiden M\u0131s\u0131rl\u0131zade Sinemas\u0131 olan Rauf Denkta\u015f \u00dcniversitesi K\u00fclt\u00fcr Merkezi\u2019nde yer alacak. \u015eef Tolga Atalay \u00dcn y\u00f6netiminde, KKTC Cumhurba\u015fkanl\u0131\u011f\u0131 Senfoni Orkestras\u0131\u2019n\u0131n keman virt\u00fc\u00f6z\u00fc Elvin Hoxha Ganiyev\u2019e e\u015flik edece\u011fi [&hellip;]","og_url":"https:\/\/kuzeyinsesi.org\/index.php\/2024\/05\/29\/cumhurbaskanligi-senfoni-orkestrasi-kuzey-kibris-turkcell-25-yil-konseri-verecek\/","og_site_name":"Kuzeyin Sesi","article_publisher":"https:\/\/www.facebook.com\/kuzeyinsesii","article_published_time":"2024-05-29T16:22:08+00:00","og_image":[{"width":1200,"height":1200,"url":"https:\/\/kuzeyinsesi.org\/wp-content\/uploads\/2024\/05\/cumhurbaskanligi-senfoni-turkcell2.jpg","type":"image\/jpeg"}],"author":"Kuzeyin Sesi","twitter_card":"summary_large_image","twitter_creator":"@kuzeyinsesii","twitter_site":"@kuzeyinsesii","twitter_misc":{"Yazan:":"Kuzeyin Sesi","Tahmini okuma s\u00fcresi":"1 dakika"},"schema":{"@context":"https:\/\/schema.org","@graph":[{"@type":"Article","@id":"https:\/\/kuzeyinsesi.org\/index.php\/2024\/05\/29\/cumhurbaskanligi-senfoni-orkestrasi-kuzey-kibris-turkcell-25-yil-konseri-verecek\/#article","isPartOf":{"@id":"https:\/\/kuzeyinsesi.org\/index.php\/2024\/05\/29\/cumhurbaskanligi-senfoni-orkestrasi-kuzey-kibris-turkcell-25-yil-konseri-verecek\/"},"author":{"name":"Kuzeyin Sesi","@id":"https:\/\/kuzeyinsesi.org\/#\/schema\/person\/9f859689cdf01485597712386e37f5aa"},"headline":"Cumhurba\u015fkanl\u0131\u011f\u0131 Senfoni Orkestras\u0131, \u201cKuzey K\u0131br\u0131s Turkcell 25. Y\u0131l Konseri\u201d verecek","datePublished":"2024-05-29T16:22:08+00:00","mainEntityOfPage":{"@id":"https:\/\/kuzeyinsesi.org\/index.php\/2024\/05\/29\/cumhurbaskanligi-senfoni-orkestrasi-kuzey-kibris-turkcell-25-yil-konseri-verecek\/"},"wordCount":185,"commentCount":0,"image":{"@id":"https:\/\/kuzeyinsesi.org\/index.php\/2024\/05\/29\/cumhurbaskanligi-senfoni-orkestrasi-kuzey-kibris-turkcell-25-yil-konseri-verecek\/#primaryimage"},"thumbnailUrl":"https:\/\/kuzeyinsesi.org\/wp-content\/uploads\/2024\/05\/cumhurbaskanligi-senfoni-turkcell2.jpg","articleSection":["Ya\u015fam"],"inLanguage":"tr","potentialAction":[{"@type":"CommentAction","name":"Comment","target":["https:\/\/kuzeyinsesi.org\/index.php\/2024\/05\/29\/cumhurbaskanligi-senfoni-orkestrasi-kuzey-kibris-turkcell-25-yil-konseri-verecek\/#respond"]}]},{"@type":"WebPage","@id":"https:\/\/kuzeyinsesi.org\/index.php\/2024\/05\/29\/cumhurbaskanligi-senfoni-orkestrasi-kuzey-kibris-turkcell-25-yil-konseri-verecek\/","url":"https:\/\/kuzeyinsesi.org\/index.php\/2024\/05\/29\/cumhurbaskanligi-senfoni-orkestrasi-kuzey-kibris-turkcell-25-yil-konseri-verecek\/","name":"Cumhurba\u015fkanl\u0131\u011f\u0131 Senfoni Orkestras\u0131, \u201cKuzey K\u0131br\u0131s Turkcell 25. Y\u0131l Konseri\u201d verecek - Kuzeyin Sesi","isPartOf":{"@id":"https:\/\/kuzeyinsesi.org\/#website"},"primaryImageOfPage":{"@id":"https:\/\/kuzeyinsesi.org\/index.php\/2024\/05\/29\/cumhurbaskanligi-senfoni-orkestrasi-kuzey-kibris-turkcell-25-yil-konseri-verecek\/#primaryimage"},"image":{"@id":"https:\/\/kuzeyinsesi.org\/index.php\/2024\/05\/29\/cumhurbaskanligi-senfoni-orkestrasi-kuzey-kibris-turkcell-25-yil-konseri-verecek\/#primaryimage"},"thumbnailUrl":"https:\/\/kuzeyinsesi.org\/wp-content\/uploads\/2024\/05\/cumhurbaskanligi-senfoni-turkcell2.jpg","datePublished":"2024-05-29T16:22:08+00:00","author":{"@id":"https:\/\/kuzeyinsesi.org\/#\/schema\/person\/9f859689cdf01485597712386e37f5aa"},"breadcrumb":{"@id":"https:\/\/kuzeyinsesi.org\/index.php\/2024\/05\/29\/cumhurbaskanligi-senfoni-orkestrasi-kuzey-kibris-turkcell-25-yil-konseri-verecek\/#breadcrumb"},"inLanguage":"tr","potentialAction":[{"@type":"ReadAction","target":["https:\/\/kuzeyinsesi.org\/index.php\/2024\/05\/29\/cumhurbaskanligi-senfoni-orkestrasi-kuzey-kibris-turkcell-25-yil-konseri-verecek\/"]}]},{"@type":"ImageObject","inLanguage":"tr","@id":"https:\/\/kuzeyinsesi.org\/index.php\/2024\/05\/29\/cumhurbaskanligi-senfoni-orkestrasi-kuzey-kibris-turkcell-25-yil-konseri-verecek\/#primaryimage","url":"https:\/\/kuzeyinsesi.org\/wp-content\/uploads\/2024\/05\/cumhurbaskanligi-senfoni-turkcell2.jpg","contentUrl":"https:\/\/kuzeyinsesi.org\/wp-content\/uploads\/2024\/05\/cumhurbaskanligi-senfoni-turkcell2.jpg","width":1200,"height":1200},{"@type":"BreadcrumbList","@id":"https:\/\/kuzeyinsesi.org\/index.php\/2024\/05\/29\/cumhurbaskanligi-senfoni-orkestrasi-kuzey-kibris-turkcell-25-yil-konseri-verecek\/#breadcrumb","itemListElement":[{"@type":"ListItem","position":1,"name":"Anasayfa","item":"https:\/\/kuzeyinsesi.org\/"},{"@type":"ListItem","position":2,"name":"Cumhurba\u015fkanl\u0131\u011f\u0131 Senfoni Orkestras\u0131, \u201cKuzey K\u0131br\u0131s Turkcell 25. Y\u0131l Konseri\u201d verecek"}]},{"@type":"WebSite","@id":"https:\/\/kuzeyinsesi.org\/#website","url":"https:\/\/kuzeyinsesi.org\/","name":"Kuzeyin Sesi","description":"Do\u011fru Haberin Adresi","potentialAction":[{"@type":"SearchAction","target":{"@type":"EntryPoint","urlTemplate":"https:\/\/kuzeyinsesi.org\/?s={search_term_string}"},"query-input":{"@type":"PropertyValueSpecification","valueRequired":true,"valueName":"search_term_string"}}],"inLanguage":"tr"},{"@type":"Person","@id":"https:\/\/kuzeyinsesi.org\/#\/schema\/person\/9f859689cdf01485597712386e37f5aa","name":"Kuzeyin Sesi","image":{"@type":"ImageObject","inLanguage":"tr","@id":"https:\/\/secure.gravatar.com\/avatar\/bab33852abfd8b282518d6ed81826833d77c3c882d9ab608add591ccace47a44?s=96&d=mm&r=g","url":"https:\/\/secure.gravatar.com\/avatar\/bab33852abfd8b282518d6ed81826833d77c3c882d9ab608add591ccace47a44?s=96&d=mm&r=g","contentUrl":"https:\/\/secure.gravatar.com\/avatar\/bab33852abfd8b282518d6ed81826833d77c3c882d9ab608add591ccace47a44?s=96&d=mm&r=g","caption":"Kuzeyin Sesi"},"sameAs":["https:\/\/kuzeyinsesi.org"],"url":"https:\/\/kuzeyinsesi.org\/index.php\/author\/guven\/"}]}},"_links":{"self":[{"href":"https:\/\/kuzeyinsesi.org\/index.php\/wp-json\/wp\/v2\/posts\/3677","targetHints":{"allow":["GET"]}}],"collection":[{"href":"https:\/\/kuzeyinsesi.org\/index.php\/wp-json\/wp\/v2\/posts"}],"about":[{"href":"https:\/\/kuzeyinsesi.org\/index.php\/wp-json\/wp\/v2\/types\/post"}],"author":[{"embeddable":true,"href":"https:\/\/kuzeyinsesi.org\/index.php\/wp-json\/wp\/v2\/users\/1"}],"replies":[{"embeddable":true,"href":"https:\/\/kuzeyinsesi.org\/index.php\/wp-json\/wp\/v2\/comments?post=3677"}],"version-history":[{"count":0,"href":"https:\/\/kuzeyinsesi.org\/index.php\/wp-json\/wp\/v2\/posts\/3677\/revisions"}],"wp:featuredmedia":[{"embeddable":true,"href":"https:\/\/kuzeyinsesi.org\/index.php\/wp-json\/wp\/v2\/media\/3678"}],"wp:attachment":[{"href":"https:\/\/kuzeyinsesi.org\/index.php\/wp-json\/wp\/v2\/media?parent=3677"}],"wp:term":[{"taxonomy":"category","embeddable":true,"href":"https:\/\/kuzeyinsesi.org\/index.php\/wp-json\/wp\/v2\/categories?post=3677"},{"taxonomy":"post_tag","embeddable":true,"href":"https:\/\/kuzeyinsesi.org\/index.php\/wp-json\/wp\/v2\/tags?post=3677"}],"curies":[{"name":"wp","href":"https:\/\/api.w.org\/{rel}","templated":true}]}}