{"id":3665,"date":"2024-05-29T16:17:25","date_gmt":"2024-05-29T13:17:25","guid":{"rendered":"https:\/\/kuzeyinsesi.com\/index.php\/2024\/05\/29\/1-haziran-dunya-cocuk-gunu-resim-yarismasi-ve-sergisi-icin-juri-toplandi\/"},"modified":"2024-05-29T16:17:25","modified_gmt":"2024-05-29T13:17:25","slug":"1-haziran-dunya-cocuk-gunu-resim-yarismasi-ve-sergisi-icin-juri-toplandi","status":"publish","type":"post","link":"https:\/\/kuzeyinsesi.org\/index.php\/2024\/05\/29\/1-haziran-dunya-cocuk-gunu-resim-yarismasi-ve-sergisi-icin-juri-toplandi\/","title":{"rendered":"1 Haziran D\u00fcnya \u00c7ocuk G\u00fcn\u00fc Resim Yar\u0131\u015fmas\u0131 ve Sergisi i\u00e7in j\u00fcri topland\u0131"},"content":{"rendered":"<div>\n<div class=\"mariselle-image-container center\">\n                                            <\/div>\n<p>Mevhibe&amp; Mustafa Ba\u015fman Vakf\u0131 II. D\u00fcnya \u00c7ocuk G\u00fcn\u00fc Resim Yar\u0131\u015fmas\u0131, Bayrak Radyo Televizyon Kurumu ve Lefko\u015fa T\u00fcrk Belediyesi i\u015fbirli\u011fiyle hayata ge\u00e7iriliyor.<\/p>\n<p>\u201c\u00c7ocuk G\u00f6z\u00fcyle Payla\u015fmak\u201d konulu resim yar\u0131\u015fmas\u0131, bu y\u0131l \u00e7ocuklar\u0131n yarat\u0131c\u0131l\u0131klar\u0131n\u0131 harekete ge\u00e7irmenin yan\u0131 s\u0131ra sanata olan duyarl\u0131l\u0131\u011f\u0131 art\u0131rmay\u0131, gelecek sanat\u00e7\u0131lar\u0131n yeti\u015fmesine pozitif bir g\u00fc\u00e7 olmay\u0131 ama\u00e7l\u0131yor.<\/p>\n<p>200\u2019den fazla eser j\u00fcri taraf\u0131ndan 27 May\u0131s g\u00fcn\u00fc hassas bir \u015fekilde se\u00e7ildi.<\/p>\n<p>Yar\u0131\u015fmada dereceye giren \u00f6zg\u00fcn \u00e7al\u0131\u015fmalar, 1 Haziran 2024 Cumartesi saat 11.00\u2019de ger\u00e7ekle\u015ftirilecek \u00f6d\u00fcl t\u00f6reniyle birlikte sergiye a\u00e7\u0131lacakt\u0131r. Sergi 10 Haziran\u2019a kadar 08:00 \u2013 15:00 saatleri aras\u0131nda  Lefko\u015fa Belediyesi- Merkez Lefko\u015fa Sergi Salonu\u2019nda  izlenceye a\u00e7\u0131k olacakt\u0131r.<\/p>\n<p>\u0130lkokul, orta okul, lise ve \u00f6zel \u00f6\u011fretim olmak \u00fczere 4 farkl\u0131 kategoride 1\u2019inci, 2\u2019nci, 3\u2019\u00fcnc\u00fcl\u00fck \u00f6d\u00fcl\u00fc alanlara Mevhibe &amp; Mustafa Ba\u015fman Vakf\u0131 taraf\u0131ndan hediye \u00e7ekleri verilecektir. Ayr\u0131ca 4 eser mansiyon \u00f6d\u00fcl\u00fc almaya hak kazand\u0131.<\/p>\n<\/p><\/div>\n<p><script async\n                    defer\n                    crossorigin=\"anonymous\"\n                    src=\"https:\/\/connect.facebook.net\/tr_TR\/sdk.js#xfbml=1&#038;version=v3.3\"\n            ><\/script><\/p>\n","protected":false},"excerpt":{"rendered":"<p>Mevhibe&amp; Mustafa Ba\u015fman Vakf\u0131 II. D\u00fcnya \u00c7ocuk G\u00fcn\u00fc Resim Yar\u0131\u015fmas\u0131, Bayrak Radyo Televizyon Kurumu ve Lefko\u015fa T\u00fcrk Belediyesi i\u015fbirli\u011fiyle hayata ge\u00e7iriliyor. \u201c\u00c7ocuk G\u00f6z\u00fcyle Payla\u015fmak\u201d konulu resim yar\u0131\u015fmas\u0131, bu y\u0131l \u00e7ocuklar\u0131n yarat\u0131c\u0131l\u0131klar\u0131n\u0131 harekete ge\u00e7irmenin yan\u0131 s\u0131ra sanata olan duyarl\u0131l\u0131\u011f\u0131 art\u0131rmay\u0131, gelecek sanat\u00e7\u0131lar\u0131n yeti\u015fmesine pozitif bir g\u00fc\u00e7 olmay\u0131 ama\u00e7l\u0131yor. 200\u2019den fazla eser j\u00fcri taraf\u0131ndan 27 May\u0131s g\u00fcn\u00fc [&hellip;]<\/p>\n","protected":false},"author":1,"featured_media":3666,"comment_status":"open","ping_status":"open","sticky":false,"template":"","format":"standard","meta":{"jnews-multi-image_gallery":[],"jnews_single_post":[],"jnews_primary_category":[],"jnews_social_meta":[],"jnews_override_counter":[],"footnotes":""},"categories":[6],"tags":[],"class_list":["post-3665","post","type-post","status-publish","format-standard","has-post-thumbnail","hentry","category-yasam"],"yoast_head":"<!-- This site is optimized with the Yoast SEO plugin v27.5 - https:\/\/yoast.com\/product\/yoast-seo-wordpress\/ -->\n<title>1 Haziran D\u00fcnya \u00c7ocuk G\u00fcn\u00fc Resim Yar\u0131\u015fmas\u0131 ve Sergisi i\u00e7in j\u00fcri topland\u0131 - Kuzeyin Sesi<\/title>\n<meta name=\"robots\" content=\"index, follow, max-snippet:-1, max-image-preview:large, max-video-preview:-1\" \/>\n<link rel=\"canonical\" href=\"https:\/\/kuzeyinsesi.org\/index.php\/2024\/05\/29\/1-haziran-dunya-cocuk-gunu-resim-yarismasi-ve-sergisi-icin-juri-toplandi\/\" \/>\n<meta property=\"og:locale\" content=\"tr_TR\" \/>\n<meta property=\"og:type\" content=\"article\" \/>\n<meta property=\"og:title\" content=\"1 Haziran D\u00fcnya \u00c7ocuk G\u00fcn\u00fc Resim Yar\u0131\u015fmas\u0131 ve Sergisi i\u00e7in j\u00fcri topland\u0131 - Kuzeyin Sesi\" \/>\n<meta property=\"og:description\" content=\"Mevhibe&amp; Mustafa Ba\u015fman Vakf\u0131 II. D\u00fcnya \u00c7ocuk G\u00fcn\u00fc Resim Yar\u0131\u015fmas\u0131, Bayrak Radyo Televizyon Kurumu ve Lefko\u015fa T\u00fcrk Belediyesi i\u015fbirli\u011fiyle hayata ge\u00e7iriliyor. \u201c\u00c7ocuk G\u00f6z\u00fcyle Payla\u015fmak\u201d konulu resim yar\u0131\u015fmas\u0131, bu y\u0131l \u00e7ocuklar\u0131n yarat\u0131c\u0131l\u0131klar\u0131n\u0131 harekete ge\u00e7irmenin yan\u0131 s\u0131ra sanata olan duyarl\u0131l\u0131\u011f\u0131 art\u0131rmay\u0131, gelecek sanat\u00e7\u0131lar\u0131n yeti\u015fmesine pozitif bir g\u00fc\u00e7 olmay\u0131 ama\u00e7l\u0131yor. 200\u2019den fazla eser j\u00fcri taraf\u0131ndan 27 May\u0131s g\u00fcn\u00fc [&hellip;]\" \/>\n<meta property=\"og:url\" content=\"https:\/\/kuzeyinsesi.org\/index.php\/2024\/05\/29\/1-haziran-dunya-cocuk-gunu-resim-yarismasi-ve-sergisi-icin-juri-toplandi\/\" \/>\n<meta property=\"og:site_name\" content=\"Kuzeyin Sesi\" \/>\n<meta property=\"article:publisher\" content=\"https:\/\/www.facebook.com\/kuzeyinsesii\" \/>\n<meta property=\"article:published_time\" content=\"2024-05-29T13:17:25+00:00\" \/>\n<meta property=\"og:image\" content=\"https:\/\/kuzeyinsesi.org\/wp-content\/uploads\/2024\/05\/InShot_20240529_081846431-scaled.jpg\" \/>\n\t<meta property=\"og:image:width\" content=\"2560\" \/>\n\t<meta property=\"og:image:height\" content=\"1439\" \/>\n\t<meta property=\"og:image:type\" content=\"image\/jpeg\" \/>\n<meta name=\"author\" content=\"Kuzeyin Sesi\" \/>\n<meta name=\"twitter:card\" content=\"summary_large_image\" \/>\n<meta name=\"twitter:creator\" content=\"@kuzeyinsesii\" \/>\n<meta name=\"twitter:site\" content=\"@kuzeyinsesii\" \/>\n<meta name=\"twitter:label1\" content=\"Yazan:\" \/>\n\t<meta name=\"twitter:data1\" content=\"Kuzeyin Sesi\" \/>\n\t<meta name=\"twitter:label2\" content=\"Tahmini okuma s\u00fcresi\" \/>\n\t<meta name=\"twitter:data2\" content=\"1 dakika\" \/>\n<script type=\"application\/ld+json\" class=\"yoast-schema-graph\">{\"@context\":\"https:\\\/\\\/schema.org\",\"@graph\":[{\"@type\":\"Article\",\"@id\":\"https:\\\/\\\/kuzeyinsesi.org\\\/index.php\\\/2024\\\/05\\\/29\\\/1-haziran-dunya-cocuk-gunu-resim-yarismasi-ve-sergisi-icin-juri-toplandi\\\/#article\",\"isPartOf\":{\"@id\":\"https:\\\/\\\/kuzeyinsesi.org\\\/index.php\\\/2024\\\/05\\\/29\\\/1-haziran-dunya-cocuk-gunu-resim-yarismasi-ve-sergisi-icin-juri-toplandi\\\/\"},\"author\":{\"name\":\"Kuzeyin Sesi\",\"@id\":\"https:\\\/\\\/kuzeyinsesi.org\\\/#\\\/schema\\\/person\\\/9f859689cdf01485597712386e37f5aa\"},\"headline\":\"1 Haziran D\u00fcnya \u00c7ocuk G\u00fcn\u00fc Resim Yar\u0131\u015fmas\u0131 ve Sergisi i\u00e7in j\u00fcri topland\u0131\",\"datePublished\":\"2024-05-29T13:17:25+00:00\",\"mainEntityOfPage\":{\"@id\":\"https:\\\/\\\/kuzeyinsesi.org\\\/index.php\\\/2024\\\/05\\\/29\\\/1-haziran-dunya-cocuk-gunu-resim-yarismasi-ve-sergisi-icin-juri-toplandi\\\/\"},\"wordCount\":192,\"commentCount\":0,\"image\":{\"@id\":\"https:\\\/\\\/kuzeyinsesi.org\\\/index.php\\\/2024\\\/05\\\/29\\\/1-haziran-dunya-cocuk-gunu-resim-yarismasi-ve-sergisi-icin-juri-toplandi\\\/#primaryimage\"},\"thumbnailUrl\":\"https:\\\/\\\/kuzeyinsesi.org\\\/wp-content\\\/uploads\\\/2024\\\/05\\\/InShot_20240529_081846431-scaled.jpg\",\"articleSection\":[\"Ya\u015fam\"],\"inLanguage\":\"tr\",\"potentialAction\":[{\"@type\":\"CommentAction\",\"name\":\"Comment\",\"target\":[\"https:\\\/\\\/kuzeyinsesi.org\\\/index.php\\\/2024\\\/05\\\/29\\\/1-haziran-dunya-cocuk-gunu-resim-yarismasi-ve-sergisi-icin-juri-toplandi\\\/#respond\"]}]},{\"@type\":\"WebPage\",\"@id\":\"https:\\\/\\\/kuzeyinsesi.org\\\/index.php\\\/2024\\\/05\\\/29\\\/1-haziran-dunya-cocuk-gunu-resim-yarismasi-ve-sergisi-icin-juri-toplandi\\\/\",\"url\":\"https:\\\/\\\/kuzeyinsesi.org\\\/index.php\\\/2024\\\/05\\\/29\\\/1-haziran-dunya-cocuk-gunu-resim-yarismasi-ve-sergisi-icin-juri-toplandi\\\/\",\"name\":\"1 Haziran D\u00fcnya \u00c7ocuk G\u00fcn\u00fc Resim Yar\u0131\u015fmas\u0131 ve Sergisi i\u00e7in j\u00fcri topland\u0131 - Kuzeyin Sesi\",\"isPartOf\":{\"@id\":\"https:\\\/\\\/kuzeyinsesi.org\\\/#website\"},\"primaryImageOfPage\":{\"@id\":\"https:\\\/\\\/kuzeyinsesi.org\\\/index.php\\\/2024\\\/05\\\/29\\\/1-haziran-dunya-cocuk-gunu-resim-yarismasi-ve-sergisi-icin-juri-toplandi\\\/#primaryimage\"},\"image\":{\"@id\":\"https:\\\/\\\/kuzeyinsesi.org\\\/index.php\\\/2024\\\/05\\\/29\\\/1-haziran-dunya-cocuk-gunu-resim-yarismasi-ve-sergisi-icin-juri-toplandi\\\/#primaryimage\"},\"thumbnailUrl\":\"https:\\\/\\\/kuzeyinsesi.org\\\/wp-content\\\/uploads\\\/2024\\\/05\\\/InShot_20240529_081846431-scaled.jpg\",\"datePublished\":\"2024-05-29T13:17:25+00:00\",\"author\":{\"@id\":\"https:\\\/\\\/kuzeyinsesi.org\\\/#\\\/schema\\\/person\\\/9f859689cdf01485597712386e37f5aa\"},\"breadcrumb\":{\"@id\":\"https:\\\/\\\/kuzeyinsesi.org\\\/index.php\\\/2024\\\/05\\\/29\\\/1-haziran-dunya-cocuk-gunu-resim-yarismasi-ve-sergisi-icin-juri-toplandi\\\/#breadcrumb\"},\"inLanguage\":\"tr\",\"potentialAction\":[{\"@type\":\"ReadAction\",\"target\":[\"https:\\\/\\\/kuzeyinsesi.org\\\/index.php\\\/2024\\\/05\\\/29\\\/1-haziran-dunya-cocuk-gunu-resim-yarismasi-ve-sergisi-icin-juri-toplandi\\\/\"]}]},{\"@type\":\"ImageObject\",\"inLanguage\":\"tr\",\"@id\":\"https:\\\/\\\/kuzeyinsesi.org\\\/index.php\\\/2024\\\/05\\\/29\\\/1-haziran-dunya-cocuk-gunu-resim-yarismasi-ve-sergisi-icin-juri-toplandi\\\/#primaryimage\",\"url\":\"https:\\\/\\\/kuzeyinsesi.org\\\/wp-content\\\/uploads\\\/2024\\\/05\\\/InShot_20240529_081846431-scaled.jpg\",\"contentUrl\":\"https:\\\/\\\/kuzeyinsesi.org\\\/wp-content\\\/uploads\\\/2024\\\/05\\\/InShot_20240529_081846431-scaled.jpg\",\"width\":2560,\"height\":1439},{\"@type\":\"BreadcrumbList\",\"@id\":\"https:\\\/\\\/kuzeyinsesi.org\\\/index.php\\\/2024\\\/05\\\/29\\\/1-haziran-dunya-cocuk-gunu-resim-yarismasi-ve-sergisi-icin-juri-toplandi\\\/#breadcrumb\",\"itemListElement\":[{\"@type\":\"ListItem\",\"position\":1,\"name\":\"Anasayfa\",\"item\":\"https:\\\/\\\/kuzeyinsesi.org\\\/\"},{\"@type\":\"ListItem\",\"position\":2,\"name\":\"1 Haziran D\u00fcnya \u00c7ocuk G\u00fcn\u00fc Resim Yar\u0131\u015fmas\u0131 ve Sergisi i\u00e7in j\u00fcri topland\u0131\"}]},{\"@type\":\"WebSite\",\"@id\":\"https:\\\/\\\/kuzeyinsesi.org\\\/#website\",\"url\":\"https:\\\/\\\/kuzeyinsesi.org\\\/\",\"name\":\"Kuzeyin Sesi\",\"description\":\"Do\u011fru Haberin Adresi\",\"potentialAction\":[{\"@type\":\"SearchAction\",\"target\":{\"@type\":\"EntryPoint\",\"urlTemplate\":\"https:\\\/\\\/kuzeyinsesi.org\\\/?s={search_term_string}\"},\"query-input\":{\"@type\":\"PropertyValueSpecification\",\"valueRequired\":true,\"valueName\":\"search_term_string\"}}],\"inLanguage\":\"tr\"},{\"@type\":\"Person\",\"@id\":\"https:\\\/\\\/kuzeyinsesi.org\\\/#\\\/schema\\\/person\\\/9f859689cdf01485597712386e37f5aa\",\"name\":\"Kuzeyin Sesi\",\"image\":{\"@type\":\"ImageObject\",\"inLanguage\":\"tr\",\"@id\":\"https:\\\/\\\/secure.gravatar.com\\\/avatar\\\/bab33852abfd8b282518d6ed81826833d77c3c882d9ab608add591ccace47a44?s=96&d=mm&r=g\",\"url\":\"https:\\\/\\\/secure.gravatar.com\\\/avatar\\\/bab33852abfd8b282518d6ed81826833d77c3c882d9ab608add591ccace47a44?s=96&d=mm&r=g\",\"contentUrl\":\"https:\\\/\\\/secure.gravatar.com\\\/avatar\\\/bab33852abfd8b282518d6ed81826833d77c3c882d9ab608add591ccace47a44?s=96&d=mm&r=g\",\"caption\":\"Kuzeyin Sesi\"},\"sameAs\":[\"https:\\\/\\\/kuzeyinsesi.org\"],\"url\":\"https:\\\/\\\/kuzeyinsesi.org\\\/index.php\\\/author\\\/guven\\\/\"}]}<\/script>\n<!-- \/ Yoast SEO plugin. -->","yoast_head_json":{"title":"1 Haziran D\u00fcnya \u00c7ocuk G\u00fcn\u00fc Resim Yar\u0131\u015fmas\u0131 ve Sergisi i\u00e7in j\u00fcri topland\u0131 - Kuzeyin Sesi","robots":{"index":"index","follow":"follow","max-snippet":"max-snippet:-1","max-image-preview":"max-image-preview:large","max-video-preview":"max-video-preview:-1"},"canonical":"https:\/\/kuzeyinsesi.org\/index.php\/2024\/05\/29\/1-haziran-dunya-cocuk-gunu-resim-yarismasi-ve-sergisi-icin-juri-toplandi\/","og_locale":"tr_TR","og_type":"article","og_title":"1 Haziran D\u00fcnya \u00c7ocuk G\u00fcn\u00fc Resim Yar\u0131\u015fmas\u0131 ve Sergisi i\u00e7in j\u00fcri topland\u0131 - Kuzeyin Sesi","og_description":"Mevhibe&amp; Mustafa Ba\u015fman Vakf\u0131 II. D\u00fcnya \u00c7ocuk G\u00fcn\u00fc Resim Yar\u0131\u015fmas\u0131, Bayrak Radyo Televizyon Kurumu ve Lefko\u015fa T\u00fcrk Belediyesi i\u015fbirli\u011fiyle hayata ge\u00e7iriliyor. \u201c\u00c7ocuk G\u00f6z\u00fcyle Payla\u015fmak\u201d konulu resim yar\u0131\u015fmas\u0131, bu y\u0131l \u00e7ocuklar\u0131n yarat\u0131c\u0131l\u0131klar\u0131n\u0131 harekete ge\u00e7irmenin yan\u0131 s\u0131ra sanata olan duyarl\u0131l\u0131\u011f\u0131 art\u0131rmay\u0131, gelecek sanat\u00e7\u0131lar\u0131n yeti\u015fmesine pozitif bir g\u00fc\u00e7 olmay\u0131 ama\u00e7l\u0131yor. 200\u2019den fazla eser j\u00fcri taraf\u0131ndan 27 May\u0131s g\u00fcn\u00fc [&hellip;]","og_url":"https:\/\/kuzeyinsesi.org\/index.php\/2024\/05\/29\/1-haziran-dunya-cocuk-gunu-resim-yarismasi-ve-sergisi-icin-juri-toplandi\/","og_site_name":"Kuzeyin Sesi","article_publisher":"https:\/\/www.facebook.com\/kuzeyinsesii","article_published_time":"2024-05-29T13:17:25+00:00","og_image":[{"width":2560,"height":1439,"url":"https:\/\/kuzeyinsesi.org\/wp-content\/uploads\/2024\/05\/InShot_20240529_081846431-scaled.jpg","type":"image\/jpeg"}],"author":"Kuzeyin Sesi","twitter_card":"summary_large_image","twitter_creator":"@kuzeyinsesii","twitter_site":"@kuzeyinsesii","twitter_misc":{"Yazan:":"Kuzeyin Sesi","Tahmini okuma s\u00fcresi":"1 dakika"},"schema":{"@context":"https:\/\/schema.org","@graph":[{"@type":"Article","@id":"https:\/\/kuzeyinsesi.org\/index.php\/2024\/05\/29\/1-haziran-dunya-cocuk-gunu-resim-yarismasi-ve-sergisi-icin-juri-toplandi\/#article","isPartOf":{"@id":"https:\/\/kuzeyinsesi.org\/index.php\/2024\/05\/29\/1-haziran-dunya-cocuk-gunu-resim-yarismasi-ve-sergisi-icin-juri-toplandi\/"},"author":{"name":"Kuzeyin Sesi","@id":"https:\/\/kuzeyinsesi.org\/#\/schema\/person\/9f859689cdf01485597712386e37f5aa"},"headline":"1 Haziran D\u00fcnya \u00c7ocuk G\u00fcn\u00fc Resim Yar\u0131\u015fmas\u0131 ve Sergisi i\u00e7in j\u00fcri topland\u0131","datePublished":"2024-05-29T13:17:25+00:00","mainEntityOfPage":{"@id":"https:\/\/kuzeyinsesi.org\/index.php\/2024\/05\/29\/1-haziran-dunya-cocuk-gunu-resim-yarismasi-ve-sergisi-icin-juri-toplandi\/"},"wordCount":192,"commentCount":0,"image":{"@id":"https:\/\/kuzeyinsesi.org\/index.php\/2024\/05\/29\/1-haziran-dunya-cocuk-gunu-resim-yarismasi-ve-sergisi-icin-juri-toplandi\/#primaryimage"},"thumbnailUrl":"https:\/\/kuzeyinsesi.org\/wp-content\/uploads\/2024\/05\/InShot_20240529_081846431-scaled.jpg","articleSection":["Ya\u015fam"],"inLanguage":"tr","potentialAction":[{"@type":"CommentAction","name":"Comment","target":["https:\/\/kuzeyinsesi.org\/index.php\/2024\/05\/29\/1-haziran-dunya-cocuk-gunu-resim-yarismasi-ve-sergisi-icin-juri-toplandi\/#respond"]}]},{"@type":"WebPage","@id":"https:\/\/kuzeyinsesi.org\/index.php\/2024\/05\/29\/1-haziran-dunya-cocuk-gunu-resim-yarismasi-ve-sergisi-icin-juri-toplandi\/","url":"https:\/\/kuzeyinsesi.org\/index.php\/2024\/05\/29\/1-haziran-dunya-cocuk-gunu-resim-yarismasi-ve-sergisi-icin-juri-toplandi\/","name":"1 Haziran D\u00fcnya \u00c7ocuk G\u00fcn\u00fc Resim Yar\u0131\u015fmas\u0131 ve Sergisi i\u00e7in j\u00fcri topland\u0131 - Kuzeyin Sesi","isPartOf":{"@id":"https:\/\/kuzeyinsesi.org\/#website"},"primaryImageOfPage":{"@id":"https:\/\/kuzeyinsesi.org\/index.php\/2024\/05\/29\/1-haziran-dunya-cocuk-gunu-resim-yarismasi-ve-sergisi-icin-juri-toplandi\/#primaryimage"},"image":{"@id":"https:\/\/kuzeyinsesi.org\/index.php\/2024\/05\/29\/1-haziran-dunya-cocuk-gunu-resim-yarismasi-ve-sergisi-icin-juri-toplandi\/#primaryimage"},"thumbnailUrl":"https:\/\/kuzeyinsesi.org\/wp-content\/uploads\/2024\/05\/InShot_20240529_081846431-scaled.jpg","datePublished":"2024-05-29T13:17:25+00:00","author":{"@id":"https:\/\/kuzeyinsesi.org\/#\/schema\/person\/9f859689cdf01485597712386e37f5aa"},"breadcrumb":{"@id":"https:\/\/kuzeyinsesi.org\/index.php\/2024\/05\/29\/1-haziran-dunya-cocuk-gunu-resim-yarismasi-ve-sergisi-icin-juri-toplandi\/#breadcrumb"},"inLanguage":"tr","potentialAction":[{"@type":"ReadAction","target":["https:\/\/kuzeyinsesi.org\/index.php\/2024\/05\/29\/1-haziran-dunya-cocuk-gunu-resim-yarismasi-ve-sergisi-icin-juri-toplandi\/"]}]},{"@type":"ImageObject","inLanguage":"tr","@id":"https:\/\/kuzeyinsesi.org\/index.php\/2024\/05\/29\/1-haziran-dunya-cocuk-gunu-resim-yarismasi-ve-sergisi-icin-juri-toplandi\/#primaryimage","url":"https:\/\/kuzeyinsesi.org\/wp-content\/uploads\/2024\/05\/InShot_20240529_081846431-scaled.jpg","contentUrl":"https:\/\/kuzeyinsesi.org\/wp-content\/uploads\/2024\/05\/InShot_20240529_081846431-scaled.jpg","width":2560,"height":1439},{"@type":"BreadcrumbList","@id":"https:\/\/kuzeyinsesi.org\/index.php\/2024\/05\/29\/1-haziran-dunya-cocuk-gunu-resim-yarismasi-ve-sergisi-icin-juri-toplandi\/#breadcrumb","itemListElement":[{"@type":"ListItem","position":1,"name":"Anasayfa","item":"https:\/\/kuzeyinsesi.org\/"},{"@type":"ListItem","position":2,"name":"1 Haziran D\u00fcnya \u00c7ocuk G\u00fcn\u00fc Resim Yar\u0131\u015fmas\u0131 ve Sergisi i\u00e7in j\u00fcri topland\u0131"}]},{"@type":"WebSite","@id":"https:\/\/kuzeyinsesi.org\/#website","url":"https:\/\/kuzeyinsesi.org\/","name":"Kuzeyin Sesi","description":"Do\u011fru Haberin Adresi","potentialAction":[{"@type":"SearchAction","target":{"@type":"EntryPoint","urlTemplate":"https:\/\/kuzeyinsesi.org\/?s={search_term_string}"},"query-input":{"@type":"PropertyValueSpecification","valueRequired":true,"valueName":"search_term_string"}}],"inLanguage":"tr"},{"@type":"Person","@id":"https:\/\/kuzeyinsesi.org\/#\/schema\/person\/9f859689cdf01485597712386e37f5aa","name":"Kuzeyin Sesi","image":{"@type":"ImageObject","inLanguage":"tr","@id":"https:\/\/secure.gravatar.com\/avatar\/bab33852abfd8b282518d6ed81826833d77c3c882d9ab608add591ccace47a44?s=96&d=mm&r=g","url":"https:\/\/secure.gravatar.com\/avatar\/bab33852abfd8b282518d6ed81826833d77c3c882d9ab608add591ccace47a44?s=96&d=mm&r=g","contentUrl":"https:\/\/secure.gravatar.com\/avatar\/bab33852abfd8b282518d6ed81826833d77c3c882d9ab608add591ccace47a44?s=96&d=mm&r=g","caption":"Kuzeyin Sesi"},"sameAs":["https:\/\/kuzeyinsesi.org"],"url":"https:\/\/kuzeyinsesi.org\/index.php\/author\/guven\/"}]}},"_links":{"self":[{"href":"https:\/\/kuzeyinsesi.org\/index.php\/wp-json\/wp\/v2\/posts\/3665","targetHints":{"allow":["GET"]}}],"collection":[{"href":"https:\/\/kuzeyinsesi.org\/index.php\/wp-json\/wp\/v2\/posts"}],"about":[{"href":"https:\/\/kuzeyinsesi.org\/index.php\/wp-json\/wp\/v2\/types\/post"}],"author":[{"embeddable":true,"href":"https:\/\/kuzeyinsesi.org\/index.php\/wp-json\/wp\/v2\/users\/1"}],"replies":[{"embeddable":true,"href":"https:\/\/kuzeyinsesi.org\/index.php\/wp-json\/wp\/v2\/comments?post=3665"}],"version-history":[{"count":0,"href":"https:\/\/kuzeyinsesi.org\/index.php\/wp-json\/wp\/v2\/posts\/3665\/revisions"}],"wp:featuredmedia":[{"embeddable":true,"href":"https:\/\/kuzeyinsesi.org\/index.php\/wp-json\/wp\/v2\/media\/3666"}],"wp:attachment":[{"href":"https:\/\/kuzeyinsesi.org\/index.php\/wp-json\/wp\/v2\/media?parent=3665"}],"wp:term":[{"taxonomy":"category","embeddable":true,"href":"https:\/\/kuzeyinsesi.org\/index.php\/wp-json\/wp\/v2\/categories?post=3665"},{"taxonomy":"post_tag","embeddable":true,"href":"https:\/\/kuzeyinsesi.org\/index.php\/wp-json\/wp\/v2\/tags?post=3665"}],"curies":[{"name":"wp","href":"https:\/\/api.w.org\/{rel}","templated":true}]}}