{"id":36592,"date":"2026-03-17T16:59:16","date_gmt":"2026-03-17T14:59:16","guid":{"rendered":"https:\/\/kuzeyinsesi.org\/index.php\/2026\/03\/17\/ertugruloglundan-erhurmanayarasi-olan-gocunur\/"},"modified":"2026-03-17T16:59:16","modified_gmt":"2026-03-17T14:59:16","slug":"ertugruloglundan-erhurmanayarasi-olan-gocunur","status":"publish","type":"post","link":"https:\/\/kuzeyinsesi.org\/index.php\/2026\/03\/17\/ertugruloglundan-erhurmanayarasi-olan-gocunur\/","title":{"rendered":"Ertu\u011frulo\u011flu\u2019ndan Erh\u00fcrmana,\u201dYaras\u0131 olan gocunur\u201d"},"content":{"rendered":"<p>&nbsp;<\/p>\n<p>D\u0131\u015fi\u015fleri Bakan\u0131 Tahsin Ertu\u011frulo\u011flu, \u201cBizim derdimiz kimseye \u2018ayar vermek\u2019 de\u011fil, devletimizin ve ulusal davam\u0131z\u0131n hakl\u0131l\u0131\u011f\u0131n\u0131 korumak ve savunmakt\u0131r\u201d dedi.<\/p>\n<p>D\u0131\u015fi\u015fleri Bakan\u0131 Ertu\u011frulo\u011flu, Cumhurba\u015fkan\u0131 Tufan Erh\u00fcrman\u2019\u0131n K\u0131br\u0131s konusunda izledi\u011fi politikalar\u0131n, devletin K\u0131br\u0131s konusunda izledi\u011fi resm\u00ee \u00e7izgisiyle ba\u011fda\u015fmad\u0131\u011f\u0131n\u0131 vurgulad\u0131.<\/p>\n<p>Cumhurba\u015fkan\u0131 Erh\u00fcrman\u2019\u0131n, T\u00fcrkiye ile birlikte belirlenen ve anavatan T\u00fcrkiye\u2019nin g\u00fc\u00e7l\u00fc \u015fekilde destek verdi\u011fi \u201cegemen e\u015fit iki devletli \u00e7\u00f6z\u00fcm\u201d politikas\u0131n\u0131n d\u0131\u015f\u0131nda hareket etti\u011fini, \u201cd\u00f6n\u00fc\u015f\u00fcml\u00fc ba\u015fkanl\u0131k\u201d talebinin bu politikaya ters oldu\u011funu belirten D\u0131\u015fi\u015fleri Bakan\u0131 Ertu\u011frulo\u011flu, Cumhurba\u015fkan\u0131 Erh\u00fcrman&#8217;\u0131n \u201cak\u0131l ve bar\u0131\u015f dili\u201d yakla\u015f\u0131m\u0131n ise \u201cpasiflik ve teslimiyet\u201d anlam\u0131na geldi\u011fini kaydetti.<\/p>\n<p>D\u0131\u015fi\u015fleri Bakan\u0131 Tahsin Ertu\u011frulo\u011flu yaz\u0131l\u0131 a\u00e7\u0131klamas\u0131nda, Cumhurba\u015fkan\u0131 Tufan Erh\u00fcrman\u2019\u0131n 16 Mart&#8217;ta Haber K\u0131br\u0131s&#8217;ta kat\u0131ld\u0131\u011f\u0131 bir programda yapt\u0131\u011f\u0131 a\u00e7\u0131klamalara yan\u0131t verdi.<\/p>\n<p>Ertu\u011frulo\u011flu, \u201cCumhurba\u015fkan\u0131 Erh\u00fcrman&#8217;a, \u015fahs\u0131mla ilgili 16 Mart 2026 tarihli talihsiz a\u00e7\u0131klamalar\u0131yla, kendisine y\u00f6neltti\u011fim ele\u015ftirilerde ne kadar hakl\u0131 oldu\u011fumu bir kez daha kan\u0131tlad\u0131\u011f\u0131 i\u00e7in \u00e7ok te\u015fekk\u00fcr ederim\u201d dedi.<\/p>\n<p>\u201cMilli davam\u0131z K\u0131br\u0131s konusunda, T\u00fcrkiye ile birlikte belirledi\u011fimiz ve Anavatan T\u00fcrkiye\u2019nin kuvvetli bir \u015fekilde destek verdi\u011fi egemen e\u015fit iki devletli \u00e7\u00f6z\u00fcm politikas\u0131 izlenirken, Say\u0131n Cumhurba\u015fkan\u0131, belirlenen bu politikas\u0131n\u0131n d\u0131\u015f\u0131nda bir politika izlemektedir\u201d diyen Ertu\u011frulo\u011flu \u201cEgemen e\u015fit iki devlet politikas\u0131nda, d\u00f6n\u00fc\u015f\u00fcml\u00fc ba\u015fkanl\u0131k yoktur, olamaz. Cumhurba\u015fkan\u0131 karar vermeli ve saklanmaktan vazge\u00e7melidir. Egemen e\u015fit iki devlet politikas\u0131 ile d\u00f6n\u00fc\u015f\u00fcml\u00fc Ba\u015fkanl\u0131k talebi taban tabana ters politikalard\u0131r.\u201d ifadelerini kulland\u0131.<\/p>\n<p>Ertu\u011frulo\u011flu a\u00e7\u0131klamas\u0131n\u0131 \u015f\u00f6yle s\u00fcrd\u00fcrd\u00fc:<\/p>\n<p>\u201c2017 Crans Montana federasyon g\u00f6r\u00fc\u015fmelerinin \u00e7\u00f6k\u00fc\u015f\u00fc sonras\u0131nda belirlenen ve d\u00fcnyayla payla\u015f\u0131lan \u2018Egemen e\u015fit iki devlet, e\u015fit uluslararas\u0131 stat\u00fc\u2019 politikas\u0131nda \u2018D\u00f6n\u00fc\u015f\u00fcml\u00fc Ba\u015fkanl\u0131k\u2019 talebi yer alamaz. Cumhurba\u015fkan\u0131 Erh\u00fcrman bu \u00e7eli\u015fkiyi saklamaktan vazge\u00e7melidir. Daha da \u00f6nemlisi, bu yanl\u0131\u015f \u00e7izgisini T\u00fcrkiye ile isti\u015fare i\u00e7inde \u015fekillendirdi\u011fi aldatmacas\u0131ndan da vazge\u00e7meli, halka hikaye de\u011fil, ger\u00e7ekleri s\u00f6ylemelidir.<\/p>\n<p>\u015eahs\u0131ma y\u00f6nelik imal\u0131 ifadelerle bir \u015feyler s\u00f6ylemeye \u00e7al\u0131\u015fan Say\u0131n Cumhurba\u015fkan\u0131, kendisinin \u2018ak\u0131l ve bar\u0131\u015f dili\u2019 kullanaca\u011f\u0131n\u0131 s\u00f6yleyerek, kendisini ele\u015ftirenlerin arg\u00fcmanlar\u0131n\u0131 sapt\u0131rmaya ve a\u015fa\u011f\u0131lamaya \u00e7al\u0131\u015fmakta, herkesi aptal yerine koymakta, kendini de nas\u0131l oluyorsa \u00e7ok ak\u0131ll\u0131 satmaktad\u0131r. Ak\u0131l ve bar\u0131\u015f dili diye pazarlanan s\u00f6ylemler ise pasiflik ve teslimiyet dilleridir. Rum\u2019un kap\u0131s\u0131nda a\u011flay\u0131p s\u0131zlayarak dilenmek ak\u0131l ve bar\u0131\u015f i\u015fi mi?\u201d<\/p>\n<p>\u201cCumhurba\u015fkan\u0131 Erh\u00fcrman\u2019\u0131 ele\u015ftirmemin nedenlerini teker teker yeniden s\u0131ralayacak de\u011filim. Bilen bilir, anlayan anlar, anlamak istemeyen de anlamaz\u201d diyen Ertu\u011frulo\u011flu, tepkisi ve ele\u015ftirilerinin, bir bas\u0131n mensubu taraf\u0131ndan \u2018ki\u015fisel hezeyan\u2019 olarak nitelendirilmesini de b\u00fcy\u00fck bir talihsizlik ve ki\u015fisel hadsizlik olarak tan\u0131mlad\u0131.<\/p>\n<p>Cumhurba\u015fkan\u0131 Erh\u00fcrman\u2019\u0131n yan\u0131tlar\u0131n\u0131n da tam bir dezenformasyon ve \u00e7arp\u0131tma gayreti oldu\u011funu belirten Ertu\u011frulo\u011flu, \u201cEgemen e\u015fitli\u011fi de\u011fil tek egemenli\u011fi savunan, Cumhurba\u015fkan\u0131 oldu\u011fu devleti hazmedemeyen, o makam\u0131n gereklerini, yemin etti\u011fi and\u0131nda ifade edildi\u011fi gibi, \u2018KKTC\u2019yi y\u00fcceltmeyi\u2019 hedeflemeyen birisinin bana demokrasi ve devlet ciddiyeti dersi vermeye kalk\u0131\u015fmas\u0131 tam anlam\u0131yla bir talihsizlik, ciddiyetsizlik ve tutars\u0131zl\u0131kt\u0131r\u201d dedi.<\/p>\n<p>\u201cSay\u0131n Cumhurba\u015fkan\u0131\u2019n\u0131n makam\u0131n sayg\u0131nl\u0131\u011f\u0131n\u0131 korumak hassasiyeti olsayd\u0131 benim ele\u015ftirilerim zaten olmazd\u0131\u201d diyen Ertu\u011frulo\u011flu, \u201cS\u00f6ylediklerimin \u2018kamuoyu nezdinde al\u0131c\u0131s\u0131 yokmu\u015f\u2019 diyor. Ne yaz\u0131k ki ger\u00e7ek d\u00fcnyadan ne kadar bihaber oldu\u011funu sergiliyor ancak, fark\u0131nda bile de\u011fil veya bilerek bilmezden geliyor\u201d ifadelerini kulland\u0131.<\/p>\n<p>&#8220;DERD\u0130M\u0130Z DEVLET\u0130M\u0130Z\u0130N VE ULUSAL DAVAMIZIN HAKLILI\u011eINI KORUMAK VE SAVUNMAKTIR&#8221;<\/p>\n<p>Ertu\u011frulo\u011flu, a\u00e7\u0131klamas\u0131n\u0131 \u015fu ifadelerle sonland\u0131rd\u0131:<\/p>\n<p>\u201cHer zaman belirtti\u011fim gibi, ele\u015ftirilerimin temelinde \u015fahsi bir husumet de\u011fil, Say\u0131n Cumhurba\u015fkan\u0131n\u0131n K\u0131br\u0131s konusundaki izledi\u011fi politikadan dolay\u0131 devletimizin gelece\u011fine dair duydu\u011fum endi\u015feler yatmaktad\u0131r. Bizim derdimiz kimseye \u2018ayar vermek\u2019 de\u011fil, devletimizin ve ulusal davam\u0131z\u0131n hakl\u0131l\u0131\u011f\u0131n\u0131 korumak ve savunmakt\u0131r.<\/p>\n<p>T\u00fcrk F-16\u2019larla ilgili Rum\u2019a \u2018k\u0131zmakla\u2019 i\u015f bitmi\u015f olmuyor Say\u0131n Cumhurba\u015fkan\u0131. Gerisi\u2026?<\/p>\n<p>Elbette \u2018sa\u00e7 beyazlatmak\u2019 de\u011ferlidir ancak, beyazlayan her sa\u00e7 teli do\u011fru kararlar\u0131n garantisi de\u011fildir. Ele\u015ftiri nedenleri devam ettirildi\u011fi s\u00fcrece, bunlara y\u00f6nelik ele\u015ftirilerimiz de devam edecektir. Temsil etti\u011fim makamdaki g\u00f6revim, sa\u00e7\u0131m\u0131z\u0131n rengine bakmaks\u0131z\u0131n, ulusumuzun ve devletimizin g\u00fcvenlik ve \u00e7\u0131karlar\u0131n\u0131 \u00f6nceleyerek, her zaman ger\u00e7ekleri s\u00f6ylemektir.<\/p>\n<p>Al\u0131nan varsa da al\u0131ns\u0131n\u2026 Zaten, yaras\u0131 olan gocunur\u2026\u201d<\/p>\n<p>Ertu\u011frulo\u011flu\u2019ndan Erh\u00fcrmana,\u201dYaras\u0131 olan gocunur\u201d yaz\u0131s\u0131 ilk \u00f6nce K\u0131br\u0131s Hakikat \u00fczerinde ortaya \u00e7\u0131kt\u0131.<\/p>\n","protected":false},"excerpt":{"rendered":"<p>&nbsp; D\u0131\u015fi\u015fleri Bakan\u0131 Tahsin Ertu\u011frulo\u011flu, \u201cBizim derdimiz kimseye \u2018ayar vermek\u2019 de\u011fil, devletimizin ve ulusal davam\u0131z\u0131n hakl\u0131l\u0131\u011f\u0131n\u0131 korumak ve savunmakt\u0131r\u201d dedi. D\u0131\u015fi\u015fleri Bakan\u0131 Ertu\u011frulo\u011flu, Cumhurba\u015fkan\u0131 Tufan Erh\u00fcrman\u2019\u0131n K\u0131br\u0131s konusunda izledi\u011fi politikalar\u0131n, devletin K\u0131br\u0131s konusunda izledi\u011fi resm\u00ee \u00e7izgisiyle ba\u011fda\u015fmad\u0131\u011f\u0131n\u0131 vurgulad\u0131. Cumhurba\u015fkan\u0131 Erh\u00fcrman\u2019\u0131n, T\u00fcrkiye ile birlikte belirlenen ve anavatan T\u00fcrkiye\u2019nin g\u00fc\u00e7l\u00fc \u015fekilde destek verdi\u011fi \u201cegemen e\u015fit iki devletli [&hellip;]<\/p>\n","protected":false},"author":1,"featured_media":36593,"comment_status":"open","ping_status":"open","sticky":false,"template":"","format":"standard","meta":{"jnews-multi-image_gallery":[],"jnews_single_post":[],"jnews_primary_category":[],"jnews_social_meta":[],"jnews_override_counter":[],"footnotes":""},"categories":[1],"tags":[],"class_list":["post-36592","post","type-post","status-publish","format-standard","has-post-thumbnail","hentry","category-kibris"],"yoast_head":"<!-- This site is optimized with the Yoast SEO plugin v27.5 - https:\/\/yoast.com\/product\/yoast-seo-wordpress\/ -->\n<title>Ertu\u011frulo\u011flu\u2019ndan Erh\u00fcrmana,\u201dYaras\u0131 olan gocunur\u201d - Kuzeyin Sesi<\/title>\n<meta name=\"robots\" content=\"index, follow, max-snippet:-1, max-image-preview:large, max-video-preview:-1\" \/>\n<link rel=\"canonical\" href=\"https:\/\/kuzeyinsesi.org\/index.php\/2026\/03\/17\/ertugruloglundan-erhurmanayarasi-olan-gocunur\/\" \/>\n<meta property=\"og:locale\" content=\"tr_TR\" \/>\n<meta property=\"og:type\" content=\"article\" \/>\n<meta property=\"og:title\" content=\"Ertu\u011frulo\u011flu\u2019ndan Erh\u00fcrmana,\u201dYaras\u0131 olan gocunur\u201d - Kuzeyin Sesi\" \/>\n<meta property=\"og:description\" content=\"&nbsp; D\u0131\u015fi\u015fleri Bakan\u0131 Tahsin Ertu\u011frulo\u011flu, \u201cBizim derdimiz kimseye \u2018ayar vermek\u2019 de\u011fil, devletimizin ve ulusal davam\u0131z\u0131n hakl\u0131l\u0131\u011f\u0131n\u0131 korumak ve savunmakt\u0131r\u201d dedi. D\u0131\u015fi\u015fleri Bakan\u0131 Ertu\u011frulo\u011flu, Cumhurba\u015fkan\u0131 Tufan Erh\u00fcrman\u2019\u0131n K\u0131br\u0131s konusunda izledi\u011fi politikalar\u0131n, devletin K\u0131br\u0131s konusunda izledi\u011fi resm\u00ee \u00e7izgisiyle ba\u011fda\u015fmad\u0131\u011f\u0131n\u0131 vurgulad\u0131. Cumhurba\u015fkan\u0131 Erh\u00fcrman\u2019\u0131n, T\u00fcrkiye ile birlikte belirlenen ve anavatan T\u00fcrkiye\u2019nin g\u00fc\u00e7l\u00fc \u015fekilde destek verdi\u011fi \u201cegemen e\u015fit iki devletli [&hellip;]\" \/>\n<meta property=\"og:url\" content=\"https:\/\/kuzeyinsesi.org\/index.php\/2026\/03\/17\/ertugruloglundan-erhurmanayarasi-olan-gocunur\/\" \/>\n<meta property=\"og:site_name\" content=\"Kuzeyin Sesi\" \/>\n<meta property=\"article:publisher\" content=\"https:\/\/www.facebook.com\/kuzeyinsesii\" \/>\n<meta property=\"article:published_time\" content=\"2026-03-17T14:59:16+00:00\" \/>\n<meta name=\"author\" content=\"Kuzeyin Sesi\" \/>\n<meta name=\"twitter:card\" content=\"summary_large_image\" \/>\n<meta name=\"twitter:creator\" content=\"@kuzeyinsesii\" \/>\n<meta name=\"twitter:site\" content=\"@kuzeyinsesii\" \/>\n<meta name=\"twitter:label1\" content=\"Yazan:\" \/>\n\t<meta name=\"twitter:data1\" content=\"Kuzeyin Sesi\" \/>\n\t<meta name=\"twitter:label2\" content=\"Tahmini okuma s\u00fcresi\" \/>\n\t<meta name=\"twitter:data2\" content=\"4 dakika\" \/>\n<script type=\"application\/ld+json\" class=\"yoast-schema-graph\">{\"@context\":\"https:\\\/\\\/schema.org\",\"@graph\":[{\"@type\":\"Article\",\"@id\":\"https:\\\/\\\/kuzeyinsesi.org\\\/index.php\\\/2026\\\/03\\\/17\\\/ertugruloglundan-erhurmanayarasi-olan-gocunur\\\/#article\",\"isPartOf\":{\"@id\":\"https:\\\/\\\/kuzeyinsesi.org\\\/index.php\\\/2026\\\/03\\\/17\\\/ertugruloglundan-erhurmanayarasi-olan-gocunur\\\/\"},\"author\":{\"name\":\"Kuzeyin Sesi\",\"@id\":\"https:\\\/\\\/kuzeyinsesi.org\\\/#\\\/schema\\\/person\\\/9f859689cdf01485597712386e37f5aa\"},\"headline\":\"Ertu\u011frulo\u011flu\u2019ndan Erh\u00fcrmana,\u201dYaras\u0131 olan gocunur\u201d\",\"datePublished\":\"2026-03-17T14:59:16+00:00\",\"mainEntityOfPage\":{\"@id\":\"https:\\\/\\\/kuzeyinsesi.org\\\/index.php\\\/2026\\\/03\\\/17\\\/ertugruloglundan-erhurmanayarasi-olan-gocunur\\\/\"},\"wordCount\":876,\"commentCount\":0,\"image\":{\"@id\":\"https:\\\/\\\/kuzeyinsesi.org\\\/index.php\\\/2026\\\/03\\\/17\\\/ertugruloglundan-erhurmanayarasi-olan-gocunur\\\/#primaryimage\"},\"thumbnailUrl\":\"https:\\\/\\\/kuzeyinsesi.org\\\/wp-content\\\/uploads\\\/2026\\\/03\\\/Turuncu-Modern-Haftanin-Konugu-YouTube-Kucuk-Resmi-1.png\",\"articleSection\":[\"K\u0131br\u0131s\"],\"inLanguage\":\"tr\",\"potentialAction\":[{\"@type\":\"CommentAction\",\"name\":\"Comment\",\"target\":[\"https:\\\/\\\/kuzeyinsesi.org\\\/index.php\\\/2026\\\/03\\\/17\\\/ertugruloglundan-erhurmanayarasi-olan-gocunur\\\/#respond\"]}]},{\"@type\":\"WebPage\",\"@id\":\"https:\\\/\\\/kuzeyinsesi.org\\\/index.php\\\/2026\\\/03\\\/17\\\/ertugruloglundan-erhurmanayarasi-olan-gocunur\\\/\",\"url\":\"https:\\\/\\\/kuzeyinsesi.org\\\/index.php\\\/2026\\\/03\\\/17\\\/ertugruloglundan-erhurmanayarasi-olan-gocunur\\\/\",\"name\":\"Ertu\u011frulo\u011flu\u2019ndan Erh\u00fcrmana,\u201dYaras\u0131 olan gocunur\u201d - Kuzeyin Sesi\",\"isPartOf\":{\"@id\":\"https:\\\/\\\/kuzeyinsesi.org\\\/#website\"},\"primaryImageOfPage\":{\"@id\":\"https:\\\/\\\/kuzeyinsesi.org\\\/index.php\\\/2026\\\/03\\\/17\\\/ertugruloglundan-erhurmanayarasi-olan-gocunur\\\/#primaryimage\"},\"image\":{\"@id\":\"https:\\\/\\\/kuzeyinsesi.org\\\/index.php\\\/2026\\\/03\\\/17\\\/ertugruloglundan-erhurmanayarasi-olan-gocunur\\\/#primaryimage\"},\"thumbnailUrl\":\"https:\\\/\\\/kuzeyinsesi.org\\\/wp-content\\\/uploads\\\/2026\\\/03\\\/Turuncu-Modern-Haftanin-Konugu-YouTube-Kucuk-Resmi-1.png\",\"datePublished\":\"2026-03-17T14:59:16+00:00\",\"author\":{\"@id\":\"https:\\\/\\\/kuzeyinsesi.org\\\/#\\\/schema\\\/person\\\/9f859689cdf01485597712386e37f5aa\"},\"breadcrumb\":{\"@id\":\"https:\\\/\\\/kuzeyinsesi.org\\\/index.php\\\/2026\\\/03\\\/17\\\/ertugruloglundan-erhurmanayarasi-olan-gocunur\\\/#breadcrumb\"},\"inLanguage\":\"tr\",\"potentialAction\":[{\"@type\":\"ReadAction\",\"target\":[\"https:\\\/\\\/kuzeyinsesi.org\\\/index.php\\\/2026\\\/03\\\/17\\\/ertugruloglundan-erhurmanayarasi-olan-gocunur\\\/\"]}]},{\"@type\":\"ImageObject\",\"inLanguage\":\"tr\",\"@id\":\"https:\\\/\\\/kuzeyinsesi.org\\\/index.php\\\/2026\\\/03\\\/17\\\/ertugruloglundan-erhurmanayarasi-olan-gocunur\\\/#primaryimage\",\"url\":\"https:\\\/\\\/kuzeyinsesi.org\\\/wp-content\\\/uploads\\\/2026\\\/03\\\/Turuncu-Modern-Haftanin-Konugu-YouTube-Kucuk-Resmi-1.png\",\"contentUrl\":\"https:\\\/\\\/kuzeyinsesi.org\\\/wp-content\\\/uploads\\\/2026\\\/03\\\/Turuncu-Modern-Haftanin-Konugu-YouTube-Kucuk-Resmi-1.png\",\"width\":1280,\"height\":720},{\"@type\":\"BreadcrumbList\",\"@id\":\"https:\\\/\\\/kuzeyinsesi.org\\\/index.php\\\/2026\\\/03\\\/17\\\/ertugruloglundan-erhurmanayarasi-olan-gocunur\\\/#breadcrumb\",\"itemListElement\":[{\"@type\":\"ListItem\",\"position\":1,\"name\":\"Anasayfa\",\"item\":\"https:\\\/\\\/kuzeyinsesi.org\\\/\"},{\"@type\":\"ListItem\",\"position\":2,\"name\":\"Ertu\u011frulo\u011flu\u2019ndan Erh\u00fcrmana,\u201dYaras\u0131 olan gocunur\u201d\"}]},{\"@type\":\"WebSite\",\"@id\":\"https:\\\/\\\/kuzeyinsesi.org\\\/#website\",\"url\":\"https:\\\/\\\/kuzeyinsesi.org\\\/\",\"name\":\"Kuzeyin Sesi\",\"description\":\"Do\u011fru Haberin Adresi\",\"potentialAction\":[{\"@type\":\"SearchAction\",\"target\":{\"@type\":\"EntryPoint\",\"urlTemplate\":\"https:\\\/\\\/kuzeyinsesi.org\\\/?s={search_term_string}\"},\"query-input\":{\"@type\":\"PropertyValueSpecification\",\"valueRequired\":true,\"valueName\":\"search_term_string\"}}],\"inLanguage\":\"tr\"},{\"@type\":\"Person\",\"@id\":\"https:\\\/\\\/kuzeyinsesi.org\\\/#\\\/schema\\\/person\\\/9f859689cdf01485597712386e37f5aa\",\"name\":\"Kuzeyin Sesi\",\"image\":{\"@type\":\"ImageObject\",\"inLanguage\":\"tr\",\"@id\":\"https:\\\/\\\/secure.gravatar.com\\\/avatar\\\/bab33852abfd8b282518d6ed81826833d77c3c882d9ab608add591ccace47a44?s=96&d=mm&r=g\",\"url\":\"https:\\\/\\\/secure.gravatar.com\\\/avatar\\\/bab33852abfd8b282518d6ed81826833d77c3c882d9ab608add591ccace47a44?s=96&d=mm&r=g\",\"contentUrl\":\"https:\\\/\\\/secure.gravatar.com\\\/avatar\\\/bab33852abfd8b282518d6ed81826833d77c3c882d9ab608add591ccace47a44?s=96&d=mm&r=g\",\"caption\":\"Kuzeyin Sesi\"},\"sameAs\":[\"https:\\\/\\\/kuzeyinsesi.org\"],\"url\":\"https:\\\/\\\/kuzeyinsesi.org\\\/index.php\\\/author\\\/guven\\\/\"}]}<\/script>\n<!-- \/ Yoast SEO plugin. -->","yoast_head_json":{"title":"Ertu\u011frulo\u011flu\u2019ndan Erh\u00fcrmana,\u201dYaras\u0131 olan gocunur\u201d - Kuzeyin Sesi","robots":{"index":"index","follow":"follow","max-snippet":"max-snippet:-1","max-image-preview":"max-image-preview:large","max-video-preview":"max-video-preview:-1"},"canonical":"https:\/\/kuzeyinsesi.org\/index.php\/2026\/03\/17\/ertugruloglundan-erhurmanayarasi-olan-gocunur\/","og_locale":"tr_TR","og_type":"article","og_title":"Ertu\u011frulo\u011flu\u2019ndan Erh\u00fcrmana,\u201dYaras\u0131 olan gocunur\u201d - Kuzeyin Sesi","og_description":"&nbsp; D\u0131\u015fi\u015fleri Bakan\u0131 Tahsin Ertu\u011frulo\u011flu, \u201cBizim derdimiz kimseye \u2018ayar vermek\u2019 de\u011fil, devletimizin ve ulusal davam\u0131z\u0131n hakl\u0131l\u0131\u011f\u0131n\u0131 korumak ve savunmakt\u0131r\u201d dedi. D\u0131\u015fi\u015fleri Bakan\u0131 Ertu\u011frulo\u011flu, Cumhurba\u015fkan\u0131 Tufan Erh\u00fcrman\u2019\u0131n K\u0131br\u0131s konusunda izledi\u011fi politikalar\u0131n, devletin K\u0131br\u0131s konusunda izledi\u011fi resm\u00ee \u00e7izgisiyle ba\u011fda\u015fmad\u0131\u011f\u0131n\u0131 vurgulad\u0131. Cumhurba\u015fkan\u0131 Erh\u00fcrman\u2019\u0131n, T\u00fcrkiye ile birlikte belirlenen ve anavatan T\u00fcrkiye\u2019nin g\u00fc\u00e7l\u00fc \u015fekilde destek verdi\u011fi \u201cegemen e\u015fit iki devletli [&hellip;]","og_url":"https:\/\/kuzeyinsesi.org\/index.php\/2026\/03\/17\/ertugruloglundan-erhurmanayarasi-olan-gocunur\/","og_site_name":"Kuzeyin Sesi","article_publisher":"https:\/\/www.facebook.com\/kuzeyinsesii","article_published_time":"2026-03-17T14:59:16+00:00","author":"Kuzeyin Sesi","twitter_card":"summary_large_image","twitter_creator":"@kuzeyinsesii","twitter_site":"@kuzeyinsesii","twitter_misc":{"Yazan:":"Kuzeyin Sesi","Tahmini okuma s\u00fcresi":"4 dakika"},"schema":{"@context":"https:\/\/schema.org","@graph":[{"@type":"Article","@id":"https:\/\/kuzeyinsesi.org\/index.php\/2026\/03\/17\/ertugruloglundan-erhurmanayarasi-olan-gocunur\/#article","isPartOf":{"@id":"https:\/\/kuzeyinsesi.org\/index.php\/2026\/03\/17\/ertugruloglundan-erhurmanayarasi-olan-gocunur\/"},"author":{"name":"Kuzeyin Sesi","@id":"https:\/\/kuzeyinsesi.org\/#\/schema\/person\/9f859689cdf01485597712386e37f5aa"},"headline":"Ertu\u011frulo\u011flu\u2019ndan Erh\u00fcrmana,\u201dYaras\u0131 olan gocunur\u201d","datePublished":"2026-03-17T14:59:16+00:00","mainEntityOfPage":{"@id":"https:\/\/kuzeyinsesi.org\/index.php\/2026\/03\/17\/ertugruloglundan-erhurmanayarasi-olan-gocunur\/"},"wordCount":876,"commentCount":0,"image":{"@id":"https:\/\/kuzeyinsesi.org\/index.php\/2026\/03\/17\/ertugruloglundan-erhurmanayarasi-olan-gocunur\/#primaryimage"},"thumbnailUrl":"https:\/\/kuzeyinsesi.org\/wp-content\/uploads\/2026\/03\/Turuncu-Modern-Haftanin-Konugu-YouTube-Kucuk-Resmi-1.png","articleSection":["K\u0131br\u0131s"],"inLanguage":"tr","potentialAction":[{"@type":"CommentAction","name":"Comment","target":["https:\/\/kuzeyinsesi.org\/index.php\/2026\/03\/17\/ertugruloglundan-erhurmanayarasi-olan-gocunur\/#respond"]}]},{"@type":"WebPage","@id":"https:\/\/kuzeyinsesi.org\/index.php\/2026\/03\/17\/ertugruloglundan-erhurmanayarasi-olan-gocunur\/","url":"https:\/\/kuzeyinsesi.org\/index.php\/2026\/03\/17\/ertugruloglundan-erhurmanayarasi-olan-gocunur\/","name":"Ertu\u011frulo\u011flu\u2019ndan Erh\u00fcrmana,\u201dYaras\u0131 olan gocunur\u201d - Kuzeyin Sesi","isPartOf":{"@id":"https:\/\/kuzeyinsesi.org\/#website"},"primaryImageOfPage":{"@id":"https:\/\/kuzeyinsesi.org\/index.php\/2026\/03\/17\/ertugruloglundan-erhurmanayarasi-olan-gocunur\/#primaryimage"},"image":{"@id":"https:\/\/kuzeyinsesi.org\/index.php\/2026\/03\/17\/ertugruloglundan-erhurmanayarasi-olan-gocunur\/#primaryimage"},"thumbnailUrl":"https:\/\/kuzeyinsesi.org\/wp-content\/uploads\/2026\/03\/Turuncu-Modern-Haftanin-Konugu-YouTube-Kucuk-Resmi-1.png","datePublished":"2026-03-17T14:59:16+00:00","author":{"@id":"https:\/\/kuzeyinsesi.org\/#\/schema\/person\/9f859689cdf01485597712386e37f5aa"},"breadcrumb":{"@id":"https:\/\/kuzeyinsesi.org\/index.php\/2026\/03\/17\/ertugruloglundan-erhurmanayarasi-olan-gocunur\/#breadcrumb"},"inLanguage":"tr","potentialAction":[{"@type":"ReadAction","target":["https:\/\/kuzeyinsesi.org\/index.php\/2026\/03\/17\/ertugruloglundan-erhurmanayarasi-olan-gocunur\/"]}]},{"@type":"ImageObject","inLanguage":"tr","@id":"https:\/\/kuzeyinsesi.org\/index.php\/2026\/03\/17\/ertugruloglundan-erhurmanayarasi-olan-gocunur\/#primaryimage","url":"https:\/\/kuzeyinsesi.org\/wp-content\/uploads\/2026\/03\/Turuncu-Modern-Haftanin-Konugu-YouTube-Kucuk-Resmi-1.png","contentUrl":"https:\/\/kuzeyinsesi.org\/wp-content\/uploads\/2026\/03\/Turuncu-Modern-Haftanin-Konugu-YouTube-Kucuk-Resmi-1.png","width":1280,"height":720},{"@type":"BreadcrumbList","@id":"https:\/\/kuzeyinsesi.org\/index.php\/2026\/03\/17\/ertugruloglundan-erhurmanayarasi-olan-gocunur\/#breadcrumb","itemListElement":[{"@type":"ListItem","position":1,"name":"Anasayfa","item":"https:\/\/kuzeyinsesi.org\/"},{"@type":"ListItem","position":2,"name":"Ertu\u011frulo\u011flu\u2019ndan Erh\u00fcrmana,\u201dYaras\u0131 olan gocunur\u201d"}]},{"@type":"WebSite","@id":"https:\/\/kuzeyinsesi.org\/#website","url":"https:\/\/kuzeyinsesi.org\/","name":"Kuzeyin Sesi","description":"Do\u011fru Haberin Adresi","potentialAction":[{"@type":"SearchAction","target":{"@type":"EntryPoint","urlTemplate":"https:\/\/kuzeyinsesi.org\/?s={search_term_string}"},"query-input":{"@type":"PropertyValueSpecification","valueRequired":true,"valueName":"search_term_string"}}],"inLanguage":"tr"},{"@type":"Person","@id":"https:\/\/kuzeyinsesi.org\/#\/schema\/person\/9f859689cdf01485597712386e37f5aa","name":"Kuzeyin Sesi","image":{"@type":"ImageObject","inLanguage":"tr","@id":"https:\/\/secure.gravatar.com\/avatar\/bab33852abfd8b282518d6ed81826833d77c3c882d9ab608add591ccace47a44?s=96&d=mm&r=g","url":"https:\/\/secure.gravatar.com\/avatar\/bab33852abfd8b282518d6ed81826833d77c3c882d9ab608add591ccace47a44?s=96&d=mm&r=g","contentUrl":"https:\/\/secure.gravatar.com\/avatar\/bab33852abfd8b282518d6ed81826833d77c3c882d9ab608add591ccace47a44?s=96&d=mm&r=g","caption":"Kuzeyin Sesi"},"sameAs":["https:\/\/kuzeyinsesi.org"],"url":"https:\/\/kuzeyinsesi.org\/index.php\/author\/guven\/"}]}},"_links":{"self":[{"href":"https:\/\/kuzeyinsesi.org\/index.php\/wp-json\/wp\/v2\/posts\/36592","targetHints":{"allow":["GET"]}}],"collection":[{"href":"https:\/\/kuzeyinsesi.org\/index.php\/wp-json\/wp\/v2\/posts"}],"about":[{"href":"https:\/\/kuzeyinsesi.org\/index.php\/wp-json\/wp\/v2\/types\/post"}],"author":[{"embeddable":true,"href":"https:\/\/kuzeyinsesi.org\/index.php\/wp-json\/wp\/v2\/users\/1"}],"replies":[{"embeddable":true,"href":"https:\/\/kuzeyinsesi.org\/index.php\/wp-json\/wp\/v2\/comments?post=36592"}],"version-history":[{"count":0,"href":"https:\/\/kuzeyinsesi.org\/index.php\/wp-json\/wp\/v2\/posts\/36592\/revisions"}],"wp:featuredmedia":[{"embeddable":true,"href":"https:\/\/kuzeyinsesi.org\/index.php\/wp-json\/wp\/v2\/media\/36593"}],"wp:attachment":[{"href":"https:\/\/kuzeyinsesi.org\/index.php\/wp-json\/wp\/v2\/media?parent=36592"}],"wp:term":[{"taxonomy":"category","embeddable":true,"href":"https:\/\/kuzeyinsesi.org\/index.php\/wp-json\/wp\/v2\/categories?post=36592"},{"taxonomy":"post_tag","embeddable":true,"href":"https:\/\/kuzeyinsesi.org\/index.php\/wp-json\/wp\/v2\/tags?post=36592"}],"curies":[{"name":"wp","href":"https:\/\/api.w.org\/{rel}","templated":true}]}}