{"id":36584,"date":"2026-03-17T07:38:47","date_gmt":"2026-03-17T05:38:47","guid":{"rendered":"https:\/\/kuzeyinsesi.org\/index.php\/2026\/03\/17\/dpnin-yok-sayilarak-hazirlanan-yasaya-destegimiz-yoktur\/"},"modified":"2026-03-17T07:38:47","modified_gmt":"2026-03-17T05:38:47","slug":"dpnin-yok-sayilarak-hazirlanan-yasaya-destegimiz-yoktur","status":"publish","type":"post","link":"https:\/\/kuzeyinsesi.org\/index.php\/2026\/03\/17\/dpnin-yok-sayilarak-hazirlanan-yasaya-destegimiz-yoktur\/","title":{"rendered":"DP\u2019nin yok say\u0131larak haz\u0131rlanan yasaya deste\u011fimiz  yoktur"},"content":{"rendered":"<p>Akp\u0131nar, koalisyon h\u00fck\u00fcmetlerinin isti\u015fare, ortak ak\u0131l ve kar\u015f\u0131l\u0131kl\u0131 sayg\u0131 temelinde y\u00fcr\u00fct\u00fclmesi gerekti\u011fini belirterek, toplumun geni\u015f kesimlerini ilgilendiren d\u00fczenlemelerin ortak de\u011ferlendirme yap\u0131lmadan Meclis\u2019e ta\u015f\u0131nmas\u0131n\u0131n kabul edilemez oldu\u011funu ifade etti.<\/p>\n<p>Daha \u00f6nce de benzer durumlar\u0131n ya\u015fand\u0131\u011f\u0131n\u0131 hat\u0131rlatan Akp\u0131nar, Demokrat Parti\u2019nin bilgisi d\u0131\u015f\u0131nda yap\u0131lan giri\u015fimlerin kamuoyunda yanl\u0131\u015f alg\u0131lar olu\u015fturdu\u011funu ve partinin haks\u0131z \u015fekilde y\u0131prat\u0131ld\u0131\u011f\u0131n\u0131 dile getirdi.<\/p>\n<p>DP olarak ki\u015filere \u00f6zel d\u00fczenlemelere kar\u015f\u0131 olduklar\u0131n\u0131 belirten Akp\u0131nar, yasalar\u0131n e\u015fitlik ve adalet ilkelerine dayanmas\u0131 gerekti\u011fini vurgulad\u0131. Akp\u0131nar, \u201cDemokrat Parti\u2019nin bilgisi ve \u00f6n de\u011ferlendirmesi d\u0131\u015f\u0131nda haz\u0131rlanan hi\u00e7bir yasa \u00f6nerisine destek vermeyece\u011fiz\u201d dedi.<\/p>\n<p>Koalisyon ortakl\u0131\u011f\u0131n\u0131n kar\u015f\u0131l\u0131kl\u0131 sorumluluk gerektirdi\u011fini ifade eden Akp\u0131nar, bu anlay\u0131\u015f\u0131n s\u00fcrd\u00fcr\u00fclmemesi halinde h\u00fck\u00fcmetin sa\u011fl\u0131kl\u0131 \u015fekilde devam\u0131n\u0131n da sorgulanabilece\u011fini belirtti.<\/p>\n<p>DP\u2019nin yok say\u0131larak haz\u0131rlanan yasaya deste\u011fimiz  yoktur yaz\u0131s\u0131 ilk \u00f6nce K\u0131br\u0131s Hakikat \u00fczerinde ortaya \u00e7\u0131kt\u0131.<\/p>\n","protected":false},"excerpt":{"rendered":"<p>Akp\u0131nar, koalisyon h\u00fck\u00fcmetlerinin isti\u015fare, ortak ak\u0131l ve kar\u015f\u0131l\u0131kl\u0131 sayg\u0131 temelinde y\u00fcr\u00fct\u00fclmesi gerekti\u011fini belirterek, toplumun geni\u015f kesimlerini ilgilendiren d\u00fczenlemelerin ortak de\u011ferlendirme yap\u0131lmadan Meclis\u2019e ta\u015f\u0131nmas\u0131n\u0131n kabul edilemez oldu\u011funu ifade etti. Daha \u00f6nce de benzer durumlar\u0131n ya\u015fand\u0131\u011f\u0131n\u0131 hat\u0131rlatan Akp\u0131nar, Demokrat Parti\u2019nin bilgisi d\u0131\u015f\u0131nda yap\u0131lan giri\u015fimlerin kamuoyunda yanl\u0131\u015f alg\u0131lar olu\u015fturdu\u011funu ve partinin haks\u0131z \u015fekilde y\u0131prat\u0131ld\u0131\u011f\u0131n\u0131 dile getirdi. DP olarak [&hellip;]<\/p>\n","protected":false},"author":1,"featured_media":36585,"comment_status":"open","ping_status":"open","sticky":false,"template":"","format":"standard","meta":{"jnews-multi-image_gallery":[],"jnews_single_post":[],"jnews_primary_category":[],"jnews_social_meta":[],"jnews_override_counter":[],"footnotes":""},"categories":[1],"tags":[],"class_list":["post-36584","post","type-post","status-publish","format-standard","has-post-thumbnail","hentry","category-kibris"],"yoast_head":"<!-- This site is optimized with the Yoast SEO plugin v27.5 - https:\/\/yoast.com\/product\/yoast-seo-wordpress\/ -->\n<title>DP\u2019nin yok say\u0131larak haz\u0131rlanan yasaya deste\u011fimiz yoktur - Kuzeyin Sesi<\/title>\n<meta name=\"robots\" content=\"index, follow, max-snippet:-1, max-image-preview:large, max-video-preview:-1\" \/>\n<link rel=\"canonical\" href=\"https:\/\/kuzeyinsesi.org\/index.php\/2026\/03\/17\/dpnin-yok-sayilarak-hazirlanan-yasaya-destegimiz-yoktur\/\" \/>\n<meta property=\"og:locale\" content=\"tr_TR\" \/>\n<meta property=\"og:type\" content=\"article\" \/>\n<meta property=\"og:title\" content=\"DP\u2019nin yok say\u0131larak haz\u0131rlanan yasaya deste\u011fimiz yoktur - Kuzeyin Sesi\" \/>\n<meta property=\"og:description\" content=\"Akp\u0131nar, koalisyon h\u00fck\u00fcmetlerinin isti\u015fare, ortak ak\u0131l ve kar\u015f\u0131l\u0131kl\u0131 sayg\u0131 temelinde y\u00fcr\u00fct\u00fclmesi gerekti\u011fini belirterek, toplumun geni\u015f kesimlerini ilgilendiren d\u00fczenlemelerin ortak de\u011ferlendirme yap\u0131lmadan Meclis\u2019e ta\u015f\u0131nmas\u0131n\u0131n kabul edilemez oldu\u011funu ifade etti. Daha \u00f6nce de benzer durumlar\u0131n ya\u015fand\u0131\u011f\u0131n\u0131 hat\u0131rlatan Akp\u0131nar, Demokrat Parti\u2019nin bilgisi d\u0131\u015f\u0131nda yap\u0131lan giri\u015fimlerin kamuoyunda yanl\u0131\u015f alg\u0131lar olu\u015fturdu\u011funu ve partinin haks\u0131z \u015fekilde y\u0131prat\u0131ld\u0131\u011f\u0131n\u0131 dile getirdi. DP olarak [&hellip;]\" \/>\n<meta property=\"og:url\" content=\"https:\/\/kuzeyinsesi.org\/index.php\/2026\/03\/17\/dpnin-yok-sayilarak-hazirlanan-yasaya-destegimiz-yoktur\/\" \/>\n<meta property=\"og:site_name\" content=\"Kuzeyin Sesi\" \/>\n<meta property=\"article:publisher\" content=\"https:\/\/www.facebook.com\/kuzeyinsesii\" \/>\n<meta property=\"article:published_time\" content=\"2026-03-17T05:38:47+00:00\" \/>\n<meta name=\"author\" content=\"Kuzeyin Sesi\" \/>\n<meta name=\"twitter:card\" content=\"summary_large_image\" \/>\n<meta name=\"twitter:creator\" content=\"@kuzeyinsesii\" \/>\n<meta name=\"twitter:site\" content=\"@kuzeyinsesii\" \/>\n<meta name=\"twitter:label1\" content=\"Yazan:\" \/>\n\t<meta name=\"twitter:data1\" content=\"Kuzeyin Sesi\" \/>\n\t<meta name=\"twitter:label2\" content=\"Tahmini okuma s\u00fcresi\" \/>\n\t<meta name=\"twitter:data2\" content=\"1 dakika\" \/>\n<script type=\"application\/ld+json\" class=\"yoast-schema-graph\">{\"@context\":\"https:\\\/\\\/schema.org\",\"@graph\":[{\"@type\":\"Article\",\"@id\":\"https:\\\/\\\/kuzeyinsesi.org\\\/index.php\\\/2026\\\/03\\\/17\\\/dpnin-yok-sayilarak-hazirlanan-yasaya-destegimiz-yoktur\\\/#article\",\"isPartOf\":{\"@id\":\"https:\\\/\\\/kuzeyinsesi.org\\\/index.php\\\/2026\\\/03\\\/17\\\/dpnin-yok-sayilarak-hazirlanan-yasaya-destegimiz-yoktur\\\/\"},\"author\":{\"name\":\"Kuzeyin Sesi\",\"@id\":\"https:\\\/\\\/kuzeyinsesi.org\\\/#\\\/schema\\\/person\\\/9f859689cdf01485597712386e37f5aa\"},\"headline\":\"DP\u2019nin yok say\u0131larak haz\u0131rlanan yasaya deste\u011fimiz yoktur\",\"datePublished\":\"2026-03-17T05:38:47+00:00\",\"mainEntityOfPage\":{\"@id\":\"https:\\\/\\\/kuzeyinsesi.org\\\/index.php\\\/2026\\\/03\\\/17\\\/dpnin-yok-sayilarak-hazirlanan-yasaya-destegimiz-yoktur\\\/\"},\"wordCount\":203,\"commentCount\":0,\"image\":{\"@id\":\"https:\\\/\\\/kuzeyinsesi.org\\\/index.php\\\/2026\\\/03\\\/17\\\/dpnin-yok-sayilarak-hazirlanan-yasaya-destegimiz-yoktur\\\/#primaryimage\"},\"thumbnailUrl\":\"https:\\\/\\\/kuzeyinsesi.org\\\/wp-content\\\/uploads\\\/2026\\\/03\\\/Turuncu-Modern-Haftanin-Konugu-YouTube-Kucuk-Resmi-.png\",\"articleSection\":[\"K\u0131br\u0131s\"],\"inLanguage\":\"tr\",\"potentialAction\":[{\"@type\":\"CommentAction\",\"name\":\"Comment\",\"target\":[\"https:\\\/\\\/kuzeyinsesi.org\\\/index.php\\\/2026\\\/03\\\/17\\\/dpnin-yok-sayilarak-hazirlanan-yasaya-destegimiz-yoktur\\\/#respond\"]}]},{\"@type\":\"WebPage\",\"@id\":\"https:\\\/\\\/kuzeyinsesi.org\\\/index.php\\\/2026\\\/03\\\/17\\\/dpnin-yok-sayilarak-hazirlanan-yasaya-destegimiz-yoktur\\\/\",\"url\":\"https:\\\/\\\/kuzeyinsesi.org\\\/index.php\\\/2026\\\/03\\\/17\\\/dpnin-yok-sayilarak-hazirlanan-yasaya-destegimiz-yoktur\\\/\",\"name\":\"DP\u2019nin yok say\u0131larak haz\u0131rlanan yasaya deste\u011fimiz yoktur - Kuzeyin Sesi\",\"isPartOf\":{\"@id\":\"https:\\\/\\\/kuzeyinsesi.org\\\/#website\"},\"primaryImageOfPage\":{\"@id\":\"https:\\\/\\\/kuzeyinsesi.org\\\/index.php\\\/2026\\\/03\\\/17\\\/dpnin-yok-sayilarak-hazirlanan-yasaya-destegimiz-yoktur\\\/#primaryimage\"},\"image\":{\"@id\":\"https:\\\/\\\/kuzeyinsesi.org\\\/index.php\\\/2026\\\/03\\\/17\\\/dpnin-yok-sayilarak-hazirlanan-yasaya-destegimiz-yoktur\\\/#primaryimage\"},\"thumbnailUrl\":\"https:\\\/\\\/kuzeyinsesi.org\\\/wp-content\\\/uploads\\\/2026\\\/03\\\/Turuncu-Modern-Haftanin-Konugu-YouTube-Kucuk-Resmi-.png\",\"datePublished\":\"2026-03-17T05:38:47+00:00\",\"author\":{\"@id\":\"https:\\\/\\\/kuzeyinsesi.org\\\/#\\\/schema\\\/person\\\/9f859689cdf01485597712386e37f5aa\"},\"breadcrumb\":{\"@id\":\"https:\\\/\\\/kuzeyinsesi.org\\\/index.php\\\/2026\\\/03\\\/17\\\/dpnin-yok-sayilarak-hazirlanan-yasaya-destegimiz-yoktur\\\/#breadcrumb\"},\"inLanguage\":\"tr\",\"potentialAction\":[{\"@type\":\"ReadAction\",\"target\":[\"https:\\\/\\\/kuzeyinsesi.org\\\/index.php\\\/2026\\\/03\\\/17\\\/dpnin-yok-sayilarak-hazirlanan-yasaya-destegimiz-yoktur\\\/\"]}]},{\"@type\":\"ImageObject\",\"inLanguage\":\"tr\",\"@id\":\"https:\\\/\\\/kuzeyinsesi.org\\\/index.php\\\/2026\\\/03\\\/17\\\/dpnin-yok-sayilarak-hazirlanan-yasaya-destegimiz-yoktur\\\/#primaryimage\",\"url\":\"https:\\\/\\\/kuzeyinsesi.org\\\/wp-content\\\/uploads\\\/2026\\\/03\\\/Turuncu-Modern-Haftanin-Konugu-YouTube-Kucuk-Resmi-.png\",\"contentUrl\":\"https:\\\/\\\/kuzeyinsesi.org\\\/wp-content\\\/uploads\\\/2026\\\/03\\\/Turuncu-Modern-Haftanin-Konugu-YouTube-Kucuk-Resmi-.png\",\"width\":1280,\"height\":720},{\"@type\":\"BreadcrumbList\",\"@id\":\"https:\\\/\\\/kuzeyinsesi.org\\\/index.php\\\/2026\\\/03\\\/17\\\/dpnin-yok-sayilarak-hazirlanan-yasaya-destegimiz-yoktur\\\/#breadcrumb\",\"itemListElement\":[{\"@type\":\"ListItem\",\"position\":1,\"name\":\"Anasayfa\",\"item\":\"https:\\\/\\\/kuzeyinsesi.org\\\/\"},{\"@type\":\"ListItem\",\"position\":2,\"name\":\"DP\u2019nin yok say\u0131larak haz\u0131rlanan yasaya deste\u011fimiz yoktur\"}]},{\"@type\":\"WebSite\",\"@id\":\"https:\\\/\\\/kuzeyinsesi.org\\\/#website\",\"url\":\"https:\\\/\\\/kuzeyinsesi.org\\\/\",\"name\":\"Kuzeyin Sesi\",\"description\":\"Do\u011fru Haberin Adresi\",\"potentialAction\":[{\"@type\":\"SearchAction\",\"target\":{\"@type\":\"EntryPoint\",\"urlTemplate\":\"https:\\\/\\\/kuzeyinsesi.org\\\/?s={search_term_string}\"},\"query-input\":{\"@type\":\"PropertyValueSpecification\",\"valueRequired\":true,\"valueName\":\"search_term_string\"}}],\"inLanguage\":\"tr\"},{\"@type\":\"Person\",\"@id\":\"https:\\\/\\\/kuzeyinsesi.org\\\/#\\\/schema\\\/person\\\/9f859689cdf01485597712386e37f5aa\",\"name\":\"Kuzeyin Sesi\",\"image\":{\"@type\":\"ImageObject\",\"inLanguage\":\"tr\",\"@id\":\"https:\\\/\\\/secure.gravatar.com\\\/avatar\\\/bab33852abfd8b282518d6ed81826833d77c3c882d9ab608add591ccace47a44?s=96&d=mm&r=g\",\"url\":\"https:\\\/\\\/secure.gravatar.com\\\/avatar\\\/bab33852abfd8b282518d6ed81826833d77c3c882d9ab608add591ccace47a44?s=96&d=mm&r=g\",\"contentUrl\":\"https:\\\/\\\/secure.gravatar.com\\\/avatar\\\/bab33852abfd8b282518d6ed81826833d77c3c882d9ab608add591ccace47a44?s=96&d=mm&r=g\",\"caption\":\"Kuzeyin Sesi\"},\"sameAs\":[\"https:\\\/\\\/kuzeyinsesi.org\"],\"url\":\"https:\\\/\\\/kuzeyinsesi.org\\\/index.php\\\/author\\\/guven\\\/\"}]}<\/script>\n<!-- \/ Yoast SEO plugin. -->","yoast_head_json":{"title":"DP\u2019nin yok say\u0131larak haz\u0131rlanan yasaya deste\u011fimiz yoktur - Kuzeyin Sesi","robots":{"index":"index","follow":"follow","max-snippet":"max-snippet:-1","max-image-preview":"max-image-preview:large","max-video-preview":"max-video-preview:-1"},"canonical":"https:\/\/kuzeyinsesi.org\/index.php\/2026\/03\/17\/dpnin-yok-sayilarak-hazirlanan-yasaya-destegimiz-yoktur\/","og_locale":"tr_TR","og_type":"article","og_title":"DP\u2019nin yok say\u0131larak haz\u0131rlanan yasaya deste\u011fimiz yoktur - Kuzeyin Sesi","og_description":"Akp\u0131nar, koalisyon h\u00fck\u00fcmetlerinin isti\u015fare, ortak ak\u0131l ve kar\u015f\u0131l\u0131kl\u0131 sayg\u0131 temelinde y\u00fcr\u00fct\u00fclmesi gerekti\u011fini belirterek, toplumun geni\u015f kesimlerini ilgilendiren d\u00fczenlemelerin ortak de\u011ferlendirme yap\u0131lmadan Meclis\u2019e ta\u015f\u0131nmas\u0131n\u0131n kabul edilemez oldu\u011funu ifade etti. Daha \u00f6nce de benzer durumlar\u0131n ya\u015fand\u0131\u011f\u0131n\u0131 hat\u0131rlatan Akp\u0131nar, Demokrat Parti\u2019nin bilgisi d\u0131\u015f\u0131nda yap\u0131lan giri\u015fimlerin kamuoyunda yanl\u0131\u015f alg\u0131lar olu\u015fturdu\u011funu ve partinin haks\u0131z \u015fekilde y\u0131prat\u0131ld\u0131\u011f\u0131n\u0131 dile getirdi. DP olarak [&hellip;]","og_url":"https:\/\/kuzeyinsesi.org\/index.php\/2026\/03\/17\/dpnin-yok-sayilarak-hazirlanan-yasaya-destegimiz-yoktur\/","og_site_name":"Kuzeyin Sesi","article_publisher":"https:\/\/www.facebook.com\/kuzeyinsesii","article_published_time":"2026-03-17T05:38:47+00:00","author":"Kuzeyin Sesi","twitter_card":"summary_large_image","twitter_creator":"@kuzeyinsesii","twitter_site":"@kuzeyinsesii","twitter_misc":{"Yazan:":"Kuzeyin Sesi","Tahmini okuma s\u00fcresi":"1 dakika"},"schema":{"@context":"https:\/\/schema.org","@graph":[{"@type":"Article","@id":"https:\/\/kuzeyinsesi.org\/index.php\/2026\/03\/17\/dpnin-yok-sayilarak-hazirlanan-yasaya-destegimiz-yoktur\/#article","isPartOf":{"@id":"https:\/\/kuzeyinsesi.org\/index.php\/2026\/03\/17\/dpnin-yok-sayilarak-hazirlanan-yasaya-destegimiz-yoktur\/"},"author":{"name":"Kuzeyin Sesi","@id":"https:\/\/kuzeyinsesi.org\/#\/schema\/person\/9f859689cdf01485597712386e37f5aa"},"headline":"DP\u2019nin yok say\u0131larak haz\u0131rlanan yasaya deste\u011fimiz yoktur","datePublished":"2026-03-17T05:38:47+00:00","mainEntityOfPage":{"@id":"https:\/\/kuzeyinsesi.org\/index.php\/2026\/03\/17\/dpnin-yok-sayilarak-hazirlanan-yasaya-destegimiz-yoktur\/"},"wordCount":203,"commentCount":0,"image":{"@id":"https:\/\/kuzeyinsesi.org\/index.php\/2026\/03\/17\/dpnin-yok-sayilarak-hazirlanan-yasaya-destegimiz-yoktur\/#primaryimage"},"thumbnailUrl":"https:\/\/kuzeyinsesi.org\/wp-content\/uploads\/2026\/03\/Turuncu-Modern-Haftanin-Konugu-YouTube-Kucuk-Resmi-.png","articleSection":["K\u0131br\u0131s"],"inLanguage":"tr","potentialAction":[{"@type":"CommentAction","name":"Comment","target":["https:\/\/kuzeyinsesi.org\/index.php\/2026\/03\/17\/dpnin-yok-sayilarak-hazirlanan-yasaya-destegimiz-yoktur\/#respond"]}]},{"@type":"WebPage","@id":"https:\/\/kuzeyinsesi.org\/index.php\/2026\/03\/17\/dpnin-yok-sayilarak-hazirlanan-yasaya-destegimiz-yoktur\/","url":"https:\/\/kuzeyinsesi.org\/index.php\/2026\/03\/17\/dpnin-yok-sayilarak-hazirlanan-yasaya-destegimiz-yoktur\/","name":"DP\u2019nin yok say\u0131larak haz\u0131rlanan yasaya deste\u011fimiz yoktur - Kuzeyin Sesi","isPartOf":{"@id":"https:\/\/kuzeyinsesi.org\/#website"},"primaryImageOfPage":{"@id":"https:\/\/kuzeyinsesi.org\/index.php\/2026\/03\/17\/dpnin-yok-sayilarak-hazirlanan-yasaya-destegimiz-yoktur\/#primaryimage"},"image":{"@id":"https:\/\/kuzeyinsesi.org\/index.php\/2026\/03\/17\/dpnin-yok-sayilarak-hazirlanan-yasaya-destegimiz-yoktur\/#primaryimage"},"thumbnailUrl":"https:\/\/kuzeyinsesi.org\/wp-content\/uploads\/2026\/03\/Turuncu-Modern-Haftanin-Konugu-YouTube-Kucuk-Resmi-.png","datePublished":"2026-03-17T05:38:47+00:00","author":{"@id":"https:\/\/kuzeyinsesi.org\/#\/schema\/person\/9f859689cdf01485597712386e37f5aa"},"breadcrumb":{"@id":"https:\/\/kuzeyinsesi.org\/index.php\/2026\/03\/17\/dpnin-yok-sayilarak-hazirlanan-yasaya-destegimiz-yoktur\/#breadcrumb"},"inLanguage":"tr","potentialAction":[{"@type":"ReadAction","target":["https:\/\/kuzeyinsesi.org\/index.php\/2026\/03\/17\/dpnin-yok-sayilarak-hazirlanan-yasaya-destegimiz-yoktur\/"]}]},{"@type":"ImageObject","inLanguage":"tr","@id":"https:\/\/kuzeyinsesi.org\/index.php\/2026\/03\/17\/dpnin-yok-sayilarak-hazirlanan-yasaya-destegimiz-yoktur\/#primaryimage","url":"https:\/\/kuzeyinsesi.org\/wp-content\/uploads\/2026\/03\/Turuncu-Modern-Haftanin-Konugu-YouTube-Kucuk-Resmi-.png","contentUrl":"https:\/\/kuzeyinsesi.org\/wp-content\/uploads\/2026\/03\/Turuncu-Modern-Haftanin-Konugu-YouTube-Kucuk-Resmi-.png","width":1280,"height":720},{"@type":"BreadcrumbList","@id":"https:\/\/kuzeyinsesi.org\/index.php\/2026\/03\/17\/dpnin-yok-sayilarak-hazirlanan-yasaya-destegimiz-yoktur\/#breadcrumb","itemListElement":[{"@type":"ListItem","position":1,"name":"Anasayfa","item":"https:\/\/kuzeyinsesi.org\/"},{"@type":"ListItem","position":2,"name":"DP\u2019nin yok say\u0131larak haz\u0131rlanan yasaya deste\u011fimiz yoktur"}]},{"@type":"WebSite","@id":"https:\/\/kuzeyinsesi.org\/#website","url":"https:\/\/kuzeyinsesi.org\/","name":"Kuzeyin Sesi","description":"Do\u011fru Haberin Adresi","potentialAction":[{"@type":"SearchAction","target":{"@type":"EntryPoint","urlTemplate":"https:\/\/kuzeyinsesi.org\/?s={search_term_string}"},"query-input":{"@type":"PropertyValueSpecification","valueRequired":true,"valueName":"search_term_string"}}],"inLanguage":"tr"},{"@type":"Person","@id":"https:\/\/kuzeyinsesi.org\/#\/schema\/person\/9f859689cdf01485597712386e37f5aa","name":"Kuzeyin Sesi","image":{"@type":"ImageObject","inLanguage":"tr","@id":"https:\/\/secure.gravatar.com\/avatar\/bab33852abfd8b282518d6ed81826833d77c3c882d9ab608add591ccace47a44?s=96&d=mm&r=g","url":"https:\/\/secure.gravatar.com\/avatar\/bab33852abfd8b282518d6ed81826833d77c3c882d9ab608add591ccace47a44?s=96&d=mm&r=g","contentUrl":"https:\/\/secure.gravatar.com\/avatar\/bab33852abfd8b282518d6ed81826833d77c3c882d9ab608add591ccace47a44?s=96&d=mm&r=g","caption":"Kuzeyin Sesi"},"sameAs":["https:\/\/kuzeyinsesi.org"],"url":"https:\/\/kuzeyinsesi.org\/index.php\/author\/guven\/"}]}},"_links":{"self":[{"href":"https:\/\/kuzeyinsesi.org\/index.php\/wp-json\/wp\/v2\/posts\/36584","targetHints":{"allow":["GET"]}}],"collection":[{"href":"https:\/\/kuzeyinsesi.org\/index.php\/wp-json\/wp\/v2\/posts"}],"about":[{"href":"https:\/\/kuzeyinsesi.org\/index.php\/wp-json\/wp\/v2\/types\/post"}],"author":[{"embeddable":true,"href":"https:\/\/kuzeyinsesi.org\/index.php\/wp-json\/wp\/v2\/users\/1"}],"replies":[{"embeddable":true,"href":"https:\/\/kuzeyinsesi.org\/index.php\/wp-json\/wp\/v2\/comments?post=36584"}],"version-history":[{"count":0,"href":"https:\/\/kuzeyinsesi.org\/index.php\/wp-json\/wp\/v2\/posts\/36584\/revisions"}],"wp:featuredmedia":[{"embeddable":true,"href":"https:\/\/kuzeyinsesi.org\/index.php\/wp-json\/wp\/v2\/media\/36585"}],"wp:attachment":[{"href":"https:\/\/kuzeyinsesi.org\/index.php\/wp-json\/wp\/v2\/media?parent=36584"}],"wp:term":[{"taxonomy":"category","embeddable":true,"href":"https:\/\/kuzeyinsesi.org\/index.php\/wp-json\/wp\/v2\/categories?post=36584"},{"taxonomy":"post_tag","embeddable":true,"href":"https:\/\/kuzeyinsesi.org\/index.php\/wp-json\/wp\/v2\/tags?post=36584"}],"curies":[{"name":"wp","href":"https:\/\/api.w.org\/{rel}","templated":true}]}}