{"id":36580,"date":"2026-03-16T14:51:30","date_gmt":"2026-03-16T12:51:30","guid":{"rendered":"https:\/\/kuzeyinsesi.org\/index.php\/2026\/03\/16\/borcun-yuku-yine-halka-kaldi\/"},"modified":"2026-03-16T14:51:30","modified_gmt":"2026-03-16T12:51:30","slug":"borcun-yuku-yine-halka-kaldi","status":"publish","type":"post","link":"https:\/\/kuzeyinsesi.org\/index.php\/2026\/03\/16\/borcun-yuku-yine-halka-kaldi\/","title":{"rendered":"Borcun y\u00fck\u00fc yine halka kald\u0131"},"content":{"rendered":"<p>F\u0130F\u2019in akaryak\u0131t ve temel t\u00fcketim maddelerinde fiyat art\u0131\u015flar\u0131n\u0131n halka daha az yans\u0131mas\u0131 i\u00e7in kuruldu\u011funu hat\u0131rlatan \u0130ncirli, 2025 y\u0131l\u0131 i\u00e7inde fonda yakla\u015f\u0131k 7 milyar TL topland\u0131\u011f\u0131n\u0131 s\u00f6yledi. \u201cBu fon tam da bug\u00fcnler i\u00e7in olu\u015fturuldu\u201d diyen \u0130ncirli, piyasadaki dalgalanmalar\u0131 azaltmak i\u00e7in bu kayna\u011f\u0131n kullan\u0131l\u0131p kullan\u0131lmad\u0131\u011f\u0131n\u0131 sordu. Kullan\u0131ld\u0131ysa neden piyasada bir rahatlama g\u00f6r\u00fclmedi\u011fini dile getirdi. H\u00fck\u00fcmetin ekonomik y\u00f6netimini de ele\u015ftiren \u0130ncirli, yakla\u015f\u0131k 20 milyar TL\u2019lik bor\u00e7lanman\u0131n faiz y\u00fck\u00fcn\u00fcn halk\u0131n omzuna bindirildi\u011fini savundu. Akaryak\u0131t zamlar\u0131n\u0131n enflasyonu ve hayat pahal\u0131l\u0131\u011f\u0131n\u0131 art\u0131rd\u0131\u011f\u0131n\u0131 belirten \u0130ncirli, ekonomik kaynaklar\u0131n amac\u0131 d\u0131\u015f\u0131nda kullan\u0131lmamas\u0131 ve kamuoyuna a\u00e7\u0131k bi\u00e7imde hesap verilmesi gerekti\u011fini vurgulad\u0131.<\/p>\n<p>Borcun y\u00fck\u00fc yine halka kald\u0131 yaz\u0131s\u0131 ilk \u00f6nce K\u0131br\u0131s Hakikat \u00fczerinde ortaya \u00e7\u0131kt\u0131.<\/p>\n","protected":false},"excerpt":{"rendered":"<p>F\u0130F\u2019in akaryak\u0131t ve temel t\u00fcketim maddelerinde fiyat art\u0131\u015flar\u0131n\u0131n halka daha az yans\u0131mas\u0131 i\u00e7in kuruldu\u011funu hat\u0131rlatan \u0130ncirli, 2025 y\u0131l\u0131 i\u00e7inde fonda yakla\u015f\u0131k 7 milyar TL topland\u0131\u011f\u0131n\u0131 s\u00f6yledi. \u201cBu fon tam da bug\u00fcnler i\u00e7in olu\u015fturuldu\u201d diyen \u0130ncirli, piyasadaki dalgalanmalar\u0131 azaltmak i\u00e7in bu kayna\u011f\u0131n kullan\u0131l\u0131p kullan\u0131lmad\u0131\u011f\u0131n\u0131 sordu. Kullan\u0131ld\u0131ysa neden piyasada bir rahatlama g\u00f6r\u00fclmedi\u011fini dile getirdi. H\u00fck\u00fcmetin ekonomik y\u00f6netimini [&hellip;]<\/p>\n","protected":false},"author":1,"featured_media":36581,"comment_status":"open","ping_status":"open","sticky":false,"template":"","format":"standard","meta":{"jnews-multi-image_gallery":[],"jnews_single_post":[],"jnews_primary_category":[],"jnews_social_meta":[],"jnews_override_counter":[],"footnotes":""},"categories":[1],"tags":[],"class_list":["post-36580","post","type-post","status-publish","format-standard","has-post-thumbnail","hentry","category-kibris"],"yoast_head":"<!-- This site is optimized with the Yoast SEO plugin v27.5 - https:\/\/yoast.com\/product\/yoast-seo-wordpress\/ -->\n<title>Borcun y\u00fck\u00fc yine halka kald\u0131 - Kuzeyin Sesi<\/title>\n<meta name=\"robots\" content=\"index, follow, max-snippet:-1, max-image-preview:large, max-video-preview:-1\" \/>\n<link rel=\"canonical\" href=\"https:\/\/kuzeyinsesi.org\/index.php\/2026\/03\/16\/borcun-yuku-yine-halka-kaldi\/\" \/>\n<meta property=\"og:locale\" content=\"tr_TR\" \/>\n<meta property=\"og:type\" content=\"article\" \/>\n<meta property=\"og:title\" content=\"Borcun y\u00fck\u00fc yine halka kald\u0131 - Kuzeyin Sesi\" \/>\n<meta property=\"og:description\" content=\"F\u0130F\u2019in akaryak\u0131t ve temel t\u00fcketim maddelerinde fiyat art\u0131\u015flar\u0131n\u0131n halka daha az yans\u0131mas\u0131 i\u00e7in kuruldu\u011funu hat\u0131rlatan \u0130ncirli, 2025 y\u0131l\u0131 i\u00e7inde fonda yakla\u015f\u0131k 7 milyar TL topland\u0131\u011f\u0131n\u0131 s\u00f6yledi. \u201cBu fon tam da bug\u00fcnler i\u00e7in olu\u015fturuldu\u201d diyen \u0130ncirli, piyasadaki dalgalanmalar\u0131 azaltmak i\u00e7in bu kayna\u011f\u0131n kullan\u0131l\u0131p kullan\u0131lmad\u0131\u011f\u0131n\u0131 sordu. Kullan\u0131ld\u0131ysa neden piyasada bir rahatlama g\u00f6r\u00fclmedi\u011fini dile getirdi. H\u00fck\u00fcmetin ekonomik y\u00f6netimini [&hellip;]\" \/>\n<meta property=\"og:url\" content=\"https:\/\/kuzeyinsesi.org\/index.php\/2026\/03\/16\/borcun-yuku-yine-halka-kaldi\/\" \/>\n<meta property=\"og:site_name\" content=\"Kuzeyin Sesi\" \/>\n<meta property=\"article:publisher\" content=\"https:\/\/www.facebook.com\/kuzeyinsesii\" \/>\n<meta property=\"article:published_time\" content=\"2026-03-16T12:51:30+00:00\" \/>\n<meta name=\"author\" content=\"Kuzeyin Sesi\" \/>\n<meta name=\"twitter:card\" content=\"summary_large_image\" \/>\n<meta name=\"twitter:creator\" content=\"@kuzeyinsesii\" \/>\n<meta name=\"twitter:site\" content=\"@kuzeyinsesii\" \/>\n<meta name=\"twitter:label1\" content=\"Yazan:\" \/>\n\t<meta name=\"twitter:data1\" content=\"Kuzeyin Sesi\" \/>\n\t<meta name=\"twitter:label2\" content=\"Tahmini okuma s\u00fcresi\" \/>\n\t<meta name=\"twitter:data2\" content=\"1 dakika\" \/>\n<script type=\"application\/ld+json\" class=\"yoast-schema-graph\">{\"@context\":\"https:\\\/\\\/schema.org\",\"@graph\":[{\"@type\":\"Article\",\"@id\":\"https:\\\/\\\/kuzeyinsesi.org\\\/index.php\\\/2026\\\/03\\\/16\\\/borcun-yuku-yine-halka-kaldi\\\/#article\",\"isPartOf\":{\"@id\":\"https:\\\/\\\/kuzeyinsesi.org\\\/index.php\\\/2026\\\/03\\\/16\\\/borcun-yuku-yine-halka-kaldi\\\/\"},\"author\":{\"name\":\"Kuzeyin Sesi\",\"@id\":\"https:\\\/\\\/kuzeyinsesi.org\\\/#\\\/schema\\\/person\\\/9f859689cdf01485597712386e37f5aa\"},\"headline\":\"Borcun y\u00fck\u00fc yine halka kald\u0131\",\"datePublished\":\"2026-03-16T12:51:30+00:00\",\"mainEntityOfPage\":{\"@id\":\"https:\\\/\\\/kuzeyinsesi.org\\\/index.php\\\/2026\\\/03\\\/16\\\/borcun-yuku-yine-halka-kaldi\\\/\"},\"wordCount\":167,\"commentCount\":0,\"image\":{\"@id\":\"https:\\\/\\\/kuzeyinsesi.org\\\/index.php\\\/2026\\\/03\\\/16\\\/borcun-yuku-yine-halka-kaldi\\\/#primaryimage\"},\"thumbnailUrl\":\"https:\\\/\\\/kuzeyinsesi.org\\\/wp-content\\\/uploads\\\/2026\\\/03\\\/Basit-Metin-ve-Fotograf-Yeni-Sarki-Videosu-Youtube-Kucuk-Resmi-20.png\",\"articleSection\":[\"K\u0131br\u0131s\"],\"inLanguage\":\"tr\",\"potentialAction\":[{\"@type\":\"CommentAction\",\"name\":\"Comment\",\"target\":[\"https:\\\/\\\/kuzeyinsesi.org\\\/index.php\\\/2026\\\/03\\\/16\\\/borcun-yuku-yine-halka-kaldi\\\/#respond\"]}]},{\"@type\":\"WebPage\",\"@id\":\"https:\\\/\\\/kuzeyinsesi.org\\\/index.php\\\/2026\\\/03\\\/16\\\/borcun-yuku-yine-halka-kaldi\\\/\",\"url\":\"https:\\\/\\\/kuzeyinsesi.org\\\/index.php\\\/2026\\\/03\\\/16\\\/borcun-yuku-yine-halka-kaldi\\\/\",\"name\":\"Borcun y\u00fck\u00fc yine halka kald\u0131 - Kuzeyin Sesi\",\"isPartOf\":{\"@id\":\"https:\\\/\\\/kuzeyinsesi.org\\\/#website\"},\"primaryImageOfPage\":{\"@id\":\"https:\\\/\\\/kuzeyinsesi.org\\\/index.php\\\/2026\\\/03\\\/16\\\/borcun-yuku-yine-halka-kaldi\\\/#primaryimage\"},\"image\":{\"@id\":\"https:\\\/\\\/kuzeyinsesi.org\\\/index.php\\\/2026\\\/03\\\/16\\\/borcun-yuku-yine-halka-kaldi\\\/#primaryimage\"},\"thumbnailUrl\":\"https:\\\/\\\/kuzeyinsesi.org\\\/wp-content\\\/uploads\\\/2026\\\/03\\\/Basit-Metin-ve-Fotograf-Yeni-Sarki-Videosu-Youtube-Kucuk-Resmi-20.png\",\"datePublished\":\"2026-03-16T12:51:30+00:00\",\"author\":{\"@id\":\"https:\\\/\\\/kuzeyinsesi.org\\\/#\\\/schema\\\/person\\\/9f859689cdf01485597712386e37f5aa\"},\"breadcrumb\":{\"@id\":\"https:\\\/\\\/kuzeyinsesi.org\\\/index.php\\\/2026\\\/03\\\/16\\\/borcun-yuku-yine-halka-kaldi\\\/#breadcrumb\"},\"inLanguage\":\"tr\",\"potentialAction\":[{\"@type\":\"ReadAction\",\"target\":[\"https:\\\/\\\/kuzeyinsesi.org\\\/index.php\\\/2026\\\/03\\\/16\\\/borcun-yuku-yine-halka-kaldi\\\/\"]}]},{\"@type\":\"ImageObject\",\"inLanguage\":\"tr\",\"@id\":\"https:\\\/\\\/kuzeyinsesi.org\\\/index.php\\\/2026\\\/03\\\/16\\\/borcun-yuku-yine-halka-kaldi\\\/#primaryimage\",\"url\":\"https:\\\/\\\/kuzeyinsesi.org\\\/wp-content\\\/uploads\\\/2026\\\/03\\\/Basit-Metin-ve-Fotograf-Yeni-Sarki-Videosu-Youtube-Kucuk-Resmi-20.png\",\"contentUrl\":\"https:\\\/\\\/kuzeyinsesi.org\\\/wp-content\\\/uploads\\\/2026\\\/03\\\/Basit-Metin-ve-Fotograf-Yeni-Sarki-Videosu-Youtube-Kucuk-Resmi-20.png\",\"width\":1280,\"height\":720},{\"@type\":\"BreadcrumbList\",\"@id\":\"https:\\\/\\\/kuzeyinsesi.org\\\/index.php\\\/2026\\\/03\\\/16\\\/borcun-yuku-yine-halka-kaldi\\\/#breadcrumb\",\"itemListElement\":[{\"@type\":\"ListItem\",\"position\":1,\"name\":\"Anasayfa\",\"item\":\"https:\\\/\\\/kuzeyinsesi.org\\\/\"},{\"@type\":\"ListItem\",\"position\":2,\"name\":\"Borcun y\u00fck\u00fc yine halka kald\u0131\"}]},{\"@type\":\"WebSite\",\"@id\":\"https:\\\/\\\/kuzeyinsesi.org\\\/#website\",\"url\":\"https:\\\/\\\/kuzeyinsesi.org\\\/\",\"name\":\"Kuzeyin Sesi\",\"description\":\"Do\u011fru Haberin Adresi\",\"potentialAction\":[{\"@type\":\"SearchAction\",\"target\":{\"@type\":\"EntryPoint\",\"urlTemplate\":\"https:\\\/\\\/kuzeyinsesi.org\\\/?s={search_term_string}\"},\"query-input\":{\"@type\":\"PropertyValueSpecification\",\"valueRequired\":true,\"valueName\":\"search_term_string\"}}],\"inLanguage\":\"tr\"},{\"@type\":\"Person\",\"@id\":\"https:\\\/\\\/kuzeyinsesi.org\\\/#\\\/schema\\\/person\\\/9f859689cdf01485597712386e37f5aa\",\"name\":\"Kuzeyin Sesi\",\"image\":{\"@type\":\"ImageObject\",\"inLanguage\":\"tr\",\"@id\":\"https:\\\/\\\/secure.gravatar.com\\\/avatar\\\/bab33852abfd8b282518d6ed81826833d77c3c882d9ab608add591ccace47a44?s=96&d=mm&r=g\",\"url\":\"https:\\\/\\\/secure.gravatar.com\\\/avatar\\\/bab33852abfd8b282518d6ed81826833d77c3c882d9ab608add591ccace47a44?s=96&d=mm&r=g\",\"contentUrl\":\"https:\\\/\\\/secure.gravatar.com\\\/avatar\\\/bab33852abfd8b282518d6ed81826833d77c3c882d9ab608add591ccace47a44?s=96&d=mm&r=g\",\"caption\":\"Kuzeyin Sesi\"},\"sameAs\":[\"https:\\\/\\\/kuzeyinsesi.org\"],\"url\":\"https:\\\/\\\/kuzeyinsesi.org\\\/index.php\\\/author\\\/guven\\\/\"}]}<\/script>\n<!-- \/ Yoast SEO plugin. -->","yoast_head_json":{"title":"Borcun y\u00fck\u00fc yine halka kald\u0131 - Kuzeyin Sesi","robots":{"index":"index","follow":"follow","max-snippet":"max-snippet:-1","max-image-preview":"max-image-preview:large","max-video-preview":"max-video-preview:-1"},"canonical":"https:\/\/kuzeyinsesi.org\/index.php\/2026\/03\/16\/borcun-yuku-yine-halka-kaldi\/","og_locale":"tr_TR","og_type":"article","og_title":"Borcun y\u00fck\u00fc yine halka kald\u0131 - Kuzeyin Sesi","og_description":"F\u0130F\u2019in akaryak\u0131t ve temel t\u00fcketim maddelerinde fiyat art\u0131\u015flar\u0131n\u0131n halka daha az yans\u0131mas\u0131 i\u00e7in kuruldu\u011funu hat\u0131rlatan \u0130ncirli, 2025 y\u0131l\u0131 i\u00e7inde fonda yakla\u015f\u0131k 7 milyar TL topland\u0131\u011f\u0131n\u0131 s\u00f6yledi. \u201cBu fon tam da bug\u00fcnler i\u00e7in olu\u015fturuldu\u201d diyen \u0130ncirli, piyasadaki dalgalanmalar\u0131 azaltmak i\u00e7in bu kayna\u011f\u0131n kullan\u0131l\u0131p kullan\u0131lmad\u0131\u011f\u0131n\u0131 sordu. Kullan\u0131ld\u0131ysa neden piyasada bir rahatlama g\u00f6r\u00fclmedi\u011fini dile getirdi. H\u00fck\u00fcmetin ekonomik y\u00f6netimini [&hellip;]","og_url":"https:\/\/kuzeyinsesi.org\/index.php\/2026\/03\/16\/borcun-yuku-yine-halka-kaldi\/","og_site_name":"Kuzeyin Sesi","article_publisher":"https:\/\/www.facebook.com\/kuzeyinsesii","article_published_time":"2026-03-16T12:51:30+00:00","author":"Kuzeyin Sesi","twitter_card":"summary_large_image","twitter_creator":"@kuzeyinsesii","twitter_site":"@kuzeyinsesii","twitter_misc":{"Yazan:":"Kuzeyin Sesi","Tahmini okuma s\u00fcresi":"1 dakika"},"schema":{"@context":"https:\/\/schema.org","@graph":[{"@type":"Article","@id":"https:\/\/kuzeyinsesi.org\/index.php\/2026\/03\/16\/borcun-yuku-yine-halka-kaldi\/#article","isPartOf":{"@id":"https:\/\/kuzeyinsesi.org\/index.php\/2026\/03\/16\/borcun-yuku-yine-halka-kaldi\/"},"author":{"name":"Kuzeyin Sesi","@id":"https:\/\/kuzeyinsesi.org\/#\/schema\/person\/9f859689cdf01485597712386e37f5aa"},"headline":"Borcun y\u00fck\u00fc yine halka kald\u0131","datePublished":"2026-03-16T12:51:30+00:00","mainEntityOfPage":{"@id":"https:\/\/kuzeyinsesi.org\/index.php\/2026\/03\/16\/borcun-yuku-yine-halka-kaldi\/"},"wordCount":167,"commentCount":0,"image":{"@id":"https:\/\/kuzeyinsesi.org\/index.php\/2026\/03\/16\/borcun-yuku-yine-halka-kaldi\/#primaryimage"},"thumbnailUrl":"https:\/\/kuzeyinsesi.org\/wp-content\/uploads\/2026\/03\/Basit-Metin-ve-Fotograf-Yeni-Sarki-Videosu-Youtube-Kucuk-Resmi-20.png","articleSection":["K\u0131br\u0131s"],"inLanguage":"tr","potentialAction":[{"@type":"CommentAction","name":"Comment","target":["https:\/\/kuzeyinsesi.org\/index.php\/2026\/03\/16\/borcun-yuku-yine-halka-kaldi\/#respond"]}]},{"@type":"WebPage","@id":"https:\/\/kuzeyinsesi.org\/index.php\/2026\/03\/16\/borcun-yuku-yine-halka-kaldi\/","url":"https:\/\/kuzeyinsesi.org\/index.php\/2026\/03\/16\/borcun-yuku-yine-halka-kaldi\/","name":"Borcun y\u00fck\u00fc yine halka kald\u0131 - Kuzeyin Sesi","isPartOf":{"@id":"https:\/\/kuzeyinsesi.org\/#website"},"primaryImageOfPage":{"@id":"https:\/\/kuzeyinsesi.org\/index.php\/2026\/03\/16\/borcun-yuku-yine-halka-kaldi\/#primaryimage"},"image":{"@id":"https:\/\/kuzeyinsesi.org\/index.php\/2026\/03\/16\/borcun-yuku-yine-halka-kaldi\/#primaryimage"},"thumbnailUrl":"https:\/\/kuzeyinsesi.org\/wp-content\/uploads\/2026\/03\/Basit-Metin-ve-Fotograf-Yeni-Sarki-Videosu-Youtube-Kucuk-Resmi-20.png","datePublished":"2026-03-16T12:51:30+00:00","author":{"@id":"https:\/\/kuzeyinsesi.org\/#\/schema\/person\/9f859689cdf01485597712386e37f5aa"},"breadcrumb":{"@id":"https:\/\/kuzeyinsesi.org\/index.php\/2026\/03\/16\/borcun-yuku-yine-halka-kaldi\/#breadcrumb"},"inLanguage":"tr","potentialAction":[{"@type":"ReadAction","target":["https:\/\/kuzeyinsesi.org\/index.php\/2026\/03\/16\/borcun-yuku-yine-halka-kaldi\/"]}]},{"@type":"ImageObject","inLanguage":"tr","@id":"https:\/\/kuzeyinsesi.org\/index.php\/2026\/03\/16\/borcun-yuku-yine-halka-kaldi\/#primaryimage","url":"https:\/\/kuzeyinsesi.org\/wp-content\/uploads\/2026\/03\/Basit-Metin-ve-Fotograf-Yeni-Sarki-Videosu-Youtube-Kucuk-Resmi-20.png","contentUrl":"https:\/\/kuzeyinsesi.org\/wp-content\/uploads\/2026\/03\/Basit-Metin-ve-Fotograf-Yeni-Sarki-Videosu-Youtube-Kucuk-Resmi-20.png","width":1280,"height":720},{"@type":"BreadcrumbList","@id":"https:\/\/kuzeyinsesi.org\/index.php\/2026\/03\/16\/borcun-yuku-yine-halka-kaldi\/#breadcrumb","itemListElement":[{"@type":"ListItem","position":1,"name":"Anasayfa","item":"https:\/\/kuzeyinsesi.org\/"},{"@type":"ListItem","position":2,"name":"Borcun y\u00fck\u00fc yine halka kald\u0131"}]},{"@type":"WebSite","@id":"https:\/\/kuzeyinsesi.org\/#website","url":"https:\/\/kuzeyinsesi.org\/","name":"Kuzeyin Sesi","description":"Do\u011fru Haberin Adresi","potentialAction":[{"@type":"SearchAction","target":{"@type":"EntryPoint","urlTemplate":"https:\/\/kuzeyinsesi.org\/?s={search_term_string}"},"query-input":{"@type":"PropertyValueSpecification","valueRequired":true,"valueName":"search_term_string"}}],"inLanguage":"tr"},{"@type":"Person","@id":"https:\/\/kuzeyinsesi.org\/#\/schema\/person\/9f859689cdf01485597712386e37f5aa","name":"Kuzeyin Sesi","image":{"@type":"ImageObject","inLanguage":"tr","@id":"https:\/\/secure.gravatar.com\/avatar\/bab33852abfd8b282518d6ed81826833d77c3c882d9ab608add591ccace47a44?s=96&d=mm&r=g","url":"https:\/\/secure.gravatar.com\/avatar\/bab33852abfd8b282518d6ed81826833d77c3c882d9ab608add591ccace47a44?s=96&d=mm&r=g","contentUrl":"https:\/\/secure.gravatar.com\/avatar\/bab33852abfd8b282518d6ed81826833d77c3c882d9ab608add591ccace47a44?s=96&d=mm&r=g","caption":"Kuzeyin Sesi"},"sameAs":["https:\/\/kuzeyinsesi.org"],"url":"https:\/\/kuzeyinsesi.org\/index.php\/author\/guven\/"}]}},"_links":{"self":[{"href":"https:\/\/kuzeyinsesi.org\/index.php\/wp-json\/wp\/v2\/posts\/36580","targetHints":{"allow":["GET"]}}],"collection":[{"href":"https:\/\/kuzeyinsesi.org\/index.php\/wp-json\/wp\/v2\/posts"}],"about":[{"href":"https:\/\/kuzeyinsesi.org\/index.php\/wp-json\/wp\/v2\/types\/post"}],"author":[{"embeddable":true,"href":"https:\/\/kuzeyinsesi.org\/index.php\/wp-json\/wp\/v2\/users\/1"}],"replies":[{"embeddable":true,"href":"https:\/\/kuzeyinsesi.org\/index.php\/wp-json\/wp\/v2\/comments?post=36580"}],"version-history":[{"count":0,"href":"https:\/\/kuzeyinsesi.org\/index.php\/wp-json\/wp\/v2\/posts\/36580\/revisions"}],"wp:featuredmedia":[{"embeddable":true,"href":"https:\/\/kuzeyinsesi.org\/index.php\/wp-json\/wp\/v2\/media\/36581"}],"wp:attachment":[{"href":"https:\/\/kuzeyinsesi.org\/index.php\/wp-json\/wp\/v2\/media?parent=36580"}],"wp:term":[{"taxonomy":"category","embeddable":true,"href":"https:\/\/kuzeyinsesi.org\/index.php\/wp-json\/wp\/v2\/categories?post=36580"},{"taxonomy":"post_tag","embeddable":true,"href":"https:\/\/kuzeyinsesi.org\/index.php\/wp-json\/wp\/v2\/tags?post=36580"}],"curies":[{"name":"wp","href":"https:\/\/api.w.org\/{rel}","templated":true}]}}