{"id":36578,"date":"2026-03-16T14:26:53","date_gmt":"2026-03-16T12:26:53","guid":{"rendered":"https:\/\/kuzeyinsesi.org\/index.php\/2026\/03\/16\/haberler-banner-type-1-young-turkish-cypriots-adi-altinda-reklam-topluyorlar-kktc-ekonomisine-ve-yerel-medyaya-karsi-kayit-disi-faaliyet\/"},"modified":"2026-03-16T14:26:53","modified_gmt":"2026-03-16T12:26:53","slug":"haberler-banner-type-1-young-turkish-cypriots-adi-altinda-reklam-topluyorlar-kktc-ekonomisine-ve-yerel-medyaya-karsi-kayit-disi-faaliyet","status":"publish","type":"post","link":"https:\/\/kuzeyinsesi.org\/index.php\/2026\/03\/16\/haberler-banner-type-1-young-turkish-cypriots-adi-altinda-reklam-topluyorlar-kktc-ekonomisine-ve-yerel-medyaya-karsi-kayit-disi-faaliyet\/","title":{"rendered":"HABERLER  banner-type-1 \u201cYoung Turkish Cypriots\u201d ad\u0131 alt\u0131nda reklam topluyorlar: KKTC ekonomisine ve yerel medyaya kar\u015f\u0131 kay\u0131t d\u0131\u015f\u0131 faaliyet"},"content":{"rendered":"<p>\u0130ngiltere\u2019de ya\u015fayan baz\u0131 K\u0131br\u0131s k\u00f6kenli gen\u00e7lerin kurdu\u011fu \u201c(YTC)\u201d adl\u0131 olu\u015fumun, sivil toplum platformu kimli\u011fi alt\u0131nda Kuzey K\u0131br\u0131s\u2019taki i\u015fletmelere reklam ve tan\u0131t\u0131m hizmeti pazarlamaya \u00e7al\u0131\u015fmas\u0131 tepki \u00e7ekti. Vergi, lisans ve yasal y\u00fck\u00fcml\u00fcl\u00fcklerden muaf \u015fekilde y\u00fcr\u00fct\u00fclen bu giri\u015fimin, KKTC\u2019de faaliyet g\u00f6steren kay\u0131tl\u0131 medya kurulu\u015flar\u0131 ve vergi veren firmalar a\u00e7\u0131s\u0131ndan haks\u0131z rekabet yaratt\u0131\u011f\u0131 ifade ediliyor.<\/p>\n<p><strong>S\u0130V\u0130L TOPLUM ADI ALTINDA T\u0130CAR\u0130 FAAL\u0130YET<\/strong><\/p>\n<p>Kuzey K\u0131br\u0131s\u2019ta faaliyet g\u00f6steren i\u015fletmelere g\u00f6nderilen tan\u0131t\u0131m yaz\u0131lar\u0131nda, \u201cYoung Turkish Cypriots (YTC)\u201d adl\u0131 olu\u015fumun sosyal medya platformlar\u0131 \u00fczerinden reklam ve tan\u0131t\u0131m hizmeti sunmak i\u00e7in \u00fccret talep etti\u011fi g\u00f6r\u00fcl\u00fcyor.<\/p>\n<p>G\u00f6nderilen bilgilendirme metninde i\u015fletmelere;<\/p>\n<p>\u2022 50 Sterlin \u2013 Instagram ve Facebook story<\/p>\n<p>\u2022 150 Sterlin \u2013 iki platformda payla\u015f\u0131m<\/p>\n<p>\u2022 300 Sterlin \u2013 \u00e7oklu platform reklam paketi<\/p>\n<p>gibi \u00fccret tarifeleri sunuldu\u011fu dikkat \u00e7ekiyor.<\/p>\n<p>Ancak s\u00f6z konusu faaliyetlerin KKTC\u2019de herhangi bir \u015firket kayd\u0131, vergi y\u00fck\u00fcml\u00fcl\u00fc\u011f\u00fc veya medya lisans\u0131 bulunmadan y\u00fcr\u00fct\u00fclmeye \u00e7al\u0131\u015f\u0131lmas\u0131, \u00fclkedeki medya ve reklam sekt\u00f6r\u00fc a\u00e7\u0131s\u0131ndan ciddi bir kay\u0131t d\u0131\u015f\u0131 ticaret tart\u0131\u015fmas\u0131n\u0131 g\u00fcndeme getirdi.<\/p>\n<p><\/p>\n<p><strong>VERG\u0130 \u00d6DEYEN MEDYA KURULU\u015eLARINA HAKSIZ REKABET<\/strong><\/p>\n<p>KKTC\u2019de faaliyet g\u00f6steren medya kurulu\u015flar\u0131 ve reklam platformlar\u0131:<\/p>\n<p>\u2022 kurumlar vergisi<\/p>\n<p>\u2022 KDV<\/p>\n<p>\u2022 sosyal sigorta ve ihtiyat sand\u0131\u011f\u0131 y\u00fck\u00fcml\u00fcl\u00fckleri<\/p>\n<p>\u2022 yay\u0131n ve lisans d\u00fczenlemeleri<\/p>\n<p>gibi bir\u00e7ok mali ve hukuki sorumluluk alt\u0131nda faaliyet g\u00f6sterirken, yurt d\u0131\u015f\u0131ndan y\u00fcr\u00fct\u00fclen ve hi\u00e7bir yerel y\u00fck\u00fcml\u00fcl\u00fck ta\u015f\u0131mayan reklam toplama faaliyetleri, sekt\u00f6r temsilcileri taraf\u0131ndan \u201ca\u00e7\u0131k bir haks\u0131z rekabet\u201d olarak de\u011ferlendiriliyor.<\/p>\n<p>Sekt\u00f6r temsilcileri, bu t\u00fcr giri\u015fimlerin yayg\u0131nla\u015fmas\u0131 halinde yerel medya ekonomisinin ciddi zarar g\u00f6rebilece\u011fini vurguluyor.<\/p>\n<p><strong>EKONOM\u0130YE DO\u011eRUDAN ZARAR UYARISI<\/strong><\/p>\n<p>Ekonomi \u00e7evrelerine g\u00f6re, Kuzey K\u0131br\u0131s\u2019taki i\u015fletmelerden yurt d\u0131\u015f\u0131na kay\u0131t d\u0131\u015f\u0131 reklam geliri ak\u0131\u015f\u0131 olu\u015fmas\u0131, sadece medya sekt\u00f6r\u00fcn\u00fc de\u011fil ayn\u0131 zamanda \u00fclke ekonomisini de olumsuz etkileyebilir.<\/p>\n<p>Uzmanlara g\u00f6re bu durum:<\/p>\n<p>\u2022 devletin vergi kayb\u0131na u\u011framas\u0131na,<\/p>\n<p>\u2022 yerel medya gelirlerinin azalmas\u0131na,<\/p>\n<p>\u2022 reklam piyasas\u0131n\u0131n kay\u0131t d\u0131\u015f\u0131 alanlara kaymas\u0131na<\/p>\n<p>neden olabilecek bir tablo ortaya \u00e7\u0131karabilir.<\/p>\n<p><strong>&#8220;S\u0130V\u0130L TOPLUM MASKES\u0130 T\u0130CAR\u0130 FAAL\u0130YET \u0130\u00c7\u0130N KULLANILAMAZ&#8221;\u00a0<\/strong><\/p>\n<p>Ekonomi ve medya \u00e7evreleri, sivil toplum kimli\u011fi alt\u0131nda y\u00fcr\u00fct\u00fclen ticari faaliyetlerin \u015feffaf ve yasal zeminde olmas\u0131 gerekti\u011fini belirtiyor.<\/p>\n<p>Aksi halde bu t\u00fcr yap\u0131lar\u0131n, sivil toplum g\u00f6r\u00fcnt\u00fcs\u00fc alt\u0131nda ticari faaliyet y\u00fcr\u00fctmesi, hem etik hem de hukuki a\u00e7\u0131dan ciddi sorunlar yaratabilir.<\/p>\n<p><strong>YETK\u0130L\u0130LERE \u0130NCELEME \u00c7A\u011eRISI<\/strong><\/p>\n<p>Sekt\u00f6r temsilcileri, Kuzey K\u0131br\u0131s\u2019taki i\u015fletmelerden reklam geliri toplamay\u0131 hedefleyen yurt d\u0131\u015f\u0131 merkezli yap\u0131lar\u0131n faaliyetlerinin ilgili kurumlar taraf\u0131ndan incelenmesi gerekti\u011fini belirtiyor.<\/p>\n<p>Ekonomi \u00e7evrelerine g\u00f6re, KKTC\u2019de faaliyet g\u00f6steren ve vergisini \u00f6deyen medya kurulu\u015flar\u0131n\u0131n korunmas\u0131, hem sekt\u00f6r\u00fcn s\u00fcrd\u00fcr\u00fclebilirli\u011fi hem de \u00fclke ekonomisinin sa\u011fl\u0131kl\u0131 i\u015fleyi\u015fi a\u00e7\u0131s\u0131ndan b\u00fcy\u00fck \u00f6nem ta\u015f\u0131yor.<\/p>\n<p>HABERLER  banner-type-1 \u201cYoung Turkish Cypriots\u201d ad\u0131 alt\u0131nda reklam topluyorlar: KKTC ekonomisine ve yerel medyaya kar\u015f\u0131 kay\u0131t d\u0131\u015f\u0131 faaliyet yaz\u0131s\u0131 ilk \u00f6nce K\u0131br\u0131s Hakikat \u00fczerinde ortaya \u00e7\u0131kt\u0131.<\/p>\n","protected":false},"excerpt":{"rendered":"<p>\u0130ngiltere\u2019de ya\u015fayan baz\u0131 K\u0131br\u0131s k\u00f6kenli gen\u00e7lerin kurdu\u011fu \u201c(YTC)\u201d adl\u0131 olu\u015fumun, sivil toplum platformu kimli\u011fi alt\u0131nda Kuzey K\u0131br\u0131s\u2019taki i\u015fletmelere reklam ve tan\u0131t\u0131m hizmeti pazarlamaya \u00e7al\u0131\u015fmas\u0131 tepki \u00e7ekti. Vergi, lisans ve yasal y\u00fck\u00fcml\u00fcl\u00fcklerden muaf \u015fekilde y\u00fcr\u00fct\u00fclen bu giri\u015fimin, KKTC\u2019de faaliyet g\u00f6steren kay\u0131tl\u0131 medya kurulu\u015flar\u0131 ve vergi veren firmalar a\u00e7\u0131s\u0131ndan haks\u0131z rekabet yaratt\u0131\u011f\u0131 ifade ediliyor. S\u0130V\u0130L TOPLUM ADI [&hellip;]<\/p>\n","protected":false},"author":1,"featured_media":36579,"comment_status":"open","ping_status":"open","sticky":false,"template":"","format":"standard","meta":{"jnews-multi-image_gallery":[],"jnews_single_post":[],"jnews_primary_category":[],"jnews_social_meta":[],"jnews_override_counter":[],"footnotes":""},"categories":[1],"tags":[],"class_list":["post-36578","post","type-post","status-publish","format-standard","has-post-thumbnail","hentry","category-kibris"],"yoast_head":"<!-- This site is optimized with the Yoast SEO plugin v27.5 - https:\/\/yoast.com\/product\/yoast-seo-wordpress\/ -->\n<title>HABERLER banner-type-1 \u201cYoung Turkish Cypriots\u201d ad\u0131 alt\u0131nda reklam topluyorlar: KKTC ekonomisine ve yerel medyaya kar\u015f\u0131 kay\u0131t d\u0131\u015f\u0131 faaliyet - Kuzeyin Sesi<\/title>\n<meta name=\"robots\" content=\"index, follow, max-snippet:-1, max-image-preview:large, max-video-preview:-1\" \/>\n<link rel=\"canonical\" href=\"https:\/\/kuzeyinsesi.org\/index.php\/2026\/03\/16\/haberler-banner-type-1-young-turkish-cypriots-adi-altinda-reklam-topluyorlar-kktc-ekonomisine-ve-yerel-medyaya-karsi-kayit-disi-faaliyet\/\" \/>\n<meta property=\"og:locale\" content=\"tr_TR\" \/>\n<meta property=\"og:type\" content=\"article\" \/>\n<meta property=\"og:title\" content=\"HABERLER banner-type-1 \u201cYoung Turkish Cypriots\u201d ad\u0131 alt\u0131nda reklam topluyorlar: KKTC ekonomisine ve yerel medyaya kar\u015f\u0131 kay\u0131t d\u0131\u015f\u0131 faaliyet - Kuzeyin Sesi\" \/>\n<meta property=\"og:description\" content=\"\u0130ngiltere\u2019de ya\u015fayan baz\u0131 K\u0131br\u0131s k\u00f6kenli gen\u00e7lerin kurdu\u011fu \u201c(YTC)\u201d adl\u0131 olu\u015fumun, sivil toplum platformu kimli\u011fi alt\u0131nda Kuzey K\u0131br\u0131s\u2019taki i\u015fletmelere reklam ve tan\u0131t\u0131m hizmeti pazarlamaya \u00e7al\u0131\u015fmas\u0131 tepki \u00e7ekti. Vergi, lisans ve yasal y\u00fck\u00fcml\u00fcl\u00fcklerden muaf \u015fekilde y\u00fcr\u00fct\u00fclen bu giri\u015fimin, KKTC\u2019de faaliyet g\u00f6steren kay\u0131tl\u0131 medya kurulu\u015flar\u0131 ve vergi veren firmalar a\u00e7\u0131s\u0131ndan haks\u0131z rekabet yaratt\u0131\u011f\u0131 ifade ediliyor. S\u0130V\u0130L TOPLUM ADI [&hellip;]\" \/>\n<meta property=\"og:url\" content=\"https:\/\/kuzeyinsesi.org\/index.php\/2026\/03\/16\/haberler-banner-type-1-young-turkish-cypriots-adi-altinda-reklam-topluyorlar-kktc-ekonomisine-ve-yerel-medyaya-karsi-kayit-disi-faaliyet\/\" \/>\n<meta property=\"og:site_name\" content=\"Kuzeyin Sesi\" \/>\n<meta property=\"article:publisher\" content=\"https:\/\/www.facebook.com\/kuzeyinsesii\" \/>\n<meta property=\"article:published_time\" content=\"2026-03-16T12:26:53+00:00\" \/>\n<meta property=\"og:image\" content=\"https:\/\/www.kibrispostasi.com\/upload\/news\/v\/v2\/v2normalhaberboyutuablonsuzkopyaskopyaskopyaskopyaskopyas-2026-03-16t111341549_1773652444.jpg\" \/>\n<meta name=\"author\" content=\"Kuzeyin Sesi\" \/>\n<meta name=\"twitter:card\" content=\"summary_large_image\" \/>\n<meta name=\"twitter:creator\" content=\"@kuzeyinsesii\" \/>\n<meta name=\"twitter:site\" content=\"@kuzeyinsesii\" \/>\n<meta name=\"twitter:label1\" content=\"Yazan:\" \/>\n\t<meta name=\"twitter:data1\" content=\"Kuzeyin Sesi\" \/>\n\t<meta name=\"twitter:label2\" content=\"Tahmini okuma s\u00fcresi\" \/>\n\t<meta name=\"twitter:data2\" content=\"3 dakika\" \/>\n<script type=\"application\/ld+json\" class=\"yoast-schema-graph\">{\"@context\":\"https:\\\/\\\/schema.org\",\"@graph\":[{\"@type\":\"Article\",\"@id\":\"https:\\\/\\\/kuzeyinsesi.org\\\/index.php\\\/2026\\\/03\\\/16\\\/haberler-banner-type-1-young-turkish-cypriots-adi-altinda-reklam-topluyorlar-kktc-ekonomisine-ve-yerel-medyaya-karsi-kayit-disi-faaliyet\\\/#article\",\"isPartOf\":{\"@id\":\"https:\\\/\\\/kuzeyinsesi.org\\\/index.php\\\/2026\\\/03\\\/16\\\/haberler-banner-type-1-young-turkish-cypriots-adi-altinda-reklam-topluyorlar-kktc-ekonomisine-ve-yerel-medyaya-karsi-kayit-disi-faaliyet\\\/\"},\"author\":{\"name\":\"Kuzeyin Sesi\",\"@id\":\"https:\\\/\\\/kuzeyinsesi.org\\\/#\\\/schema\\\/person\\\/9f859689cdf01485597712386e37f5aa\"},\"headline\":\"HABERLER banner-type-1 \u201cYoung Turkish Cypriots\u201d ad\u0131 alt\u0131nda reklam topluyorlar: KKTC ekonomisine ve yerel medyaya kar\u015f\u0131 kay\u0131t d\u0131\u015f\u0131 faaliyet\",\"datePublished\":\"2026-03-16T12:26:53+00:00\",\"mainEntityOfPage\":{\"@id\":\"https:\\\/\\\/kuzeyinsesi.org\\\/index.php\\\/2026\\\/03\\\/16\\\/haberler-banner-type-1-young-turkish-cypriots-adi-altinda-reklam-topluyorlar-kktc-ekonomisine-ve-yerel-medyaya-karsi-kayit-disi-faaliyet\\\/\"},\"wordCount\":593,\"commentCount\":0,\"image\":{\"@id\":\"https:\\\/\\\/kuzeyinsesi.org\\\/index.php\\\/2026\\\/03\\\/16\\\/haberler-banner-type-1-young-turkish-cypriots-adi-altinda-reklam-topluyorlar-kktc-ekonomisine-ve-yerel-medyaya-karsi-kayit-disi-faaliyet\\\/#primaryimage\"},\"thumbnailUrl\":\"https:\\\/\\\/kuzeyinsesi.org\\\/wp-content\\\/uploads\\\/2026\\\/03\\\/v2normalhaberboyutuablonsuzkopyaskopyaskopyaskopyaskopyas-2026-03-16t111341549_1773652444.jpg\",\"articleSection\":[\"K\u0131br\u0131s\"],\"inLanguage\":\"tr\",\"potentialAction\":[{\"@type\":\"CommentAction\",\"name\":\"Comment\",\"target\":[\"https:\\\/\\\/kuzeyinsesi.org\\\/index.php\\\/2026\\\/03\\\/16\\\/haberler-banner-type-1-young-turkish-cypriots-adi-altinda-reklam-topluyorlar-kktc-ekonomisine-ve-yerel-medyaya-karsi-kayit-disi-faaliyet\\\/#respond\"]}]},{\"@type\":\"WebPage\",\"@id\":\"https:\\\/\\\/kuzeyinsesi.org\\\/index.php\\\/2026\\\/03\\\/16\\\/haberler-banner-type-1-young-turkish-cypriots-adi-altinda-reklam-topluyorlar-kktc-ekonomisine-ve-yerel-medyaya-karsi-kayit-disi-faaliyet\\\/\",\"url\":\"https:\\\/\\\/kuzeyinsesi.org\\\/index.php\\\/2026\\\/03\\\/16\\\/haberler-banner-type-1-young-turkish-cypriots-adi-altinda-reklam-topluyorlar-kktc-ekonomisine-ve-yerel-medyaya-karsi-kayit-disi-faaliyet\\\/\",\"name\":\"HABERLER banner-type-1 \u201cYoung Turkish Cypriots\u201d ad\u0131 alt\u0131nda reklam topluyorlar: KKTC ekonomisine ve yerel medyaya kar\u015f\u0131 kay\u0131t d\u0131\u015f\u0131 faaliyet - Kuzeyin Sesi\",\"isPartOf\":{\"@id\":\"https:\\\/\\\/kuzeyinsesi.org\\\/#website\"},\"primaryImageOfPage\":{\"@id\":\"https:\\\/\\\/kuzeyinsesi.org\\\/index.php\\\/2026\\\/03\\\/16\\\/haberler-banner-type-1-young-turkish-cypriots-adi-altinda-reklam-topluyorlar-kktc-ekonomisine-ve-yerel-medyaya-karsi-kayit-disi-faaliyet\\\/#primaryimage\"},\"image\":{\"@id\":\"https:\\\/\\\/kuzeyinsesi.org\\\/index.php\\\/2026\\\/03\\\/16\\\/haberler-banner-type-1-young-turkish-cypriots-adi-altinda-reklam-topluyorlar-kktc-ekonomisine-ve-yerel-medyaya-karsi-kayit-disi-faaliyet\\\/#primaryimage\"},\"thumbnailUrl\":\"https:\\\/\\\/kuzeyinsesi.org\\\/wp-content\\\/uploads\\\/2026\\\/03\\\/v2normalhaberboyutuablonsuzkopyaskopyaskopyaskopyaskopyas-2026-03-16t111341549_1773652444.jpg\",\"datePublished\":\"2026-03-16T12:26:53+00:00\",\"author\":{\"@id\":\"https:\\\/\\\/kuzeyinsesi.org\\\/#\\\/schema\\\/person\\\/9f859689cdf01485597712386e37f5aa\"},\"breadcrumb\":{\"@id\":\"https:\\\/\\\/kuzeyinsesi.org\\\/index.php\\\/2026\\\/03\\\/16\\\/haberler-banner-type-1-young-turkish-cypriots-adi-altinda-reklam-topluyorlar-kktc-ekonomisine-ve-yerel-medyaya-karsi-kayit-disi-faaliyet\\\/#breadcrumb\"},\"inLanguage\":\"tr\",\"potentialAction\":[{\"@type\":\"ReadAction\",\"target\":[\"https:\\\/\\\/kuzeyinsesi.org\\\/index.php\\\/2026\\\/03\\\/16\\\/haberler-banner-type-1-young-turkish-cypriots-adi-altinda-reklam-topluyorlar-kktc-ekonomisine-ve-yerel-medyaya-karsi-kayit-disi-faaliyet\\\/\"]}]},{\"@type\":\"ImageObject\",\"inLanguage\":\"tr\",\"@id\":\"https:\\\/\\\/kuzeyinsesi.org\\\/index.php\\\/2026\\\/03\\\/16\\\/haberler-banner-type-1-young-turkish-cypriots-adi-altinda-reklam-topluyorlar-kktc-ekonomisine-ve-yerel-medyaya-karsi-kayit-disi-faaliyet\\\/#primaryimage\",\"url\":\"https:\\\/\\\/kuzeyinsesi.org\\\/wp-content\\\/uploads\\\/2026\\\/03\\\/v2normalhaberboyutuablonsuzkopyaskopyaskopyaskopyaskopyas-2026-03-16t111341549_1773652444.jpg\",\"contentUrl\":\"https:\\\/\\\/kuzeyinsesi.org\\\/wp-content\\\/uploads\\\/2026\\\/03\\\/v2normalhaberboyutuablonsuzkopyaskopyaskopyaskopyaskopyas-2026-03-16t111341549_1773652444.jpg\",\"width\":971,\"height\":551},{\"@type\":\"BreadcrumbList\",\"@id\":\"https:\\\/\\\/kuzeyinsesi.org\\\/index.php\\\/2026\\\/03\\\/16\\\/haberler-banner-type-1-young-turkish-cypriots-adi-altinda-reklam-topluyorlar-kktc-ekonomisine-ve-yerel-medyaya-karsi-kayit-disi-faaliyet\\\/#breadcrumb\",\"itemListElement\":[{\"@type\":\"ListItem\",\"position\":1,\"name\":\"Anasayfa\",\"item\":\"https:\\\/\\\/kuzeyinsesi.org\\\/\"},{\"@type\":\"ListItem\",\"position\":2,\"name\":\"HABERLER banner-type-1 \u201cYoung Turkish Cypriots\u201d ad\u0131 alt\u0131nda reklam topluyorlar: KKTC ekonomisine ve yerel medyaya kar\u015f\u0131 kay\u0131t d\u0131\u015f\u0131 faaliyet\"}]},{\"@type\":\"WebSite\",\"@id\":\"https:\\\/\\\/kuzeyinsesi.org\\\/#website\",\"url\":\"https:\\\/\\\/kuzeyinsesi.org\\\/\",\"name\":\"Kuzeyin Sesi\",\"description\":\"Do\u011fru Haberin Adresi\",\"potentialAction\":[{\"@type\":\"SearchAction\",\"target\":{\"@type\":\"EntryPoint\",\"urlTemplate\":\"https:\\\/\\\/kuzeyinsesi.org\\\/?s={search_term_string}\"},\"query-input\":{\"@type\":\"PropertyValueSpecification\",\"valueRequired\":true,\"valueName\":\"search_term_string\"}}],\"inLanguage\":\"tr\"},{\"@type\":\"Person\",\"@id\":\"https:\\\/\\\/kuzeyinsesi.org\\\/#\\\/schema\\\/person\\\/9f859689cdf01485597712386e37f5aa\",\"name\":\"Kuzeyin Sesi\",\"image\":{\"@type\":\"ImageObject\",\"inLanguage\":\"tr\",\"@id\":\"https:\\\/\\\/secure.gravatar.com\\\/avatar\\\/bab33852abfd8b282518d6ed81826833d77c3c882d9ab608add591ccace47a44?s=96&d=mm&r=g\",\"url\":\"https:\\\/\\\/secure.gravatar.com\\\/avatar\\\/bab33852abfd8b282518d6ed81826833d77c3c882d9ab608add591ccace47a44?s=96&d=mm&r=g\",\"contentUrl\":\"https:\\\/\\\/secure.gravatar.com\\\/avatar\\\/bab33852abfd8b282518d6ed81826833d77c3c882d9ab608add591ccace47a44?s=96&d=mm&r=g\",\"caption\":\"Kuzeyin Sesi\"},\"sameAs\":[\"https:\\\/\\\/kuzeyinsesi.org\"],\"url\":\"https:\\\/\\\/kuzeyinsesi.org\\\/index.php\\\/author\\\/guven\\\/\"}]}<\/script>\n<!-- \/ Yoast SEO plugin. -->","yoast_head_json":{"title":"HABERLER banner-type-1 \u201cYoung Turkish Cypriots\u201d ad\u0131 alt\u0131nda reklam topluyorlar: KKTC ekonomisine ve yerel medyaya kar\u015f\u0131 kay\u0131t d\u0131\u015f\u0131 faaliyet - Kuzeyin Sesi","robots":{"index":"index","follow":"follow","max-snippet":"max-snippet:-1","max-image-preview":"max-image-preview:large","max-video-preview":"max-video-preview:-1"},"canonical":"https:\/\/kuzeyinsesi.org\/index.php\/2026\/03\/16\/haberler-banner-type-1-young-turkish-cypriots-adi-altinda-reklam-topluyorlar-kktc-ekonomisine-ve-yerel-medyaya-karsi-kayit-disi-faaliyet\/","og_locale":"tr_TR","og_type":"article","og_title":"HABERLER banner-type-1 \u201cYoung Turkish Cypriots\u201d ad\u0131 alt\u0131nda reklam topluyorlar: KKTC ekonomisine ve yerel medyaya kar\u015f\u0131 kay\u0131t d\u0131\u015f\u0131 faaliyet - Kuzeyin Sesi","og_description":"\u0130ngiltere\u2019de ya\u015fayan baz\u0131 K\u0131br\u0131s k\u00f6kenli gen\u00e7lerin kurdu\u011fu \u201c(YTC)\u201d adl\u0131 olu\u015fumun, sivil toplum platformu kimli\u011fi alt\u0131nda Kuzey K\u0131br\u0131s\u2019taki i\u015fletmelere reklam ve tan\u0131t\u0131m hizmeti pazarlamaya \u00e7al\u0131\u015fmas\u0131 tepki \u00e7ekti. Vergi, lisans ve yasal y\u00fck\u00fcml\u00fcl\u00fcklerden muaf \u015fekilde y\u00fcr\u00fct\u00fclen bu giri\u015fimin, KKTC\u2019de faaliyet g\u00f6steren kay\u0131tl\u0131 medya kurulu\u015flar\u0131 ve vergi veren firmalar a\u00e7\u0131s\u0131ndan haks\u0131z rekabet yaratt\u0131\u011f\u0131 ifade ediliyor. S\u0130V\u0130L TOPLUM ADI [&hellip;]","og_url":"https:\/\/kuzeyinsesi.org\/index.php\/2026\/03\/16\/haberler-banner-type-1-young-turkish-cypriots-adi-altinda-reklam-topluyorlar-kktc-ekonomisine-ve-yerel-medyaya-karsi-kayit-disi-faaliyet\/","og_site_name":"Kuzeyin Sesi","article_publisher":"https:\/\/www.facebook.com\/kuzeyinsesii","article_published_time":"2026-03-16T12:26:53+00:00","og_image":[{"url":"https:\/\/www.kibrispostasi.com\/upload\/news\/v\/v2\/v2normalhaberboyutuablonsuzkopyaskopyaskopyaskopyaskopyas-2026-03-16t111341549_1773652444.jpg","type":"","width":"","height":""}],"author":"Kuzeyin Sesi","twitter_card":"summary_large_image","twitter_creator":"@kuzeyinsesii","twitter_site":"@kuzeyinsesii","twitter_misc":{"Yazan:":"Kuzeyin Sesi","Tahmini okuma s\u00fcresi":"3 dakika"},"schema":{"@context":"https:\/\/schema.org","@graph":[{"@type":"Article","@id":"https:\/\/kuzeyinsesi.org\/index.php\/2026\/03\/16\/haberler-banner-type-1-young-turkish-cypriots-adi-altinda-reklam-topluyorlar-kktc-ekonomisine-ve-yerel-medyaya-karsi-kayit-disi-faaliyet\/#article","isPartOf":{"@id":"https:\/\/kuzeyinsesi.org\/index.php\/2026\/03\/16\/haberler-banner-type-1-young-turkish-cypriots-adi-altinda-reklam-topluyorlar-kktc-ekonomisine-ve-yerel-medyaya-karsi-kayit-disi-faaliyet\/"},"author":{"name":"Kuzeyin Sesi","@id":"https:\/\/kuzeyinsesi.org\/#\/schema\/person\/9f859689cdf01485597712386e37f5aa"},"headline":"HABERLER banner-type-1 \u201cYoung Turkish Cypriots\u201d ad\u0131 alt\u0131nda reklam topluyorlar: KKTC ekonomisine ve yerel medyaya kar\u015f\u0131 kay\u0131t d\u0131\u015f\u0131 faaliyet","datePublished":"2026-03-16T12:26:53+00:00","mainEntityOfPage":{"@id":"https:\/\/kuzeyinsesi.org\/index.php\/2026\/03\/16\/haberler-banner-type-1-young-turkish-cypriots-adi-altinda-reklam-topluyorlar-kktc-ekonomisine-ve-yerel-medyaya-karsi-kayit-disi-faaliyet\/"},"wordCount":593,"commentCount":0,"image":{"@id":"https:\/\/kuzeyinsesi.org\/index.php\/2026\/03\/16\/haberler-banner-type-1-young-turkish-cypriots-adi-altinda-reklam-topluyorlar-kktc-ekonomisine-ve-yerel-medyaya-karsi-kayit-disi-faaliyet\/#primaryimage"},"thumbnailUrl":"https:\/\/kuzeyinsesi.org\/wp-content\/uploads\/2026\/03\/v2normalhaberboyutuablonsuzkopyaskopyaskopyaskopyaskopyas-2026-03-16t111341549_1773652444.jpg","articleSection":["K\u0131br\u0131s"],"inLanguage":"tr","potentialAction":[{"@type":"CommentAction","name":"Comment","target":["https:\/\/kuzeyinsesi.org\/index.php\/2026\/03\/16\/haberler-banner-type-1-young-turkish-cypriots-adi-altinda-reklam-topluyorlar-kktc-ekonomisine-ve-yerel-medyaya-karsi-kayit-disi-faaliyet\/#respond"]}]},{"@type":"WebPage","@id":"https:\/\/kuzeyinsesi.org\/index.php\/2026\/03\/16\/haberler-banner-type-1-young-turkish-cypriots-adi-altinda-reklam-topluyorlar-kktc-ekonomisine-ve-yerel-medyaya-karsi-kayit-disi-faaliyet\/","url":"https:\/\/kuzeyinsesi.org\/index.php\/2026\/03\/16\/haberler-banner-type-1-young-turkish-cypriots-adi-altinda-reklam-topluyorlar-kktc-ekonomisine-ve-yerel-medyaya-karsi-kayit-disi-faaliyet\/","name":"HABERLER banner-type-1 \u201cYoung Turkish Cypriots\u201d ad\u0131 alt\u0131nda reklam topluyorlar: KKTC ekonomisine ve yerel medyaya kar\u015f\u0131 kay\u0131t d\u0131\u015f\u0131 faaliyet - Kuzeyin Sesi","isPartOf":{"@id":"https:\/\/kuzeyinsesi.org\/#website"},"primaryImageOfPage":{"@id":"https:\/\/kuzeyinsesi.org\/index.php\/2026\/03\/16\/haberler-banner-type-1-young-turkish-cypriots-adi-altinda-reklam-topluyorlar-kktc-ekonomisine-ve-yerel-medyaya-karsi-kayit-disi-faaliyet\/#primaryimage"},"image":{"@id":"https:\/\/kuzeyinsesi.org\/index.php\/2026\/03\/16\/haberler-banner-type-1-young-turkish-cypriots-adi-altinda-reklam-topluyorlar-kktc-ekonomisine-ve-yerel-medyaya-karsi-kayit-disi-faaliyet\/#primaryimage"},"thumbnailUrl":"https:\/\/kuzeyinsesi.org\/wp-content\/uploads\/2026\/03\/v2normalhaberboyutuablonsuzkopyaskopyaskopyaskopyaskopyas-2026-03-16t111341549_1773652444.jpg","datePublished":"2026-03-16T12:26:53+00:00","author":{"@id":"https:\/\/kuzeyinsesi.org\/#\/schema\/person\/9f859689cdf01485597712386e37f5aa"},"breadcrumb":{"@id":"https:\/\/kuzeyinsesi.org\/index.php\/2026\/03\/16\/haberler-banner-type-1-young-turkish-cypriots-adi-altinda-reklam-topluyorlar-kktc-ekonomisine-ve-yerel-medyaya-karsi-kayit-disi-faaliyet\/#breadcrumb"},"inLanguage":"tr","potentialAction":[{"@type":"ReadAction","target":["https:\/\/kuzeyinsesi.org\/index.php\/2026\/03\/16\/haberler-banner-type-1-young-turkish-cypriots-adi-altinda-reklam-topluyorlar-kktc-ekonomisine-ve-yerel-medyaya-karsi-kayit-disi-faaliyet\/"]}]},{"@type":"ImageObject","inLanguage":"tr","@id":"https:\/\/kuzeyinsesi.org\/index.php\/2026\/03\/16\/haberler-banner-type-1-young-turkish-cypriots-adi-altinda-reklam-topluyorlar-kktc-ekonomisine-ve-yerel-medyaya-karsi-kayit-disi-faaliyet\/#primaryimage","url":"https:\/\/kuzeyinsesi.org\/wp-content\/uploads\/2026\/03\/v2normalhaberboyutuablonsuzkopyaskopyaskopyaskopyaskopyas-2026-03-16t111341549_1773652444.jpg","contentUrl":"https:\/\/kuzeyinsesi.org\/wp-content\/uploads\/2026\/03\/v2normalhaberboyutuablonsuzkopyaskopyaskopyaskopyaskopyas-2026-03-16t111341549_1773652444.jpg","width":971,"height":551},{"@type":"BreadcrumbList","@id":"https:\/\/kuzeyinsesi.org\/index.php\/2026\/03\/16\/haberler-banner-type-1-young-turkish-cypriots-adi-altinda-reklam-topluyorlar-kktc-ekonomisine-ve-yerel-medyaya-karsi-kayit-disi-faaliyet\/#breadcrumb","itemListElement":[{"@type":"ListItem","position":1,"name":"Anasayfa","item":"https:\/\/kuzeyinsesi.org\/"},{"@type":"ListItem","position":2,"name":"HABERLER banner-type-1 \u201cYoung Turkish Cypriots\u201d ad\u0131 alt\u0131nda reklam topluyorlar: KKTC ekonomisine ve yerel medyaya kar\u015f\u0131 kay\u0131t d\u0131\u015f\u0131 faaliyet"}]},{"@type":"WebSite","@id":"https:\/\/kuzeyinsesi.org\/#website","url":"https:\/\/kuzeyinsesi.org\/","name":"Kuzeyin Sesi","description":"Do\u011fru Haberin Adresi","potentialAction":[{"@type":"SearchAction","target":{"@type":"EntryPoint","urlTemplate":"https:\/\/kuzeyinsesi.org\/?s={search_term_string}"},"query-input":{"@type":"PropertyValueSpecification","valueRequired":true,"valueName":"search_term_string"}}],"inLanguage":"tr"},{"@type":"Person","@id":"https:\/\/kuzeyinsesi.org\/#\/schema\/person\/9f859689cdf01485597712386e37f5aa","name":"Kuzeyin Sesi","image":{"@type":"ImageObject","inLanguage":"tr","@id":"https:\/\/secure.gravatar.com\/avatar\/bab33852abfd8b282518d6ed81826833d77c3c882d9ab608add591ccace47a44?s=96&d=mm&r=g","url":"https:\/\/secure.gravatar.com\/avatar\/bab33852abfd8b282518d6ed81826833d77c3c882d9ab608add591ccace47a44?s=96&d=mm&r=g","contentUrl":"https:\/\/secure.gravatar.com\/avatar\/bab33852abfd8b282518d6ed81826833d77c3c882d9ab608add591ccace47a44?s=96&d=mm&r=g","caption":"Kuzeyin Sesi"},"sameAs":["https:\/\/kuzeyinsesi.org"],"url":"https:\/\/kuzeyinsesi.org\/index.php\/author\/guven\/"}]}},"_links":{"self":[{"href":"https:\/\/kuzeyinsesi.org\/index.php\/wp-json\/wp\/v2\/posts\/36578","targetHints":{"allow":["GET"]}}],"collection":[{"href":"https:\/\/kuzeyinsesi.org\/index.php\/wp-json\/wp\/v2\/posts"}],"about":[{"href":"https:\/\/kuzeyinsesi.org\/index.php\/wp-json\/wp\/v2\/types\/post"}],"author":[{"embeddable":true,"href":"https:\/\/kuzeyinsesi.org\/index.php\/wp-json\/wp\/v2\/users\/1"}],"replies":[{"embeddable":true,"href":"https:\/\/kuzeyinsesi.org\/index.php\/wp-json\/wp\/v2\/comments?post=36578"}],"version-history":[{"count":0,"href":"https:\/\/kuzeyinsesi.org\/index.php\/wp-json\/wp\/v2\/posts\/36578\/revisions"}],"wp:featuredmedia":[{"embeddable":true,"href":"https:\/\/kuzeyinsesi.org\/index.php\/wp-json\/wp\/v2\/media\/36579"}],"wp:attachment":[{"href":"https:\/\/kuzeyinsesi.org\/index.php\/wp-json\/wp\/v2\/media?parent=36578"}],"wp:term":[{"taxonomy":"category","embeddable":true,"href":"https:\/\/kuzeyinsesi.org\/index.php\/wp-json\/wp\/v2\/categories?post=36578"},{"taxonomy":"post_tag","embeddable":true,"href":"https:\/\/kuzeyinsesi.org\/index.php\/wp-json\/wp\/v2\/tags?post=36578"}],"curies":[{"name":"wp","href":"https:\/\/api.w.org\/{rel}","templated":true}]}}