{"id":36574,"date":"2026-03-16T10:29:15","date_gmt":"2026-03-16T08:29:15","guid":{"rendered":"https:\/\/kuzeyinsesi.org\/index.php\/2026\/03\/16\/calisma-bakanligi-engelli-yoklama-bildirgeleri-icin-son-tarih-31-mart-2026\/"},"modified":"2026-03-16T10:29:15","modified_gmt":"2026-03-16T08:29:15","slug":"calisma-bakanligi-engelli-yoklama-bildirgeleri-icin-son-tarih-31-mart-2026","status":"publish","type":"post","link":"https:\/\/kuzeyinsesi.org\/index.php\/2026\/03\/16\/calisma-bakanligi-engelli-yoklama-bildirgeleri-icin-son-tarih-31-mart-2026\/","title":{"rendered":"\u00c7al\u0131\u015fma Bakanl\u0131\u011f\u0131: Engelli yoklama bildirgeleri i\u00e7in son tarih; 31 Mart 2026"},"content":{"rendered":"<p data-start=\"399\" data-end=\"585\">\u00c7al\u0131\u015fma ve Sosyal G\u00fcvenlik Bakanl\u0131\u011f\u0131\u2019na ba\u011fl\u0131 \u00c7al\u0131\u015fma Dairesi\u2019nden nakdi yard\u0131m almakta olan engellilere, her y\u0131l oldu\u011fu gibi bu y\u0131l da yoklama bildirgeleri g\u00f6nderildi.<\/p>\n<p data-start=\"587\" data-end=\"762\">Bakanl\u0131ktan yap\u0131lan a\u00e7\u0131klamaya g\u00f6re, s\u00f6z konusu bildirgelerin en ge\u00e7 31 Mart 2026 tarihine kadar \u00c7al\u0131\u015fma Dairesi B\u00f6lge Amirlikleri veya b\u00fcrolar\u0131na ula\u015ft\u0131r\u0131lmas\u0131 gerekiyor.<\/p>\n<p data-start=\"764\" data-end=\"933\">Herhangi bir nedenle yoklama bildirgesi eline ula\u015fmayanlar\u0131n ise \u00c7al\u0131\u015fma Dairesi B\u00f6lge Amirlikleri veya b\u00fcrolar\u0131ndan yoklama bildirgelerini temin edebilece\u011fi belirtildi.<\/p>\n<p data-start=\"935\" data-end=\"1138\">A\u00e7\u0131klamada, 31 Mart 2026 tarihine kadar yoklama bildirgelerini \u00c7al\u0131\u015fma Dairesi Amirlikleri veya b\u00fcrolar\u0131na ula\u015ft\u0131rmayanlara verilen nakdi yard\u0131m\u0131n Nisan ay\u0131 itibar\u0131yla durdurulaca\u011f\u0131 ifade edildi.<\/p>\n<p data-start=\"1140\" data-end=\"1267\" data-is-last-node=\"\" data-is-only-node=\"\">Nakdi yard\u0131m\u0131n durdurulmamas\u0131 i\u00e7in t\u00fcm engelli vatanda\u015flar\u0131n gerekli duyarl\u0131l\u0131\u011f\u0131 g\u00f6stermesinin \u00f6nemle rica edildi\u011fi kaydedildi.<\/p>\n<p>\u00c7al\u0131\u015fma Bakanl\u0131\u011f\u0131: Engelli yoklama bildirgeleri i\u00e7in son tarih; 31 Mart 2026 yaz\u0131s\u0131 ilk \u00f6nce K\u0131br\u0131s Hakikat \u00fczerinde ortaya \u00e7\u0131kt\u0131.<\/p>\n","protected":false},"excerpt":{"rendered":"<p>\u00c7al\u0131\u015fma ve Sosyal G\u00fcvenlik Bakanl\u0131\u011f\u0131\u2019na ba\u011fl\u0131 \u00c7al\u0131\u015fma Dairesi\u2019nden nakdi yard\u0131m almakta olan engellilere, her y\u0131l oldu\u011fu gibi bu y\u0131l da yoklama bildirgeleri g\u00f6nderildi. Bakanl\u0131ktan yap\u0131lan a\u00e7\u0131klamaya g\u00f6re, s\u00f6z konusu bildirgelerin en ge\u00e7 31 Mart 2026 tarihine kadar \u00c7al\u0131\u015fma Dairesi B\u00f6lge Amirlikleri veya b\u00fcrolar\u0131na ula\u015ft\u0131r\u0131lmas\u0131 gerekiyor. Herhangi bir nedenle yoklama bildirgesi eline ula\u015fmayanlar\u0131n ise \u00c7al\u0131\u015fma Dairesi [&hellip;]<\/p>\n","protected":false},"author":1,"featured_media":36575,"comment_status":"open","ping_status":"open","sticky":false,"template":"","format":"standard","meta":{"jnews-multi-image_gallery":[],"jnews_single_post":[],"jnews_primary_category":[],"jnews_social_meta":[],"jnews_override_counter":[],"footnotes":""},"categories":[1],"tags":[],"class_list":["post-36574","post","type-post","status-publish","format-standard","has-post-thumbnail","hentry","category-kibris"],"yoast_head":"<!-- This site is optimized with the Yoast SEO plugin v27.5 - https:\/\/yoast.com\/product\/yoast-seo-wordpress\/ -->\n<title>\u00c7al\u0131\u015fma Bakanl\u0131\u011f\u0131: Engelli yoklama bildirgeleri i\u00e7in son tarih; 31 Mart 2026 - Kuzeyin Sesi<\/title>\n<meta name=\"robots\" content=\"index, follow, max-snippet:-1, max-image-preview:large, max-video-preview:-1\" \/>\n<link rel=\"canonical\" href=\"https:\/\/kuzeyinsesi.org\/index.php\/2026\/03\/16\/calisma-bakanligi-engelli-yoklama-bildirgeleri-icin-son-tarih-31-mart-2026\/\" \/>\n<meta property=\"og:locale\" content=\"tr_TR\" \/>\n<meta property=\"og:type\" content=\"article\" \/>\n<meta property=\"og:title\" content=\"\u00c7al\u0131\u015fma Bakanl\u0131\u011f\u0131: Engelli yoklama bildirgeleri i\u00e7in son tarih; 31 Mart 2026 - Kuzeyin Sesi\" \/>\n<meta property=\"og:description\" content=\"\u00c7al\u0131\u015fma ve Sosyal G\u00fcvenlik Bakanl\u0131\u011f\u0131\u2019na ba\u011fl\u0131 \u00c7al\u0131\u015fma Dairesi\u2019nden nakdi yard\u0131m almakta olan engellilere, her y\u0131l oldu\u011fu gibi bu y\u0131l da yoklama bildirgeleri g\u00f6nderildi. Bakanl\u0131ktan yap\u0131lan a\u00e7\u0131klamaya g\u00f6re, s\u00f6z konusu bildirgelerin en ge\u00e7 31 Mart 2026 tarihine kadar \u00c7al\u0131\u015fma Dairesi B\u00f6lge Amirlikleri veya b\u00fcrolar\u0131na ula\u015ft\u0131r\u0131lmas\u0131 gerekiyor. Herhangi bir nedenle yoklama bildirgesi eline ula\u015fmayanlar\u0131n ise \u00c7al\u0131\u015fma Dairesi [&hellip;]\" \/>\n<meta property=\"og:url\" content=\"https:\/\/kuzeyinsesi.org\/index.php\/2026\/03\/16\/calisma-bakanligi-engelli-yoklama-bildirgeleri-icin-son-tarih-31-mart-2026\/\" \/>\n<meta property=\"og:site_name\" content=\"Kuzeyin Sesi\" \/>\n<meta property=\"article:publisher\" content=\"https:\/\/www.facebook.com\/kuzeyinsesii\" \/>\n<meta property=\"article:published_time\" content=\"2026-03-16T08:29:15+00:00\" \/>\n<meta name=\"author\" content=\"Kuzeyin Sesi\" \/>\n<meta name=\"twitter:card\" content=\"summary_large_image\" \/>\n<meta name=\"twitter:creator\" content=\"@kuzeyinsesii\" \/>\n<meta name=\"twitter:site\" content=\"@kuzeyinsesii\" \/>\n<meta name=\"twitter:label1\" content=\"Yazan:\" \/>\n\t<meta name=\"twitter:data1\" content=\"Kuzeyin Sesi\" \/>\n\t<meta name=\"twitter:label2\" content=\"Tahmini okuma s\u00fcresi\" \/>\n\t<meta name=\"twitter:data2\" content=\"1 dakika\" \/>\n<script type=\"application\/ld+json\" class=\"yoast-schema-graph\">{\"@context\":\"https:\\\/\\\/schema.org\",\"@graph\":[{\"@type\":\"Article\",\"@id\":\"https:\\\/\\\/kuzeyinsesi.org\\\/index.php\\\/2026\\\/03\\\/16\\\/calisma-bakanligi-engelli-yoklama-bildirgeleri-icin-son-tarih-31-mart-2026\\\/#article\",\"isPartOf\":{\"@id\":\"https:\\\/\\\/kuzeyinsesi.org\\\/index.php\\\/2026\\\/03\\\/16\\\/calisma-bakanligi-engelli-yoklama-bildirgeleri-icin-son-tarih-31-mart-2026\\\/\"},\"author\":{\"name\":\"Kuzeyin Sesi\",\"@id\":\"https:\\\/\\\/kuzeyinsesi.org\\\/#\\\/schema\\\/person\\\/9f859689cdf01485597712386e37f5aa\"},\"headline\":\"\u00c7al\u0131\u015fma Bakanl\u0131\u011f\u0131: Engelli yoklama bildirgeleri i\u00e7in son tarih; 31 Mart 2026\",\"datePublished\":\"2026-03-16T08:29:15+00:00\",\"mainEntityOfPage\":{\"@id\":\"https:\\\/\\\/kuzeyinsesi.org\\\/index.php\\\/2026\\\/03\\\/16\\\/calisma-bakanligi-engelli-yoklama-bildirgeleri-icin-son-tarih-31-mart-2026\\\/\"},\"wordCount\":178,\"commentCount\":0,\"image\":{\"@id\":\"https:\\\/\\\/kuzeyinsesi.org\\\/index.php\\\/2026\\\/03\\\/16\\\/calisma-bakanligi-engelli-yoklama-bildirgeleri-icin-son-tarih-31-mart-2026\\\/#primaryimage\"},\"thumbnailUrl\":\"https:\\\/\\\/kuzeyinsesi.org\\\/wp-content\\\/uploads\\\/2026\\\/03\\\/IMG_7464.webp.webp\",\"articleSection\":[\"K\u0131br\u0131s\"],\"inLanguage\":\"tr\",\"potentialAction\":[{\"@type\":\"CommentAction\",\"name\":\"Comment\",\"target\":[\"https:\\\/\\\/kuzeyinsesi.org\\\/index.php\\\/2026\\\/03\\\/16\\\/calisma-bakanligi-engelli-yoklama-bildirgeleri-icin-son-tarih-31-mart-2026\\\/#respond\"]}]},{\"@type\":\"WebPage\",\"@id\":\"https:\\\/\\\/kuzeyinsesi.org\\\/index.php\\\/2026\\\/03\\\/16\\\/calisma-bakanligi-engelli-yoklama-bildirgeleri-icin-son-tarih-31-mart-2026\\\/\",\"url\":\"https:\\\/\\\/kuzeyinsesi.org\\\/index.php\\\/2026\\\/03\\\/16\\\/calisma-bakanligi-engelli-yoklama-bildirgeleri-icin-son-tarih-31-mart-2026\\\/\",\"name\":\"\u00c7al\u0131\u015fma Bakanl\u0131\u011f\u0131: Engelli yoklama bildirgeleri i\u00e7in son tarih; 31 Mart 2026 - Kuzeyin Sesi\",\"isPartOf\":{\"@id\":\"https:\\\/\\\/kuzeyinsesi.org\\\/#website\"},\"primaryImageOfPage\":{\"@id\":\"https:\\\/\\\/kuzeyinsesi.org\\\/index.php\\\/2026\\\/03\\\/16\\\/calisma-bakanligi-engelli-yoklama-bildirgeleri-icin-son-tarih-31-mart-2026\\\/#primaryimage\"},\"image\":{\"@id\":\"https:\\\/\\\/kuzeyinsesi.org\\\/index.php\\\/2026\\\/03\\\/16\\\/calisma-bakanligi-engelli-yoklama-bildirgeleri-icin-son-tarih-31-mart-2026\\\/#primaryimage\"},\"thumbnailUrl\":\"https:\\\/\\\/kuzeyinsesi.org\\\/wp-content\\\/uploads\\\/2026\\\/03\\\/IMG_7464.webp.webp\",\"datePublished\":\"2026-03-16T08:29:15+00:00\",\"author\":{\"@id\":\"https:\\\/\\\/kuzeyinsesi.org\\\/#\\\/schema\\\/person\\\/9f859689cdf01485597712386e37f5aa\"},\"breadcrumb\":{\"@id\":\"https:\\\/\\\/kuzeyinsesi.org\\\/index.php\\\/2026\\\/03\\\/16\\\/calisma-bakanligi-engelli-yoklama-bildirgeleri-icin-son-tarih-31-mart-2026\\\/#breadcrumb\"},\"inLanguage\":\"tr\",\"potentialAction\":[{\"@type\":\"ReadAction\",\"target\":[\"https:\\\/\\\/kuzeyinsesi.org\\\/index.php\\\/2026\\\/03\\\/16\\\/calisma-bakanligi-engelli-yoklama-bildirgeleri-icin-son-tarih-31-mart-2026\\\/\"]}]},{\"@type\":\"ImageObject\",\"inLanguage\":\"tr\",\"@id\":\"https:\\\/\\\/kuzeyinsesi.org\\\/index.php\\\/2026\\\/03\\\/16\\\/calisma-bakanligi-engelli-yoklama-bildirgeleri-icin-son-tarih-31-mart-2026\\\/#primaryimage\",\"url\":\"https:\\\/\\\/kuzeyinsesi.org\\\/wp-content\\\/uploads\\\/2026\\\/03\\\/IMG_7464.webp.webp\",\"contentUrl\":\"https:\\\/\\\/kuzeyinsesi.org\\\/wp-content\\\/uploads\\\/2026\\\/03\\\/IMG_7464.webp.webp\",\"width\":971,\"height\":551},{\"@type\":\"BreadcrumbList\",\"@id\":\"https:\\\/\\\/kuzeyinsesi.org\\\/index.php\\\/2026\\\/03\\\/16\\\/calisma-bakanligi-engelli-yoklama-bildirgeleri-icin-son-tarih-31-mart-2026\\\/#breadcrumb\",\"itemListElement\":[{\"@type\":\"ListItem\",\"position\":1,\"name\":\"Anasayfa\",\"item\":\"https:\\\/\\\/kuzeyinsesi.org\\\/\"},{\"@type\":\"ListItem\",\"position\":2,\"name\":\"\u00c7al\u0131\u015fma Bakanl\u0131\u011f\u0131: Engelli yoklama bildirgeleri i\u00e7in son tarih; 31 Mart 2026\"}]},{\"@type\":\"WebSite\",\"@id\":\"https:\\\/\\\/kuzeyinsesi.org\\\/#website\",\"url\":\"https:\\\/\\\/kuzeyinsesi.org\\\/\",\"name\":\"Kuzeyin Sesi\",\"description\":\"Do\u011fru Haberin Adresi\",\"potentialAction\":[{\"@type\":\"SearchAction\",\"target\":{\"@type\":\"EntryPoint\",\"urlTemplate\":\"https:\\\/\\\/kuzeyinsesi.org\\\/?s={search_term_string}\"},\"query-input\":{\"@type\":\"PropertyValueSpecification\",\"valueRequired\":true,\"valueName\":\"search_term_string\"}}],\"inLanguage\":\"tr\"},{\"@type\":\"Person\",\"@id\":\"https:\\\/\\\/kuzeyinsesi.org\\\/#\\\/schema\\\/person\\\/9f859689cdf01485597712386e37f5aa\",\"name\":\"Kuzeyin Sesi\",\"image\":{\"@type\":\"ImageObject\",\"inLanguage\":\"tr\",\"@id\":\"https:\\\/\\\/secure.gravatar.com\\\/avatar\\\/bab33852abfd8b282518d6ed81826833d77c3c882d9ab608add591ccace47a44?s=96&d=mm&r=g\",\"url\":\"https:\\\/\\\/secure.gravatar.com\\\/avatar\\\/bab33852abfd8b282518d6ed81826833d77c3c882d9ab608add591ccace47a44?s=96&d=mm&r=g\",\"contentUrl\":\"https:\\\/\\\/secure.gravatar.com\\\/avatar\\\/bab33852abfd8b282518d6ed81826833d77c3c882d9ab608add591ccace47a44?s=96&d=mm&r=g\",\"caption\":\"Kuzeyin Sesi\"},\"sameAs\":[\"https:\\\/\\\/kuzeyinsesi.org\"],\"url\":\"https:\\\/\\\/kuzeyinsesi.org\\\/index.php\\\/author\\\/guven\\\/\"}]}<\/script>\n<!-- \/ Yoast SEO plugin. -->","yoast_head_json":{"title":"\u00c7al\u0131\u015fma Bakanl\u0131\u011f\u0131: Engelli yoklama bildirgeleri i\u00e7in son tarih; 31 Mart 2026 - Kuzeyin Sesi","robots":{"index":"index","follow":"follow","max-snippet":"max-snippet:-1","max-image-preview":"max-image-preview:large","max-video-preview":"max-video-preview:-1"},"canonical":"https:\/\/kuzeyinsesi.org\/index.php\/2026\/03\/16\/calisma-bakanligi-engelli-yoklama-bildirgeleri-icin-son-tarih-31-mart-2026\/","og_locale":"tr_TR","og_type":"article","og_title":"\u00c7al\u0131\u015fma Bakanl\u0131\u011f\u0131: Engelli yoklama bildirgeleri i\u00e7in son tarih; 31 Mart 2026 - Kuzeyin Sesi","og_description":"\u00c7al\u0131\u015fma ve Sosyal G\u00fcvenlik Bakanl\u0131\u011f\u0131\u2019na ba\u011fl\u0131 \u00c7al\u0131\u015fma Dairesi\u2019nden nakdi yard\u0131m almakta olan engellilere, her y\u0131l oldu\u011fu gibi bu y\u0131l da yoklama bildirgeleri g\u00f6nderildi. Bakanl\u0131ktan yap\u0131lan a\u00e7\u0131klamaya g\u00f6re, s\u00f6z konusu bildirgelerin en ge\u00e7 31 Mart 2026 tarihine kadar \u00c7al\u0131\u015fma Dairesi B\u00f6lge Amirlikleri veya b\u00fcrolar\u0131na ula\u015ft\u0131r\u0131lmas\u0131 gerekiyor. Herhangi bir nedenle yoklama bildirgesi eline ula\u015fmayanlar\u0131n ise \u00c7al\u0131\u015fma Dairesi [&hellip;]","og_url":"https:\/\/kuzeyinsesi.org\/index.php\/2026\/03\/16\/calisma-bakanligi-engelli-yoklama-bildirgeleri-icin-son-tarih-31-mart-2026\/","og_site_name":"Kuzeyin Sesi","article_publisher":"https:\/\/www.facebook.com\/kuzeyinsesii","article_published_time":"2026-03-16T08:29:15+00:00","author":"Kuzeyin Sesi","twitter_card":"summary_large_image","twitter_creator":"@kuzeyinsesii","twitter_site":"@kuzeyinsesii","twitter_misc":{"Yazan:":"Kuzeyin Sesi","Tahmini okuma s\u00fcresi":"1 dakika"},"schema":{"@context":"https:\/\/schema.org","@graph":[{"@type":"Article","@id":"https:\/\/kuzeyinsesi.org\/index.php\/2026\/03\/16\/calisma-bakanligi-engelli-yoklama-bildirgeleri-icin-son-tarih-31-mart-2026\/#article","isPartOf":{"@id":"https:\/\/kuzeyinsesi.org\/index.php\/2026\/03\/16\/calisma-bakanligi-engelli-yoklama-bildirgeleri-icin-son-tarih-31-mart-2026\/"},"author":{"name":"Kuzeyin Sesi","@id":"https:\/\/kuzeyinsesi.org\/#\/schema\/person\/9f859689cdf01485597712386e37f5aa"},"headline":"\u00c7al\u0131\u015fma Bakanl\u0131\u011f\u0131: Engelli yoklama bildirgeleri i\u00e7in son tarih; 31 Mart 2026","datePublished":"2026-03-16T08:29:15+00:00","mainEntityOfPage":{"@id":"https:\/\/kuzeyinsesi.org\/index.php\/2026\/03\/16\/calisma-bakanligi-engelli-yoklama-bildirgeleri-icin-son-tarih-31-mart-2026\/"},"wordCount":178,"commentCount":0,"image":{"@id":"https:\/\/kuzeyinsesi.org\/index.php\/2026\/03\/16\/calisma-bakanligi-engelli-yoklama-bildirgeleri-icin-son-tarih-31-mart-2026\/#primaryimage"},"thumbnailUrl":"https:\/\/kuzeyinsesi.org\/wp-content\/uploads\/2026\/03\/IMG_7464.webp.webp","articleSection":["K\u0131br\u0131s"],"inLanguage":"tr","potentialAction":[{"@type":"CommentAction","name":"Comment","target":["https:\/\/kuzeyinsesi.org\/index.php\/2026\/03\/16\/calisma-bakanligi-engelli-yoklama-bildirgeleri-icin-son-tarih-31-mart-2026\/#respond"]}]},{"@type":"WebPage","@id":"https:\/\/kuzeyinsesi.org\/index.php\/2026\/03\/16\/calisma-bakanligi-engelli-yoklama-bildirgeleri-icin-son-tarih-31-mart-2026\/","url":"https:\/\/kuzeyinsesi.org\/index.php\/2026\/03\/16\/calisma-bakanligi-engelli-yoklama-bildirgeleri-icin-son-tarih-31-mart-2026\/","name":"\u00c7al\u0131\u015fma Bakanl\u0131\u011f\u0131: Engelli yoklama bildirgeleri i\u00e7in son tarih; 31 Mart 2026 - Kuzeyin Sesi","isPartOf":{"@id":"https:\/\/kuzeyinsesi.org\/#website"},"primaryImageOfPage":{"@id":"https:\/\/kuzeyinsesi.org\/index.php\/2026\/03\/16\/calisma-bakanligi-engelli-yoklama-bildirgeleri-icin-son-tarih-31-mart-2026\/#primaryimage"},"image":{"@id":"https:\/\/kuzeyinsesi.org\/index.php\/2026\/03\/16\/calisma-bakanligi-engelli-yoklama-bildirgeleri-icin-son-tarih-31-mart-2026\/#primaryimage"},"thumbnailUrl":"https:\/\/kuzeyinsesi.org\/wp-content\/uploads\/2026\/03\/IMG_7464.webp.webp","datePublished":"2026-03-16T08:29:15+00:00","author":{"@id":"https:\/\/kuzeyinsesi.org\/#\/schema\/person\/9f859689cdf01485597712386e37f5aa"},"breadcrumb":{"@id":"https:\/\/kuzeyinsesi.org\/index.php\/2026\/03\/16\/calisma-bakanligi-engelli-yoklama-bildirgeleri-icin-son-tarih-31-mart-2026\/#breadcrumb"},"inLanguage":"tr","potentialAction":[{"@type":"ReadAction","target":["https:\/\/kuzeyinsesi.org\/index.php\/2026\/03\/16\/calisma-bakanligi-engelli-yoklama-bildirgeleri-icin-son-tarih-31-mart-2026\/"]}]},{"@type":"ImageObject","inLanguage":"tr","@id":"https:\/\/kuzeyinsesi.org\/index.php\/2026\/03\/16\/calisma-bakanligi-engelli-yoklama-bildirgeleri-icin-son-tarih-31-mart-2026\/#primaryimage","url":"https:\/\/kuzeyinsesi.org\/wp-content\/uploads\/2026\/03\/IMG_7464.webp.webp","contentUrl":"https:\/\/kuzeyinsesi.org\/wp-content\/uploads\/2026\/03\/IMG_7464.webp.webp","width":971,"height":551},{"@type":"BreadcrumbList","@id":"https:\/\/kuzeyinsesi.org\/index.php\/2026\/03\/16\/calisma-bakanligi-engelli-yoklama-bildirgeleri-icin-son-tarih-31-mart-2026\/#breadcrumb","itemListElement":[{"@type":"ListItem","position":1,"name":"Anasayfa","item":"https:\/\/kuzeyinsesi.org\/"},{"@type":"ListItem","position":2,"name":"\u00c7al\u0131\u015fma Bakanl\u0131\u011f\u0131: Engelli yoklama bildirgeleri i\u00e7in son tarih; 31 Mart 2026"}]},{"@type":"WebSite","@id":"https:\/\/kuzeyinsesi.org\/#website","url":"https:\/\/kuzeyinsesi.org\/","name":"Kuzeyin Sesi","description":"Do\u011fru Haberin Adresi","potentialAction":[{"@type":"SearchAction","target":{"@type":"EntryPoint","urlTemplate":"https:\/\/kuzeyinsesi.org\/?s={search_term_string}"},"query-input":{"@type":"PropertyValueSpecification","valueRequired":true,"valueName":"search_term_string"}}],"inLanguage":"tr"},{"@type":"Person","@id":"https:\/\/kuzeyinsesi.org\/#\/schema\/person\/9f859689cdf01485597712386e37f5aa","name":"Kuzeyin Sesi","image":{"@type":"ImageObject","inLanguage":"tr","@id":"https:\/\/secure.gravatar.com\/avatar\/bab33852abfd8b282518d6ed81826833d77c3c882d9ab608add591ccace47a44?s=96&d=mm&r=g","url":"https:\/\/secure.gravatar.com\/avatar\/bab33852abfd8b282518d6ed81826833d77c3c882d9ab608add591ccace47a44?s=96&d=mm&r=g","contentUrl":"https:\/\/secure.gravatar.com\/avatar\/bab33852abfd8b282518d6ed81826833d77c3c882d9ab608add591ccace47a44?s=96&d=mm&r=g","caption":"Kuzeyin Sesi"},"sameAs":["https:\/\/kuzeyinsesi.org"],"url":"https:\/\/kuzeyinsesi.org\/index.php\/author\/guven\/"}]}},"_links":{"self":[{"href":"https:\/\/kuzeyinsesi.org\/index.php\/wp-json\/wp\/v2\/posts\/36574","targetHints":{"allow":["GET"]}}],"collection":[{"href":"https:\/\/kuzeyinsesi.org\/index.php\/wp-json\/wp\/v2\/posts"}],"about":[{"href":"https:\/\/kuzeyinsesi.org\/index.php\/wp-json\/wp\/v2\/types\/post"}],"author":[{"embeddable":true,"href":"https:\/\/kuzeyinsesi.org\/index.php\/wp-json\/wp\/v2\/users\/1"}],"replies":[{"embeddable":true,"href":"https:\/\/kuzeyinsesi.org\/index.php\/wp-json\/wp\/v2\/comments?post=36574"}],"version-history":[{"count":0,"href":"https:\/\/kuzeyinsesi.org\/index.php\/wp-json\/wp\/v2\/posts\/36574\/revisions"}],"wp:featuredmedia":[{"embeddable":true,"href":"https:\/\/kuzeyinsesi.org\/index.php\/wp-json\/wp\/v2\/media\/36575"}],"wp:attachment":[{"href":"https:\/\/kuzeyinsesi.org\/index.php\/wp-json\/wp\/v2\/media?parent=36574"}],"wp:term":[{"taxonomy":"category","embeddable":true,"href":"https:\/\/kuzeyinsesi.org\/index.php\/wp-json\/wp\/v2\/categories?post=36574"},{"taxonomy":"post_tag","embeddable":true,"href":"https:\/\/kuzeyinsesi.org\/index.php\/wp-json\/wp\/v2\/tags?post=36574"}],"curies":[{"name":"wp","href":"https:\/\/api.w.org\/{rel}","templated":true}]}}