{"id":36572,"date":"2026-03-16T09:03:16","date_gmt":"2026-03-16T07:03:16","guid":{"rendered":"https:\/\/kuzeyinsesi.org\/index.php\/2026\/03\/16\/kktc-derin-bir-krizin-esiginde\/"},"modified":"2026-03-16T09:03:16","modified_gmt":"2026-03-16T07:03:16","slug":"kktc-derin-bir-krizin-esiginde","status":"publish","type":"post","link":"https:\/\/kuzeyinsesi.org\/index.php\/2026\/03\/16\/kktc-derin-bir-krizin-esiginde\/","title":{"rendered":"KKTC DER\u0130N B\u0130R KR\u0130Z\u0130N E\u015e\u0130\u011e\u0130NDE"},"content":{"rendered":"<p>DP Genel Sekreteri ve Girne Milletvekili Serhat Akp\u0131nar imzas\u0131yla yap\u0131lan a\u00e7\u0131klamada, ABD-\u0130srail ile \u0130ran hatt\u0131nda ba\u015flayan gerilimin K\u00f6rfez \u00fclkelerini de i\u00e7ine alacak \u015fekilde b\u00fcy\u00fcd\u00fc\u011f\u00fc, Do\u011fu Akdeniz\u2019i do\u011frudan etkileyecek yeni bir jeopolitik k\u0131r\u0131lma noktas\u0131na gelindi\u011fi ifade edildi.<\/p>\n<p>A\u00e7\u0131klamada, KKTC\u2019de mevcut siyasi y\u00f6netimin krizin boyutlar\u0131n\u0131 do\u011fru okuyamad\u0131\u011f\u0131 savunularak, dar d\u00fc\u015f\u00fcnce birlikteli\u011fi ve da\u011f\u0131n\u0131k koordinasyon yap\u0131s\u0131 nedeniyle do\u011fru kararlar\u0131n zaman\u0131nda al\u0131namad\u0131\u011f\u0131 \u00f6ne s\u00fcr\u00fcld\u00fc.<\/p>\n<p>DP a\u00e7\u0131klamas\u0131nda, meselenin yaln\u0131zca turizm ya da g\u00fcvenlik ba\u015fl\u0131\u011f\u0131yla s\u0131n\u0131rl\u0131 olmad\u0131\u011f\u0131na dikkat \u00e7ekilerek, \u00f6zellikle y\u00fcksek\u00f6\u011fretim ve turizm sekt\u00f6rlerinin ciddi bir varolu\u015f tehdidi alt\u0131nda bulundu\u011fu belirtildi. Uluslararas\u0131 \u00f6\u011frenci hareketlili\u011fine dayal\u0131 y\u00fcksek\u00f6\u011fretim sistemi ile k\u00fcresel alg\u0131ya ba\u011fl\u0131 turizm sekt\u00f6r\u00fcn\u00fcn, b\u00f6lgesel sava\u015f atmosferinden ilk ve en sert etkilenecek alanlar oldu\u011fu kaydedildi.<\/p>\n<p>Ekonomik yap\u0131da kullan\u0131lan kredi mekanizmalar\u0131n\u0131n s\u00fcrd\u00fcr\u00fclebilirli\u011finin de k\u0131r\u0131lma noktas\u0131na yakla\u015ft\u0131\u011f\u0131 ifade edilen a\u00e7\u0131klamada, gerekli tedbirlerin al\u0131nmamas\u0131 halinde ekonomik daralma ile birlikte sekt\u00f6rel \u00e7\u00f6k\u00fc\u015f riskinin ortaya \u00e7\u0131kabilece\u011fi vurguland\u0131.<\/p>\n<p>Demokrat Parti, haftalard\u0131r dile getirdi\u011fi uyar\u0131y\u0131 yineleyerek, KKTC\u2019de acilen Ulusal Konsey olu\u015fturulmas\u0131 gerekti\u011fini belirtti. A\u00e7\u0131klamada, Cumhurba\u015fkan\u0131, Ba\u015fbakan, h\u00fck\u00fcmet ortaklar\u0131, muhalefet partileri ve Meclis d\u0131\u015f\u0131nda temsil g\u00fcc\u00fc bulunan siyasi partilerin derhal bir araya gelmesi ve devlet akl\u0131yla \u00e7al\u0131\u015fan bir kriz y\u00f6netim mekanizmas\u0131 kurulmas\u0131 \u00e7a\u011fr\u0131s\u0131 yap\u0131ld\u0131.<\/p>\n<p>DP, bug\u00fcn ihtiya\u00e7 duyulan \u015feyin g\u00fcnl\u00fck siyasi polemiklerin \u00f6tesinde ulusal sorumluluk bilinci ve ortak devlet refleksi oldu\u011funu belirterek, k\u00fcresel siyasetin h\u0131zla de\u011fi\u015fti\u011fi bu s\u00fcre\u00e7te reaktif de\u011fil, stratejik bir devlet akl\u0131 ile hareket edilmesi gerekti\u011fini ifade etti.<\/p>\n<p>A\u00e7\u0131klaman\u0131n sonunda, \u201cKKTC bu krizi haz\u0131rl\u0131ks\u0131z yakalanarak kald\u0131ramaz. Bug\u00fcn at\u0131lmayan ad\u0131mlar\u0131n bedelini yar\u0131n t\u00fcm toplum olarak \u00f6deyece\u011fiz\u201d denilerek, bu \u00e7a\u011fr\u0131n\u0131n bir devlet sorumlulu\u011fu gere\u011fi oldu\u011fu vurguland\u0131.<\/p>\n<p>Demokrat Parti, \u00fclkenin g\u00fcvenli\u011fi, ekonomisi ve gelece\u011fi i\u00e7in her t\u00fcrl\u00fc ulusal dayan\u0131\u015fma mekanizmas\u0131n\u0131n kurulmas\u0131na katk\u0131 koymaya haz\u0131r oldu\u011funu da kamuoyuna duyurdu.<\/p>\n<p>KKTC DER\u0130N B\u0130R KR\u0130Z\u0130N E\u015e\u0130\u011e\u0130NDE yaz\u0131s\u0131 ilk \u00f6nce K\u0131br\u0131s Hakikat \u00fczerinde ortaya \u00e7\u0131kt\u0131.<\/p>\n","protected":false},"excerpt":{"rendered":"<p>DP Genel Sekreteri ve Girne Milletvekili Serhat Akp\u0131nar imzas\u0131yla yap\u0131lan a\u00e7\u0131klamada, ABD-\u0130srail ile \u0130ran hatt\u0131nda ba\u015flayan gerilimin K\u00f6rfez \u00fclkelerini de i\u00e7ine alacak \u015fekilde b\u00fcy\u00fcd\u00fc\u011f\u00fc, Do\u011fu Akdeniz\u2019i do\u011frudan etkileyecek yeni bir jeopolitik k\u0131r\u0131lma noktas\u0131na gelindi\u011fi ifade edildi. A\u00e7\u0131klamada, KKTC\u2019de mevcut siyasi y\u00f6netimin krizin boyutlar\u0131n\u0131 do\u011fru okuyamad\u0131\u011f\u0131 savunularak, dar d\u00fc\u015f\u00fcnce birlikteli\u011fi ve da\u011f\u0131n\u0131k koordinasyon yap\u0131s\u0131 nedeniyle do\u011fru [&hellip;]<\/p>\n","protected":false},"author":1,"featured_media":36573,"comment_status":"open","ping_status":"open","sticky":false,"template":"","format":"standard","meta":{"jnews-multi-image_gallery":[],"jnews_single_post":[],"jnews_primary_category":[],"jnews_social_meta":[],"jnews_override_counter":[],"footnotes":""},"categories":[1],"tags":[],"class_list":["post-36572","post","type-post","status-publish","format-standard","has-post-thumbnail","hentry","category-kibris"],"yoast_head":"<!-- This site is optimized with the Yoast SEO plugin v27.5 - https:\/\/yoast.com\/product\/yoast-seo-wordpress\/ -->\n<title>KKTC DER\u0130N B\u0130R KR\u0130Z\u0130N E\u015e\u0130\u011e\u0130NDE - Kuzeyin Sesi<\/title>\n<meta name=\"robots\" content=\"index, follow, max-snippet:-1, max-image-preview:large, max-video-preview:-1\" \/>\n<link rel=\"canonical\" href=\"https:\/\/kuzeyinsesi.org\/index.php\/2026\/03\/16\/kktc-derin-bir-krizin-esiginde\/\" \/>\n<meta property=\"og:locale\" content=\"tr_TR\" \/>\n<meta property=\"og:type\" content=\"article\" \/>\n<meta property=\"og:title\" content=\"KKTC DER\u0130N B\u0130R KR\u0130Z\u0130N E\u015e\u0130\u011e\u0130NDE - Kuzeyin Sesi\" \/>\n<meta property=\"og:description\" content=\"DP Genel Sekreteri ve Girne Milletvekili Serhat Akp\u0131nar imzas\u0131yla yap\u0131lan a\u00e7\u0131klamada, ABD-\u0130srail ile \u0130ran hatt\u0131nda ba\u015flayan gerilimin K\u00f6rfez \u00fclkelerini de i\u00e7ine alacak \u015fekilde b\u00fcy\u00fcd\u00fc\u011f\u00fc, Do\u011fu Akdeniz\u2019i do\u011frudan etkileyecek yeni bir jeopolitik k\u0131r\u0131lma noktas\u0131na gelindi\u011fi ifade edildi. A\u00e7\u0131klamada, KKTC\u2019de mevcut siyasi y\u00f6netimin krizin boyutlar\u0131n\u0131 do\u011fru okuyamad\u0131\u011f\u0131 savunularak, dar d\u00fc\u015f\u00fcnce birlikteli\u011fi ve da\u011f\u0131n\u0131k koordinasyon yap\u0131s\u0131 nedeniyle do\u011fru [&hellip;]\" \/>\n<meta property=\"og:url\" content=\"https:\/\/kuzeyinsesi.org\/index.php\/2026\/03\/16\/kktc-derin-bir-krizin-esiginde\/\" \/>\n<meta property=\"og:site_name\" content=\"Kuzeyin Sesi\" \/>\n<meta property=\"article:publisher\" content=\"https:\/\/www.facebook.com\/kuzeyinsesii\" \/>\n<meta property=\"article:published_time\" content=\"2026-03-16T07:03:16+00:00\" \/>\n<meta name=\"author\" content=\"Kuzeyin Sesi\" \/>\n<meta name=\"twitter:card\" content=\"summary_large_image\" \/>\n<meta name=\"twitter:creator\" content=\"@kuzeyinsesii\" \/>\n<meta name=\"twitter:site\" content=\"@kuzeyinsesii\" \/>\n<meta name=\"twitter:label1\" content=\"Yazan:\" \/>\n\t<meta name=\"twitter:data1\" content=\"Kuzeyin Sesi\" \/>\n\t<meta name=\"twitter:label2\" content=\"Tahmini okuma s\u00fcresi\" \/>\n\t<meta name=\"twitter:data2\" content=\"2 dakika\" \/>\n<script type=\"application\/ld+json\" class=\"yoast-schema-graph\">{\"@context\":\"https:\\\/\\\/schema.org\",\"@graph\":[{\"@type\":\"Article\",\"@id\":\"https:\\\/\\\/kuzeyinsesi.org\\\/index.php\\\/2026\\\/03\\\/16\\\/kktc-derin-bir-krizin-esiginde\\\/#article\",\"isPartOf\":{\"@id\":\"https:\\\/\\\/kuzeyinsesi.org\\\/index.php\\\/2026\\\/03\\\/16\\\/kktc-derin-bir-krizin-esiginde\\\/\"},\"author\":{\"name\":\"Kuzeyin Sesi\",\"@id\":\"https:\\\/\\\/kuzeyinsesi.org\\\/#\\\/schema\\\/person\\\/9f859689cdf01485597712386e37f5aa\"},\"headline\":\"KKTC DER\u0130N B\u0130R KR\u0130Z\u0130N E\u015e\u0130\u011e\u0130NDE\",\"datePublished\":\"2026-03-16T07:03:16+00:00\",\"mainEntityOfPage\":{\"@id\":\"https:\\\/\\\/kuzeyinsesi.org\\\/index.php\\\/2026\\\/03\\\/16\\\/kktc-derin-bir-krizin-esiginde\\\/\"},\"wordCount\":430,\"commentCount\":0,\"image\":{\"@id\":\"https:\\\/\\\/kuzeyinsesi.org\\\/index.php\\\/2026\\\/03\\\/16\\\/kktc-derin-bir-krizin-esiginde\\\/#primaryimage\"},\"thumbnailUrl\":\"https:\\\/\\\/kuzeyinsesi.org\\\/wp-content\\\/uploads\\\/2026\\\/03\\\/Basit-Metin-ve-Fotograf-Yeni-Sarki-Videosu-Youtube-Kucuk-Resmi-19.png\",\"articleSection\":[\"K\u0131br\u0131s\"],\"inLanguage\":\"tr\",\"potentialAction\":[{\"@type\":\"CommentAction\",\"name\":\"Comment\",\"target\":[\"https:\\\/\\\/kuzeyinsesi.org\\\/index.php\\\/2026\\\/03\\\/16\\\/kktc-derin-bir-krizin-esiginde\\\/#respond\"]}]},{\"@type\":\"WebPage\",\"@id\":\"https:\\\/\\\/kuzeyinsesi.org\\\/index.php\\\/2026\\\/03\\\/16\\\/kktc-derin-bir-krizin-esiginde\\\/\",\"url\":\"https:\\\/\\\/kuzeyinsesi.org\\\/index.php\\\/2026\\\/03\\\/16\\\/kktc-derin-bir-krizin-esiginde\\\/\",\"name\":\"KKTC DER\u0130N B\u0130R KR\u0130Z\u0130N E\u015e\u0130\u011e\u0130NDE - Kuzeyin Sesi\",\"isPartOf\":{\"@id\":\"https:\\\/\\\/kuzeyinsesi.org\\\/#website\"},\"primaryImageOfPage\":{\"@id\":\"https:\\\/\\\/kuzeyinsesi.org\\\/index.php\\\/2026\\\/03\\\/16\\\/kktc-derin-bir-krizin-esiginde\\\/#primaryimage\"},\"image\":{\"@id\":\"https:\\\/\\\/kuzeyinsesi.org\\\/index.php\\\/2026\\\/03\\\/16\\\/kktc-derin-bir-krizin-esiginde\\\/#primaryimage\"},\"thumbnailUrl\":\"https:\\\/\\\/kuzeyinsesi.org\\\/wp-content\\\/uploads\\\/2026\\\/03\\\/Basit-Metin-ve-Fotograf-Yeni-Sarki-Videosu-Youtube-Kucuk-Resmi-19.png\",\"datePublished\":\"2026-03-16T07:03:16+00:00\",\"author\":{\"@id\":\"https:\\\/\\\/kuzeyinsesi.org\\\/#\\\/schema\\\/person\\\/9f859689cdf01485597712386e37f5aa\"},\"breadcrumb\":{\"@id\":\"https:\\\/\\\/kuzeyinsesi.org\\\/index.php\\\/2026\\\/03\\\/16\\\/kktc-derin-bir-krizin-esiginde\\\/#breadcrumb\"},\"inLanguage\":\"tr\",\"potentialAction\":[{\"@type\":\"ReadAction\",\"target\":[\"https:\\\/\\\/kuzeyinsesi.org\\\/index.php\\\/2026\\\/03\\\/16\\\/kktc-derin-bir-krizin-esiginde\\\/\"]}]},{\"@type\":\"ImageObject\",\"inLanguage\":\"tr\",\"@id\":\"https:\\\/\\\/kuzeyinsesi.org\\\/index.php\\\/2026\\\/03\\\/16\\\/kktc-derin-bir-krizin-esiginde\\\/#primaryimage\",\"url\":\"https:\\\/\\\/kuzeyinsesi.org\\\/wp-content\\\/uploads\\\/2026\\\/03\\\/Basit-Metin-ve-Fotograf-Yeni-Sarki-Videosu-Youtube-Kucuk-Resmi-19.png\",\"contentUrl\":\"https:\\\/\\\/kuzeyinsesi.org\\\/wp-content\\\/uploads\\\/2026\\\/03\\\/Basit-Metin-ve-Fotograf-Yeni-Sarki-Videosu-Youtube-Kucuk-Resmi-19.png\",\"width\":1280,\"height\":720},{\"@type\":\"BreadcrumbList\",\"@id\":\"https:\\\/\\\/kuzeyinsesi.org\\\/index.php\\\/2026\\\/03\\\/16\\\/kktc-derin-bir-krizin-esiginde\\\/#breadcrumb\",\"itemListElement\":[{\"@type\":\"ListItem\",\"position\":1,\"name\":\"Anasayfa\",\"item\":\"https:\\\/\\\/kuzeyinsesi.org\\\/\"},{\"@type\":\"ListItem\",\"position\":2,\"name\":\"KKTC DER\u0130N B\u0130R KR\u0130Z\u0130N E\u015e\u0130\u011e\u0130NDE\"}]},{\"@type\":\"WebSite\",\"@id\":\"https:\\\/\\\/kuzeyinsesi.org\\\/#website\",\"url\":\"https:\\\/\\\/kuzeyinsesi.org\\\/\",\"name\":\"Kuzeyin Sesi\",\"description\":\"Do\u011fru Haberin Adresi\",\"potentialAction\":[{\"@type\":\"SearchAction\",\"target\":{\"@type\":\"EntryPoint\",\"urlTemplate\":\"https:\\\/\\\/kuzeyinsesi.org\\\/?s={search_term_string}\"},\"query-input\":{\"@type\":\"PropertyValueSpecification\",\"valueRequired\":true,\"valueName\":\"search_term_string\"}}],\"inLanguage\":\"tr\"},{\"@type\":\"Person\",\"@id\":\"https:\\\/\\\/kuzeyinsesi.org\\\/#\\\/schema\\\/person\\\/9f859689cdf01485597712386e37f5aa\",\"name\":\"Kuzeyin Sesi\",\"image\":{\"@type\":\"ImageObject\",\"inLanguage\":\"tr\",\"@id\":\"https:\\\/\\\/secure.gravatar.com\\\/avatar\\\/bab33852abfd8b282518d6ed81826833d77c3c882d9ab608add591ccace47a44?s=96&d=mm&r=g\",\"url\":\"https:\\\/\\\/secure.gravatar.com\\\/avatar\\\/bab33852abfd8b282518d6ed81826833d77c3c882d9ab608add591ccace47a44?s=96&d=mm&r=g\",\"contentUrl\":\"https:\\\/\\\/secure.gravatar.com\\\/avatar\\\/bab33852abfd8b282518d6ed81826833d77c3c882d9ab608add591ccace47a44?s=96&d=mm&r=g\",\"caption\":\"Kuzeyin Sesi\"},\"sameAs\":[\"https:\\\/\\\/kuzeyinsesi.org\"],\"url\":\"https:\\\/\\\/kuzeyinsesi.org\\\/index.php\\\/author\\\/guven\\\/\"}]}<\/script>\n<!-- \/ Yoast SEO plugin. -->","yoast_head_json":{"title":"KKTC DER\u0130N B\u0130R KR\u0130Z\u0130N E\u015e\u0130\u011e\u0130NDE - Kuzeyin Sesi","robots":{"index":"index","follow":"follow","max-snippet":"max-snippet:-1","max-image-preview":"max-image-preview:large","max-video-preview":"max-video-preview:-1"},"canonical":"https:\/\/kuzeyinsesi.org\/index.php\/2026\/03\/16\/kktc-derin-bir-krizin-esiginde\/","og_locale":"tr_TR","og_type":"article","og_title":"KKTC DER\u0130N B\u0130R KR\u0130Z\u0130N E\u015e\u0130\u011e\u0130NDE - Kuzeyin Sesi","og_description":"DP Genel Sekreteri ve Girne Milletvekili Serhat Akp\u0131nar imzas\u0131yla yap\u0131lan a\u00e7\u0131klamada, ABD-\u0130srail ile \u0130ran hatt\u0131nda ba\u015flayan gerilimin K\u00f6rfez \u00fclkelerini de i\u00e7ine alacak \u015fekilde b\u00fcy\u00fcd\u00fc\u011f\u00fc, Do\u011fu Akdeniz\u2019i do\u011frudan etkileyecek yeni bir jeopolitik k\u0131r\u0131lma noktas\u0131na gelindi\u011fi ifade edildi. A\u00e7\u0131klamada, KKTC\u2019de mevcut siyasi y\u00f6netimin krizin boyutlar\u0131n\u0131 do\u011fru okuyamad\u0131\u011f\u0131 savunularak, dar d\u00fc\u015f\u00fcnce birlikteli\u011fi ve da\u011f\u0131n\u0131k koordinasyon yap\u0131s\u0131 nedeniyle do\u011fru [&hellip;]","og_url":"https:\/\/kuzeyinsesi.org\/index.php\/2026\/03\/16\/kktc-derin-bir-krizin-esiginde\/","og_site_name":"Kuzeyin Sesi","article_publisher":"https:\/\/www.facebook.com\/kuzeyinsesii","article_published_time":"2026-03-16T07:03:16+00:00","author":"Kuzeyin Sesi","twitter_card":"summary_large_image","twitter_creator":"@kuzeyinsesii","twitter_site":"@kuzeyinsesii","twitter_misc":{"Yazan:":"Kuzeyin Sesi","Tahmini okuma s\u00fcresi":"2 dakika"},"schema":{"@context":"https:\/\/schema.org","@graph":[{"@type":"Article","@id":"https:\/\/kuzeyinsesi.org\/index.php\/2026\/03\/16\/kktc-derin-bir-krizin-esiginde\/#article","isPartOf":{"@id":"https:\/\/kuzeyinsesi.org\/index.php\/2026\/03\/16\/kktc-derin-bir-krizin-esiginde\/"},"author":{"name":"Kuzeyin Sesi","@id":"https:\/\/kuzeyinsesi.org\/#\/schema\/person\/9f859689cdf01485597712386e37f5aa"},"headline":"KKTC DER\u0130N B\u0130R KR\u0130Z\u0130N E\u015e\u0130\u011e\u0130NDE","datePublished":"2026-03-16T07:03:16+00:00","mainEntityOfPage":{"@id":"https:\/\/kuzeyinsesi.org\/index.php\/2026\/03\/16\/kktc-derin-bir-krizin-esiginde\/"},"wordCount":430,"commentCount":0,"image":{"@id":"https:\/\/kuzeyinsesi.org\/index.php\/2026\/03\/16\/kktc-derin-bir-krizin-esiginde\/#primaryimage"},"thumbnailUrl":"https:\/\/kuzeyinsesi.org\/wp-content\/uploads\/2026\/03\/Basit-Metin-ve-Fotograf-Yeni-Sarki-Videosu-Youtube-Kucuk-Resmi-19.png","articleSection":["K\u0131br\u0131s"],"inLanguage":"tr","potentialAction":[{"@type":"CommentAction","name":"Comment","target":["https:\/\/kuzeyinsesi.org\/index.php\/2026\/03\/16\/kktc-derin-bir-krizin-esiginde\/#respond"]}]},{"@type":"WebPage","@id":"https:\/\/kuzeyinsesi.org\/index.php\/2026\/03\/16\/kktc-derin-bir-krizin-esiginde\/","url":"https:\/\/kuzeyinsesi.org\/index.php\/2026\/03\/16\/kktc-derin-bir-krizin-esiginde\/","name":"KKTC DER\u0130N B\u0130R KR\u0130Z\u0130N E\u015e\u0130\u011e\u0130NDE - Kuzeyin Sesi","isPartOf":{"@id":"https:\/\/kuzeyinsesi.org\/#website"},"primaryImageOfPage":{"@id":"https:\/\/kuzeyinsesi.org\/index.php\/2026\/03\/16\/kktc-derin-bir-krizin-esiginde\/#primaryimage"},"image":{"@id":"https:\/\/kuzeyinsesi.org\/index.php\/2026\/03\/16\/kktc-derin-bir-krizin-esiginde\/#primaryimage"},"thumbnailUrl":"https:\/\/kuzeyinsesi.org\/wp-content\/uploads\/2026\/03\/Basit-Metin-ve-Fotograf-Yeni-Sarki-Videosu-Youtube-Kucuk-Resmi-19.png","datePublished":"2026-03-16T07:03:16+00:00","author":{"@id":"https:\/\/kuzeyinsesi.org\/#\/schema\/person\/9f859689cdf01485597712386e37f5aa"},"breadcrumb":{"@id":"https:\/\/kuzeyinsesi.org\/index.php\/2026\/03\/16\/kktc-derin-bir-krizin-esiginde\/#breadcrumb"},"inLanguage":"tr","potentialAction":[{"@type":"ReadAction","target":["https:\/\/kuzeyinsesi.org\/index.php\/2026\/03\/16\/kktc-derin-bir-krizin-esiginde\/"]}]},{"@type":"ImageObject","inLanguage":"tr","@id":"https:\/\/kuzeyinsesi.org\/index.php\/2026\/03\/16\/kktc-derin-bir-krizin-esiginde\/#primaryimage","url":"https:\/\/kuzeyinsesi.org\/wp-content\/uploads\/2026\/03\/Basit-Metin-ve-Fotograf-Yeni-Sarki-Videosu-Youtube-Kucuk-Resmi-19.png","contentUrl":"https:\/\/kuzeyinsesi.org\/wp-content\/uploads\/2026\/03\/Basit-Metin-ve-Fotograf-Yeni-Sarki-Videosu-Youtube-Kucuk-Resmi-19.png","width":1280,"height":720},{"@type":"BreadcrumbList","@id":"https:\/\/kuzeyinsesi.org\/index.php\/2026\/03\/16\/kktc-derin-bir-krizin-esiginde\/#breadcrumb","itemListElement":[{"@type":"ListItem","position":1,"name":"Anasayfa","item":"https:\/\/kuzeyinsesi.org\/"},{"@type":"ListItem","position":2,"name":"KKTC DER\u0130N B\u0130R KR\u0130Z\u0130N E\u015e\u0130\u011e\u0130NDE"}]},{"@type":"WebSite","@id":"https:\/\/kuzeyinsesi.org\/#website","url":"https:\/\/kuzeyinsesi.org\/","name":"Kuzeyin Sesi","description":"Do\u011fru Haberin Adresi","potentialAction":[{"@type":"SearchAction","target":{"@type":"EntryPoint","urlTemplate":"https:\/\/kuzeyinsesi.org\/?s={search_term_string}"},"query-input":{"@type":"PropertyValueSpecification","valueRequired":true,"valueName":"search_term_string"}}],"inLanguage":"tr"},{"@type":"Person","@id":"https:\/\/kuzeyinsesi.org\/#\/schema\/person\/9f859689cdf01485597712386e37f5aa","name":"Kuzeyin Sesi","image":{"@type":"ImageObject","inLanguage":"tr","@id":"https:\/\/secure.gravatar.com\/avatar\/bab33852abfd8b282518d6ed81826833d77c3c882d9ab608add591ccace47a44?s=96&d=mm&r=g","url":"https:\/\/secure.gravatar.com\/avatar\/bab33852abfd8b282518d6ed81826833d77c3c882d9ab608add591ccace47a44?s=96&d=mm&r=g","contentUrl":"https:\/\/secure.gravatar.com\/avatar\/bab33852abfd8b282518d6ed81826833d77c3c882d9ab608add591ccace47a44?s=96&d=mm&r=g","caption":"Kuzeyin Sesi"},"sameAs":["https:\/\/kuzeyinsesi.org"],"url":"https:\/\/kuzeyinsesi.org\/index.php\/author\/guven\/"}]}},"_links":{"self":[{"href":"https:\/\/kuzeyinsesi.org\/index.php\/wp-json\/wp\/v2\/posts\/36572","targetHints":{"allow":["GET"]}}],"collection":[{"href":"https:\/\/kuzeyinsesi.org\/index.php\/wp-json\/wp\/v2\/posts"}],"about":[{"href":"https:\/\/kuzeyinsesi.org\/index.php\/wp-json\/wp\/v2\/types\/post"}],"author":[{"embeddable":true,"href":"https:\/\/kuzeyinsesi.org\/index.php\/wp-json\/wp\/v2\/users\/1"}],"replies":[{"embeddable":true,"href":"https:\/\/kuzeyinsesi.org\/index.php\/wp-json\/wp\/v2\/comments?post=36572"}],"version-history":[{"count":0,"href":"https:\/\/kuzeyinsesi.org\/index.php\/wp-json\/wp\/v2\/posts\/36572\/revisions"}],"wp:featuredmedia":[{"embeddable":true,"href":"https:\/\/kuzeyinsesi.org\/index.php\/wp-json\/wp\/v2\/media\/36573"}],"wp:attachment":[{"href":"https:\/\/kuzeyinsesi.org\/index.php\/wp-json\/wp\/v2\/media?parent=36572"}],"wp:term":[{"taxonomy":"category","embeddable":true,"href":"https:\/\/kuzeyinsesi.org\/index.php\/wp-json\/wp\/v2\/categories?post=36572"},{"taxonomy":"post_tag","embeddable":true,"href":"https:\/\/kuzeyinsesi.org\/index.php\/wp-json\/wp\/v2\/tags?post=36572"}],"curies":[{"name":"wp","href":"https:\/\/api.w.org\/{rel}","templated":true}]}}