{"id":36568,"date":"2026-03-15T16:28:23","date_gmt":"2026-03-15T14:28:23","guid":{"rendered":"https:\/\/kuzeyinsesi.org\/index.php\/2026\/03\/15\/papadan-orta-doguda-ateskes-ve-diyalog-cagrisi\/"},"modified":"2026-03-15T16:28:23","modified_gmt":"2026-03-15T14:28:23","slug":"papadan-orta-doguda-ateskes-ve-diyalog-cagrisi","status":"publish","type":"post","link":"https:\/\/kuzeyinsesi.org\/index.php\/2026\/03\/15\/papadan-orta-doguda-ateskes-ve-diyalog-cagrisi\/","title":{"rendered":"Papa\u2019dan Orta Do\u011fu\u2019da ate\u015fkes ve diyalog \u00e7a\u011fr\u0131s\u0131"},"content":{"rendered":"<p style=\"font-weight: 300\"><span style=\"font-weight: 300 !important\">Vatikan&#8217;\u0131n \u00fcnl\u00fc Aziz Petrus Meydan\u0131&#8217;na bakan ofisinin penceresinden geleneksel pazar duas\u0131n\u0131 yapan Papa, buradaki konu\u015fmas\u0131nda, ABD ve \u0130srail&#8217;in 28 \u015eubat&#8217;ta \u0130ran&#8217;a ba\u015flatt\u0131\u011f\u0131 sald\u0131r\u0131lar ve \u0130ran&#8217;\u0131n da misillemeleriyle devam eden, ayn\u0131 zamanda \u0130srail&#8217;in L\u00fcbnan&#8217;a sald\u0131r\u0131lar\u0131yla geni\u015fleyen Orta Do\u011fu&#8217;daki krize ili\u015fkin de\u011ferlendirmelerde bulundu.<\/span><\/p>\n<p style=\"font-weight: 300\"><span style=\"font-weight: 300 !important\">&#8220;\u0130ki haftad\u0131r Orta Do\u011fu halklar\u0131, sava\u015f\u0131n korkun\u00e7 \u015fiddetine maruz kal\u0131yor. Binlerce masum insan \u00f6ld\u00fcr\u00fcld\u00fc ve \u00e7ok daha fazlas\u0131 evlerini terk etmek durumunda kald\u0131.&#8221; diyen Papa, okullar\u0131, hastaneleri ve yerle\u015fim b\u00f6lgelerini vuran sald\u0131r\u0131larda sevdiklerini kaybedenlere yak\u0131nl\u0131\u011f\u0131n\u0131 belirtti.<\/span><\/p>\n<p style=\"font-weight: 300\"><span style=\"font-weight: 300 !important\">Papa 14. Leo, \u0130srail&#8217;in sald\u0131r\u0131lar d\u00fczenledi\u011fi L\u00fcbnan&#8217;a dikkati \u00e7ekerek, &#8220;L\u00fcbnan&#8217;daki durum b\u00fcy\u00fck endi\u015fe kayna\u011f\u0131d\u0131r. \u00dclkedeki yetkililerin devam eden ciddi krize kal\u0131c\u0131 \u00e7\u00f6z\u00fcmler uygulayabilmelerini destekleyecek diyalog yollar\u0131n\u0131n a\u00e7\u0131lmas\u0131n\u0131 umuyorum. Bu, t\u00fcm L\u00fcbnan halk\u0131n\u0131n ortak yarar\u0131 i\u00e7indir.&#8221; diye konu\u015ftu.<\/span><\/p>\n<p style=\"font-weight: 300\"><span style=\"font-weight: 300 !important\">Orta Do\u011fu&#8217;daki krize y\u00f6nelik diyalog ve diplomasi \u00e7a\u011fr\u0131s\u0131n\u0131 yineleyen Papa, &#8220;Bu \u00e7at\u0131\u015fman\u0131n sorumlular\u0131na sesleniyorum, ate\u015fi kesin. Diyalog yollar\u0131 yeniden a\u00e7\u0131ls\u0131n. \u015eiddet, halklar\u0131n bekledi\u011fi adaleti, istikrar\u0131 ve bar\u0131\u015f\u0131 asla getiremez.&#8221; ifadelerini kulland\u0131.<\/span><\/p>\n<p>Papa\u2019dan Orta Do\u011fu\u2019da ate\u015fkes ve diyalog \u00e7a\u011fr\u0131s\u0131 yaz\u0131s\u0131 ilk \u00f6nce K\u0131br\u0131s Hakikat \u00fczerinde ortaya \u00e7\u0131kt\u0131.<\/p>\n","protected":false},"excerpt":{"rendered":"<p>Vatikan&#8217;\u0131n \u00fcnl\u00fc Aziz Petrus Meydan\u0131&#8217;na bakan ofisinin penceresinden geleneksel pazar duas\u0131n\u0131 yapan Papa, buradaki konu\u015fmas\u0131nda, ABD ve \u0130srail&#8217;in 28 \u015eubat&#8217;ta \u0130ran&#8217;a ba\u015flatt\u0131\u011f\u0131 sald\u0131r\u0131lar ve \u0130ran&#8217;\u0131n da misillemeleriyle devam eden, ayn\u0131 zamanda \u0130srail&#8217;in L\u00fcbnan&#8217;a sald\u0131r\u0131lar\u0131yla geni\u015fleyen Orta Do\u011fu&#8217;daki krize ili\u015fkin de\u011ferlendirmelerde bulundu. &#8220;\u0130ki haftad\u0131r Orta Do\u011fu halklar\u0131, sava\u015f\u0131n korkun\u00e7 \u015fiddetine maruz kal\u0131yor. Binlerce masum insan \u00f6ld\u00fcr\u00fcld\u00fc [&hellip;]<\/p>\n","protected":false},"author":1,"featured_media":36569,"comment_status":"open","ping_status":"open","sticky":false,"template":"","format":"standard","meta":{"jnews-multi-image_gallery":[],"jnews_single_post":[],"jnews_primary_category":[],"jnews_social_meta":[],"jnews_override_counter":[],"footnotes":""},"categories":[1],"tags":[],"class_list":["post-36568","post","type-post","status-publish","format-standard","has-post-thumbnail","hentry","category-kibris"],"yoast_head":"<!-- This site is optimized with the Yoast SEO plugin v27.5 - https:\/\/yoast.com\/product\/yoast-seo-wordpress\/ -->\n<title>Papa\u2019dan Orta Do\u011fu\u2019da ate\u015fkes ve diyalog \u00e7a\u011fr\u0131s\u0131 - Kuzeyin Sesi<\/title>\n<meta name=\"robots\" content=\"index, follow, max-snippet:-1, max-image-preview:large, max-video-preview:-1\" \/>\n<link rel=\"canonical\" href=\"https:\/\/kuzeyinsesi.org\/index.php\/2026\/03\/15\/papadan-orta-doguda-ateskes-ve-diyalog-cagrisi\/\" \/>\n<meta property=\"og:locale\" content=\"tr_TR\" \/>\n<meta property=\"og:type\" content=\"article\" \/>\n<meta property=\"og:title\" content=\"Papa\u2019dan Orta Do\u011fu\u2019da ate\u015fkes ve diyalog \u00e7a\u011fr\u0131s\u0131 - Kuzeyin Sesi\" \/>\n<meta property=\"og:description\" content=\"Vatikan&#8217;\u0131n \u00fcnl\u00fc Aziz Petrus Meydan\u0131&#8217;na bakan ofisinin penceresinden geleneksel pazar duas\u0131n\u0131 yapan Papa, buradaki konu\u015fmas\u0131nda, ABD ve \u0130srail&#8217;in 28 \u015eubat&#8217;ta \u0130ran&#8217;a ba\u015flatt\u0131\u011f\u0131 sald\u0131r\u0131lar ve \u0130ran&#8217;\u0131n da misillemeleriyle devam eden, ayn\u0131 zamanda \u0130srail&#8217;in L\u00fcbnan&#8217;a sald\u0131r\u0131lar\u0131yla geni\u015fleyen Orta Do\u011fu&#8217;daki krize ili\u015fkin de\u011ferlendirmelerde bulundu. &#8220;\u0130ki haftad\u0131r Orta Do\u011fu halklar\u0131, sava\u015f\u0131n korkun\u00e7 \u015fiddetine maruz kal\u0131yor. Binlerce masum insan \u00f6ld\u00fcr\u00fcld\u00fc [&hellip;]\" \/>\n<meta property=\"og:url\" content=\"https:\/\/kuzeyinsesi.org\/index.php\/2026\/03\/15\/papadan-orta-doguda-ateskes-ve-diyalog-cagrisi\/\" \/>\n<meta property=\"og:site_name\" content=\"Kuzeyin Sesi\" \/>\n<meta property=\"article:publisher\" content=\"https:\/\/www.facebook.com\/kuzeyinsesii\" \/>\n<meta property=\"article:published_time\" content=\"2026-03-15T14:28:23+00:00\" \/>\n<meta name=\"author\" content=\"Kuzeyin Sesi\" \/>\n<meta name=\"twitter:card\" content=\"summary_large_image\" \/>\n<meta name=\"twitter:creator\" content=\"@kuzeyinsesii\" \/>\n<meta name=\"twitter:site\" content=\"@kuzeyinsesii\" \/>\n<meta name=\"twitter:label1\" content=\"Yazan:\" \/>\n\t<meta name=\"twitter:data1\" content=\"Kuzeyin Sesi\" \/>\n\t<meta name=\"twitter:label2\" content=\"Tahmini okuma s\u00fcresi\" \/>\n\t<meta name=\"twitter:data2\" content=\"1 dakika\" \/>\n<script type=\"application\/ld+json\" class=\"yoast-schema-graph\">{\"@context\":\"https:\\\/\\\/schema.org\",\"@graph\":[{\"@type\":\"Article\",\"@id\":\"https:\\\/\\\/kuzeyinsesi.org\\\/index.php\\\/2026\\\/03\\\/15\\\/papadan-orta-doguda-ateskes-ve-diyalog-cagrisi\\\/#article\",\"isPartOf\":{\"@id\":\"https:\\\/\\\/kuzeyinsesi.org\\\/index.php\\\/2026\\\/03\\\/15\\\/papadan-orta-doguda-ateskes-ve-diyalog-cagrisi\\\/\"},\"author\":{\"name\":\"Kuzeyin Sesi\",\"@id\":\"https:\\\/\\\/kuzeyinsesi.org\\\/#\\\/schema\\\/person\\\/9f859689cdf01485597712386e37f5aa\"},\"headline\":\"Papa\u2019dan Orta Do\u011fu\u2019da ate\u015fkes ve diyalog \u00e7a\u011fr\u0131s\u0131\",\"datePublished\":\"2026-03-15T14:28:23+00:00\",\"mainEntityOfPage\":{\"@id\":\"https:\\\/\\\/kuzeyinsesi.org\\\/index.php\\\/2026\\\/03\\\/15\\\/papadan-orta-doguda-ateskes-ve-diyalog-cagrisi\\\/\"},\"wordCount\":255,\"commentCount\":0,\"image\":{\"@id\":\"https:\\\/\\\/kuzeyinsesi.org\\\/index.php\\\/2026\\\/03\\\/15\\\/papadan-orta-doguda-ateskes-ve-diyalog-cagrisi\\\/#primaryimage\"},\"thumbnailUrl\":\"https:\\\/\\\/kuzeyinsesi.org\\\/wp-content\\\/uploads\\\/2026\\\/03\\\/1773580902928AA-20260305-40739038-40739018-ABDISRAIL_SALDIRILARI_ALTINDAKI_TAHRANDA_YIKIM_GIDEREK_AG.jpeg\",\"articleSection\":[\"K\u0131br\u0131s\"],\"inLanguage\":\"tr\",\"potentialAction\":[{\"@type\":\"CommentAction\",\"name\":\"Comment\",\"target\":[\"https:\\\/\\\/kuzeyinsesi.org\\\/index.php\\\/2026\\\/03\\\/15\\\/papadan-orta-doguda-ateskes-ve-diyalog-cagrisi\\\/#respond\"]}]},{\"@type\":\"WebPage\",\"@id\":\"https:\\\/\\\/kuzeyinsesi.org\\\/index.php\\\/2026\\\/03\\\/15\\\/papadan-orta-doguda-ateskes-ve-diyalog-cagrisi\\\/\",\"url\":\"https:\\\/\\\/kuzeyinsesi.org\\\/index.php\\\/2026\\\/03\\\/15\\\/papadan-orta-doguda-ateskes-ve-diyalog-cagrisi\\\/\",\"name\":\"Papa\u2019dan Orta Do\u011fu\u2019da ate\u015fkes ve diyalog \u00e7a\u011fr\u0131s\u0131 - Kuzeyin Sesi\",\"isPartOf\":{\"@id\":\"https:\\\/\\\/kuzeyinsesi.org\\\/#website\"},\"primaryImageOfPage\":{\"@id\":\"https:\\\/\\\/kuzeyinsesi.org\\\/index.php\\\/2026\\\/03\\\/15\\\/papadan-orta-doguda-ateskes-ve-diyalog-cagrisi\\\/#primaryimage\"},\"image\":{\"@id\":\"https:\\\/\\\/kuzeyinsesi.org\\\/index.php\\\/2026\\\/03\\\/15\\\/papadan-orta-doguda-ateskes-ve-diyalog-cagrisi\\\/#primaryimage\"},\"thumbnailUrl\":\"https:\\\/\\\/kuzeyinsesi.org\\\/wp-content\\\/uploads\\\/2026\\\/03\\\/1773580902928AA-20260305-40739038-40739018-ABDISRAIL_SALDIRILARI_ALTINDAKI_TAHRANDA_YIKIM_GIDEREK_AG.jpeg\",\"datePublished\":\"2026-03-15T14:28:23+00:00\",\"author\":{\"@id\":\"https:\\\/\\\/kuzeyinsesi.org\\\/#\\\/schema\\\/person\\\/9f859689cdf01485597712386e37f5aa\"},\"breadcrumb\":{\"@id\":\"https:\\\/\\\/kuzeyinsesi.org\\\/index.php\\\/2026\\\/03\\\/15\\\/papadan-orta-doguda-ateskes-ve-diyalog-cagrisi\\\/#breadcrumb\"},\"inLanguage\":\"tr\",\"potentialAction\":[{\"@type\":\"ReadAction\",\"target\":[\"https:\\\/\\\/kuzeyinsesi.org\\\/index.php\\\/2026\\\/03\\\/15\\\/papadan-orta-doguda-ateskes-ve-diyalog-cagrisi\\\/\"]}]},{\"@type\":\"ImageObject\",\"inLanguage\":\"tr\",\"@id\":\"https:\\\/\\\/kuzeyinsesi.org\\\/index.php\\\/2026\\\/03\\\/15\\\/papadan-orta-doguda-ateskes-ve-diyalog-cagrisi\\\/#primaryimage\",\"url\":\"https:\\\/\\\/kuzeyinsesi.org\\\/wp-content\\\/uploads\\\/2026\\\/03\\\/1773580902928AA-20260305-40739038-40739018-ABDISRAIL_SALDIRILARI_ALTINDAKI_TAHRANDA_YIKIM_GIDEREK_AG.jpeg\",\"contentUrl\":\"https:\\\/\\\/kuzeyinsesi.org\\\/wp-content\\\/uploads\\\/2026\\\/03\\\/1773580902928AA-20260305-40739038-40739018-ABDISRAIL_SALDIRILARI_ALTINDAKI_TAHRANDA_YIKIM_GIDEREK_AG.jpeg\",\"width\":2560,\"height\":1707},{\"@type\":\"BreadcrumbList\",\"@id\":\"https:\\\/\\\/kuzeyinsesi.org\\\/index.php\\\/2026\\\/03\\\/15\\\/papadan-orta-doguda-ateskes-ve-diyalog-cagrisi\\\/#breadcrumb\",\"itemListElement\":[{\"@type\":\"ListItem\",\"position\":1,\"name\":\"Anasayfa\",\"item\":\"https:\\\/\\\/kuzeyinsesi.org\\\/\"},{\"@type\":\"ListItem\",\"position\":2,\"name\":\"Papa\u2019dan Orta Do\u011fu\u2019da ate\u015fkes ve diyalog \u00e7a\u011fr\u0131s\u0131\"}]},{\"@type\":\"WebSite\",\"@id\":\"https:\\\/\\\/kuzeyinsesi.org\\\/#website\",\"url\":\"https:\\\/\\\/kuzeyinsesi.org\\\/\",\"name\":\"Kuzeyin Sesi\",\"description\":\"Do\u011fru Haberin Adresi\",\"potentialAction\":[{\"@type\":\"SearchAction\",\"target\":{\"@type\":\"EntryPoint\",\"urlTemplate\":\"https:\\\/\\\/kuzeyinsesi.org\\\/?s={search_term_string}\"},\"query-input\":{\"@type\":\"PropertyValueSpecification\",\"valueRequired\":true,\"valueName\":\"search_term_string\"}}],\"inLanguage\":\"tr\"},{\"@type\":\"Person\",\"@id\":\"https:\\\/\\\/kuzeyinsesi.org\\\/#\\\/schema\\\/person\\\/9f859689cdf01485597712386e37f5aa\",\"name\":\"Kuzeyin Sesi\",\"image\":{\"@type\":\"ImageObject\",\"inLanguage\":\"tr\",\"@id\":\"https:\\\/\\\/secure.gravatar.com\\\/avatar\\\/bab33852abfd8b282518d6ed81826833d77c3c882d9ab608add591ccace47a44?s=96&d=mm&r=g\",\"url\":\"https:\\\/\\\/secure.gravatar.com\\\/avatar\\\/bab33852abfd8b282518d6ed81826833d77c3c882d9ab608add591ccace47a44?s=96&d=mm&r=g\",\"contentUrl\":\"https:\\\/\\\/secure.gravatar.com\\\/avatar\\\/bab33852abfd8b282518d6ed81826833d77c3c882d9ab608add591ccace47a44?s=96&d=mm&r=g\",\"caption\":\"Kuzeyin Sesi\"},\"sameAs\":[\"https:\\\/\\\/kuzeyinsesi.org\"],\"url\":\"https:\\\/\\\/kuzeyinsesi.org\\\/index.php\\\/author\\\/guven\\\/\"}]}<\/script>\n<!-- \/ Yoast SEO plugin. -->","yoast_head_json":{"title":"Papa\u2019dan Orta Do\u011fu\u2019da ate\u015fkes ve diyalog \u00e7a\u011fr\u0131s\u0131 - Kuzeyin Sesi","robots":{"index":"index","follow":"follow","max-snippet":"max-snippet:-1","max-image-preview":"max-image-preview:large","max-video-preview":"max-video-preview:-1"},"canonical":"https:\/\/kuzeyinsesi.org\/index.php\/2026\/03\/15\/papadan-orta-doguda-ateskes-ve-diyalog-cagrisi\/","og_locale":"tr_TR","og_type":"article","og_title":"Papa\u2019dan Orta Do\u011fu\u2019da ate\u015fkes ve diyalog \u00e7a\u011fr\u0131s\u0131 - Kuzeyin Sesi","og_description":"Vatikan&#8217;\u0131n \u00fcnl\u00fc Aziz Petrus Meydan\u0131&#8217;na bakan ofisinin penceresinden geleneksel pazar duas\u0131n\u0131 yapan Papa, buradaki konu\u015fmas\u0131nda, ABD ve \u0130srail&#8217;in 28 \u015eubat&#8217;ta \u0130ran&#8217;a ba\u015flatt\u0131\u011f\u0131 sald\u0131r\u0131lar ve \u0130ran&#8217;\u0131n da misillemeleriyle devam eden, ayn\u0131 zamanda \u0130srail&#8217;in L\u00fcbnan&#8217;a sald\u0131r\u0131lar\u0131yla geni\u015fleyen Orta Do\u011fu&#8217;daki krize ili\u015fkin de\u011ferlendirmelerde bulundu. &#8220;\u0130ki haftad\u0131r Orta Do\u011fu halklar\u0131, sava\u015f\u0131n korkun\u00e7 \u015fiddetine maruz kal\u0131yor. Binlerce masum insan \u00f6ld\u00fcr\u00fcld\u00fc [&hellip;]","og_url":"https:\/\/kuzeyinsesi.org\/index.php\/2026\/03\/15\/papadan-orta-doguda-ateskes-ve-diyalog-cagrisi\/","og_site_name":"Kuzeyin Sesi","article_publisher":"https:\/\/www.facebook.com\/kuzeyinsesii","article_published_time":"2026-03-15T14:28:23+00:00","author":"Kuzeyin Sesi","twitter_card":"summary_large_image","twitter_creator":"@kuzeyinsesii","twitter_site":"@kuzeyinsesii","twitter_misc":{"Yazan:":"Kuzeyin Sesi","Tahmini okuma s\u00fcresi":"1 dakika"},"schema":{"@context":"https:\/\/schema.org","@graph":[{"@type":"Article","@id":"https:\/\/kuzeyinsesi.org\/index.php\/2026\/03\/15\/papadan-orta-doguda-ateskes-ve-diyalog-cagrisi\/#article","isPartOf":{"@id":"https:\/\/kuzeyinsesi.org\/index.php\/2026\/03\/15\/papadan-orta-doguda-ateskes-ve-diyalog-cagrisi\/"},"author":{"name":"Kuzeyin Sesi","@id":"https:\/\/kuzeyinsesi.org\/#\/schema\/person\/9f859689cdf01485597712386e37f5aa"},"headline":"Papa\u2019dan Orta Do\u011fu\u2019da ate\u015fkes ve diyalog \u00e7a\u011fr\u0131s\u0131","datePublished":"2026-03-15T14:28:23+00:00","mainEntityOfPage":{"@id":"https:\/\/kuzeyinsesi.org\/index.php\/2026\/03\/15\/papadan-orta-doguda-ateskes-ve-diyalog-cagrisi\/"},"wordCount":255,"commentCount":0,"image":{"@id":"https:\/\/kuzeyinsesi.org\/index.php\/2026\/03\/15\/papadan-orta-doguda-ateskes-ve-diyalog-cagrisi\/#primaryimage"},"thumbnailUrl":"https:\/\/kuzeyinsesi.org\/wp-content\/uploads\/2026\/03\/1773580902928AA-20260305-40739038-40739018-ABDISRAIL_SALDIRILARI_ALTINDAKI_TAHRANDA_YIKIM_GIDEREK_AG.jpeg","articleSection":["K\u0131br\u0131s"],"inLanguage":"tr","potentialAction":[{"@type":"CommentAction","name":"Comment","target":["https:\/\/kuzeyinsesi.org\/index.php\/2026\/03\/15\/papadan-orta-doguda-ateskes-ve-diyalog-cagrisi\/#respond"]}]},{"@type":"WebPage","@id":"https:\/\/kuzeyinsesi.org\/index.php\/2026\/03\/15\/papadan-orta-doguda-ateskes-ve-diyalog-cagrisi\/","url":"https:\/\/kuzeyinsesi.org\/index.php\/2026\/03\/15\/papadan-orta-doguda-ateskes-ve-diyalog-cagrisi\/","name":"Papa\u2019dan Orta Do\u011fu\u2019da ate\u015fkes ve diyalog \u00e7a\u011fr\u0131s\u0131 - Kuzeyin Sesi","isPartOf":{"@id":"https:\/\/kuzeyinsesi.org\/#website"},"primaryImageOfPage":{"@id":"https:\/\/kuzeyinsesi.org\/index.php\/2026\/03\/15\/papadan-orta-doguda-ateskes-ve-diyalog-cagrisi\/#primaryimage"},"image":{"@id":"https:\/\/kuzeyinsesi.org\/index.php\/2026\/03\/15\/papadan-orta-doguda-ateskes-ve-diyalog-cagrisi\/#primaryimage"},"thumbnailUrl":"https:\/\/kuzeyinsesi.org\/wp-content\/uploads\/2026\/03\/1773580902928AA-20260305-40739038-40739018-ABDISRAIL_SALDIRILARI_ALTINDAKI_TAHRANDA_YIKIM_GIDEREK_AG.jpeg","datePublished":"2026-03-15T14:28:23+00:00","author":{"@id":"https:\/\/kuzeyinsesi.org\/#\/schema\/person\/9f859689cdf01485597712386e37f5aa"},"breadcrumb":{"@id":"https:\/\/kuzeyinsesi.org\/index.php\/2026\/03\/15\/papadan-orta-doguda-ateskes-ve-diyalog-cagrisi\/#breadcrumb"},"inLanguage":"tr","potentialAction":[{"@type":"ReadAction","target":["https:\/\/kuzeyinsesi.org\/index.php\/2026\/03\/15\/papadan-orta-doguda-ateskes-ve-diyalog-cagrisi\/"]}]},{"@type":"ImageObject","inLanguage":"tr","@id":"https:\/\/kuzeyinsesi.org\/index.php\/2026\/03\/15\/papadan-orta-doguda-ateskes-ve-diyalog-cagrisi\/#primaryimage","url":"https:\/\/kuzeyinsesi.org\/wp-content\/uploads\/2026\/03\/1773580902928AA-20260305-40739038-40739018-ABDISRAIL_SALDIRILARI_ALTINDAKI_TAHRANDA_YIKIM_GIDEREK_AG.jpeg","contentUrl":"https:\/\/kuzeyinsesi.org\/wp-content\/uploads\/2026\/03\/1773580902928AA-20260305-40739038-40739018-ABDISRAIL_SALDIRILARI_ALTINDAKI_TAHRANDA_YIKIM_GIDEREK_AG.jpeg","width":2560,"height":1707},{"@type":"BreadcrumbList","@id":"https:\/\/kuzeyinsesi.org\/index.php\/2026\/03\/15\/papadan-orta-doguda-ateskes-ve-diyalog-cagrisi\/#breadcrumb","itemListElement":[{"@type":"ListItem","position":1,"name":"Anasayfa","item":"https:\/\/kuzeyinsesi.org\/"},{"@type":"ListItem","position":2,"name":"Papa\u2019dan Orta Do\u011fu\u2019da ate\u015fkes ve diyalog \u00e7a\u011fr\u0131s\u0131"}]},{"@type":"WebSite","@id":"https:\/\/kuzeyinsesi.org\/#website","url":"https:\/\/kuzeyinsesi.org\/","name":"Kuzeyin Sesi","description":"Do\u011fru Haberin Adresi","potentialAction":[{"@type":"SearchAction","target":{"@type":"EntryPoint","urlTemplate":"https:\/\/kuzeyinsesi.org\/?s={search_term_string}"},"query-input":{"@type":"PropertyValueSpecification","valueRequired":true,"valueName":"search_term_string"}}],"inLanguage":"tr"},{"@type":"Person","@id":"https:\/\/kuzeyinsesi.org\/#\/schema\/person\/9f859689cdf01485597712386e37f5aa","name":"Kuzeyin Sesi","image":{"@type":"ImageObject","inLanguage":"tr","@id":"https:\/\/secure.gravatar.com\/avatar\/bab33852abfd8b282518d6ed81826833d77c3c882d9ab608add591ccace47a44?s=96&d=mm&r=g","url":"https:\/\/secure.gravatar.com\/avatar\/bab33852abfd8b282518d6ed81826833d77c3c882d9ab608add591ccace47a44?s=96&d=mm&r=g","contentUrl":"https:\/\/secure.gravatar.com\/avatar\/bab33852abfd8b282518d6ed81826833d77c3c882d9ab608add591ccace47a44?s=96&d=mm&r=g","caption":"Kuzeyin Sesi"},"sameAs":["https:\/\/kuzeyinsesi.org"],"url":"https:\/\/kuzeyinsesi.org\/index.php\/author\/guven\/"}]}},"_links":{"self":[{"href":"https:\/\/kuzeyinsesi.org\/index.php\/wp-json\/wp\/v2\/posts\/36568","targetHints":{"allow":["GET"]}}],"collection":[{"href":"https:\/\/kuzeyinsesi.org\/index.php\/wp-json\/wp\/v2\/posts"}],"about":[{"href":"https:\/\/kuzeyinsesi.org\/index.php\/wp-json\/wp\/v2\/types\/post"}],"author":[{"embeddable":true,"href":"https:\/\/kuzeyinsesi.org\/index.php\/wp-json\/wp\/v2\/users\/1"}],"replies":[{"embeddable":true,"href":"https:\/\/kuzeyinsesi.org\/index.php\/wp-json\/wp\/v2\/comments?post=36568"}],"version-history":[{"count":0,"href":"https:\/\/kuzeyinsesi.org\/index.php\/wp-json\/wp\/v2\/posts\/36568\/revisions"}],"wp:featuredmedia":[{"embeddable":true,"href":"https:\/\/kuzeyinsesi.org\/index.php\/wp-json\/wp\/v2\/media\/36569"}],"wp:attachment":[{"href":"https:\/\/kuzeyinsesi.org\/index.php\/wp-json\/wp\/v2\/media?parent=36568"}],"wp:term":[{"taxonomy":"category","embeddable":true,"href":"https:\/\/kuzeyinsesi.org\/index.php\/wp-json\/wp\/v2\/categories?post=36568"},{"taxonomy":"post_tag","embeddable":true,"href":"https:\/\/kuzeyinsesi.org\/index.php\/wp-json\/wp\/v2\/tags?post=36568"}],"curies":[{"name":"wp","href":"https:\/\/api.w.org\/{rel}","templated":true}]}}