{"id":36566,"date":"2026-03-15T16:15:23","date_gmt":"2026-03-15T14:15:23","guid":{"rendered":"https:\/\/kuzeyinsesi.org\/index.php\/2026\/03\/15\/firari-olan-72-suclu-yakalanarak-turkiyeye-getirildi-1i-kktcde-yakalandi\/"},"modified":"2026-03-15T16:15:23","modified_gmt":"2026-03-15T14:15:23","slug":"firari-olan-72-suclu-yakalanarak-turkiyeye-getirildi-1i-kktcde-yakalandi","status":"publish","type":"post","link":"https:\/\/kuzeyinsesi.org\/index.php\/2026\/03\/15\/firari-olan-72-suclu-yakalanarak-turkiyeye-getirildi-1i-kktcde-yakalandi\/","title":{"rendered":"Firari olan 72 su\u00e7lu yakalanarak T\u00fcrkiye\u2019ye getirildi: 1\u2019i KKTC\u2019de yakaland\u0131"},"content":{"rendered":"<p style=\"font-weight: 300\"><span style=\"font-weight: 300 !important\">Bakanl\u0131\u011f\u0131n NSosyal hesab\u0131ndan, Emniyet Genel M\u00fcd\u00fcrl\u00fc\u011f\u00fc Interpol-Europol Daire Ba\u015fkanl\u0131\u011f\u0131, Adalet Bakanl\u0131\u011f\u0131 g\u00f6revlileri, KOM, \u0130stihbarat ve Narkotik Su\u00e7larla M\u00fccadele Ba\u015fkanl\u0131klar\u0131, Siber, Asayi\u015f ve TEM Daire Ba\u015fkanl\u0131klar\u0131nca, yurt d\u0131\u015f\u0131na ka\u00e7an ve haklar\u0131nda arama karar\u0131 bulunan ki\u015filere y\u00f6nelik y\u00fcr\u00fct\u00fclen \u00e7al\u0131\u015fmalar hakk\u0131nda a\u00e7\u0131klama yap\u0131ld\u0131.<\/span><\/p>\n<p style=\"font-weight: 300\"><span style=\"font-weight: 300 !important\">\u0130lgili \u00fclkelerin kolluk birimleriyle ortak i\u015fbirli\u011fiyle y\u00fcr\u00fct\u00fclen \u00e7al\u0131\u015fmalar sonucu k\u0131rm\u0131z\u0131 b\u00fcltenle aranan 32, ulusal seviyede aranan 40 su\u00e7lunun yakaland\u0131\u011f\u0131 bildirilen a\u00e7\u0131klamada, \u015fu ifadelere yer verildi:<\/span><\/p>\n<p style=\"font-weight: 300\"><span style=\"font-weight: 300 !important\">&#8220;G\u00fcrcistan&#8217;da 54, Almanya&#8217;da 9, Karada\u011f&#8217;da 2, Arjantin, Kolombiya, Irak, Rusya, \u0130sve\u00e7, KKTC ve Bulgaristan&#8217;dan 1&#8217;er olmak \u00fczere toplam 72 su\u00e7lu T\u00fcrkiye&#8217;ye getirildi. Bu kapsamda, k\u0131rm\u0131z\u0131 b\u00fcltenle uluslararas\u0131 seviyede aranan H.A, E.U, M.Y, B.A, S.D, E.\u00d6, B.E, M.\u00d6, M.K, \u0130.\u00c7, O.G, E.Y, Z.\u0130, M.Y, \u00d6.Y, \u0130.K, K.\u00c7, A.Y, R.\u015e, F.M, M.A, Y.\u00c7, H.\u0130, S.B, \u0130.K, A.U, M.\u00d6, \u015e.S.A, R.G, S.E, R.C. ve S.A. ile ulusal seviyede aranan A.G, \u0130.C, F.D, F.\u015e, S.C.T, M.T, H.D, R.D, E.T, E.\u00d6, U.T, S.E, M.\u00d6, E.U, H.A, B.B, \u015e.B, M.Y, E.K, Y.\u0130, H.B.Y, \u0130.A, N.Y, Y.K, S.D, F.A, M.K, M.D, D.B, Z.Y, N.D, U.\u00d6, T.K, E.C.\u00d6, E.G, E.Y, C.K, C.T, R.S. ve U.\u00d6. isimli \u015fah\u0131slar\u0131n yakalan\u0131p, T\u00fcrkiye&#8217;ye iadeleri sa\u011fland\u0131.&#8221;<\/span><\/p>\n<p>Firari olan 72 su\u00e7lu yakalanarak T\u00fcrkiye&#8217;ye getirildi: 1\u2019i KKTC\u2019de yakaland\u0131 yaz\u0131s\u0131 ilk \u00f6nce K\u0131br\u0131s Hakikat \u00fczerinde ortaya \u00e7\u0131kt\u0131.<\/p>\n","protected":false},"excerpt":{"rendered":"<p>Bakanl\u0131\u011f\u0131n NSosyal hesab\u0131ndan, Emniyet Genel M\u00fcd\u00fcrl\u00fc\u011f\u00fc Interpol-Europol Daire Ba\u015fkanl\u0131\u011f\u0131, Adalet Bakanl\u0131\u011f\u0131 g\u00f6revlileri, KOM, \u0130stihbarat ve Narkotik Su\u00e7larla M\u00fccadele Ba\u015fkanl\u0131klar\u0131, Siber, Asayi\u015f ve TEM Daire Ba\u015fkanl\u0131klar\u0131nca, yurt d\u0131\u015f\u0131na ka\u00e7an ve haklar\u0131nda arama karar\u0131 bulunan ki\u015filere y\u00f6nelik y\u00fcr\u00fct\u00fclen \u00e7al\u0131\u015fmalar hakk\u0131nda a\u00e7\u0131klama yap\u0131ld\u0131. \u0130lgili \u00fclkelerin kolluk birimleriyle ortak i\u015fbirli\u011fiyle y\u00fcr\u00fct\u00fclen \u00e7al\u0131\u015fmalar sonucu k\u0131rm\u0131z\u0131 b\u00fcltenle aranan 32, ulusal seviyede [&hellip;]<\/p>\n","protected":false},"author":1,"featured_media":36567,"comment_status":"open","ping_status":"open","sticky":false,"template":"","format":"standard","meta":{"jnews-multi-image_gallery":[],"jnews_single_post":[],"jnews_primary_category":[],"jnews_social_meta":[],"jnews_override_counter":[],"footnotes":""},"categories":[1],"tags":[],"class_list":["post-36566","post","type-post","status-publish","format-standard","has-post-thumbnail","hentry","category-kibris"],"yoast_head":"<!-- This site is optimized with the Yoast SEO plugin v27.5 - https:\/\/yoast.com\/product\/yoast-seo-wordpress\/ -->\n<title>Firari olan 72 su\u00e7lu yakalanarak T\u00fcrkiye\u2019ye getirildi: 1\u2019i KKTC\u2019de yakaland\u0131 - Kuzeyin Sesi<\/title>\n<meta name=\"robots\" content=\"index, follow, max-snippet:-1, max-image-preview:large, max-video-preview:-1\" \/>\n<link rel=\"canonical\" href=\"https:\/\/kuzeyinsesi.org\/index.php\/2026\/03\/15\/firari-olan-72-suclu-yakalanarak-turkiyeye-getirildi-1i-kktcde-yakalandi\/\" \/>\n<meta property=\"og:locale\" content=\"tr_TR\" \/>\n<meta property=\"og:type\" content=\"article\" \/>\n<meta property=\"og:title\" content=\"Firari olan 72 su\u00e7lu yakalanarak T\u00fcrkiye\u2019ye getirildi: 1\u2019i KKTC\u2019de yakaland\u0131 - Kuzeyin Sesi\" \/>\n<meta property=\"og:description\" content=\"Bakanl\u0131\u011f\u0131n NSosyal hesab\u0131ndan, Emniyet Genel M\u00fcd\u00fcrl\u00fc\u011f\u00fc Interpol-Europol Daire Ba\u015fkanl\u0131\u011f\u0131, Adalet Bakanl\u0131\u011f\u0131 g\u00f6revlileri, KOM, \u0130stihbarat ve Narkotik Su\u00e7larla M\u00fccadele Ba\u015fkanl\u0131klar\u0131, Siber, Asayi\u015f ve TEM Daire Ba\u015fkanl\u0131klar\u0131nca, yurt d\u0131\u015f\u0131na ka\u00e7an ve haklar\u0131nda arama karar\u0131 bulunan ki\u015filere y\u00f6nelik y\u00fcr\u00fct\u00fclen \u00e7al\u0131\u015fmalar hakk\u0131nda a\u00e7\u0131klama yap\u0131ld\u0131. \u0130lgili \u00fclkelerin kolluk birimleriyle ortak i\u015fbirli\u011fiyle y\u00fcr\u00fct\u00fclen \u00e7al\u0131\u015fmalar sonucu k\u0131rm\u0131z\u0131 b\u00fcltenle aranan 32, ulusal seviyede [&hellip;]\" \/>\n<meta property=\"og:url\" content=\"https:\/\/kuzeyinsesi.org\/index.php\/2026\/03\/15\/firari-olan-72-suclu-yakalanarak-turkiyeye-getirildi-1i-kktcde-yakalandi\/\" \/>\n<meta property=\"og:site_name\" content=\"Kuzeyin Sesi\" \/>\n<meta property=\"article:publisher\" content=\"https:\/\/www.facebook.com\/kuzeyinsesii\" \/>\n<meta property=\"article:published_time\" content=\"2026-03-15T14:15:23+00:00\" \/>\n<meta name=\"author\" content=\"Kuzeyin Sesi\" \/>\n<meta name=\"twitter:card\" content=\"summary_large_image\" \/>\n<meta name=\"twitter:creator\" content=\"@kuzeyinsesii\" \/>\n<meta name=\"twitter:site\" content=\"@kuzeyinsesii\" \/>\n<meta name=\"twitter:label1\" content=\"Yazan:\" \/>\n\t<meta name=\"twitter:data1\" content=\"Kuzeyin Sesi\" \/>\n\t<meta name=\"twitter:label2\" content=\"Tahmini okuma s\u00fcresi\" \/>\n\t<meta name=\"twitter:data2\" content=\"2 dakika\" \/>\n<script type=\"application\/ld+json\" class=\"yoast-schema-graph\">{\"@context\":\"https:\\\/\\\/schema.org\",\"@graph\":[{\"@type\":\"Article\",\"@id\":\"https:\\\/\\\/kuzeyinsesi.org\\\/index.php\\\/2026\\\/03\\\/15\\\/firari-olan-72-suclu-yakalanarak-turkiyeye-getirildi-1i-kktcde-yakalandi\\\/#article\",\"isPartOf\":{\"@id\":\"https:\\\/\\\/kuzeyinsesi.org\\\/index.php\\\/2026\\\/03\\\/15\\\/firari-olan-72-suclu-yakalanarak-turkiyeye-getirildi-1i-kktcde-yakalandi\\\/\"},\"author\":{\"name\":\"Kuzeyin Sesi\",\"@id\":\"https:\\\/\\\/kuzeyinsesi.org\\\/#\\\/schema\\\/person\\\/9f859689cdf01485597712386e37f5aa\"},\"headline\":\"Firari olan 72 su\u00e7lu yakalanarak T\u00fcrkiye\u2019ye getirildi: 1\u2019i KKTC\u2019de yakaland\u0131\",\"datePublished\":\"2026-03-15T14:15:23+00:00\",\"mainEntityOfPage\":{\"@id\":\"https:\\\/\\\/kuzeyinsesi.org\\\/index.php\\\/2026\\\/03\\\/15\\\/firari-olan-72-suclu-yakalanarak-turkiyeye-getirildi-1i-kktcde-yakalandi\\\/\"},\"wordCount\":314,\"commentCount\":0,\"image\":{\"@id\":\"https:\\\/\\\/kuzeyinsesi.org\\\/index.php\\\/2026\\\/03\\\/15\\\/firari-olan-72-suclu-yakalanarak-turkiyeye-getirildi-1i-kktcde-yakalandi\\\/#primaryimage\"},\"thumbnailUrl\":\"https:\\\/\\\/kuzeyinsesi.org\\\/wp-content\\\/uploads\\\/2026\\\/03\\\/1773581566959yakalanan-suclular-2446493.jpg\",\"articleSection\":[\"K\u0131br\u0131s\"],\"inLanguage\":\"tr\",\"potentialAction\":[{\"@type\":\"CommentAction\",\"name\":\"Comment\",\"target\":[\"https:\\\/\\\/kuzeyinsesi.org\\\/index.php\\\/2026\\\/03\\\/15\\\/firari-olan-72-suclu-yakalanarak-turkiyeye-getirildi-1i-kktcde-yakalandi\\\/#respond\"]}]},{\"@type\":\"WebPage\",\"@id\":\"https:\\\/\\\/kuzeyinsesi.org\\\/index.php\\\/2026\\\/03\\\/15\\\/firari-olan-72-suclu-yakalanarak-turkiyeye-getirildi-1i-kktcde-yakalandi\\\/\",\"url\":\"https:\\\/\\\/kuzeyinsesi.org\\\/index.php\\\/2026\\\/03\\\/15\\\/firari-olan-72-suclu-yakalanarak-turkiyeye-getirildi-1i-kktcde-yakalandi\\\/\",\"name\":\"Firari olan 72 su\u00e7lu yakalanarak T\u00fcrkiye\u2019ye getirildi: 1\u2019i KKTC\u2019de yakaland\u0131 - Kuzeyin Sesi\",\"isPartOf\":{\"@id\":\"https:\\\/\\\/kuzeyinsesi.org\\\/#website\"},\"primaryImageOfPage\":{\"@id\":\"https:\\\/\\\/kuzeyinsesi.org\\\/index.php\\\/2026\\\/03\\\/15\\\/firari-olan-72-suclu-yakalanarak-turkiyeye-getirildi-1i-kktcde-yakalandi\\\/#primaryimage\"},\"image\":{\"@id\":\"https:\\\/\\\/kuzeyinsesi.org\\\/index.php\\\/2026\\\/03\\\/15\\\/firari-olan-72-suclu-yakalanarak-turkiyeye-getirildi-1i-kktcde-yakalandi\\\/#primaryimage\"},\"thumbnailUrl\":\"https:\\\/\\\/kuzeyinsesi.org\\\/wp-content\\\/uploads\\\/2026\\\/03\\\/1773581566959yakalanan-suclular-2446493.jpg\",\"datePublished\":\"2026-03-15T14:15:23+00:00\",\"author\":{\"@id\":\"https:\\\/\\\/kuzeyinsesi.org\\\/#\\\/schema\\\/person\\\/9f859689cdf01485597712386e37f5aa\"},\"breadcrumb\":{\"@id\":\"https:\\\/\\\/kuzeyinsesi.org\\\/index.php\\\/2026\\\/03\\\/15\\\/firari-olan-72-suclu-yakalanarak-turkiyeye-getirildi-1i-kktcde-yakalandi\\\/#breadcrumb\"},\"inLanguage\":\"tr\",\"potentialAction\":[{\"@type\":\"ReadAction\",\"target\":[\"https:\\\/\\\/kuzeyinsesi.org\\\/index.php\\\/2026\\\/03\\\/15\\\/firari-olan-72-suclu-yakalanarak-turkiyeye-getirildi-1i-kktcde-yakalandi\\\/\"]}]},{\"@type\":\"ImageObject\",\"inLanguage\":\"tr\",\"@id\":\"https:\\\/\\\/kuzeyinsesi.org\\\/index.php\\\/2026\\\/03\\\/15\\\/firari-olan-72-suclu-yakalanarak-turkiyeye-getirildi-1i-kktcde-yakalandi\\\/#primaryimage\",\"url\":\"https:\\\/\\\/kuzeyinsesi.org\\\/wp-content\\\/uploads\\\/2026\\\/03\\\/1773581566959yakalanan-suclular-2446493.jpg\",\"contentUrl\":\"https:\\\/\\\/kuzeyinsesi.org\\\/wp-content\\\/uploads\\\/2026\\\/03\\\/1773581566959yakalanan-suclular-2446493.jpg\",\"width\":1280,\"height\":720},{\"@type\":\"BreadcrumbList\",\"@id\":\"https:\\\/\\\/kuzeyinsesi.org\\\/index.php\\\/2026\\\/03\\\/15\\\/firari-olan-72-suclu-yakalanarak-turkiyeye-getirildi-1i-kktcde-yakalandi\\\/#breadcrumb\",\"itemListElement\":[{\"@type\":\"ListItem\",\"position\":1,\"name\":\"Anasayfa\",\"item\":\"https:\\\/\\\/kuzeyinsesi.org\\\/\"},{\"@type\":\"ListItem\",\"position\":2,\"name\":\"Firari olan 72 su\u00e7lu yakalanarak T\u00fcrkiye\u2019ye getirildi: 1\u2019i KKTC\u2019de yakaland\u0131\"}]},{\"@type\":\"WebSite\",\"@id\":\"https:\\\/\\\/kuzeyinsesi.org\\\/#website\",\"url\":\"https:\\\/\\\/kuzeyinsesi.org\\\/\",\"name\":\"Kuzeyin Sesi\",\"description\":\"Do\u011fru Haberin Adresi\",\"potentialAction\":[{\"@type\":\"SearchAction\",\"target\":{\"@type\":\"EntryPoint\",\"urlTemplate\":\"https:\\\/\\\/kuzeyinsesi.org\\\/?s={search_term_string}\"},\"query-input\":{\"@type\":\"PropertyValueSpecification\",\"valueRequired\":true,\"valueName\":\"search_term_string\"}}],\"inLanguage\":\"tr\"},{\"@type\":\"Person\",\"@id\":\"https:\\\/\\\/kuzeyinsesi.org\\\/#\\\/schema\\\/person\\\/9f859689cdf01485597712386e37f5aa\",\"name\":\"Kuzeyin Sesi\",\"image\":{\"@type\":\"ImageObject\",\"inLanguage\":\"tr\",\"@id\":\"https:\\\/\\\/secure.gravatar.com\\\/avatar\\\/bab33852abfd8b282518d6ed81826833d77c3c882d9ab608add591ccace47a44?s=96&d=mm&r=g\",\"url\":\"https:\\\/\\\/secure.gravatar.com\\\/avatar\\\/bab33852abfd8b282518d6ed81826833d77c3c882d9ab608add591ccace47a44?s=96&d=mm&r=g\",\"contentUrl\":\"https:\\\/\\\/secure.gravatar.com\\\/avatar\\\/bab33852abfd8b282518d6ed81826833d77c3c882d9ab608add591ccace47a44?s=96&d=mm&r=g\",\"caption\":\"Kuzeyin Sesi\"},\"sameAs\":[\"https:\\\/\\\/kuzeyinsesi.org\"],\"url\":\"https:\\\/\\\/kuzeyinsesi.org\\\/index.php\\\/author\\\/guven\\\/\"}]}<\/script>\n<!-- \/ Yoast SEO plugin. -->","yoast_head_json":{"title":"Firari olan 72 su\u00e7lu yakalanarak T\u00fcrkiye\u2019ye getirildi: 1\u2019i KKTC\u2019de yakaland\u0131 - Kuzeyin Sesi","robots":{"index":"index","follow":"follow","max-snippet":"max-snippet:-1","max-image-preview":"max-image-preview:large","max-video-preview":"max-video-preview:-1"},"canonical":"https:\/\/kuzeyinsesi.org\/index.php\/2026\/03\/15\/firari-olan-72-suclu-yakalanarak-turkiyeye-getirildi-1i-kktcde-yakalandi\/","og_locale":"tr_TR","og_type":"article","og_title":"Firari olan 72 su\u00e7lu yakalanarak T\u00fcrkiye\u2019ye getirildi: 1\u2019i KKTC\u2019de yakaland\u0131 - Kuzeyin Sesi","og_description":"Bakanl\u0131\u011f\u0131n NSosyal hesab\u0131ndan, Emniyet Genel M\u00fcd\u00fcrl\u00fc\u011f\u00fc Interpol-Europol Daire Ba\u015fkanl\u0131\u011f\u0131, Adalet Bakanl\u0131\u011f\u0131 g\u00f6revlileri, KOM, \u0130stihbarat ve Narkotik Su\u00e7larla M\u00fccadele Ba\u015fkanl\u0131klar\u0131, Siber, Asayi\u015f ve TEM Daire Ba\u015fkanl\u0131klar\u0131nca, yurt d\u0131\u015f\u0131na ka\u00e7an ve haklar\u0131nda arama karar\u0131 bulunan ki\u015filere y\u00f6nelik y\u00fcr\u00fct\u00fclen \u00e7al\u0131\u015fmalar hakk\u0131nda a\u00e7\u0131klama yap\u0131ld\u0131. \u0130lgili \u00fclkelerin kolluk birimleriyle ortak i\u015fbirli\u011fiyle y\u00fcr\u00fct\u00fclen \u00e7al\u0131\u015fmalar sonucu k\u0131rm\u0131z\u0131 b\u00fcltenle aranan 32, ulusal seviyede [&hellip;]","og_url":"https:\/\/kuzeyinsesi.org\/index.php\/2026\/03\/15\/firari-olan-72-suclu-yakalanarak-turkiyeye-getirildi-1i-kktcde-yakalandi\/","og_site_name":"Kuzeyin Sesi","article_publisher":"https:\/\/www.facebook.com\/kuzeyinsesii","article_published_time":"2026-03-15T14:15:23+00:00","author":"Kuzeyin Sesi","twitter_card":"summary_large_image","twitter_creator":"@kuzeyinsesii","twitter_site":"@kuzeyinsesii","twitter_misc":{"Yazan:":"Kuzeyin Sesi","Tahmini okuma s\u00fcresi":"2 dakika"},"schema":{"@context":"https:\/\/schema.org","@graph":[{"@type":"Article","@id":"https:\/\/kuzeyinsesi.org\/index.php\/2026\/03\/15\/firari-olan-72-suclu-yakalanarak-turkiyeye-getirildi-1i-kktcde-yakalandi\/#article","isPartOf":{"@id":"https:\/\/kuzeyinsesi.org\/index.php\/2026\/03\/15\/firari-olan-72-suclu-yakalanarak-turkiyeye-getirildi-1i-kktcde-yakalandi\/"},"author":{"name":"Kuzeyin Sesi","@id":"https:\/\/kuzeyinsesi.org\/#\/schema\/person\/9f859689cdf01485597712386e37f5aa"},"headline":"Firari olan 72 su\u00e7lu yakalanarak T\u00fcrkiye\u2019ye getirildi: 1\u2019i KKTC\u2019de yakaland\u0131","datePublished":"2026-03-15T14:15:23+00:00","mainEntityOfPage":{"@id":"https:\/\/kuzeyinsesi.org\/index.php\/2026\/03\/15\/firari-olan-72-suclu-yakalanarak-turkiyeye-getirildi-1i-kktcde-yakalandi\/"},"wordCount":314,"commentCount":0,"image":{"@id":"https:\/\/kuzeyinsesi.org\/index.php\/2026\/03\/15\/firari-olan-72-suclu-yakalanarak-turkiyeye-getirildi-1i-kktcde-yakalandi\/#primaryimage"},"thumbnailUrl":"https:\/\/kuzeyinsesi.org\/wp-content\/uploads\/2026\/03\/1773581566959yakalanan-suclular-2446493.jpg","articleSection":["K\u0131br\u0131s"],"inLanguage":"tr","potentialAction":[{"@type":"CommentAction","name":"Comment","target":["https:\/\/kuzeyinsesi.org\/index.php\/2026\/03\/15\/firari-olan-72-suclu-yakalanarak-turkiyeye-getirildi-1i-kktcde-yakalandi\/#respond"]}]},{"@type":"WebPage","@id":"https:\/\/kuzeyinsesi.org\/index.php\/2026\/03\/15\/firari-olan-72-suclu-yakalanarak-turkiyeye-getirildi-1i-kktcde-yakalandi\/","url":"https:\/\/kuzeyinsesi.org\/index.php\/2026\/03\/15\/firari-olan-72-suclu-yakalanarak-turkiyeye-getirildi-1i-kktcde-yakalandi\/","name":"Firari olan 72 su\u00e7lu yakalanarak T\u00fcrkiye\u2019ye getirildi: 1\u2019i KKTC\u2019de yakaland\u0131 - Kuzeyin Sesi","isPartOf":{"@id":"https:\/\/kuzeyinsesi.org\/#website"},"primaryImageOfPage":{"@id":"https:\/\/kuzeyinsesi.org\/index.php\/2026\/03\/15\/firari-olan-72-suclu-yakalanarak-turkiyeye-getirildi-1i-kktcde-yakalandi\/#primaryimage"},"image":{"@id":"https:\/\/kuzeyinsesi.org\/index.php\/2026\/03\/15\/firari-olan-72-suclu-yakalanarak-turkiyeye-getirildi-1i-kktcde-yakalandi\/#primaryimage"},"thumbnailUrl":"https:\/\/kuzeyinsesi.org\/wp-content\/uploads\/2026\/03\/1773581566959yakalanan-suclular-2446493.jpg","datePublished":"2026-03-15T14:15:23+00:00","author":{"@id":"https:\/\/kuzeyinsesi.org\/#\/schema\/person\/9f859689cdf01485597712386e37f5aa"},"breadcrumb":{"@id":"https:\/\/kuzeyinsesi.org\/index.php\/2026\/03\/15\/firari-olan-72-suclu-yakalanarak-turkiyeye-getirildi-1i-kktcde-yakalandi\/#breadcrumb"},"inLanguage":"tr","potentialAction":[{"@type":"ReadAction","target":["https:\/\/kuzeyinsesi.org\/index.php\/2026\/03\/15\/firari-olan-72-suclu-yakalanarak-turkiyeye-getirildi-1i-kktcde-yakalandi\/"]}]},{"@type":"ImageObject","inLanguage":"tr","@id":"https:\/\/kuzeyinsesi.org\/index.php\/2026\/03\/15\/firari-olan-72-suclu-yakalanarak-turkiyeye-getirildi-1i-kktcde-yakalandi\/#primaryimage","url":"https:\/\/kuzeyinsesi.org\/wp-content\/uploads\/2026\/03\/1773581566959yakalanan-suclular-2446493.jpg","contentUrl":"https:\/\/kuzeyinsesi.org\/wp-content\/uploads\/2026\/03\/1773581566959yakalanan-suclular-2446493.jpg","width":1280,"height":720},{"@type":"BreadcrumbList","@id":"https:\/\/kuzeyinsesi.org\/index.php\/2026\/03\/15\/firari-olan-72-suclu-yakalanarak-turkiyeye-getirildi-1i-kktcde-yakalandi\/#breadcrumb","itemListElement":[{"@type":"ListItem","position":1,"name":"Anasayfa","item":"https:\/\/kuzeyinsesi.org\/"},{"@type":"ListItem","position":2,"name":"Firari olan 72 su\u00e7lu yakalanarak T\u00fcrkiye\u2019ye getirildi: 1\u2019i KKTC\u2019de yakaland\u0131"}]},{"@type":"WebSite","@id":"https:\/\/kuzeyinsesi.org\/#website","url":"https:\/\/kuzeyinsesi.org\/","name":"Kuzeyin Sesi","description":"Do\u011fru Haberin Adresi","potentialAction":[{"@type":"SearchAction","target":{"@type":"EntryPoint","urlTemplate":"https:\/\/kuzeyinsesi.org\/?s={search_term_string}"},"query-input":{"@type":"PropertyValueSpecification","valueRequired":true,"valueName":"search_term_string"}}],"inLanguage":"tr"},{"@type":"Person","@id":"https:\/\/kuzeyinsesi.org\/#\/schema\/person\/9f859689cdf01485597712386e37f5aa","name":"Kuzeyin Sesi","image":{"@type":"ImageObject","inLanguage":"tr","@id":"https:\/\/secure.gravatar.com\/avatar\/bab33852abfd8b282518d6ed81826833d77c3c882d9ab608add591ccace47a44?s=96&d=mm&r=g","url":"https:\/\/secure.gravatar.com\/avatar\/bab33852abfd8b282518d6ed81826833d77c3c882d9ab608add591ccace47a44?s=96&d=mm&r=g","contentUrl":"https:\/\/secure.gravatar.com\/avatar\/bab33852abfd8b282518d6ed81826833d77c3c882d9ab608add591ccace47a44?s=96&d=mm&r=g","caption":"Kuzeyin Sesi"},"sameAs":["https:\/\/kuzeyinsesi.org"],"url":"https:\/\/kuzeyinsesi.org\/index.php\/author\/guven\/"}]}},"_links":{"self":[{"href":"https:\/\/kuzeyinsesi.org\/index.php\/wp-json\/wp\/v2\/posts\/36566","targetHints":{"allow":["GET"]}}],"collection":[{"href":"https:\/\/kuzeyinsesi.org\/index.php\/wp-json\/wp\/v2\/posts"}],"about":[{"href":"https:\/\/kuzeyinsesi.org\/index.php\/wp-json\/wp\/v2\/types\/post"}],"author":[{"embeddable":true,"href":"https:\/\/kuzeyinsesi.org\/index.php\/wp-json\/wp\/v2\/users\/1"}],"replies":[{"embeddable":true,"href":"https:\/\/kuzeyinsesi.org\/index.php\/wp-json\/wp\/v2\/comments?post=36566"}],"version-history":[{"count":0,"href":"https:\/\/kuzeyinsesi.org\/index.php\/wp-json\/wp\/v2\/posts\/36566\/revisions"}],"wp:featuredmedia":[{"embeddable":true,"href":"https:\/\/kuzeyinsesi.org\/index.php\/wp-json\/wp\/v2\/media\/36567"}],"wp:attachment":[{"href":"https:\/\/kuzeyinsesi.org\/index.php\/wp-json\/wp\/v2\/media?parent=36566"}],"wp:term":[{"taxonomy":"category","embeddable":true,"href":"https:\/\/kuzeyinsesi.org\/index.php\/wp-json\/wp\/v2\/categories?post=36566"},{"taxonomy":"post_tag","embeddable":true,"href":"https:\/\/kuzeyinsesi.org\/index.php\/wp-json\/wp\/v2\/tags?post=36566"}],"curies":[{"name":"wp","href":"https:\/\/api.w.org\/{rel}","templated":true}]}}