{"id":3645,"date":"2024-05-29T14:14:09","date_gmt":"2024-05-29T11:14:09","guid":{"rendered":"https:\/\/kuzeyinsesi.com\/index.php\/2024\/05\/29\/ltbnin-duzenledigi-20-kibris-tiyatro-festivali-tum-hizi-ile-devam-ediyor\/"},"modified":"2024-05-29T14:14:09","modified_gmt":"2024-05-29T11:14:09","slug":"ltbnin-duzenledigi-20-kibris-tiyatro-festivali-tum-hizi-ile-devam-ediyor","status":"publish","type":"post","link":"https:\/\/kuzeyinsesi.org\/index.php\/2024\/05\/29\/ltbnin-duzenledigi-20-kibris-tiyatro-festivali-tum-hizi-ile-devam-ediyor\/","title":{"rendered":"LTB\u2019nin d\u00fczenledi\u011fi 20. K\u0131br\u0131s Tiyatro  Festivali t\u00fcm h\u0131z\u0131 ile devam ediyor"},"content":{"rendered":"<div>\n<div class=\"mariselle-image-container center\">\n                                            <\/div>\n<p>Lefko\u015fa T\u00fcrk Belediyesi\u2019nin  (LTB)  bu y\u0131l 20.\u2019sini d\u00fczenledi\u011fi K\u0131br\u0131s Tiyatro Festivali\u2019nde \u0130stanbul \u015eehir Tiyatrolar\u0131 taraf\u0131ndan sahnelenen Cad\u0131 Kazan\u0131 oyunu ile be\u015finci temsili tamamlad\u0131. <\/p>\n<p>Tiyatro yazarl\u0131\u011f\u0131n\u0131n en \u00f6nemli isimlerinden Arthur Miller\u2019\u0131n, 1952\u2019de ger\u00e7ek olaylardan yola \u00e7\u0131karak yazd\u0131\u011f\u0131 bu \u00f6l\u00fcms\u00fcz eser, \u0130stanbul \u015eehir Tiyatrosu taraf\u0131ndan K\u0131br\u0131s Tiyatro Festivali\u2019nde sahnelendi.<\/p>\n<p>Yi\u011fit Sertdemir\u2019in y\u00f6netti\u011fi 2 perdelik oyunda Berfu Aydo\u011fan, Berna Ad\u0131g\u00fczel, Burak Davuto\u011flu, Canan K\u00fcbra Birinci, Ceren Ka\u00e7ar, Emre \u00c7a\u011fr\u0131 Akbaba, Eraslan Sa\u011flam, Ersin Sanver, Ezgim K\u0131l\u0131n\u00e7, Fatma \u0130nan, \u0130brahim Can, Mehmet Bulduk, Nilay Yaz\u0131c\u0131o\u011flu, Onur Demircan, Ozan G\u00f6zel, Rozet Hube\u015f, Sel\u00e7uk Y\u00fcksel, Selen Nur Sar\u0131yar ve Zeki Y\u0131ld\u0131r\u0131m yer ald\u0131.<\/p>\n<p>Oyun sonunda Lefko\u015fa Belediye Tiyatrosu Sanat Y\u00f6netmeni Cem Aykut taraf\u0131ndan \u0130stanbul \u015eehir Tiyatrolar\u0131 Genel Sanat Y\u00f6netmeni Ay\u015feg\u00fcl \u0130\u015fsever\u2019e plaket ve \u00e7i\u00e7ek takdiminde bulunuldu.<\/p>\n<p><strong>Festivalde yine \u0130stanbul \u015eehir Tiyatrolar\u0131\u2019n\u0131n oyunu var<\/strong><\/p>\n<p> \u201c\u00c7\u0131k\u0131n I\u015f\u0131\u011fa Bulu\u015fabilenler, Sevindirebilenler, De\u011fi\u015febilenler\u201d slogan\u0131yla perdelerini a\u00e7an 20. K\u0131br\u0131s Tiyatro Festivali\u2019nde s\u0131rada yine \u0130stanbul \u015eehir Tiyatrolar\u0131 taraf\u0131ndan sahnelenecek olan U\u00e7urtman\u0131n Kuyru\u011fu oyunu olacak. 30 May\u0131s Per\u015fembe ak\u015fam\u0131 YD\u00dc AKKM\u2019de yer alacak oyun 20.30\u2019da ba\u015flayacak.<\/p>\n<p>Festival biletleri, Lefko\u015fa Belediye Tiyatrosu gi\u015fesi ve biletinial.com\u2019dan al\u0131nabiliyor.<\/p>\n<\/p><\/div>\n<p><script async\n                    defer\n                    crossorigin=\"anonymous\"\n                    src=\"https:\/\/connect.facebook.net\/tr_TR\/sdk.js#xfbml=1&#038;version=v3.3\"\n            ><\/script><\/p>\n","protected":false},"excerpt":{"rendered":"<p>Lefko\u015fa T\u00fcrk Belediyesi\u2019nin (LTB) bu y\u0131l 20.\u2019sini d\u00fczenledi\u011fi K\u0131br\u0131s Tiyatro Festivali\u2019nde \u0130stanbul \u015eehir Tiyatrolar\u0131 taraf\u0131ndan sahnelenen Cad\u0131 Kazan\u0131 oyunu ile be\u015finci temsili tamamlad\u0131. Tiyatro yazarl\u0131\u011f\u0131n\u0131n en \u00f6nemli isimlerinden Arthur Miller\u2019\u0131n, 1952\u2019de ger\u00e7ek olaylardan yola \u00e7\u0131karak yazd\u0131\u011f\u0131 bu \u00f6l\u00fcms\u00fcz eser, \u0130stanbul \u015eehir Tiyatrosu taraf\u0131ndan K\u0131br\u0131s Tiyatro Festivali\u2019nde sahnelendi. Yi\u011fit Sertdemir\u2019in y\u00f6netti\u011fi 2 perdelik oyunda Berfu Aydo\u011fan, [&hellip;]<\/p>\n","protected":false},"author":1,"featured_media":3646,"comment_status":"open","ping_status":"open","sticky":false,"template":"","format":"standard","meta":{"jnews-multi-image_gallery":[],"jnews_single_post":[],"jnews_primary_category":[],"jnews_social_meta":[],"jnews_override_counter":[],"footnotes":""},"categories":[6],"tags":[],"class_list":["post-3645","post","type-post","status-publish","format-standard","has-post-thumbnail","hentry","category-yasam"],"yoast_head":"<!-- This site is optimized with the Yoast SEO plugin v27.5 - https:\/\/yoast.com\/product\/yoast-seo-wordpress\/ -->\n<title>LTB\u2019nin d\u00fczenledi\u011fi 20. K\u0131br\u0131s Tiyatro Festivali t\u00fcm h\u0131z\u0131 ile devam ediyor - Kuzeyin Sesi<\/title>\n<meta name=\"robots\" content=\"index, follow, max-snippet:-1, max-image-preview:large, max-video-preview:-1\" \/>\n<link rel=\"canonical\" href=\"https:\/\/kuzeyinsesi.org\/index.php\/2024\/05\/29\/ltbnin-duzenledigi-20-kibris-tiyatro-festivali-tum-hizi-ile-devam-ediyor\/\" \/>\n<meta property=\"og:locale\" content=\"tr_TR\" \/>\n<meta property=\"og:type\" content=\"article\" \/>\n<meta property=\"og:title\" content=\"LTB\u2019nin d\u00fczenledi\u011fi 20. K\u0131br\u0131s Tiyatro Festivali t\u00fcm h\u0131z\u0131 ile devam ediyor - Kuzeyin Sesi\" \/>\n<meta property=\"og:description\" content=\"Lefko\u015fa T\u00fcrk Belediyesi\u2019nin (LTB) bu y\u0131l 20.\u2019sini d\u00fczenledi\u011fi K\u0131br\u0131s Tiyatro Festivali\u2019nde \u0130stanbul \u015eehir Tiyatrolar\u0131 taraf\u0131ndan sahnelenen Cad\u0131 Kazan\u0131 oyunu ile be\u015finci temsili tamamlad\u0131. Tiyatro yazarl\u0131\u011f\u0131n\u0131n en \u00f6nemli isimlerinden Arthur Miller\u2019\u0131n, 1952\u2019de ger\u00e7ek olaylardan yola \u00e7\u0131karak yazd\u0131\u011f\u0131 bu \u00f6l\u00fcms\u00fcz eser, \u0130stanbul \u015eehir Tiyatrosu taraf\u0131ndan K\u0131br\u0131s Tiyatro Festivali\u2019nde sahnelendi. Yi\u011fit Sertdemir\u2019in y\u00f6netti\u011fi 2 perdelik oyunda Berfu Aydo\u011fan, [&hellip;]\" \/>\n<meta property=\"og:url\" content=\"https:\/\/kuzeyinsesi.org\/index.php\/2024\/05\/29\/ltbnin-duzenledigi-20-kibris-tiyatro-festivali-tum-hizi-ile-devam-ediyor\/\" \/>\n<meta property=\"og:site_name\" content=\"Kuzeyin Sesi\" \/>\n<meta property=\"article:publisher\" content=\"https:\/\/www.facebook.com\/kuzeyinsesii\" \/>\n<meta property=\"article:published_time\" content=\"2024-05-29T11:14:09+00:00\" \/>\n<meta property=\"og:image\" content=\"https:\/\/kuzeyinsesi.org\/wp-content\/uploads\/2024\/05\/apodpaos.jpg\" \/>\n\t<meta property=\"og:image:width\" content=\"1920\" \/>\n\t<meta property=\"og:image:height\" content=\"1000\" \/>\n\t<meta property=\"og:image:type\" content=\"image\/jpeg\" \/>\n<meta name=\"author\" content=\"Kuzeyin Sesi\" \/>\n<meta name=\"twitter:card\" content=\"summary_large_image\" \/>\n<meta name=\"twitter:creator\" content=\"@kuzeyinsesii\" \/>\n<meta name=\"twitter:site\" content=\"@kuzeyinsesii\" \/>\n<meta name=\"twitter:label1\" content=\"Yazan:\" \/>\n\t<meta name=\"twitter:data1\" content=\"Kuzeyin Sesi\" \/>\n\t<meta name=\"twitter:label2\" content=\"Tahmini okuma s\u00fcresi\" \/>\n\t<meta name=\"twitter:data2\" content=\"1 dakika\" \/>\n<script type=\"application\/ld+json\" class=\"yoast-schema-graph\">{\"@context\":\"https:\\\/\\\/schema.org\",\"@graph\":[{\"@type\":\"Article\",\"@id\":\"https:\\\/\\\/kuzeyinsesi.org\\\/index.php\\\/2024\\\/05\\\/29\\\/ltbnin-duzenledigi-20-kibris-tiyatro-festivali-tum-hizi-ile-devam-ediyor\\\/#article\",\"isPartOf\":{\"@id\":\"https:\\\/\\\/kuzeyinsesi.org\\\/index.php\\\/2024\\\/05\\\/29\\\/ltbnin-duzenledigi-20-kibris-tiyatro-festivali-tum-hizi-ile-devam-ediyor\\\/\"},\"author\":{\"name\":\"Kuzeyin Sesi\",\"@id\":\"https:\\\/\\\/kuzeyinsesi.org\\\/#\\\/schema\\\/person\\\/9f859689cdf01485597712386e37f5aa\"},\"headline\":\"LTB\u2019nin d\u00fczenledi\u011fi 20. K\u0131br\u0131s Tiyatro Festivali t\u00fcm h\u0131z\u0131 ile devam ediyor\",\"datePublished\":\"2024-05-29T11:14:09+00:00\",\"mainEntityOfPage\":{\"@id\":\"https:\\\/\\\/kuzeyinsesi.org\\\/index.php\\\/2024\\\/05\\\/29\\\/ltbnin-duzenledigi-20-kibris-tiyatro-festivali-tum-hizi-ile-devam-ediyor\\\/\"},\"wordCount\":265,\"commentCount\":0,\"image\":{\"@id\":\"https:\\\/\\\/kuzeyinsesi.org\\\/index.php\\\/2024\\\/05\\\/29\\\/ltbnin-duzenledigi-20-kibris-tiyatro-festivali-tum-hizi-ile-devam-ediyor\\\/#primaryimage\"},\"thumbnailUrl\":\"https:\\\/\\\/kuzeyinsesi.org\\\/wp-content\\\/uploads\\\/2024\\\/05\\\/apodpaos.jpg\",\"articleSection\":[\"Ya\u015fam\"],\"inLanguage\":\"tr\",\"potentialAction\":[{\"@type\":\"CommentAction\",\"name\":\"Comment\",\"target\":[\"https:\\\/\\\/kuzeyinsesi.org\\\/index.php\\\/2024\\\/05\\\/29\\\/ltbnin-duzenledigi-20-kibris-tiyatro-festivali-tum-hizi-ile-devam-ediyor\\\/#respond\"]}]},{\"@type\":\"WebPage\",\"@id\":\"https:\\\/\\\/kuzeyinsesi.org\\\/index.php\\\/2024\\\/05\\\/29\\\/ltbnin-duzenledigi-20-kibris-tiyatro-festivali-tum-hizi-ile-devam-ediyor\\\/\",\"url\":\"https:\\\/\\\/kuzeyinsesi.org\\\/index.php\\\/2024\\\/05\\\/29\\\/ltbnin-duzenledigi-20-kibris-tiyatro-festivali-tum-hizi-ile-devam-ediyor\\\/\",\"name\":\"LTB\u2019nin d\u00fczenledi\u011fi 20. K\u0131br\u0131s Tiyatro Festivali t\u00fcm h\u0131z\u0131 ile devam ediyor - Kuzeyin Sesi\",\"isPartOf\":{\"@id\":\"https:\\\/\\\/kuzeyinsesi.org\\\/#website\"},\"primaryImageOfPage\":{\"@id\":\"https:\\\/\\\/kuzeyinsesi.org\\\/index.php\\\/2024\\\/05\\\/29\\\/ltbnin-duzenledigi-20-kibris-tiyatro-festivali-tum-hizi-ile-devam-ediyor\\\/#primaryimage\"},\"image\":{\"@id\":\"https:\\\/\\\/kuzeyinsesi.org\\\/index.php\\\/2024\\\/05\\\/29\\\/ltbnin-duzenledigi-20-kibris-tiyatro-festivali-tum-hizi-ile-devam-ediyor\\\/#primaryimage\"},\"thumbnailUrl\":\"https:\\\/\\\/kuzeyinsesi.org\\\/wp-content\\\/uploads\\\/2024\\\/05\\\/apodpaos.jpg\",\"datePublished\":\"2024-05-29T11:14:09+00:00\",\"author\":{\"@id\":\"https:\\\/\\\/kuzeyinsesi.org\\\/#\\\/schema\\\/person\\\/9f859689cdf01485597712386e37f5aa\"},\"breadcrumb\":{\"@id\":\"https:\\\/\\\/kuzeyinsesi.org\\\/index.php\\\/2024\\\/05\\\/29\\\/ltbnin-duzenledigi-20-kibris-tiyatro-festivali-tum-hizi-ile-devam-ediyor\\\/#breadcrumb\"},\"inLanguage\":\"tr\",\"potentialAction\":[{\"@type\":\"ReadAction\",\"target\":[\"https:\\\/\\\/kuzeyinsesi.org\\\/index.php\\\/2024\\\/05\\\/29\\\/ltbnin-duzenledigi-20-kibris-tiyatro-festivali-tum-hizi-ile-devam-ediyor\\\/\"]}]},{\"@type\":\"ImageObject\",\"inLanguage\":\"tr\",\"@id\":\"https:\\\/\\\/kuzeyinsesi.org\\\/index.php\\\/2024\\\/05\\\/29\\\/ltbnin-duzenledigi-20-kibris-tiyatro-festivali-tum-hizi-ile-devam-ediyor\\\/#primaryimage\",\"url\":\"https:\\\/\\\/kuzeyinsesi.org\\\/wp-content\\\/uploads\\\/2024\\\/05\\\/apodpaos.jpg\",\"contentUrl\":\"https:\\\/\\\/kuzeyinsesi.org\\\/wp-content\\\/uploads\\\/2024\\\/05\\\/apodpaos.jpg\",\"width\":1920,\"height\":1000},{\"@type\":\"BreadcrumbList\",\"@id\":\"https:\\\/\\\/kuzeyinsesi.org\\\/index.php\\\/2024\\\/05\\\/29\\\/ltbnin-duzenledigi-20-kibris-tiyatro-festivali-tum-hizi-ile-devam-ediyor\\\/#breadcrumb\",\"itemListElement\":[{\"@type\":\"ListItem\",\"position\":1,\"name\":\"Anasayfa\",\"item\":\"https:\\\/\\\/kuzeyinsesi.org\\\/\"},{\"@type\":\"ListItem\",\"position\":2,\"name\":\"LTB\u2019nin d\u00fczenledi\u011fi 20. K\u0131br\u0131s Tiyatro Festivali t\u00fcm h\u0131z\u0131 ile devam ediyor\"}]},{\"@type\":\"WebSite\",\"@id\":\"https:\\\/\\\/kuzeyinsesi.org\\\/#website\",\"url\":\"https:\\\/\\\/kuzeyinsesi.org\\\/\",\"name\":\"Kuzeyin Sesi\",\"description\":\"Do\u011fru Haberin Adresi\",\"potentialAction\":[{\"@type\":\"SearchAction\",\"target\":{\"@type\":\"EntryPoint\",\"urlTemplate\":\"https:\\\/\\\/kuzeyinsesi.org\\\/?s={search_term_string}\"},\"query-input\":{\"@type\":\"PropertyValueSpecification\",\"valueRequired\":true,\"valueName\":\"search_term_string\"}}],\"inLanguage\":\"tr\"},{\"@type\":\"Person\",\"@id\":\"https:\\\/\\\/kuzeyinsesi.org\\\/#\\\/schema\\\/person\\\/9f859689cdf01485597712386e37f5aa\",\"name\":\"Kuzeyin Sesi\",\"image\":{\"@type\":\"ImageObject\",\"inLanguage\":\"tr\",\"@id\":\"https:\\\/\\\/secure.gravatar.com\\\/avatar\\\/bab33852abfd8b282518d6ed81826833d77c3c882d9ab608add591ccace47a44?s=96&d=mm&r=g\",\"url\":\"https:\\\/\\\/secure.gravatar.com\\\/avatar\\\/bab33852abfd8b282518d6ed81826833d77c3c882d9ab608add591ccace47a44?s=96&d=mm&r=g\",\"contentUrl\":\"https:\\\/\\\/secure.gravatar.com\\\/avatar\\\/bab33852abfd8b282518d6ed81826833d77c3c882d9ab608add591ccace47a44?s=96&d=mm&r=g\",\"caption\":\"Kuzeyin Sesi\"},\"sameAs\":[\"https:\\\/\\\/kuzeyinsesi.org\"],\"url\":\"https:\\\/\\\/kuzeyinsesi.org\\\/index.php\\\/author\\\/guven\\\/\"}]}<\/script>\n<!-- \/ Yoast SEO plugin. -->","yoast_head_json":{"title":"LTB\u2019nin d\u00fczenledi\u011fi 20. K\u0131br\u0131s Tiyatro Festivali t\u00fcm h\u0131z\u0131 ile devam ediyor - Kuzeyin Sesi","robots":{"index":"index","follow":"follow","max-snippet":"max-snippet:-1","max-image-preview":"max-image-preview:large","max-video-preview":"max-video-preview:-1"},"canonical":"https:\/\/kuzeyinsesi.org\/index.php\/2024\/05\/29\/ltbnin-duzenledigi-20-kibris-tiyatro-festivali-tum-hizi-ile-devam-ediyor\/","og_locale":"tr_TR","og_type":"article","og_title":"LTB\u2019nin d\u00fczenledi\u011fi 20. K\u0131br\u0131s Tiyatro Festivali t\u00fcm h\u0131z\u0131 ile devam ediyor - Kuzeyin Sesi","og_description":"Lefko\u015fa T\u00fcrk Belediyesi\u2019nin (LTB) bu y\u0131l 20.\u2019sini d\u00fczenledi\u011fi K\u0131br\u0131s Tiyatro Festivali\u2019nde \u0130stanbul \u015eehir Tiyatrolar\u0131 taraf\u0131ndan sahnelenen Cad\u0131 Kazan\u0131 oyunu ile be\u015finci temsili tamamlad\u0131. Tiyatro yazarl\u0131\u011f\u0131n\u0131n en \u00f6nemli isimlerinden Arthur Miller\u2019\u0131n, 1952\u2019de ger\u00e7ek olaylardan yola \u00e7\u0131karak yazd\u0131\u011f\u0131 bu \u00f6l\u00fcms\u00fcz eser, \u0130stanbul \u015eehir Tiyatrosu taraf\u0131ndan K\u0131br\u0131s Tiyatro Festivali\u2019nde sahnelendi. Yi\u011fit Sertdemir\u2019in y\u00f6netti\u011fi 2 perdelik oyunda Berfu Aydo\u011fan, [&hellip;]","og_url":"https:\/\/kuzeyinsesi.org\/index.php\/2024\/05\/29\/ltbnin-duzenledigi-20-kibris-tiyatro-festivali-tum-hizi-ile-devam-ediyor\/","og_site_name":"Kuzeyin Sesi","article_publisher":"https:\/\/www.facebook.com\/kuzeyinsesii","article_published_time":"2024-05-29T11:14:09+00:00","og_image":[{"width":1920,"height":1000,"url":"https:\/\/kuzeyinsesi.org\/wp-content\/uploads\/2024\/05\/apodpaos.jpg","type":"image\/jpeg"}],"author":"Kuzeyin Sesi","twitter_card":"summary_large_image","twitter_creator":"@kuzeyinsesii","twitter_site":"@kuzeyinsesii","twitter_misc":{"Yazan:":"Kuzeyin Sesi","Tahmini okuma s\u00fcresi":"1 dakika"},"schema":{"@context":"https:\/\/schema.org","@graph":[{"@type":"Article","@id":"https:\/\/kuzeyinsesi.org\/index.php\/2024\/05\/29\/ltbnin-duzenledigi-20-kibris-tiyatro-festivali-tum-hizi-ile-devam-ediyor\/#article","isPartOf":{"@id":"https:\/\/kuzeyinsesi.org\/index.php\/2024\/05\/29\/ltbnin-duzenledigi-20-kibris-tiyatro-festivali-tum-hizi-ile-devam-ediyor\/"},"author":{"name":"Kuzeyin Sesi","@id":"https:\/\/kuzeyinsesi.org\/#\/schema\/person\/9f859689cdf01485597712386e37f5aa"},"headline":"LTB\u2019nin d\u00fczenledi\u011fi 20. K\u0131br\u0131s Tiyatro Festivali t\u00fcm h\u0131z\u0131 ile devam ediyor","datePublished":"2024-05-29T11:14:09+00:00","mainEntityOfPage":{"@id":"https:\/\/kuzeyinsesi.org\/index.php\/2024\/05\/29\/ltbnin-duzenledigi-20-kibris-tiyatro-festivali-tum-hizi-ile-devam-ediyor\/"},"wordCount":265,"commentCount":0,"image":{"@id":"https:\/\/kuzeyinsesi.org\/index.php\/2024\/05\/29\/ltbnin-duzenledigi-20-kibris-tiyatro-festivali-tum-hizi-ile-devam-ediyor\/#primaryimage"},"thumbnailUrl":"https:\/\/kuzeyinsesi.org\/wp-content\/uploads\/2024\/05\/apodpaos.jpg","articleSection":["Ya\u015fam"],"inLanguage":"tr","potentialAction":[{"@type":"CommentAction","name":"Comment","target":["https:\/\/kuzeyinsesi.org\/index.php\/2024\/05\/29\/ltbnin-duzenledigi-20-kibris-tiyatro-festivali-tum-hizi-ile-devam-ediyor\/#respond"]}]},{"@type":"WebPage","@id":"https:\/\/kuzeyinsesi.org\/index.php\/2024\/05\/29\/ltbnin-duzenledigi-20-kibris-tiyatro-festivali-tum-hizi-ile-devam-ediyor\/","url":"https:\/\/kuzeyinsesi.org\/index.php\/2024\/05\/29\/ltbnin-duzenledigi-20-kibris-tiyatro-festivali-tum-hizi-ile-devam-ediyor\/","name":"LTB\u2019nin d\u00fczenledi\u011fi 20. K\u0131br\u0131s Tiyatro Festivali t\u00fcm h\u0131z\u0131 ile devam ediyor - Kuzeyin Sesi","isPartOf":{"@id":"https:\/\/kuzeyinsesi.org\/#website"},"primaryImageOfPage":{"@id":"https:\/\/kuzeyinsesi.org\/index.php\/2024\/05\/29\/ltbnin-duzenledigi-20-kibris-tiyatro-festivali-tum-hizi-ile-devam-ediyor\/#primaryimage"},"image":{"@id":"https:\/\/kuzeyinsesi.org\/index.php\/2024\/05\/29\/ltbnin-duzenledigi-20-kibris-tiyatro-festivali-tum-hizi-ile-devam-ediyor\/#primaryimage"},"thumbnailUrl":"https:\/\/kuzeyinsesi.org\/wp-content\/uploads\/2024\/05\/apodpaos.jpg","datePublished":"2024-05-29T11:14:09+00:00","author":{"@id":"https:\/\/kuzeyinsesi.org\/#\/schema\/person\/9f859689cdf01485597712386e37f5aa"},"breadcrumb":{"@id":"https:\/\/kuzeyinsesi.org\/index.php\/2024\/05\/29\/ltbnin-duzenledigi-20-kibris-tiyatro-festivali-tum-hizi-ile-devam-ediyor\/#breadcrumb"},"inLanguage":"tr","potentialAction":[{"@type":"ReadAction","target":["https:\/\/kuzeyinsesi.org\/index.php\/2024\/05\/29\/ltbnin-duzenledigi-20-kibris-tiyatro-festivali-tum-hizi-ile-devam-ediyor\/"]}]},{"@type":"ImageObject","inLanguage":"tr","@id":"https:\/\/kuzeyinsesi.org\/index.php\/2024\/05\/29\/ltbnin-duzenledigi-20-kibris-tiyatro-festivali-tum-hizi-ile-devam-ediyor\/#primaryimage","url":"https:\/\/kuzeyinsesi.org\/wp-content\/uploads\/2024\/05\/apodpaos.jpg","contentUrl":"https:\/\/kuzeyinsesi.org\/wp-content\/uploads\/2024\/05\/apodpaos.jpg","width":1920,"height":1000},{"@type":"BreadcrumbList","@id":"https:\/\/kuzeyinsesi.org\/index.php\/2024\/05\/29\/ltbnin-duzenledigi-20-kibris-tiyatro-festivali-tum-hizi-ile-devam-ediyor\/#breadcrumb","itemListElement":[{"@type":"ListItem","position":1,"name":"Anasayfa","item":"https:\/\/kuzeyinsesi.org\/"},{"@type":"ListItem","position":2,"name":"LTB\u2019nin d\u00fczenledi\u011fi 20. K\u0131br\u0131s Tiyatro Festivali t\u00fcm h\u0131z\u0131 ile devam ediyor"}]},{"@type":"WebSite","@id":"https:\/\/kuzeyinsesi.org\/#website","url":"https:\/\/kuzeyinsesi.org\/","name":"Kuzeyin Sesi","description":"Do\u011fru Haberin Adresi","potentialAction":[{"@type":"SearchAction","target":{"@type":"EntryPoint","urlTemplate":"https:\/\/kuzeyinsesi.org\/?s={search_term_string}"},"query-input":{"@type":"PropertyValueSpecification","valueRequired":true,"valueName":"search_term_string"}}],"inLanguage":"tr"},{"@type":"Person","@id":"https:\/\/kuzeyinsesi.org\/#\/schema\/person\/9f859689cdf01485597712386e37f5aa","name":"Kuzeyin Sesi","image":{"@type":"ImageObject","inLanguage":"tr","@id":"https:\/\/secure.gravatar.com\/avatar\/bab33852abfd8b282518d6ed81826833d77c3c882d9ab608add591ccace47a44?s=96&d=mm&r=g","url":"https:\/\/secure.gravatar.com\/avatar\/bab33852abfd8b282518d6ed81826833d77c3c882d9ab608add591ccace47a44?s=96&d=mm&r=g","contentUrl":"https:\/\/secure.gravatar.com\/avatar\/bab33852abfd8b282518d6ed81826833d77c3c882d9ab608add591ccace47a44?s=96&d=mm&r=g","caption":"Kuzeyin Sesi"},"sameAs":["https:\/\/kuzeyinsesi.org"],"url":"https:\/\/kuzeyinsesi.org\/index.php\/author\/guven\/"}]}},"_links":{"self":[{"href":"https:\/\/kuzeyinsesi.org\/index.php\/wp-json\/wp\/v2\/posts\/3645","targetHints":{"allow":["GET"]}}],"collection":[{"href":"https:\/\/kuzeyinsesi.org\/index.php\/wp-json\/wp\/v2\/posts"}],"about":[{"href":"https:\/\/kuzeyinsesi.org\/index.php\/wp-json\/wp\/v2\/types\/post"}],"author":[{"embeddable":true,"href":"https:\/\/kuzeyinsesi.org\/index.php\/wp-json\/wp\/v2\/users\/1"}],"replies":[{"embeddable":true,"href":"https:\/\/kuzeyinsesi.org\/index.php\/wp-json\/wp\/v2\/comments?post=3645"}],"version-history":[{"count":0,"href":"https:\/\/kuzeyinsesi.org\/index.php\/wp-json\/wp\/v2\/posts\/3645\/revisions"}],"wp:featuredmedia":[{"embeddable":true,"href":"https:\/\/kuzeyinsesi.org\/index.php\/wp-json\/wp\/v2\/media\/3646"}],"wp:attachment":[{"href":"https:\/\/kuzeyinsesi.org\/index.php\/wp-json\/wp\/v2\/media?parent=3645"}],"wp:term":[{"taxonomy":"category","embeddable":true,"href":"https:\/\/kuzeyinsesi.org\/index.php\/wp-json\/wp\/v2\/categories?post=3645"},{"taxonomy":"post_tag","embeddable":true,"href":"https:\/\/kuzeyinsesi.org\/index.php\/wp-json\/wp\/v2\/tags?post=3645"}],"curies":[{"name":"wp","href":"https:\/\/api.w.org\/{rel}","templated":true}]}}